{"id":81202,"date":"2024-03-26T08:00:45","date_gmt":"2024-03-26T08:00:45","guid":{"rendered":"https:\/\/jornaldasoficinas.com\/pt\/?p=81202"},"modified":"2024-03-25T18:58:58","modified_gmt":"2024-03-25T18:58:58","slug":"carlos-julio-ensina-ferramentas-estrategicas-de-gestao-de-tempo","status":"publish","type":"post","link":"https:\/\/jornaldasoficinas.com\/pt\/carlos-julio-ensina-ferramentas-estrategicas-de-gestao-de-tempo\/","title":{"rendered":"Carlos J\u00falio ensina ferramentas estrat\u00e9gicas de gest\u00e3o de tempo"},"content":{"rendered":"<p><img loading=\"lazy\" decoding=\"async\" class=\"alignnone size-full wp-image-81470\" src=\"https:\/\/jornaldasoficinas.com\/pt\/wp-content\/uploads\/2024\/03\/Carlos-Julio-ensina-ferramentas-estrategicas-de-gestao-de-tempo.jpg\" alt=\"03 - Carlos Julio ensina ferramentas estrategicas de gestao de tempo\" width=\"1024\" height=\"581\" srcset=\"https:\/\/jornaldasoficinas.com\/pt\/wp-content\/uploads\/2024\/03\/Carlos-Julio-ensina-ferramentas-estrategicas-de-gestao-de-tempo.jpg 1024w, https:\/\/jornaldasoficinas.com\/pt\/wp-content\/uploads\/2024\/03\/Carlos-Julio-ensina-ferramentas-estrategicas-de-gestao-de-tempo-300x170.jpg 300w, https:\/\/jornaldasoficinas.com\/pt\/wp-content\/uploads\/2024\/03\/Carlos-Julio-ensina-ferramentas-estrategicas-de-gestao-de-tempo-150x85.jpg 150w, https:\/\/jornaldasoficinas.com\/pt\/wp-content\/uploads\/2024\/03\/Carlos-Julio-ensina-ferramentas-estrategicas-de-gestao-de-tempo-768x436.jpg 768w\" sizes=\"auto, (max-width: 1024px) 100vw, 1024px\" \/><\/p>\n<p><strong>&#8220;O que \u00e9 que n\u00e3o posso deixar de fazer hoje?&#8221;, esta \u00e9 a quest\u00e3o-chave que Carlos J\u00falio se prop\u00f5e a responder ao longo do seu novo livro de gest\u00e3o &#8220;Quanto tempo o tempo tem?&#8221;. O JO esteve presente no lan\u00e7amento de estreia, <\/strong><strong>no passado dia 18 de mar\u00e7o, e ficamos a saber quanto tempo, tem o tempo, afinal<\/strong><\/p>\n<p>Carlos J\u00falio \u00e9 um dos principais consultores de neg\u00f3cios do Brasil, autor de v\u00e1rios livros, professor, palestrante, executivo, coach de CEO&#8217;s de empresas, colunista de r\u00e1dio, empreendedor e, al\u00e9m disso, ainda consegue reservar tempo para a sua vida pessoal.<\/p>\n<p>No entanto, tal como a maioria das pessoas, o autor tamb\u00e9m j\u00e1 foi v\u00edtima do tempo sem conseguir encontrar o equilibro certo entre a vida pessoal e profissional.<\/p>\n<p>&#8220;Durante muito tempo, fui um homem bem-sucedido. Tinha um percurso profissional que a maioria das pessoas via com admira\u00e7\u00e3o, e que algumas, mesmo com um certo exagero, j\u00e1 se atreveram a descrever como mete\u00f3rico. Hoje, \u00e0 dist\u00e2ncia, por\u00e9m, percebo que na maior parte dele estive longe de conquistar a vit\u00f3ria mais importante da minha vida: tornar-me dono do meu tempo&#8221;, destacou o autor no seu novo livro.<\/p>\n<p>Mas com o tempo as coisas mudaram, foram as circunst\u00e2ncias da vida e as in\u00fameras atividades acumuladas que levaram o autor a desenvolver uma metodologia de <em>time management<\/em> bastante pr\u00e1tica e simples, que se baseia na seguinte quest\u00e3o: &#8220;O que \u00e9 que n\u00e3o posso deixar de fazer hoje?&#8221;, v\u00e1lida tanto para pessoas com diversas profiss\u00f5es como hierarquias \u2013 desde o estagi\u00e1rio ao CEO.<\/p>\n<p>No livro, o leitor vai poder encontrar um conjunto de ferramentas estrat\u00e9gicas para conseguir tratar o tempo por &#8220;tu&#8221;, com gr\u00e1ficos apresentados de forma simples e com conceitos chave descritos no final de cada cap\u00edtulo.<\/p>\n<p>Em entrevista a Carlos J\u00falio, ficamos a saber a sua opini\u00e3o sobre &#8220;quanto tempo tem o tempo, afinal&#8221;: &#8220;O tempo tem quanto tempo enquanto houver disciplina para o gerir. Podes ser engolido por ele, por isso \u00e9 que no livro eu falo de Kair\u00f3s, aquele tempo interno que n\u00f3s temos e que \u00e0s vezes parece que passa tudo muito r\u00e1pido, trata-se de um momento de alegria, descontra\u00e7\u00e3o e descanso. E, outras vezes, ele demora a passar porque \u00e9 aquele tempo de ang\u00fastia, de ansiedade, como por exemplo, quando se est\u00e1 \u00e0 espera de uma not\u00edcia ou quando estamos no lado de fora de um centro cir\u00fargico com uma pessoa querida l\u00e1 dentro, e estamos com aquela afli\u00e7\u00e3o de saber se est\u00e1 tudo a correr bem&#8221;, come\u00e7ou por explicar.<\/p>\n<p>&#8220;O tempo dura de acordo com a tua capacidade de o gerir. E, eu tenho um conceito, se calhar porque estou a avan\u00e7ar na idade, que \u00e9, como n\u00f3s n\u00e3o podemos comprar tempo de vida, a solu\u00e7\u00e3o \u00e9 colocar mais vida no tempo que temos. E, para se conseguir isso, \u00e9 preciso fazer coisas que nos d\u00e3o prazer, trabalhar no nosso prop\u00f3sito. Eu acho que as pessoas de bem, se realizam tamb\u00e9m, quando ajudam o pr\u00f3ximo, acho que isso intensifica a vida. Uma pergunta que costumo de fazer \u00e9, quantos ver\u00f5es ainda tenho? N\u00e3o quero desperdi\u00e7ar nenhum&#8221;, concluiu.<\/p>\n<p>Para saber mais sobre m\u00e9todos de gest\u00e3o de tempo, pode conferir no livro que j\u00e1 se encontra dispon\u00edvel online.<\/p>\n\n<div data-mode=\"normal\" data-oembed=\"1\" data-provider=\"youtube\" id=\"arve-youtube-lrvj5prfnzk\" style=\"max-width:800px;\" class=\"arve\">\n\t<div class=\"arve-inner\">\n\t\t<div class=\"arve-embed arve-embed--has-aspect-ratio\">\n\t\t\t<div class=\"arve-ar\" style=\"padding-top:56.250000%\"><\/div>\n\t\t\t<iframe allow=\"accelerometer &apos;none&apos;;autoplay &apos;none&apos;;bluetooth &apos;none&apos;;browsing-topics &apos;none&apos;;camera &apos;none&apos;;clipboard-read &apos;none&apos;;clipboard-write;display-capture &apos;none&apos;;encrypted-media &apos;none&apos;;gamepad &apos;none&apos;;geolocation &apos;none&apos;;gyroscope &apos;none&apos;;hid &apos;none&apos;;identity-credentials-get &apos;none&apos;;idle-detection &apos;none&apos;;keyboard-map &apos;none&apos;;local-fonts;magnetometer &apos;none&apos;;microphone &apos;none&apos;;midi &apos;none&apos;;otp-credentials &apos;none&apos;;payment &apos;none&apos;;picture-in-picture;publickey-credentials-create &apos;none&apos;;publickey-credentials-get &apos;none&apos;;screen-wake-lock &apos;none&apos;;serial &apos;none&apos;;summarizer &apos;none&apos;;sync-xhr;usb &apos;none&apos;;web-share;window-management &apos;none&apos;;xr-spatial-tracking &apos;none&apos;;\" allowfullscreen=\"\" class=\"arve-iframe fitvidsignore\" credentialless data-arve=\"arve-youtube-lrvj5prfnzk\" data-lenis-prevent=\"\" data-src-no-ap=\"https:\/\/www.youtube-nocookie.com\/embed\/lrVJ5PRFNZk?feature=oembed&amp;iv_load_policy=3&amp;modestbranding=1&amp;rel=0&amp;autohide=1&amp;playsinline=0&amp;autoplay=0\" frameborder=\"0\" height=\"450\" loading=\"lazy\" name=\"\" referrerpolicy=\"strict-origin-when-cross-origin\" sandbox=\"allow-scripts allow-same-origin allow-presentation allow-popups allow-popups-to-escape-sandbox\" scrolling=\"no\" src=\"https:\/\/www.youtube-nocookie.com\/embed\/lrVJ5PRFNZk?feature=oembed&#038;iv_load_policy=3&#038;modestbranding=1&#038;rel=0&#038;autohide=1&#038;playsinline=0&#038;autoplay=0\" title=\"\" width=\"800\"><\/iframe>\n\t\t\t\n\t\t<\/div>\n\t\t\n\t<\/div>\n\t\n\t\n\t<script type=\"application\/ld+json\">{\"@context\":\"http:\\\/\\\/schema.org\\\/\",\"@id\":\"https:\\\/\\\/jornaldasoficinas.com\\\/pt\\\/carlos-julio-ensina-ferramentas-estrategicas-de-gestao-de-tempo\\\/#arve-youtube-lrvj5prfnzk\",\"type\":\"VideoObject\",\"embedURL\":\"https:\\\/\\\/www.youtube-nocookie.com\\\/embed\\\/lrVJ5PRFNZk?feature=oembed&iv_load_policy=3&modestbranding=1&rel=0&autohide=1&playsinline=0&autoplay=0\"}<\/script>\n\t\n<\/div>\n","protected":false},"excerpt":{"rendered":"<p>&#8220;O que \u00e9 que n\u00e3o posso&#8230;<\/p>\n","protected":false},"author":15,"featured_media":81470,"comment_status":"closed","ping_status":"closed","sticky":false,"template":"","format":"standard","meta":{"footnotes":""},"categories":[38],"tags":[8098,8069,8099,7945,7834,8070,8068,8071],"class_list":["post-81202","post","type-post","status-publish","format-standard","has-post-thumbnail","hentry","category-entrevistas","tag-18-de-marco","tag-carlos-julio","tag-ferramentas-estrategicas","tag-gestao","tag-lancamento","tag-metodologia","tag-novo-livro","tag-time-management"],"yoast_head":"<!-- This site is optimized with the Yoast SEO plugin v27.5 - https:\/\/yoast.com\/product\/yoast-seo-wordpress\/ -->\n<title>Carlos J\u00falio ensina ferramentas estrat\u00e9gicas de gest\u00e3o de tempo - Jornal das Oficinas<\/title>\n<meta name=\"description\" content=\"&quot;O que \u00e9 que n\u00e3o posso deixar de fazer hoje?&quot;, esta \u00e9 a quest\u00e3o-chave que Carlos J\u00falio vai responder ao longo do seu novo livro de gest\u00e3o\" \/>\n<meta name=\"robots\" content=\"index, follow, max-snippet:-1, max-image-preview:large, max-video-preview:-1\" \/>\n<link rel=\"canonical\" href=\"https:\/\/jornaldasoficinas.com\/pt\/carlos-julio-ensina-ferramentas-estrategicas-de-gestao-de-tempo\/\" \/>\n<meta property=\"og:locale\" content=\"pt_PT\" \/>\n<meta property=\"og:type\" content=\"article\" \/>\n<meta property=\"og:title\" content=\"Carlos J\u00falio ensina ferramentas estrat\u00e9gicas de gest\u00e3o de tempo - Jornal das Oficinas\" \/>\n<meta property=\"og:description\" content=\"&quot;O que \u00e9 que n\u00e3o posso deixar de fazer hoje?&quot;, esta \u00e9 a quest\u00e3o-chave que Carlos J\u00falio vai responder ao longo do seu novo livro de gest\u00e3o\" \/>\n<meta property=\"og:url\" content=\"https:\/\/jornaldasoficinas.com\/pt\/carlos-julio-ensina-ferramentas-estrategicas-de-gestao-de-tempo\/\" \/>\n<meta property=\"og:site_name\" content=\"Jornal das Oficinas\" \/>\n<meta property=\"article:publisher\" content=\"https:\/\/www.facebook.com\/jornaloficinas\" \/>\n<meta property=\"article:published_time\" content=\"2024-03-26T08:00:45+00:00\" \/>\n<meta property=\"og:image\" content=\"https:\/\/jornaldasoficinas.com\/pt\/wp-content\/uploads\/2024\/03\/Carlos-Julio-ensina-ferramentas-estrategicas-de-gestao-de-tempo.jpg\" \/>\n\t<meta property=\"og:image:width\" content=\"1024\" \/>\n\t<meta property=\"og:image:height\" content=\"581\" \/>\n\t<meta property=\"og:image:type\" content=\"image\/jpeg\" \/>\n<meta name=\"author\" content=\"Reda\u00e7\u00e3o JO\" \/>\n<meta name=\"twitter:card\" content=\"summary_large_image\" \/>\n<meta name=\"twitter:creator\" content=\"@jornaloficinas\" \/>\n<meta name=\"twitter:site\" content=\"@jornaloficinas\" \/>\n<meta name=\"twitter:label1\" content=\"Escrito por\" \/>\n\t<meta name=\"twitter:data1\" content=\"Reda\u00e7\u00e3o JO\" \/>\n\t<meta name=\"twitter:label2\" content=\"Tempo estimado de leitura\" \/>\n\t<meta name=\"twitter:data2\" content=\"4 minutos\" \/>\n<script type=\"application\/ld+json\" class=\"yoast-schema-graph\">{\"@context\":\"https:\\\/\\\/schema.org\",\"@graph\":[{\"@type\":\"Article\",\"@id\":\"https:\\\/\\\/jornaldasoficinas.com\\\/pt\\\/carlos-julio-ensina-ferramentas-estrategicas-de-gestao-de-tempo\\\/#article\",\"isPartOf\":{\"@id\":\"https:\\\/\\\/jornaldasoficinas.com\\\/pt\\\/carlos-julio-ensina-ferramentas-estrategicas-de-gestao-de-tempo\\\/\"},\"author\":{\"name\":\"Reda\u00e7\u00e3o JO\",\"@id\":\"https:\\\/\\\/jornaldasoficinas.com\\\/pt\\\/#\\\/schema\\\/person\\\/a38eef5de2c41d9e7c9ac10141afddf3\"},\"headline\":\"Carlos J\u00falio ensina ferramentas estrat\u00e9gicas de gest\u00e3o de tempo\",\"datePublished\":\"2024-03-26T08:00:45+00:00\",\"mainEntityOfPage\":{\"@id\":\"https:\\\/\\\/jornaldasoficinas.com\\\/pt\\\/carlos-julio-ensina-ferramentas-estrategicas-de-gestao-de-tempo\\\/\"},\"wordCount\":596,\"publisher\":{\"@id\":\"https:\\\/\\\/jornaldasoficinas.com\\\/pt\\\/#organization\"},\"image\":{\"@id\":\"https:\\\/\\\/jornaldasoficinas.com\\\/pt\\\/carlos-julio-ensina-ferramentas-estrategicas-de-gestao-de-tempo\\\/#primaryimage\"},\"thumbnailUrl\":\"https:\\\/\\\/jornaldasoficinas.com\\\/pt\\\/wp-content\\\/uploads\\\/2024\\\/03\\\/Carlos-Julio-ensina-ferramentas-estrategicas-de-gestao-de-tempo.jpg\",\"keywords\":[\"18 de mar\u00e7o\",\"Carlos J\u00falio\",\"ferramentas estrat\u00e9gicas\",\"gest\u00e3o\",\"lan\u00e7amento\",\"metodologia\",\"novo livro\",\"time management\"],\"articleSection\":[\"Entrevistas\"],\"inLanguage\":\"pt-PT\"},{\"@type\":\"WebPage\",\"@id\":\"https:\\\/\\\/jornaldasoficinas.com\\\/pt\\\/carlos-julio-ensina-ferramentas-estrategicas-de-gestao-de-tempo\\\/\",\"url\":\"https:\\\/\\\/jornaldasoficinas.com\\\/pt\\\/carlos-julio-ensina-ferramentas-estrategicas-de-gestao-de-tempo\\\/\",\"name\":\"Carlos J\u00falio ensina ferramentas estrat\u00e9gicas de gest\u00e3o de tempo - Jornal das Oficinas\",\"isPartOf\":{\"@id\":\"https:\\\/\\\/jornaldasoficinas.com\\\/pt\\\/#website\"},\"primaryImageOfPage\":{\"@id\":\"https:\\\/\\\/jornaldasoficinas.com\\\/pt\\\/carlos-julio-ensina-ferramentas-estrategicas-de-gestao-de-tempo\\\/#primaryimage\"},\"image\":{\"@id\":\"https:\\\/\\\/jornaldasoficinas.com\\\/pt\\\/carlos-julio-ensina-ferramentas-estrategicas-de-gestao-de-tempo\\\/#primaryimage\"},\"thumbnailUrl\":\"https:\\\/\\\/jornaldasoficinas.com\\\/pt\\\/wp-content\\\/uploads\\\/2024\\\/03\\\/Carlos-Julio-ensina-ferramentas-estrategicas-de-gestao-de-tempo.jpg\",\"datePublished\":\"2024-03-26T08:00:45+00:00\",\"description\":\"\\\"O que \u00e9 que n\u00e3o posso deixar de fazer hoje?\\\", esta \u00e9 a quest\u00e3o-chave que Carlos J\u00falio vai responder ao longo do seu novo livro de gest\u00e3o\",\"breadcrumb\":{\"@id\":\"https:\\\/\\\/jornaldasoficinas.com\\\/pt\\\/carlos-julio-ensina-ferramentas-estrategicas-de-gestao-de-tempo\\\/#breadcrumb\"},\"inLanguage\":\"pt-PT\",\"potentialAction\":[{\"@type\":\"ReadAction\",\"target\":[\"https:\\\/\\\/jornaldasoficinas.com\\\/pt\\\/carlos-julio-ensina-ferramentas-estrategicas-de-gestao-de-tempo\\\/\"]}]},{\"@type\":\"ImageObject\",\"inLanguage\":\"pt-PT\",\"@id\":\"https:\\\/\\\/jornaldasoficinas.com\\\/pt\\\/carlos-julio-ensina-ferramentas-estrategicas-de-gestao-de-tempo\\\/#primaryimage\",\"url\":\"https:\\\/\\\/jornaldasoficinas.com\\\/pt\\\/wp-content\\\/uploads\\\/2024\\\/03\\\/Carlos-Julio-ensina-ferramentas-estrategicas-de-gestao-de-tempo.jpg\",\"contentUrl\":\"https:\\\/\\\/jornaldasoficinas.com\\\/pt\\\/wp-content\\\/uploads\\\/2024\\\/03\\\/Carlos-Julio-ensina-ferramentas-estrategicas-de-gestao-de-tempo.jpg\",\"width\":1024,\"height\":581,\"caption\":\"03 - Carlos Julio ensina ferramentas estrategicas de gestao de tempo\"},{\"@type\":\"BreadcrumbList\",\"@id\":\"https:\\\/\\\/jornaldasoficinas.com\\\/pt\\\/carlos-julio-ensina-ferramentas-estrategicas-de-gestao-de-tempo\\\/#breadcrumb\",\"itemListElement\":[{\"@type\":\"ListItem\",\"position\":1,\"name\":\"In\u00edcio\",\"item\":\"https:\\\/\\\/jornaldasoficinas.com\\\/pt\\\/\"},{\"@type\":\"ListItem\",\"position\":2,\"name\":\"Carlos J\u00falio ensina ferramentas estrat\u00e9gicas de gest\u00e3o de tempo\"}]},{\"@type\":\"WebSite\",\"@id\":\"https:\\\/\\\/jornaldasoficinas.com\\\/pt\\\/#website\",\"url\":\"https:\\\/\\\/jornaldasoficinas.com\\\/pt\\\/\",\"name\":\"Jornal das Oficinas\",\"description\":\"Jornal independente do Aftermarket Autom\u00f3vel em Portugal\",\"publisher\":{\"@id\":\"https:\\\/\\\/jornaldasoficinas.com\\\/pt\\\/#organization\"},\"potentialAction\":[{\"@type\":\"SearchAction\",\"target\":{\"@type\":\"EntryPoint\",\"urlTemplate\":\"https:\\\/\\\/jornaldasoficinas.com\\\/pt\\\/?s={search_term_string}\"},\"query-input\":{\"@type\":\"PropertyValueSpecification\",\"valueRequired\":true,\"valueName\":\"search_term_string\"}}],\"inLanguage\":\"pt-PT\"},{\"@type\":\"Organization\",\"@id\":\"https:\\\/\\\/jornaldasoficinas.com\\\/pt\\\/#organization\",\"name\":\"Jornal das Oficinas\",\"url\":\"https:\\\/\\\/jornaldasoficinas.com\\\/pt\\\/\",\"logo\":{\"@type\":\"ImageObject\",\"inLanguage\":\"pt-PT\",\"@id\":\"https:\\\/\\\/jornaldasoficinas.com\\\/pt\\\/#\\\/schema\\\/logo\\\/image\\\/\",\"url\":\"https:\\\/\\\/jornaldasoficinas.com\\\/pt\\\/wp-content\\\/uploads\\\/logoJO-SEO.png\",\"contentUrl\":\"https:\\\/\\\/jornaldasoficinas.com\\\/pt\\\/wp-content\\\/uploads\\\/logoJO-SEO.png\",\"width\":285,\"height\":450,\"caption\":\"Jornal das Oficinas\"},\"image\":{\"@id\":\"https:\\\/\\\/jornaldasoficinas.com\\\/pt\\\/#\\\/schema\\\/logo\\\/image\\\/\"},\"sameAs\":[\"https:\\\/\\\/www.facebook.com\\\/jornaloficinas\",\"https:\\\/\\\/x.com\\\/jornaloficinas\",\"https:\\\/\\\/www.instagram.com\\\/jornal_oficinas\\\/\",\"https:\\\/\\\/www.linkedin.com\\\/company\\\/jornal-das-oficinas\\\/\",\"https:\\\/\\\/www.youtube.com\\\/channel\\\/UCbQZBqtcvV-oSQrr7RzINGg\"]},{\"@type\":\"Person\",\"@id\":\"https:\\\/\\\/jornaldasoficinas.com\\\/pt\\\/#\\\/schema\\\/person\\\/a38eef5de2c41d9e7c9ac10141afddf3\",\"name\":\"Reda\u00e7\u00e3o JO\",\"image\":{\"@type\":\"ImageObject\",\"inLanguage\":\"pt-PT\",\"@id\":\"https:\\\/\\\/secure.gravatar.com\\\/avatar\\\/71f2fa71737ad68a84fea94bc708ddac8ea5b0c4788dc2ad202f3ccb2887742f?s=96&d=wp_user_avatar&r=g\",\"url\":\"https:\\\/\\\/secure.gravatar.com\\\/avatar\\\/71f2fa71737ad68a84fea94bc708ddac8ea5b0c4788dc2ad202f3ccb2887742f?s=96&d=wp_user_avatar&r=g\",\"contentUrl\":\"https:\\\/\\\/secure.gravatar.com\\\/avatar\\\/71f2fa71737ad68a84fea94bc708ddac8ea5b0c4788dc2ad202f3ccb2887742f?s=96&d=wp_user_avatar&r=g\",\"caption\":\"Reda\u00e7\u00e3o JO\"},\"url\":\"https:\\\/\\\/jornaldasoficinas.com\\\/pt\\\/author\\\/joredacao\\\/\"}]}<\/script>\n<!-- \/ Yoast SEO plugin. -->","yoast_head_json":{"title":"Carlos J\u00falio ensina ferramentas estrat\u00e9gicas de gest\u00e3o de tempo - Jornal das Oficinas","description":"\"O que \u00e9 que n\u00e3o posso deixar de fazer hoje?\", esta \u00e9 a quest\u00e3o-chave que Carlos J\u00falio vai responder ao longo do seu novo livro de gest\u00e3o","robots":{"index":"index","follow":"follow","max-snippet":"max-snippet:-1","max-image-preview":"max-image-preview:large","max-video-preview":"max-video-preview:-1"},"canonical":"https:\/\/jornaldasoficinas.com\/pt\/carlos-julio-ensina-ferramentas-estrategicas-de-gestao-de-tempo\/","og_locale":"pt_PT","og_type":"article","og_title":"Carlos J\u00falio ensina ferramentas estrat\u00e9gicas de gest\u00e3o de tempo - Jornal das Oficinas","og_description":"\"O que \u00e9 que n\u00e3o posso deixar de fazer hoje?\", esta \u00e9 a quest\u00e3o-chave que Carlos J\u00falio vai responder ao longo do seu novo livro de gest\u00e3o","og_url":"https:\/\/jornaldasoficinas.com\/pt\/carlos-julio-ensina-ferramentas-estrategicas-de-gestao-de-tempo\/","og_site_name":"Jornal das Oficinas","article_publisher":"https:\/\/www.facebook.com\/jornaloficinas","article_published_time":"2024-03-26T08:00:45+00:00","og_image":[{"width":1024,"height":581,"url":"https:\/\/jornaldasoficinas.com\/pt\/wp-content\/uploads\/2024\/03\/Carlos-Julio-ensina-ferramentas-estrategicas-de-gestao-de-tempo.jpg","type":"image\/jpeg"}],"author":"Reda\u00e7\u00e3o JO","twitter_card":"summary_large_image","twitter_creator":"@jornaloficinas","twitter_site":"@jornaloficinas","twitter_misc":{"Escrito por":"Reda\u00e7\u00e3o JO","Tempo estimado de leitura":"4 minutos"},"schema":{"@context":"https:\/\/schema.org","@graph":[{"@type":"Article","@id":"https:\/\/jornaldasoficinas.com\/pt\/carlos-julio-ensina-ferramentas-estrategicas-de-gestao-de-tempo\/#article","isPartOf":{"@id":"https:\/\/jornaldasoficinas.com\/pt\/carlos-julio-ensina-ferramentas-estrategicas-de-gestao-de-tempo\/"},"author":{"name":"Reda\u00e7\u00e3o JO","@id":"https:\/\/jornaldasoficinas.com\/pt\/#\/schema\/person\/a38eef5de2c41d9e7c9ac10141afddf3"},"headline":"Carlos J\u00falio ensina ferramentas estrat\u00e9gicas de gest\u00e3o de tempo","datePublished":"2024-03-26T08:00:45+00:00","mainEntityOfPage":{"@id":"https:\/\/jornaldasoficinas.com\/pt\/carlos-julio-ensina-ferramentas-estrategicas-de-gestao-de-tempo\/"},"wordCount":596,"publisher":{"@id":"https:\/\/jornaldasoficinas.com\/pt\/#organization"},"image":{"@id":"https:\/\/jornaldasoficinas.com\/pt\/carlos-julio-ensina-ferramentas-estrategicas-de-gestao-de-tempo\/#primaryimage"},"thumbnailUrl":"https:\/\/jornaldasoficinas.com\/pt\/wp-content\/uploads\/2024\/03\/Carlos-Julio-ensina-ferramentas-estrategicas-de-gestao-de-tempo.jpg","keywords":["18 de mar\u00e7o","Carlos J\u00falio","ferramentas estrat\u00e9gicas","gest\u00e3o","lan\u00e7amento","metodologia","novo livro","time management"],"articleSection":["Entrevistas"],"inLanguage":"pt-PT"},{"@type":"WebPage","@id":"https:\/\/jornaldasoficinas.com\/pt\/carlos-julio-ensina-ferramentas-estrategicas-de-gestao-de-tempo\/","url":"https:\/\/jornaldasoficinas.com\/pt\/carlos-julio-ensina-ferramentas-estrategicas-de-gestao-de-tempo\/","name":"Carlos J\u00falio ensina ferramentas estrat\u00e9gicas de gest\u00e3o de tempo - Jornal das Oficinas","isPartOf":{"@id":"https:\/\/jornaldasoficinas.com\/pt\/#website"},"primaryImageOfPage":{"@id":"https:\/\/jornaldasoficinas.com\/pt\/carlos-julio-ensina-ferramentas-estrategicas-de-gestao-de-tempo\/#primaryimage"},"image":{"@id":"https:\/\/jornaldasoficinas.com\/pt\/carlos-julio-ensina-ferramentas-estrategicas-de-gestao-de-tempo\/#primaryimage"},"thumbnailUrl":"https:\/\/jornaldasoficinas.com\/pt\/wp-content\/uploads\/2024\/03\/Carlos-Julio-ensina-ferramentas-estrategicas-de-gestao-de-tempo.jpg","datePublished":"2024-03-26T08:00:45+00:00","description":"\"O que \u00e9 que n\u00e3o posso deixar de fazer hoje?\", esta \u00e9 a quest\u00e3o-chave que Carlos J\u00falio vai responder ao longo do seu novo livro de gest\u00e3o","breadcrumb":{"@id":"https:\/\/jornaldasoficinas.com\/pt\/carlos-julio-ensina-ferramentas-estrategicas-de-gestao-de-tempo\/#breadcrumb"},"inLanguage":"pt-PT","potentialAction":[{"@type":"ReadAction","target":["https:\/\/jornaldasoficinas.com\/pt\/carlos-julio-ensina-ferramentas-estrategicas-de-gestao-de-tempo\/"]}]},{"@type":"ImageObject","inLanguage":"pt-PT","@id":"https:\/\/jornaldasoficinas.com\/pt\/carlos-julio-ensina-ferramentas-estrategicas-de-gestao-de-tempo\/#primaryimage","url":"https:\/\/jornaldasoficinas.com\/pt\/wp-content\/uploads\/2024\/03\/Carlos-Julio-ensina-ferramentas-estrategicas-de-gestao-de-tempo.jpg","contentUrl":"https:\/\/jornaldasoficinas.com\/pt\/wp-content\/uploads\/2024\/03\/Carlos-Julio-ensina-ferramentas-estrategicas-de-gestao-de-tempo.jpg","width":1024,"height":581,"caption":"03 - Carlos Julio ensina ferramentas estrategicas de gestao de tempo"},{"@type":"BreadcrumbList","@id":"https:\/\/jornaldasoficinas.com\/pt\/carlos-julio-ensina-ferramentas-estrategicas-de-gestao-de-tempo\/#breadcrumb","itemListElement":[{"@type":"ListItem","position":1,"name":"In\u00edcio","item":"https:\/\/jornaldasoficinas.com\/pt\/"},{"@type":"ListItem","position":2,"name":"Carlos J\u00falio ensina ferramentas estrat\u00e9gicas de gest\u00e3o de tempo"}]},{"@type":"WebSite","@id":"https:\/\/jornaldasoficinas.com\/pt\/#website","url":"https:\/\/jornaldasoficinas.com\/pt\/","name":"Jornal das Oficinas","description":"Jornal independente do Aftermarket Autom\u00f3vel em Portugal","publisher":{"@id":"https:\/\/jornaldasoficinas.com\/pt\/#organization"},"potentialAction":[{"@type":"SearchAction","target":{"@type":"EntryPoint","urlTemplate":"https:\/\/jornaldasoficinas.com\/pt\/?s={search_term_string}"},"query-input":{"@type":"PropertyValueSpecification","valueRequired":true,"valueName":"search_term_string"}}],"inLanguage":"pt-PT"},{"@type":"Organization","@id":"https:\/\/jornaldasoficinas.com\/pt\/#organization","name":"Jornal das Oficinas","url":"https:\/\/jornaldasoficinas.com\/pt\/","logo":{"@type":"ImageObject","inLanguage":"pt-PT","@id":"https:\/\/jornaldasoficinas.com\/pt\/#\/schema\/logo\/image\/","url":"https:\/\/jornaldasoficinas.com\/pt\/wp-content\/uploads\/logoJO-SEO.png","contentUrl":"https:\/\/jornaldasoficinas.com\/pt\/wp-content\/uploads\/logoJO-SEO.png","width":285,"height":450,"caption":"Jornal das Oficinas"},"image":{"@id":"https:\/\/jornaldasoficinas.com\/pt\/#\/schema\/logo\/image\/"},"sameAs":["https:\/\/www.facebook.com\/jornaloficinas","https:\/\/x.com\/jornaloficinas","https:\/\/www.instagram.com\/jornal_oficinas\/","https:\/\/www.linkedin.com\/company\/jornal-das-oficinas\/","https:\/\/www.youtube.com\/channel\/UCbQZBqtcvV-oSQrr7RzINGg"]},{"@type":"Person","@id":"https:\/\/jornaldasoficinas.com\/pt\/#\/schema\/person\/a38eef5de2c41d9e7c9ac10141afddf3","name":"Reda\u00e7\u00e3o JO","image":{"@type":"ImageObject","inLanguage":"pt-PT","@id":"https:\/\/secure.gravatar.com\/avatar\/71f2fa71737ad68a84fea94bc708ddac8ea5b0c4788dc2ad202f3ccb2887742f?s=96&d=wp_user_avatar&r=g","url":"https:\/\/secure.gravatar.com\/avatar\/71f2fa71737ad68a84fea94bc708ddac8ea5b0c4788dc2ad202f3ccb2887742f?s=96&d=wp_user_avatar&r=g","contentUrl":"https:\/\/secure.gravatar.com\/avatar\/71f2fa71737ad68a84fea94bc708ddac8ea5b0c4788dc2ad202f3ccb2887742f?s=96&d=wp_user_avatar&r=g","caption":"Reda\u00e7\u00e3o JO"},"url":"https:\/\/jornaldasoficinas.com\/pt\/author\/joredacao\/"}]}},"_links":{"self":[{"href":"https:\/\/jornaldasoficinas.com\/pt\/wp-json\/wp\/v2\/posts\/81202","targetHints":{"allow":["GET"]}}],"collection":[{"href":"https:\/\/jornaldasoficinas.com\/pt\/wp-json\/wp\/v2\/posts"}],"about":[{"href":"https:\/\/jornaldasoficinas.com\/pt\/wp-json\/wp\/v2\/types\/post"}],"author":[{"embeddable":true,"href":"https:\/\/jornaldasoficinas.com\/pt\/wp-json\/wp\/v2\/users\/15"}],"replies":[{"embeddable":true,"href":"https:\/\/jornaldasoficinas.com\/pt\/wp-json\/wp\/v2\/comments?post=81202"}],"version-history":[{"count":0,"href":"https:\/\/jornaldasoficinas.com\/pt\/wp-json\/wp\/v2\/posts\/81202\/revisions"}],"wp:featuredmedia":[{"embeddable":true,"href":"https:\/\/jornaldasoficinas.com\/pt\/wp-json\/wp\/v2\/media\/81470"}],"wp:attachment":[{"href":"https:\/\/jornaldasoficinas.com\/pt\/wp-json\/wp\/v2\/media?parent=81202"}],"wp:term":[{"taxonomy":"category","embeddable":true,"href":"https:\/\/jornaldasoficinas.com\/pt\/wp-json\/wp\/v2\/categories?post=81202"},{"taxonomy":"post_tag","embeddable":true,"href":"https:\/\/jornaldasoficinas.com\/pt\/wp-json\/wp\/v2\/tags?post=81202"}],"curies":[{"name":"wp","href":"https:\/\/api.w.org\/{rel}","templated":true}]}}