{"id":81241,"date":"2024-03-20T10:45:15","date_gmt":"2024-03-20T10:45:15","guid":{"rendered":"https:\/\/jornaldasoficinas.com\/pt\/?p=81241"},"modified":"2024-03-20T10:45:15","modified_gmt":"2024-03-20T10:45:15","slug":"midas-esta-a-recrutar-alunos-para-a-academia-de-verao","status":"publish","type":"post","link":"https:\/\/jornaldasoficinas.com\/pt\/midas-esta-a-recrutar-alunos-para-a-academia-de-verao\/","title":{"rendered":"Midas est\u00e1 a recrutar alunos para a Academia de Ver\u00e3o"},"content":{"rendered":"<p><img loading=\"lazy\" decoding=\"async\" class=\"alignnone size-full wp-image-81255\" src=\"https:\/\/jornaldasoficinas.com\/pt\/wp-content\/uploads\/2024\/03\/Midas-esta-a-recrutar-alunos-para-a-Academia-de-Verao.png\" alt=\"03 - Midas esta a recrutar alunos para a Academia de Verao\" width=\"1024\" height=\"581\" srcset=\"https:\/\/jornaldasoficinas.com\/pt\/wp-content\/uploads\/2024\/03\/Midas-esta-a-recrutar-alunos-para-a-Academia-de-Verao.png 1024w, https:\/\/jornaldasoficinas.com\/pt\/wp-content\/uploads\/2024\/03\/Midas-esta-a-recrutar-alunos-para-a-Academia-de-Verao-300x170.png 300w, https:\/\/jornaldasoficinas.com\/pt\/wp-content\/uploads\/2024\/03\/Midas-esta-a-recrutar-alunos-para-a-Academia-de-Verao-150x85.png 150w, https:\/\/jornaldasoficinas.com\/pt\/wp-content\/uploads\/2024\/03\/Midas-esta-a-recrutar-alunos-para-a-Academia-de-Verao-768x436.png 768w\" sizes=\"auto, (max-width: 1024px) 100vw, 1024px\" \/><\/p>\n<p><strong>Esta j\u00e1 \u00e9 a 2\u00aa edi\u00e7\u00e3o da Academia de Ver\u00e3o da <a href=\"https:\/\/www.midas.pt\/\">Midas<\/a>, que vai estar a recrutar alunos de mecatr\u00f3nica de todo o pa\u00eds para um est\u00e1gio remunerado na Top Team Midas\u00a0<\/strong><\/p>\n<p>Foi no dia 18 de mar\u00e7o que arrancou a 2\u00aa edi\u00e7\u00e3o da Academia de Ver\u00e3o Midas. A marca abre mais uma vez as portas das suas oficinas aos alunos dos cursos de mecatr\u00f3nica de todo o pa\u00eds, oferecendo-lhes n\u00e3o s\u00f3 a possibilidade de integrarem a Top Team Midas durante os meses de ver\u00e3o, mas tamb\u00e9m de usufru\u00edrem de est\u00e1gios remunerados com condi\u00e7\u00f5es \u00fanicas. Os melhores candidatos ser\u00e3o selecionados pelos respons\u00e1veis da marca nos Open Days Midas, mediante provas pr\u00e1ticas realizadas em ambiente de oficina. A posterior coloca\u00e7\u00e3o de cada novo membro da equipa ter\u00e1 em conta a proximidade da oficina \u00e0 sua \u00e1rea de resid\u00eancia.<\/p>\n<p>Em resposta \u00e0 ades\u00e3o dos alunos dos cursos de mecatr\u00f3nica \u00e0 primeira edi\u00e7\u00e3o da Academia de Ver\u00e3o Midas, realizada no ano passado, a marca volta a oferecer-lhes a possibilidade de rentabilizarem o seu ver\u00e3o. Mas, ao serem selecionados para a Academia de Ver\u00e3o, os jovens n\u00e3o se limitam a receber uma bolsa de est\u00e1gio (+ subs\u00eddio de alimenta\u00e7\u00e3o), como tamb\u00e9m v\u00e3o ganhar experi\u00eancia junto de uma equipa de t\u00e9cnicos especializados, trabalhando 4 dias por semana, com equipamentos de topo, nas oficinas da l\u00edder em manuten\u00e7\u00e3o e repara\u00e7\u00e3o autom\u00f3vel multimarca.<\/p>\n<p>Vitor Cruz, Technical e Training Manager da Midas, destaca o investimento e especial interesse da marca nesta iniciativa: &#8220;A Midas caracteriza-se pela forte aposta na sua equipa, n\u00e3o s\u00f3 numa primeira fase de integra\u00e7\u00e3o, mas tamb\u00e9m ao longo do tempo, investindo na forma\u00e7\u00e3o cont\u00ednua de cada membro. Assim, quando falamos da Top Team Midas, falamos de uma equipa de elite na atividade. E \u00e9 com esta equipa que os estagi\u00e1rios da Academia de Ver\u00e3o v\u00e3o trabalhar e aprender, enriquecendo o seu curr\u00edculo e desfrutando de uma merecida compensa\u00e7\u00e3o monet\u00e1ria. A marca, por seu lado, n\u00e3o s\u00f3 assegura uma equipa refor\u00e7ada numa altura do ano particularmente exigente, como garante o acesso a novos talentos, que podem vir a ser recrutados de forma permanente. Na edi\u00e7\u00e3o do ano passado, dois participantes aceitaram o nosso convite nesse sentido. Foi algo que nos encheu de satisfa\u00e7\u00e3o e que justifica a nossa entrega a este projeto&#8221;.<\/p>\n<p>Ap\u00f3s uma primeira triagem, os alunos selecionados passam aos Open Days Midas, realizados durante a \u00faltima semana de maio, respetivamente na Midas Rio Tinto e na Midas Cac\u00e9m. Nesses dias, marcados pelo conv\u00edvio entre pares, din\u00e2micas de grupo e provas pr\u00e1ticas realizadas em ambiente de oficina, os respons\u00e1veis da marca v\u00e3o avaliar cada candidato.<\/p>\n<p>No dia 17 de junho, os que forem selecionados passam a integrar a Top Team Midas durante os meses de ver\u00e3o, sendo colocados nas oficinas da rede mais pr\u00f3ximas da sua \u00e1rea de resid\u00eancia.<\/p>\n<p>As candidaturas ao programa devem ser feitas atrav\u00e9s do seguinte link: https:\/\/bit.ly\/3v9OgDS<\/p>\n","protected":false},"excerpt":{"rendered":"<p>Esta j\u00e1 \u00e9 a 2\u00aa edi\u00e7\u00e3o&#8230;<\/p>\n","protected":false},"author":15,"featured_media":81255,"comment_status":"closed","ping_status":"closed","sticky":false,"template":"","format":"standard","meta":{"footnotes":""},"categories":[29],"tags":[5053,8039,8040,939,386,8041,4764],"class_list":["post-81241","post","type-post","status-publish","format-standard","has-post-thumbnail","hentry","category-empresas","tag-academia-de-verao","tag-alunos-de-mecatronica","tag-estagio-remunerado","tag-midas","tag-oficinas","tag-open-days-midas","tag-top-team-midas"],"yoast_head":"<!-- This site is optimized with the Yoast SEO plugin v27.5 - https:\/\/yoast.com\/product\/yoast-seo-wordpress\/ -->\n<title>Midas est\u00e1 a recrutar alunos para a Academia de Ver\u00e3o - Jornal das Oficinas<\/title>\n<meta name=\"description\" content=\"Esta j\u00e1 \u00e9 a 2\u00aa edi\u00e7\u00e3o da Academia de Ver\u00e3o da Midas, que vai estar a recrutar alunos de mecatr\u00f3nica de todo o pa\u00eds para um est\u00e1gio remunerado\" \/>\n<meta name=\"robots\" content=\"index, follow, max-snippet:-1, max-image-preview:large, max-video-preview:-1\" \/>\n<link rel=\"canonical\" href=\"https:\/\/jornaldasoficinas.com\/pt\/midas-esta-a-recrutar-alunos-para-a-academia-de-verao\/\" \/>\n<meta property=\"og:locale\" content=\"pt_PT\" \/>\n<meta property=\"og:type\" content=\"article\" \/>\n<meta property=\"og:title\" content=\"Midas est\u00e1 a recrutar alunos para a Academia de Ver\u00e3o - Jornal das Oficinas\" \/>\n<meta property=\"og:description\" content=\"Esta j\u00e1 \u00e9 a 2\u00aa edi\u00e7\u00e3o da Academia de Ver\u00e3o da Midas, que vai estar a recrutar alunos de mecatr\u00f3nica de todo o pa\u00eds para um est\u00e1gio remunerado\" \/>\n<meta property=\"og:url\" content=\"https:\/\/jornaldasoficinas.com\/pt\/midas-esta-a-recrutar-alunos-para-a-academia-de-verao\/\" \/>\n<meta property=\"og:site_name\" content=\"Jornal das Oficinas\" \/>\n<meta property=\"article:publisher\" content=\"https:\/\/www.facebook.com\/jornaloficinas\" \/>\n<meta property=\"article:published_time\" content=\"2024-03-20T10:45:15+00:00\" \/>\n<meta property=\"og:image\" content=\"https:\/\/jornaldasoficinas.com\/pt\/wp-content\/uploads\/2024\/03\/Midas-esta-a-recrutar-alunos-para-a-Academia-de-Verao.png\" \/>\n\t<meta property=\"og:image:width\" content=\"1024\" \/>\n\t<meta property=\"og:image:height\" content=\"581\" \/>\n\t<meta property=\"og:image:type\" content=\"image\/png\" \/>\n<meta name=\"author\" content=\"Reda\u00e7\u00e3o JO\" \/>\n<meta name=\"twitter:card\" content=\"summary_large_image\" \/>\n<meta name=\"twitter:creator\" content=\"@jornaloficinas\" \/>\n<meta name=\"twitter:site\" content=\"@jornaloficinas\" \/>\n<meta name=\"twitter:label1\" content=\"Escrito por\" \/>\n\t<meta name=\"twitter:data1\" content=\"Reda\u00e7\u00e3o JO\" \/>\n\t<meta name=\"twitter:label2\" content=\"Tempo estimado de leitura\" \/>\n\t<meta name=\"twitter:data2\" content=\"4 minutos\" \/>\n<script type=\"application\/ld+json\" class=\"yoast-schema-graph\">{\"@context\":\"https:\\\/\\\/schema.org\",\"@graph\":[{\"@type\":\"Article\",\"@id\":\"https:\\\/\\\/jornaldasoficinas.com\\\/pt\\\/midas-esta-a-recrutar-alunos-para-a-academia-de-verao\\\/#article\",\"isPartOf\":{\"@id\":\"https:\\\/\\\/jornaldasoficinas.com\\\/pt\\\/midas-esta-a-recrutar-alunos-para-a-academia-de-verao\\\/\"},\"author\":{\"name\":\"Reda\u00e7\u00e3o JO\",\"@id\":\"https:\\\/\\\/jornaldasoficinas.com\\\/pt\\\/#\\\/schema\\\/person\\\/a38eef5de2c41d9e7c9ac10141afddf3\"},\"headline\":\"Midas est\u00e1 a recrutar alunos para a Academia de Ver\u00e3o\",\"datePublished\":\"2024-03-20T10:45:15+00:00\",\"mainEntityOfPage\":{\"@id\":\"https:\\\/\\\/jornaldasoficinas.com\\\/pt\\\/midas-esta-a-recrutar-alunos-para-a-academia-de-verao\\\/\"},\"wordCount\":546,\"publisher\":{\"@id\":\"https:\\\/\\\/jornaldasoficinas.com\\\/pt\\\/#organization\"},\"image\":{\"@id\":\"https:\\\/\\\/jornaldasoficinas.com\\\/pt\\\/midas-esta-a-recrutar-alunos-para-a-academia-de-verao\\\/#primaryimage\"},\"thumbnailUrl\":\"https:\\\/\\\/jornaldasoficinas.com\\\/pt\\\/wp-content\\\/uploads\\\/2024\\\/03\\\/Midas-esta-a-recrutar-alunos-para-a-Academia-de-Verao.png\",\"keywords\":[\"Academia de Ver\u00e3o\",\"alunos de mecatr\u00f3nica\",\"est\u00e1gio remunerado\",\"Midas\",\"Oficinas\",\"Open Days Midas\",\"Top Team Midas\"],\"articleSection\":[\"Empresas\"],\"inLanguage\":\"pt-PT\"},{\"@type\":\"WebPage\",\"@id\":\"https:\\\/\\\/jornaldasoficinas.com\\\/pt\\\/midas-esta-a-recrutar-alunos-para-a-academia-de-verao\\\/\",\"url\":\"https:\\\/\\\/jornaldasoficinas.com\\\/pt\\\/midas-esta-a-recrutar-alunos-para-a-academia-de-verao\\\/\",\"name\":\"Midas est\u00e1 a recrutar alunos para a Academia de Ver\u00e3o - Jornal das Oficinas\",\"isPartOf\":{\"@id\":\"https:\\\/\\\/jornaldasoficinas.com\\\/pt\\\/#website\"},\"primaryImageOfPage\":{\"@id\":\"https:\\\/\\\/jornaldasoficinas.com\\\/pt\\\/midas-esta-a-recrutar-alunos-para-a-academia-de-verao\\\/#primaryimage\"},\"image\":{\"@id\":\"https:\\\/\\\/jornaldasoficinas.com\\\/pt\\\/midas-esta-a-recrutar-alunos-para-a-academia-de-verao\\\/#primaryimage\"},\"thumbnailUrl\":\"https:\\\/\\\/jornaldasoficinas.com\\\/pt\\\/wp-content\\\/uploads\\\/2024\\\/03\\\/Midas-esta-a-recrutar-alunos-para-a-Academia-de-Verao.png\",\"datePublished\":\"2024-03-20T10:45:15+00:00\",\"description\":\"Esta j\u00e1 \u00e9 a 2\u00aa edi\u00e7\u00e3o da Academia de Ver\u00e3o da Midas, que vai estar a recrutar alunos de mecatr\u00f3nica de todo o pa\u00eds para um est\u00e1gio remunerado\",\"breadcrumb\":{\"@id\":\"https:\\\/\\\/jornaldasoficinas.com\\\/pt\\\/midas-esta-a-recrutar-alunos-para-a-academia-de-verao\\\/#breadcrumb\"},\"inLanguage\":\"pt-PT\",\"potentialAction\":[{\"@type\":\"ReadAction\",\"target\":[\"https:\\\/\\\/jornaldasoficinas.com\\\/pt\\\/midas-esta-a-recrutar-alunos-para-a-academia-de-verao\\\/\"]}]},{\"@type\":\"ImageObject\",\"inLanguage\":\"pt-PT\",\"@id\":\"https:\\\/\\\/jornaldasoficinas.com\\\/pt\\\/midas-esta-a-recrutar-alunos-para-a-academia-de-verao\\\/#primaryimage\",\"url\":\"https:\\\/\\\/jornaldasoficinas.com\\\/pt\\\/wp-content\\\/uploads\\\/2024\\\/03\\\/Midas-esta-a-recrutar-alunos-para-a-Academia-de-Verao.png\",\"contentUrl\":\"https:\\\/\\\/jornaldasoficinas.com\\\/pt\\\/wp-content\\\/uploads\\\/2024\\\/03\\\/Midas-esta-a-recrutar-alunos-para-a-Academia-de-Verao.png\",\"width\":1024,\"height\":581,\"caption\":\"midas\"},{\"@type\":\"BreadcrumbList\",\"@id\":\"https:\\\/\\\/jornaldasoficinas.com\\\/pt\\\/midas-esta-a-recrutar-alunos-para-a-academia-de-verao\\\/#breadcrumb\",\"itemListElement\":[{\"@type\":\"ListItem\",\"position\":1,\"name\":\"In\u00edcio\",\"item\":\"https:\\\/\\\/jornaldasoficinas.com\\\/pt\\\/\"},{\"@type\":\"ListItem\",\"position\":2,\"name\":\"Midas est\u00e1 a recrutar alunos para a Academia de Ver\u00e3o\"}]},{\"@type\":\"WebSite\",\"@id\":\"https:\\\/\\\/jornaldasoficinas.com\\\/pt\\\/#website\",\"url\":\"https:\\\/\\\/jornaldasoficinas.com\\\/pt\\\/\",\"name\":\"Jornal das Oficinas\",\"description\":\"Jornal independente do Aftermarket Autom\u00f3vel em Portugal\",\"publisher\":{\"@id\":\"https:\\\/\\\/jornaldasoficinas.com\\\/pt\\\/#organization\"},\"potentialAction\":[{\"@type\":\"SearchAction\",\"target\":{\"@type\":\"EntryPoint\",\"urlTemplate\":\"https:\\\/\\\/jornaldasoficinas.com\\\/pt\\\/?s={search_term_string}\"},\"query-input\":{\"@type\":\"PropertyValueSpecification\",\"valueRequired\":true,\"valueName\":\"search_term_string\"}}],\"inLanguage\":\"pt-PT\"},{\"@type\":\"Organization\",\"@id\":\"https:\\\/\\\/jornaldasoficinas.com\\\/pt\\\/#organization\",\"name\":\"Jornal das Oficinas\",\"url\":\"https:\\\/\\\/jornaldasoficinas.com\\\/pt\\\/\",\"logo\":{\"@type\":\"ImageObject\",\"inLanguage\":\"pt-PT\",\"@id\":\"https:\\\/\\\/jornaldasoficinas.com\\\/pt\\\/#\\\/schema\\\/logo\\\/image\\\/\",\"url\":\"https:\\\/\\\/jornaldasoficinas.com\\\/pt\\\/wp-content\\\/uploads\\\/logoJO-SEO.png\",\"contentUrl\":\"https:\\\/\\\/jornaldasoficinas.com\\\/pt\\\/wp-content\\\/uploads\\\/logoJO-SEO.png\",\"width\":285,\"height\":450,\"caption\":\"Jornal das Oficinas\"},\"image\":{\"@id\":\"https:\\\/\\\/jornaldasoficinas.com\\\/pt\\\/#\\\/schema\\\/logo\\\/image\\\/\"},\"sameAs\":[\"https:\\\/\\\/www.facebook.com\\\/jornaloficinas\",\"https:\\\/\\\/x.com\\\/jornaloficinas\",\"https:\\\/\\\/www.instagram.com\\\/jornal_oficinas\\\/\",\"https:\\\/\\\/www.linkedin.com\\\/company\\\/jornal-das-oficinas\\\/\",\"https:\\\/\\\/www.youtube.com\\\/channel\\\/UCbQZBqtcvV-oSQrr7RzINGg\"]},{\"@type\":\"Person\",\"@id\":\"https:\\\/\\\/jornaldasoficinas.com\\\/pt\\\/#\\\/schema\\\/person\\\/a38eef5de2c41d9e7c9ac10141afddf3\",\"name\":\"Reda\u00e7\u00e3o JO\",\"image\":{\"@type\":\"ImageObject\",\"inLanguage\":\"pt-PT\",\"@id\":\"https:\\\/\\\/secure.gravatar.com\\\/avatar\\\/71f2fa71737ad68a84fea94bc708ddac8ea5b0c4788dc2ad202f3ccb2887742f?s=96&d=wp_user_avatar&r=g\",\"url\":\"https:\\\/\\\/secure.gravatar.com\\\/avatar\\\/71f2fa71737ad68a84fea94bc708ddac8ea5b0c4788dc2ad202f3ccb2887742f?s=96&d=wp_user_avatar&r=g\",\"contentUrl\":\"https:\\\/\\\/secure.gravatar.com\\\/avatar\\\/71f2fa71737ad68a84fea94bc708ddac8ea5b0c4788dc2ad202f3ccb2887742f?s=96&d=wp_user_avatar&r=g\",\"caption\":\"Reda\u00e7\u00e3o JO\"},\"url\":\"https:\\\/\\\/jornaldasoficinas.com\\\/pt\\\/author\\\/joredacao\\\/\"}]}<\/script>\n<!-- \/ Yoast SEO plugin. -->","yoast_head_json":{"title":"Midas est\u00e1 a recrutar alunos para a Academia de Ver\u00e3o - Jornal das Oficinas","description":"Esta j\u00e1 \u00e9 a 2\u00aa edi\u00e7\u00e3o da Academia de Ver\u00e3o da Midas, que vai estar a recrutar alunos de mecatr\u00f3nica de todo o pa\u00eds para um est\u00e1gio remunerado","robots":{"index":"index","follow":"follow","max-snippet":"max-snippet:-1","max-image-preview":"max-image-preview:large","max-video-preview":"max-video-preview:-1"},"canonical":"https:\/\/jornaldasoficinas.com\/pt\/midas-esta-a-recrutar-alunos-para-a-academia-de-verao\/","og_locale":"pt_PT","og_type":"article","og_title":"Midas est\u00e1 a recrutar alunos para a Academia de Ver\u00e3o - Jornal das Oficinas","og_description":"Esta j\u00e1 \u00e9 a 2\u00aa edi\u00e7\u00e3o da Academia de Ver\u00e3o da Midas, que vai estar a recrutar alunos de mecatr\u00f3nica de todo o pa\u00eds para um est\u00e1gio remunerado","og_url":"https:\/\/jornaldasoficinas.com\/pt\/midas-esta-a-recrutar-alunos-para-a-academia-de-verao\/","og_site_name":"Jornal das Oficinas","article_publisher":"https:\/\/www.facebook.com\/jornaloficinas","article_published_time":"2024-03-20T10:45:15+00:00","og_image":[{"width":1024,"height":581,"url":"https:\/\/jornaldasoficinas.com\/pt\/wp-content\/uploads\/2024\/03\/Midas-esta-a-recrutar-alunos-para-a-Academia-de-Verao.png","type":"image\/png"}],"author":"Reda\u00e7\u00e3o JO","twitter_card":"summary_large_image","twitter_creator":"@jornaloficinas","twitter_site":"@jornaloficinas","twitter_misc":{"Escrito por":"Reda\u00e7\u00e3o JO","Tempo estimado de leitura":"4 minutos"},"schema":{"@context":"https:\/\/schema.org","@graph":[{"@type":"Article","@id":"https:\/\/jornaldasoficinas.com\/pt\/midas-esta-a-recrutar-alunos-para-a-academia-de-verao\/#article","isPartOf":{"@id":"https:\/\/jornaldasoficinas.com\/pt\/midas-esta-a-recrutar-alunos-para-a-academia-de-verao\/"},"author":{"name":"Reda\u00e7\u00e3o JO","@id":"https:\/\/jornaldasoficinas.com\/pt\/#\/schema\/person\/a38eef5de2c41d9e7c9ac10141afddf3"},"headline":"Midas est\u00e1 a recrutar alunos para a Academia de Ver\u00e3o","datePublished":"2024-03-20T10:45:15+00:00","mainEntityOfPage":{"@id":"https:\/\/jornaldasoficinas.com\/pt\/midas-esta-a-recrutar-alunos-para-a-academia-de-verao\/"},"wordCount":546,"publisher":{"@id":"https:\/\/jornaldasoficinas.com\/pt\/#organization"},"image":{"@id":"https:\/\/jornaldasoficinas.com\/pt\/midas-esta-a-recrutar-alunos-para-a-academia-de-verao\/#primaryimage"},"thumbnailUrl":"https:\/\/jornaldasoficinas.com\/pt\/wp-content\/uploads\/2024\/03\/Midas-esta-a-recrutar-alunos-para-a-Academia-de-Verao.png","keywords":["Academia de Ver\u00e3o","alunos de mecatr\u00f3nica","est\u00e1gio remunerado","Midas","Oficinas","Open Days Midas","Top Team Midas"],"articleSection":["Empresas"],"inLanguage":"pt-PT"},{"@type":"WebPage","@id":"https:\/\/jornaldasoficinas.com\/pt\/midas-esta-a-recrutar-alunos-para-a-academia-de-verao\/","url":"https:\/\/jornaldasoficinas.com\/pt\/midas-esta-a-recrutar-alunos-para-a-academia-de-verao\/","name":"Midas est\u00e1 a recrutar alunos para a Academia de Ver\u00e3o - Jornal das Oficinas","isPartOf":{"@id":"https:\/\/jornaldasoficinas.com\/pt\/#website"},"primaryImageOfPage":{"@id":"https:\/\/jornaldasoficinas.com\/pt\/midas-esta-a-recrutar-alunos-para-a-academia-de-verao\/#primaryimage"},"image":{"@id":"https:\/\/jornaldasoficinas.com\/pt\/midas-esta-a-recrutar-alunos-para-a-academia-de-verao\/#primaryimage"},"thumbnailUrl":"https:\/\/jornaldasoficinas.com\/pt\/wp-content\/uploads\/2024\/03\/Midas-esta-a-recrutar-alunos-para-a-Academia-de-Verao.png","datePublished":"2024-03-20T10:45:15+00:00","description":"Esta j\u00e1 \u00e9 a 2\u00aa edi\u00e7\u00e3o da Academia de Ver\u00e3o da Midas, que vai estar a recrutar alunos de mecatr\u00f3nica de todo o pa\u00eds para um est\u00e1gio remunerado","breadcrumb":{"@id":"https:\/\/jornaldasoficinas.com\/pt\/midas-esta-a-recrutar-alunos-para-a-academia-de-verao\/#breadcrumb"},"inLanguage":"pt-PT","potentialAction":[{"@type":"ReadAction","target":["https:\/\/jornaldasoficinas.com\/pt\/midas-esta-a-recrutar-alunos-para-a-academia-de-verao\/"]}]},{"@type":"ImageObject","inLanguage":"pt-PT","@id":"https:\/\/jornaldasoficinas.com\/pt\/midas-esta-a-recrutar-alunos-para-a-academia-de-verao\/#primaryimage","url":"https:\/\/jornaldasoficinas.com\/pt\/wp-content\/uploads\/2024\/03\/Midas-esta-a-recrutar-alunos-para-a-Academia-de-Verao.png","contentUrl":"https:\/\/jornaldasoficinas.com\/pt\/wp-content\/uploads\/2024\/03\/Midas-esta-a-recrutar-alunos-para-a-Academia-de-Verao.png","width":1024,"height":581,"caption":"midas"},{"@type":"BreadcrumbList","@id":"https:\/\/jornaldasoficinas.com\/pt\/midas-esta-a-recrutar-alunos-para-a-academia-de-verao\/#breadcrumb","itemListElement":[{"@type":"ListItem","position":1,"name":"In\u00edcio","item":"https:\/\/jornaldasoficinas.com\/pt\/"},{"@type":"ListItem","position":2,"name":"Midas est\u00e1 a recrutar alunos para a Academia de Ver\u00e3o"}]},{"@type":"WebSite","@id":"https:\/\/jornaldasoficinas.com\/pt\/#website","url":"https:\/\/jornaldasoficinas.com\/pt\/","name":"Jornal das Oficinas","description":"Jornal independente do Aftermarket Autom\u00f3vel em Portugal","publisher":{"@id":"https:\/\/jornaldasoficinas.com\/pt\/#organization"},"potentialAction":[{"@type":"SearchAction","target":{"@type":"EntryPoint","urlTemplate":"https:\/\/jornaldasoficinas.com\/pt\/?s={search_term_string}"},"query-input":{"@type":"PropertyValueSpecification","valueRequired":true,"valueName":"search_term_string"}}],"inLanguage":"pt-PT"},{"@type":"Organization","@id":"https:\/\/jornaldasoficinas.com\/pt\/#organization","name":"Jornal das Oficinas","url":"https:\/\/jornaldasoficinas.com\/pt\/","logo":{"@type":"ImageObject","inLanguage":"pt-PT","@id":"https:\/\/jornaldasoficinas.com\/pt\/#\/schema\/logo\/image\/","url":"https:\/\/jornaldasoficinas.com\/pt\/wp-content\/uploads\/logoJO-SEO.png","contentUrl":"https:\/\/jornaldasoficinas.com\/pt\/wp-content\/uploads\/logoJO-SEO.png","width":285,"height":450,"caption":"Jornal das Oficinas"},"image":{"@id":"https:\/\/jornaldasoficinas.com\/pt\/#\/schema\/logo\/image\/"},"sameAs":["https:\/\/www.facebook.com\/jornaloficinas","https:\/\/x.com\/jornaloficinas","https:\/\/www.instagram.com\/jornal_oficinas\/","https:\/\/www.linkedin.com\/company\/jornal-das-oficinas\/","https:\/\/www.youtube.com\/channel\/UCbQZBqtcvV-oSQrr7RzINGg"]},{"@type":"Person","@id":"https:\/\/jornaldasoficinas.com\/pt\/#\/schema\/person\/a38eef5de2c41d9e7c9ac10141afddf3","name":"Reda\u00e7\u00e3o JO","image":{"@type":"ImageObject","inLanguage":"pt-PT","@id":"https:\/\/secure.gravatar.com\/avatar\/71f2fa71737ad68a84fea94bc708ddac8ea5b0c4788dc2ad202f3ccb2887742f?s=96&d=wp_user_avatar&r=g","url":"https:\/\/secure.gravatar.com\/avatar\/71f2fa71737ad68a84fea94bc708ddac8ea5b0c4788dc2ad202f3ccb2887742f?s=96&d=wp_user_avatar&r=g","contentUrl":"https:\/\/secure.gravatar.com\/avatar\/71f2fa71737ad68a84fea94bc708ddac8ea5b0c4788dc2ad202f3ccb2887742f?s=96&d=wp_user_avatar&r=g","caption":"Reda\u00e7\u00e3o JO"},"url":"https:\/\/jornaldasoficinas.com\/pt\/author\/joredacao\/"}]}},"_links":{"self":[{"href":"https:\/\/jornaldasoficinas.com\/pt\/wp-json\/wp\/v2\/posts\/81241","targetHints":{"allow":["GET"]}}],"collection":[{"href":"https:\/\/jornaldasoficinas.com\/pt\/wp-json\/wp\/v2\/posts"}],"about":[{"href":"https:\/\/jornaldasoficinas.com\/pt\/wp-json\/wp\/v2\/types\/post"}],"author":[{"embeddable":true,"href":"https:\/\/jornaldasoficinas.com\/pt\/wp-json\/wp\/v2\/users\/15"}],"replies":[{"embeddable":true,"href":"https:\/\/jornaldasoficinas.com\/pt\/wp-json\/wp\/v2\/comments?post=81241"}],"version-history":[{"count":0,"href":"https:\/\/jornaldasoficinas.com\/pt\/wp-json\/wp\/v2\/posts\/81241\/revisions"}],"wp:featuredmedia":[{"embeddable":true,"href":"https:\/\/jornaldasoficinas.com\/pt\/wp-json\/wp\/v2\/media\/81255"}],"wp:attachment":[{"href":"https:\/\/jornaldasoficinas.com\/pt\/wp-json\/wp\/v2\/media?parent=81241"}],"wp:term":[{"taxonomy":"category","embeddable":true,"href":"https:\/\/jornaldasoficinas.com\/pt\/wp-json\/wp\/v2\/categories?post=81241"},{"taxonomy":"post_tag","embeddable":true,"href":"https:\/\/jornaldasoficinas.com\/pt\/wp-json\/wp\/v2\/tags?post=81241"}],"curies":[{"name":"wp","href":"https:\/\/api.w.org\/{rel}","templated":true}]}}