{"id":81263,"date":"2024-03-20T13:14:47","date_gmt":"2024-03-20T13:14:47","guid":{"rendered":"https:\/\/jornaldasoficinas.com\/pt\/?p=81263"},"modified":"2024-03-20T13:14:47","modified_gmt":"2024-03-20T13:14:47","slug":"idap-nexus-iberia-celebra-10-anos-com-mudanca-de-visual","status":"publish","type":"post","link":"https:\/\/jornaldasoficinas.com\/pt\/idap-nexus-iberia-celebra-10-anos-com-mudanca-de-visual\/","title":{"rendered":"IDAP | Nexus Ib\u00e9ria celebra 10 anos com mudan\u00e7a de visual"},"content":{"rendered":"<p><img loading=\"lazy\" decoding=\"async\" class=\"alignnone size-full wp-image-81269\" src=\"https:\/\/jornaldasoficinas.com\/pt\/wp-content\/uploads\/2024\/03\/IDAP-Nexus-Iberia-celebra-10-anos-com-mudanca-de-visual.jpg\" alt=\"03 - IDAP Nexus Iberia celebra 10 anos com mudanca de visual\" width=\"1024\" height=\"581\" srcset=\"https:\/\/jornaldasoficinas.com\/pt\/wp-content\/uploads\/2024\/03\/IDAP-Nexus-Iberia-celebra-10-anos-com-mudanca-de-visual.jpg 1024w, https:\/\/jornaldasoficinas.com\/pt\/wp-content\/uploads\/2024\/03\/IDAP-Nexus-Iberia-celebra-10-anos-com-mudanca-de-visual-300x170.jpg 300w, https:\/\/jornaldasoficinas.com\/pt\/wp-content\/uploads\/2024\/03\/IDAP-Nexus-Iberia-celebra-10-anos-com-mudanca-de-visual-150x85.jpg 150w, https:\/\/jornaldasoficinas.com\/pt\/wp-content\/uploads\/2024\/03\/IDAP-Nexus-Iberia-celebra-10-anos-com-mudanca-de-visual-768x436.jpg 768w\" sizes=\"auto, (max-width: 1024px) 100vw, 1024px\" \/><\/p>\n<p><strong>A <a href=\"https:\/\/www.nexusiberia.com\/en\">IDAP | Nexus Ib\u00e9ria<\/a> anunciou o lan\u00e7amento da sua nova imagem corporativa juntamente com um totalmente website renovado<\/strong><\/p>\n<p>Para comemorar o 10\u00ba anivers\u00e1rio da Nexus Automotive International, o Grupo IDAP passa agora a ser IDAP | Nexus Ib\u00e9ria, refletindo assim a sua aposta cont\u00ednua no grupo internacional, mas tamb\u00e9m na inova\u00e7\u00e3o e excel\u00eancia no mercado ib\u00e9rico. Com um design que segue os par\u00e2metros definidos pela Nexus Automotive International, a imagem corporativa representa a evolu\u00e7\u00e3o do grupo e a sua adapta\u00e7\u00e3o \u00e0s novas exig\u00eancias do mercado.<\/p>\n<p>Al\u00e9m da &#8220;mudan\u00e7a de visual&#8221;, o grupo Ib\u00e9rico orgulha-se de apresentar o seu website totalmente redesenhado, com o objetivo de proporcionar uma navega\u00e7\u00e3o mais intuitiva e uma melhor experi\u00eancia de utiliza\u00e7\u00e3o. O website oferece uma interface mais din\u00e2mica e funcionalidades adicionais para garantir informa\u00e7\u00f5es completas e f\u00e1ceis de encontrar.<\/p>\n<p>O novo website apresenta tamb\u00e9m uma nova op\u00e7\u00e3o \u2014 o acesso a uma tour virtual por dentro de cada uma das instala\u00e7\u00f5es dos 5 associados que comp\u00f5em o IDAP | Nexus Ib\u00e9ria \u2014, sendo estes a AGR (Andel e Grupauto), Aser, HolyAuto, Serca e Urvi. A visita virtual permite aos visitantes aceder \u00e0s instala\u00e7\u00f5es de cada empresa de forma imersiva a partir do conforto do seu pr\u00f3prio dispositivo, eliminando assim barreiras geogr\u00e1ficas. Al\u00e9m disso, e de forma a aumentar o alcance do p\u00fablico, apresenta-se num modelo multilingue (espanhol\/ingl\u00eas), o que oferece in\u00fameras vantagens em termos de alcance global, experi\u00eancia do utilizador, confian\u00e7a do cliente, convers\u00e3o, competitividade de mercado e SEO internacional.<\/p>\n<p>&#8220;\u00c9 com grande satisfa\u00e7\u00e3o que apresentamos a nossa nova imagem corporativa e o website renovado, um investimento valioso para que os nossos parceiros, fornecedores e clientes continuem a ter uma presen\u00e7a s\u00f3lida na Pen\u00ednsula Ib\u00e9rica&#8221;, afirmou Aranca Negru, coordenadora internacional.<\/p>\n<p>&#8220;Esta atualiza\u00e7\u00e3o reflete o nosso compromisso cont\u00ednuo com a inova\u00e7\u00e3o e a melhoria constante para responder \u00e0s necessidades dos nossos parceiros. Estamos confiantes que esta nova identidade fortalecer\u00e1 a nossa posi\u00e7\u00e3o no mercado e nos permitir\u00e1 continuar a prestar um servi\u00e7o excepcional&#8221; acrescentou Llu\u00eds Tarr\u00e9s , CEO do IDAP | Nexus Ib\u00e9ria.<\/p>\n<p>Para explorar as novas funcionalidades do website, clique <a href=\"https:\/\/www.nexusiberia.com\/en\">aqui<\/a>.<\/p>\n","protected":false},"excerpt":{"rendered":"<p>A IDAP | Nexus Ib\u00e9ria anunciou&#8230;<\/p>\n","protected":false},"author":15,"featured_media":81269,"comment_status":"closed","ping_status":"closed","sticky":false,"template":"","format":"standard","meta":{"footnotes":""},"categories":[29],"tags":[6980,8050,2564,7827,8047,5088,8049,8046],"class_list":["post-81263","post","type-post","status-publish","format-standard","has-post-thumbnail","hentry","category-empresas","tag-10o-aniversario","tag-alcance-mais-global","tag-idap","tag-nexus-automotive-international","tag-nexus-iberia","tag-nova-imagem","tag-tour-virtual","tag-website-renovado"],"yoast_head":"<!-- This site is optimized with the Yoast SEO plugin v27.5 - https:\/\/yoast.com\/product\/yoast-seo-wordpress\/ -->\n<title>IDAP | Nexus Ib\u00e9ria celebra 10 anos com mudan\u00e7a de visual - Jornal das Oficinas<\/title>\n<meta name=\"description\" content=\"A IDAP | Nexus Iberia anunciou o lan\u00e7amento da sua nova imagem corporativa juntamente com um totalmente website renovado\" \/>\n<meta name=\"robots\" content=\"index, follow, max-snippet:-1, max-image-preview:large, max-video-preview:-1\" \/>\n<link rel=\"canonical\" href=\"https:\/\/jornaldasoficinas.com\/pt\/idap-nexus-iberia-celebra-10-anos-com-mudanca-de-visual\/\" \/>\n<meta property=\"og:locale\" content=\"pt_PT\" \/>\n<meta property=\"og:type\" content=\"article\" \/>\n<meta property=\"og:title\" content=\"IDAP | Nexus Ib\u00e9ria celebra 10 anos com mudan\u00e7a de visual - Jornal das Oficinas\" \/>\n<meta property=\"og:description\" content=\"A IDAP | Nexus Iberia anunciou o lan\u00e7amento da sua nova imagem corporativa juntamente com um totalmente website renovado\" \/>\n<meta property=\"og:url\" content=\"https:\/\/jornaldasoficinas.com\/pt\/idap-nexus-iberia-celebra-10-anos-com-mudanca-de-visual\/\" \/>\n<meta property=\"og:site_name\" content=\"Jornal das Oficinas\" \/>\n<meta property=\"article:publisher\" content=\"https:\/\/www.facebook.com\/jornaloficinas\" \/>\n<meta property=\"article:published_time\" content=\"2024-03-20T13:14:47+00:00\" \/>\n<meta property=\"og:image\" content=\"https:\/\/jornaldasoficinas.com\/pt\/wp-content\/uploads\/2024\/03\/IDAP-Nexus-Iberia-celebra-10-anos-com-mudanca-de-visual.jpg\" \/>\n\t<meta property=\"og:image:width\" content=\"1024\" \/>\n\t<meta property=\"og:image:height\" content=\"581\" \/>\n\t<meta property=\"og:image:type\" content=\"image\/jpeg\" \/>\n<meta name=\"author\" content=\"Reda\u00e7\u00e3o JO\" \/>\n<meta name=\"twitter:card\" content=\"summary_large_image\" \/>\n<meta name=\"twitter:creator\" content=\"@jornaloficinas\" \/>\n<meta name=\"twitter:site\" content=\"@jornaloficinas\" \/>\n<meta name=\"twitter:label1\" content=\"Escrito por\" \/>\n\t<meta name=\"twitter:data1\" content=\"Reda\u00e7\u00e3o JO\" \/>\n\t<meta name=\"twitter:label2\" content=\"Tempo estimado de leitura\" \/>\n\t<meta name=\"twitter:data2\" content=\"3 minutos\" \/>\n<script type=\"application\/ld+json\" class=\"yoast-schema-graph\">{\"@context\":\"https:\\\/\\\/schema.org\",\"@graph\":[{\"@type\":\"Article\",\"@id\":\"https:\\\/\\\/jornaldasoficinas.com\\\/pt\\\/idap-nexus-iberia-celebra-10-anos-com-mudanca-de-visual\\\/#article\",\"isPartOf\":{\"@id\":\"https:\\\/\\\/jornaldasoficinas.com\\\/pt\\\/idap-nexus-iberia-celebra-10-anos-com-mudanca-de-visual\\\/\"},\"author\":{\"name\":\"Reda\u00e7\u00e3o JO\",\"@id\":\"https:\\\/\\\/jornaldasoficinas.com\\\/pt\\\/#\\\/schema\\\/person\\\/a38eef5de2c41d9e7c9ac10141afddf3\"},\"headline\":\"IDAP | Nexus Ib\u00e9ria celebra 10 anos com mudan\u00e7a de visual\",\"datePublished\":\"2024-03-20T13:14:47+00:00\",\"mainEntityOfPage\":{\"@id\":\"https:\\\/\\\/jornaldasoficinas.com\\\/pt\\\/idap-nexus-iberia-celebra-10-anos-com-mudanca-de-visual\\\/\"},\"wordCount\":399,\"publisher\":{\"@id\":\"https:\\\/\\\/jornaldasoficinas.com\\\/pt\\\/#organization\"},\"image\":{\"@id\":\"https:\\\/\\\/jornaldasoficinas.com\\\/pt\\\/idap-nexus-iberia-celebra-10-anos-com-mudanca-de-visual\\\/#primaryimage\"},\"thumbnailUrl\":\"https:\\\/\\\/jornaldasoficinas.com\\\/pt\\\/wp-content\\\/uploads\\\/2024\\\/03\\\/IDAP-Nexus-Iberia-celebra-10-anos-com-mudanca-de-visual.jpg\",\"keywords\":[\"10\u00ba anivers\u00e1rio\",\"alcance mais global\",\"IDAP\",\"NEXUS Automotive International\",\"Nexus Ib\u00e9ria\",\"nova imagem\",\"tour virtual\",\"website renovado\"],\"articleSection\":[\"Empresas\"],\"inLanguage\":\"pt-PT\"},{\"@type\":\"WebPage\",\"@id\":\"https:\\\/\\\/jornaldasoficinas.com\\\/pt\\\/idap-nexus-iberia-celebra-10-anos-com-mudanca-de-visual\\\/\",\"url\":\"https:\\\/\\\/jornaldasoficinas.com\\\/pt\\\/idap-nexus-iberia-celebra-10-anos-com-mudanca-de-visual\\\/\",\"name\":\"IDAP | Nexus Ib\u00e9ria celebra 10 anos com mudan\u00e7a de visual - Jornal das Oficinas\",\"isPartOf\":{\"@id\":\"https:\\\/\\\/jornaldasoficinas.com\\\/pt\\\/#website\"},\"primaryImageOfPage\":{\"@id\":\"https:\\\/\\\/jornaldasoficinas.com\\\/pt\\\/idap-nexus-iberia-celebra-10-anos-com-mudanca-de-visual\\\/#primaryimage\"},\"image\":{\"@id\":\"https:\\\/\\\/jornaldasoficinas.com\\\/pt\\\/idap-nexus-iberia-celebra-10-anos-com-mudanca-de-visual\\\/#primaryimage\"},\"thumbnailUrl\":\"https:\\\/\\\/jornaldasoficinas.com\\\/pt\\\/wp-content\\\/uploads\\\/2024\\\/03\\\/IDAP-Nexus-Iberia-celebra-10-anos-com-mudanca-de-visual.jpg\",\"datePublished\":\"2024-03-20T13:14:47+00:00\",\"description\":\"A IDAP | Nexus Iberia anunciou o lan\u00e7amento da sua nova imagem corporativa juntamente com um totalmente website renovado\",\"breadcrumb\":{\"@id\":\"https:\\\/\\\/jornaldasoficinas.com\\\/pt\\\/idap-nexus-iberia-celebra-10-anos-com-mudanca-de-visual\\\/#breadcrumb\"},\"inLanguage\":\"pt-PT\",\"potentialAction\":[{\"@type\":\"ReadAction\",\"target\":[\"https:\\\/\\\/jornaldasoficinas.com\\\/pt\\\/idap-nexus-iberia-celebra-10-anos-com-mudanca-de-visual\\\/\"]}]},{\"@type\":\"ImageObject\",\"inLanguage\":\"pt-PT\",\"@id\":\"https:\\\/\\\/jornaldasoficinas.com\\\/pt\\\/idap-nexus-iberia-celebra-10-anos-com-mudanca-de-visual\\\/#primaryimage\",\"url\":\"https:\\\/\\\/jornaldasoficinas.com\\\/pt\\\/wp-content\\\/uploads\\\/2024\\\/03\\\/IDAP-Nexus-Iberia-celebra-10-anos-com-mudanca-de-visual.jpg\",\"contentUrl\":\"https:\\\/\\\/jornaldasoficinas.com\\\/pt\\\/wp-content\\\/uploads\\\/2024\\\/03\\\/IDAP-Nexus-Iberia-celebra-10-anos-com-mudanca-de-visual.jpg\",\"width\":1024,\"height\":581,\"caption\":\"03 - IDAP Nexus Iberia celebra 10 anos com mudanca de visual\"},{\"@type\":\"BreadcrumbList\",\"@id\":\"https:\\\/\\\/jornaldasoficinas.com\\\/pt\\\/idap-nexus-iberia-celebra-10-anos-com-mudanca-de-visual\\\/#breadcrumb\",\"itemListElement\":[{\"@type\":\"ListItem\",\"position\":1,\"name\":\"In\u00edcio\",\"item\":\"https:\\\/\\\/jornaldasoficinas.com\\\/pt\\\/\"},{\"@type\":\"ListItem\",\"position\":2,\"name\":\"IDAP | Nexus Ib\u00e9ria celebra 10 anos com mudan\u00e7a de visual\"}]},{\"@type\":\"WebSite\",\"@id\":\"https:\\\/\\\/jornaldasoficinas.com\\\/pt\\\/#website\",\"url\":\"https:\\\/\\\/jornaldasoficinas.com\\\/pt\\\/\",\"name\":\"Jornal das Oficinas\",\"description\":\"Jornal independente do Aftermarket Autom\u00f3vel em Portugal\",\"publisher\":{\"@id\":\"https:\\\/\\\/jornaldasoficinas.com\\\/pt\\\/#organization\"},\"potentialAction\":[{\"@type\":\"SearchAction\",\"target\":{\"@type\":\"EntryPoint\",\"urlTemplate\":\"https:\\\/\\\/jornaldasoficinas.com\\\/pt\\\/?s={search_term_string}\"},\"query-input\":{\"@type\":\"PropertyValueSpecification\",\"valueRequired\":true,\"valueName\":\"search_term_string\"}}],\"inLanguage\":\"pt-PT\"},{\"@type\":\"Organization\",\"@id\":\"https:\\\/\\\/jornaldasoficinas.com\\\/pt\\\/#organization\",\"name\":\"Jornal das Oficinas\",\"url\":\"https:\\\/\\\/jornaldasoficinas.com\\\/pt\\\/\",\"logo\":{\"@type\":\"ImageObject\",\"inLanguage\":\"pt-PT\",\"@id\":\"https:\\\/\\\/jornaldasoficinas.com\\\/pt\\\/#\\\/schema\\\/logo\\\/image\\\/\",\"url\":\"https:\\\/\\\/jornaldasoficinas.com\\\/pt\\\/wp-content\\\/uploads\\\/logoJO-SEO.png\",\"contentUrl\":\"https:\\\/\\\/jornaldasoficinas.com\\\/pt\\\/wp-content\\\/uploads\\\/logoJO-SEO.png\",\"width\":285,\"height\":450,\"caption\":\"Jornal das Oficinas\"},\"image\":{\"@id\":\"https:\\\/\\\/jornaldasoficinas.com\\\/pt\\\/#\\\/schema\\\/logo\\\/image\\\/\"},\"sameAs\":[\"https:\\\/\\\/www.facebook.com\\\/jornaloficinas\",\"https:\\\/\\\/x.com\\\/jornaloficinas\",\"https:\\\/\\\/www.instagram.com\\\/jornal_oficinas\\\/\",\"https:\\\/\\\/www.linkedin.com\\\/company\\\/jornal-das-oficinas\\\/\",\"https:\\\/\\\/www.youtube.com\\\/channel\\\/UCbQZBqtcvV-oSQrr7RzINGg\"]},{\"@type\":\"Person\",\"@id\":\"https:\\\/\\\/jornaldasoficinas.com\\\/pt\\\/#\\\/schema\\\/person\\\/a38eef5de2c41d9e7c9ac10141afddf3\",\"name\":\"Reda\u00e7\u00e3o JO\",\"image\":{\"@type\":\"ImageObject\",\"inLanguage\":\"pt-PT\",\"@id\":\"https:\\\/\\\/secure.gravatar.com\\\/avatar\\\/71f2fa71737ad68a84fea94bc708ddac8ea5b0c4788dc2ad202f3ccb2887742f?s=96&d=wp_user_avatar&r=g\",\"url\":\"https:\\\/\\\/secure.gravatar.com\\\/avatar\\\/71f2fa71737ad68a84fea94bc708ddac8ea5b0c4788dc2ad202f3ccb2887742f?s=96&d=wp_user_avatar&r=g\",\"contentUrl\":\"https:\\\/\\\/secure.gravatar.com\\\/avatar\\\/71f2fa71737ad68a84fea94bc708ddac8ea5b0c4788dc2ad202f3ccb2887742f?s=96&d=wp_user_avatar&r=g\",\"caption\":\"Reda\u00e7\u00e3o JO\"},\"url\":\"https:\\\/\\\/jornaldasoficinas.com\\\/pt\\\/author\\\/joredacao\\\/\"}]}<\/script>\n<!-- \/ Yoast SEO plugin. -->","yoast_head_json":{"title":"IDAP | Nexus Ib\u00e9ria celebra 10 anos com mudan\u00e7a de visual - Jornal das Oficinas","description":"A IDAP | Nexus Iberia anunciou o lan\u00e7amento da sua nova imagem corporativa juntamente com um totalmente website renovado","robots":{"index":"index","follow":"follow","max-snippet":"max-snippet:-1","max-image-preview":"max-image-preview:large","max-video-preview":"max-video-preview:-1"},"canonical":"https:\/\/jornaldasoficinas.com\/pt\/idap-nexus-iberia-celebra-10-anos-com-mudanca-de-visual\/","og_locale":"pt_PT","og_type":"article","og_title":"IDAP | Nexus Ib\u00e9ria celebra 10 anos com mudan\u00e7a de visual - Jornal das Oficinas","og_description":"A IDAP | Nexus Iberia anunciou o lan\u00e7amento da sua nova imagem corporativa juntamente com um totalmente website renovado","og_url":"https:\/\/jornaldasoficinas.com\/pt\/idap-nexus-iberia-celebra-10-anos-com-mudanca-de-visual\/","og_site_name":"Jornal das Oficinas","article_publisher":"https:\/\/www.facebook.com\/jornaloficinas","article_published_time":"2024-03-20T13:14:47+00:00","og_image":[{"width":1024,"height":581,"url":"https:\/\/jornaldasoficinas.com\/pt\/wp-content\/uploads\/2024\/03\/IDAP-Nexus-Iberia-celebra-10-anos-com-mudanca-de-visual.jpg","type":"image\/jpeg"}],"author":"Reda\u00e7\u00e3o JO","twitter_card":"summary_large_image","twitter_creator":"@jornaloficinas","twitter_site":"@jornaloficinas","twitter_misc":{"Escrito por":"Reda\u00e7\u00e3o JO","Tempo estimado de leitura":"3 minutos"},"schema":{"@context":"https:\/\/schema.org","@graph":[{"@type":"Article","@id":"https:\/\/jornaldasoficinas.com\/pt\/idap-nexus-iberia-celebra-10-anos-com-mudanca-de-visual\/#article","isPartOf":{"@id":"https:\/\/jornaldasoficinas.com\/pt\/idap-nexus-iberia-celebra-10-anos-com-mudanca-de-visual\/"},"author":{"name":"Reda\u00e7\u00e3o JO","@id":"https:\/\/jornaldasoficinas.com\/pt\/#\/schema\/person\/a38eef5de2c41d9e7c9ac10141afddf3"},"headline":"IDAP | Nexus Ib\u00e9ria celebra 10 anos com mudan\u00e7a de visual","datePublished":"2024-03-20T13:14:47+00:00","mainEntityOfPage":{"@id":"https:\/\/jornaldasoficinas.com\/pt\/idap-nexus-iberia-celebra-10-anos-com-mudanca-de-visual\/"},"wordCount":399,"publisher":{"@id":"https:\/\/jornaldasoficinas.com\/pt\/#organization"},"image":{"@id":"https:\/\/jornaldasoficinas.com\/pt\/idap-nexus-iberia-celebra-10-anos-com-mudanca-de-visual\/#primaryimage"},"thumbnailUrl":"https:\/\/jornaldasoficinas.com\/pt\/wp-content\/uploads\/2024\/03\/IDAP-Nexus-Iberia-celebra-10-anos-com-mudanca-de-visual.jpg","keywords":["10\u00ba anivers\u00e1rio","alcance mais global","IDAP","NEXUS Automotive International","Nexus Ib\u00e9ria","nova imagem","tour virtual","website renovado"],"articleSection":["Empresas"],"inLanguage":"pt-PT"},{"@type":"WebPage","@id":"https:\/\/jornaldasoficinas.com\/pt\/idap-nexus-iberia-celebra-10-anos-com-mudanca-de-visual\/","url":"https:\/\/jornaldasoficinas.com\/pt\/idap-nexus-iberia-celebra-10-anos-com-mudanca-de-visual\/","name":"IDAP | Nexus Ib\u00e9ria celebra 10 anos com mudan\u00e7a de visual - Jornal das Oficinas","isPartOf":{"@id":"https:\/\/jornaldasoficinas.com\/pt\/#website"},"primaryImageOfPage":{"@id":"https:\/\/jornaldasoficinas.com\/pt\/idap-nexus-iberia-celebra-10-anos-com-mudanca-de-visual\/#primaryimage"},"image":{"@id":"https:\/\/jornaldasoficinas.com\/pt\/idap-nexus-iberia-celebra-10-anos-com-mudanca-de-visual\/#primaryimage"},"thumbnailUrl":"https:\/\/jornaldasoficinas.com\/pt\/wp-content\/uploads\/2024\/03\/IDAP-Nexus-Iberia-celebra-10-anos-com-mudanca-de-visual.jpg","datePublished":"2024-03-20T13:14:47+00:00","description":"A IDAP | Nexus Iberia anunciou o lan\u00e7amento da sua nova imagem corporativa juntamente com um totalmente website renovado","breadcrumb":{"@id":"https:\/\/jornaldasoficinas.com\/pt\/idap-nexus-iberia-celebra-10-anos-com-mudanca-de-visual\/#breadcrumb"},"inLanguage":"pt-PT","potentialAction":[{"@type":"ReadAction","target":["https:\/\/jornaldasoficinas.com\/pt\/idap-nexus-iberia-celebra-10-anos-com-mudanca-de-visual\/"]}]},{"@type":"ImageObject","inLanguage":"pt-PT","@id":"https:\/\/jornaldasoficinas.com\/pt\/idap-nexus-iberia-celebra-10-anos-com-mudanca-de-visual\/#primaryimage","url":"https:\/\/jornaldasoficinas.com\/pt\/wp-content\/uploads\/2024\/03\/IDAP-Nexus-Iberia-celebra-10-anos-com-mudanca-de-visual.jpg","contentUrl":"https:\/\/jornaldasoficinas.com\/pt\/wp-content\/uploads\/2024\/03\/IDAP-Nexus-Iberia-celebra-10-anos-com-mudanca-de-visual.jpg","width":1024,"height":581,"caption":"03 - IDAP Nexus Iberia celebra 10 anos com mudanca de visual"},{"@type":"BreadcrumbList","@id":"https:\/\/jornaldasoficinas.com\/pt\/idap-nexus-iberia-celebra-10-anos-com-mudanca-de-visual\/#breadcrumb","itemListElement":[{"@type":"ListItem","position":1,"name":"In\u00edcio","item":"https:\/\/jornaldasoficinas.com\/pt\/"},{"@type":"ListItem","position":2,"name":"IDAP | Nexus Ib\u00e9ria celebra 10 anos com mudan\u00e7a de visual"}]},{"@type":"WebSite","@id":"https:\/\/jornaldasoficinas.com\/pt\/#website","url":"https:\/\/jornaldasoficinas.com\/pt\/","name":"Jornal das Oficinas","description":"Jornal independente do Aftermarket Autom\u00f3vel em Portugal","publisher":{"@id":"https:\/\/jornaldasoficinas.com\/pt\/#organization"},"potentialAction":[{"@type":"SearchAction","target":{"@type":"EntryPoint","urlTemplate":"https:\/\/jornaldasoficinas.com\/pt\/?s={search_term_string}"},"query-input":{"@type":"PropertyValueSpecification","valueRequired":true,"valueName":"search_term_string"}}],"inLanguage":"pt-PT"},{"@type":"Organization","@id":"https:\/\/jornaldasoficinas.com\/pt\/#organization","name":"Jornal das Oficinas","url":"https:\/\/jornaldasoficinas.com\/pt\/","logo":{"@type":"ImageObject","inLanguage":"pt-PT","@id":"https:\/\/jornaldasoficinas.com\/pt\/#\/schema\/logo\/image\/","url":"https:\/\/jornaldasoficinas.com\/pt\/wp-content\/uploads\/logoJO-SEO.png","contentUrl":"https:\/\/jornaldasoficinas.com\/pt\/wp-content\/uploads\/logoJO-SEO.png","width":285,"height":450,"caption":"Jornal das Oficinas"},"image":{"@id":"https:\/\/jornaldasoficinas.com\/pt\/#\/schema\/logo\/image\/"},"sameAs":["https:\/\/www.facebook.com\/jornaloficinas","https:\/\/x.com\/jornaloficinas","https:\/\/www.instagram.com\/jornal_oficinas\/","https:\/\/www.linkedin.com\/company\/jornal-das-oficinas\/","https:\/\/www.youtube.com\/channel\/UCbQZBqtcvV-oSQrr7RzINGg"]},{"@type":"Person","@id":"https:\/\/jornaldasoficinas.com\/pt\/#\/schema\/person\/a38eef5de2c41d9e7c9ac10141afddf3","name":"Reda\u00e7\u00e3o JO","image":{"@type":"ImageObject","inLanguage":"pt-PT","@id":"https:\/\/secure.gravatar.com\/avatar\/71f2fa71737ad68a84fea94bc708ddac8ea5b0c4788dc2ad202f3ccb2887742f?s=96&d=wp_user_avatar&r=g","url":"https:\/\/secure.gravatar.com\/avatar\/71f2fa71737ad68a84fea94bc708ddac8ea5b0c4788dc2ad202f3ccb2887742f?s=96&d=wp_user_avatar&r=g","contentUrl":"https:\/\/secure.gravatar.com\/avatar\/71f2fa71737ad68a84fea94bc708ddac8ea5b0c4788dc2ad202f3ccb2887742f?s=96&d=wp_user_avatar&r=g","caption":"Reda\u00e7\u00e3o JO"},"url":"https:\/\/jornaldasoficinas.com\/pt\/author\/joredacao\/"}]}},"_links":{"self":[{"href":"https:\/\/jornaldasoficinas.com\/pt\/wp-json\/wp\/v2\/posts\/81263","targetHints":{"allow":["GET"]}}],"collection":[{"href":"https:\/\/jornaldasoficinas.com\/pt\/wp-json\/wp\/v2\/posts"}],"about":[{"href":"https:\/\/jornaldasoficinas.com\/pt\/wp-json\/wp\/v2\/types\/post"}],"author":[{"embeddable":true,"href":"https:\/\/jornaldasoficinas.com\/pt\/wp-json\/wp\/v2\/users\/15"}],"replies":[{"embeddable":true,"href":"https:\/\/jornaldasoficinas.com\/pt\/wp-json\/wp\/v2\/comments?post=81263"}],"version-history":[{"count":0,"href":"https:\/\/jornaldasoficinas.com\/pt\/wp-json\/wp\/v2\/posts\/81263\/revisions"}],"wp:featuredmedia":[{"embeddable":true,"href":"https:\/\/jornaldasoficinas.com\/pt\/wp-json\/wp\/v2\/media\/81269"}],"wp:attachment":[{"href":"https:\/\/jornaldasoficinas.com\/pt\/wp-json\/wp\/v2\/media?parent=81263"}],"wp:term":[{"taxonomy":"category","embeddable":true,"href":"https:\/\/jornaldasoficinas.com\/pt\/wp-json\/wp\/v2\/categories?post=81263"},{"taxonomy":"post_tag","embeddable":true,"href":"https:\/\/jornaldasoficinas.com\/pt\/wp-json\/wp\/v2\/tags?post=81263"}],"curies":[{"name":"wp","href":"https:\/\/api.w.org\/{rel}","templated":true}]}}