{"id":81355,"date":"2024-03-21T19:08:19","date_gmt":"2024-03-21T19:08:19","guid":{"rendered":"https:\/\/jornaldasoficinas.com\/pt\/?p=81355"},"modified":"2024-03-22T12:43:31","modified_gmt":"2024-03-22T12:43:31","slug":"ancav-cria-certificado-distintivo-peca-verde","status":"publish","type":"post","link":"https:\/\/jornaldasoficinas.com\/pt\/ancav-cria-certificado-distintivo-peca-verde\/","title":{"rendered":"ANCAV cria certificado distintivo \u201cPe\u00e7a Verde\u201d"},"content":{"rendered":"<p><img loading=\"lazy\" decoding=\"async\" class=\"alignnone size-full wp-image-81359\" src=\"https:\/\/jornaldasoficinas.com\/pt\/wp-content\/uploads\/2024\/03\/Peca-Verde.jpg\" alt=\"03 - Peca Verde\" width=\"1024\" height=\"581\" srcset=\"https:\/\/jornaldasoficinas.com\/pt\/wp-content\/uploads\/2024\/03\/Peca-Verde.jpg 1024w, https:\/\/jornaldasoficinas.com\/pt\/wp-content\/uploads\/2024\/03\/Peca-Verde-300x170.jpg 300w, https:\/\/jornaldasoficinas.com\/pt\/wp-content\/uploads\/2024\/03\/Peca-Verde-150x85.jpg 150w, https:\/\/jornaldasoficinas.com\/pt\/wp-content\/uploads\/2024\/03\/Peca-Verde-768x436.jpg 768w\" sizes=\"auto, (max-width: 1024px) 100vw, 1024px\" \/><\/p>\n<p><strong>Foi hoje, dia 21 de mar\u00e7o, no Hotel Villa Batalha, que a <a href=\"https:\/\/ancav.pt\/\">ANCAV \u2013 Associa\u00e7\u00e3o Nacional dos Centros de Abate de Ve\u00edculos<\/a>, organizou um evento para a apresenta\u00e7\u00e3o da certifica\u00e7\u00e3o &#8220;Pe\u00e7a Verde&#8221;, que reuniu diversas entidades como a <a href=\"https:\/\/apambiente.pt\/\">APA<\/a>, <a href=\"https:\/\/www.valorcar.pt\/pt\">VALORCAR<\/a>, <a href=\"https:\/\/zero.ong\/\">ZERO<\/a>, <a href=\"https:\/\/www.anecra.pt\/\">ANECRA<\/a>, <a href=\"https:\/\/fidelidadecarservice.pt\/\">Fidelidade Car Service<\/a> e <a href=\"https:\/\/uaubs.com\/\">UAU BS<\/a>, no mesmo espa\u00e7o<\/strong><\/p>\n<p>Para caminhar &#8220;rumo \u00e0 sustentabilidade&#8221;, a ANCAV \u2013 Associa\u00e7\u00e3o Nacional dos Centros de Abate de Ve\u00edculos, organizou um evento para anunciar o lan\u00e7amento da marca registada &#8220;Pe\u00e7a Verde&#8221;, na presen\u00e7a de diversas entidades que caracterizaram a atual vertente ambiental e econ\u00f3mica no setor.<\/p>\n<p>Para dar in\u00edcio ao evento, Vitor Pereira, Presidente da ANCAV, come\u00e7ou por contextualizar o projeto, referindo que a marca inovadora &#8220;Pe\u00e7a Verde&#8221;, consiste numa nova certifica\u00e7\u00e3o de centros de abate que visa dotar os mesmos de uma chancela diferenciadora de car\u00e1cter t\u00e9cnico e ambiental. Al\u00e9m disso, esta diferencia\u00e7\u00e3o ir\u00e1 legitimar a utiliza\u00e7\u00e3o de pe\u00e7as verdes quer pelo p\u00fablico geral quer por reparadores institucionais, tais como, companhias de seguro, reparadores oficiais de autom\u00f3veis e outros canais de distribui\u00e7\u00e3o.<\/p>\n<p>Durante a primeira mesa de debate, dedicada \u00e0 componente ambiental, estiveram presentes Gracinda Marote, da APA &#8211; Ag\u00eancia Portuguesa do Ambiente, Jos\u00e9 Amaral, da VALORCAR, Rui Berkemeier, da ZERO, e Vitor Pereira da ANCAV.<\/p>\n<p>Para Gracinda Marote, &#8220;esta certifica\u00e7\u00e3o \u00e9 uma iniciativa que, para n\u00f3s, se enquadra dentro daquilo que s\u00e3o os princ\u00edpios da economia circular&#8221;.<\/p>\n<p>Segundo Jos\u00e9 Amaral, &#8220;n\u00f3s temos como objetivo maximizar a circularidade dos ve\u00edculos, e esta iniciativa vem mostrar que estamos no caminho certo&#8221;, e acrescenta, &#8220;\u00e9 tamb\u00e9m importante, por outro lado, a promo\u00e7\u00e3o do desempenho econ\u00f3mico das empresas. Queremos proteger o ambiente mas tamb\u00e9m temos de ter centros que, daqui a 10 ou 20 anos o fa\u00e7am e sejam um bom exemplo em termos m\u00e9dios daquilo que se faz no resto da Europa&#8221;.<\/p>\n<p>De acordo com Rui Berkemeier, &#8220;Com esta certifica\u00e7\u00e3o vamos ter mais uma ferramenta para certificar a qualidade ambiental. \u00c9 quase dif\u00edcil encontrar um sistema com tantas vertentes positivas como este&#8221;.<\/p>\n<p>Para finalizar, Vitor Pereira, referiu que &#8220;Estava longe de pensar que o projeto se tornaria naquilo que \u00e9 hoje, e tenho a certeza de que daqui a uns anos ser\u00e1 muito maior e muito mais robusto&#8221;.<\/p>\n<p>Al\u00e9m da vertente ambiental, tamb\u00e9m foi debatido o dom\u00ednio econ\u00f3mico, que pode ficar a conhecer no Jornal das Oficinas, impresso, de abril\/maio de 2024.<\/p>\n<p>Estivemos \u00e0 conversa com Vitor Pereira, da ANCAV, veja <a href=\"https:\/\/fb.watch\/qYfFEYYekh\/\">aqui<\/a>.<\/p>\n<p>&nbsp;<\/p>\n<div class=\"wonderplugingallery-container\" id=\"wonderplugingallery-container-192\" style=\"max-width:960px;margin:0 auto;\"><div class=\"wonderplugingallery\" id=\"wonderplugingallery-192\" data-galleryid=\"192\" data-width=\"960\" data-height=\"540\" data-skin=\"gallery\" data-playsinline=\"false\" data-mutevideo=\"false\" data-random=\"false\" data-autoslide=\"false\" data-autoplayvideo=\"false\" data-schemamarkup=\"false\" data-stopallplaying=\"false\" data-reloadonvideoend=\"false\" data-donotuseposter=\"false\" data-enabletabindex=\"false\" data-loadnextonvideoend=\"false\" data-hidetitlewhenvideoisplaying=\"false\" data-disablehovereventontouch=\"false\" data-autoslideandplayafterfirstplayed=\"false\" data-html5player=\"true\" data-responsive=\"true\" data-fullwidth=\"false\" data-showtitle=\"true\" data-showdescription=\"true\" data-showplaybutton=\"true\" data-showfullscreenbutton=\"true\" data-showtimer=\"true\" data-showcarousel=\"true\" data-galleryshadow=\"false\" data-slideshadow=\"true\" data-thumbshowtitle=\"false\" data-thumbshowimage=\"true\" data-thumbshadow=\"true\" data-lightboxshowtitle=\"true\" data-lightboxshowdescription=\"true\" data-specifyid=\"true\" data-donotinit=\"false\" data-addinitscript=\"false\" data-triggerresize=\"false\" data-thumbcolumnsresponsive=\"false\" data-thumbverticalmiddle=\"true\" data-removeinlinecss=\"true\" data-switchonmouseover=\"false\" data-showcategory=\"true\" data-carouselpagination=\"false\" data-showimgtitle=\"false\" data-titlesmallscreen=\"false\" data-initsocial=\"true\" data-showsocial=\"false\" data-showemail=\"false\" data-showfacebook=\"true\" data-showtwitter=\"true\" data-showpinterest=\"true\" data-socialrotateeffect=\"true\" data-doshortcodeontext=\"false\" data-loop=\"0\" data-duration=\"1500\" data-slideduration=\"1000\" data-slideshowinterval=\"6000\" data-googleanalyticsaccount=\"\" data-ga4account=\"\" data-resizemode=\"fill\" data-imagetoolboxmode=\"mouseover\" data-effect=\"fade\" data-padding=\"12\" data-bgcolor=\"\" data-bgimage=\"\" data-thumbwidth=\"120\" data-thumbheight=\"60\" data-thumbgap=\"8\" data-thumbrowgap=\"16\" data-lightboxtextheight=\"72\" data-lightboxtitlecss=\"{color:#333333; font:bold 12px Arial,Helvetica,sans-serif; overflow:hidden; white-space:normal; line-height:18px;}\" data-lightboxdescriptioncss=\"{color:#333333; font:normal 12px Arial,Helvetica,sans-serif; overflow:hidden; white-space:normal; line-height:14px;}\" data-titlecss=\"{color:#ffffff; font-size:14px; font-family:Armata, sans-serif, Arial; overflow:hidden; text-align:left; padding:10px 0px 10px 10px; background:rgb(102, 102, 102) transparent; background:rgba(102, 102, 102, 0.6);}\" data-descriptioncss=\"{color:#ffffff; font-size:13px; font-family:Armata, sans-serif, Arial; overflow:hidden; text-align:left; padding:0px 0px 10px 10px; background:rgb(102, 102, 102) transparent; background:rgba(102, 102, 102, 0.6);}\" data-titleheight=\"72\" data-titlesmallscreenwidth=\"640\" data-titleheightsmallscreen=\"148\" data-socialmode=\"mouseover\" data-socialposition=\"position:absolute;top:8px;right:8px;\" data-socialpositionlightbox=\"position:absolute;top:8px;right:8px;\" data-socialdirection=\"horizontal\" data-socialbuttonsize=\"32\" data-socialbuttonfontsize=\"18\" data-defaultvideovolume=\"1\" data-thumbtitleheight=\"24\" data-thumbmediumtitleheight=\"48\" data-thumbsmalltitleheight=\"72\" data-categoryheight=\"48\" data-categorydefault=\"all\" data-triggerresizedelay=\"100\" data-thumbmediumsize=\"800\" data-thumbsmallsize=\"480\" data-thumbmediumwidth=\"64\" data-thumbmediumheight=\"64\" data-thumbsmallwidth=\"48\" data-thumbsmallheight=\"48\" data-imgtitle=\"title\" data-carouselpaginationrow=\"3\" data-categorystyle=\"dropdown\" data-categorylist=\"[{&quot;slug&quot;:&quot;all&quot;,&quot;caption&quot;:&quot;Show All&quot;}]\" data-jsfolder=\"https:\/\/jornaldasoficinas.com\/pt\/wp-content\/plugins\/wonderplugin-gallery\/engine\/\" style=\"display:none;\" ><a class=\"html5galleryimglink\" href=\"https:\/\/jornaldasoficinas.com\/pt\/wp-content\/uploads\/2024\/03\/Peca-verde\/IMG_1882.jpg\" data-mediatype=1><img decoding=\"async\" class=\"html5galleryimg html5gallery-tn-image\" src=\"https:\/\/jornaldasoficinas.com\/pt\/wp-content\/uploads\/2024\/03\/Peca-verde\/IMG_1882.jpg\" alt=\"\"><\/a><div class=\"html5gallery-info\"><\/div><a class=\"html5galleryimglink\" href=\"https:\/\/jornaldasoficinas.com\/pt\/wp-content\/uploads\/2024\/03\/Peca-verde\/IMG_1885.jpg\" data-mediatype=1><img decoding=\"async\" class=\"html5galleryimg html5gallery-tn-image\" src=\"https:\/\/jornaldasoficinas.com\/pt\/wp-content\/uploads\/2024\/03\/Peca-verde\/IMG_1885.jpg\" alt=\"\"><\/a><div class=\"html5gallery-info\"><\/div><a class=\"html5galleryimglink\" href=\"https:\/\/jornaldasoficinas.com\/pt\/wp-content\/uploads\/2024\/03\/Peca-verde\/IMG_1886.jpg\" data-mediatype=1><img decoding=\"async\" class=\"html5galleryimg html5gallery-tn-image\" src=\"https:\/\/jornaldasoficinas.com\/pt\/wp-content\/uploads\/2024\/03\/Peca-verde\/IMG_1886.jpg\" alt=\"\"><\/a><div class=\"html5gallery-info\"><\/div><a class=\"html5galleryimglink\" href=\"https:\/\/jornaldasoficinas.com\/pt\/wp-content\/uploads\/2024\/03\/Peca-verde\/IMG_1887.jpg\" data-mediatype=1><img decoding=\"async\" class=\"html5galleryimg html5gallery-tn-image\" src=\"https:\/\/jornaldasoficinas.com\/pt\/wp-content\/uploads\/2024\/03\/Peca-verde\/IMG_1887.jpg\" alt=\"\"><\/a><div class=\"html5gallery-info\"><\/div><a class=\"html5galleryimglink\" href=\"https:\/\/jornaldasoficinas.com\/pt\/wp-content\/uploads\/2024\/03\/Peca-verde\/IMG_1890.jpg\" data-mediatype=1><img decoding=\"async\" class=\"html5galleryimg html5gallery-tn-image\" src=\"https:\/\/jornaldasoficinas.com\/pt\/wp-content\/uploads\/2024\/03\/Peca-verde\/IMG_1890.jpg\" alt=\"\"><\/a><div class=\"html5gallery-info\"><\/div><a class=\"html5galleryimglink\" href=\"https:\/\/jornaldasoficinas.com\/pt\/wp-content\/uploads\/2024\/03\/Peca-verde\/IMG_1894.jpg\" data-mediatype=1><img decoding=\"async\" class=\"html5galleryimg html5gallery-tn-image\" src=\"https:\/\/jornaldasoficinas.com\/pt\/wp-content\/uploads\/2024\/03\/Peca-verde\/IMG_1894.jpg\" alt=\"\"><\/a><div class=\"html5gallery-info\"><\/div><a class=\"html5galleryimglink\" href=\"https:\/\/jornaldasoficinas.com\/pt\/wp-content\/uploads\/2024\/03\/Peca-verde\/IMG_1903.jpg\" data-mediatype=1><img decoding=\"async\" class=\"html5galleryimg html5gallery-tn-image\" src=\"https:\/\/jornaldasoficinas.com\/pt\/wp-content\/uploads\/2024\/03\/Peca-verde\/IMG_1903.jpg\" alt=\"\"><\/a><div class=\"html5gallery-info\"><\/div><a class=\"html5galleryimglink\" href=\"https:\/\/jornaldasoficinas.com\/pt\/wp-content\/uploads\/2024\/03\/Peca-verde\/IMG_1905.jpg\" data-mediatype=1><img decoding=\"async\" class=\"html5galleryimg html5gallery-tn-image\" src=\"https:\/\/jornaldasoficinas.com\/pt\/wp-content\/uploads\/2024\/03\/Peca-verde\/IMG_1905.jpg\" alt=\"\"><\/a><div class=\"html5gallery-info\"><\/div><a class=\"html5galleryimglink\" href=\"https:\/\/jornaldasoficinas.com\/pt\/wp-content\/uploads\/2024\/03\/Peca-verde\/IMG_1906.jpg\" data-mediatype=1><img decoding=\"async\" class=\"html5galleryimg html5gallery-tn-image\" src=\"https:\/\/jornaldasoficinas.com\/pt\/wp-content\/uploads\/2024\/03\/Peca-verde\/IMG_1906.jpg\" alt=\"\"><\/a><div class=\"html5gallery-info\"><\/div><a class=\"html5galleryimglink\" href=\"https:\/\/jornaldasoficinas.com\/pt\/wp-content\/uploads\/2024\/03\/Peca-verde\/IMG_1908.jpg\" data-mediatype=1><img decoding=\"async\" class=\"html5galleryimg html5gallery-tn-image\" src=\"https:\/\/jornaldasoficinas.com\/pt\/wp-content\/uploads\/2024\/03\/Peca-verde\/IMG_1908.jpg\" alt=\"\"><\/a><div class=\"html5gallery-info\"><\/div><a class=\"html5galleryimglink\" href=\"https:\/\/jornaldasoficinas.com\/pt\/wp-content\/uploads\/2024\/03\/Peca-verde\/IMG_1911.jpg\" data-mediatype=1><img decoding=\"async\" class=\"html5galleryimg html5gallery-tn-image\" src=\"https:\/\/jornaldasoficinas.com\/pt\/wp-content\/uploads\/2024\/03\/Peca-verde\/IMG_1911.jpg\" alt=\"\"><\/a><div class=\"html5gallery-info\"><\/div><a class=\"html5galleryimglink\" href=\"https:\/\/jornaldasoficinas.com\/pt\/wp-content\/uploads\/2024\/03\/Peca-verde\/IMG_1914.jpg\" data-mediatype=1><img decoding=\"async\" class=\"html5galleryimg html5gallery-tn-image\" src=\"https:\/\/jornaldasoficinas.com\/pt\/wp-content\/uploads\/2024\/03\/Peca-verde\/IMG_1914.jpg\" alt=\"\"><\/a><div class=\"html5gallery-info\"><\/div><a class=\"html5galleryimglink\" href=\"https:\/\/jornaldasoficinas.com\/pt\/wp-content\/uploads\/2024\/03\/Peca-verde\/IMG_1916.jpg\" data-mediatype=1><img decoding=\"async\" class=\"html5galleryimg html5gallery-tn-image\" src=\"https:\/\/jornaldasoficinas.com\/pt\/wp-content\/uploads\/2024\/03\/Peca-verde\/IMG_1916.jpg\" alt=\"\"><\/a><div class=\"html5gallery-info\"><\/div><\/div><\/div><script>function wondergallery_192_appendcss(csscode) {var head=document.head || document.getElementsByTagName(\"head\")[0];var style=document.createElement(\"style\");head.appendChild(style);style.type=\"text\/css\";if (style.styleSheet){style.styleSheet.cssText=csscode;} else {style.appendChild(document.createTextNode(csscode));}};wondergallery_192_appendcss(\"#wonderplugingallery-192 .html5gallery-cat-selection-192 { \tbox-sizing: border-box; \ttext-align: center; }  #wonderplugingallery-192 .html5gallery-cat-selection-192 select { \tbox-sizing: border-box; \tmargin: 4px auto; }\");<\/script>\n<p>&nbsp;<\/p>\n","protected":false},"excerpt":{"rendered":"<p>Foi hoje, dia 21 de mar\u00e7o,&#8230;<\/p>\n","protected":false},"author":15,"featured_media":81359,"comment_status":"closed","ping_status":"closed","sticky":false,"template":"","format":"standard","meta":{"footnotes":""},"categories":[29],"tags":[8073,137,815,4001,809,8075,8072,7834,8074,8076,1740,8077,5076],"class_list":["post-81355","post","type-post","status-publish","format-standard","has-post-thumbnail","hentry","category-empresas","tag-ancav","tag-anecra","tag-apa","tag-apresentacao","tag-certificacao","tag-fidelidade-car-service","tag-hotel-villa-batalha","tag-lancamento","tag-peca-verde","tag-uau-bs","tag-valorcar","tag-vitor-pereira","tag-zero"],"yoast_head":"<!-- This site is optimized with the Yoast SEO plugin v27.5 - https:\/\/yoast.com\/product\/yoast-seo-wordpress\/ -->\n<title>ANCAV cria certificado distintivo \u201cPe\u00e7a Verde\u201d - Jornal das Oficinas<\/title>\n<meta name=\"description\" content=\"A ANCAV \u2013 Associa\u00e7\u00e3o Nacional dos Centros de Abate de Ve\u00edculos, organizou um evento para a apresenta\u00e7\u00e3o da certifica\u00e7\u00e3o &quot;Pe\u00e7a Verde&quot;\" \/>\n<meta name=\"robots\" content=\"index, follow, max-snippet:-1, max-image-preview:large, max-video-preview:-1\" \/>\n<link rel=\"canonical\" href=\"https:\/\/jornaldasoficinas.com\/pt\/ancav-cria-certificado-distintivo-peca-verde\/\" \/>\n<meta property=\"og:locale\" content=\"pt_PT\" \/>\n<meta property=\"og:type\" content=\"article\" \/>\n<meta property=\"og:title\" content=\"ANCAV cria certificado distintivo \u201cPe\u00e7a Verde\u201d - Jornal das Oficinas\" \/>\n<meta property=\"og:description\" content=\"A ANCAV \u2013 Associa\u00e7\u00e3o Nacional dos Centros de Abate de Ve\u00edculos, organizou um evento para a apresenta\u00e7\u00e3o da certifica\u00e7\u00e3o &quot;Pe\u00e7a Verde&quot;\" \/>\n<meta property=\"og:url\" content=\"https:\/\/jornaldasoficinas.com\/pt\/ancav-cria-certificado-distintivo-peca-verde\/\" \/>\n<meta property=\"og:site_name\" content=\"Jornal das Oficinas\" \/>\n<meta property=\"article:publisher\" content=\"https:\/\/www.facebook.com\/jornaloficinas\" \/>\n<meta property=\"article:published_time\" content=\"2024-03-21T19:08:19+00:00\" \/>\n<meta property=\"article:modified_time\" content=\"2024-03-22T12:43:31+00:00\" \/>\n<meta property=\"og:image\" content=\"https:\/\/jornaldasoficinas.com\/pt\/wp-content\/uploads\/2024\/03\/Peca-Verde.jpg\" \/>\n\t<meta property=\"og:image:width\" content=\"1024\" \/>\n\t<meta property=\"og:image:height\" content=\"581\" \/>\n\t<meta property=\"og:image:type\" content=\"image\/jpeg\" \/>\n<meta name=\"author\" content=\"Reda\u00e7\u00e3o JO\" \/>\n<meta name=\"twitter:card\" content=\"summary_large_image\" \/>\n<meta name=\"twitter:creator\" content=\"@jornaloficinas\" \/>\n<meta name=\"twitter:site\" content=\"@jornaloficinas\" \/>\n<meta name=\"twitter:label1\" content=\"Escrito por\" \/>\n\t<meta name=\"twitter:data1\" content=\"Reda\u00e7\u00e3o JO\" \/>\n\t<meta name=\"twitter:label2\" content=\"Tempo estimado de leitura\" \/>\n\t<meta name=\"twitter:data2\" content=\"3 minutos\" \/>\n<script type=\"application\/ld+json\" class=\"yoast-schema-graph\">{\"@context\":\"https:\\\/\\\/schema.org\",\"@graph\":[{\"@type\":\"Article\",\"@id\":\"https:\\\/\\\/jornaldasoficinas.com\\\/pt\\\/ancav-cria-certificado-distintivo-peca-verde\\\/#article\",\"isPartOf\":{\"@id\":\"https:\\\/\\\/jornaldasoficinas.com\\\/pt\\\/ancav-cria-certificado-distintivo-peca-verde\\\/\"},\"author\":{\"name\":\"Reda\u00e7\u00e3o JO\",\"@id\":\"https:\\\/\\\/jornaldasoficinas.com\\\/pt\\\/#\\\/schema\\\/person\\\/a38eef5de2c41d9e7c9ac10141afddf3\"},\"headline\":\"ANCAV cria certificado distintivo \u201cPe\u00e7a Verde\u201d\",\"datePublished\":\"2024-03-21T19:08:19+00:00\",\"dateModified\":\"2024-03-22T12:43:31+00:00\",\"mainEntityOfPage\":{\"@id\":\"https:\\\/\\\/jornaldasoficinas.com\\\/pt\\\/ancav-cria-certificado-distintivo-peca-verde\\\/\"},\"wordCount\":444,\"publisher\":{\"@id\":\"https:\\\/\\\/jornaldasoficinas.com\\\/pt\\\/#organization\"},\"image\":{\"@id\":\"https:\\\/\\\/jornaldasoficinas.com\\\/pt\\\/ancav-cria-certificado-distintivo-peca-verde\\\/#primaryimage\"},\"thumbnailUrl\":\"https:\\\/\\\/jornaldasoficinas.com\\\/pt\\\/wp-content\\\/uploads\\\/2024\\\/03\\\/Peca-Verde.jpg\",\"keywords\":[\"ANCAV\",\"ANECRA\",\"APA\",\"apresenta\u00e7\u00e3o\",\"certifica\u00e7\u00e3o\",\"Fidelidade Car Service\",\"Hotel Villa Batalha\",\"lan\u00e7amento\",\"Pe\u00e7a verde\",\"UAU BS\",\"Valorcar\",\"Vitor Pereira\",\"ZERO\"],\"articleSection\":[\"Empresas\"],\"inLanguage\":\"pt-PT\"},{\"@type\":\"WebPage\",\"@id\":\"https:\\\/\\\/jornaldasoficinas.com\\\/pt\\\/ancav-cria-certificado-distintivo-peca-verde\\\/\",\"url\":\"https:\\\/\\\/jornaldasoficinas.com\\\/pt\\\/ancav-cria-certificado-distintivo-peca-verde\\\/\",\"name\":\"ANCAV cria certificado distintivo \u201cPe\u00e7a Verde\u201d - Jornal das Oficinas\",\"isPartOf\":{\"@id\":\"https:\\\/\\\/jornaldasoficinas.com\\\/pt\\\/#website\"},\"primaryImageOfPage\":{\"@id\":\"https:\\\/\\\/jornaldasoficinas.com\\\/pt\\\/ancav-cria-certificado-distintivo-peca-verde\\\/#primaryimage\"},\"image\":{\"@id\":\"https:\\\/\\\/jornaldasoficinas.com\\\/pt\\\/ancav-cria-certificado-distintivo-peca-verde\\\/#primaryimage\"},\"thumbnailUrl\":\"https:\\\/\\\/jornaldasoficinas.com\\\/pt\\\/wp-content\\\/uploads\\\/2024\\\/03\\\/Peca-Verde.jpg\",\"datePublished\":\"2024-03-21T19:08:19+00:00\",\"dateModified\":\"2024-03-22T12:43:31+00:00\",\"description\":\"A ANCAV \u2013 Associa\u00e7\u00e3o Nacional dos Centros de Abate de Ve\u00edculos, organizou um evento para a apresenta\u00e7\u00e3o da certifica\u00e7\u00e3o \\\"Pe\u00e7a Verde\\\"\",\"breadcrumb\":{\"@id\":\"https:\\\/\\\/jornaldasoficinas.com\\\/pt\\\/ancav-cria-certificado-distintivo-peca-verde\\\/#breadcrumb\"},\"inLanguage\":\"pt-PT\",\"potentialAction\":[{\"@type\":\"ReadAction\",\"target\":[\"https:\\\/\\\/jornaldasoficinas.com\\\/pt\\\/ancav-cria-certificado-distintivo-peca-verde\\\/\"]}]},{\"@type\":\"ImageObject\",\"inLanguage\":\"pt-PT\",\"@id\":\"https:\\\/\\\/jornaldasoficinas.com\\\/pt\\\/ancav-cria-certificado-distintivo-peca-verde\\\/#primaryimage\",\"url\":\"https:\\\/\\\/jornaldasoficinas.com\\\/pt\\\/wp-content\\\/uploads\\\/2024\\\/03\\\/Peca-Verde.jpg\",\"contentUrl\":\"https:\\\/\\\/jornaldasoficinas.com\\\/pt\\\/wp-content\\\/uploads\\\/2024\\\/03\\\/Peca-Verde.jpg\",\"width\":1024,\"height\":581,\"caption\":\"03 - Peca Verde\"},{\"@type\":\"BreadcrumbList\",\"@id\":\"https:\\\/\\\/jornaldasoficinas.com\\\/pt\\\/ancav-cria-certificado-distintivo-peca-verde\\\/#breadcrumb\",\"itemListElement\":[{\"@type\":\"ListItem\",\"position\":1,\"name\":\"In\u00edcio\",\"item\":\"https:\\\/\\\/jornaldasoficinas.com\\\/pt\\\/\"},{\"@type\":\"ListItem\",\"position\":2,\"name\":\"ANCAV cria certificado distintivo \u201cPe\u00e7a Verde\u201d\"}]},{\"@type\":\"WebSite\",\"@id\":\"https:\\\/\\\/jornaldasoficinas.com\\\/pt\\\/#website\",\"url\":\"https:\\\/\\\/jornaldasoficinas.com\\\/pt\\\/\",\"name\":\"Jornal das Oficinas\",\"description\":\"Jornal independente do Aftermarket Autom\u00f3vel em Portugal\",\"publisher\":{\"@id\":\"https:\\\/\\\/jornaldasoficinas.com\\\/pt\\\/#organization\"},\"potentialAction\":[{\"@type\":\"SearchAction\",\"target\":{\"@type\":\"EntryPoint\",\"urlTemplate\":\"https:\\\/\\\/jornaldasoficinas.com\\\/pt\\\/?s={search_term_string}\"},\"query-input\":{\"@type\":\"PropertyValueSpecification\",\"valueRequired\":true,\"valueName\":\"search_term_string\"}}],\"inLanguage\":\"pt-PT\"},{\"@type\":\"Organization\",\"@id\":\"https:\\\/\\\/jornaldasoficinas.com\\\/pt\\\/#organization\",\"name\":\"Jornal das Oficinas\",\"url\":\"https:\\\/\\\/jornaldasoficinas.com\\\/pt\\\/\",\"logo\":{\"@type\":\"ImageObject\",\"inLanguage\":\"pt-PT\",\"@id\":\"https:\\\/\\\/jornaldasoficinas.com\\\/pt\\\/#\\\/schema\\\/logo\\\/image\\\/\",\"url\":\"https:\\\/\\\/jornaldasoficinas.com\\\/pt\\\/wp-content\\\/uploads\\\/logoJO-SEO.png\",\"contentUrl\":\"https:\\\/\\\/jornaldasoficinas.com\\\/pt\\\/wp-content\\\/uploads\\\/logoJO-SEO.png\",\"width\":285,\"height\":450,\"caption\":\"Jornal das Oficinas\"},\"image\":{\"@id\":\"https:\\\/\\\/jornaldasoficinas.com\\\/pt\\\/#\\\/schema\\\/logo\\\/image\\\/\"},\"sameAs\":[\"https:\\\/\\\/www.facebook.com\\\/jornaloficinas\",\"https:\\\/\\\/x.com\\\/jornaloficinas\",\"https:\\\/\\\/www.instagram.com\\\/jornal_oficinas\\\/\",\"https:\\\/\\\/www.linkedin.com\\\/company\\\/jornal-das-oficinas\\\/\",\"https:\\\/\\\/www.youtube.com\\\/channel\\\/UCbQZBqtcvV-oSQrr7RzINGg\"]},{\"@type\":\"Person\",\"@id\":\"https:\\\/\\\/jornaldasoficinas.com\\\/pt\\\/#\\\/schema\\\/person\\\/a38eef5de2c41d9e7c9ac10141afddf3\",\"name\":\"Reda\u00e7\u00e3o JO\",\"image\":{\"@type\":\"ImageObject\",\"inLanguage\":\"pt-PT\",\"@id\":\"https:\\\/\\\/secure.gravatar.com\\\/avatar\\\/71f2fa71737ad68a84fea94bc708ddac8ea5b0c4788dc2ad202f3ccb2887742f?s=96&d=wp_user_avatar&r=g\",\"url\":\"https:\\\/\\\/secure.gravatar.com\\\/avatar\\\/71f2fa71737ad68a84fea94bc708ddac8ea5b0c4788dc2ad202f3ccb2887742f?s=96&d=wp_user_avatar&r=g\",\"contentUrl\":\"https:\\\/\\\/secure.gravatar.com\\\/avatar\\\/71f2fa71737ad68a84fea94bc708ddac8ea5b0c4788dc2ad202f3ccb2887742f?s=96&d=wp_user_avatar&r=g\",\"caption\":\"Reda\u00e7\u00e3o JO\"},\"url\":\"https:\\\/\\\/jornaldasoficinas.com\\\/pt\\\/author\\\/joredacao\\\/\"}]}<\/script>\n<!-- \/ Yoast SEO plugin. -->","yoast_head_json":{"title":"ANCAV cria certificado distintivo \u201cPe\u00e7a Verde\u201d - Jornal das Oficinas","description":"A ANCAV \u2013 Associa\u00e7\u00e3o Nacional dos Centros de Abate de Ve\u00edculos, organizou um evento para a apresenta\u00e7\u00e3o da certifica\u00e7\u00e3o \"Pe\u00e7a Verde\"","robots":{"index":"index","follow":"follow","max-snippet":"max-snippet:-1","max-image-preview":"max-image-preview:large","max-video-preview":"max-video-preview:-1"},"canonical":"https:\/\/jornaldasoficinas.com\/pt\/ancav-cria-certificado-distintivo-peca-verde\/","og_locale":"pt_PT","og_type":"article","og_title":"ANCAV cria certificado distintivo \u201cPe\u00e7a Verde\u201d - Jornal das Oficinas","og_description":"A ANCAV \u2013 Associa\u00e7\u00e3o Nacional dos Centros de Abate de Ve\u00edculos, organizou um evento para a apresenta\u00e7\u00e3o da certifica\u00e7\u00e3o \"Pe\u00e7a Verde\"","og_url":"https:\/\/jornaldasoficinas.com\/pt\/ancav-cria-certificado-distintivo-peca-verde\/","og_site_name":"Jornal das Oficinas","article_publisher":"https:\/\/www.facebook.com\/jornaloficinas","article_published_time":"2024-03-21T19:08:19+00:00","article_modified_time":"2024-03-22T12:43:31+00:00","og_image":[{"width":1024,"height":581,"url":"https:\/\/jornaldasoficinas.com\/pt\/wp-content\/uploads\/2024\/03\/Peca-Verde.jpg","type":"image\/jpeg"}],"author":"Reda\u00e7\u00e3o JO","twitter_card":"summary_large_image","twitter_creator":"@jornaloficinas","twitter_site":"@jornaloficinas","twitter_misc":{"Escrito por":"Reda\u00e7\u00e3o JO","Tempo estimado de leitura":"3 minutos"},"schema":{"@context":"https:\/\/schema.org","@graph":[{"@type":"Article","@id":"https:\/\/jornaldasoficinas.com\/pt\/ancav-cria-certificado-distintivo-peca-verde\/#article","isPartOf":{"@id":"https:\/\/jornaldasoficinas.com\/pt\/ancav-cria-certificado-distintivo-peca-verde\/"},"author":{"name":"Reda\u00e7\u00e3o JO","@id":"https:\/\/jornaldasoficinas.com\/pt\/#\/schema\/person\/a38eef5de2c41d9e7c9ac10141afddf3"},"headline":"ANCAV cria certificado distintivo \u201cPe\u00e7a Verde\u201d","datePublished":"2024-03-21T19:08:19+00:00","dateModified":"2024-03-22T12:43:31+00:00","mainEntityOfPage":{"@id":"https:\/\/jornaldasoficinas.com\/pt\/ancav-cria-certificado-distintivo-peca-verde\/"},"wordCount":444,"publisher":{"@id":"https:\/\/jornaldasoficinas.com\/pt\/#organization"},"image":{"@id":"https:\/\/jornaldasoficinas.com\/pt\/ancav-cria-certificado-distintivo-peca-verde\/#primaryimage"},"thumbnailUrl":"https:\/\/jornaldasoficinas.com\/pt\/wp-content\/uploads\/2024\/03\/Peca-Verde.jpg","keywords":["ANCAV","ANECRA","APA","apresenta\u00e7\u00e3o","certifica\u00e7\u00e3o","Fidelidade Car Service","Hotel Villa Batalha","lan\u00e7amento","Pe\u00e7a verde","UAU BS","Valorcar","Vitor Pereira","ZERO"],"articleSection":["Empresas"],"inLanguage":"pt-PT"},{"@type":"WebPage","@id":"https:\/\/jornaldasoficinas.com\/pt\/ancav-cria-certificado-distintivo-peca-verde\/","url":"https:\/\/jornaldasoficinas.com\/pt\/ancav-cria-certificado-distintivo-peca-verde\/","name":"ANCAV cria certificado distintivo \u201cPe\u00e7a Verde\u201d - Jornal das Oficinas","isPartOf":{"@id":"https:\/\/jornaldasoficinas.com\/pt\/#website"},"primaryImageOfPage":{"@id":"https:\/\/jornaldasoficinas.com\/pt\/ancav-cria-certificado-distintivo-peca-verde\/#primaryimage"},"image":{"@id":"https:\/\/jornaldasoficinas.com\/pt\/ancav-cria-certificado-distintivo-peca-verde\/#primaryimage"},"thumbnailUrl":"https:\/\/jornaldasoficinas.com\/pt\/wp-content\/uploads\/2024\/03\/Peca-Verde.jpg","datePublished":"2024-03-21T19:08:19+00:00","dateModified":"2024-03-22T12:43:31+00:00","description":"A ANCAV \u2013 Associa\u00e7\u00e3o Nacional dos Centros de Abate de Ve\u00edculos, organizou um evento para a apresenta\u00e7\u00e3o da certifica\u00e7\u00e3o \"Pe\u00e7a Verde\"","breadcrumb":{"@id":"https:\/\/jornaldasoficinas.com\/pt\/ancav-cria-certificado-distintivo-peca-verde\/#breadcrumb"},"inLanguage":"pt-PT","potentialAction":[{"@type":"ReadAction","target":["https:\/\/jornaldasoficinas.com\/pt\/ancav-cria-certificado-distintivo-peca-verde\/"]}]},{"@type":"ImageObject","inLanguage":"pt-PT","@id":"https:\/\/jornaldasoficinas.com\/pt\/ancav-cria-certificado-distintivo-peca-verde\/#primaryimage","url":"https:\/\/jornaldasoficinas.com\/pt\/wp-content\/uploads\/2024\/03\/Peca-Verde.jpg","contentUrl":"https:\/\/jornaldasoficinas.com\/pt\/wp-content\/uploads\/2024\/03\/Peca-Verde.jpg","width":1024,"height":581,"caption":"03 - Peca Verde"},{"@type":"BreadcrumbList","@id":"https:\/\/jornaldasoficinas.com\/pt\/ancav-cria-certificado-distintivo-peca-verde\/#breadcrumb","itemListElement":[{"@type":"ListItem","position":1,"name":"In\u00edcio","item":"https:\/\/jornaldasoficinas.com\/pt\/"},{"@type":"ListItem","position":2,"name":"ANCAV cria certificado distintivo \u201cPe\u00e7a Verde\u201d"}]},{"@type":"WebSite","@id":"https:\/\/jornaldasoficinas.com\/pt\/#website","url":"https:\/\/jornaldasoficinas.com\/pt\/","name":"Jornal das Oficinas","description":"Jornal independente do Aftermarket Autom\u00f3vel em Portugal","publisher":{"@id":"https:\/\/jornaldasoficinas.com\/pt\/#organization"},"potentialAction":[{"@type":"SearchAction","target":{"@type":"EntryPoint","urlTemplate":"https:\/\/jornaldasoficinas.com\/pt\/?s={search_term_string}"},"query-input":{"@type":"PropertyValueSpecification","valueRequired":true,"valueName":"search_term_string"}}],"inLanguage":"pt-PT"},{"@type":"Organization","@id":"https:\/\/jornaldasoficinas.com\/pt\/#organization","name":"Jornal das Oficinas","url":"https:\/\/jornaldasoficinas.com\/pt\/","logo":{"@type":"ImageObject","inLanguage":"pt-PT","@id":"https:\/\/jornaldasoficinas.com\/pt\/#\/schema\/logo\/image\/","url":"https:\/\/jornaldasoficinas.com\/pt\/wp-content\/uploads\/logoJO-SEO.png","contentUrl":"https:\/\/jornaldasoficinas.com\/pt\/wp-content\/uploads\/logoJO-SEO.png","width":285,"height":450,"caption":"Jornal das Oficinas"},"image":{"@id":"https:\/\/jornaldasoficinas.com\/pt\/#\/schema\/logo\/image\/"},"sameAs":["https:\/\/www.facebook.com\/jornaloficinas","https:\/\/x.com\/jornaloficinas","https:\/\/www.instagram.com\/jornal_oficinas\/","https:\/\/www.linkedin.com\/company\/jornal-das-oficinas\/","https:\/\/www.youtube.com\/channel\/UCbQZBqtcvV-oSQrr7RzINGg"]},{"@type":"Person","@id":"https:\/\/jornaldasoficinas.com\/pt\/#\/schema\/person\/a38eef5de2c41d9e7c9ac10141afddf3","name":"Reda\u00e7\u00e3o JO","image":{"@type":"ImageObject","inLanguage":"pt-PT","@id":"https:\/\/secure.gravatar.com\/avatar\/71f2fa71737ad68a84fea94bc708ddac8ea5b0c4788dc2ad202f3ccb2887742f?s=96&d=wp_user_avatar&r=g","url":"https:\/\/secure.gravatar.com\/avatar\/71f2fa71737ad68a84fea94bc708ddac8ea5b0c4788dc2ad202f3ccb2887742f?s=96&d=wp_user_avatar&r=g","contentUrl":"https:\/\/secure.gravatar.com\/avatar\/71f2fa71737ad68a84fea94bc708ddac8ea5b0c4788dc2ad202f3ccb2887742f?s=96&d=wp_user_avatar&r=g","caption":"Reda\u00e7\u00e3o JO"},"url":"https:\/\/jornaldasoficinas.com\/pt\/author\/joredacao\/"}]}},"_links":{"self":[{"href":"https:\/\/jornaldasoficinas.com\/pt\/wp-json\/wp\/v2\/posts\/81355","targetHints":{"allow":["GET"]}}],"collection":[{"href":"https:\/\/jornaldasoficinas.com\/pt\/wp-json\/wp\/v2\/posts"}],"about":[{"href":"https:\/\/jornaldasoficinas.com\/pt\/wp-json\/wp\/v2\/types\/post"}],"author":[{"embeddable":true,"href":"https:\/\/jornaldasoficinas.com\/pt\/wp-json\/wp\/v2\/users\/15"}],"replies":[{"embeddable":true,"href":"https:\/\/jornaldasoficinas.com\/pt\/wp-json\/wp\/v2\/comments?post=81355"}],"version-history":[{"count":0,"href":"https:\/\/jornaldasoficinas.com\/pt\/wp-json\/wp\/v2\/posts\/81355\/revisions"}],"wp:featuredmedia":[{"embeddable":true,"href":"https:\/\/jornaldasoficinas.com\/pt\/wp-json\/wp\/v2\/media\/81359"}],"wp:attachment":[{"href":"https:\/\/jornaldasoficinas.com\/pt\/wp-json\/wp\/v2\/media?parent=81355"}],"wp:term":[{"taxonomy":"category","embeddable":true,"href":"https:\/\/jornaldasoficinas.com\/pt\/wp-json\/wp\/v2\/categories?post=81355"},{"taxonomy":"post_tag","embeddable":true,"href":"https:\/\/jornaldasoficinas.com\/pt\/wp-json\/wp\/v2\/tags?post=81355"}],"curies":[{"name":"wp","href":"https:\/\/api.w.org\/{rel}","templated":true}]}}