{"id":81364,"date":"2024-03-21T21:00:55","date_gmt":"2024-03-21T21:00:55","guid":{"rendered":"https:\/\/jornaldasoficinas.com\/pt\/?p=81364"},"modified":"2024-04-05T11:01:20","modified_gmt":"2024-04-05T10:01:20","slug":"impacto-da-ia-no-aftermarket-com-ricardo-oliveira","status":"publish","type":"post","link":"https:\/\/jornaldasoficinas.com\/pt\/impacto-da-ia-no-aftermarket-com-ricardo-oliveira\/","title":{"rendered":"&#8220;Impacto da IA no Aftermarket&#8221; com Ricardo Oliveira"},"content":{"rendered":"<p><img loading=\"lazy\" decoding=\"async\" class=\"alignnone size-full wp-image-81372\" src=\"https:\/\/jornaldasoficinas.com\/pt\/wp-content\/uploads\/2024\/03\/RICARDO-OLIVEIRA-World-Shopper-1.jpg\" alt=\"03 - RICARDO OLIVEIRA World Shopper 1\" width=\"1024\" height=\"581\" srcset=\"https:\/\/jornaldasoficinas.com\/pt\/wp-content\/uploads\/2024\/03\/RICARDO-OLIVEIRA-World-Shopper-1.jpg 1024w, https:\/\/jornaldasoficinas.com\/pt\/wp-content\/uploads\/2024\/03\/RICARDO-OLIVEIRA-World-Shopper-1-300x170.jpg 300w, https:\/\/jornaldasoficinas.com\/pt\/wp-content\/uploads\/2024\/03\/RICARDO-OLIVEIRA-World-Shopper-1-150x85.jpg 150w, https:\/\/jornaldasoficinas.com\/pt\/wp-content\/uploads\/2024\/03\/RICARDO-OLIVEIRA-World-Shopper-1-768x436.jpg 768w\" sizes=\"auto, (max-width: 1024px) 100vw, 1024px\" \/><\/p>\n<p><strong>Ao longo dos meses de mar\u00e7o\/abril, no Podcast do \u201cDar Voz ao Aftermarket\u201d, vamos falar sobre um tema que muitos estranharam mas que rapidamente entranharam. Ainda numa fase de descoberta, tem impactado o dia a dia, dentro e fora do aftermarket. De seu nome Intelig\u00eancia Artificial, \u00e9 sobre esta \u2018nova\u2019 esp\u00e9cie que estivemos \u00e0 conversa com Ricardo Oliveira, da <a href=\"https:\/\/www.world-shopper.com\/\" target=\"_blank\" rel=\"noopener\">World Shopper<\/a>. Quisemos saber de que modo \u00e9 que a IA est\u00e1 atualmente presente no mercado e ind\u00fastria autom\u00f3vel e tamb\u00e9m qual ser\u00e1 a resposta do aftermarket. O melhor mesmo \u00e9 ouvir!<\/strong><\/p>\n<p><strong>Fa\u00e7a-o aqui, no <a href=\"https:\/\/open.spotify.com\/episode\/5XSKZBy6GiByGmLjZuZnSi?si=00827a58a1ff4008\" target=\"_blank\" rel=\"noopener\">Spotify<\/a> e nas nossas redes sociais. At\u00e9 para a semana.<\/strong><\/p>\n<p><iframe loading=\"lazy\" style=\"border-radius: 12px;\" src=\"https:\/\/open.spotify.com\/embed\/episode\/5XSKZBy6GiByGmLjZuZnSi?utm_source=generator&amp;theme=0\" width=\"100%\" height=\"152\" frameborder=\"0\" allowfullscreen=\"allowfullscreen\"><\/iframe><\/p>\n","protected":false},"excerpt":{"rendered":"<p>Ao longo dos meses de mar\u00e7o\/abril,&#8230;<\/p>\n","protected":false},"author":15,"featured_media":81372,"comment_status":"closed","ping_status":"closed","sticky":false,"template":"","format":"standard","meta":{"footnotes":""},"categories":[2803],"tags":[3161,1087,4298,8078,1527],"class_list":["post-81364","post","type-post","status-publish","format-standard","has-post-thumbnail","hentry","category-podcasts","tag-dar-voz-ao-aftermarket","tag-inteligencia-artificial","tag-jo-podcast","tag-ricardo-oliveira","tag-world-shopper"],"yoast_head":"<!-- This site is optimized with the Yoast SEO plugin v27.5 - https:\/\/yoast.com\/product\/yoast-seo-wordpress\/ -->\n<title>&quot;Impacto da IA no Aftermarket&quot; com Ricardo Oliveira - Jornal das Oficinas<\/title>\n<meta name=\"description\" content=\"Quisemos saber o que pensa Ricardo Oliveira, da World Shopper, sobre a IA e de que modo \u00e9 que esta est\u00e1 presente no mercado e ind\u00fastria\" \/>\n<meta name=\"robots\" content=\"index, follow, max-snippet:-1, max-image-preview:large, max-video-preview:-1\" \/>\n<link rel=\"canonical\" href=\"https:\/\/jornaldasoficinas.com\/pt\/impacto-da-ia-no-aftermarket-com-ricardo-oliveira\/\" \/>\n<meta property=\"og:locale\" content=\"pt_PT\" \/>\n<meta property=\"og:type\" content=\"article\" \/>\n<meta property=\"og:title\" content=\"&quot;Impacto da IA no Aftermarket&quot; com Ricardo Oliveira - Jornal das Oficinas\" \/>\n<meta property=\"og:description\" content=\"Quisemos saber o que pensa Ricardo Oliveira, da World Shopper, sobre a IA e de que modo \u00e9 que esta est\u00e1 presente no mercado e ind\u00fastria\" \/>\n<meta property=\"og:url\" content=\"https:\/\/jornaldasoficinas.com\/pt\/impacto-da-ia-no-aftermarket-com-ricardo-oliveira\/\" \/>\n<meta property=\"og:site_name\" content=\"Jornal das Oficinas\" \/>\n<meta property=\"article:publisher\" content=\"https:\/\/www.facebook.com\/jornaloficinas\" \/>\n<meta property=\"article:published_time\" content=\"2024-03-21T21:00:55+00:00\" \/>\n<meta property=\"article:modified_time\" content=\"2024-04-05T10:01:20+00:00\" \/>\n<meta property=\"og:image\" content=\"https:\/\/jornaldasoficinas.com\/pt\/wp-content\/uploads\/2024\/03\/RICARDO-OLIVEIRA-World-Shopper-1.jpg\" \/>\n\t<meta property=\"og:image:width\" content=\"1024\" \/>\n\t<meta property=\"og:image:height\" content=\"581\" \/>\n\t<meta property=\"og:image:type\" content=\"image\/jpeg\" \/>\n<meta name=\"author\" content=\"Reda\u00e7\u00e3o JO\" \/>\n<meta name=\"twitter:card\" content=\"summary_large_image\" \/>\n<meta name=\"twitter:creator\" content=\"@jornaloficinas\" \/>\n<meta name=\"twitter:site\" content=\"@jornaloficinas\" \/>\n<meta name=\"twitter:label1\" content=\"Escrito por\" \/>\n\t<meta name=\"twitter:data1\" content=\"Reda\u00e7\u00e3o JO\" \/>\n\t<meta name=\"twitter:label2\" content=\"Tempo estimado de leitura\" \/>\n\t<meta name=\"twitter:data2\" content=\"1 minuto\" \/>\n<script type=\"application\/ld+json\" class=\"yoast-schema-graph\">{\"@context\":\"https:\\\/\\\/schema.org\",\"@graph\":[{\"@type\":\"Article\",\"@id\":\"https:\\\/\\\/jornaldasoficinas.com\\\/pt\\\/impacto-da-ia-no-aftermarket-com-ricardo-oliveira\\\/#article\",\"isPartOf\":{\"@id\":\"https:\\\/\\\/jornaldasoficinas.com\\\/pt\\\/impacto-da-ia-no-aftermarket-com-ricardo-oliveira\\\/\"},\"author\":{\"name\":\"Reda\u00e7\u00e3o JO\",\"@id\":\"https:\\\/\\\/jornaldasoficinas.com\\\/pt\\\/#\\\/schema\\\/person\\\/a38eef5de2c41d9e7c9ac10141afddf3\"},\"headline\":\"&#8220;Impacto da IA no Aftermarket&#8221; com Ricardo Oliveira\",\"datePublished\":\"2024-03-21T21:00:55+00:00\",\"dateModified\":\"2024-04-05T10:01:20+00:00\",\"mainEntityOfPage\":{\"@id\":\"https:\\\/\\\/jornaldasoficinas.com\\\/pt\\\/impacto-da-ia-no-aftermarket-com-ricardo-oliveira\\\/\"},\"wordCount\":116,\"publisher\":{\"@id\":\"https:\\\/\\\/jornaldasoficinas.com\\\/pt\\\/#organization\"},\"image\":{\"@id\":\"https:\\\/\\\/jornaldasoficinas.com\\\/pt\\\/impacto-da-ia-no-aftermarket-com-ricardo-oliveira\\\/#primaryimage\"},\"thumbnailUrl\":\"https:\\\/\\\/jornaldasoficinas.com\\\/pt\\\/wp-content\\\/uploads\\\/2024\\\/03\\\/RICARDO-OLIVEIRA-World-Shopper-1.jpg\",\"keywords\":[\"Dar Voz ao Aftermarket\",\"Intelig\u00eancia artificial\",\"JO Podcast\",\"Ricardo Oliveira\",\"World Shopper\"],\"articleSection\":[\"Podcasts\"],\"inLanguage\":\"pt-PT\"},{\"@type\":\"WebPage\",\"@id\":\"https:\\\/\\\/jornaldasoficinas.com\\\/pt\\\/impacto-da-ia-no-aftermarket-com-ricardo-oliveira\\\/\",\"url\":\"https:\\\/\\\/jornaldasoficinas.com\\\/pt\\\/impacto-da-ia-no-aftermarket-com-ricardo-oliveira\\\/\",\"name\":\"\\\"Impacto da IA no Aftermarket\\\" com Ricardo Oliveira - Jornal das Oficinas\",\"isPartOf\":{\"@id\":\"https:\\\/\\\/jornaldasoficinas.com\\\/pt\\\/#website\"},\"primaryImageOfPage\":{\"@id\":\"https:\\\/\\\/jornaldasoficinas.com\\\/pt\\\/impacto-da-ia-no-aftermarket-com-ricardo-oliveira\\\/#primaryimage\"},\"image\":{\"@id\":\"https:\\\/\\\/jornaldasoficinas.com\\\/pt\\\/impacto-da-ia-no-aftermarket-com-ricardo-oliveira\\\/#primaryimage\"},\"thumbnailUrl\":\"https:\\\/\\\/jornaldasoficinas.com\\\/pt\\\/wp-content\\\/uploads\\\/2024\\\/03\\\/RICARDO-OLIVEIRA-World-Shopper-1.jpg\",\"datePublished\":\"2024-03-21T21:00:55+00:00\",\"dateModified\":\"2024-04-05T10:01:20+00:00\",\"description\":\"Quisemos saber o que pensa Ricardo Oliveira, da World Shopper, sobre a IA e de que modo \u00e9 que esta est\u00e1 presente no mercado e ind\u00fastria\",\"breadcrumb\":{\"@id\":\"https:\\\/\\\/jornaldasoficinas.com\\\/pt\\\/impacto-da-ia-no-aftermarket-com-ricardo-oliveira\\\/#breadcrumb\"},\"inLanguage\":\"pt-PT\",\"potentialAction\":[{\"@type\":\"ReadAction\",\"target\":[\"https:\\\/\\\/jornaldasoficinas.com\\\/pt\\\/impacto-da-ia-no-aftermarket-com-ricardo-oliveira\\\/\"]}]},{\"@type\":\"ImageObject\",\"inLanguage\":\"pt-PT\",\"@id\":\"https:\\\/\\\/jornaldasoficinas.com\\\/pt\\\/impacto-da-ia-no-aftermarket-com-ricardo-oliveira\\\/#primaryimage\",\"url\":\"https:\\\/\\\/jornaldasoficinas.com\\\/pt\\\/wp-content\\\/uploads\\\/2024\\\/03\\\/RICARDO-OLIVEIRA-World-Shopper-1.jpg\",\"contentUrl\":\"https:\\\/\\\/jornaldasoficinas.com\\\/pt\\\/wp-content\\\/uploads\\\/2024\\\/03\\\/RICARDO-OLIVEIRA-World-Shopper-1.jpg\",\"width\":1024,\"height\":581,\"caption\":\"03 - RICARDO OLIVEIRA World Shopper 1\"},{\"@type\":\"BreadcrumbList\",\"@id\":\"https:\\\/\\\/jornaldasoficinas.com\\\/pt\\\/impacto-da-ia-no-aftermarket-com-ricardo-oliveira\\\/#breadcrumb\",\"itemListElement\":[{\"@type\":\"ListItem\",\"position\":1,\"name\":\"In\u00edcio\",\"item\":\"https:\\\/\\\/jornaldasoficinas.com\\\/pt\\\/\"},{\"@type\":\"ListItem\",\"position\":2,\"name\":\"&#8220;Impacto da IA no Aftermarket&#8221; com Ricardo Oliveira\"}]},{\"@type\":\"WebSite\",\"@id\":\"https:\\\/\\\/jornaldasoficinas.com\\\/pt\\\/#website\",\"url\":\"https:\\\/\\\/jornaldasoficinas.com\\\/pt\\\/\",\"name\":\"Jornal das Oficinas\",\"description\":\"Jornal independente do Aftermarket Autom\u00f3vel em Portugal\",\"publisher\":{\"@id\":\"https:\\\/\\\/jornaldasoficinas.com\\\/pt\\\/#organization\"},\"potentialAction\":[{\"@type\":\"SearchAction\",\"target\":{\"@type\":\"EntryPoint\",\"urlTemplate\":\"https:\\\/\\\/jornaldasoficinas.com\\\/pt\\\/?s={search_term_string}\"},\"query-input\":{\"@type\":\"PropertyValueSpecification\",\"valueRequired\":true,\"valueName\":\"search_term_string\"}}],\"inLanguage\":\"pt-PT\"},{\"@type\":\"Organization\",\"@id\":\"https:\\\/\\\/jornaldasoficinas.com\\\/pt\\\/#organization\",\"name\":\"Jornal das Oficinas\",\"url\":\"https:\\\/\\\/jornaldasoficinas.com\\\/pt\\\/\",\"logo\":{\"@type\":\"ImageObject\",\"inLanguage\":\"pt-PT\",\"@id\":\"https:\\\/\\\/jornaldasoficinas.com\\\/pt\\\/#\\\/schema\\\/logo\\\/image\\\/\",\"url\":\"https:\\\/\\\/jornaldasoficinas.com\\\/pt\\\/wp-content\\\/uploads\\\/logoJO-SEO.png\",\"contentUrl\":\"https:\\\/\\\/jornaldasoficinas.com\\\/pt\\\/wp-content\\\/uploads\\\/logoJO-SEO.png\",\"width\":285,\"height\":450,\"caption\":\"Jornal das Oficinas\"},\"image\":{\"@id\":\"https:\\\/\\\/jornaldasoficinas.com\\\/pt\\\/#\\\/schema\\\/logo\\\/image\\\/\"},\"sameAs\":[\"https:\\\/\\\/www.facebook.com\\\/jornaloficinas\",\"https:\\\/\\\/x.com\\\/jornaloficinas\",\"https:\\\/\\\/www.instagram.com\\\/jornal_oficinas\\\/\",\"https:\\\/\\\/www.linkedin.com\\\/company\\\/jornal-das-oficinas\\\/\",\"https:\\\/\\\/www.youtube.com\\\/channel\\\/UCbQZBqtcvV-oSQrr7RzINGg\"]},{\"@type\":\"Person\",\"@id\":\"https:\\\/\\\/jornaldasoficinas.com\\\/pt\\\/#\\\/schema\\\/person\\\/a38eef5de2c41d9e7c9ac10141afddf3\",\"name\":\"Reda\u00e7\u00e3o JO\",\"image\":{\"@type\":\"ImageObject\",\"inLanguage\":\"pt-PT\",\"@id\":\"https:\\\/\\\/secure.gravatar.com\\\/avatar\\\/71f2fa71737ad68a84fea94bc708ddac8ea5b0c4788dc2ad202f3ccb2887742f?s=96&d=wp_user_avatar&r=g\",\"url\":\"https:\\\/\\\/secure.gravatar.com\\\/avatar\\\/71f2fa71737ad68a84fea94bc708ddac8ea5b0c4788dc2ad202f3ccb2887742f?s=96&d=wp_user_avatar&r=g\",\"contentUrl\":\"https:\\\/\\\/secure.gravatar.com\\\/avatar\\\/71f2fa71737ad68a84fea94bc708ddac8ea5b0c4788dc2ad202f3ccb2887742f?s=96&d=wp_user_avatar&r=g\",\"caption\":\"Reda\u00e7\u00e3o JO\"},\"url\":\"https:\\\/\\\/jornaldasoficinas.com\\\/pt\\\/author\\\/joredacao\\\/\"}]}<\/script>\n<!-- \/ Yoast SEO plugin. -->","yoast_head_json":{"title":"\"Impacto da IA no Aftermarket\" com Ricardo Oliveira - Jornal das Oficinas","description":"Quisemos saber o que pensa Ricardo Oliveira, da World Shopper, sobre a IA e de que modo \u00e9 que esta est\u00e1 presente no mercado e ind\u00fastria","robots":{"index":"index","follow":"follow","max-snippet":"max-snippet:-1","max-image-preview":"max-image-preview:large","max-video-preview":"max-video-preview:-1"},"canonical":"https:\/\/jornaldasoficinas.com\/pt\/impacto-da-ia-no-aftermarket-com-ricardo-oliveira\/","og_locale":"pt_PT","og_type":"article","og_title":"\"Impacto da IA no Aftermarket\" com Ricardo Oliveira - Jornal das Oficinas","og_description":"Quisemos saber o que pensa Ricardo Oliveira, da World Shopper, sobre a IA e de que modo \u00e9 que esta est\u00e1 presente no mercado e ind\u00fastria","og_url":"https:\/\/jornaldasoficinas.com\/pt\/impacto-da-ia-no-aftermarket-com-ricardo-oliveira\/","og_site_name":"Jornal das Oficinas","article_publisher":"https:\/\/www.facebook.com\/jornaloficinas","article_published_time":"2024-03-21T21:00:55+00:00","article_modified_time":"2024-04-05T10:01:20+00:00","og_image":[{"width":1024,"height":581,"url":"https:\/\/jornaldasoficinas.com\/pt\/wp-content\/uploads\/2024\/03\/RICARDO-OLIVEIRA-World-Shopper-1.jpg","type":"image\/jpeg"}],"author":"Reda\u00e7\u00e3o JO","twitter_card":"summary_large_image","twitter_creator":"@jornaloficinas","twitter_site":"@jornaloficinas","twitter_misc":{"Escrito por":"Reda\u00e7\u00e3o JO","Tempo estimado de leitura":"1 minuto"},"schema":{"@context":"https:\/\/schema.org","@graph":[{"@type":"Article","@id":"https:\/\/jornaldasoficinas.com\/pt\/impacto-da-ia-no-aftermarket-com-ricardo-oliveira\/#article","isPartOf":{"@id":"https:\/\/jornaldasoficinas.com\/pt\/impacto-da-ia-no-aftermarket-com-ricardo-oliveira\/"},"author":{"name":"Reda\u00e7\u00e3o JO","@id":"https:\/\/jornaldasoficinas.com\/pt\/#\/schema\/person\/a38eef5de2c41d9e7c9ac10141afddf3"},"headline":"&#8220;Impacto da IA no Aftermarket&#8221; com Ricardo Oliveira","datePublished":"2024-03-21T21:00:55+00:00","dateModified":"2024-04-05T10:01:20+00:00","mainEntityOfPage":{"@id":"https:\/\/jornaldasoficinas.com\/pt\/impacto-da-ia-no-aftermarket-com-ricardo-oliveira\/"},"wordCount":116,"publisher":{"@id":"https:\/\/jornaldasoficinas.com\/pt\/#organization"},"image":{"@id":"https:\/\/jornaldasoficinas.com\/pt\/impacto-da-ia-no-aftermarket-com-ricardo-oliveira\/#primaryimage"},"thumbnailUrl":"https:\/\/jornaldasoficinas.com\/pt\/wp-content\/uploads\/2024\/03\/RICARDO-OLIVEIRA-World-Shopper-1.jpg","keywords":["Dar Voz ao Aftermarket","Intelig\u00eancia artificial","JO Podcast","Ricardo Oliveira","World Shopper"],"articleSection":["Podcasts"],"inLanguage":"pt-PT"},{"@type":"WebPage","@id":"https:\/\/jornaldasoficinas.com\/pt\/impacto-da-ia-no-aftermarket-com-ricardo-oliveira\/","url":"https:\/\/jornaldasoficinas.com\/pt\/impacto-da-ia-no-aftermarket-com-ricardo-oliveira\/","name":"\"Impacto da IA no Aftermarket\" com Ricardo Oliveira - Jornal das Oficinas","isPartOf":{"@id":"https:\/\/jornaldasoficinas.com\/pt\/#website"},"primaryImageOfPage":{"@id":"https:\/\/jornaldasoficinas.com\/pt\/impacto-da-ia-no-aftermarket-com-ricardo-oliveira\/#primaryimage"},"image":{"@id":"https:\/\/jornaldasoficinas.com\/pt\/impacto-da-ia-no-aftermarket-com-ricardo-oliveira\/#primaryimage"},"thumbnailUrl":"https:\/\/jornaldasoficinas.com\/pt\/wp-content\/uploads\/2024\/03\/RICARDO-OLIVEIRA-World-Shopper-1.jpg","datePublished":"2024-03-21T21:00:55+00:00","dateModified":"2024-04-05T10:01:20+00:00","description":"Quisemos saber o que pensa Ricardo Oliveira, da World Shopper, sobre a IA e de que modo \u00e9 que esta est\u00e1 presente no mercado e ind\u00fastria","breadcrumb":{"@id":"https:\/\/jornaldasoficinas.com\/pt\/impacto-da-ia-no-aftermarket-com-ricardo-oliveira\/#breadcrumb"},"inLanguage":"pt-PT","potentialAction":[{"@type":"ReadAction","target":["https:\/\/jornaldasoficinas.com\/pt\/impacto-da-ia-no-aftermarket-com-ricardo-oliveira\/"]}]},{"@type":"ImageObject","inLanguage":"pt-PT","@id":"https:\/\/jornaldasoficinas.com\/pt\/impacto-da-ia-no-aftermarket-com-ricardo-oliveira\/#primaryimage","url":"https:\/\/jornaldasoficinas.com\/pt\/wp-content\/uploads\/2024\/03\/RICARDO-OLIVEIRA-World-Shopper-1.jpg","contentUrl":"https:\/\/jornaldasoficinas.com\/pt\/wp-content\/uploads\/2024\/03\/RICARDO-OLIVEIRA-World-Shopper-1.jpg","width":1024,"height":581,"caption":"03 - RICARDO OLIVEIRA World Shopper 1"},{"@type":"BreadcrumbList","@id":"https:\/\/jornaldasoficinas.com\/pt\/impacto-da-ia-no-aftermarket-com-ricardo-oliveira\/#breadcrumb","itemListElement":[{"@type":"ListItem","position":1,"name":"In\u00edcio","item":"https:\/\/jornaldasoficinas.com\/pt\/"},{"@type":"ListItem","position":2,"name":"&#8220;Impacto da IA no Aftermarket&#8221; com Ricardo Oliveira"}]},{"@type":"WebSite","@id":"https:\/\/jornaldasoficinas.com\/pt\/#website","url":"https:\/\/jornaldasoficinas.com\/pt\/","name":"Jornal das Oficinas","description":"Jornal independente do Aftermarket Autom\u00f3vel em Portugal","publisher":{"@id":"https:\/\/jornaldasoficinas.com\/pt\/#organization"},"potentialAction":[{"@type":"SearchAction","target":{"@type":"EntryPoint","urlTemplate":"https:\/\/jornaldasoficinas.com\/pt\/?s={search_term_string}"},"query-input":{"@type":"PropertyValueSpecification","valueRequired":true,"valueName":"search_term_string"}}],"inLanguage":"pt-PT"},{"@type":"Organization","@id":"https:\/\/jornaldasoficinas.com\/pt\/#organization","name":"Jornal das Oficinas","url":"https:\/\/jornaldasoficinas.com\/pt\/","logo":{"@type":"ImageObject","inLanguage":"pt-PT","@id":"https:\/\/jornaldasoficinas.com\/pt\/#\/schema\/logo\/image\/","url":"https:\/\/jornaldasoficinas.com\/pt\/wp-content\/uploads\/logoJO-SEO.png","contentUrl":"https:\/\/jornaldasoficinas.com\/pt\/wp-content\/uploads\/logoJO-SEO.png","width":285,"height":450,"caption":"Jornal das Oficinas"},"image":{"@id":"https:\/\/jornaldasoficinas.com\/pt\/#\/schema\/logo\/image\/"},"sameAs":["https:\/\/www.facebook.com\/jornaloficinas","https:\/\/x.com\/jornaloficinas","https:\/\/www.instagram.com\/jornal_oficinas\/","https:\/\/www.linkedin.com\/company\/jornal-das-oficinas\/","https:\/\/www.youtube.com\/channel\/UCbQZBqtcvV-oSQrr7RzINGg"]},{"@type":"Person","@id":"https:\/\/jornaldasoficinas.com\/pt\/#\/schema\/person\/a38eef5de2c41d9e7c9ac10141afddf3","name":"Reda\u00e7\u00e3o JO","image":{"@type":"ImageObject","inLanguage":"pt-PT","@id":"https:\/\/secure.gravatar.com\/avatar\/71f2fa71737ad68a84fea94bc708ddac8ea5b0c4788dc2ad202f3ccb2887742f?s=96&d=wp_user_avatar&r=g","url":"https:\/\/secure.gravatar.com\/avatar\/71f2fa71737ad68a84fea94bc708ddac8ea5b0c4788dc2ad202f3ccb2887742f?s=96&d=wp_user_avatar&r=g","contentUrl":"https:\/\/secure.gravatar.com\/avatar\/71f2fa71737ad68a84fea94bc708ddac8ea5b0c4788dc2ad202f3ccb2887742f?s=96&d=wp_user_avatar&r=g","caption":"Reda\u00e7\u00e3o JO"},"url":"https:\/\/jornaldasoficinas.com\/pt\/author\/joredacao\/"}]}},"_links":{"self":[{"href":"https:\/\/jornaldasoficinas.com\/pt\/wp-json\/wp\/v2\/posts\/81364","targetHints":{"allow":["GET"]}}],"collection":[{"href":"https:\/\/jornaldasoficinas.com\/pt\/wp-json\/wp\/v2\/posts"}],"about":[{"href":"https:\/\/jornaldasoficinas.com\/pt\/wp-json\/wp\/v2\/types\/post"}],"author":[{"embeddable":true,"href":"https:\/\/jornaldasoficinas.com\/pt\/wp-json\/wp\/v2\/users\/15"}],"replies":[{"embeddable":true,"href":"https:\/\/jornaldasoficinas.com\/pt\/wp-json\/wp\/v2\/comments?post=81364"}],"version-history":[{"count":0,"href":"https:\/\/jornaldasoficinas.com\/pt\/wp-json\/wp\/v2\/posts\/81364\/revisions"}],"wp:featuredmedia":[{"embeddable":true,"href":"https:\/\/jornaldasoficinas.com\/pt\/wp-json\/wp\/v2\/media\/81372"}],"wp:attachment":[{"href":"https:\/\/jornaldasoficinas.com\/pt\/wp-json\/wp\/v2\/media?parent=81364"}],"wp:term":[{"taxonomy":"category","embeddable":true,"href":"https:\/\/jornaldasoficinas.com\/pt\/wp-json\/wp\/v2\/categories?post=81364"},{"taxonomy":"post_tag","embeddable":true,"href":"https:\/\/jornaldasoficinas.com\/pt\/wp-json\/wp\/v2\/tags?post=81364"}],"curies":[{"name":"wp","href":"https:\/\/api.w.org\/{rel}","templated":true}]}}