{"id":81618,"date":"2024-03-27T16:00:24","date_gmt":"2024-03-27T16:00:24","guid":{"rendered":"https:\/\/jornaldasoficinas.com\/pt\/?p=81618"},"modified":"2024-03-26T21:03:15","modified_gmt":"2024-03-26T21:03:15","slug":"consumidores-acreditam-que-ia-ira-substituir-condutores-humanos","status":"publish","type":"post","link":"https:\/\/jornaldasoficinas.com\/pt\/consumidores-acreditam-que-ia-ira-substituir-condutores-humanos\/","title":{"rendered":"Consumidores acreditam que IA ir\u00e1 substituir condutores humanos"},"content":{"rendered":"<p><img loading=\"lazy\" decoding=\"async\" class=\"alignnone size-full wp-image-81621\" src=\"https:\/\/jornaldasoficinas.com\/pt\/wp-content\/uploads\/2024\/03\/Consumidores-acreditam-que-a-IA-ira-substituir-condutores-humanos.jpg\" alt=\"03 - Consumidores acreditam que a IA ira substituir condutores humanos\" width=\"1024\" height=\"581\" srcset=\"https:\/\/jornaldasoficinas.com\/pt\/wp-content\/uploads\/2024\/03\/Consumidores-acreditam-que-a-IA-ira-substituir-condutores-humanos.jpg 1024w, https:\/\/jornaldasoficinas.com\/pt\/wp-content\/uploads\/2024\/03\/Consumidores-acreditam-que-a-IA-ira-substituir-condutores-humanos-300x170.jpg 300w, https:\/\/jornaldasoficinas.com\/pt\/wp-content\/uploads\/2024\/03\/Consumidores-acreditam-que-a-IA-ira-substituir-condutores-humanos-150x85.jpg 150w, https:\/\/jornaldasoficinas.com\/pt\/wp-content\/uploads\/2024\/03\/Consumidores-acreditam-que-a-IA-ira-substituir-condutores-humanos-768x436.jpg 768w\" sizes=\"auto, (max-width: 1024px) 100vw, 1024px\" \/><\/p>\n<p><strong>O estudo feito pela <a href=\"https:\/\/escolhadoconsumidor.com\/\">Escolha do Consumidor<\/a> revelou as prefer\u00eancias e tend\u00eancias dos consumidores portugueses no setor autom\u00f3vel e a crescente preocupa\u00e7\u00e3o com a sustentabilidade<\/strong><\/p>\n<p>Esta pesquisa revelou que 35,6% dos consumidores portugueses acreditam que a intelig\u00eancia artificial substituir\u00e1 os condutores humanos no futuro. Contudo, quando se trata de ve\u00edculos aut\u00f3nomos, 26,7% t\u00eam uma opini\u00e3o muito negativa, enquanto apenas 4,4% expressam uma opini\u00e3o muito positiva.<\/p>\n<p>Os consumidores consideram que em 2043 a utiliza\u00e7\u00e3o do carro mediante o pagamento mensal fixo, durante um per\u00edodo pr\u00e9-estabelecido ser\u00e1 comum (22,5%) assim como algoritmos e intelig\u00eancia artificial que escolher\u00e3o o modelo de autom\u00f3vel mais adequado para cada cliente (18,8%). Al\u00e9m disso, espera-se que a venda de carros seja feita online (16,3%) e inclua experi\u00eancias virtuais, como showrooms online e realidade aumentada (13,75%). A personaliza\u00e7\u00e3o de carros (11,3%) tamb\u00e9m \u00e9 vista como uma tend\u00eancia.<\/p>\n<p>Daqui a 20 anos, os consumidores acreditam que os ve\u00edculos el\u00e9tricos ou movidos a energia renov\u00e1vel (43,4%) ser\u00e3o predominantes, assim como a condu\u00e7\u00e3o aut\u00f3noma (16,8%). Relativamente \u00e0 composi\u00e7\u00e3o dos autom\u00f3veis, os inquiridos creem que os carros ser\u00e3o mais leves e compactos (10,8%) e que as estradas inteligentes ir\u00e3o no futuro conectar-se com os ve\u00edculos (10,8%).<\/p>\n<p>Neste estudo, os consumidores destacaram a sustentabilidade como a principal vantagem dos ve\u00edculos el\u00e9tricos (32,1%), seguida da poupan\u00e7a a longo prazo (29,6%) e os baixos custos de manuten\u00e7\u00e3o (17,3%). Para ve\u00edculos a gasolina\/gas\u00f3leo, uma ampla rede de abastecimento (28,7%) e tempos de &#8220;recarga&#8221; mais r\u00e1pidos (26,4%) foram apontados como vantagens significativas. Os inquiridos refor\u00e7am ainda que as marcas automobil\u00edsticas deveriam focar-se na sustentabilidade (32,7%) e na seguran\u00e7a (31,9%) dos seus produtos.<\/p>\n<p>Em rela\u00e7\u00e3o \u00e0 propriedade de ve\u00edculos, 77,8% dos inquiridos afirmam possuir um carro pr\u00f3prio. Entre estes entrevistados, 51,4% t\u00eam ve\u00edculos a diesel, enquanto 42,9% t\u00eam ve\u00edculos a gasolina. Destes apenas 5,7% possuem ve\u00edculos el\u00e9tricos. Al\u00e9m disso, 65,7% dos propriet\u00e1rios de carros pretendem trocar os seus ve\u00edculos no futuro, com 43,5% a optar por ve\u00edculos el\u00e9tricos, 30,4% por autom\u00f3veis h\u00edbridos e 26% por carros a gasolina ou diesel.<\/p>\n<p>J\u00e1 dos consumidores que n\u00e3o possuem ve\u00edculos, 80% t\u00eam planos de adquirir um carro num futuro pr\u00f3ximo, com prefer\u00eancias, 37,5% para ve\u00edculos el\u00e9tricos, 25% para ve\u00edculos a gasolina e outros 25% para autom\u00f3veis a diesel. Apenas 12,5% pensam em adquirir um carro h\u00edbrido.<\/p>\n<p>Quando se trata da alternativa mais adequada, 42,2% dos inquiridos n\u00e3o t\u00eam a certeza, 31,1% consideram ve\u00edculos el\u00e9tricos a melhor escolha, enquanto 26,7% discordam. Dos que n\u00e3o consideram carros el\u00e9tricos a melhor op\u00e7\u00e3o, 53,6% acreditam que ve\u00edculos movidos a hidrog\u00e9nio s\u00e3o a melhor alternativa, seguidos por ve\u00edculos h\u00edbridos (23,1%) e autom\u00f3veis compartilhados (15,4%).<\/p>\n","protected":false},"excerpt":{"rendered":"<p>O estudo feito pela Escolha do&#8230;<\/p>\n","protected":false},"author":15,"featured_media":81621,"comment_status":"closed","ping_status":"closed","sticky":false,"template":"","format":"standard","meta":{"footnotes":""},"categories":[37],"tags":[8146,8145,8147,1137,3960,3860,1471,1087,1497,1767,3956],"class_list":["post-81618","post","type-post","status-publish","format-standard","has-post-thumbnail","hentry","category-mercado","tag-condutores-humanos","tag-consumidores-portugueses","tag-crescente-preocupacao","tag-escolha-do-consumidor","tag-estudo","tag-futuro","tag-ia","tag-inteligencia-artificial","tag-setor-automovel","tag-sustentabilidade","tag-tendencias"],"yoast_head":"<!-- This site is optimized with the Yoast SEO plugin v27.4 - https:\/\/yoast.com\/product\/yoast-seo-wordpress\/ -->\n<title>Consumidores acreditam que IA ir\u00e1 substituir condutores humanos - Jornal das Oficinas<\/title>\n<meta name=\"description\" content=\"O estudo feito pela Escolha do Consumidor revelou as prefer\u00eancias e tend\u00eancias dos consumidores portugueses no setor autom\u00f3vel\" \/>\n<meta name=\"robots\" content=\"index, follow, max-snippet:-1, max-image-preview:large, max-video-preview:-1\" \/>\n<link rel=\"canonical\" href=\"https:\/\/jornaldasoficinas.com\/pt\/consumidores-acreditam-que-ia-ira-substituir-condutores-humanos\/\" \/>\n<meta property=\"og:locale\" content=\"pt_PT\" \/>\n<meta property=\"og:type\" content=\"article\" \/>\n<meta property=\"og:title\" content=\"Consumidores acreditam que IA ir\u00e1 substituir condutores humanos - Jornal das Oficinas\" \/>\n<meta property=\"og:description\" content=\"O estudo feito pela Escolha do Consumidor revelou as prefer\u00eancias e tend\u00eancias dos consumidores portugueses no setor autom\u00f3vel\" \/>\n<meta property=\"og:url\" content=\"https:\/\/jornaldasoficinas.com\/pt\/consumidores-acreditam-que-ia-ira-substituir-condutores-humanos\/\" \/>\n<meta property=\"og:site_name\" content=\"Jornal das Oficinas\" \/>\n<meta property=\"article:publisher\" content=\"https:\/\/www.facebook.com\/jornaloficinas\" \/>\n<meta property=\"article:published_time\" content=\"2024-03-27T16:00:24+00:00\" \/>\n<meta property=\"og:image\" content=\"https:\/\/jornaldasoficinas.com\/pt\/wp-content\/uploads\/2024\/03\/Consumidores-acreditam-que-a-IA-ira-substituir-condutores-humanos.jpg\" \/>\n\t<meta property=\"og:image:width\" content=\"1024\" \/>\n\t<meta property=\"og:image:height\" content=\"581\" \/>\n\t<meta property=\"og:image:type\" content=\"image\/jpeg\" \/>\n<meta name=\"author\" content=\"Reda\u00e7\u00e3o JO\" \/>\n<meta name=\"twitter:card\" content=\"summary_large_image\" \/>\n<meta name=\"twitter:creator\" content=\"@jornaloficinas\" \/>\n<meta name=\"twitter:site\" content=\"@jornaloficinas\" \/>\n<meta name=\"twitter:label1\" content=\"Escrito por\" \/>\n\t<meta name=\"twitter:data1\" content=\"Reda\u00e7\u00e3o JO\" \/>\n\t<meta name=\"twitter:label2\" content=\"Tempo estimado de leitura\" \/>\n\t<meta name=\"twitter:data2\" content=\"3 minutos\" \/>\n<script type=\"application\/ld+json\" class=\"yoast-schema-graph\">{\"@context\":\"https:\\\/\\\/schema.org\",\"@graph\":[{\"@type\":\"Article\",\"@id\":\"https:\\\/\\\/jornaldasoficinas.com\\\/pt\\\/consumidores-acreditam-que-ia-ira-substituir-condutores-humanos\\\/#article\",\"isPartOf\":{\"@id\":\"https:\\\/\\\/jornaldasoficinas.com\\\/pt\\\/consumidores-acreditam-que-ia-ira-substituir-condutores-humanos\\\/\"},\"author\":{\"name\":\"Reda\u00e7\u00e3o JO\",\"@id\":\"https:\\\/\\\/jornaldasoficinas.com\\\/pt\\\/#\\\/schema\\\/person\\\/a38eef5de2c41d9e7c9ac10141afddf3\"},\"headline\":\"Consumidores acreditam que IA ir\u00e1 substituir condutores humanos\",\"datePublished\":\"2024-03-27T16:00:24+00:00\",\"mainEntityOfPage\":{\"@id\":\"https:\\\/\\\/jornaldasoficinas.com\\\/pt\\\/consumidores-acreditam-que-ia-ira-substituir-condutores-humanos\\\/\"},\"wordCount\":475,\"publisher\":{\"@id\":\"https:\\\/\\\/jornaldasoficinas.com\\\/pt\\\/#organization\"},\"image\":{\"@id\":\"https:\\\/\\\/jornaldasoficinas.com\\\/pt\\\/consumidores-acreditam-que-ia-ira-substituir-condutores-humanos\\\/#primaryimage\"},\"thumbnailUrl\":\"https:\\\/\\\/jornaldasoficinas.com\\\/pt\\\/wp-content\\\/uploads\\\/2024\\\/03\\\/Consumidores-acreditam-que-a-IA-ira-substituir-condutores-humanos.jpg\",\"keywords\":[\"condutores humanos\",\"consumidores portugueses\",\"crescente preocupa\u00e7\u00e3o\",\"Escolha do Consumidor\",\"Estudo\",\"Futuro\",\"IA\",\"Intelig\u00eancia artificial\",\"Setor Autom\u00f3vel\",\"Sustentabilidade\",\"Tend\u00eancias\"],\"articleSection\":[\"Mercado\"],\"inLanguage\":\"pt-PT\"},{\"@type\":\"WebPage\",\"@id\":\"https:\\\/\\\/jornaldasoficinas.com\\\/pt\\\/consumidores-acreditam-que-ia-ira-substituir-condutores-humanos\\\/\",\"url\":\"https:\\\/\\\/jornaldasoficinas.com\\\/pt\\\/consumidores-acreditam-que-ia-ira-substituir-condutores-humanos\\\/\",\"name\":\"Consumidores acreditam que IA ir\u00e1 substituir condutores humanos - Jornal das Oficinas\",\"isPartOf\":{\"@id\":\"https:\\\/\\\/jornaldasoficinas.com\\\/pt\\\/#website\"},\"primaryImageOfPage\":{\"@id\":\"https:\\\/\\\/jornaldasoficinas.com\\\/pt\\\/consumidores-acreditam-que-ia-ira-substituir-condutores-humanos\\\/#primaryimage\"},\"image\":{\"@id\":\"https:\\\/\\\/jornaldasoficinas.com\\\/pt\\\/consumidores-acreditam-que-ia-ira-substituir-condutores-humanos\\\/#primaryimage\"},\"thumbnailUrl\":\"https:\\\/\\\/jornaldasoficinas.com\\\/pt\\\/wp-content\\\/uploads\\\/2024\\\/03\\\/Consumidores-acreditam-que-a-IA-ira-substituir-condutores-humanos.jpg\",\"datePublished\":\"2024-03-27T16:00:24+00:00\",\"description\":\"O estudo feito pela Escolha do Consumidor revelou as prefer\u00eancias e tend\u00eancias dos consumidores portugueses no setor autom\u00f3vel\",\"breadcrumb\":{\"@id\":\"https:\\\/\\\/jornaldasoficinas.com\\\/pt\\\/consumidores-acreditam-que-ia-ira-substituir-condutores-humanos\\\/#breadcrumb\"},\"inLanguage\":\"pt-PT\",\"potentialAction\":[{\"@type\":\"ReadAction\",\"target\":[\"https:\\\/\\\/jornaldasoficinas.com\\\/pt\\\/consumidores-acreditam-que-ia-ira-substituir-condutores-humanos\\\/\"]}]},{\"@type\":\"ImageObject\",\"inLanguage\":\"pt-PT\",\"@id\":\"https:\\\/\\\/jornaldasoficinas.com\\\/pt\\\/consumidores-acreditam-que-ia-ira-substituir-condutores-humanos\\\/#primaryimage\",\"url\":\"https:\\\/\\\/jornaldasoficinas.com\\\/pt\\\/wp-content\\\/uploads\\\/2024\\\/03\\\/Consumidores-acreditam-que-a-IA-ira-substituir-condutores-humanos.jpg\",\"contentUrl\":\"https:\\\/\\\/jornaldasoficinas.com\\\/pt\\\/wp-content\\\/uploads\\\/2024\\\/03\\\/Consumidores-acreditam-que-a-IA-ira-substituir-condutores-humanos.jpg\",\"width\":1024,\"height\":581,\"caption\":\"03 - Consumidores acreditam que a IA ira substituir condutores humanos\"},{\"@type\":\"BreadcrumbList\",\"@id\":\"https:\\\/\\\/jornaldasoficinas.com\\\/pt\\\/consumidores-acreditam-que-ia-ira-substituir-condutores-humanos\\\/#breadcrumb\",\"itemListElement\":[{\"@type\":\"ListItem\",\"position\":1,\"name\":\"In\u00edcio\",\"item\":\"https:\\\/\\\/jornaldasoficinas.com\\\/pt\\\/\"},{\"@type\":\"ListItem\",\"position\":2,\"name\":\"Consumidores acreditam que IA ir\u00e1 substituir condutores humanos\"}]},{\"@type\":\"WebSite\",\"@id\":\"https:\\\/\\\/jornaldasoficinas.com\\\/pt\\\/#website\",\"url\":\"https:\\\/\\\/jornaldasoficinas.com\\\/pt\\\/\",\"name\":\"Jornal das Oficinas\",\"description\":\"Jornal independente do Aftermarket Autom\u00f3vel em Portugal\",\"publisher\":{\"@id\":\"https:\\\/\\\/jornaldasoficinas.com\\\/pt\\\/#organization\"},\"potentialAction\":[{\"@type\":\"SearchAction\",\"target\":{\"@type\":\"EntryPoint\",\"urlTemplate\":\"https:\\\/\\\/jornaldasoficinas.com\\\/pt\\\/?s={search_term_string}\"},\"query-input\":{\"@type\":\"PropertyValueSpecification\",\"valueRequired\":true,\"valueName\":\"search_term_string\"}}],\"inLanguage\":\"pt-PT\"},{\"@type\":\"Organization\",\"@id\":\"https:\\\/\\\/jornaldasoficinas.com\\\/pt\\\/#organization\",\"name\":\"Jornal das Oficinas\",\"url\":\"https:\\\/\\\/jornaldasoficinas.com\\\/pt\\\/\",\"logo\":{\"@type\":\"ImageObject\",\"inLanguage\":\"pt-PT\",\"@id\":\"https:\\\/\\\/jornaldasoficinas.com\\\/pt\\\/#\\\/schema\\\/logo\\\/image\\\/\",\"url\":\"https:\\\/\\\/jornaldasoficinas.com\\\/pt\\\/wp-content\\\/uploads\\\/logoJO-SEO.png\",\"contentUrl\":\"https:\\\/\\\/jornaldasoficinas.com\\\/pt\\\/wp-content\\\/uploads\\\/logoJO-SEO.png\",\"width\":285,\"height\":450,\"caption\":\"Jornal das Oficinas\"},\"image\":{\"@id\":\"https:\\\/\\\/jornaldasoficinas.com\\\/pt\\\/#\\\/schema\\\/logo\\\/image\\\/\"},\"sameAs\":[\"https:\\\/\\\/www.facebook.com\\\/jornaloficinas\",\"https:\\\/\\\/x.com\\\/jornaloficinas\",\"https:\\\/\\\/www.instagram.com\\\/jornal_oficinas\\\/\",\"https:\\\/\\\/www.linkedin.com\\\/company\\\/jornal-das-oficinas\\\/\",\"https:\\\/\\\/www.youtube.com\\\/channel\\\/UCbQZBqtcvV-oSQrr7RzINGg\"]},{\"@type\":\"Person\",\"@id\":\"https:\\\/\\\/jornaldasoficinas.com\\\/pt\\\/#\\\/schema\\\/person\\\/a38eef5de2c41d9e7c9ac10141afddf3\",\"name\":\"Reda\u00e7\u00e3o JO\",\"image\":{\"@type\":\"ImageObject\",\"inLanguage\":\"pt-PT\",\"@id\":\"https:\\\/\\\/secure.gravatar.com\\\/avatar\\\/71f2fa71737ad68a84fea94bc708ddac8ea5b0c4788dc2ad202f3ccb2887742f?s=96&d=wp_user_avatar&r=g\",\"url\":\"https:\\\/\\\/secure.gravatar.com\\\/avatar\\\/71f2fa71737ad68a84fea94bc708ddac8ea5b0c4788dc2ad202f3ccb2887742f?s=96&d=wp_user_avatar&r=g\",\"contentUrl\":\"https:\\\/\\\/secure.gravatar.com\\\/avatar\\\/71f2fa71737ad68a84fea94bc708ddac8ea5b0c4788dc2ad202f3ccb2887742f?s=96&d=wp_user_avatar&r=g\",\"caption\":\"Reda\u00e7\u00e3o JO\"},\"url\":\"https:\\\/\\\/jornaldasoficinas.com\\\/pt\\\/author\\\/joredacao\\\/\"}]}<\/script>\n<!-- \/ Yoast SEO plugin. -->","yoast_head_json":{"title":"Consumidores acreditam que IA ir\u00e1 substituir condutores humanos - Jornal das Oficinas","description":"O estudo feito pela Escolha do Consumidor revelou as prefer\u00eancias e tend\u00eancias dos consumidores portugueses no setor autom\u00f3vel","robots":{"index":"index","follow":"follow","max-snippet":"max-snippet:-1","max-image-preview":"max-image-preview:large","max-video-preview":"max-video-preview:-1"},"canonical":"https:\/\/jornaldasoficinas.com\/pt\/consumidores-acreditam-que-ia-ira-substituir-condutores-humanos\/","og_locale":"pt_PT","og_type":"article","og_title":"Consumidores acreditam que IA ir\u00e1 substituir condutores humanos - Jornal das Oficinas","og_description":"O estudo feito pela Escolha do Consumidor revelou as prefer\u00eancias e tend\u00eancias dos consumidores portugueses no setor autom\u00f3vel","og_url":"https:\/\/jornaldasoficinas.com\/pt\/consumidores-acreditam-que-ia-ira-substituir-condutores-humanos\/","og_site_name":"Jornal das Oficinas","article_publisher":"https:\/\/www.facebook.com\/jornaloficinas","article_published_time":"2024-03-27T16:00:24+00:00","og_image":[{"width":1024,"height":581,"url":"https:\/\/jornaldasoficinas.com\/pt\/wp-content\/uploads\/2024\/03\/Consumidores-acreditam-que-a-IA-ira-substituir-condutores-humanos.jpg","type":"image\/jpeg"}],"author":"Reda\u00e7\u00e3o JO","twitter_card":"summary_large_image","twitter_creator":"@jornaloficinas","twitter_site":"@jornaloficinas","twitter_misc":{"Escrito por":"Reda\u00e7\u00e3o JO","Tempo estimado de leitura":"3 minutos"},"schema":{"@context":"https:\/\/schema.org","@graph":[{"@type":"Article","@id":"https:\/\/jornaldasoficinas.com\/pt\/consumidores-acreditam-que-ia-ira-substituir-condutores-humanos\/#article","isPartOf":{"@id":"https:\/\/jornaldasoficinas.com\/pt\/consumidores-acreditam-que-ia-ira-substituir-condutores-humanos\/"},"author":{"name":"Reda\u00e7\u00e3o JO","@id":"https:\/\/jornaldasoficinas.com\/pt\/#\/schema\/person\/a38eef5de2c41d9e7c9ac10141afddf3"},"headline":"Consumidores acreditam que IA ir\u00e1 substituir condutores humanos","datePublished":"2024-03-27T16:00:24+00:00","mainEntityOfPage":{"@id":"https:\/\/jornaldasoficinas.com\/pt\/consumidores-acreditam-que-ia-ira-substituir-condutores-humanos\/"},"wordCount":475,"publisher":{"@id":"https:\/\/jornaldasoficinas.com\/pt\/#organization"},"image":{"@id":"https:\/\/jornaldasoficinas.com\/pt\/consumidores-acreditam-que-ia-ira-substituir-condutores-humanos\/#primaryimage"},"thumbnailUrl":"https:\/\/jornaldasoficinas.com\/pt\/wp-content\/uploads\/2024\/03\/Consumidores-acreditam-que-a-IA-ira-substituir-condutores-humanos.jpg","keywords":["condutores humanos","consumidores portugueses","crescente preocupa\u00e7\u00e3o","Escolha do Consumidor","Estudo","Futuro","IA","Intelig\u00eancia artificial","Setor Autom\u00f3vel","Sustentabilidade","Tend\u00eancias"],"articleSection":["Mercado"],"inLanguage":"pt-PT"},{"@type":"WebPage","@id":"https:\/\/jornaldasoficinas.com\/pt\/consumidores-acreditam-que-ia-ira-substituir-condutores-humanos\/","url":"https:\/\/jornaldasoficinas.com\/pt\/consumidores-acreditam-que-ia-ira-substituir-condutores-humanos\/","name":"Consumidores acreditam que IA ir\u00e1 substituir condutores humanos - Jornal das Oficinas","isPartOf":{"@id":"https:\/\/jornaldasoficinas.com\/pt\/#website"},"primaryImageOfPage":{"@id":"https:\/\/jornaldasoficinas.com\/pt\/consumidores-acreditam-que-ia-ira-substituir-condutores-humanos\/#primaryimage"},"image":{"@id":"https:\/\/jornaldasoficinas.com\/pt\/consumidores-acreditam-que-ia-ira-substituir-condutores-humanos\/#primaryimage"},"thumbnailUrl":"https:\/\/jornaldasoficinas.com\/pt\/wp-content\/uploads\/2024\/03\/Consumidores-acreditam-que-a-IA-ira-substituir-condutores-humanos.jpg","datePublished":"2024-03-27T16:00:24+00:00","description":"O estudo feito pela Escolha do Consumidor revelou as prefer\u00eancias e tend\u00eancias dos consumidores portugueses no setor autom\u00f3vel","breadcrumb":{"@id":"https:\/\/jornaldasoficinas.com\/pt\/consumidores-acreditam-que-ia-ira-substituir-condutores-humanos\/#breadcrumb"},"inLanguage":"pt-PT","potentialAction":[{"@type":"ReadAction","target":["https:\/\/jornaldasoficinas.com\/pt\/consumidores-acreditam-que-ia-ira-substituir-condutores-humanos\/"]}]},{"@type":"ImageObject","inLanguage":"pt-PT","@id":"https:\/\/jornaldasoficinas.com\/pt\/consumidores-acreditam-que-ia-ira-substituir-condutores-humanos\/#primaryimage","url":"https:\/\/jornaldasoficinas.com\/pt\/wp-content\/uploads\/2024\/03\/Consumidores-acreditam-que-a-IA-ira-substituir-condutores-humanos.jpg","contentUrl":"https:\/\/jornaldasoficinas.com\/pt\/wp-content\/uploads\/2024\/03\/Consumidores-acreditam-que-a-IA-ira-substituir-condutores-humanos.jpg","width":1024,"height":581,"caption":"03 - Consumidores acreditam que a IA ira substituir condutores humanos"},{"@type":"BreadcrumbList","@id":"https:\/\/jornaldasoficinas.com\/pt\/consumidores-acreditam-que-ia-ira-substituir-condutores-humanos\/#breadcrumb","itemListElement":[{"@type":"ListItem","position":1,"name":"In\u00edcio","item":"https:\/\/jornaldasoficinas.com\/pt\/"},{"@type":"ListItem","position":2,"name":"Consumidores acreditam que IA ir\u00e1 substituir condutores humanos"}]},{"@type":"WebSite","@id":"https:\/\/jornaldasoficinas.com\/pt\/#website","url":"https:\/\/jornaldasoficinas.com\/pt\/","name":"Jornal das Oficinas","description":"Jornal independente do Aftermarket Autom\u00f3vel em Portugal","publisher":{"@id":"https:\/\/jornaldasoficinas.com\/pt\/#organization"},"potentialAction":[{"@type":"SearchAction","target":{"@type":"EntryPoint","urlTemplate":"https:\/\/jornaldasoficinas.com\/pt\/?s={search_term_string}"},"query-input":{"@type":"PropertyValueSpecification","valueRequired":true,"valueName":"search_term_string"}}],"inLanguage":"pt-PT"},{"@type":"Organization","@id":"https:\/\/jornaldasoficinas.com\/pt\/#organization","name":"Jornal das Oficinas","url":"https:\/\/jornaldasoficinas.com\/pt\/","logo":{"@type":"ImageObject","inLanguage":"pt-PT","@id":"https:\/\/jornaldasoficinas.com\/pt\/#\/schema\/logo\/image\/","url":"https:\/\/jornaldasoficinas.com\/pt\/wp-content\/uploads\/logoJO-SEO.png","contentUrl":"https:\/\/jornaldasoficinas.com\/pt\/wp-content\/uploads\/logoJO-SEO.png","width":285,"height":450,"caption":"Jornal das Oficinas"},"image":{"@id":"https:\/\/jornaldasoficinas.com\/pt\/#\/schema\/logo\/image\/"},"sameAs":["https:\/\/www.facebook.com\/jornaloficinas","https:\/\/x.com\/jornaloficinas","https:\/\/www.instagram.com\/jornal_oficinas\/","https:\/\/www.linkedin.com\/company\/jornal-das-oficinas\/","https:\/\/www.youtube.com\/channel\/UCbQZBqtcvV-oSQrr7RzINGg"]},{"@type":"Person","@id":"https:\/\/jornaldasoficinas.com\/pt\/#\/schema\/person\/a38eef5de2c41d9e7c9ac10141afddf3","name":"Reda\u00e7\u00e3o JO","image":{"@type":"ImageObject","inLanguage":"pt-PT","@id":"https:\/\/secure.gravatar.com\/avatar\/71f2fa71737ad68a84fea94bc708ddac8ea5b0c4788dc2ad202f3ccb2887742f?s=96&d=wp_user_avatar&r=g","url":"https:\/\/secure.gravatar.com\/avatar\/71f2fa71737ad68a84fea94bc708ddac8ea5b0c4788dc2ad202f3ccb2887742f?s=96&d=wp_user_avatar&r=g","contentUrl":"https:\/\/secure.gravatar.com\/avatar\/71f2fa71737ad68a84fea94bc708ddac8ea5b0c4788dc2ad202f3ccb2887742f?s=96&d=wp_user_avatar&r=g","caption":"Reda\u00e7\u00e3o JO"},"url":"https:\/\/jornaldasoficinas.com\/pt\/author\/joredacao\/"}]}},"_links":{"self":[{"href":"https:\/\/jornaldasoficinas.com\/pt\/wp-json\/wp\/v2\/posts\/81618","targetHints":{"allow":["GET"]}}],"collection":[{"href":"https:\/\/jornaldasoficinas.com\/pt\/wp-json\/wp\/v2\/posts"}],"about":[{"href":"https:\/\/jornaldasoficinas.com\/pt\/wp-json\/wp\/v2\/types\/post"}],"author":[{"embeddable":true,"href":"https:\/\/jornaldasoficinas.com\/pt\/wp-json\/wp\/v2\/users\/15"}],"replies":[{"embeddable":true,"href":"https:\/\/jornaldasoficinas.com\/pt\/wp-json\/wp\/v2\/comments?post=81618"}],"version-history":[{"count":0,"href":"https:\/\/jornaldasoficinas.com\/pt\/wp-json\/wp\/v2\/posts\/81618\/revisions"}],"wp:featuredmedia":[{"embeddable":true,"href":"https:\/\/jornaldasoficinas.com\/pt\/wp-json\/wp\/v2\/media\/81621"}],"wp:attachment":[{"href":"https:\/\/jornaldasoficinas.com\/pt\/wp-json\/wp\/v2\/media?parent=81618"}],"wp:term":[{"taxonomy":"category","embeddable":true,"href":"https:\/\/jornaldasoficinas.com\/pt\/wp-json\/wp\/v2\/categories?post=81618"},{"taxonomy":"post_tag","embeddable":true,"href":"https:\/\/jornaldasoficinas.com\/pt\/wp-json\/wp\/v2\/tags?post=81618"}],"curies":[{"name":"wp","href":"https:\/\/api.w.org\/{rel}","templated":true}]}}