{"id":81746,"date":"2024-03-28T12:14:13","date_gmt":"2024-03-28T12:14:13","guid":{"rendered":"https:\/\/jornaldasoficinas.com\/pt\/?p=81746"},"modified":"2024-03-31T17:53:38","modified_gmt":"2024-03-31T16:53:38","slug":"krautli-portugal-vai-abrir-novo-armazem-em-coimbra","status":"publish","type":"post","link":"https:\/\/jornaldasoficinas.com\/pt\/krautli-portugal-vai-abrir-novo-armazem-em-coimbra\/","title":{"rendered":"Krautli Portugal vai abrir novo armaz\u00e9m em Coimbra"},"content":{"rendered":"<p><img loading=\"lazy\" decoding=\"async\" class=\"alignnone size-full wp-image-81756\" src=\"https:\/\/jornaldasoficinas.com\/pt\/wp-content\/uploads\/2024\/03\/Krautli.jpg\" alt=\"03 - Krautli\" width=\"1024\" height=\"581\" srcset=\"https:\/\/jornaldasoficinas.com\/pt\/wp-content\/uploads\/2024\/03\/Krautli.jpg 1024w, https:\/\/jornaldasoficinas.com\/pt\/wp-content\/uploads\/2024\/03\/Krautli-300x170.jpg 300w, https:\/\/jornaldasoficinas.com\/pt\/wp-content\/uploads\/2024\/03\/Krautli-150x85.jpg 150w, https:\/\/jornaldasoficinas.com\/pt\/wp-content\/uploads\/2024\/03\/Krautli-768x436.jpg 768w\" sizes=\"auto, (max-width: 1024px) 100vw, 1024px\" \/><\/p>\n<p><strong>Com a abertura desta plataforma log\u00edstica, a <a href=\"https:\/\/www.krautli.pt\/pt\/home\/?n=10\">Krautli Portugal<\/a> passa a disponibilizar\u00a0 armaz\u00e9ns em Lisboa, Porto e Coimbra com uma capacidade instalada superior a 7.800 M2<\/strong><\/p>\n<p>&#8220;\u00c9 com grande entusiasmo que informamos que iremos expandir a nossa opera\u00e7\u00e3o log\u00edstica com a abertura de um novo armaz\u00e9m na cidade de COIMBRA!&#8221;, come\u00e7ou por anunciar a Krautli em comunicado.<\/p>\n<p>Este novo espa\u00e7o foi cuidadosamente projetado para atender \u00e0s crescentes necessidades dos clientes da empresa, de modo a garantir um servi\u00e7o de maior proximidade, efici\u00eancia e agilidade.<\/p>\n<p>O novo armaz\u00e9m de Coimbra tem precis\u00e3o para iniciar as suas opera\u00e7\u00f5es a partir do pr\u00f3ximo dia 1 de Abril de 2024, com as seguintes coordenadas:<\/p>\n<p>Morada: Rua Cer\u00e2mica Ceres, 15, Fra\u00e7\u00e3o T, Armaz\u00e9m 14 &#8211; 3020-927 Torre de Vilela \u2013 Coimbra<\/p>\n<p>\u00c1rea das Instala\u00e7\u00f5es: 1.200 M2<\/p>\n<p>&#8220;Estamos confiantes de que esta expans\u00e3o trar\u00e1 benef\u00edcios significativos na nossa opera\u00e7\u00e3o, designadamente na zona centro do pa\u00eds&#8221;, concluiu.<\/p>\n<p>&nbsp;<\/p>\n","protected":false},"excerpt":{"rendered":"<p>Com a abertura desta plataforma log\u00edstica,&#8230;<\/p>\n","protected":false},"author":15,"featured_media":81756,"comment_status":"closed","ping_status":"closed","sticky":false,"template":"","format":"standard","meta":{"footnotes":""},"categories":[29],"tags":[4215,4575,290,6399,8202,8203],"class_list":["post-81746","post","type-post","status-publish","format-standard","has-post-thumbnail","hentry","category-empresas","tag-abertura","tag-coimbra","tag-krautli","tag-novo-armazem","tag-plataforma-logistica","tag-servico-de-proximidade"],"yoast_head":"<!-- This site is optimized with the Yoast SEO plugin v27.4 - https:\/\/yoast.com\/product\/yoast-seo-wordpress\/ -->\n<title>Krautli Portugal vai abrir novo armaz\u00e9m em Coimbra - Jornal das Oficinas<\/title>\n<meta name=\"description\" content=\"Com a abertura desta plataforma log\u00edstica, a Krautli Portugal passa a disponibilizar armaz\u00e9ns em Lisboa, Porto e Coimbra\" \/>\n<meta name=\"robots\" content=\"index, follow, max-snippet:-1, max-image-preview:large, max-video-preview:-1\" \/>\n<link rel=\"canonical\" href=\"https:\/\/jornaldasoficinas.com\/pt\/krautli-portugal-vai-abrir-novo-armazem-em-coimbra\/\" \/>\n<meta property=\"og:locale\" content=\"pt_PT\" \/>\n<meta property=\"og:type\" content=\"article\" \/>\n<meta property=\"og:title\" content=\"Krautli Portugal vai abrir novo armaz\u00e9m em Coimbra - Jornal das Oficinas\" \/>\n<meta property=\"og:description\" content=\"Com a abertura desta plataforma log\u00edstica, a Krautli Portugal passa a disponibilizar armaz\u00e9ns em Lisboa, Porto e Coimbra\" \/>\n<meta property=\"og:url\" content=\"https:\/\/jornaldasoficinas.com\/pt\/krautli-portugal-vai-abrir-novo-armazem-em-coimbra\/\" \/>\n<meta property=\"og:site_name\" content=\"Jornal das Oficinas\" \/>\n<meta property=\"article:publisher\" content=\"https:\/\/www.facebook.com\/jornaloficinas\" \/>\n<meta property=\"article:published_time\" content=\"2024-03-28T12:14:13+00:00\" \/>\n<meta property=\"article:modified_time\" content=\"2024-03-31T16:53:38+00:00\" \/>\n<meta property=\"og:image\" content=\"https:\/\/jornaldasoficinas.com\/pt\/wp-content\/uploads\/2024\/03\/Krautli.jpg\" \/>\n\t<meta property=\"og:image:width\" content=\"1024\" \/>\n\t<meta property=\"og:image:height\" content=\"581\" \/>\n\t<meta property=\"og:image:type\" content=\"image\/jpeg\" \/>\n<meta name=\"author\" content=\"Reda\u00e7\u00e3o JO\" \/>\n<meta name=\"twitter:card\" content=\"summary_large_image\" \/>\n<meta name=\"twitter:creator\" content=\"@jornaloficinas\" \/>\n<meta name=\"twitter:site\" content=\"@jornaloficinas\" \/>\n<meta name=\"twitter:label1\" content=\"Escrito por\" \/>\n\t<meta name=\"twitter:data1\" content=\"Reda\u00e7\u00e3o JO\" \/>\n\t<meta name=\"twitter:label2\" content=\"Tempo estimado de leitura\" \/>\n\t<meta name=\"twitter:data2\" content=\"2 minutos\" \/>\n<script type=\"application\/ld+json\" class=\"yoast-schema-graph\">{\"@context\":\"https:\\\/\\\/schema.org\",\"@graph\":[{\"@type\":\"Article\",\"@id\":\"https:\\\/\\\/jornaldasoficinas.com\\\/pt\\\/krautli-portugal-vai-abrir-novo-armazem-em-coimbra\\\/#article\",\"isPartOf\":{\"@id\":\"https:\\\/\\\/jornaldasoficinas.com\\\/pt\\\/krautli-portugal-vai-abrir-novo-armazem-em-coimbra\\\/\"},\"author\":{\"name\":\"Reda\u00e7\u00e3o JO\",\"@id\":\"https:\\\/\\\/jornaldasoficinas.com\\\/pt\\\/#\\\/schema\\\/person\\\/a38eef5de2c41d9e7c9ac10141afddf3\"},\"headline\":\"Krautli Portugal vai abrir novo armaz\u00e9m em Coimbra\",\"datePublished\":\"2024-03-28T12:14:13+00:00\",\"dateModified\":\"2024-03-31T16:53:38+00:00\",\"mainEntityOfPage\":{\"@id\":\"https:\\\/\\\/jornaldasoficinas.com\\\/pt\\\/krautli-portugal-vai-abrir-novo-armazem-em-coimbra\\\/\"},\"wordCount\":173,\"publisher\":{\"@id\":\"https:\\\/\\\/jornaldasoficinas.com\\\/pt\\\/#organization\"},\"image\":{\"@id\":\"https:\\\/\\\/jornaldasoficinas.com\\\/pt\\\/krautli-portugal-vai-abrir-novo-armazem-em-coimbra\\\/#primaryimage\"},\"thumbnailUrl\":\"https:\\\/\\\/jornaldasoficinas.com\\\/pt\\\/wp-content\\\/uploads\\\/2024\\\/03\\\/Krautli.jpg\",\"keywords\":[\"abertura\",\"Coimbra\",\"Krautli\",\"Novo armaz\u00e9m\",\"plataforma log\u00edstica\",\"servi\u00e7o de proximidade\"],\"articleSection\":[\"Empresas\"],\"inLanguage\":\"pt-PT\"},{\"@type\":\"WebPage\",\"@id\":\"https:\\\/\\\/jornaldasoficinas.com\\\/pt\\\/krautli-portugal-vai-abrir-novo-armazem-em-coimbra\\\/\",\"url\":\"https:\\\/\\\/jornaldasoficinas.com\\\/pt\\\/krautli-portugal-vai-abrir-novo-armazem-em-coimbra\\\/\",\"name\":\"Krautli Portugal vai abrir novo armaz\u00e9m em Coimbra - Jornal das Oficinas\",\"isPartOf\":{\"@id\":\"https:\\\/\\\/jornaldasoficinas.com\\\/pt\\\/#website\"},\"primaryImageOfPage\":{\"@id\":\"https:\\\/\\\/jornaldasoficinas.com\\\/pt\\\/krautli-portugal-vai-abrir-novo-armazem-em-coimbra\\\/#primaryimage\"},\"image\":{\"@id\":\"https:\\\/\\\/jornaldasoficinas.com\\\/pt\\\/krautli-portugal-vai-abrir-novo-armazem-em-coimbra\\\/#primaryimage\"},\"thumbnailUrl\":\"https:\\\/\\\/jornaldasoficinas.com\\\/pt\\\/wp-content\\\/uploads\\\/2024\\\/03\\\/Krautli.jpg\",\"datePublished\":\"2024-03-28T12:14:13+00:00\",\"dateModified\":\"2024-03-31T16:53:38+00:00\",\"description\":\"Com a abertura desta plataforma log\u00edstica, a Krautli Portugal passa a disponibilizar armaz\u00e9ns em Lisboa, Porto e Coimbra\",\"breadcrumb\":{\"@id\":\"https:\\\/\\\/jornaldasoficinas.com\\\/pt\\\/krautli-portugal-vai-abrir-novo-armazem-em-coimbra\\\/#breadcrumb\"},\"inLanguage\":\"pt-PT\",\"potentialAction\":[{\"@type\":\"ReadAction\",\"target\":[\"https:\\\/\\\/jornaldasoficinas.com\\\/pt\\\/krautli-portugal-vai-abrir-novo-armazem-em-coimbra\\\/\"]}]},{\"@type\":\"ImageObject\",\"inLanguage\":\"pt-PT\",\"@id\":\"https:\\\/\\\/jornaldasoficinas.com\\\/pt\\\/krautli-portugal-vai-abrir-novo-armazem-em-coimbra\\\/#primaryimage\",\"url\":\"https:\\\/\\\/jornaldasoficinas.com\\\/pt\\\/wp-content\\\/uploads\\\/2024\\\/03\\\/Krautli.jpg\",\"contentUrl\":\"https:\\\/\\\/jornaldasoficinas.com\\\/pt\\\/wp-content\\\/uploads\\\/2024\\\/03\\\/Krautli.jpg\",\"width\":1024,\"height\":581,\"caption\":\"03 - Krautli\"},{\"@type\":\"BreadcrumbList\",\"@id\":\"https:\\\/\\\/jornaldasoficinas.com\\\/pt\\\/krautli-portugal-vai-abrir-novo-armazem-em-coimbra\\\/#breadcrumb\",\"itemListElement\":[{\"@type\":\"ListItem\",\"position\":1,\"name\":\"In\u00edcio\",\"item\":\"https:\\\/\\\/jornaldasoficinas.com\\\/pt\\\/\"},{\"@type\":\"ListItem\",\"position\":2,\"name\":\"Krautli Portugal vai abrir novo armaz\u00e9m em Coimbra\"}]},{\"@type\":\"WebSite\",\"@id\":\"https:\\\/\\\/jornaldasoficinas.com\\\/pt\\\/#website\",\"url\":\"https:\\\/\\\/jornaldasoficinas.com\\\/pt\\\/\",\"name\":\"Jornal das Oficinas\",\"description\":\"Jornal independente do Aftermarket Autom\u00f3vel em Portugal\",\"publisher\":{\"@id\":\"https:\\\/\\\/jornaldasoficinas.com\\\/pt\\\/#organization\"},\"potentialAction\":[{\"@type\":\"SearchAction\",\"target\":{\"@type\":\"EntryPoint\",\"urlTemplate\":\"https:\\\/\\\/jornaldasoficinas.com\\\/pt\\\/?s={search_term_string}\"},\"query-input\":{\"@type\":\"PropertyValueSpecification\",\"valueRequired\":true,\"valueName\":\"search_term_string\"}}],\"inLanguage\":\"pt-PT\"},{\"@type\":\"Organization\",\"@id\":\"https:\\\/\\\/jornaldasoficinas.com\\\/pt\\\/#organization\",\"name\":\"Jornal das Oficinas\",\"url\":\"https:\\\/\\\/jornaldasoficinas.com\\\/pt\\\/\",\"logo\":{\"@type\":\"ImageObject\",\"inLanguage\":\"pt-PT\",\"@id\":\"https:\\\/\\\/jornaldasoficinas.com\\\/pt\\\/#\\\/schema\\\/logo\\\/image\\\/\",\"url\":\"https:\\\/\\\/jornaldasoficinas.com\\\/pt\\\/wp-content\\\/uploads\\\/logoJO-SEO.png\",\"contentUrl\":\"https:\\\/\\\/jornaldasoficinas.com\\\/pt\\\/wp-content\\\/uploads\\\/logoJO-SEO.png\",\"width\":285,\"height\":450,\"caption\":\"Jornal das Oficinas\"},\"image\":{\"@id\":\"https:\\\/\\\/jornaldasoficinas.com\\\/pt\\\/#\\\/schema\\\/logo\\\/image\\\/\"},\"sameAs\":[\"https:\\\/\\\/www.facebook.com\\\/jornaloficinas\",\"https:\\\/\\\/x.com\\\/jornaloficinas\",\"https:\\\/\\\/www.instagram.com\\\/jornal_oficinas\\\/\",\"https:\\\/\\\/www.linkedin.com\\\/company\\\/jornal-das-oficinas\\\/\",\"https:\\\/\\\/www.youtube.com\\\/channel\\\/UCbQZBqtcvV-oSQrr7RzINGg\"]},{\"@type\":\"Person\",\"@id\":\"https:\\\/\\\/jornaldasoficinas.com\\\/pt\\\/#\\\/schema\\\/person\\\/a38eef5de2c41d9e7c9ac10141afddf3\",\"name\":\"Reda\u00e7\u00e3o JO\",\"image\":{\"@type\":\"ImageObject\",\"inLanguage\":\"pt-PT\",\"@id\":\"https:\\\/\\\/secure.gravatar.com\\\/avatar\\\/71f2fa71737ad68a84fea94bc708ddac8ea5b0c4788dc2ad202f3ccb2887742f?s=96&d=wp_user_avatar&r=g\",\"url\":\"https:\\\/\\\/secure.gravatar.com\\\/avatar\\\/71f2fa71737ad68a84fea94bc708ddac8ea5b0c4788dc2ad202f3ccb2887742f?s=96&d=wp_user_avatar&r=g\",\"contentUrl\":\"https:\\\/\\\/secure.gravatar.com\\\/avatar\\\/71f2fa71737ad68a84fea94bc708ddac8ea5b0c4788dc2ad202f3ccb2887742f?s=96&d=wp_user_avatar&r=g\",\"caption\":\"Reda\u00e7\u00e3o JO\"},\"url\":\"https:\\\/\\\/jornaldasoficinas.com\\\/pt\\\/author\\\/joredacao\\\/\"}]}<\/script>\n<!-- \/ Yoast SEO plugin. -->","yoast_head_json":{"title":"Krautli Portugal vai abrir novo armaz\u00e9m em Coimbra - Jornal das Oficinas","description":"Com a abertura desta plataforma log\u00edstica, a Krautli Portugal passa a disponibilizar armaz\u00e9ns em Lisboa, Porto e Coimbra","robots":{"index":"index","follow":"follow","max-snippet":"max-snippet:-1","max-image-preview":"max-image-preview:large","max-video-preview":"max-video-preview:-1"},"canonical":"https:\/\/jornaldasoficinas.com\/pt\/krautli-portugal-vai-abrir-novo-armazem-em-coimbra\/","og_locale":"pt_PT","og_type":"article","og_title":"Krautli Portugal vai abrir novo armaz\u00e9m em Coimbra - Jornal das Oficinas","og_description":"Com a abertura desta plataforma log\u00edstica, a Krautli Portugal passa a disponibilizar armaz\u00e9ns em Lisboa, Porto e Coimbra","og_url":"https:\/\/jornaldasoficinas.com\/pt\/krautli-portugal-vai-abrir-novo-armazem-em-coimbra\/","og_site_name":"Jornal das Oficinas","article_publisher":"https:\/\/www.facebook.com\/jornaloficinas","article_published_time":"2024-03-28T12:14:13+00:00","article_modified_time":"2024-03-31T16:53:38+00:00","og_image":[{"width":1024,"height":581,"url":"https:\/\/jornaldasoficinas.com\/pt\/wp-content\/uploads\/2024\/03\/Krautli.jpg","type":"image\/jpeg"}],"author":"Reda\u00e7\u00e3o JO","twitter_card":"summary_large_image","twitter_creator":"@jornaloficinas","twitter_site":"@jornaloficinas","twitter_misc":{"Escrito por":"Reda\u00e7\u00e3o JO","Tempo estimado de leitura":"2 minutos"},"schema":{"@context":"https:\/\/schema.org","@graph":[{"@type":"Article","@id":"https:\/\/jornaldasoficinas.com\/pt\/krautli-portugal-vai-abrir-novo-armazem-em-coimbra\/#article","isPartOf":{"@id":"https:\/\/jornaldasoficinas.com\/pt\/krautli-portugal-vai-abrir-novo-armazem-em-coimbra\/"},"author":{"name":"Reda\u00e7\u00e3o JO","@id":"https:\/\/jornaldasoficinas.com\/pt\/#\/schema\/person\/a38eef5de2c41d9e7c9ac10141afddf3"},"headline":"Krautli Portugal vai abrir novo armaz\u00e9m em Coimbra","datePublished":"2024-03-28T12:14:13+00:00","dateModified":"2024-03-31T16:53:38+00:00","mainEntityOfPage":{"@id":"https:\/\/jornaldasoficinas.com\/pt\/krautli-portugal-vai-abrir-novo-armazem-em-coimbra\/"},"wordCount":173,"publisher":{"@id":"https:\/\/jornaldasoficinas.com\/pt\/#organization"},"image":{"@id":"https:\/\/jornaldasoficinas.com\/pt\/krautli-portugal-vai-abrir-novo-armazem-em-coimbra\/#primaryimage"},"thumbnailUrl":"https:\/\/jornaldasoficinas.com\/pt\/wp-content\/uploads\/2024\/03\/Krautli.jpg","keywords":["abertura","Coimbra","Krautli","Novo armaz\u00e9m","plataforma log\u00edstica","servi\u00e7o de proximidade"],"articleSection":["Empresas"],"inLanguage":"pt-PT"},{"@type":"WebPage","@id":"https:\/\/jornaldasoficinas.com\/pt\/krautli-portugal-vai-abrir-novo-armazem-em-coimbra\/","url":"https:\/\/jornaldasoficinas.com\/pt\/krautli-portugal-vai-abrir-novo-armazem-em-coimbra\/","name":"Krautli Portugal vai abrir novo armaz\u00e9m em Coimbra - Jornal das Oficinas","isPartOf":{"@id":"https:\/\/jornaldasoficinas.com\/pt\/#website"},"primaryImageOfPage":{"@id":"https:\/\/jornaldasoficinas.com\/pt\/krautli-portugal-vai-abrir-novo-armazem-em-coimbra\/#primaryimage"},"image":{"@id":"https:\/\/jornaldasoficinas.com\/pt\/krautli-portugal-vai-abrir-novo-armazem-em-coimbra\/#primaryimage"},"thumbnailUrl":"https:\/\/jornaldasoficinas.com\/pt\/wp-content\/uploads\/2024\/03\/Krautli.jpg","datePublished":"2024-03-28T12:14:13+00:00","dateModified":"2024-03-31T16:53:38+00:00","description":"Com a abertura desta plataforma log\u00edstica, a Krautli Portugal passa a disponibilizar armaz\u00e9ns em Lisboa, Porto e Coimbra","breadcrumb":{"@id":"https:\/\/jornaldasoficinas.com\/pt\/krautli-portugal-vai-abrir-novo-armazem-em-coimbra\/#breadcrumb"},"inLanguage":"pt-PT","potentialAction":[{"@type":"ReadAction","target":["https:\/\/jornaldasoficinas.com\/pt\/krautli-portugal-vai-abrir-novo-armazem-em-coimbra\/"]}]},{"@type":"ImageObject","inLanguage":"pt-PT","@id":"https:\/\/jornaldasoficinas.com\/pt\/krautli-portugal-vai-abrir-novo-armazem-em-coimbra\/#primaryimage","url":"https:\/\/jornaldasoficinas.com\/pt\/wp-content\/uploads\/2024\/03\/Krautli.jpg","contentUrl":"https:\/\/jornaldasoficinas.com\/pt\/wp-content\/uploads\/2024\/03\/Krautli.jpg","width":1024,"height":581,"caption":"03 - Krautli"},{"@type":"BreadcrumbList","@id":"https:\/\/jornaldasoficinas.com\/pt\/krautli-portugal-vai-abrir-novo-armazem-em-coimbra\/#breadcrumb","itemListElement":[{"@type":"ListItem","position":1,"name":"In\u00edcio","item":"https:\/\/jornaldasoficinas.com\/pt\/"},{"@type":"ListItem","position":2,"name":"Krautli Portugal vai abrir novo armaz\u00e9m em Coimbra"}]},{"@type":"WebSite","@id":"https:\/\/jornaldasoficinas.com\/pt\/#website","url":"https:\/\/jornaldasoficinas.com\/pt\/","name":"Jornal das Oficinas","description":"Jornal independente do Aftermarket Autom\u00f3vel em Portugal","publisher":{"@id":"https:\/\/jornaldasoficinas.com\/pt\/#organization"},"potentialAction":[{"@type":"SearchAction","target":{"@type":"EntryPoint","urlTemplate":"https:\/\/jornaldasoficinas.com\/pt\/?s={search_term_string}"},"query-input":{"@type":"PropertyValueSpecification","valueRequired":true,"valueName":"search_term_string"}}],"inLanguage":"pt-PT"},{"@type":"Organization","@id":"https:\/\/jornaldasoficinas.com\/pt\/#organization","name":"Jornal das Oficinas","url":"https:\/\/jornaldasoficinas.com\/pt\/","logo":{"@type":"ImageObject","inLanguage":"pt-PT","@id":"https:\/\/jornaldasoficinas.com\/pt\/#\/schema\/logo\/image\/","url":"https:\/\/jornaldasoficinas.com\/pt\/wp-content\/uploads\/logoJO-SEO.png","contentUrl":"https:\/\/jornaldasoficinas.com\/pt\/wp-content\/uploads\/logoJO-SEO.png","width":285,"height":450,"caption":"Jornal das Oficinas"},"image":{"@id":"https:\/\/jornaldasoficinas.com\/pt\/#\/schema\/logo\/image\/"},"sameAs":["https:\/\/www.facebook.com\/jornaloficinas","https:\/\/x.com\/jornaloficinas","https:\/\/www.instagram.com\/jornal_oficinas\/","https:\/\/www.linkedin.com\/company\/jornal-das-oficinas\/","https:\/\/www.youtube.com\/channel\/UCbQZBqtcvV-oSQrr7RzINGg"]},{"@type":"Person","@id":"https:\/\/jornaldasoficinas.com\/pt\/#\/schema\/person\/a38eef5de2c41d9e7c9ac10141afddf3","name":"Reda\u00e7\u00e3o JO","image":{"@type":"ImageObject","inLanguage":"pt-PT","@id":"https:\/\/secure.gravatar.com\/avatar\/71f2fa71737ad68a84fea94bc708ddac8ea5b0c4788dc2ad202f3ccb2887742f?s=96&d=wp_user_avatar&r=g","url":"https:\/\/secure.gravatar.com\/avatar\/71f2fa71737ad68a84fea94bc708ddac8ea5b0c4788dc2ad202f3ccb2887742f?s=96&d=wp_user_avatar&r=g","contentUrl":"https:\/\/secure.gravatar.com\/avatar\/71f2fa71737ad68a84fea94bc708ddac8ea5b0c4788dc2ad202f3ccb2887742f?s=96&d=wp_user_avatar&r=g","caption":"Reda\u00e7\u00e3o JO"},"url":"https:\/\/jornaldasoficinas.com\/pt\/author\/joredacao\/"}]}},"_links":{"self":[{"href":"https:\/\/jornaldasoficinas.com\/pt\/wp-json\/wp\/v2\/posts\/81746","targetHints":{"allow":["GET"]}}],"collection":[{"href":"https:\/\/jornaldasoficinas.com\/pt\/wp-json\/wp\/v2\/posts"}],"about":[{"href":"https:\/\/jornaldasoficinas.com\/pt\/wp-json\/wp\/v2\/types\/post"}],"author":[{"embeddable":true,"href":"https:\/\/jornaldasoficinas.com\/pt\/wp-json\/wp\/v2\/users\/15"}],"replies":[{"embeddable":true,"href":"https:\/\/jornaldasoficinas.com\/pt\/wp-json\/wp\/v2\/comments?post=81746"}],"version-history":[{"count":0,"href":"https:\/\/jornaldasoficinas.com\/pt\/wp-json\/wp\/v2\/posts\/81746\/revisions"}],"wp:featuredmedia":[{"embeddable":true,"href":"https:\/\/jornaldasoficinas.com\/pt\/wp-json\/wp\/v2\/media\/81756"}],"wp:attachment":[{"href":"https:\/\/jornaldasoficinas.com\/pt\/wp-json\/wp\/v2\/media?parent=81746"}],"wp:term":[{"taxonomy":"category","embeddable":true,"href":"https:\/\/jornaldasoficinas.com\/pt\/wp-json\/wp\/v2\/categories?post=81746"},{"taxonomy":"post_tag","embeddable":true,"href":"https:\/\/jornaldasoficinas.com\/pt\/wp-json\/wp\/v2\/tags?post=81746"}],"curies":[{"name":"wp","href":"https:\/\/api.w.org\/{rel}","templated":true}]}}