{"id":81784,"date":"2024-03-31T20:30:00","date_gmt":"2024-03-31T19:30:00","guid":{"rendered":"https:\/\/jornaldasoficinas.com\/pt\/?p=81784"},"modified":"2024-03-30T11:56:30","modified_gmt":"2024-03-30T11:56:30","slug":"um-novo-horizonte-com-o-automovel-conectado","status":"publish","type":"post","link":"https:\/\/jornaldasoficinas.com\/pt\/um-novo-horizonte-com-o-automovel-conectado\/","title":{"rendered":"Um novo horizonte com o autom\u00f3vel conectado"},"content":{"rendered":"<p><img loading=\"lazy\" decoding=\"async\" class=\"alignnone size-full wp-image-81781\" src=\"https:\/\/jornaldasoficinas.com\/pt\/wp-content\/uploads\/2024\/03\/um-novo-horizonte-com-automovel-conectado.jpeg\" alt=\"03 - um novo horizonte com automovel conectado\" width=\"1024\" height=\"581\" srcset=\"https:\/\/jornaldasoficinas.com\/pt\/wp-content\/uploads\/2024\/03\/um-novo-horizonte-com-automovel-conectado.jpeg 1024w, https:\/\/jornaldasoficinas.com\/pt\/wp-content\/uploads\/2024\/03\/um-novo-horizonte-com-automovel-conectado-300x170.jpeg 300w, https:\/\/jornaldasoficinas.com\/pt\/wp-content\/uploads\/2024\/03\/um-novo-horizonte-com-automovel-conectado-150x85.jpeg 150w, https:\/\/jornaldasoficinas.com\/pt\/wp-content\/uploads\/2024\/03\/um-novo-horizonte-com-automovel-conectado-768x436.jpeg 768w\" sizes=\"auto, (max-width: 1024px) 100vw, 1024px\" \/><\/p>\n<p><strong>Com a chegada de novas tecnologias e novos servi\u00e7os de mobilidade, a maneira como usamos os nossos ve\u00edculos est\u00e1 a evoluir muito rapidamente. Este contexto constitui uma grande oportunidade para que os fabricantes de autom\u00f3veis lancem novas linhas de neg\u00f3cio, que ser\u00e3o, sem d\u00favida, novas fontes de crescimento e benef\u00edcios no futuro<\/strong><\/p>\n<p>Hoje em dia, os ve\u00edculos est\u00e3o equipados com sensores que podem oferecer dados e pontos de vista sobre o estado do ve\u00edculo, a condu\u00e7\u00e3o, os h\u00e1bitos, as prefer\u00eancias de condu\u00e7\u00e3o e o estilo de vida do condutor. O ve\u00edculo tem deixado de ser um dispositivo que somente nos desloque do ponto A para o ponto B. Atualmente, gra\u00e7as aos avan\u00e7os tecnol\u00f3gicos, um autom\u00f3vel \u00e9 um espa\u00e7o onde se produz uma intera\u00e7\u00e3o com outras pessoas e tamb\u00e9m com o ambiente.<\/p>\n<p>As possibilidades de uso da tecnologia a bordo do ve\u00edculo s\u00e3o enormes, desde o autodiagn\u00f3stico do ve\u00edculo, a interven\u00e7\u00e3o na condu\u00e7\u00e3o para evitar acidentes, a an\u00e1lise do ambiente para adaptar a condu\u00e7\u00e3o e a gest\u00e3o completa, atrav\u00e9s da intelig\u00eancia artificial, que poder\u00e1 ter a capacidade de aceder aos dispositivos remotamente ou gerir os conte\u00fados de informa\u00e7\u00e3o e de entretenimento que consumimos no nosso ve\u00edculo. As marcas j\u00e1 se est\u00e3o a adaptar aos novos modelos de neg\u00f3cio em torno \u00e0 conetividade, mas devem adiantar-se \u00e0s tend\u00eancias e \u00e0s necessidades dos utilizadores. Muitos fabricantes j\u00e1 contam com departamentos especializados em analisar tend\u00eancias e padr\u00f5es de comportamento para transformar as suas inova\u00e7\u00f5es em solu\u00e7\u00f5es para os utilizadores. O autom\u00f3vel conectado tem evolu\u00eddo rapidamente desde que foi introduzido no mercado em 2018, com a obrigatoriedade de todos os ve\u00edculos novos disporem do sistema chamado eCall (chamada de emerg\u00eancia).<\/p>\n<p>Mas as vantagens para o utilizador n\u00e3o ficam somente nesta funcionalidade. Fique a par de todas as funcionalidades no artigo completo no jornal impresso do <a href=\"https:\/\/www.yumpu.com\/pt\/document\/read\/68627625\/jornal-das-oficinas-215\/11\" target=\"_blank\" rel=\"noopener\">Jornal das Oficinas de fevereiro\/mar\u00e7o<\/a>.<\/p>\n<p>&nbsp;<\/p>\n","protected":false},"excerpt":{"rendered":"<p>Com a chegada de novas tecnologias&#8230;<\/p>\n","protected":false},"author":15,"featured_media":81781,"comment_status":"closed","ping_status":"closed","sticky":false,"template":"","format":"standard","meta":{"footnotes":""},"categories":[37],"tags":[8205,3023,8204,3559,6335,4873,1407,3293],"class_list":["post-81784","post","type-post","status-publish","format-standard","has-post-thumbnail","hentry","category-mercado","tag-autodiagnostico-do-veiculo","tag-automoveis-conectados","tag-estado-do-veiculo","tag-evolucao","tag-fabricantes","tag-nova-mobilidade","tag-sensores","tag-vantagens"],"yoast_head":"<!-- This site is optimized with the Yoast SEO plugin v27.5 - https:\/\/yoast.com\/product\/yoast-seo-wordpress\/ -->\n<title>Um novo horizonte com o autom\u00f3vel conectado - Jornal das Oficinas<\/title>\n<meta name=\"description\" content=\"Com a chegada de novas tecnologias e novos servi\u00e7os de mobilidade, a maneira como usamos os nossos ve\u00edculos est\u00e1 a evoluir muito rapidamente\" \/>\n<meta name=\"robots\" content=\"index, follow, max-snippet:-1, max-image-preview:large, max-video-preview:-1\" \/>\n<link rel=\"canonical\" href=\"https:\/\/jornaldasoficinas.com\/pt\/um-novo-horizonte-com-o-automovel-conectado\/\" \/>\n<meta property=\"og:locale\" content=\"pt_PT\" \/>\n<meta property=\"og:type\" content=\"article\" \/>\n<meta property=\"og:title\" content=\"Um novo horizonte com o autom\u00f3vel conectado - Jornal das Oficinas\" \/>\n<meta property=\"og:description\" content=\"Com a chegada de novas tecnologias e novos servi\u00e7os de mobilidade, a maneira como usamos os nossos ve\u00edculos est\u00e1 a evoluir muito rapidamente\" \/>\n<meta property=\"og:url\" content=\"https:\/\/jornaldasoficinas.com\/pt\/um-novo-horizonte-com-o-automovel-conectado\/\" \/>\n<meta property=\"og:site_name\" content=\"Jornal das Oficinas\" \/>\n<meta property=\"article:publisher\" content=\"https:\/\/www.facebook.com\/jornaloficinas\" \/>\n<meta property=\"article:published_time\" content=\"2024-03-31T19:30:00+00:00\" \/>\n<meta property=\"og:image\" content=\"https:\/\/jornaldasoficinas.com\/pt\/wp-content\/uploads\/2024\/03\/um-novo-horizonte-com-automovel-conectado.jpeg\" \/>\n\t<meta property=\"og:image:width\" content=\"1024\" \/>\n\t<meta property=\"og:image:height\" content=\"581\" \/>\n\t<meta property=\"og:image:type\" content=\"image\/jpeg\" \/>\n<meta name=\"author\" content=\"Reda\u00e7\u00e3o JO\" \/>\n<meta name=\"twitter:card\" content=\"summary_large_image\" \/>\n<meta name=\"twitter:creator\" content=\"@jornaloficinas\" \/>\n<meta name=\"twitter:site\" content=\"@jornaloficinas\" \/>\n<meta name=\"twitter:label1\" content=\"Escrito por\" \/>\n\t<meta name=\"twitter:data1\" content=\"Reda\u00e7\u00e3o JO\" \/>\n\t<meta name=\"twitter:label2\" content=\"Tempo estimado de leitura\" \/>\n\t<meta name=\"twitter:data2\" content=\"3 minutos\" \/>\n<script type=\"application\/ld+json\" class=\"yoast-schema-graph\">{\"@context\":\"https:\\\/\\\/schema.org\",\"@graph\":[{\"@type\":\"Article\",\"@id\":\"https:\\\/\\\/jornaldasoficinas.com\\\/pt\\\/um-novo-horizonte-com-o-automovel-conectado\\\/#article\",\"isPartOf\":{\"@id\":\"https:\\\/\\\/jornaldasoficinas.com\\\/pt\\\/um-novo-horizonte-com-o-automovel-conectado\\\/\"},\"author\":{\"name\":\"Reda\u00e7\u00e3o JO\",\"@id\":\"https:\\\/\\\/jornaldasoficinas.com\\\/pt\\\/#\\\/schema\\\/person\\\/a38eef5de2c41d9e7c9ac10141afddf3\"},\"headline\":\"Um novo horizonte com o autom\u00f3vel conectado\",\"datePublished\":\"2024-03-31T19:30:00+00:00\",\"mainEntityOfPage\":{\"@id\":\"https:\\\/\\\/jornaldasoficinas.com\\\/pt\\\/um-novo-horizonte-com-o-automovel-conectado\\\/\"},\"wordCount\":361,\"publisher\":{\"@id\":\"https:\\\/\\\/jornaldasoficinas.com\\\/pt\\\/#organization\"},\"image\":{\"@id\":\"https:\\\/\\\/jornaldasoficinas.com\\\/pt\\\/um-novo-horizonte-com-o-automovel-conectado\\\/#primaryimage\"},\"thumbnailUrl\":\"https:\\\/\\\/jornaldasoficinas.com\\\/pt\\\/wp-content\\\/uploads\\\/2024\\\/03\\\/um-novo-horizonte-com-automovel-conectado.jpeg\",\"keywords\":[\"autodiagn\u00f3stico do ve\u00edculo\",\"Autom\u00f3veis Conectados\",\"estado do ve\u00edculo\",\"Evolu\u00e7\u00e3o\",\"Fabricantes\",\"Nova Mobilidade\",\"Sensores\",\"vantagens\"],\"articleSection\":[\"Mercado\"],\"inLanguage\":\"pt-PT\"},{\"@type\":\"WebPage\",\"@id\":\"https:\\\/\\\/jornaldasoficinas.com\\\/pt\\\/um-novo-horizonte-com-o-automovel-conectado\\\/\",\"url\":\"https:\\\/\\\/jornaldasoficinas.com\\\/pt\\\/um-novo-horizonte-com-o-automovel-conectado\\\/\",\"name\":\"Um novo horizonte com o autom\u00f3vel conectado - Jornal das Oficinas\",\"isPartOf\":{\"@id\":\"https:\\\/\\\/jornaldasoficinas.com\\\/pt\\\/#website\"},\"primaryImageOfPage\":{\"@id\":\"https:\\\/\\\/jornaldasoficinas.com\\\/pt\\\/um-novo-horizonte-com-o-automovel-conectado\\\/#primaryimage\"},\"image\":{\"@id\":\"https:\\\/\\\/jornaldasoficinas.com\\\/pt\\\/um-novo-horizonte-com-o-automovel-conectado\\\/#primaryimage\"},\"thumbnailUrl\":\"https:\\\/\\\/jornaldasoficinas.com\\\/pt\\\/wp-content\\\/uploads\\\/2024\\\/03\\\/um-novo-horizonte-com-automovel-conectado.jpeg\",\"datePublished\":\"2024-03-31T19:30:00+00:00\",\"description\":\"Com a chegada de novas tecnologias e novos servi\u00e7os de mobilidade, a maneira como usamos os nossos ve\u00edculos est\u00e1 a evoluir muito rapidamente\",\"breadcrumb\":{\"@id\":\"https:\\\/\\\/jornaldasoficinas.com\\\/pt\\\/um-novo-horizonte-com-o-automovel-conectado\\\/#breadcrumb\"},\"inLanguage\":\"pt-PT\",\"potentialAction\":[{\"@type\":\"ReadAction\",\"target\":[\"https:\\\/\\\/jornaldasoficinas.com\\\/pt\\\/um-novo-horizonte-com-o-automovel-conectado\\\/\"]}]},{\"@type\":\"ImageObject\",\"inLanguage\":\"pt-PT\",\"@id\":\"https:\\\/\\\/jornaldasoficinas.com\\\/pt\\\/um-novo-horizonte-com-o-automovel-conectado\\\/#primaryimage\",\"url\":\"https:\\\/\\\/jornaldasoficinas.com\\\/pt\\\/wp-content\\\/uploads\\\/2024\\\/03\\\/um-novo-horizonte-com-automovel-conectado.jpeg\",\"contentUrl\":\"https:\\\/\\\/jornaldasoficinas.com\\\/pt\\\/wp-content\\\/uploads\\\/2024\\\/03\\\/um-novo-horizonte-com-automovel-conectado.jpeg\",\"width\":1024,\"height\":581,\"caption\":\"03 - um novo horizonte com automovel conectado\"},{\"@type\":\"BreadcrumbList\",\"@id\":\"https:\\\/\\\/jornaldasoficinas.com\\\/pt\\\/um-novo-horizonte-com-o-automovel-conectado\\\/#breadcrumb\",\"itemListElement\":[{\"@type\":\"ListItem\",\"position\":1,\"name\":\"In\u00edcio\",\"item\":\"https:\\\/\\\/jornaldasoficinas.com\\\/pt\\\/\"},{\"@type\":\"ListItem\",\"position\":2,\"name\":\"Um novo horizonte com o autom\u00f3vel conectado\"}]},{\"@type\":\"WebSite\",\"@id\":\"https:\\\/\\\/jornaldasoficinas.com\\\/pt\\\/#website\",\"url\":\"https:\\\/\\\/jornaldasoficinas.com\\\/pt\\\/\",\"name\":\"Jornal das Oficinas\",\"description\":\"Jornal independente do Aftermarket Autom\u00f3vel em Portugal\",\"publisher\":{\"@id\":\"https:\\\/\\\/jornaldasoficinas.com\\\/pt\\\/#organization\"},\"potentialAction\":[{\"@type\":\"SearchAction\",\"target\":{\"@type\":\"EntryPoint\",\"urlTemplate\":\"https:\\\/\\\/jornaldasoficinas.com\\\/pt\\\/?s={search_term_string}\"},\"query-input\":{\"@type\":\"PropertyValueSpecification\",\"valueRequired\":true,\"valueName\":\"search_term_string\"}}],\"inLanguage\":\"pt-PT\"},{\"@type\":\"Organization\",\"@id\":\"https:\\\/\\\/jornaldasoficinas.com\\\/pt\\\/#organization\",\"name\":\"Jornal das Oficinas\",\"url\":\"https:\\\/\\\/jornaldasoficinas.com\\\/pt\\\/\",\"logo\":{\"@type\":\"ImageObject\",\"inLanguage\":\"pt-PT\",\"@id\":\"https:\\\/\\\/jornaldasoficinas.com\\\/pt\\\/#\\\/schema\\\/logo\\\/image\\\/\",\"url\":\"https:\\\/\\\/jornaldasoficinas.com\\\/pt\\\/wp-content\\\/uploads\\\/logoJO-SEO.png\",\"contentUrl\":\"https:\\\/\\\/jornaldasoficinas.com\\\/pt\\\/wp-content\\\/uploads\\\/logoJO-SEO.png\",\"width\":285,\"height\":450,\"caption\":\"Jornal das Oficinas\"},\"image\":{\"@id\":\"https:\\\/\\\/jornaldasoficinas.com\\\/pt\\\/#\\\/schema\\\/logo\\\/image\\\/\"},\"sameAs\":[\"https:\\\/\\\/www.facebook.com\\\/jornaloficinas\",\"https:\\\/\\\/x.com\\\/jornaloficinas\",\"https:\\\/\\\/www.instagram.com\\\/jornal_oficinas\\\/\",\"https:\\\/\\\/www.linkedin.com\\\/company\\\/jornal-das-oficinas\\\/\",\"https:\\\/\\\/www.youtube.com\\\/channel\\\/UCbQZBqtcvV-oSQrr7RzINGg\"]},{\"@type\":\"Person\",\"@id\":\"https:\\\/\\\/jornaldasoficinas.com\\\/pt\\\/#\\\/schema\\\/person\\\/a38eef5de2c41d9e7c9ac10141afddf3\",\"name\":\"Reda\u00e7\u00e3o JO\",\"image\":{\"@type\":\"ImageObject\",\"inLanguage\":\"pt-PT\",\"@id\":\"https:\\\/\\\/secure.gravatar.com\\\/avatar\\\/71f2fa71737ad68a84fea94bc708ddac8ea5b0c4788dc2ad202f3ccb2887742f?s=96&d=wp_user_avatar&r=g\",\"url\":\"https:\\\/\\\/secure.gravatar.com\\\/avatar\\\/71f2fa71737ad68a84fea94bc708ddac8ea5b0c4788dc2ad202f3ccb2887742f?s=96&d=wp_user_avatar&r=g\",\"contentUrl\":\"https:\\\/\\\/secure.gravatar.com\\\/avatar\\\/71f2fa71737ad68a84fea94bc708ddac8ea5b0c4788dc2ad202f3ccb2887742f?s=96&d=wp_user_avatar&r=g\",\"caption\":\"Reda\u00e7\u00e3o JO\"},\"url\":\"https:\\\/\\\/jornaldasoficinas.com\\\/pt\\\/author\\\/joredacao\\\/\"}]}<\/script>\n<!-- \/ Yoast SEO plugin. -->","yoast_head_json":{"title":"Um novo horizonte com o autom\u00f3vel conectado - Jornal das Oficinas","description":"Com a chegada de novas tecnologias e novos servi\u00e7os de mobilidade, a maneira como usamos os nossos ve\u00edculos est\u00e1 a evoluir muito rapidamente","robots":{"index":"index","follow":"follow","max-snippet":"max-snippet:-1","max-image-preview":"max-image-preview:large","max-video-preview":"max-video-preview:-1"},"canonical":"https:\/\/jornaldasoficinas.com\/pt\/um-novo-horizonte-com-o-automovel-conectado\/","og_locale":"pt_PT","og_type":"article","og_title":"Um novo horizonte com o autom\u00f3vel conectado - Jornal das Oficinas","og_description":"Com a chegada de novas tecnologias e novos servi\u00e7os de mobilidade, a maneira como usamos os nossos ve\u00edculos est\u00e1 a evoluir muito rapidamente","og_url":"https:\/\/jornaldasoficinas.com\/pt\/um-novo-horizonte-com-o-automovel-conectado\/","og_site_name":"Jornal das Oficinas","article_publisher":"https:\/\/www.facebook.com\/jornaloficinas","article_published_time":"2024-03-31T19:30:00+00:00","og_image":[{"width":1024,"height":581,"url":"https:\/\/jornaldasoficinas.com\/pt\/wp-content\/uploads\/2024\/03\/um-novo-horizonte-com-automovel-conectado.jpeg","type":"image\/jpeg"}],"author":"Reda\u00e7\u00e3o JO","twitter_card":"summary_large_image","twitter_creator":"@jornaloficinas","twitter_site":"@jornaloficinas","twitter_misc":{"Escrito por":"Reda\u00e7\u00e3o JO","Tempo estimado de leitura":"3 minutos"},"schema":{"@context":"https:\/\/schema.org","@graph":[{"@type":"Article","@id":"https:\/\/jornaldasoficinas.com\/pt\/um-novo-horizonte-com-o-automovel-conectado\/#article","isPartOf":{"@id":"https:\/\/jornaldasoficinas.com\/pt\/um-novo-horizonte-com-o-automovel-conectado\/"},"author":{"name":"Reda\u00e7\u00e3o JO","@id":"https:\/\/jornaldasoficinas.com\/pt\/#\/schema\/person\/a38eef5de2c41d9e7c9ac10141afddf3"},"headline":"Um novo horizonte com o autom\u00f3vel conectado","datePublished":"2024-03-31T19:30:00+00:00","mainEntityOfPage":{"@id":"https:\/\/jornaldasoficinas.com\/pt\/um-novo-horizonte-com-o-automovel-conectado\/"},"wordCount":361,"publisher":{"@id":"https:\/\/jornaldasoficinas.com\/pt\/#organization"},"image":{"@id":"https:\/\/jornaldasoficinas.com\/pt\/um-novo-horizonte-com-o-automovel-conectado\/#primaryimage"},"thumbnailUrl":"https:\/\/jornaldasoficinas.com\/pt\/wp-content\/uploads\/2024\/03\/um-novo-horizonte-com-automovel-conectado.jpeg","keywords":["autodiagn\u00f3stico do ve\u00edculo","Autom\u00f3veis Conectados","estado do ve\u00edculo","Evolu\u00e7\u00e3o","Fabricantes","Nova Mobilidade","Sensores","vantagens"],"articleSection":["Mercado"],"inLanguage":"pt-PT"},{"@type":"WebPage","@id":"https:\/\/jornaldasoficinas.com\/pt\/um-novo-horizonte-com-o-automovel-conectado\/","url":"https:\/\/jornaldasoficinas.com\/pt\/um-novo-horizonte-com-o-automovel-conectado\/","name":"Um novo horizonte com o autom\u00f3vel conectado - Jornal das Oficinas","isPartOf":{"@id":"https:\/\/jornaldasoficinas.com\/pt\/#website"},"primaryImageOfPage":{"@id":"https:\/\/jornaldasoficinas.com\/pt\/um-novo-horizonte-com-o-automovel-conectado\/#primaryimage"},"image":{"@id":"https:\/\/jornaldasoficinas.com\/pt\/um-novo-horizonte-com-o-automovel-conectado\/#primaryimage"},"thumbnailUrl":"https:\/\/jornaldasoficinas.com\/pt\/wp-content\/uploads\/2024\/03\/um-novo-horizonte-com-automovel-conectado.jpeg","datePublished":"2024-03-31T19:30:00+00:00","description":"Com a chegada de novas tecnologias e novos servi\u00e7os de mobilidade, a maneira como usamos os nossos ve\u00edculos est\u00e1 a evoluir muito rapidamente","breadcrumb":{"@id":"https:\/\/jornaldasoficinas.com\/pt\/um-novo-horizonte-com-o-automovel-conectado\/#breadcrumb"},"inLanguage":"pt-PT","potentialAction":[{"@type":"ReadAction","target":["https:\/\/jornaldasoficinas.com\/pt\/um-novo-horizonte-com-o-automovel-conectado\/"]}]},{"@type":"ImageObject","inLanguage":"pt-PT","@id":"https:\/\/jornaldasoficinas.com\/pt\/um-novo-horizonte-com-o-automovel-conectado\/#primaryimage","url":"https:\/\/jornaldasoficinas.com\/pt\/wp-content\/uploads\/2024\/03\/um-novo-horizonte-com-automovel-conectado.jpeg","contentUrl":"https:\/\/jornaldasoficinas.com\/pt\/wp-content\/uploads\/2024\/03\/um-novo-horizonte-com-automovel-conectado.jpeg","width":1024,"height":581,"caption":"03 - um novo horizonte com automovel conectado"},{"@type":"BreadcrumbList","@id":"https:\/\/jornaldasoficinas.com\/pt\/um-novo-horizonte-com-o-automovel-conectado\/#breadcrumb","itemListElement":[{"@type":"ListItem","position":1,"name":"In\u00edcio","item":"https:\/\/jornaldasoficinas.com\/pt\/"},{"@type":"ListItem","position":2,"name":"Um novo horizonte com o autom\u00f3vel conectado"}]},{"@type":"WebSite","@id":"https:\/\/jornaldasoficinas.com\/pt\/#website","url":"https:\/\/jornaldasoficinas.com\/pt\/","name":"Jornal das Oficinas","description":"Jornal independente do Aftermarket Autom\u00f3vel em Portugal","publisher":{"@id":"https:\/\/jornaldasoficinas.com\/pt\/#organization"},"potentialAction":[{"@type":"SearchAction","target":{"@type":"EntryPoint","urlTemplate":"https:\/\/jornaldasoficinas.com\/pt\/?s={search_term_string}"},"query-input":{"@type":"PropertyValueSpecification","valueRequired":true,"valueName":"search_term_string"}}],"inLanguage":"pt-PT"},{"@type":"Organization","@id":"https:\/\/jornaldasoficinas.com\/pt\/#organization","name":"Jornal das Oficinas","url":"https:\/\/jornaldasoficinas.com\/pt\/","logo":{"@type":"ImageObject","inLanguage":"pt-PT","@id":"https:\/\/jornaldasoficinas.com\/pt\/#\/schema\/logo\/image\/","url":"https:\/\/jornaldasoficinas.com\/pt\/wp-content\/uploads\/logoJO-SEO.png","contentUrl":"https:\/\/jornaldasoficinas.com\/pt\/wp-content\/uploads\/logoJO-SEO.png","width":285,"height":450,"caption":"Jornal das Oficinas"},"image":{"@id":"https:\/\/jornaldasoficinas.com\/pt\/#\/schema\/logo\/image\/"},"sameAs":["https:\/\/www.facebook.com\/jornaloficinas","https:\/\/x.com\/jornaloficinas","https:\/\/www.instagram.com\/jornal_oficinas\/","https:\/\/www.linkedin.com\/company\/jornal-das-oficinas\/","https:\/\/www.youtube.com\/channel\/UCbQZBqtcvV-oSQrr7RzINGg"]},{"@type":"Person","@id":"https:\/\/jornaldasoficinas.com\/pt\/#\/schema\/person\/a38eef5de2c41d9e7c9ac10141afddf3","name":"Reda\u00e7\u00e3o JO","image":{"@type":"ImageObject","inLanguage":"pt-PT","@id":"https:\/\/secure.gravatar.com\/avatar\/71f2fa71737ad68a84fea94bc708ddac8ea5b0c4788dc2ad202f3ccb2887742f?s=96&d=wp_user_avatar&r=g","url":"https:\/\/secure.gravatar.com\/avatar\/71f2fa71737ad68a84fea94bc708ddac8ea5b0c4788dc2ad202f3ccb2887742f?s=96&d=wp_user_avatar&r=g","contentUrl":"https:\/\/secure.gravatar.com\/avatar\/71f2fa71737ad68a84fea94bc708ddac8ea5b0c4788dc2ad202f3ccb2887742f?s=96&d=wp_user_avatar&r=g","caption":"Reda\u00e7\u00e3o JO"},"url":"https:\/\/jornaldasoficinas.com\/pt\/author\/joredacao\/"}]}},"_links":{"self":[{"href":"https:\/\/jornaldasoficinas.com\/pt\/wp-json\/wp\/v2\/posts\/81784","targetHints":{"allow":["GET"]}}],"collection":[{"href":"https:\/\/jornaldasoficinas.com\/pt\/wp-json\/wp\/v2\/posts"}],"about":[{"href":"https:\/\/jornaldasoficinas.com\/pt\/wp-json\/wp\/v2\/types\/post"}],"author":[{"embeddable":true,"href":"https:\/\/jornaldasoficinas.com\/pt\/wp-json\/wp\/v2\/users\/15"}],"replies":[{"embeddable":true,"href":"https:\/\/jornaldasoficinas.com\/pt\/wp-json\/wp\/v2\/comments?post=81784"}],"version-history":[{"count":0,"href":"https:\/\/jornaldasoficinas.com\/pt\/wp-json\/wp\/v2\/posts\/81784\/revisions"}],"wp:featuredmedia":[{"embeddable":true,"href":"https:\/\/jornaldasoficinas.com\/pt\/wp-json\/wp\/v2\/media\/81781"}],"wp:attachment":[{"href":"https:\/\/jornaldasoficinas.com\/pt\/wp-json\/wp\/v2\/media?parent=81784"}],"wp:term":[{"taxonomy":"category","embeddable":true,"href":"https:\/\/jornaldasoficinas.com\/pt\/wp-json\/wp\/v2\/categories?post=81784"},{"taxonomy":"post_tag","embeddable":true,"href":"https:\/\/jornaldasoficinas.com\/pt\/wp-json\/wp\/v2\/tags?post=81784"}],"curies":[{"name":"wp","href":"https:\/\/api.w.org\/{rel}","templated":true}]}}