{"id":81867,"date":"2024-04-01T14:30:50","date_gmt":"2024-04-01T13:30:50","guid":{"rendered":"https:\/\/jornaldasoficinas.com\/pt\/?p=81867"},"modified":"2024-04-01T15:34:47","modified_gmt":"2024-04-01T14:34:47","slug":"xiaomi-atinge-numero-recorde-de-encomendas-no-novo-su7","status":"publish","type":"post","link":"https:\/\/jornaldasoficinas.com\/pt\/xiaomi-atinge-numero-recorde-de-encomendas-no-novo-su7\/","title":{"rendered":"Xiaomi atinge n\u00famero recorde de encomendas no novo SU7"},"content":{"rendered":"<p><img loading=\"lazy\" decoding=\"async\" class=\"alignnone size-full wp-image-81868\" src=\"https:\/\/jornaldasoficinas.com\/pt\/wp-content\/uploads\/2024\/04\/Xiaomi-atinge-numero-recorde-de-encomendas-no-novo-SU7.jpeg\" alt=\"04 - Xiaomi atinge numero recorde de encomendas no novo SU7\" width=\"1024\" height=\"581\" srcset=\"https:\/\/jornaldasoficinas.com\/pt\/wp-content\/uploads\/2024\/04\/Xiaomi-atinge-numero-recorde-de-encomendas-no-novo-SU7.jpeg 1024w, https:\/\/jornaldasoficinas.com\/pt\/wp-content\/uploads\/2024\/04\/Xiaomi-atinge-numero-recorde-de-encomendas-no-novo-SU7-300x170.jpeg 300w, https:\/\/jornaldasoficinas.com\/pt\/wp-content\/uploads\/2024\/04\/Xiaomi-atinge-numero-recorde-de-encomendas-no-novo-SU7-150x85.jpeg 150w, https:\/\/jornaldasoficinas.com\/pt\/wp-content\/uploads\/2024\/04\/Xiaomi-atinge-numero-recorde-de-encomendas-no-novo-SU7-768x436.jpeg 768w\" sizes=\"auto, (max-width: 1024px) 100vw, 1024px\" \/><\/p>\n<p><strong>A <a href=\"https:\/\/www.xiaomistore.pt\/\">Xiaomi<\/a>, fabricante chinesa de telem\u00f3veis, afirmou h\u00e1 pouco tempo que se ia estrear no mercado de autom\u00f3veis el\u00e9tricos, eis que surgiu o novo SU7 e o prazo previsto para as entregas \u00e9 de quatro a sete meses<\/strong><\/p>\n<p>As pr\u00e9-encomendas para este novo modelo abriram na passada quinta-feira e em menos de 24horas, a empresa Chinesa, recebeu mais de 88.898 pedidos. Tendo em conta o n\u00famero de pedidos, talvez acima da m\u00e9dia prevista pela empresa, o prazo de entregas previsto ronda os sete meses.<\/p>\n<p>As entregas do SU7, na vers\u00e3o Standard (a mais b\u00e1sica) rondam os 215.900 yuan, o equivalente a 27.554 euros e demoram 18 a 21 semanas, a ser entregues, de acordo com a ag\u00eancia noticiosa, <a href=\"https:\/\/www.reuters.com\/\">Reuters<\/a>.<\/p>\n<p>J\u00e1 a vers\u00e3o mais cara, \u00a0que custa 299.900 yuan, o equivalente a 38.275 euros, pode atingir as 27 a 30 semanas at\u00e9 \u00e0 sua entrega.<\/p>\n<p>A entrada da Xiaomi no competitivo mercado chin\u00eas de ve\u00edculos el\u00e9tricos acontece numa altura em que muitos dos fabricantes est\u00e3o a cortar nos pre\u00e7os, como \u00e9 o caso do <a href=\"https:\/\/www.huawei.com\/en\/media-center\/multimedia\/photos\/products\/aito-m5\">Aito<\/a>, da Huawei.<\/p>\n","protected":false},"excerpt":{"rendered":"<p>A Xiaomi, fabricante chinesa de telem\u00f3veis,&#8230;<\/p>\n","protected":false},"author":15,"featured_media":81868,"comment_status":"closed","ping_status":"closed","sticky":false,"template":"","format":"standard","meta":{"footnotes":""},"categories":[29],"tags":[8227,8228,8226,8225,89,2922],"class_list":["post-81867","post","type-post","status-publish","format-standard","has-post-thumbnail","hentry","category-empresas","tag-4-a-7-meses","tag-88-898-pedidos","tag-prazo-de-entrega","tag-su7","tag-veiculos-eletricos","tag-xiaomi"],"yoast_head":"<!-- This site is optimized with the Yoast SEO plugin v27.4 - https:\/\/yoast.com\/product\/yoast-seo-wordpress\/ -->\n<title>Xiaomi atinge n\u00famero recorde de encomendas no novo SU7 - Jornal das Oficinas<\/title>\n<meta name=\"description\" content=\"A Xiaomi, apresentou ao mercado dos autom\u00f3veis el\u00e9tricos, o novo SU7 e o prazo previsto para as entregas \u00e9 de quatro a sete meses\" \/>\n<meta name=\"robots\" content=\"index, follow, max-snippet:-1, max-image-preview:large, max-video-preview:-1\" \/>\n<link rel=\"canonical\" href=\"https:\/\/jornaldasoficinas.com\/pt\/xiaomi-atinge-numero-recorde-de-encomendas-no-novo-su7\/\" \/>\n<meta property=\"og:locale\" content=\"pt_PT\" \/>\n<meta property=\"og:type\" content=\"article\" \/>\n<meta property=\"og:title\" content=\"Xiaomi atinge n\u00famero recorde de encomendas no novo SU7 - Jornal das Oficinas\" \/>\n<meta property=\"og:description\" content=\"A Xiaomi, apresentou ao mercado dos autom\u00f3veis el\u00e9tricos, o novo SU7 e o prazo previsto para as entregas \u00e9 de quatro a sete meses\" \/>\n<meta property=\"og:url\" content=\"https:\/\/jornaldasoficinas.com\/pt\/xiaomi-atinge-numero-recorde-de-encomendas-no-novo-su7\/\" \/>\n<meta property=\"og:site_name\" content=\"Jornal das Oficinas\" \/>\n<meta property=\"article:publisher\" content=\"https:\/\/www.facebook.com\/jornaloficinas\" \/>\n<meta property=\"article:published_time\" content=\"2024-04-01T13:30:50+00:00\" \/>\n<meta property=\"article:modified_time\" content=\"2024-04-01T14:34:47+00:00\" \/>\n<meta property=\"og:image\" content=\"https:\/\/jornaldasoficinas.com\/pt\/wp-content\/uploads\/2024\/04\/Xiaomi-atinge-numero-recorde-de-encomendas-no-novo-SU7.jpeg\" \/>\n\t<meta property=\"og:image:width\" content=\"1024\" \/>\n\t<meta property=\"og:image:height\" content=\"581\" \/>\n\t<meta property=\"og:image:type\" content=\"image\/jpeg\" \/>\n<meta name=\"author\" content=\"Reda\u00e7\u00e3o JO\" \/>\n<meta name=\"twitter:card\" content=\"summary_large_image\" \/>\n<meta name=\"twitter:creator\" content=\"@jornaloficinas\" \/>\n<meta name=\"twitter:site\" content=\"@jornaloficinas\" \/>\n<meta name=\"twitter:label1\" content=\"Escrito por\" \/>\n\t<meta name=\"twitter:data1\" content=\"Reda\u00e7\u00e3o JO\" \/>\n\t<meta name=\"twitter:label2\" content=\"Tempo estimado de leitura\" \/>\n\t<meta name=\"twitter:data2\" content=\"2 minutos\" \/>\n<script type=\"application\/ld+json\" class=\"yoast-schema-graph\">{\"@context\":\"https:\\\/\\\/schema.org\",\"@graph\":[{\"@type\":\"Article\",\"@id\":\"https:\\\/\\\/jornaldasoficinas.com\\\/pt\\\/xiaomi-atinge-numero-recorde-de-encomendas-no-novo-su7\\\/#article\",\"isPartOf\":{\"@id\":\"https:\\\/\\\/jornaldasoficinas.com\\\/pt\\\/xiaomi-atinge-numero-recorde-de-encomendas-no-novo-su7\\\/\"},\"author\":{\"name\":\"Reda\u00e7\u00e3o JO\",\"@id\":\"https:\\\/\\\/jornaldasoficinas.com\\\/pt\\\/#\\\/schema\\\/person\\\/a38eef5de2c41d9e7c9ac10141afddf3\"},\"headline\":\"Xiaomi atinge n\u00famero recorde de encomendas no novo SU7\",\"datePublished\":\"2024-04-01T13:30:50+00:00\",\"dateModified\":\"2024-04-01T14:34:47+00:00\",\"mainEntityOfPage\":{\"@id\":\"https:\\\/\\\/jornaldasoficinas.com\\\/pt\\\/xiaomi-atinge-numero-recorde-de-encomendas-no-novo-su7\\\/\"},\"wordCount\":189,\"publisher\":{\"@id\":\"https:\\\/\\\/jornaldasoficinas.com\\\/pt\\\/#organization\"},\"image\":{\"@id\":\"https:\\\/\\\/jornaldasoficinas.com\\\/pt\\\/xiaomi-atinge-numero-recorde-de-encomendas-no-novo-su7\\\/#primaryimage\"},\"thumbnailUrl\":\"https:\\\/\\\/jornaldasoficinas.com\\\/pt\\\/wp-content\\\/uploads\\\/2024\\\/04\\\/Xiaomi-atinge-numero-recorde-de-encomendas-no-novo-SU7.jpeg\",\"keywords\":[\"4 a 7 meses\",\"88.898 pedidos\",\"prazo de entrega\",\"SU7\",\"Ve\u00edculos el\u00e9tricos\",\"Xiaomi\"],\"articleSection\":[\"Empresas\"],\"inLanguage\":\"pt-PT\"},{\"@type\":\"WebPage\",\"@id\":\"https:\\\/\\\/jornaldasoficinas.com\\\/pt\\\/xiaomi-atinge-numero-recorde-de-encomendas-no-novo-su7\\\/\",\"url\":\"https:\\\/\\\/jornaldasoficinas.com\\\/pt\\\/xiaomi-atinge-numero-recorde-de-encomendas-no-novo-su7\\\/\",\"name\":\"Xiaomi atinge n\u00famero recorde de encomendas no novo SU7 - Jornal das Oficinas\",\"isPartOf\":{\"@id\":\"https:\\\/\\\/jornaldasoficinas.com\\\/pt\\\/#website\"},\"primaryImageOfPage\":{\"@id\":\"https:\\\/\\\/jornaldasoficinas.com\\\/pt\\\/xiaomi-atinge-numero-recorde-de-encomendas-no-novo-su7\\\/#primaryimage\"},\"image\":{\"@id\":\"https:\\\/\\\/jornaldasoficinas.com\\\/pt\\\/xiaomi-atinge-numero-recorde-de-encomendas-no-novo-su7\\\/#primaryimage\"},\"thumbnailUrl\":\"https:\\\/\\\/jornaldasoficinas.com\\\/pt\\\/wp-content\\\/uploads\\\/2024\\\/04\\\/Xiaomi-atinge-numero-recorde-de-encomendas-no-novo-SU7.jpeg\",\"datePublished\":\"2024-04-01T13:30:50+00:00\",\"dateModified\":\"2024-04-01T14:34:47+00:00\",\"description\":\"A Xiaomi, apresentou ao mercado dos autom\u00f3veis el\u00e9tricos, o novo SU7 e o prazo previsto para as entregas \u00e9 de quatro a sete meses\",\"breadcrumb\":{\"@id\":\"https:\\\/\\\/jornaldasoficinas.com\\\/pt\\\/xiaomi-atinge-numero-recorde-de-encomendas-no-novo-su7\\\/#breadcrumb\"},\"inLanguage\":\"pt-PT\",\"potentialAction\":[{\"@type\":\"ReadAction\",\"target\":[\"https:\\\/\\\/jornaldasoficinas.com\\\/pt\\\/xiaomi-atinge-numero-recorde-de-encomendas-no-novo-su7\\\/\"]}]},{\"@type\":\"ImageObject\",\"inLanguage\":\"pt-PT\",\"@id\":\"https:\\\/\\\/jornaldasoficinas.com\\\/pt\\\/xiaomi-atinge-numero-recorde-de-encomendas-no-novo-su7\\\/#primaryimage\",\"url\":\"https:\\\/\\\/jornaldasoficinas.com\\\/pt\\\/wp-content\\\/uploads\\\/2024\\\/04\\\/Xiaomi-atinge-numero-recorde-de-encomendas-no-novo-SU7.jpeg\",\"contentUrl\":\"https:\\\/\\\/jornaldasoficinas.com\\\/pt\\\/wp-content\\\/uploads\\\/2024\\\/04\\\/Xiaomi-atinge-numero-recorde-de-encomendas-no-novo-SU7.jpeg\",\"width\":1024,\"height\":581,\"caption\":\"04 - Xiaomi atinge numero recorde de encomendas no novo SU7\"},{\"@type\":\"BreadcrumbList\",\"@id\":\"https:\\\/\\\/jornaldasoficinas.com\\\/pt\\\/xiaomi-atinge-numero-recorde-de-encomendas-no-novo-su7\\\/#breadcrumb\",\"itemListElement\":[{\"@type\":\"ListItem\",\"position\":1,\"name\":\"In\u00edcio\",\"item\":\"https:\\\/\\\/jornaldasoficinas.com\\\/pt\\\/\"},{\"@type\":\"ListItem\",\"position\":2,\"name\":\"Xiaomi atinge n\u00famero recorde de encomendas no novo SU7\"}]},{\"@type\":\"WebSite\",\"@id\":\"https:\\\/\\\/jornaldasoficinas.com\\\/pt\\\/#website\",\"url\":\"https:\\\/\\\/jornaldasoficinas.com\\\/pt\\\/\",\"name\":\"Jornal das Oficinas\",\"description\":\"Jornal independente do Aftermarket Autom\u00f3vel em Portugal\",\"publisher\":{\"@id\":\"https:\\\/\\\/jornaldasoficinas.com\\\/pt\\\/#organization\"},\"potentialAction\":[{\"@type\":\"SearchAction\",\"target\":{\"@type\":\"EntryPoint\",\"urlTemplate\":\"https:\\\/\\\/jornaldasoficinas.com\\\/pt\\\/?s={search_term_string}\"},\"query-input\":{\"@type\":\"PropertyValueSpecification\",\"valueRequired\":true,\"valueName\":\"search_term_string\"}}],\"inLanguage\":\"pt-PT\"},{\"@type\":\"Organization\",\"@id\":\"https:\\\/\\\/jornaldasoficinas.com\\\/pt\\\/#organization\",\"name\":\"Jornal das Oficinas\",\"url\":\"https:\\\/\\\/jornaldasoficinas.com\\\/pt\\\/\",\"logo\":{\"@type\":\"ImageObject\",\"inLanguage\":\"pt-PT\",\"@id\":\"https:\\\/\\\/jornaldasoficinas.com\\\/pt\\\/#\\\/schema\\\/logo\\\/image\\\/\",\"url\":\"https:\\\/\\\/jornaldasoficinas.com\\\/pt\\\/wp-content\\\/uploads\\\/logoJO-SEO.png\",\"contentUrl\":\"https:\\\/\\\/jornaldasoficinas.com\\\/pt\\\/wp-content\\\/uploads\\\/logoJO-SEO.png\",\"width\":285,\"height\":450,\"caption\":\"Jornal das Oficinas\"},\"image\":{\"@id\":\"https:\\\/\\\/jornaldasoficinas.com\\\/pt\\\/#\\\/schema\\\/logo\\\/image\\\/\"},\"sameAs\":[\"https:\\\/\\\/www.facebook.com\\\/jornaloficinas\",\"https:\\\/\\\/x.com\\\/jornaloficinas\",\"https:\\\/\\\/www.instagram.com\\\/jornal_oficinas\\\/\",\"https:\\\/\\\/www.linkedin.com\\\/company\\\/jornal-das-oficinas\\\/\",\"https:\\\/\\\/www.youtube.com\\\/channel\\\/UCbQZBqtcvV-oSQrr7RzINGg\"]},{\"@type\":\"Person\",\"@id\":\"https:\\\/\\\/jornaldasoficinas.com\\\/pt\\\/#\\\/schema\\\/person\\\/a38eef5de2c41d9e7c9ac10141afddf3\",\"name\":\"Reda\u00e7\u00e3o JO\",\"image\":{\"@type\":\"ImageObject\",\"inLanguage\":\"pt-PT\",\"@id\":\"https:\\\/\\\/secure.gravatar.com\\\/avatar\\\/71f2fa71737ad68a84fea94bc708ddac8ea5b0c4788dc2ad202f3ccb2887742f?s=96&d=wp_user_avatar&r=g\",\"url\":\"https:\\\/\\\/secure.gravatar.com\\\/avatar\\\/71f2fa71737ad68a84fea94bc708ddac8ea5b0c4788dc2ad202f3ccb2887742f?s=96&d=wp_user_avatar&r=g\",\"contentUrl\":\"https:\\\/\\\/secure.gravatar.com\\\/avatar\\\/71f2fa71737ad68a84fea94bc708ddac8ea5b0c4788dc2ad202f3ccb2887742f?s=96&d=wp_user_avatar&r=g\",\"caption\":\"Reda\u00e7\u00e3o JO\"},\"url\":\"https:\\\/\\\/jornaldasoficinas.com\\\/pt\\\/author\\\/joredacao\\\/\"}]}<\/script>\n<!-- \/ Yoast SEO plugin. -->","yoast_head_json":{"title":"Xiaomi atinge n\u00famero recorde de encomendas no novo SU7 - Jornal das Oficinas","description":"A Xiaomi, apresentou ao mercado dos autom\u00f3veis el\u00e9tricos, o novo SU7 e o prazo previsto para as entregas \u00e9 de quatro a sete meses","robots":{"index":"index","follow":"follow","max-snippet":"max-snippet:-1","max-image-preview":"max-image-preview:large","max-video-preview":"max-video-preview:-1"},"canonical":"https:\/\/jornaldasoficinas.com\/pt\/xiaomi-atinge-numero-recorde-de-encomendas-no-novo-su7\/","og_locale":"pt_PT","og_type":"article","og_title":"Xiaomi atinge n\u00famero recorde de encomendas no novo SU7 - Jornal das Oficinas","og_description":"A Xiaomi, apresentou ao mercado dos autom\u00f3veis el\u00e9tricos, o novo SU7 e o prazo previsto para as entregas \u00e9 de quatro a sete meses","og_url":"https:\/\/jornaldasoficinas.com\/pt\/xiaomi-atinge-numero-recorde-de-encomendas-no-novo-su7\/","og_site_name":"Jornal das Oficinas","article_publisher":"https:\/\/www.facebook.com\/jornaloficinas","article_published_time":"2024-04-01T13:30:50+00:00","article_modified_time":"2024-04-01T14:34:47+00:00","og_image":[{"width":1024,"height":581,"url":"https:\/\/jornaldasoficinas.com\/pt\/wp-content\/uploads\/2024\/04\/Xiaomi-atinge-numero-recorde-de-encomendas-no-novo-SU7.jpeg","type":"image\/jpeg"}],"author":"Reda\u00e7\u00e3o JO","twitter_card":"summary_large_image","twitter_creator":"@jornaloficinas","twitter_site":"@jornaloficinas","twitter_misc":{"Escrito por":"Reda\u00e7\u00e3o JO","Tempo estimado de leitura":"2 minutos"},"schema":{"@context":"https:\/\/schema.org","@graph":[{"@type":"Article","@id":"https:\/\/jornaldasoficinas.com\/pt\/xiaomi-atinge-numero-recorde-de-encomendas-no-novo-su7\/#article","isPartOf":{"@id":"https:\/\/jornaldasoficinas.com\/pt\/xiaomi-atinge-numero-recorde-de-encomendas-no-novo-su7\/"},"author":{"name":"Reda\u00e7\u00e3o JO","@id":"https:\/\/jornaldasoficinas.com\/pt\/#\/schema\/person\/a38eef5de2c41d9e7c9ac10141afddf3"},"headline":"Xiaomi atinge n\u00famero recorde de encomendas no novo SU7","datePublished":"2024-04-01T13:30:50+00:00","dateModified":"2024-04-01T14:34:47+00:00","mainEntityOfPage":{"@id":"https:\/\/jornaldasoficinas.com\/pt\/xiaomi-atinge-numero-recorde-de-encomendas-no-novo-su7\/"},"wordCount":189,"publisher":{"@id":"https:\/\/jornaldasoficinas.com\/pt\/#organization"},"image":{"@id":"https:\/\/jornaldasoficinas.com\/pt\/xiaomi-atinge-numero-recorde-de-encomendas-no-novo-su7\/#primaryimage"},"thumbnailUrl":"https:\/\/jornaldasoficinas.com\/pt\/wp-content\/uploads\/2024\/04\/Xiaomi-atinge-numero-recorde-de-encomendas-no-novo-SU7.jpeg","keywords":["4 a 7 meses","88.898 pedidos","prazo de entrega","SU7","Ve\u00edculos el\u00e9tricos","Xiaomi"],"articleSection":["Empresas"],"inLanguage":"pt-PT"},{"@type":"WebPage","@id":"https:\/\/jornaldasoficinas.com\/pt\/xiaomi-atinge-numero-recorde-de-encomendas-no-novo-su7\/","url":"https:\/\/jornaldasoficinas.com\/pt\/xiaomi-atinge-numero-recorde-de-encomendas-no-novo-su7\/","name":"Xiaomi atinge n\u00famero recorde de encomendas no novo SU7 - Jornal das Oficinas","isPartOf":{"@id":"https:\/\/jornaldasoficinas.com\/pt\/#website"},"primaryImageOfPage":{"@id":"https:\/\/jornaldasoficinas.com\/pt\/xiaomi-atinge-numero-recorde-de-encomendas-no-novo-su7\/#primaryimage"},"image":{"@id":"https:\/\/jornaldasoficinas.com\/pt\/xiaomi-atinge-numero-recorde-de-encomendas-no-novo-su7\/#primaryimage"},"thumbnailUrl":"https:\/\/jornaldasoficinas.com\/pt\/wp-content\/uploads\/2024\/04\/Xiaomi-atinge-numero-recorde-de-encomendas-no-novo-SU7.jpeg","datePublished":"2024-04-01T13:30:50+00:00","dateModified":"2024-04-01T14:34:47+00:00","description":"A Xiaomi, apresentou ao mercado dos autom\u00f3veis el\u00e9tricos, o novo SU7 e o prazo previsto para as entregas \u00e9 de quatro a sete meses","breadcrumb":{"@id":"https:\/\/jornaldasoficinas.com\/pt\/xiaomi-atinge-numero-recorde-de-encomendas-no-novo-su7\/#breadcrumb"},"inLanguage":"pt-PT","potentialAction":[{"@type":"ReadAction","target":["https:\/\/jornaldasoficinas.com\/pt\/xiaomi-atinge-numero-recorde-de-encomendas-no-novo-su7\/"]}]},{"@type":"ImageObject","inLanguage":"pt-PT","@id":"https:\/\/jornaldasoficinas.com\/pt\/xiaomi-atinge-numero-recorde-de-encomendas-no-novo-su7\/#primaryimage","url":"https:\/\/jornaldasoficinas.com\/pt\/wp-content\/uploads\/2024\/04\/Xiaomi-atinge-numero-recorde-de-encomendas-no-novo-SU7.jpeg","contentUrl":"https:\/\/jornaldasoficinas.com\/pt\/wp-content\/uploads\/2024\/04\/Xiaomi-atinge-numero-recorde-de-encomendas-no-novo-SU7.jpeg","width":1024,"height":581,"caption":"04 - Xiaomi atinge numero recorde de encomendas no novo SU7"},{"@type":"BreadcrumbList","@id":"https:\/\/jornaldasoficinas.com\/pt\/xiaomi-atinge-numero-recorde-de-encomendas-no-novo-su7\/#breadcrumb","itemListElement":[{"@type":"ListItem","position":1,"name":"In\u00edcio","item":"https:\/\/jornaldasoficinas.com\/pt\/"},{"@type":"ListItem","position":2,"name":"Xiaomi atinge n\u00famero recorde de encomendas no novo SU7"}]},{"@type":"WebSite","@id":"https:\/\/jornaldasoficinas.com\/pt\/#website","url":"https:\/\/jornaldasoficinas.com\/pt\/","name":"Jornal das Oficinas","description":"Jornal independente do Aftermarket Autom\u00f3vel em Portugal","publisher":{"@id":"https:\/\/jornaldasoficinas.com\/pt\/#organization"},"potentialAction":[{"@type":"SearchAction","target":{"@type":"EntryPoint","urlTemplate":"https:\/\/jornaldasoficinas.com\/pt\/?s={search_term_string}"},"query-input":{"@type":"PropertyValueSpecification","valueRequired":true,"valueName":"search_term_string"}}],"inLanguage":"pt-PT"},{"@type":"Organization","@id":"https:\/\/jornaldasoficinas.com\/pt\/#organization","name":"Jornal das Oficinas","url":"https:\/\/jornaldasoficinas.com\/pt\/","logo":{"@type":"ImageObject","inLanguage":"pt-PT","@id":"https:\/\/jornaldasoficinas.com\/pt\/#\/schema\/logo\/image\/","url":"https:\/\/jornaldasoficinas.com\/pt\/wp-content\/uploads\/logoJO-SEO.png","contentUrl":"https:\/\/jornaldasoficinas.com\/pt\/wp-content\/uploads\/logoJO-SEO.png","width":285,"height":450,"caption":"Jornal das Oficinas"},"image":{"@id":"https:\/\/jornaldasoficinas.com\/pt\/#\/schema\/logo\/image\/"},"sameAs":["https:\/\/www.facebook.com\/jornaloficinas","https:\/\/x.com\/jornaloficinas","https:\/\/www.instagram.com\/jornal_oficinas\/","https:\/\/www.linkedin.com\/company\/jornal-das-oficinas\/","https:\/\/www.youtube.com\/channel\/UCbQZBqtcvV-oSQrr7RzINGg"]},{"@type":"Person","@id":"https:\/\/jornaldasoficinas.com\/pt\/#\/schema\/person\/a38eef5de2c41d9e7c9ac10141afddf3","name":"Reda\u00e7\u00e3o JO","image":{"@type":"ImageObject","inLanguage":"pt-PT","@id":"https:\/\/secure.gravatar.com\/avatar\/71f2fa71737ad68a84fea94bc708ddac8ea5b0c4788dc2ad202f3ccb2887742f?s=96&d=wp_user_avatar&r=g","url":"https:\/\/secure.gravatar.com\/avatar\/71f2fa71737ad68a84fea94bc708ddac8ea5b0c4788dc2ad202f3ccb2887742f?s=96&d=wp_user_avatar&r=g","contentUrl":"https:\/\/secure.gravatar.com\/avatar\/71f2fa71737ad68a84fea94bc708ddac8ea5b0c4788dc2ad202f3ccb2887742f?s=96&d=wp_user_avatar&r=g","caption":"Reda\u00e7\u00e3o JO"},"url":"https:\/\/jornaldasoficinas.com\/pt\/author\/joredacao\/"}]}},"_links":{"self":[{"href":"https:\/\/jornaldasoficinas.com\/pt\/wp-json\/wp\/v2\/posts\/81867","targetHints":{"allow":["GET"]}}],"collection":[{"href":"https:\/\/jornaldasoficinas.com\/pt\/wp-json\/wp\/v2\/posts"}],"about":[{"href":"https:\/\/jornaldasoficinas.com\/pt\/wp-json\/wp\/v2\/types\/post"}],"author":[{"embeddable":true,"href":"https:\/\/jornaldasoficinas.com\/pt\/wp-json\/wp\/v2\/users\/15"}],"replies":[{"embeddable":true,"href":"https:\/\/jornaldasoficinas.com\/pt\/wp-json\/wp\/v2\/comments?post=81867"}],"version-history":[{"count":0,"href":"https:\/\/jornaldasoficinas.com\/pt\/wp-json\/wp\/v2\/posts\/81867\/revisions"}],"wp:featuredmedia":[{"embeddable":true,"href":"https:\/\/jornaldasoficinas.com\/pt\/wp-json\/wp\/v2\/media\/81868"}],"wp:attachment":[{"href":"https:\/\/jornaldasoficinas.com\/pt\/wp-json\/wp\/v2\/media?parent=81867"}],"wp:term":[{"taxonomy":"category","embeddable":true,"href":"https:\/\/jornaldasoficinas.com\/pt\/wp-json\/wp\/v2\/categories?post=81867"},{"taxonomy":"post_tag","embeddable":true,"href":"https:\/\/jornaldasoficinas.com\/pt\/wp-json\/wp\/v2\/tags?post=81867"}],"curies":[{"name":"wp","href":"https:\/\/api.w.org\/{rel}","templated":true}]}}