{"id":82066,"date":"2024-04-04T08:00:10","date_gmt":"2024-04-04T07:00:10","guid":{"rendered":"https:\/\/jornaldasoficinas.com\/pt\/?p=82066"},"modified":"2024-04-03T16:25:53","modified_gmt":"2024-04-03T15:25:53","slug":"aran-reune-especialistas-para-debater-o-futuro-do-aftermarket","status":"publish","type":"post","link":"https:\/\/jornaldasoficinas.com\/pt\/aran-reune-especialistas-para-debater-o-futuro-do-aftermarket\/","title":{"rendered":"ARAN reune especialistas para debater o futuro do aftermarket"},"content":{"rendered":"<p><img loading=\"lazy\" decoding=\"async\" class=\"alignnone size-full wp-image-82074\" src=\"https:\/\/jornaldasoficinas.com\/pt\/wp-content\/uploads\/2024\/04\/ARAN-vai-reunir-especialistas-para-debater-o-futuro-do-aftermarket-1.jpeg\" alt=\"04 - ARAN vai reunir especialistas para debater o futuro do aftermarket 1\" width=\"1024\" height=\"581\" srcset=\"https:\/\/jornaldasoficinas.com\/pt\/wp-content\/uploads\/2024\/04\/ARAN-vai-reunir-especialistas-para-debater-o-futuro-do-aftermarket-1.jpeg 1024w, https:\/\/jornaldasoficinas.com\/pt\/wp-content\/uploads\/2024\/04\/ARAN-vai-reunir-especialistas-para-debater-o-futuro-do-aftermarket-1-300x170.jpeg 300w, https:\/\/jornaldasoficinas.com\/pt\/wp-content\/uploads\/2024\/04\/ARAN-vai-reunir-especialistas-para-debater-o-futuro-do-aftermarket-1-150x85.jpeg 150w, https:\/\/jornaldasoficinas.com\/pt\/wp-content\/uploads\/2024\/04\/ARAN-vai-reunir-especialistas-para-debater-o-futuro-do-aftermarket-1-768x436.jpeg 768w\" sizes=\"auto, (max-width: 1024px) 100vw, 1024px\" \/><\/p>\n<p><strong>A <a href=\"https:\/\/aran.pt\/pt\/\">ARAN \u2014 Associa\u00e7\u00e3o Nacional do Ramo Autom\u00f3vel<\/a>, <\/strong><strong>vai estar na cidade de Aveiro, no dia 13 de abril de 2024, para debater assuntos importantes para o setor do p\u00f3s-venda autom\u00f3vel com os seus associados e especialistas nesta \u00e1rea<\/strong><\/p>\n<p>A Associa\u00e7\u00e3o Nacional do Ramo Autom\u00f3vel vai realizar, no pr\u00f3ximo dia 13 de abril, o Encontro Nacional do P\u00f3s-venda Autom\u00f3vel, no Hotel Meli\u00e1 Ria Aveiro.<\/p>\n<p>&#8220;O setor autom\u00f3vel vive atualmente em tempos de evolu\u00e7\u00e3o e transforma\u00e7\u00e3o constante e as empresas enfrentam grandes desafios de adapta\u00e7\u00e3o a um mercado cada vez mais exigente&#8221;, revelou a ARAN em comunicado.<\/p>\n<p>Sob o t\u00edtulo &#8220;O futuro \u00e9 hoje&#8221;, ser\u00e3o debatidos assuntos importantes para as oficinas independentes em Portugal. Ser\u00e1 analisada a situa\u00e7\u00e3o do setor do p\u00f3s-venda, incentivando \u00e0 ado\u00e7\u00e3o de novas estrat\u00e9gias na gest\u00e3o dos neg\u00f3cios, que ir\u00e3o contribuir para o sucesso empresarial. &#8220;Como sempre, a ARAN estar\u00e1 ao lado dos associados a ajudar nesta transi\u00e7\u00e3o&#8221;, assegurou.<\/p>\n<p>Este evento contar\u00e1 com a presen\u00e7a de mais de 100 empres\u00e1rios. Estar\u00e3o presentes especialistas de renome do setor do p\u00f3s-venda autom\u00f3vel ib\u00e9rico que participar\u00e3o como oradores nos diversos pain\u00e9is que a ARAN preparou para esse dia.<\/p>\n<p>Segundo a empresa, este &#8220;ser\u00e1 um dia repleto de partilha de conhecimentos e de boas pr\u00e1ticas&#8221;. A rentabilidade e a digitaliza\u00e7\u00e3o s\u00e3o alguns dos temas a serem abordados no painel da manh\u00e3.<\/p>\n<p>Da parte da tarde, ser\u00e1 debatido a forma como os diversos stakeholders de uma oficina influenciam o seu funcionamento.<\/p>\n<p>Todos os participantes ter\u00e3o a possibilidade de estar em contacto com v\u00e1rias empresas parceiras da ARAN e assistir a algumas apresenta\u00e7\u00f5es de solu\u00e7\u00f5es vantajosas para os associados da ARAN.<\/p>\n<p>&#8220;O Encontro Nacional do P\u00f3s-venda Autom\u00f3vel ser\u00e1, assim, o local ideal para a troca de ideias e partilha de experi\u00eancias&#8221;, concluiu.<\/p>\n<p>A inscri\u00e7\u00e3o \u00e9 gratuita e exclusiva para os associados da ARAN.<\/p>\n<p><img loading=\"lazy\" decoding=\"async\" class=\"alignnone size-full wp-image-82073\" src=\"https:\/\/jornaldasoficinas.com\/pt\/wp-content\/uploads\/2024\/04\/ARAN-vai-reunir-especialistas-para-debater-o-futuro-do-aftermarket-2.png\" alt=\"04 - ARAN vai reunir especialistas para debater o futuro do aftermarket 2\" width=\"1024\" height=\"581\" srcset=\"https:\/\/jornaldasoficinas.com\/pt\/wp-content\/uploads\/2024\/04\/ARAN-vai-reunir-especialistas-para-debater-o-futuro-do-aftermarket-2.png 1024w, https:\/\/jornaldasoficinas.com\/pt\/wp-content\/uploads\/2024\/04\/ARAN-vai-reunir-especialistas-para-debater-o-futuro-do-aftermarket-2-300x170.png 300w, https:\/\/jornaldasoficinas.com\/pt\/wp-content\/uploads\/2024\/04\/ARAN-vai-reunir-especialistas-para-debater-o-futuro-do-aftermarket-2-150x85.png 150w, https:\/\/jornaldasoficinas.com\/pt\/wp-content\/uploads\/2024\/04\/ARAN-vai-reunir-especialistas-para-debater-o-futuro-do-aftermarket-2-768x436.png 768w\" sizes=\"auto, (max-width: 1024px) 100vw, 1024px\" \/><\/p>\n","protected":false},"excerpt":{"rendered":"<p>A ARAN \u2014 Associa\u00e7\u00e3o Nacional do&#8230;<\/p>\n","protected":false},"author":15,"featured_media":82074,"comment_status":"closed","ping_status":"closed","sticky":false,"template":"","format":"standard","meta":{"footnotes":""},"categories":[37],"tags":[3195,136,336,8290,4823,4716,8289,8288,5928,5628],"class_list":["post-82066","post","type-post","status-publish","format-standard","has-post-thumbnail","hentry","category-mercado","tag-aftermarket","tag-aran","tag-digitalizacao","tag-encontro-nacional-do-pos-venda","tag-especialistas","tag-evento","tag-hotel-melia-ria-aveiro","tag-o-futuro-e-hoje","tag-oficinas-independentes","tag-rentabilidade"],"yoast_head":"<!-- This site is optimized with the Yoast SEO plugin v27.5 - https:\/\/yoast.com\/product\/yoast-seo-wordpress\/ -->\n<title>ARAN reune especialistas para debater o futuro do aftermarket - Jornal das Oficinas<\/title>\n<meta name=\"description\" content=\"A ARAN vai estar na cidade de Aveiro, no dia 13 de abril de 2024, para debater assuntos importantes para o setor do p\u00f3s-venda autom\u00f3vel\" \/>\n<meta name=\"robots\" content=\"index, follow, max-snippet:-1, max-image-preview:large, max-video-preview:-1\" \/>\n<link rel=\"canonical\" href=\"https:\/\/jornaldasoficinas.com\/pt\/aran-reune-especialistas-para-debater-o-futuro-do-aftermarket\/\" \/>\n<meta property=\"og:locale\" content=\"pt_PT\" \/>\n<meta property=\"og:type\" content=\"article\" \/>\n<meta property=\"og:title\" content=\"ARAN reune especialistas para debater o futuro do aftermarket - Jornal das Oficinas\" \/>\n<meta property=\"og:description\" content=\"A ARAN vai estar na cidade de Aveiro, no dia 13 de abril de 2024, para debater assuntos importantes para o setor do p\u00f3s-venda autom\u00f3vel\" \/>\n<meta property=\"og:url\" content=\"https:\/\/jornaldasoficinas.com\/pt\/aran-reune-especialistas-para-debater-o-futuro-do-aftermarket\/\" \/>\n<meta property=\"og:site_name\" content=\"Jornal das Oficinas\" \/>\n<meta property=\"article:publisher\" content=\"https:\/\/www.facebook.com\/jornaloficinas\" \/>\n<meta property=\"article:published_time\" content=\"2024-04-04T07:00:10+00:00\" \/>\n<meta property=\"og:image\" content=\"https:\/\/jornaldasoficinas.com\/pt\/wp-content\/uploads\/2024\/04\/ARAN-vai-reunir-especialistas-para-debater-o-futuro-do-aftermarket-1.jpeg\" \/>\n\t<meta property=\"og:image:width\" content=\"1024\" \/>\n\t<meta property=\"og:image:height\" content=\"581\" \/>\n\t<meta property=\"og:image:type\" content=\"image\/jpeg\" \/>\n<meta name=\"author\" content=\"Reda\u00e7\u00e3o JO\" \/>\n<meta name=\"twitter:card\" content=\"summary_large_image\" \/>\n<meta name=\"twitter:creator\" content=\"@jornaloficinas\" \/>\n<meta name=\"twitter:site\" content=\"@jornaloficinas\" \/>\n<meta name=\"twitter:label1\" content=\"Escrito por\" \/>\n\t<meta name=\"twitter:data1\" content=\"Reda\u00e7\u00e3o JO\" \/>\n\t<meta name=\"twitter:label2\" content=\"Tempo estimado de leitura\" \/>\n\t<meta name=\"twitter:data2\" content=\"3 minutos\" \/>\n<script type=\"application\/ld+json\" class=\"yoast-schema-graph\">{\"@context\":\"https:\\\/\\\/schema.org\",\"@graph\":[{\"@type\":\"Article\",\"@id\":\"https:\\\/\\\/jornaldasoficinas.com\\\/pt\\\/aran-reune-especialistas-para-debater-o-futuro-do-aftermarket\\\/#article\",\"isPartOf\":{\"@id\":\"https:\\\/\\\/jornaldasoficinas.com\\\/pt\\\/aran-reune-especialistas-para-debater-o-futuro-do-aftermarket\\\/\"},\"author\":{\"name\":\"Reda\u00e7\u00e3o JO\",\"@id\":\"https:\\\/\\\/jornaldasoficinas.com\\\/pt\\\/#\\\/schema\\\/person\\\/a38eef5de2c41d9e7c9ac10141afddf3\"},\"headline\":\"ARAN reune especialistas para debater o futuro do aftermarket\",\"datePublished\":\"2024-04-04T07:00:10+00:00\",\"mainEntityOfPage\":{\"@id\":\"https:\\\/\\\/jornaldasoficinas.com\\\/pt\\\/aran-reune-especialistas-para-debater-o-futuro-do-aftermarket\\\/\"},\"wordCount\":343,\"publisher\":{\"@id\":\"https:\\\/\\\/jornaldasoficinas.com\\\/pt\\\/#organization\"},\"image\":{\"@id\":\"https:\\\/\\\/jornaldasoficinas.com\\\/pt\\\/aran-reune-especialistas-para-debater-o-futuro-do-aftermarket\\\/#primaryimage\"},\"thumbnailUrl\":\"https:\\\/\\\/jornaldasoficinas.com\\\/pt\\\/wp-content\\\/uploads\\\/2024\\\/04\\\/ARAN-vai-reunir-especialistas-para-debater-o-futuro-do-aftermarket-1.jpeg\",\"keywords\":[\"Aftermarket\",\"ARAN\",\"Digitaliza\u00e7\u00e3o\",\"Encontro Nacional do P\u00f3s-Venda\",\"especialistas\",\"Evento\",\"Hotel Meli\u00e1 Ria Aveiro\",\"O futuro \u00e9 hoje\",\"oficinas independentes\",\"Rentabilidade\"],\"articleSection\":[\"Mercado\"],\"inLanguage\":\"pt-PT\"},{\"@type\":\"WebPage\",\"@id\":\"https:\\\/\\\/jornaldasoficinas.com\\\/pt\\\/aran-reune-especialistas-para-debater-o-futuro-do-aftermarket\\\/\",\"url\":\"https:\\\/\\\/jornaldasoficinas.com\\\/pt\\\/aran-reune-especialistas-para-debater-o-futuro-do-aftermarket\\\/\",\"name\":\"ARAN reune especialistas para debater o futuro do aftermarket - Jornal das Oficinas\",\"isPartOf\":{\"@id\":\"https:\\\/\\\/jornaldasoficinas.com\\\/pt\\\/#website\"},\"primaryImageOfPage\":{\"@id\":\"https:\\\/\\\/jornaldasoficinas.com\\\/pt\\\/aran-reune-especialistas-para-debater-o-futuro-do-aftermarket\\\/#primaryimage\"},\"image\":{\"@id\":\"https:\\\/\\\/jornaldasoficinas.com\\\/pt\\\/aran-reune-especialistas-para-debater-o-futuro-do-aftermarket\\\/#primaryimage\"},\"thumbnailUrl\":\"https:\\\/\\\/jornaldasoficinas.com\\\/pt\\\/wp-content\\\/uploads\\\/2024\\\/04\\\/ARAN-vai-reunir-especialistas-para-debater-o-futuro-do-aftermarket-1.jpeg\",\"datePublished\":\"2024-04-04T07:00:10+00:00\",\"description\":\"A ARAN vai estar na cidade de Aveiro, no dia 13 de abril de 2024, para debater assuntos importantes para o setor do p\u00f3s-venda autom\u00f3vel\",\"breadcrumb\":{\"@id\":\"https:\\\/\\\/jornaldasoficinas.com\\\/pt\\\/aran-reune-especialistas-para-debater-o-futuro-do-aftermarket\\\/#breadcrumb\"},\"inLanguage\":\"pt-PT\",\"potentialAction\":[{\"@type\":\"ReadAction\",\"target\":[\"https:\\\/\\\/jornaldasoficinas.com\\\/pt\\\/aran-reune-especialistas-para-debater-o-futuro-do-aftermarket\\\/\"]}]},{\"@type\":\"ImageObject\",\"inLanguage\":\"pt-PT\",\"@id\":\"https:\\\/\\\/jornaldasoficinas.com\\\/pt\\\/aran-reune-especialistas-para-debater-o-futuro-do-aftermarket\\\/#primaryimage\",\"url\":\"https:\\\/\\\/jornaldasoficinas.com\\\/pt\\\/wp-content\\\/uploads\\\/2024\\\/04\\\/ARAN-vai-reunir-especialistas-para-debater-o-futuro-do-aftermarket-1.jpeg\",\"contentUrl\":\"https:\\\/\\\/jornaldasoficinas.com\\\/pt\\\/wp-content\\\/uploads\\\/2024\\\/04\\\/ARAN-vai-reunir-especialistas-para-debater-o-futuro-do-aftermarket-1.jpeg\",\"width\":1024,\"height\":581,\"caption\":\"04 - ARAN vai reunir especialistas para debater o futuro do aftermarket 1\"},{\"@type\":\"BreadcrumbList\",\"@id\":\"https:\\\/\\\/jornaldasoficinas.com\\\/pt\\\/aran-reune-especialistas-para-debater-o-futuro-do-aftermarket\\\/#breadcrumb\",\"itemListElement\":[{\"@type\":\"ListItem\",\"position\":1,\"name\":\"In\u00edcio\",\"item\":\"https:\\\/\\\/jornaldasoficinas.com\\\/pt\\\/\"},{\"@type\":\"ListItem\",\"position\":2,\"name\":\"ARAN reune especialistas para debater o futuro do aftermarket\"}]},{\"@type\":\"WebSite\",\"@id\":\"https:\\\/\\\/jornaldasoficinas.com\\\/pt\\\/#website\",\"url\":\"https:\\\/\\\/jornaldasoficinas.com\\\/pt\\\/\",\"name\":\"Jornal das Oficinas\",\"description\":\"Jornal independente do Aftermarket Autom\u00f3vel em Portugal\",\"publisher\":{\"@id\":\"https:\\\/\\\/jornaldasoficinas.com\\\/pt\\\/#organization\"},\"potentialAction\":[{\"@type\":\"SearchAction\",\"target\":{\"@type\":\"EntryPoint\",\"urlTemplate\":\"https:\\\/\\\/jornaldasoficinas.com\\\/pt\\\/?s={search_term_string}\"},\"query-input\":{\"@type\":\"PropertyValueSpecification\",\"valueRequired\":true,\"valueName\":\"search_term_string\"}}],\"inLanguage\":\"pt-PT\"},{\"@type\":\"Organization\",\"@id\":\"https:\\\/\\\/jornaldasoficinas.com\\\/pt\\\/#organization\",\"name\":\"Jornal das Oficinas\",\"url\":\"https:\\\/\\\/jornaldasoficinas.com\\\/pt\\\/\",\"logo\":{\"@type\":\"ImageObject\",\"inLanguage\":\"pt-PT\",\"@id\":\"https:\\\/\\\/jornaldasoficinas.com\\\/pt\\\/#\\\/schema\\\/logo\\\/image\\\/\",\"url\":\"https:\\\/\\\/jornaldasoficinas.com\\\/pt\\\/wp-content\\\/uploads\\\/logoJO-SEO.png\",\"contentUrl\":\"https:\\\/\\\/jornaldasoficinas.com\\\/pt\\\/wp-content\\\/uploads\\\/logoJO-SEO.png\",\"width\":285,\"height\":450,\"caption\":\"Jornal das Oficinas\"},\"image\":{\"@id\":\"https:\\\/\\\/jornaldasoficinas.com\\\/pt\\\/#\\\/schema\\\/logo\\\/image\\\/\"},\"sameAs\":[\"https:\\\/\\\/www.facebook.com\\\/jornaloficinas\",\"https:\\\/\\\/x.com\\\/jornaloficinas\",\"https:\\\/\\\/www.instagram.com\\\/jornal_oficinas\\\/\",\"https:\\\/\\\/www.linkedin.com\\\/company\\\/jornal-das-oficinas\\\/\",\"https:\\\/\\\/www.youtube.com\\\/channel\\\/UCbQZBqtcvV-oSQrr7RzINGg\"]},{\"@type\":\"Person\",\"@id\":\"https:\\\/\\\/jornaldasoficinas.com\\\/pt\\\/#\\\/schema\\\/person\\\/a38eef5de2c41d9e7c9ac10141afddf3\",\"name\":\"Reda\u00e7\u00e3o JO\",\"image\":{\"@type\":\"ImageObject\",\"inLanguage\":\"pt-PT\",\"@id\":\"https:\\\/\\\/secure.gravatar.com\\\/avatar\\\/71f2fa71737ad68a84fea94bc708ddac8ea5b0c4788dc2ad202f3ccb2887742f?s=96&d=wp_user_avatar&r=g\",\"url\":\"https:\\\/\\\/secure.gravatar.com\\\/avatar\\\/71f2fa71737ad68a84fea94bc708ddac8ea5b0c4788dc2ad202f3ccb2887742f?s=96&d=wp_user_avatar&r=g\",\"contentUrl\":\"https:\\\/\\\/secure.gravatar.com\\\/avatar\\\/71f2fa71737ad68a84fea94bc708ddac8ea5b0c4788dc2ad202f3ccb2887742f?s=96&d=wp_user_avatar&r=g\",\"caption\":\"Reda\u00e7\u00e3o JO\"},\"url\":\"https:\\\/\\\/jornaldasoficinas.com\\\/pt\\\/author\\\/joredacao\\\/\"}]}<\/script>\n<!-- \/ Yoast SEO plugin. -->","yoast_head_json":{"title":"ARAN reune especialistas para debater o futuro do aftermarket - Jornal das Oficinas","description":"A ARAN vai estar na cidade de Aveiro, no dia 13 de abril de 2024, para debater assuntos importantes para o setor do p\u00f3s-venda autom\u00f3vel","robots":{"index":"index","follow":"follow","max-snippet":"max-snippet:-1","max-image-preview":"max-image-preview:large","max-video-preview":"max-video-preview:-1"},"canonical":"https:\/\/jornaldasoficinas.com\/pt\/aran-reune-especialistas-para-debater-o-futuro-do-aftermarket\/","og_locale":"pt_PT","og_type":"article","og_title":"ARAN reune especialistas para debater o futuro do aftermarket - Jornal das Oficinas","og_description":"A ARAN vai estar na cidade de Aveiro, no dia 13 de abril de 2024, para debater assuntos importantes para o setor do p\u00f3s-venda autom\u00f3vel","og_url":"https:\/\/jornaldasoficinas.com\/pt\/aran-reune-especialistas-para-debater-o-futuro-do-aftermarket\/","og_site_name":"Jornal das Oficinas","article_publisher":"https:\/\/www.facebook.com\/jornaloficinas","article_published_time":"2024-04-04T07:00:10+00:00","og_image":[{"width":1024,"height":581,"url":"https:\/\/jornaldasoficinas.com\/pt\/wp-content\/uploads\/2024\/04\/ARAN-vai-reunir-especialistas-para-debater-o-futuro-do-aftermarket-1.jpeg","type":"image\/jpeg"}],"author":"Reda\u00e7\u00e3o JO","twitter_card":"summary_large_image","twitter_creator":"@jornaloficinas","twitter_site":"@jornaloficinas","twitter_misc":{"Escrito por":"Reda\u00e7\u00e3o JO","Tempo estimado de leitura":"3 minutos"},"schema":{"@context":"https:\/\/schema.org","@graph":[{"@type":"Article","@id":"https:\/\/jornaldasoficinas.com\/pt\/aran-reune-especialistas-para-debater-o-futuro-do-aftermarket\/#article","isPartOf":{"@id":"https:\/\/jornaldasoficinas.com\/pt\/aran-reune-especialistas-para-debater-o-futuro-do-aftermarket\/"},"author":{"name":"Reda\u00e7\u00e3o JO","@id":"https:\/\/jornaldasoficinas.com\/pt\/#\/schema\/person\/a38eef5de2c41d9e7c9ac10141afddf3"},"headline":"ARAN reune especialistas para debater o futuro do aftermarket","datePublished":"2024-04-04T07:00:10+00:00","mainEntityOfPage":{"@id":"https:\/\/jornaldasoficinas.com\/pt\/aran-reune-especialistas-para-debater-o-futuro-do-aftermarket\/"},"wordCount":343,"publisher":{"@id":"https:\/\/jornaldasoficinas.com\/pt\/#organization"},"image":{"@id":"https:\/\/jornaldasoficinas.com\/pt\/aran-reune-especialistas-para-debater-o-futuro-do-aftermarket\/#primaryimage"},"thumbnailUrl":"https:\/\/jornaldasoficinas.com\/pt\/wp-content\/uploads\/2024\/04\/ARAN-vai-reunir-especialistas-para-debater-o-futuro-do-aftermarket-1.jpeg","keywords":["Aftermarket","ARAN","Digitaliza\u00e7\u00e3o","Encontro Nacional do P\u00f3s-Venda","especialistas","Evento","Hotel Meli\u00e1 Ria Aveiro","O futuro \u00e9 hoje","oficinas independentes","Rentabilidade"],"articleSection":["Mercado"],"inLanguage":"pt-PT"},{"@type":"WebPage","@id":"https:\/\/jornaldasoficinas.com\/pt\/aran-reune-especialistas-para-debater-o-futuro-do-aftermarket\/","url":"https:\/\/jornaldasoficinas.com\/pt\/aran-reune-especialistas-para-debater-o-futuro-do-aftermarket\/","name":"ARAN reune especialistas para debater o futuro do aftermarket - Jornal das Oficinas","isPartOf":{"@id":"https:\/\/jornaldasoficinas.com\/pt\/#website"},"primaryImageOfPage":{"@id":"https:\/\/jornaldasoficinas.com\/pt\/aran-reune-especialistas-para-debater-o-futuro-do-aftermarket\/#primaryimage"},"image":{"@id":"https:\/\/jornaldasoficinas.com\/pt\/aran-reune-especialistas-para-debater-o-futuro-do-aftermarket\/#primaryimage"},"thumbnailUrl":"https:\/\/jornaldasoficinas.com\/pt\/wp-content\/uploads\/2024\/04\/ARAN-vai-reunir-especialistas-para-debater-o-futuro-do-aftermarket-1.jpeg","datePublished":"2024-04-04T07:00:10+00:00","description":"A ARAN vai estar na cidade de Aveiro, no dia 13 de abril de 2024, para debater assuntos importantes para o setor do p\u00f3s-venda autom\u00f3vel","breadcrumb":{"@id":"https:\/\/jornaldasoficinas.com\/pt\/aran-reune-especialistas-para-debater-o-futuro-do-aftermarket\/#breadcrumb"},"inLanguage":"pt-PT","potentialAction":[{"@type":"ReadAction","target":["https:\/\/jornaldasoficinas.com\/pt\/aran-reune-especialistas-para-debater-o-futuro-do-aftermarket\/"]}]},{"@type":"ImageObject","inLanguage":"pt-PT","@id":"https:\/\/jornaldasoficinas.com\/pt\/aran-reune-especialistas-para-debater-o-futuro-do-aftermarket\/#primaryimage","url":"https:\/\/jornaldasoficinas.com\/pt\/wp-content\/uploads\/2024\/04\/ARAN-vai-reunir-especialistas-para-debater-o-futuro-do-aftermarket-1.jpeg","contentUrl":"https:\/\/jornaldasoficinas.com\/pt\/wp-content\/uploads\/2024\/04\/ARAN-vai-reunir-especialistas-para-debater-o-futuro-do-aftermarket-1.jpeg","width":1024,"height":581,"caption":"04 - ARAN vai reunir especialistas para debater o futuro do aftermarket 1"},{"@type":"BreadcrumbList","@id":"https:\/\/jornaldasoficinas.com\/pt\/aran-reune-especialistas-para-debater-o-futuro-do-aftermarket\/#breadcrumb","itemListElement":[{"@type":"ListItem","position":1,"name":"In\u00edcio","item":"https:\/\/jornaldasoficinas.com\/pt\/"},{"@type":"ListItem","position":2,"name":"ARAN reune especialistas para debater o futuro do aftermarket"}]},{"@type":"WebSite","@id":"https:\/\/jornaldasoficinas.com\/pt\/#website","url":"https:\/\/jornaldasoficinas.com\/pt\/","name":"Jornal das Oficinas","description":"Jornal independente do Aftermarket Autom\u00f3vel em Portugal","publisher":{"@id":"https:\/\/jornaldasoficinas.com\/pt\/#organization"},"potentialAction":[{"@type":"SearchAction","target":{"@type":"EntryPoint","urlTemplate":"https:\/\/jornaldasoficinas.com\/pt\/?s={search_term_string}"},"query-input":{"@type":"PropertyValueSpecification","valueRequired":true,"valueName":"search_term_string"}}],"inLanguage":"pt-PT"},{"@type":"Organization","@id":"https:\/\/jornaldasoficinas.com\/pt\/#organization","name":"Jornal das Oficinas","url":"https:\/\/jornaldasoficinas.com\/pt\/","logo":{"@type":"ImageObject","inLanguage":"pt-PT","@id":"https:\/\/jornaldasoficinas.com\/pt\/#\/schema\/logo\/image\/","url":"https:\/\/jornaldasoficinas.com\/pt\/wp-content\/uploads\/logoJO-SEO.png","contentUrl":"https:\/\/jornaldasoficinas.com\/pt\/wp-content\/uploads\/logoJO-SEO.png","width":285,"height":450,"caption":"Jornal das Oficinas"},"image":{"@id":"https:\/\/jornaldasoficinas.com\/pt\/#\/schema\/logo\/image\/"},"sameAs":["https:\/\/www.facebook.com\/jornaloficinas","https:\/\/x.com\/jornaloficinas","https:\/\/www.instagram.com\/jornal_oficinas\/","https:\/\/www.linkedin.com\/company\/jornal-das-oficinas\/","https:\/\/www.youtube.com\/channel\/UCbQZBqtcvV-oSQrr7RzINGg"]},{"@type":"Person","@id":"https:\/\/jornaldasoficinas.com\/pt\/#\/schema\/person\/a38eef5de2c41d9e7c9ac10141afddf3","name":"Reda\u00e7\u00e3o JO","image":{"@type":"ImageObject","inLanguage":"pt-PT","@id":"https:\/\/secure.gravatar.com\/avatar\/71f2fa71737ad68a84fea94bc708ddac8ea5b0c4788dc2ad202f3ccb2887742f?s=96&d=wp_user_avatar&r=g","url":"https:\/\/secure.gravatar.com\/avatar\/71f2fa71737ad68a84fea94bc708ddac8ea5b0c4788dc2ad202f3ccb2887742f?s=96&d=wp_user_avatar&r=g","contentUrl":"https:\/\/secure.gravatar.com\/avatar\/71f2fa71737ad68a84fea94bc708ddac8ea5b0c4788dc2ad202f3ccb2887742f?s=96&d=wp_user_avatar&r=g","caption":"Reda\u00e7\u00e3o JO"},"url":"https:\/\/jornaldasoficinas.com\/pt\/author\/joredacao\/"}]}},"_links":{"self":[{"href":"https:\/\/jornaldasoficinas.com\/pt\/wp-json\/wp\/v2\/posts\/82066","targetHints":{"allow":["GET"]}}],"collection":[{"href":"https:\/\/jornaldasoficinas.com\/pt\/wp-json\/wp\/v2\/posts"}],"about":[{"href":"https:\/\/jornaldasoficinas.com\/pt\/wp-json\/wp\/v2\/types\/post"}],"author":[{"embeddable":true,"href":"https:\/\/jornaldasoficinas.com\/pt\/wp-json\/wp\/v2\/users\/15"}],"replies":[{"embeddable":true,"href":"https:\/\/jornaldasoficinas.com\/pt\/wp-json\/wp\/v2\/comments?post=82066"}],"version-history":[{"count":0,"href":"https:\/\/jornaldasoficinas.com\/pt\/wp-json\/wp\/v2\/posts\/82066\/revisions"}],"wp:featuredmedia":[{"embeddable":true,"href":"https:\/\/jornaldasoficinas.com\/pt\/wp-json\/wp\/v2\/media\/82074"}],"wp:attachment":[{"href":"https:\/\/jornaldasoficinas.com\/pt\/wp-json\/wp\/v2\/media?parent=82066"}],"wp:term":[{"taxonomy":"category","embeddable":true,"href":"https:\/\/jornaldasoficinas.com\/pt\/wp-json\/wp\/v2\/categories?post=82066"},{"taxonomy":"post_tag","embeddable":true,"href":"https:\/\/jornaldasoficinas.com\/pt\/wp-json\/wp\/v2\/tags?post=82066"}],"curies":[{"name":"wp","href":"https:\/\/api.w.org\/{rel}","templated":true}]}}