{"id":82105,"date":"2024-04-04T18:00:38","date_gmt":"2024-04-04T17:00:38","guid":{"rendered":"https:\/\/jornaldasoficinas.com\/pt\/?p=82105"},"modified":"2024-04-04T16:36:32","modified_gmt":"2024-04-04T15:36:32","slug":"zf-aftermarket-lanca-sensores-de-assistencia-para-veiculos-comerciais","status":"publish","type":"post","link":"https:\/\/jornaldasoficinas.com\/pt\/zf-aftermarket-lanca-sensores-de-assistencia-para-veiculos-comerciais\/","title":{"rendered":"ZF Aftermarket lan\u00e7a sensores de assist\u00eancia para ve\u00edculos comerciais"},"content":{"rendered":"<p><img loading=\"lazy\" decoding=\"async\" class=\"alignnone size-full wp-image-82116\" src=\"https:\/\/jornaldasoficinas.com\/pt\/wp-content\/uploads\/2024\/04\/3_ZF_CV_Workshop.jpg\" alt=\"04 - 3_ZF_CV_Workshop\" width=\"1024\" height=\"581\" srcset=\"https:\/\/jornaldasoficinas.com\/pt\/wp-content\/uploads\/2024\/04\/3_ZF_CV_Workshop.jpg 1024w, https:\/\/jornaldasoficinas.com\/pt\/wp-content\/uploads\/2024\/04\/3_ZF_CV_Workshop-300x170.jpg 300w, https:\/\/jornaldasoficinas.com\/pt\/wp-content\/uploads\/2024\/04\/3_ZF_CV_Workshop-150x85.jpg 150w, https:\/\/jornaldasoficinas.com\/pt\/wp-content\/uploads\/2024\/04\/3_ZF_CV_Workshop-768x436.jpg 768w\" sizes=\"auto, (max-width: 1024px) 100vw, 1024px\" \/><\/p>\n<p><strong>A\u00a0 <a href=\"https:\/\/aftermarket.zf.com\/pt\/portal-da-zf-aftermarket\/\" target=\"_blank\" rel=\"noopener\">ZF Aftermarket<\/a> est\u00e1 a oferecer, pela primeira vez, no mercado independente de p\u00f3s-venda, sensores para aplica\u00e7\u00f5es de ve\u00edculos comerciais sob a sua marca <a href=\"https:\/\/www.wabco-customercentre.com\/\" target=\"_blank\" rel=\"noopener\">WABCO<\/a><\/strong><\/p>\n<p>De acordo com uma previs\u00e3o do governo alem\u00e3o, o tr\u00e1fego de mercadorias por cami\u00e3o, por exemplo, dever\u00e1 aumentar 46% at\u00e9 2051. Os servi\u00e7os de entrega porta a porta e as empresas de autocarros tamb\u00e9m dever\u00e3o expandir as suas atividades nos pr\u00f3ximos anos. Assim, o segmento de ve\u00edculos comerciais oferece excelentes oportunidades para oficinas. No entanto, estas precisam de um parceiro forte para aproveitar essas oportunidades. Como o maior fornecedor mundial para a ind\u00fastria de ve\u00edculos comerciais, a ZF oferece uma gama abrangente de produtos para este mercado, com mais de 70.000 refer\u00eancias de pe\u00e7as ap\u00f3s a integra\u00e7\u00e3o da WABCO, introduzindo mais de 400 novas pe\u00e7as de substitui\u00e7\u00e3o para ve\u00edculos comerciais a cada ano.<\/p>\n<p>Os sistemas avan\u00e7ados de assist\u00eancia ao condutor (ADAS), est\u00e3o a impor-se no mercado dos ve\u00edculos comerciais. Desde 2015, os cami\u00f5es t\u00eam de estar equipados com assistentes autom\u00e1ticos de travagem de emerg\u00eancia e sistemas de aviso de sa\u00edda da faixa de rodagem. A partir de 2024, outros sistemas de assist\u00eancia ao condutor tornar-se-\u00e3o obrigat\u00f3rios em toda a UE. Estes incluem, por exemplo, o assistente de velocidade, um assistente de viragem ou o gravador de dados de acidentes. Para as oficinas independentes de ve\u00edculos comerciais, os desafios da manuten\u00e7\u00e3o e repara\u00e7\u00e3o de cami\u00f5es e autocarros s\u00e3o cada vez maiores. Neste caso, porque os sistemas de assist\u00eancia ao condutor t\u00eam de ser verificados e recalibrados ap\u00f3s uma repara\u00e7\u00e3o. Para tal, as oficinas tamb\u00e9m precisam de ter acesso \u00e0s pe\u00e7as de substitui\u00e7\u00e3o certas, em particular aos sensores que fornecem os dados para os sistemas de assist\u00eancia ao condutor.<\/p>\n<p>\u00c9 por isso que a ZF Aftermarket est\u00e1 a oferecer, pela primeira vez, no mercado independente de p\u00f3s-venda, sensores para aplica\u00e7\u00f5es de ve\u00edculos comerciais sob a sua marca <a href=\"https:\/\/www.wabco-customercentre.com\/\" target=\"_blank\" rel=\"noopener\">WABCO<\/a>. Estes s\u00e3o a c\u00e2mara frontal para o sistema de aviso de sa\u00edda da faixa de rodagem OnLaneALERT e o sensor de radar para o sistema de travagem autom\u00e1tica de emerg\u00eancia OnGuardACTIVE.<\/p>\n<p>A ZF Aftermarket fornece estas pe\u00e7as de substitui\u00e7\u00e3o com a especifica\u00e7\u00e3o e qualidade do equipamento original para muitos modelos de ve\u00edculos comerciais DAF e Iveco. Os suportes e coberturas necess\u00e1rios tamb\u00e9m est\u00e3o inclu\u00eddos na gama. Com estas novas adi\u00e7\u00f5es, as oficinas independentes t\u00eam agora a oportunidade de efetuar uma repara\u00e7\u00e3o completa sem terem de renunciar \u00e0 coopera\u00e7\u00e3o com o seu fornecedor habitual, especialmente no caso de repara\u00e7\u00f5es de acidentes. No entanto, a ZF Aftermarket chama a aten\u00e7\u00e3o para o facto de os sensores terem de ser programados com o software de diagn\u00f3stico original do fabricante do ve\u00edculo ap\u00f3s a instala\u00e7\u00e3o.<\/p>\n<p>Os sensores ADAS s\u00e3o o mais recente destaque no extenso portef\u00f3lio de pe\u00e7as para ve\u00edculos comerciais da ZF Aftermarket, dispon\u00edveis sob as suas marcas premium ZF, Lemf\u00f6rder, Sachs, TRW e WABCO. O programa de pe\u00e7as abrange praticamente todos os trabalhos de manuten\u00e7\u00e3o &#8211; desde a dire\u00e7\u00e3o aos eixos, da suspens\u00e3o e amortecedores aos trav\u00f5es. Al\u00e9m disso, existem componentes de acionamento, tais como embraiagens e transmiss\u00f5es, bem como fornecimento e processamento. Lubrificantes adaptados \u00e0s transmiss\u00f5es ZF, bem como ferramentas e equipamento especializado completam a gama.<\/p>\n<p>Os kits de repara\u00e7\u00e3o s\u00e3o particularmente apreciados pelas oficinas, uma vez que facilitam o trabalho na oficina e aumentam a qualidade das repara\u00e7\u00f5es. Para al\u00e9m das pe\u00e7as de substitui\u00e7\u00e3o propriamente ditas, cont\u00eam todos os outros componentes necess\u00e1rios para uma repara\u00e7\u00e3o profissional, tais como parafusos, vedantes e lubrificantes. As instru\u00e7\u00f5es de repara\u00e7\u00e3o inclu\u00eddas permitem repara\u00e7\u00f5es eficientes e sem problemas e representam a pretens\u00e3o da ZF Aftermarket de fornecer aos seus parceiros n\u00e3o s\u00f3 produtos, mas tamb\u00e9m solu\u00e7\u00f5es.<\/p>\n<p>Solu\u00e7\u00f5es &#8211; esta \u00e9 tamb\u00e9m a palavra-chave para as in\u00fameras outras ofertas que a ZF Aftermarket faz aos seus parceiros de oficina, para al\u00e9m do fornecimento de pe\u00e7as de substitui\u00e7\u00e3o. Isto come\u00e7a com os pr\u00f3prios produtos de diagn\u00f3stico da empresa, que s\u00e3o especialmente concebidos para os produtos ZF e para os quais a empresa j\u00e1 emitiu 48.000 licen\u00e7as. Para al\u00e9m disso, a ZF Academy oferece forma\u00e7\u00e3o t\u00e9cnica sobre uma vasta gama de t\u00f3picos para que as oficinas possam continuar a servir os seus clientes da melhor forma poss\u00edvel no futuro.<\/p>\n<p><img loading=\"lazy\" decoding=\"async\" class=\"alignnone size-full wp-image-82115\" src=\"https:\/\/jornaldasoficinas.com\/pt\/wp-content\/uploads\/2024\/04\/2_WABCO_OnGuard_Radar.jpg\" alt=\"04 - 2_WABCO_OnGuard_Radar\" width=\"1024\" height=\"581\" srcset=\"https:\/\/jornaldasoficinas.com\/pt\/wp-content\/uploads\/2024\/04\/2_WABCO_OnGuard_Radar.jpg 1024w, https:\/\/jornaldasoficinas.com\/pt\/wp-content\/uploads\/2024\/04\/2_WABCO_OnGuard_Radar-300x170.jpg 300w, https:\/\/jornaldasoficinas.com\/pt\/wp-content\/uploads\/2024\/04\/2_WABCO_OnGuard_Radar-150x85.jpg 150w, https:\/\/jornaldasoficinas.com\/pt\/wp-content\/uploads\/2024\/04\/2_WABCO_OnGuard_Radar-768x436.jpg 768w\" sizes=\"auto, (max-width: 1024px) 100vw, 1024px\" \/><\/p>\n<p>&nbsp;<\/p>\n<p><strong>A gest\u00e3o de frotas como um servi\u00e7o adicional para as empresas de ve\u00edculos comerciais<\/strong><\/p>\n<p>O acesso a sistemas de gest\u00e3o de frotas tamb\u00e9m est\u00e1 a tornar-se cada vez mais importante para as empresas de ve\u00edculos comerciais, ajudando-as a aumentar a efici\u00eancia das suas frotas e a evitar repara\u00e7\u00f5es n\u00e3o planeadas.<\/p>\n<p>Com o ZF SCALAR e o ZF Bus Connect, a ZF fornece ferramentas de conetividade perfeitas com as quais mais de 310.000 ve\u00edculos em todo o mundo j\u00e1 est\u00e3o ligados. A plataforma digital de gest\u00e3o de frotas ZF SCALAR melhora o funcionamento das frotas de ve\u00edculos atrav\u00e9s de decis\u00f5es automatizadas e baseadas em IA, garantindo assim uma elevada efici\u00eancia.<\/p>\n<p>O ZF Bus Connect oferece in\u00fameras fun\u00e7\u00f5es para a otimiza\u00e7\u00e3o operacional de frotas de autocarros, tais como uma visualiza\u00e7\u00e3o em tempo real de toda a frota de ve\u00edculos, uma perspetiva do potencial de otimiza\u00e7\u00e3o no que diz respeito ao consumo de combust\u00edvel\/energia, ao comportamento do condutor ou ao desgaste dos componentes t\u00e9cnicos (por exemplo, trav\u00f5es). Gera relat\u00f3rios sobre o cumprimento dos regulamentos ou como base para certificados fiscais nos transportes p\u00fablicos locais.<\/p>\n","protected":false},"excerpt":{"rendered":"<p>A\u00a0 ZF Aftermarket est\u00e1 a oferecer,&#8230;<\/p>\n","protected":false},"author":15,"featured_media":82116,"comment_status":"closed","ping_status":"closed","sticky":false,"template":"","format":"standard","meta":{"footnotes":""},"categories":[29],"tags":[1748,7924,386,3333,8299,3673,301,181],"class_list":["post-82105","post","type-post","status-publish","format-standard","has-post-thumbnail","hentry","category-empresas","tag-camioes","tag-equipamento-original","tag-oficinas","tag-pecas-de-substituicao","tag-sensores-de-assistencia","tag-veiculos-comerciais","tag-wabco","tag-zf-aftermarket"],"yoast_head":"<!-- This site is optimized with the Yoast SEO plugin v27.5 - https:\/\/yoast.com\/product\/yoast-seo-wordpress\/ -->\n<title>ZF Aftermarket lan\u00e7a sensores de assist\u00eancia para ve\u00edculos comerciais - Jornal das Oficinas<\/title>\n<meta name=\"description\" content=\"A ZF Aftermarket, est\u00e1 a oferecer, pela primeira vez, sensores para aplica\u00e7\u00f5es de ve\u00edculos comerciais sob a sua marca WABCO\" \/>\n<meta name=\"robots\" content=\"index, follow, max-snippet:-1, max-image-preview:large, max-video-preview:-1\" \/>\n<link rel=\"canonical\" href=\"https:\/\/jornaldasoficinas.com\/pt\/zf-aftermarket-lanca-sensores-de-assistencia-para-veiculos-comerciais\/\" \/>\n<meta property=\"og:locale\" content=\"pt_PT\" \/>\n<meta property=\"og:type\" content=\"article\" \/>\n<meta property=\"og:title\" content=\"ZF Aftermarket lan\u00e7a sensores de assist\u00eancia para ve\u00edculos comerciais - Jornal das Oficinas\" \/>\n<meta property=\"og:description\" content=\"A ZF Aftermarket, est\u00e1 a oferecer, pela primeira vez, sensores para aplica\u00e7\u00f5es de ve\u00edculos comerciais sob a sua marca WABCO\" \/>\n<meta property=\"og:url\" content=\"https:\/\/jornaldasoficinas.com\/pt\/zf-aftermarket-lanca-sensores-de-assistencia-para-veiculos-comerciais\/\" \/>\n<meta property=\"og:site_name\" content=\"Jornal das Oficinas\" \/>\n<meta property=\"article:publisher\" content=\"https:\/\/www.facebook.com\/jornaloficinas\" \/>\n<meta property=\"article:published_time\" content=\"2024-04-04T17:00:38+00:00\" \/>\n<meta property=\"og:image\" content=\"https:\/\/jornaldasoficinas.com\/pt\/wp-content\/uploads\/2024\/04\/3_ZF_CV_Workshop.jpg\" \/>\n\t<meta property=\"og:image:width\" content=\"1024\" \/>\n\t<meta property=\"og:image:height\" content=\"581\" \/>\n\t<meta property=\"og:image:type\" content=\"image\/jpeg\" \/>\n<meta name=\"author\" content=\"Reda\u00e7\u00e3o JO\" \/>\n<meta name=\"twitter:card\" content=\"summary_large_image\" \/>\n<meta name=\"twitter:creator\" content=\"@jornaloficinas\" \/>\n<meta name=\"twitter:site\" content=\"@jornaloficinas\" \/>\n<meta name=\"twitter:label1\" content=\"Escrito por\" \/>\n\t<meta name=\"twitter:data1\" content=\"Reda\u00e7\u00e3o JO\" \/>\n\t<meta name=\"twitter:label2\" content=\"Tempo estimado de leitura\" \/>\n\t<meta name=\"twitter:data2\" content=\"6 minutos\" \/>\n<script type=\"application\/ld+json\" class=\"yoast-schema-graph\">{\"@context\":\"https:\\\/\\\/schema.org\",\"@graph\":[{\"@type\":\"Article\",\"@id\":\"https:\\\/\\\/jornaldasoficinas.com\\\/pt\\\/zf-aftermarket-lanca-sensores-de-assistencia-para-veiculos-comerciais\\\/#article\",\"isPartOf\":{\"@id\":\"https:\\\/\\\/jornaldasoficinas.com\\\/pt\\\/zf-aftermarket-lanca-sensores-de-assistencia-para-veiculos-comerciais\\\/\"},\"author\":{\"name\":\"Reda\u00e7\u00e3o JO\",\"@id\":\"https:\\\/\\\/jornaldasoficinas.com\\\/pt\\\/#\\\/schema\\\/person\\\/a38eef5de2c41d9e7c9ac10141afddf3\"},\"headline\":\"ZF Aftermarket lan\u00e7a sensores de assist\u00eancia para ve\u00edculos comerciais\",\"datePublished\":\"2024-04-04T17:00:38+00:00\",\"mainEntityOfPage\":{\"@id\":\"https:\\\/\\\/jornaldasoficinas.com\\\/pt\\\/zf-aftermarket-lanca-sensores-de-assistencia-para-veiculos-comerciais\\\/\"},\"wordCount\":1022,\"publisher\":{\"@id\":\"https:\\\/\\\/jornaldasoficinas.com\\\/pt\\\/#organization\"},\"image\":{\"@id\":\"https:\\\/\\\/jornaldasoficinas.com\\\/pt\\\/zf-aftermarket-lanca-sensores-de-assistencia-para-veiculos-comerciais\\\/#primaryimage\"},\"thumbnailUrl\":\"https:\\\/\\\/jornaldasoficinas.com\\\/pt\\\/wp-content\\\/uploads\\\/2024\\\/04\\\/3_ZF_CV_Workshop.jpg\",\"keywords\":[\"Cami\u00f5es\",\"equipamento original\",\"Oficinas\",\"Pe\u00e7as de substitui\u00e7\u00e3o\",\"sensores de assist\u00eancia\",\"Ve\u00edculos comerciais\",\"Wabco\",\"ZF Aftermarket\"],\"articleSection\":[\"Empresas\"],\"inLanguage\":\"pt-PT\"},{\"@type\":\"WebPage\",\"@id\":\"https:\\\/\\\/jornaldasoficinas.com\\\/pt\\\/zf-aftermarket-lanca-sensores-de-assistencia-para-veiculos-comerciais\\\/\",\"url\":\"https:\\\/\\\/jornaldasoficinas.com\\\/pt\\\/zf-aftermarket-lanca-sensores-de-assistencia-para-veiculos-comerciais\\\/\",\"name\":\"ZF Aftermarket lan\u00e7a sensores de assist\u00eancia para ve\u00edculos comerciais - Jornal das Oficinas\",\"isPartOf\":{\"@id\":\"https:\\\/\\\/jornaldasoficinas.com\\\/pt\\\/#website\"},\"primaryImageOfPage\":{\"@id\":\"https:\\\/\\\/jornaldasoficinas.com\\\/pt\\\/zf-aftermarket-lanca-sensores-de-assistencia-para-veiculos-comerciais\\\/#primaryimage\"},\"image\":{\"@id\":\"https:\\\/\\\/jornaldasoficinas.com\\\/pt\\\/zf-aftermarket-lanca-sensores-de-assistencia-para-veiculos-comerciais\\\/#primaryimage\"},\"thumbnailUrl\":\"https:\\\/\\\/jornaldasoficinas.com\\\/pt\\\/wp-content\\\/uploads\\\/2024\\\/04\\\/3_ZF_CV_Workshop.jpg\",\"datePublished\":\"2024-04-04T17:00:38+00:00\",\"description\":\"A ZF Aftermarket, est\u00e1 a oferecer, pela primeira vez, sensores para aplica\u00e7\u00f5es de ve\u00edculos comerciais sob a sua marca WABCO\",\"breadcrumb\":{\"@id\":\"https:\\\/\\\/jornaldasoficinas.com\\\/pt\\\/zf-aftermarket-lanca-sensores-de-assistencia-para-veiculos-comerciais\\\/#breadcrumb\"},\"inLanguage\":\"pt-PT\",\"potentialAction\":[{\"@type\":\"ReadAction\",\"target\":[\"https:\\\/\\\/jornaldasoficinas.com\\\/pt\\\/zf-aftermarket-lanca-sensores-de-assistencia-para-veiculos-comerciais\\\/\"]}]},{\"@type\":\"ImageObject\",\"inLanguage\":\"pt-PT\",\"@id\":\"https:\\\/\\\/jornaldasoficinas.com\\\/pt\\\/zf-aftermarket-lanca-sensores-de-assistencia-para-veiculos-comerciais\\\/#primaryimage\",\"url\":\"https:\\\/\\\/jornaldasoficinas.com\\\/pt\\\/wp-content\\\/uploads\\\/2024\\\/04\\\/3_ZF_CV_Workshop.jpg\",\"contentUrl\":\"https:\\\/\\\/jornaldasoficinas.com\\\/pt\\\/wp-content\\\/uploads\\\/2024\\\/04\\\/3_ZF_CV_Workshop.jpg\",\"width\":1024,\"height\":581,\"caption\":\"ZF Aftermarket lan\u00e7a sensores de assist\u00eancia para ve\u00edculos comerciais\"},{\"@type\":\"BreadcrumbList\",\"@id\":\"https:\\\/\\\/jornaldasoficinas.com\\\/pt\\\/zf-aftermarket-lanca-sensores-de-assistencia-para-veiculos-comerciais\\\/#breadcrumb\",\"itemListElement\":[{\"@type\":\"ListItem\",\"position\":1,\"name\":\"In\u00edcio\",\"item\":\"https:\\\/\\\/jornaldasoficinas.com\\\/pt\\\/\"},{\"@type\":\"ListItem\",\"position\":2,\"name\":\"ZF Aftermarket lan\u00e7a sensores de assist\u00eancia para ve\u00edculos comerciais\"}]},{\"@type\":\"WebSite\",\"@id\":\"https:\\\/\\\/jornaldasoficinas.com\\\/pt\\\/#website\",\"url\":\"https:\\\/\\\/jornaldasoficinas.com\\\/pt\\\/\",\"name\":\"Jornal das Oficinas\",\"description\":\"Jornal independente do Aftermarket Autom\u00f3vel em Portugal\",\"publisher\":{\"@id\":\"https:\\\/\\\/jornaldasoficinas.com\\\/pt\\\/#organization\"},\"potentialAction\":[{\"@type\":\"SearchAction\",\"target\":{\"@type\":\"EntryPoint\",\"urlTemplate\":\"https:\\\/\\\/jornaldasoficinas.com\\\/pt\\\/?s={search_term_string}\"},\"query-input\":{\"@type\":\"PropertyValueSpecification\",\"valueRequired\":true,\"valueName\":\"search_term_string\"}}],\"inLanguage\":\"pt-PT\"},{\"@type\":\"Organization\",\"@id\":\"https:\\\/\\\/jornaldasoficinas.com\\\/pt\\\/#organization\",\"name\":\"Jornal das Oficinas\",\"url\":\"https:\\\/\\\/jornaldasoficinas.com\\\/pt\\\/\",\"logo\":{\"@type\":\"ImageObject\",\"inLanguage\":\"pt-PT\",\"@id\":\"https:\\\/\\\/jornaldasoficinas.com\\\/pt\\\/#\\\/schema\\\/logo\\\/image\\\/\",\"url\":\"https:\\\/\\\/jornaldasoficinas.com\\\/pt\\\/wp-content\\\/uploads\\\/logoJO-SEO.png\",\"contentUrl\":\"https:\\\/\\\/jornaldasoficinas.com\\\/pt\\\/wp-content\\\/uploads\\\/logoJO-SEO.png\",\"width\":285,\"height\":450,\"caption\":\"Jornal das Oficinas\"},\"image\":{\"@id\":\"https:\\\/\\\/jornaldasoficinas.com\\\/pt\\\/#\\\/schema\\\/logo\\\/image\\\/\"},\"sameAs\":[\"https:\\\/\\\/www.facebook.com\\\/jornaloficinas\",\"https:\\\/\\\/x.com\\\/jornaloficinas\",\"https:\\\/\\\/www.instagram.com\\\/jornal_oficinas\\\/\",\"https:\\\/\\\/www.linkedin.com\\\/company\\\/jornal-das-oficinas\\\/\",\"https:\\\/\\\/www.youtube.com\\\/channel\\\/UCbQZBqtcvV-oSQrr7RzINGg\"]},{\"@type\":\"Person\",\"@id\":\"https:\\\/\\\/jornaldasoficinas.com\\\/pt\\\/#\\\/schema\\\/person\\\/a38eef5de2c41d9e7c9ac10141afddf3\",\"name\":\"Reda\u00e7\u00e3o JO\",\"image\":{\"@type\":\"ImageObject\",\"inLanguage\":\"pt-PT\",\"@id\":\"https:\\\/\\\/secure.gravatar.com\\\/avatar\\\/71f2fa71737ad68a84fea94bc708ddac8ea5b0c4788dc2ad202f3ccb2887742f?s=96&d=wp_user_avatar&r=g\",\"url\":\"https:\\\/\\\/secure.gravatar.com\\\/avatar\\\/71f2fa71737ad68a84fea94bc708ddac8ea5b0c4788dc2ad202f3ccb2887742f?s=96&d=wp_user_avatar&r=g\",\"contentUrl\":\"https:\\\/\\\/secure.gravatar.com\\\/avatar\\\/71f2fa71737ad68a84fea94bc708ddac8ea5b0c4788dc2ad202f3ccb2887742f?s=96&d=wp_user_avatar&r=g\",\"caption\":\"Reda\u00e7\u00e3o JO\"},\"url\":\"https:\\\/\\\/jornaldasoficinas.com\\\/pt\\\/author\\\/joredacao\\\/\"}]}<\/script>\n<!-- \/ Yoast SEO plugin. -->","yoast_head_json":{"title":"ZF Aftermarket lan\u00e7a sensores de assist\u00eancia para ve\u00edculos comerciais - Jornal das Oficinas","description":"A ZF Aftermarket, est\u00e1 a oferecer, pela primeira vez, sensores para aplica\u00e7\u00f5es de ve\u00edculos comerciais sob a sua marca WABCO","robots":{"index":"index","follow":"follow","max-snippet":"max-snippet:-1","max-image-preview":"max-image-preview:large","max-video-preview":"max-video-preview:-1"},"canonical":"https:\/\/jornaldasoficinas.com\/pt\/zf-aftermarket-lanca-sensores-de-assistencia-para-veiculos-comerciais\/","og_locale":"pt_PT","og_type":"article","og_title":"ZF Aftermarket lan\u00e7a sensores de assist\u00eancia para ve\u00edculos comerciais - Jornal das Oficinas","og_description":"A ZF Aftermarket, est\u00e1 a oferecer, pela primeira vez, sensores para aplica\u00e7\u00f5es de ve\u00edculos comerciais sob a sua marca WABCO","og_url":"https:\/\/jornaldasoficinas.com\/pt\/zf-aftermarket-lanca-sensores-de-assistencia-para-veiculos-comerciais\/","og_site_name":"Jornal das Oficinas","article_publisher":"https:\/\/www.facebook.com\/jornaloficinas","article_published_time":"2024-04-04T17:00:38+00:00","og_image":[{"width":1024,"height":581,"url":"https:\/\/jornaldasoficinas.com\/pt\/wp-content\/uploads\/2024\/04\/3_ZF_CV_Workshop.jpg","type":"image\/jpeg"}],"author":"Reda\u00e7\u00e3o JO","twitter_card":"summary_large_image","twitter_creator":"@jornaloficinas","twitter_site":"@jornaloficinas","twitter_misc":{"Escrito por":"Reda\u00e7\u00e3o JO","Tempo estimado de leitura":"6 minutos"},"schema":{"@context":"https:\/\/schema.org","@graph":[{"@type":"Article","@id":"https:\/\/jornaldasoficinas.com\/pt\/zf-aftermarket-lanca-sensores-de-assistencia-para-veiculos-comerciais\/#article","isPartOf":{"@id":"https:\/\/jornaldasoficinas.com\/pt\/zf-aftermarket-lanca-sensores-de-assistencia-para-veiculos-comerciais\/"},"author":{"name":"Reda\u00e7\u00e3o JO","@id":"https:\/\/jornaldasoficinas.com\/pt\/#\/schema\/person\/a38eef5de2c41d9e7c9ac10141afddf3"},"headline":"ZF Aftermarket lan\u00e7a sensores de assist\u00eancia para ve\u00edculos comerciais","datePublished":"2024-04-04T17:00:38+00:00","mainEntityOfPage":{"@id":"https:\/\/jornaldasoficinas.com\/pt\/zf-aftermarket-lanca-sensores-de-assistencia-para-veiculos-comerciais\/"},"wordCount":1022,"publisher":{"@id":"https:\/\/jornaldasoficinas.com\/pt\/#organization"},"image":{"@id":"https:\/\/jornaldasoficinas.com\/pt\/zf-aftermarket-lanca-sensores-de-assistencia-para-veiculos-comerciais\/#primaryimage"},"thumbnailUrl":"https:\/\/jornaldasoficinas.com\/pt\/wp-content\/uploads\/2024\/04\/3_ZF_CV_Workshop.jpg","keywords":["Cami\u00f5es","equipamento original","Oficinas","Pe\u00e7as de substitui\u00e7\u00e3o","sensores de assist\u00eancia","Ve\u00edculos comerciais","Wabco","ZF Aftermarket"],"articleSection":["Empresas"],"inLanguage":"pt-PT"},{"@type":"WebPage","@id":"https:\/\/jornaldasoficinas.com\/pt\/zf-aftermarket-lanca-sensores-de-assistencia-para-veiculos-comerciais\/","url":"https:\/\/jornaldasoficinas.com\/pt\/zf-aftermarket-lanca-sensores-de-assistencia-para-veiculos-comerciais\/","name":"ZF Aftermarket lan\u00e7a sensores de assist\u00eancia para ve\u00edculos comerciais - Jornal das Oficinas","isPartOf":{"@id":"https:\/\/jornaldasoficinas.com\/pt\/#website"},"primaryImageOfPage":{"@id":"https:\/\/jornaldasoficinas.com\/pt\/zf-aftermarket-lanca-sensores-de-assistencia-para-veiculos-comerciais\/#primaryimage"},"image":{"@id":"https:\/\/jornaldasoficinas.com\/pt\/zf-aftermarket-lanca-sensores-de-assistencia-para-veiculos-comerciais\/#primaryimage"},"thumbnailUrl":"https:\/\/jornaldasoficinas.com\/pt\/wp-content\/uploads\/2024\/04\/3_ZF_CV_Workshop.jpg","datePublished":"2024-04-04T17:00:38+00:00","description":"A ZF Aftermarket, est\u00e1 a oferecer, pela primeira vez, sensores para aplica\u00e7\u00f5es de ve\u00edculos comerciais sob a sua marca WABCO","breadcrumb":{"@id":"https:\/\/jornaldasoficinas.com\/pt\/zf-aftermarket-lanca-sensores-de-assistencia-para-veiculos-comerciais\/#breadcrumb"},"inLanguage":"pt-PT","potentialAction":[{"@type":"ReadAction","target":["https:\/\/jornaldasoficinas.com\/pt\/zf-aftermarket-lanca-sensores-de-assistencia-para-veiculos-comerciais\/"]}]},{"@type":"ImageObject","inLanguage":"pt-PT","@id":"https:\/\/jornaldasoficinas.com\/pt\/zf-aftermarket-lanca-sensores-de-assistencia-para-veiculos-comerciais\/#primaryimage","url":"https:\/\/jornaldasoficinas.com\/pt\/wp-content\/uploads\/2024\/04\/3_ZF_CV_Workshop.jpg","contentUrl":"https:\/\/jornaldasoficinas.com\/pt\/wp-content\/uploads\/2024\/04\/3_ZF_CV_Workshop.jpg","width":1024,"height":581,"caption":"ZF Aftermarket lan\u00e7a sensores de assist\u00eancia para ve\u00edculos comerciais"},{"@type":"BreadcrumbList","@id":"https:\/\/jornaldasoficinas.com\/pt\/zf-aftermarket-lanca-sensores-de-assistencia-para-veiculos-comerciais\/#breadcrumb","itemListElement":[{"@type":"ListItem","position":1,"name":"In\u00edcio","item":"https:\/\/jornaldasoficinas.com\/pt\/"},{"@type":"ListItem","position":2,"name":"ZF Aftermarket lan\u00e7a sensores de assist\u00eancia para ve\u00edculos comerciais"}]},{"@type":"WebSite","@id":"https:\/\/jornaldasoficinas.com\/pt\/#website","url":"https:\/\/jornaldasoficinas.com\/pt\/","name":"Jornal das Oficinas","description":"Jornal independente do Aftermarket Autom\u00f3vel em Portugal","publisher":{"@id":"https:\/\/jornaldasoficinas.com\/pt\/#organization"},"potentialAction":[{"@type":"SearchAction","target":{"@type":"EntryPoint","urlTemplate":"https:\/\/jornaldasoficinas.com\/pt\/?s={search_term_string}"},"query-input":{"@type":"PropertyValueSpecification","valueRequired":true,"valueName":"search_term_string"}}],"inLanguage":"pt-PT"},{"@type":"Organization","@id":"https:\/\/jornaldasoficinas.com\/pt\/#organization","name":"Jornal das Oficinas","url":"https:\/\/jornaldasoficinas.com\/pt\/","logo":{"@type":"ImageObject","inLanguage":"pt-PT","@id":"https:\/\/jornaldasoficinas.com\/pt\/#\/schema\/logo\/image\/","url":"https:\/\/jornaldasoficinas.com\/pt\/wp-content\/uploads\/logoJO-SEO.png","contentUrl":"https:\/\/jornaldasoficinas.com\/pt\/wp-content\/uploads\/logoJO-SEO.png","width":285,"height":450,"caption":"Jornal das Oficinas"},"image":{"@id":"https:\/\/jornaldasoficinas.com\/pt\/#\/schema\/logo\/image\/"},"sameAs":["https:\/\/www.facebook.com\/jornaloficinas","https:\/\/x.com\/jornaloficinas","https:\/\/www.instagram.com\/jornal_oficinas\/","https:\/\/www.linkedin.com\/company\/jornal-das-oficinas\/","https:\/\/www.youtube.com\/channel\/UCbQZBqtcvV-oSQrr7RzINGg"]},{"@type":"Person","@id":"https:\/\/jornaldasoficinas.com\/pt\/#\/schema\/person\/a38eef5de2c41d9e7c9ac10141afddf3","name":"Reda\u00e7\u00e3o JO","image":{"@type":"ImageObject","inLanguage":"pt-PT","@id":"https:\/\/secure.gravatar.com\/avatar\/71f2fa71737ad68a84fea94bc708ddac8ea5b0c4788dc2ad202f3ccb2887742f?s=96&d=wp_user_avatar&r=g","url":"https:\/\/secure.gravatar.com\/avatar\/71f2fa71737ad68a84fea94bc708ddac8ea5b0c4788dc2ad202f3ccb2887742f?s=96&d=wp_user_avatar&r=g","contentUrl":"https:\/\/secure.gravatar.com\/avatar\/71f2fa71737ad68a84fea94bc708ddac8ea5b0c4788dc2ad202f3ccb2887742f?s=96&d=wp_user_avatar&r=g","caption":"Reda\u00e7\u00e3o JO"},"url":"https:\/\/jornaldasoficinas.com\/pt\/author\/joredacao\/"}]}},"_links":{"self":[{"href":"https:\/\/jornaldasoficinas.com\/pt\/wp-json\/wp\/v2\/posts\/82105","targetHints":{"allow":["GET"]}}],"collection":[{"href":"https:\/\/jornaldasoficinas.com\/pt\/wp-json\/wp\/v2\/posts"}],"about":[{"href":"https:\/\/jornaldasoficinas.com\/pt\/wp-json\/wp\/v2\/types\/post"}],"author":[{"embeddable":true,"href":"https:\/\/jornaldasoficinas.com\/pt\/wp-json\/wp\/v2\/users\/15"}],"replies":[{"embeddable":true,"href":"https:\/\/jornaldasoficinas.com\/pt\/wp-json\/wp\/v2\/comments?post=82105"}],"version-history":[{"count":0,"href":"https:\/\/jornaldasoficinas.com\/pt\/wp-json\/wp\/v2\/posts\/82105\/revisions"}],"wp:featuredmedia":[{"embeddable":true,"href":"https:\/\/jornaldasoficinas.com\/pt\/wp-json\/wp\/v2\/media\/82116"}],"wp:attachment":[{"href":"https:\/\/jornaldasoficinas.com\/pt\/wp-json\/wp\/v2\/media?parent=82105"}],"wp:term":[{"taxonomy":"category","embeddable":true,"href":"https:\/\/jornaldasoficinas.com\/pt\/wp-json\/wp\/v2\/categories?post=82105"},{"taxonomy":"post_tag","embeddable":true,"href":"https:\/\/jornaldasoficinas.com\/pt\/wp-json\/wp\/v2\/tags?post=82105"}],"curies":[{"name":"wp","href":"https:\/\/api.w.org\/{rel}","templated":true}]}}