{"id":8221,"date":"2020-01-03T18:48:37","date_gmt":"2020-01-03T18:48:37","guid":{"rendered":"https:\/\/jornaldasoficinas.com\/pt\/?p=8221"},"modified":"2021-04-29T18:10:31","modified_gmt":"2021-04-29T17:10:31","slug":"alecarpec%cc%a7as-inicia-ano-novo-em-comemorac%cc%a7a%cc%83o-com-a-bilstein","status":"publish","type":"post","link":"https:\/\/jornaldasoficinas.com\/pt\/alecarpec%cc%a7as-inicia-ano-novo-em-comemorac%cc%a7a%cc%83o-com-a-bilstein\/","title":{"rendered":"AleCarPec\u0327as inicia ano novo em comemorac\u0327a\u0303o com a Bilstein"},"content":{"rendered":"<p><img loading=\"lazy\" decoding=\"async\" class=\"alignnone wp-image-8220 size-full\" src=\"https:\/\/jornaldasoficinas.com\/pt\/wp-content\/uploads\/2020\/01\/alecarpecasbilstein.png\" alt=\"01 - alecarpecasbilstein\" width=\"1024\" height=\"581\" srcset=\"https:\/\/jornaldasoficinas.com\/pt\/wp-content\/uploads\/2020\/01\/alecarpecasbilstein.png 1024w, https:\/\/jornaldasoficinas.com\/pt\/wp-content\/uploads\/2020\/01\/alecarpecasbilstein-300x170.png 300w, https:\/\/jornaldasoficinas.com\/pt\/wp-content\/uploads\/2020\/01\/alecarpecasbilstein-150x85.png 150w, https:\/\/jornaldasoficinas.com\/pt\/wp-content\/uploads\/2020\/01\/alecarpecasbilstein-768x436.png 768w\" sizes=\"auto, (max-width: 1024px) 100vw, 1024px\" \/><\/p>\n<p><strong>Ano novo, nova a\u00e7\u00e3o. A AleCarPe\u00e7as inicia 2020 com uma a\u00e7\u00e3o de promoc\u0327a\u0303o relacionada com os amortecedores Bilstein.<\/strong><\/p>\n<p>A marca germ\u00e2nica foi, uma vez mais, eleita a melhor marca de amortecedores segundo os exigentes padro\u0303es de qualidade alema\u0303es.<\/p>\n<p>\u201cQue melhor forma de comemorar se na\u0303o oferecendo magni\u0301ficos brindes na compra de amortecedores?\u201d, pergunta a empresa liderada por Pedro Rodrigues em comunicado enviado \u00e0 nossa reda\u00e7\u00e3o.<\/p>\n<p>Esta promo\u00e7\u00e3o consiste num exclusivo da <a href=\"https:\/\/alecarpecas.pt\/pt\/home\" target=\"_blank\" rel=\"noopener noreferrer\">AleCarPec\u0327as<\/a> no me\u0302s de janeiro de 2020.<\/p>\n","protected":false},"excerpt":{"rendered":"<p>Ano novo, nova a\u00e7\u00e3o. A AleCarPe\u00e7as&#8230;<\/p>\n","protected":false},"author":15,"featured_media":8220,"comment_status":"closed","ping_status":"closed","sticky":false,"template":"","format":"standard","meta":{"footnotes":""},"categories":[37],"tags":[582,1012],"class_list":["post-8221","post","type-post","status-publish","format-standard","has-post-thumbnail","hentry","category-mercado","tag-alecarpecas","tag-bilstein"],"yoast_head":"<!-- This site is optimized with the Yoast SEO plugin v27.4 - https:\/\/yoast.com\/product\/yoast-seo-wordpress\/ -->\n<title>AleCarPec\u0327as inicia ano novo em comemorac\u0327a\u0303o com a Bilstein - Jornal das Oficinas<\/title>\n<meta name=\"robots\" content=\"index, follow, max-snippet:-1, max-image-preview:large, max-video-preview:-1\" \/>\n<link rel=\"canonical\" href=\"https:\/\/jornaldasoficinas.com\/pt\/alecarpec\u0327as-inicia-ano-novo-em-comemorac\u0327a\u0303o-com-a-bilstein\/\" \/>\n<meta property=\"og:locale\" content=\"pt_PT\" \/>\n<meta property=\"og:type\" content=\"article\" \/>\n<meta property=\"og:title\" content=\"AleCarPec\u0327as inicia ano novo em comemorac\u0327a\u0303o com a Bilstein - Jornal das Oficinas\" \/>\n<meta property=\"og:description\" content=\"Ano novo, nova a\u00e7\u00e3o. A AleCarPe\u00e7as...\" \/>\n<meta property=\"og:url\" content=\"https:\/\/jornaldasoficinas.com\/pt\/alecarpec\u0327as-inicia-ano-novo-em-comemorac\u0327a\u0303o-com-a-bilstein\/\" \/>\n<meta property=\"og:site_name\" content=\"Jornal das Oficinas\" \/>\n<meta property=\"article:publisher\" content=\"https:\/\/www.facebook.com\/jornaloficinas\" \/>\n<meta property=\"article:published_time\" content=\"2020-01-03T18:48:37+00:00\" \/>\n<meta property=\"article:modified_time\" content=\"2021-04-29T17:10:31+00:00\" \/>\n<meta property=\"og:image\" content=\"https:\/\/jornaldasoficinas.com\/pt\/wp-content\/uploads\/2020\/01\/alecarpecasbilstein.png\" \/>\n\t<meta property=\"og:image:width\" content=\"1024\" \/>\n\t<meta property=\"og:image:height\" content=\"581\" \/>\n\t<meta property=\"og:image:type\" content=\"image\/png\" \/>\n<meta name=\"author\" content=\"Reda\u00e7\u00e3o JO\" \/>\n<meta name=\"twitter:card\" content=\"summary_large_image\" \/>\n<meta name=\"twitter:creator\" content=\"@jornaloficinas\" \/>\n<meta name=\"twitter:site\" content=\"@jornaloficinas\" \/>\n<meta name=\"twitter:label1\" content=\"Escrito por\" \/>\n\t<meta name=\"twitter:data1\" content=\"Reda\u00e7\u00e3o JO\" \/>\n<script type=\"application\/ld+json\" class=\"yoast-schema-graph\">{\"@context\":\"https:\\\/\\\/schema.org\",\"@graph\":[{\"@type\":\"Article\",\"@id\":\"https:\\\/\\\/jornaldasoficinas.com\\\/pt\\\/alecarpec%cc%a7as-inicia-ano-novo-em-comemorac%cc%a7a%cc%83o-com-a-bilstein\\\/#article\",\"isPartOf\":{\"@id\":\"https:\\\/\\\/jornaldasoficinas.com\\\/pt\\\/alecarpec%cc%a7as-inicia-ano-novo-em-comemorac%cc%a7a%cc%83o-com-a-bilstein\\\/\"},\"author\":{\"name\":\"Reda\u00e7\u00e3o JO\",\"@id\":\"https:\\\/\\\/jornaldasoficinas.com\\\/pt\\\/#\\\/schema\\\/person\\\/a38eef5de2c41d9e7c9ac10141afddf3\"},\"headline\":\"AleCarPec\u0327as inicia ano novo em comemorac\u0327a\u0303o com a Bilstein\",\"datePublished\":\"2020-01-03T18:48:37+00:00\",\"dateModified\":\"2021-04-29T17:10:31+00:00\",\"mainEntityOfPage\":{\"@id\":\"https:\\\/\\\/jornaldasoficinas.com\\\/pt\\\/alecarpec%cc%a7as-inicia-ano-novo-em-comemorac%cc%a7a%cc%83o-com-a-bilstein\\\/\"},\"wordCount\":101,\"publisher\":{\"@id\":\"https:\\\/\\\/jornaldasoficinas.com\\\/pt\\\/#organization\"},\"image\":{\"@id\":\"https:\\\/\\\/jornaldasoficinas.com\\\/pt\\\/alecarpec%cc%a7as-inicia-ano-novo-em-comemorac%cc%a7a%cc%83o-com-a-bilstein\\\/#primaryimage\"},\"thumbnailUrl\":\"https:\\\/\\\/jornaldasoficinas.com\\\/pt\\\/wp-content\\\/uploads\\\/2020\\\/01\\\/alecarpecasbilstein.png\",\"keywords\":[\"AleCarPe\u00e7as\",\"Bilstein\"],\"articleSection\":[\"Mercado\"],\"inLanguage\":\"pt-PT\"},{\"@type\":\"WebPage\",\"@id\":\"https:\\\/\\\/jornaldasoficinas.com\\\/pt\\\/alecarpec%cc%a7as-inicia-ano-novo-em-comemorac%cc%a7a%cc%83o-com-a-bilstein\\\/\",\"url\":\"https:\\\/\\\/jornaldasoficinas.com\\\/pt\\\/alecarpec%cc%a7as-inicia-ano-novo-em-comemorac%cc%a7a%cc%83o-com-a-bilstein\\\/\",\"name\":\"AleCarPec\u0327as inicia ano novo em comemorac\u0327a\u0303o com a Bilstein - Jornal das Oficinas\",\"isPartOf\":{\"@id\":\"https:\\\/\\\/jornaldasoficinas.com\\\/pt\\\/#website\"},\"primaryImageOfPage\":{\"@id\":\"https:\\\/\\\/jornaldasoficinas.com\\\/pt\\\/alecarpec%cc%a7as-inicia-ano-novo-em-comemorac%cc%a7a%cc%83o-com-a-bilstein\\\/#primaryimage\"},\"image\":{\"@id\":\"https:\\\/\\\/jornaldasoficinas.com\\\/pt\\\/alecarpec%cc%a7as-inicia-ano-novo-em-comemorac%cc%a7a%cc%83o-com-a-bilstein\\\/#primaryimage\"},\"thumbnailUrl\":\"https:\\\/\\\/jornaldasoficinas.com\\\/pt\\\/wp-content\\\/uploads\\\/2020\\\/01\\\/alecarpecasbilstein.png\",\"datePublished\":\"2020-01-03T18:48:37+00:00\",\"dateModified\":\"2021-04-29T17:10:31+00:00\",\"breadcrumb\":{\"@id\":\"https:\\\/\\\/jornaldasoficinas.com\\\/pt\\\/alecarpec%cc%a7as-inicia-ano-novo-em-comemorac%cc%a7a%cc%83o-com-a-bilstein\\\/#breadcrumb\"},\"inLanguage\":\"pt-PT\",\"potentialAction\":[{\"@type\":\"ReadAction\",\"target\":[\"https:\\\/\\\/jornaldasoficinas.com\\\/pt\\\/alecarpec%cc%a7as-inicia-ano-novo-em-comemorac%cc%a7a%cc%83o-com-a-bilstein\\\/\"]}]},{\"@type\":\"ImageObject\",\"inLanguage\":\"pt-PT\",\"@id\":\"https:\\\/\\\/jornaldasoficinas.com\\\/pt\\\/alecarpec%cc%a7as-inicia-ano-novo-em-comemorac%cc%a7a%cc%83o-com-a-bilstein\\\/#primaryimage\",\"url\":\"https:\\\/\\\/jornaldasoficinas.com\\\/pt\\\/wp-content\\\/uploads\\\/2020\\\/01\\\/alecarpecasbilstein.png\",\"contentUrl\":\"https:\\\/\\\/jornaldasoficinas.com\\\/pt\\\/wp-content\\\/uploads\\\/2020\\\/01\\\/alecarpecasbilstein.png\",\"width\":1024,\"height\":581,\"caption\":\"01 - alecarpecasbilstein\"},{\"@type\":\"BreadcrumbList\",\"@id\":\"https:\\\/\\\/jornaldasoficinas.com\\\/pt\\\/alecarpec%cc%a7as-inicia-ano-novo-em-comemorac%cc%a7a%cc%83o-com-a-bilstein\\\/#breadcrumb\",\"itemListElement\":[{\"@type\":\"ListItem\",\"position\":1,\"name\":\"In\u00edcio\",\"item\":\"https:\\\/\\\/jornaldasoficinas.com\\\/pt\\\/\"},{\"@type\":\"ListItem\",\"position\":2,\"name\":\"AleCarPec\u0327as inicia ano novo em comemorac\u0327a\u0303o com a Bilstein\"}]},{\"@type\":\"WebSite\",\"@id\":\"https:\\\/\\\/jornaldasoficinas.com\\\/pt\\\/#website\",\"url\":\"https:\\\/\\\/jornaldasoficinas.com\\\/pt\\\/\",\"name\":\"Jornal das Oficinas\",\"description\":\"Jornal independente do Aftermarket Autom\u00f3vel em Portugal\",\"publisher\":{\"@id\":\"https:\\\/\\\/jornaldasoficinas.com\\\/pt\\\/#organization\"},\"potentialAction\":[{\"@type\":\"SearchAction\",\"target\":{\"@type\":\"EntryPoint\",\"urlTemplate\":\"https:\\\/\\\/jornaldasoficinas.com\\\/pt\\\/?s={search_term_string}\"},\"query-input\":{\"@type\":\"PropertyValueSpecification\",\"valueRequired\":true,\"valueName\":\"search_term_string\"}}],\"inLanguage\":\"pt-PT\"},{\"@type\":\"Organization\",\"@id\":\"https:\\\/\\\/jornaldasoficinas.com\\\/pt\\\/#organization\",\"name\":\"Jornal das Oficinas\",\"url\":\"https:\\\/\\\/jornaldasoficinas.com\\\/pt\\\/\",\"logo\":{\"@type\":\"ImageObject\",\"inLanguage\":\"pt-PT\",\"@id\":\"https:\\\/\\\/jornaldasoficinas.com\\\/pt\\\/#\\\/schema\\\/logo\\\/image\\\/\",\"url\":\"https:\\\/\\\/jornaldasoficinas.com\\\/pt\\\/wp-content\\\/uploads\\\/logoJO-SEO.png\",\"contentUrl\":\"https:\\\/\\\/jornaldasoficinas.com\\\/pt\\\/wp-content\\\/uploads\\\/logoJO-SEO.png\",\"width\":285,\"height\":450,\"caption\":\"Jornal das Oficinas\"},\"image\":{\"@id\":\"https:\\\/\\\/jornaldasoficinas.com\\\/pt\\\/#\\\/schema\\\/logo\\\/image\\\/\"},\"sameAs\":[\"https:\\\/\\\/www.facebook.com\\\/jornaloficinas\",\"https:\\\/\\\/x.com\\\/jornaloficinas\",\"https:\\\/\\\/www.instagram.com\\\/jornal_oficinas\\\/\",\"https:\\\/\\\/www.linkedin.com\\\/company\\\/jornal-das-oficinas\\\/\",\"https:\\\/\\\/www.youtube.com\\\/channel\\\/UCbQZBqtcvV-oSQrr7RzINGg\"]},{\"@type\":\"Person\",\"@id\":\"https:\\\/\\\/jornaldasoficinas.com\\\/pt\\\/#\\\/schema\\\/person\\\/a38eef5de2c41d9e7c9ac10141afddf3\",\"name\":\"Reda\u00e7\u00e3o JO\",\"image\":{\"@type\":\"ImageObject\",\"inLanguage\":\"pt-PT\",\"@id\":\"https:\\\/\\\/secure.gravatar.com\\\/avatar\\\/71f2fa71737ad68a84fea94bc708ddac8ea5b0c4788dc2ad202f3ccb2887742f?s=96&d=wp_user_avatar&r=g\",\"url\":\"https:\\\/\\\/secure.gravatar.com\\\/avatar\\\/71f2fa71737ad68a84fea94bc708ddac8ea5b0c4788dc2ad202f3ccb2887742f?s=96&d=wp_user_avatar&r=g\",\"contentUrl\":\"https:\\\/\\\/secure.gravatar.com\\\/avatar\\\/71f2fa71737ad68a84fea94bc708ddac8ea5b0c4788dc2ad202f3ccb2887742f?s=96&d=wp_user_avatar&r=g\",\"caption\":\"Reda\u00e7\u00e3o JO\"},\"url\":\"https:\\\/\\\/jornaldasoficinas.com\\\/pt\\\/author\\\/joredacao\\\/\"}]}<\/script>\n<!-- \/ Yoast SEO plugin. -->","yoast_head_json":{"title":"AleCarPec\u0327as inicia ano novo em comemorac\u0327a\u0303o com a Bilstein - Jornal das Oficinas","robots":{"index":"index","follow":"follow","max-snippet":"max-snippet:-1","max-image-preview":"max-image-preview:large","max-video-preview":"max-video-preview:-1"},"canonical":"https:\/\/jornaldasoficinas.com\/pt\/alecarpec\u0327as-inicia-ano-novo-em-comemorac\u0327a\u0303o-com-a-bilstein\/","og_locale":"pt_PT","og_type":"article","og_title":"AleCarPec\u0327as inicia ano novo em comemorac\u0327a\u0303o com a Bilstein - Jornal das Oficinas","og_description":"Ano novo, nova a\u00e7\u00e3o. A AleCarPe\u00e7as...","og_url":"https:\/\/jornaldasoficinas.com\/pt\/alecarpec\u0327as-inicia-ano-novo-em-comemorac\u0327a\u0303o-com-a-bilstein\/","og_site_name":"Jornal das Oficinas","article_publisher":"https:\/\/www.facebook.com\/jornaloficinas","article_published_time":"2020-01-03T18:48:37+00:00","article_modified_time":"2021-04-29T17:10:31+00:00","og_image":[{"width":1024,"height":581,"url":"https:\/\/jornaldasoficinas.com\/pt\/wp-content\/uploads\/2020\/01\/alecarpecasbilstein.png","type":"image\/png"}],"author":"Reda\u00e7\u00e3o JO","twitter_card":"summary_large_image","twitter_creator":"@jornaloficinas","twitter_site":"@jornaloficinas","twitter_misc":{"Escrito por":"Reda\u00e7\u00e3o JO"},"schema":{"@context":"https:\/\/schema.org","@graph":[{"@type":"Article","@id":"https:\/\/jornaldasoficinas.com\/pt\/alecarpec%cc%a7as-inicia-ano-novo-em-comemorac%cc%a7a%cc%83o-com-a-bilstein\/#article","isPartOf":{"@id":"https:\/\/jornaldasoficinas.com\/pt\/alecarpec%cc%a7as-inicia-ano-novo-em-comemorac%cc%a7a%cc%83o-com-a-bilstein\/"},"author":{"name":"Reda\u00e7\u00e3o JO","@id":"https:\/\/jornaldasoficinas.com\/pt\/#\/schema\/person\/a38eef5de2c41d9e7c9ac10141afddf3"},"headline":"AleCarPec\u0327as inicia ano novo em comemorac\u0327a\u0303o com a Bilstein","datePublished":"2020-01-03T18:48:37+00:00","dateModified":"2021-04-29T17:10:31+00:00","mainEntityOfPage":{"@id":"https:\/\/jornaldasoficinas.com\/pt\/alecarpec%cc%a7as-inicia-ano-novo-em-comemorac%cc%a7a%cc%83o-com-a-bilstein\/"},"wordCount":101,"publisher":{"@id":"https:\/\/jornaldasoficinas.com\/pt\/#organization"},"image":{"@id":"https:\/\/jornaldasoficinas.com\/pt\/alecarpec%cc%a7as-inicia-ano-novo-em-comemorac%cc%a7a%cc%83o-com-a-bilstein\/#primaryimage"},"thumbnailUrl":"https:\/\/jornaldasoficinas.com\/pt\/wp-content\/uploads\/2020\/01\/alecarpecasbilstein.png","keywords":["AleCarPe\u00e7as","Bilstein"],"articleSection":["Mercado"],"inLanguage":"pt-PT"},{"@type":"WebPage","@id":"https:\/\/jornaldasoficinas.com\/pt\/alecarpec%cc%a7as-inicia-ano-novo-em-comemorac%cc%a7a%cc%83o-com-a-bilstein\/","url":"https:\/\/jornaldasoficinas.com\/pt\/alecarpec%cc%a7as-inicia-ano-novo-em-comemorac%cc%a7a%cc%83o-com-a-bilstein\/","name":"AleCarPec\u0327as inicia ano novo em comemorac\u0327a\u0303o com a Bilstein - Jornal das Oficinas","isPartOf":{"@id":"https:\/\/jornaldasoficinas.com\/pt\/#website"},"primaryImageOfPage":{"@id":"https:\/\/jornaldasoficinas.com\/pt\/alecarpec%cc%a7as-inicia-ano-novo-em-comemorac%cc%a7a%cc%83o-com-a-bilstein\/#primaryimage"},"image":{"@id":"https:\/\/jornaldasoficinas.com\/pt\/alecarpec%cc%a7as-inicia-ano-novo-em-comemorac%cc%a7a%cc%83o-com-a-bilstein\/#primaryimage"},"thumbnailUrl":"https:\/\/jornaldasoficinas.com\/pt\/wp-content\/uploads\/2020\/01\/alecarpecasbilstein.png","datePublished":"2020-01-03T18:48:37+00:00","dateModified":"2021-04-29T17:10:31+00:00","breadcrumb":{"@id":"https:\/\/jornaldasoficinas.com\/pt\/alecarpec%cc%a7as-inicia-ano-novo-em-comemorac%cc%a7a%cc%83o-com-a-bilstein\/#breadcrumb"},"inLanguage":"pt-PT","potentialAction":[{"@type":"ReadAction","target":["https:\/\/jornaldasoficinas.com\/pt\/alecarpec%cc%a7as-inicia-ano-novo-em-comemorac%cc%a7a%cc%83o-com-a-bilstein\/"]}]},{"@type":"ImageObject","inLanguage":"pt-PT","@id":"https:\/\/jornaldasoficinas.com\/pt\/alecarpec%cc%a7as-inicia-ano-novo-em-comemorac%cc%a7a%cc%83o-com-a-bilstein\/#primaryimage","url":"https:\/\/jornaldasoficinas.com\/pt\/wp-content\/uploads\/2020\/01\/alecarpecasbilstein.png","contentUrl":"https:\/\/jornaldasoficinas.com\/pt\/wp-content\/uploads\/2020\/01\/alecarpecasbilstein.png","width":1024,"height":581,"caption":"01 - alecarpecasbilstein"},{"@type":"BreadcrumbList","@id":"https:\/\/jornaldasoficinas.com\/pt\/alecarpec%cc%a7as-inicia-ano-novo-em-comemorac%cc%a7a%cc%83o-com-a-bilstein\/#breadcrumb","itemListElement":[{"@type":"ListItem","position":1,"name":"In\u00edcio","item":"https:\/\/jornaldasoficinas.com\/pt\/"},{"@type":"ListItem","position":2,"name":"AleCarPec\u0327as inicia ano novo em comemorac\u0327a\u0303o com a Bilstein"}]},{"@type":"WebSite","@id":"https:\/\/jornaldasoficinas.com\/pt\/#website","url":"https:\/\/jornaldasoficinas.com\/pt\/","name":"Jornal das Oficinas","description":"Jornal independente do Aftermarket Autom\u00f3vel em Portugal","publisher":{"@id":"https:\/\/jornaldasoficinas.com\/pt\/#organization"},"potentialAction":[{"@type":"SearchAction","target":{"@type":"EntryPoint","urlTemplate":"https:\/\/jornaldasoficinas.com\/pt\/?s={search_term_string}"},"query-input":{"@type":"PropertyValueSpecification","valueRequired":true,"valueName":"search_term_string"}}],"inLanguage":"pt-PT"},{"@type":"Organization","@id":"https:\/\/jornaldasoficinas.com\/pt\/#organization","name":"Jornal das Oficinas","url":"https:\/\/jornaldasoficinas.com\/pt\/","logo":{"@type":"ImageObject","inLanguage":"pt-PT","@id":"https:\/\/jornaldasoficinas.com\/pt\/#\/schema\/logo\/image\/","url":"https:\/\/jornaldasoficinas.com\/pt\/wp-content\/uploads\/logoJO-SEO.png","contentUrl":"https:\/\/jornaldasoficinas.com\/pt\/wp-content\/uploads\/logoJO-SEO.png","width":285,"height":450,"caption":"Jornal das Oficinas"},"image":{"@id":"https:\/\/jornaldasoficinas.com\/pt\/#\/schema\/logo\/image\/"},"sameAs":["https:\/\/www.facebook.com\/jornaloficinas","https:\/\/x.com\/jornaloficinas","https:\/\/www.instagram.com\/jornal_oficinas\/","https:\/\/www.linkedin.com\/company\/jornal-das-oficinas\/","https:\/\/www.youtube.com\/channel\/UCbQZBqtcvV-oSQrr7RzINGg"]},{"@type":"Person","@id":"https:\/\/jornaldasoficinas.com\/pt\/#\/schema\/person\/a38eef5de2c41d9e7c9ac10141afddf3","name":"Reda\u00e7\u00e3o JO","image":{"@type":"ImageObject","inLanguage":"pt-PT","@id":"https:\/\/secure.gravatar.com\/avatar\/71f2fa71737ad68a84fea94bc708ddac8ea5b0c4788dc2ad202f3ccb2887742f?s=96&d=wp_user_avatar&r=g","url":"https:\/\/secure.gravatar.com\/avatar\/71f2fa71737ad68a84fea94bc708ddac8ea5b0c4788dc2ad202f3ccb2887742f?s=96&d=wp_user_avatar&r=g","contentUrl":"https:\/\/secure.gravatar.com\/avatar\/71f2fa71737ad68a84fea94bc708ddac8ea5b0c4788dc2ad202f3ccb2887742f?s=96&d=wp_user_avatar&r=g","caption":"Reda\u00e7\u00e3o JO"},"url":"https:\/\/jornaldasoficinas.com\/pt\/author\/joredacao\/"}]}},"_links":{"self":[{"href":"https:\/\/jornaldasoficinas.com\/pt\/wp-json\/wp\/v2\/posts\/8221","targetHints":{"allow":["GET"]}}],"collection":[{"href":"https:\/\/jornaldasoficinas.com\/pt\/wp-json\/wp\/v2\/posts"}],"about":[{"href":"https:\/\/jornaldasoficinas.com\/pt\/wp-json\/wp\/v2\/types\/post"}],"author":[{"embeddable":true,"href":"https:\/\/jornaldasoficinas.com\/pt\/wp-json\/wp\/v2\/users\/15"}],"replies":[{"embeddable":true,"href":"https:\/\/jornaldasoficinas.com\/pt\/wp-json\/wp\/v2\/comments?post=8221"}],"version-history":[{"count":0,"href":"https:\/\/jornaldasoficinas.com\/pt\/wp-json\/wp\/v2\/posts\/8221\/revisions"}],"wp:featuredmedia":[{"embeddable":true,"href":"https:\/\/jornaldasoficinas.com\/pt\/wp-json\/wp\/v2\/media\/8220"}],"wp:attachment":[{"href":"https:\/\/jornaldasoficinas.com\/pt\/wp-json\/wp\/v2\/media?parent=8221"}],"wp:term":[{"taxonomy":"category","embeddable":true,"href":"https:\/\/jornaldasoficinas.com\/pt\/wp-json\/wp\/v2\/categories?post=8221"},{"taxonomy":"post_tag","embeddable":true,"href":"https:\/\/jornaldasoficinas.com\/pt\/wp-json\/wp\/v2\/tags?post=8221"}],"curies":[{"name":"wp","href":"https:\/\/api.w.org\/{rel}","templated":true}]}}