{"id":82311,"date":"2024-04-08T16:00:29","date_gmt":"2024-04-08T15:00:29","guid":{"rendered":"https:\/\/jornaldasoficinas.com\/pt\/?p=82311"},"modified":"2024-04-08T14:10:10","modified_gmt":"2024-04-08T13:10:10","slug":"salvador-caetano-auto-assume-distribuicao-da-xpeng","status":"publish","type":"post","link":"https:\/\/jornaldasoficinas.com\/pt\/salvador-caetano-auto-assume-distribuicao-da-xpeng\/","title":{"rendered":"Salvador Caetano Auto assume distribui\u00e7\u00e3o da XPENG"},"content":{"rendered":"<p><img loading=\"lazy\" decoding=\"async\" class=\"alignnone size-full wp-image-82310\" src=\"https:\/\/jornaldasoficinas.com\/pt\/wp-content\/uploads\/2024\/04\/SC_Xpeng_SergioRibeiro_BrianHongdiGu_.jpg\" alt=\"04 - SC_Xpeng_SergioRibeiro_BrianHongdiGu_\" width=\"1024\" height=\"581\" srcset=\"https:\/\/jornaldasoficinas.com\/pt\/wp-content\/uploads\/2024\/04\/SC_Xpeng_SergioRibeiro_BrianHongdiGu_.jpg 1024w, https:\/\/jornaldasoficinas.com\/pt\/wp-content\/uploads\/2024\/04\/SC_Xpeng_SergioRibeiro_BrianHongdiGu_-300x170.jpg 300w, https:\/\/jornaldasoficinas.com\/pt\/wp-content\/uploads\/2024\/04\/SC_Xpeng_SergioRibeiro_BrianHongdiGu_-150x85.jpg 150w, https:\/\/jornaldasoficinas.com\/pt\/wp-content\/uploads\/2024\/04\/SC_Xpeng_SergioRibeiro_BrianHongdiGu_-768x436.jpg 768w\" sizes=\"auto, (max-width: 1024px) 100vw, 1024px\" \/><\/p>\n<p><strong>A comercializa\u00e7\u00e3o dos ve\u00edculos el\u00e9tricos <a href=\"https:\/\/www.xpeng.com\/\">XPENG<\/a> ir\u00e1 ocorrer j\u00e1 em 2024 no mercado portugu\u00eas e espanhol, atrav\u00e9s da <a href=\"https:\/\/salvadorcaetano.pt\/\" target=\"_blank\" rel=\"noopener\">Salvador Caetano Auto<\/a><\/strong><\/p>\n<p>A Salvador Caetano Auto, l\u00edder na distribui\u00e7\u00e3o e importa\u00e7\u00e3o de ve\u00edculos, chegou a um acordo estrat\u00e9gico para importa\u00e7\u00e3o e distribui\u00e7\u00e3o da XPENG \u2013 marca chinesa l\u00edder e pioneira nas tecnologias de ve\u00edculos el\u00e9tricos inteligentes. Esta colabora\u00e7\u00e3o permitir\u00e1 que os ve\u00edculos el\u00e9tricos XPENG, h\u00e1 muito aguardados pelos consumidores, sejam vendidos nos mercados portugu\u00eas e espanhol durante 2024.<\/p>\n<p>A XPENG, fundada em 2014, aposta na utiliza\u00e7\u00e3o de tecnologias inteligentes como ponto de viragem para a mobilidade do futuro. No in\u00edcio do ano passado, a XPENG anunciou a sua inten\u00e7\u00e3o de estabelecer uma presen\u00e7a em v\u00e1rios mercados europeus, do M\u00e9dio Oriente e de \u00c1frica, no \u00e2mbito da estrat\u00e9gia &#8220;Go Abroad 2.0&#8221;, que re\u00fane parceiros e distribuidores que partilham a vis\u00e3o de oferecer a melhor tecnologia inteligente em carros el\u00e9tricos e a melhor experi\u00eancia e qualidade de servi\u00e7o para todos os consumidores.<\/p>\n<p>&#8220;Estamos muito orgulhosos de ter a Salvador Caetano como nosso parceiro estrat\u00e9gico em Espanha e Portugal, mercados muito importantes para a XPENG&#8221;, referiu Brian Hongdi Gu, vice-presidente do Conselho de Administra\u00e7\u00e3o e presidente da XPENG.<\/p>\n<p>&#8220;A experi\u00eancia internacional com longo hist\u00f3rico na distribui\u00e7\u00e3o de marcas na Europa, Am\u00e9rica do Sul e \u00c1frica, posiciona-a como a melhor escolha para garantir representa\u00e7\u00e3o da XPENG na Pen\u00ednsula Ib\u00e9rica, bem como explorar futuras parcerias&#8221;, acrescentou.<\/p>\n<p>&#8220;Esta alian\u00e7a estrat\u00e9gica estabelece as bases para uma parceria s\u00f3lida entre a XPENG e a Salvador Caetano Auto que nos permitir\u00e1 oferecer rapidamente os autom\u00f3veis el\u00e9tricos tecnologicamente avan\u00e7ados da XPENG no mercado da Pen\u00ednsula Ib\u00e9rica, gra\u00e7as \u00e0 implementa\u00e7\u00e3o em cada mercado, com total foco nas necessidades dos nossos clientes&#8221;, destacou S\u00e9rgio Ribeiro, administrador executivo da Salvador Caetano Auto &amp; CEO da distribui\u00e7\u00e3o autom\u00f3vel internacional.<\/p>\n","protected":false},"excerpt":{"rendered":"<p>A comercializa\u00e7\u00e3o dos ve\u00edculos el\u00e9tricos XPENG&#8230;<\/p>\n","protected":false},"author":15,"featured_media":82310,"comment_status":"closed","ping_status":"closed","sticky":false,"template":"","format":"standard","meta":{"footnotes":""},"categories":[29],"tags":[8360,205,4208,8361,5957,8362,89,8359],"class_list":["post-82311","post","type-post","status-publish","format-standard","has-post-thumbnail","hentry","category-empresas","tag-acordo-estrategico","tag-distribuicao","tag-importacao","tag-mobilidade-do-futuro","tag-salvador-caetano-auto","tag-tecnologia-inteligente","tag-veiculos-eletricos","tag-xpeng"],"yoast_head":"<!-- This site is optimized with the Yoast SEO plugin v27.4 - https:\/\/yoast.com\/product\/yoast-seo-wordpress\/ -->\n<title>Salvador Caetano Auto assume distribui\u00e7\u00e3o da XPENG - Jornal das Oficinas<\/title>\n<meta name=\"description\" content=\"A comercializa\u00e7\u00e3o dos ve\u00edculos el\u00e9tricos XPENG ir\u00e1 ocorrer j\u00e1 em 2024 no mercado portugu\u00eas e espanhol, atrav\u00e9s da Salvador Caetano Auto\" \/>\n<meta name=\"robots\" content=\"index, follow, max-snippet:-1, max-image-preview:large, max-video-preview:-1\" \/>\n<link rel=\"canonical\" href=\"https:\/\/jornaldasoficinas.com\/pt\/salvador-caetano-auto-assume-distribuicao-da-xpeng\/\" \/>\n<meta property=\"og:locale\" content=\"pt_PT\" \/>\n<meta property=\"og:type\" content=\"article\" \/>\n<meta property=\"og:title\" content=\"Salvador Caetano Auto assume distribui\u00e7\u00e3o da XPENG - Jornal das Oficinas\" \/>\n<meta property=\"og:description\" content=\"A comercializa\u00e7\u00e3o dos ve\u00edculos el\u00e9tricos XPENG ir\u00e1 ocorrer j\u00e1 em 2024 no mercado portugu\u00eas e espanhol, atrav\u00e9s da Salvador Caetano Auto\" \/>\n<meta property=\"og:url\" content=\"https:\/\/jornaldasoficinas.com\/pt\/salvador-caetano-auto-assume-distribuicao-da-xpeng\/\" \/>\n<meta property=\"og:site_name\" content=\"Jornal das Oficinas\" \/>\n<meta property=\"article:publisher\" content=\"https:\/\/www.facebook.com\/jornaloficinas\" \/>\n<meta property=\"article:published_time\" content=\"2024-04-08T15:00:29+00:00\" \/>\n<meta property=\"og:image\" content=\"https:\/\/jornaldasoficinas.com\/pt\/wp-content\/uploads\/2024\/04\/SC_Xpeng_SergioRibeiro_BrianHongdiGu_.jpg\" \/>\n\t<meta property=\"og:image:width\" content=\"1024\" \/>\n\t<meta property=\"og:image:height\" content=\"581\" \/>\n\t<meta property=\"og:image:type\" content=\"image\/jpeg\" \/>\n<meta name=\"author\" content=\"Reda\u00e7\u00e3o JO\" \/>\n<meta name=\"twitter:card\" content=\"summary_large_image\" \/>\n<meta name=\"twitter:creator\" content=\"@jornaloficinas\" \/>\n<meta name=\"twitter:site\" content=\"@jornaloficinas\" \/>\n<meta name=\"twitter:label1\" content=\"Escrito por\" \/>\n\t<meta name=\"twitter:data1\" content=\"Reda\u00e7\u00e3o JO\" \/>\n\t<meta name=\"twitter:label2\" content=\"Tempo estimado de leitura\" \/>\n\t<meta name=\"twitter:data2\" content=\"3 minutos\" \/>\n<script type=\"application\/ld+json\" class=\"yoast-schema-graph\">{\"@context\":\"https:\\\/\\\/schema.org\",\"@graph\":[{\"@type\":\"Article\",\"@id\":\"https:\\\/\\\/jornaldasoficinas.com\\\/pt\\\/salvador-caetano-auto-assume-distribuicao-da-xpeng\\\/#article\",\"isPartOf\":{\"@id\":\"https:\\\/\\\/jornaldasoficinas.com\\\/pt\\\/salvador-caetano-auto-assume-distribuicao-da-xpeng\\\/\"},\"author\":{\"name\":\"Reda\u00e7\u00e3o JO\",\"@id\":\"https:\\\/\\\/jornaldasoficinas.com\\\/pt\\\/#\\\/schema\\\/person\\\/a38eef5de2c41d9e7c9ac10141afddf3\"},\"headline\":\"Salvador Caetano Auto assume distribui\u00e7\u00e3o da XPENG\",\"datePublished\":\"2024-04-08T15:00:29+00:00\",\"mainEntityOfPage\":{\"@id\":\"https:\\\/\\\/jornaldasoficinas.com\\\/pt\\\/salvador-caetano-auto-assume-distribuicao-da-xpeng\\\/\"},\"wordCount\":349,\"publisher\":{\"@id\":\"https:\\\/\\\/jornaldasoficinas.com\\\/pt\\\/#organization\"},\"image\":{\"@id\":\"https:\\\/\\\/jornaldasoficinas.com\\\/pt\\\/salvador-caetano-auto-assume-distribuicao-da-xpeng\\\/#primaryimage\"},\"thumbnailUrl\":\"https:\\\/\\\/jornaldasoficinas.com\\\/pt\\\/wp-content\\\/uploads\\\/2024\\\/04\\\/SC_Xpeng_SergioRibeiro_BrianHongdiGu_.jpg\",\"keywords\":[\"acordo estrat\u00e9gico\",\"Distribui\u00e7\u00e3o\",\"Importa\u00e7\u00e3o\",\"mobilidade do futuro\",\"Salvador Caetano Auto\",\"tecnologia inteligente\",\"Ve\u00edculos el\u00e9tricos\",\"XPENG\"],\"articleSection\":[\"Empresas\"],\"inLanguage\":\"pt-PT\"},{\"@type\":\"WebPage\",\"@id\":\"https:\\\/\\\/jornaldasoficinas.com\\\/pt\\\/salvador-caetano-auto-assume-distribuicao-da-xpeng\\\/\",\"url\":\"https:\\\/\\\/jornaldasoficinas.com\\\/pt\\\/salvador-caetano-auto-assume-distribuicao-da-xpeng\\\/\",\"name\":\"Salvador Caetano Auto assume distribui\u00e7\u00e3o da XPENG - Jornal das Oficinas\",\"isPartOf\":{\"@id\":\"https:\\\/\\\/jornaldasoficinas.com\\\/pt\\\/#website\"},\"primaryImageOfPage\":{\"@id\":\"https:\\\/\\\/jornaldasoficinas.com\\\/pt\\\/salvador-caetano-auto-assume-distribuicao-da-xpeng\\\/#primaryimage\"},\"image\":{\"@id\":\"https:\\\/\\\/jornaldasoficinas.com\\\/pt\\\/salvador-caetano-auto-assume-distribuicao-da-xpeng\\\/#primaryimage\"},\"thumbnailUrl\":\"https:\\\/\\\/jornaldasoficinas.com\\\/pt\\\/wp-content\\\/uploads\\\/2024\\\/04\\\/SC_Xpeng_SergioRibeiro_BrianHongdiGu_.jpg\",\"datePublished\":\"2024-04-08T15:00:29+00:00\",\"description\":\"A comercializa\u00e7\u00e3o dos ve\u00edculos el\u00e9tricos XPENG ir\u00e1 ocorrer j\u00e1 em 2024 no mercado portugu\u00eas e espanhol, atrav\u00e9s da Salvador Caetano Auto\",\"breadcrumb\":{\"@id\":\"https:\\\/\\\/jornaldasoficinas.com\\\/pt\\\/salvador-caetano-auto-assume-distribuicao-da-xpeng\\\/#breadcrumb\"},\"inLanguage\":\"pt-PT\",\"potentialAction\":[{\"@type\":\"ReadAction\",\"target\":[\"https:\\\/\\\/jornaldasoficinas.com\\\/pt\\\/salvador-caetano-auto-assume-distribuicao-da-xpeng\\\/\"]}]},{\"@type\":\"ImageObject\",\"inLanguage\":\"pt-PT\",\"@id\":\"https:\\\/\\\/jornaldasoficinas.com\\\/pt\\\/salvador-caetano-auto-assume-distribuicao-da-xpeng\\\/#primaryimage\",\"url\":\"https:\\\/\\\/jornaldasoficinas.com\\\/pt\\\/wp-content\\\/uploads\\\/2024\\\/04\\\/SC_Xpeng_SergioRibeiro_BrianHongdiGu_.jpg\",\"contentUrl\":\"https:\\\/\\\/jornaldasoficinas.com\\\/pt\\\/wp-content\\\/uploads\\\/2024\\\/04\\\/SC_Xpeng_SergioRibeiro_BrianHongdiGu_.jpg\",\"width\":1024,\"height\":581,\"caption\":\"Salvador Caetano Auto assume distribui\u00e7\u00e3o da XPENG na Pen\u00ednsula Ib\u00e9rica\"},{\"@type\":\"BreadcrumbList\",\"@id\":\"https:\\\/\\\/jornaldasoficinas.com\\\/pt\\\/salvador-caetano-auto-assume-distribuicao-da-xpeng\\\/#breadcrumb\",\"itemListElement\":[{\"@type\":\"ListItem\",\"position\":1,\"name\":\"In\u00edcio\",\"item\":\"https:\\\/\\\/jornaldasoficinas.com\\\/pt\\\/\"},{\"@type\":\"ListItem\",\"position\":2,\"name\":\"Salvador Caetano Auto assume distribui\u00e7\u00e3o da XPENG\"}]},{\"@type\":\"WebSite\",\"@id\":\"https:\\\/\\\/jornaldasoficinas.com\\\/pt\\\/#website\",\"url\":\"https:\\\/\\\/jornaldasoficinas.com\\\/pt\\\/\",\"name\":\"Jornal das Oficinas\",\"description\":\"Jornal independente do Aftermarket Autom\u00f3vel em Portugal\",\"publisher\":{\"@id\":\"https:\\\/\\\/jornaldasoficinas.com\\\/pt\\\/#organization\"},\"potentialAction\":[{\"@type\":\"SearchAction\",\"target\":{\"@type\":\"EntryPoint\",\"urlTemplate\":\"https:\\\/\\\/jornaldasoficinas.com\\\/pt\\\/?s={search_term_string}\"},\"query-input\":{\"@type\":\"PropertyValueSpecification\",\"valueRequired\":true,\"valueName\":\"search_term_string\"}}],\"inLanguage\":\"pt-PT\"},{\"@type\":\"Organization\",\"@id\":\"https:\\\/\\\/jornaldasoficinas.com\\\/pt\\\/#organization\",\"name\":\"Jornal das Oficinas\",\"url\":\"https:\\\/\\\/jornaldasoficinas.com\\\/pt\\\/\",\"logo\":{\"@type\":\"ImageObject\",\"inLanguage\":\"pt-PT\",\"@id\":\"https:\\\/\\\/jornaldasoficinas.com\\\/pt\\\/#\\\/schema\\\/logo\\\/image\\\/\",\"url\":\"https:\\\/\\\/jornaldasoficinas.com\\\/pt\\\/wp-content\\\/uploads\\\/logoJO-SEO.png\",\"contentUrl\":\"https:\\\/\\\/jornaldasoficinas.com\\\/pt\\\/wp-content\\\/uploads\\\/logoJO-SEO.png\",\"width\":285,\"height\":450,\"caption\":\"Jornal das Oficinas\"},\"image\":{\"@id\":\"https:\\\/\\\/jornaldasoficinas.com\\\/pt\\\/#\\\/schema\\\/logo\\\/image\\\/\"},\"sameAs\":[\"https:\\\/\\\/www.facebook.com\\\/jornaloficinas\",\"https:\\\/\\\/x.com\\\/jornaloficinas\",\"https:\\\/\\\/www.instagram.com\\\/jornal_oficinas\\\/\",\"https:\\\/\\\/www.linkedin.com\\\/company\\\/jornal-das-oficinas\\\/\",\"https:\\\/\\\/www.youtube.com\\\/channel\\\/UCbQZBqtcvV-oSQrr7RzINGg\"]},{\"@type\":\"Person\",\"@id\":\"https:\\\/\\\/jornaldasoficinas.com\\\/pt\\\/#\\\/schema\\\/person\\\/a38eef5de2c41d9e7c9ac10141afddf3\",\"name\":\"Reda\u00e7\u00e3o JO\",\"image\":{\"@type\":\"ImageObject\",\"inLanguage\":\"pt-PT\",\"@id\":\"https:\\\/\\\/secure.gravatar.com\\\/avatar\\\/71f2fa71737ad68a84fea94bc708ddac8ea5b0c4788dc2ad202f3ccb2887742f?s=96&d=wp_user_avatar&r=g\",\"url\":\"https:\\\/\\\/secure.gravatar.com\\\/avatar\\\/71f2fa71737ad68a84fea94bc708ddac8ea5b0c4788dc2ad202f3ccb2887742f?s=96&d=wp_user_avatar&r=g\",\"contentUrl\":\"https:\\\/\\\/secure.gravatar.com\\\/avatar\\\/71f2fa71737ad68a84fea94bc708ddac8ea5b0c4788dc2ad202f3ccb2887742f?s=96&d=wp_user_avatar&r=g\",\"caption\":\"Reda\u00e7\u00e3o JO\"},\"url\":\"https:\\\/\\\/jornaldasoficinas.com\\\/pt\\\/author\\\/joredacao\\\/\"}]}<\/script>\n<!-- \/ Yoast SEO plugin. -->","yoast_head_json":{"title":"Salvador Caetano Auto assume distribui\u00e7\u00e3o da XPENG - Jornal das Oficinas","description":"A comercializa\u00e7\u00e3o dos ve\u00edculos el\u00e9tricos XPENG ir\u00e1 ocorrer j\u00e1 em 2024 no mercado portugu\u00eas e espanhol, atrav\u00e9s da Salvador Caetano Auto","robots":{"index":"index","follow":"follow","max-snippet":"max-snippet:-1","max-image-preview":"max-image-preview:large","max-video-preview":"max-video-preview:-1"},"canonical":"https:\/\/jornaldasoficinas.com\/pt\/salvador-caetano-auto-assume-distribuicao-da-xpeng\/","og_locale":"pt_PT","og_type":"article","og_title":"Salvador Caetano Auto assume distribui\u00e7\u00e3o da XPENG - Jornal das Oficinas","og_description":"A comercializa\u00e7\u00e3o dos ve\u00edculos el\u00e9tricos XPENG ir\u00e1 ocorrer j\u00e1 em 2024 no mercado portugu\u00eas e espanhol, atrav\u00e9s da Salvador Caetano Auto","og_url":"https:\/\/jornaldasoficinas.com\/pt\/salvador-caetano-auto-assume-distribuicao-da-xpeng\/","og_site_name":"Jornal das Oficinas","article_publisher":"https:\/\/www.facebook.com\/jornaloficinas","article_published_time":"2024-04-08T15:00:29+00:00","og_image":[{"width":1024,"height":581,"url":"https:\/\/jornaldasoficinas.com\/pt\/wp-content\/uploads\/2024\/04\/SC_Xpeng_SergioRibeiro_BrianHongdiGu_.jpg","type":"image\/jpeg"}],"author":"Reda\u00e7\u00e3o JO","twitter_card":"summary_large_image","twitter_creator":"@jornaloficinas","twitter_site":"@jornaloficinas","twitter_misc":{"Escrito por":"Reda\u00e7\u00e3o JO","Tempo estimado de leitura":"3 minutos"},"schema":{"@context":"https:\/\/schema.org","@graph":[{"@type":"Article","@id":"https:\/\/jornaldasoficinas.com\/pt\/salvador-caetano-auto-assume-distribuicao-da-xpeng\/#article","isPartOf":{"@id":"https:\/\/jornaldasoficinas.com\/pt\/salvador-caetano-auto-assume-distribuicao-da-xpeng\/"},"author":{"name":"Reda\u00e7\u00e3o JO","@id":"https:\/\/jornaldasoficinas.com\/pt\/#\/schema\/person\/a38eef5de2c41d9e7c9ac10141afddf3"},"headline":"Salvador Caetano Auto assume distribui\u00e7\u00e3o da XPENG","datePublished":"2024-04-08T15:00:29+00:00","mainEntityOfPage":{"@id":"https:\/\/jornaldasoficinas.com\/pt\/salvador-caetano-auto-assume-distribuicao-da-xpeng\/"},"wordCount":349,"publisher":{"@id":"https:\/\/jornaldasoficinas.com\/pt\/#organization"},"image":{"@id":"https:\/\/jornaldasoficinas.com\/pt\/salvador-caetano-auto-assume-distribuicao-da-xpeng\/#primaryimage"},"thumbnailUrl":"https:\/\/jornaldasoficinas.com\/pt\/wp-content\/uploads\/2024\/04\/SC_Xpeng_SergioRibeiro_BrianHongdiGu_.jpg","keywords":["acordo estrat\u00e9gico","Distribui\u00e7\u00e3o","Importa\u00e7\u00e3o","mobilidade do futuro","Salvador Caetano Auto","tecnologia inteligente","Ve\u00edculos el\u00e9tricos","XPENG"],"articleSection":["Empresas"],"inLanguage":"pt-PT"},{"@type":"WebPage","@id":"https:\/\/jornaldasoficinas.com\/pt\/salvador-caetano-auto-assume-distribuicao-da-xpeng\/","url":"https:\/\/jornaldasoficinas.com\/pt\/salvador-caetano-auto-assume-distribuicao-da-xpeng\/","name":"Salvador Caetano Auto assume distribui\u00e7\u00e3o da XPENG - Jornal das Oficinas","isPartOf":{"@id":"https:\/\/jornaldasoficinas.com\/pt\/#website"},"primaryImageOfPage":{"@id":"https:\/\/jornaldasoficinas.com\/pt\/salvador-caetano-auto-assume-distribuicao-da-xpeng\/#primaryimage"},"image":{"@id":"https:\/\/jornaldasoficinas.com\/pt\/salvador-caetano-auto-assume-distribuicao-da-xpeng\/#primaryimage"},"thumbnailUrl":"https:\/\/jornaldasoficinas.com\/pt\/wp-content\/uploads\/2024\/04\/SC_Xpeng_SergioRibeiro_BrianHongdiGu_.jpg","datePublished":"2024-04-08T15:00:29+00:00","description":"A comercializa\u00e7\u00e3o dos ve\u00edculos el\u00e9tricos XPENG ir\u00e1 ocorrer j\u00e1 em 2024 no mercado portugu\u00eas e espanhol, atrav\u00e9s da Salvador Caetano Auto","breadcrumb":{"@id":"https:\/\/jornaldasoficinas.com\/pt\/salvador-caetano-auto-assume-distribuicao-da-xpeng\/#breadcrumb"},"inLanguage":"pt-PT","potentialAction":[{"@type":"ReadAction","target":["https:\/\/jornaldasoficinas.com\/pt\/salvador-caetano-auto-assume-distribuicao-da-xpeng\/"]}]},{"@type":"ImageObject","inLanguage":"pt-PT","@id":"https:\/\/jornaldasoficinas.com\/pt\/salvador-caetano-auto-assume-distribuicao-da-xpeng\/#primaryimage","url":"https:\/\/jornaldasoficinas.com\/pt\/wp-content\/uploads\/2024\/04\/SC_Xpeng_SergioRibeiro_BrianHongdiGu_.jpg","contentUrl":"https:\/\/jornaldasoficinas.com\/pt\/wp-content\/uploads\/2024\/04\/SC_Xpeng_SergioRibeiro_BrianHongdiGu_.jpg","width":1024,"height":581,"caption":"Salvador Caetano Auto assume distribui\u00e7\u00e3o da XPENG na Pen\u00ednsula Ib\u00e9rica"},{"@type":"BreadcrumbList","@id":"https:\/\/jornaldasoficinas.com\/pt\/salvador-caetano-auto-assume-distribuicao-da-xpeng\/#breadcrumb","itemListElement":[{"@type":"ListItem","position":1,"name":"In\u00edcio","item":"https:\/\/jornaldasoficinas.com\/pt\/"},{"@type":"ListItem","position":2,"name":"Salvador Caetano Auto assume distribui\u00e7\u00e3o da XPENG"}]},{"@type":"WebSite","@id":"https:\/\/jornaldasoficinas.com\/pt\/#website","url":"https:\/\/jornaldasoficinas.com\/pt\/","name":"Jornal das Oficinas","description":"Jornal independente do Aftermarket Autom\u00f3vel em Portugal","publisher":{"@id":"https:\/\/jornaldasoficinas.com\/pt\/#organization"},"potentialAction":[{"@type":"SearchAction","target":{"@type":"EntryPoint","urlTemplate":"https:\/\/jornaldasoficinas.com\/pt\/?s={search_term_string}"},"query-input":{"@type":"PropertyValueSpecification","valueRequired":true,"valueName":"search_term_string"}}],"inLanguage":"pt-PT"},{"@type":"Organization","@id":"https:\/\/jornaldasoficinas.com\/pt\/#organization","name":"Jornal das Oficinas","url":"https:\/\/jornaldasoficinas.com\/pt\/","logo":{"@type":"ImageObject","inLanguage":"pt-PT","@id":"https:\/\/jornaldasoficinas.com\/pt\/#\/schema\/logo\/image\/","url":"https:\/\/jornaldasoficinas.com\/pt\/wp-content\/uploads\/logoJO-SEO.png","contentUrl":"https:\/\/jornaldasoficinas.com\/pt\/wp-content\/uploads\/logoJO-SEO.png","width":285,"height":450,"caption":"Jornal das Oficinas"},"image":{"@id":"https:\/\/jornaldasoficinas.com\/pt\/#\/schema\/logo\/image\/"},"sameAs":["https:\/\/www.facebook.com\/jornaloficinas","https:\/\/x.com\/jornaloficinas","https:\/\/www.instagram.com\/jornal_oficinas\/","https:\/\/www.linkedin.com\/company\/jornal-das-oficinas\/","https:\/\/www.youtube.com\/channel\/UCbQZBqtcvV-oSQrr7RzINGg"]},{"@type":"Person","@id":"https:\/\/jornaldasoficinas.com\/pt\/#\/schema\/person\/a38eef5de2c41d9e7c9ac10141afddf3","name":"Reda\u00e7\u00e3o JO","image":{"@type":"ImageObject","inLanguage":"pt-PT","@id":"https:\/\/secure.gravatar.com\/avatar\/71f2fa71737ad68a84fea94bc708ddac8ea5b0c4788dc2ad202f3ccb2887742f?s=96&d=wp_user_avatar&r=g","url":"https:\/\/secure.gravatar.com\/avatar\/71f2fa71737ad68a84fea94bc708ddac8ea5b0c4788dc2ad202f3ccb2887742f?s=96&d=wp_user_avatar&r=g","contentUrl":"https:\/\/secure.gravatar.com\/avatar\/71f2fa71737ad68a84fea94bc708ddac8ea5b0c4788dc2ad202f3ccb2887742f?s=96&d=wp_user_avatar&r=g","caption":"Reda\u00e7\u00e3o JO"},"url":"https:\/\/jornaldasoficinas.com\/pt\/author\/joredacao\/"}]}},"_links":{"self":[{"href":"https:\/\/jornaldasoficinas.com\/pt\/wp-json\/wp\/v2\/posts\/82311","targetHints":{"allow":["GET"]}}],"collection":[{"href":"https:\/\/jornaldasoficinas.com\/pt\/wp-json\/wp\/v2\/posts"}],"about":[{"href":"https:\/\/jornaldasoficinas.com\/pt\/wp-json\/wp\/v2\/types\/post"}],"author":[{"embeddable":true,"href":"https:\/\/jornaldasoficinas.com\/pt\/wp-json\/wp\/v2\/users\/15"}],"replies":[{"embeddable":true,"href":"https:\/\/jornaldasoficinas.com\/pt\/wp-json\/wp\/v2\/comments?post=82311"}],"version-history":[{"count":0,"href":"https:\/\/jornaldasoficinas.com\/pt\/wp-json\/wp\/v2\/posts\/82311\/revisions"}],"wp:featuredmedia":[{"embeddable":true,"href":"https:\/\/jornaldasoficinas.com\/pt\/wp-json\/wp\/v2\/media\/82310"}],"wp:attachment":[{"href":"https:\/\/jornaldasoficinas.com\/pt\/wp-json\/wp\/v2\/media?parent=82311"}],"wp:term":[{"taxonomy":"category","embeddable":true,"href":"https:\/\/jornaldasoficinas.com\/pt\/wp-json\/wp\/v2\/categories?post=82311"},{"taxonomy":"post_tag","embeddable":true,"href":"https:\/\/jornaldasoficinas.com\/pt\/wp-json\/wp\/v2\/tags?post=82311"}],"curies":[{"name":"wp","href":"https:\/\/api.w.org\/{rel}","templated":true}]}}