{"id":8244,"date":"2020-01-06T08:35:55","date_gmt":"2020-01-06T08:35:55","guid":{"rendered":"https:\/\/jornaldasoficinas.com\/pt\/?p=8244"},"modified":"2023-07-19T15:58:02","modified_gmt":"2023-07-19T14:58:02","slug":"xavi-foj-alinha-naquele-que-e-o-seu-30-rally-dakar","status":"publish","type":"post","link":"https:\/\/jornaldasoficinas.com\/pt\/xavi-foj-alinha-naquele-que-e-o-seu-30-rally-dakar\/","title":{"rendered":"Xavi Foj alinha naquele que \u00e9 o seu 30.\u00b0 Rally Dakar"},"content":{"rendered":"<p><img loading=\"lazy\" decoding=\"async\" class=\"alignnone wp-image-8238 size-full\" src=\"https:\/\/jornaldasoficinas.com\/pt\/wp-content\/uploads\/2020\/01\/fojdakar.png\" alt=\"01 - fojdakar\" width=\"1024\" height=\"581\" srcset=\"https:\/\/jornaldasoficinas.com\/pt\/wp-content\/uploads\/2020\/01\/fojdakar.png 1024w, https:\/\/jornaldasoficinas.com\/pt\/wp-content\/uploads\/2020\/01\/fojdakar-300x170.png 300w, https:\/\/jornaldasoficinas.com\/pt\/wp-content\/uploads\/2020\/01\/fojdakar-150x85.png 150w, https:\/\/jornaldasoficinas.com\/pt\/wp-content\/uploads\/2020\/01\/fojdakar-768x436.png 768w\" sizes=\"auto, (max-width: 1024px) 100vw, 1024px\" \/><\/p>\n<p><strong>Ontem, dia 5 de janeiro, a edi\u00e7\u00e3o de 2020 do Rally Dakar arrancou em Jeddah, naquela que \u00e9 a primeira vez que a mais dura prova de todo-o-terreno do mundo se realiza na Ar\u00e1bia Saudita e na \u00c1sia.<\/strong><\/p>\n<p>A 17 de janeiro, apenas dois pilotos, um de carro e outro de moto, ser\u00e3o coroados como os reis da corrida mais exigente do mundo. Entre os concorrentes, est\u00e1 Xavi Foj, o piloto espanhol com mais edi\u00e7\u00f5es do Dakar, que compete para superar o objetivo de Qiddiya.<\/p>\n<p>Em 2020, a equipa espanhola \u00e9 mais numerosa do que nos \u00faltimos anos, na Am\u00e9rica do Sul. Na categoria de carros, existem 86 pilotos registrados, dos quais 13 s\u00e3o espanh\u00f3is. O catal\u00e3o Xavi Foj enfrenta o seu 30.\u00b0 <a href=\"https:\/\/www.dakar.com\/en\/\" target=\"_blank\" rel=\"noopener noreferrer\">Rally Dakar<\/a>, um marco entre os concorrentes espanh\u00f3is, facto que o posiciona como &#8220;lenda do Dakar&#8221;.<\/p>\n<p>\u201cNunca pensei em chegar a este n\u00famero. A minha ilus\u00e3o era terminar o primeiro, depois o segundo e, mais tarde, o terceiro. Mas cheguei aqui. \u00c9 uma bela forma de comemorar a minha 30.\u00aa participa\u00e7\u00e3o. E, logo, num novo pa\u00eds, com um trajeto diferente, muito atraente e, ao mesmo tempo, muito dif\u00edcil\u201d, referiu Xavi Foj.<\/p>\n<p>Tal como nas edi\u00e7\u00f5es anteriores, a equipa Foj Motorsport inclui Nacho Santamar\u00eda, co-piloto, que tamb\u00e9m foi respons\u00e1vel pela supervis\u00e3o na prepara\u00e7\u00e3o do carro, Quim Rod\u00f3n, chefe de mec\u00e2nica, e a assist\u00eancia por parte da TH Trucks.<\/p>\n<p>\u201cComo nos \u00faltimos anos, competimos na categoria T1 com o Toyota Land Cruiser. O carro \u00e9 o mesmo do ano passado. Melhor\u00e1mos alguns detalhes, mas, na ess\u00eancia, \u00e9 um ve\u00edculo de s\u00e9rie com pequenas modifica\u00e7\u00f5es, n\u00e3o um prot\u00f3tipo. O regulamento \u00e9 inflex\u00edvel e a alternativa, tentando retornar ao T2, \u00e9 imposs\u00edvel, porque comprometeria muito a obten\u00e7\u00e3o do nosso objetivo, que \u00e9 chegar a Qiddiya\u201d, afirmou o piloto catal\u00e3o.<\/p>\n<p>Boa prepara\u00e7\u00e3o f\u00edsica, \u00f3tima equipa e o melhor co-piloto podem fazer a diferen\u00e7a entre desistir ou terminar um rali. Al\u00e9m disso, a experi\u00eancia e um bom carro para enfrentar as condi\u00e7\u00f5es mais dif\u00edceis da corrida e resolver as incertezas do terreno e do percurso s\u00e3o indispens\u00e1veis.<\/p>\n<p>O piloto catal\u00e3o tem, pelo s\u00e9timo ano consecutivo, o patroc\u00ednio t\u00e9cnico da <a href=\"https:\/\/www.mann-hummel.com\/\" target=\"_blank\" rel=\"noopener noreferrer\">MANN+HUMMEL<\/a> Ib\u00e9rica, subsidi\u00e1ria espanhola da principal empresa de filtra\u00e7\u00e3o alem\u00e3.<\/p>\n<p>O Toyota Land Cruiser 150 utiliza filtros de ar, de \u00f3leo, de combust\u00edvel e de habit\u00e1culo da MANN-FILTER. &#8220;Al\u00e9m disso, este ano, o sistema de admiss\u00e3o do Toyota Land Cruiser incorpora, uma vez mais, um filtro de ar da gama IQORON da MANN+HUMMEL, projetado para filtrar o ar em condi\u00e7\u00f5es extremas de elevada concentra\u00e7\u00e3o de poeira&#8221;, deu conta a empresa de filtra\u00e7\u00e3o.<\/p>\n<p>\u201cTrabalhamos com os t\u00e9cnicos da MANN+HUMMEL para alcan\u00e7ar um \u00f3timo desenvolvimento t\u00e9cnico que nos permite otimizar o desempenho do motor. Um resultado magn\u00edfico foi alcan\u00e7ado para enfrentar esta nova edi\u00e7\u00e3o do Dakar, que consiste em 12 etapas, num novo terreno para todos os participantes, o que \u00e9 um incentivo extra para os pilotos\u201d, conclui Xavi Foj.<\/p>\n","protected":false},"excerpt":{"rendered":"<p>Ontem, dia 5 de janeiro, a&#8230;<\/p>\n","protected":false},"author":15,"featured_media":8238,"comment_status":"closed","ping_status":"closed","sticky":false,"template":"","format":"standard","meta":{"footnotes":""},"categories":[29],"tags":[1063,266,223],"class_list":["post-8244","post","type-post","status-publish","format-standard","has-post-thumbnail","hentry","category-empresas","tag-dakar","tag-mann-filter","tag-mannhummel"],"yoast_head":"<!-- This site is optimized with the Yoast SEO plugin v27.4 - https:\/\/yoast.com\/product\/yoast-seo-wordpress\/ -->\n<title>Xavi Foj alinha naquele que \u00e9 o seu 30.\u00b0 Rally Dakar - Jornal das Oficinas<\/title>\n<meta name=\"robots\" content=\"index, follow, max-snippet:-1, max-image-preview:large, max-video-preview:-1\" \/>\n<link rel=\"canonical\" href=\"https:\/\/jornaldasoficinas.com\/pt\/xavi-foj-alinha-naquele-que-e-o-seu-30-rally-dakar\/\" \/>\n<meta property=\"og:locale\" content=\"pt_PT\" \/>\n<meta property=\"og:type\" content=\"article\" \/>\n<meta property=\"og:title\" content=\"Xavi Foj alinha naquele que \u00e9 o seu 30.\u00b0 Rally Dakar - Jornal das Oficinas\" \/>\n<meta property=\"og:description\" content=\"Ontem, dia 5 de janeiro, a...\" \/>\n<meta property=\"og:url\" content=\"https:\/\/jornaldasoficinas.com\/pt\/xavi-foj-alinha-naquele-que-e-o-seu-30-rally-dakar\/\" \/>\n<meta property=\"og:site_name\" content=\"Jornal das Oficinas\" \/>\n<meta property=\"article:publisher\" content=\"https:\/\/www.facebook.com\/jornaloficinas\" \/>\n<meta property=\"article:published_time\" content=\"2020-01-06T08:35:55+00:00\" \/>\n<meta property=\"article:modified_time\" content=\"2023-07-19T14:58:02+00:00\" \/>\n<meta property=\"og:image\" content=\"https:\/\/jornaldasoficinas.com\/pt\/wp-content\/uploads\/2020\/01\/fojdakar.png\" \/>\n\t<meta property=\"og:image:width\" content=\"1024\" \/>\n\t<meta property=\"og:image:height\" content=\"581\" \/>\n\t<meta property=\"og:image:type\" content=\"image\/png\" \/>\n<meta name=\"author\" content=\"Reda\u00e7\u00e3o JO\" \/>\n<meta name=\"twitter:card\" content=\"summary_large_image\" \/>\n<meta name=\"twitter:creator\" content=\"@jornaloficinas\" \/>\n<meta name=\"twitter:site\" content=\"@jornaloficinas\" \/>\n<meta name=\"twitter:label1\" content=\"Escrito por\" \/>\n\t<meta name=\"twitter:data1\" content=\"Reda\u00e7\u00e3o JO\" \/>\n\t<meta name=\"twitter:label2\" content=\"Tempo estimado de leitura\" \/>\n\t<meta name=\"twitter:data2\" content=\"3 minutos\" \/>\n<script type=\"application\/ld+json\" class=\"yoast-schema-graph\">{\"@context\":\"https:\\\/\\\/schema.org\",\"@graph\":[{\"@type\":\"Article\",\"@id\":\"https:\\\/\\\/jornaldasoficinas.com\\\/pt\\\/xavi-foj-alinha-naquele-que-e-o-seu-30-rally-dakar\\\/#article\",\"isPartOf\":{\"@id\":\"https:\\\/\\\/jornaldasoficinas.com\\\/pt\\\/xavi-foj-alinha-naquele-que-e-o-seu-30-rally-dakar\\\/\"},\"author\":{\"name\":\"Reda\u00e7\u00e3o JO\",\"@id\":\"https:\\\/\\\/jornaldasoficinas.com\\\/pt\\\/#\\\/schema\\\/person\\\/a38eef5de2c41d9e7c9ac10141afddf3\"},\"headline\":\"Xavi Foj alinha naquele que \u00e9 o seu 30.\u00b0 Rally Dakar\",\"datePublished\":\"2020-01-06T08:35:55+00:00\",\"dateModified\":\"2023-07-19T14:58:02+00:00\",\"mainEntityOfPage\":{\"@id\":\"https:\\\/\\\/jornaldasoficinas.com\\\/pt\\\/xavi-foj-alinha-naquele-que-e-o-seu-30-rally-dakar\\\/\"},\"wordCount\":540,\"publisher\":{\"@id\":\"https:\\\/\\\/jornaldasoficinas.com\\\/pt\\\/#organization\"},\"image\":{\"@id\":\"https:\\\/\\\/jornaldasoficinas.com\\\/pt\\\/xavi-foj-alinha-naquele-que-e-o-seu-30-rally-dakar\\\/#primaryimage\"},\"thumbnailUrl\":\"https:\\\/\\\/jornaldasoficinas.com\\\/pt\\\/wp-content\\\/uploads\\\/2020\\\/01\\\/fojdakar.png\",\"keywords\":[\"Dakar\",\"MANN-FILTER\",\"MANN+HUMMEL\"],\"articleSection\":[\"Empresas\"],\"inLanguage\":\"pt-PT\"},{\"@type\":\"WebPage\",\"@id\":\"https:\\\/\\\/jornaldasoficinas.com\\\/pt\\\/xavi-foj-alinha-naquele-que-e-o-seu-30-rally-dakar\\\/\",\"url\":\"https:\\\/\\\/jornaldasoficinas.com\\\/pt\\\/xavi-foj-alinha-naquele-que-e-o-seu-30-rally-dakar\\\/\",\"name\":\"Xavi Foj alinha naquele que \u00e9 o seu 30.\u00b0 Rally Dakar - Jornal das Oficinas\",\"isPartOf\":{\"@id\":\"https:\\\/\\\/jornaldasoficinas.com\\\/pt\\\/#website\"},\"primaryImageOfPage\":{\"@id\":\"https:\\\/\\\/jornaldasoficinas.com\\\/pt\\\/xavi-foj-alinha-naquele-que-e-o-seu-30-rally-dakar\\\/#primaryimage\"},\"image\":{\"@id\":\"https:\\\/\\\/jornaldasoficinas.com\\\/pt\\\/xavi-foj-alinha-naquele-que-e-o-seu-30-rally-dakar\\\/#primaryimage\"},\"thumbnailUrl\":\"https:\\\/\\\/jornaldasoficinas.com\\\/pt\\\/wp-content\\\/uploads\\\/2020\\\/01\\\/fojdakar.png\",\"datePublished\":\"2020-01-06T08:35:55+00:00\",\"dateModified\":\"2023-07-19T14:58:02+00:00\",\"breadcrumb\":{\"@id\":\"https:\\\/\\\/jornaldasoficinas.com\\\/pt\\\/xavi-foj-alinha-naquele-que-e-o-seu-30-rally-dakar\\\/#breadcrumb\"},\"inLanguage\":\"pt-PT\",\"potentialAction\":[{\"@type\":\"ReadAction\",\"target\":[\"https:\\\/\\\/jornaldasoficinas.com\\\/pt\\\/xavi-foj-alinha-naquele-que-e-o-seu-30-rally-dakar\\\/\"]}]},{\"@type\":\"ImageObject\",\"inLanguage\":\"pt-PT\",\"@id\":\"https:\\\/\\\/jornaldasoficinas.com\\\/pt\\\/xavi-foj-alinha-naquele-que-e-o-seu-30-rally-dakar\\\/#primaryimage\",\"url\":\"https:\\\/\\\/jornaldasoficinas.com\\\/pt\\\/wp-content\\\/uploads\\\/2020\\\/01\\\/fojdakar.png\",\"contentUrl\":\"https:\\\/\\\/jornaldasoficinas.com\\\/pt\\\/wp-content\\\/uploads\\\/2020\\\/01\\\/fojdakar.png\",\"width\":1024,\"height\":581,\"caption\":\"01 - fojdakar\"},{\"@type\":\"BreadcrumbList\",\"@id\":\"https:\\\/\\\/jornaldasoficinas.com\\\/pt\\\/xavi-foj-alinha-naquele-que-e-o-seu-30-rally-dakar\\\/#breadcrumb\",\"itemListElement\":[{\"@type\":\"ListItem\",\"position\":1,\"name\":\"In\u00edcio\",\"item\":\"https:\\\/\\\/jornaldasoficinas.com\\\/pt\\\/\"},{\"@type\":\"ListItem\",\"position\":2,\"name\":\"Xavi Foj alinha naquele que \u00e9 o seu 30.\u00b0 Rally Dakar\"}]},{\"@type\":\"WebSite\",\"@id\":\"https:\\\/\\\/jornaldasoficinas.com\\\/pt\\\/#website\",\"url\":\"https:\\\/\\\/jornaldasoficinas.com\\\/pt\\\/\",\"name\":\"Jornal das Oficinas\",\"description\":\"Jornal independente do Aftermarket Autom\u00f3vel em Portugal\",\"publisher\":{\"@id\":\"https:\\\/\\\/jornaldasoficinas.com\\\/pt\\\/#organization\"},\"potentialAction\":[{\"@type\":\"SearchAction\",\"target\":{\"@type\":\"EntryPoint\",\"urlTemplate\":\"https:\\\/\\\/jornaldasoficinas.com\\\/pt\\\/?s={search_term_string}\"},\"query-input\":{\"@type\":\"PropertyValueSpecification\",\"valueRequired\":true,\"valueName\":\"search_term_string\"}}],\"inLanguage\":\"pt-PT\"},{\"@type\":\"Organization\",\"@id\":\"https:\\\/\\\/jornaldasoficinas.com\\\/pt\\\/#organization\",\"name\":\"Jornal das Oficinas\",\"url\":\"https:\\\/\\\/jornaldasoficinas.com\\\/pt\\\/\",\"logo\":{\"@type\":\"ImageObject\",\"inLanguage\":\"pt-PT\",\"@id\":\"https:\\\/\\\/jornaldasoficinas.com\\\/pt\\\/#\\\/schema\\\/logo\\\/image\\\/\",\"url\":\"https:\\\/\\\/jornaldasoficinas.com\\\/pt\\\/wp-content\\\/uploads\\\/logoJO-SEO.png\",\"contentUrl\":\"https:\\\/\\\/jornaldasoficinas.com\\\/pt\\\/wp-content\\\/uploads\\\/logoJO-SEO.png\",\"width\":285,\"height\":450,\"caption\":\"Jornal das Oficinas\"},\"image\":{\"@id\":\"https:\\\/\\\/jornaldasoficinas.com\\\/pt\\\/#\\\/schema\\\/logo\\\/image\\\/\"},\"sameAs\":[\"https:\\\/\\\/www.facebook.com\\\/jornaloficinas\",\"https:\\\/\\\/x.com\\\/jornaloficinas\",\"https:\\\/\\\/www.instagram.com\\\/jornal_oficinas\\\/\",\"https:\\\/\\\/www.linkedin.com\\\/company\\\/jornal-das-oficinas\\\/\",\"https:\\\/\\\/www.youtube.com\\\/channel\\\/UCbQZBqtcvV-oSQrr7RzINGg\"]},{\"@type\":\"Person\",\"@id\":\"https:\\\/\\\/jornaldasoficinas.com\\\/pt\\\/#\\\/schema\\\/person\\\/a38eef5de2c41d9e7c9ac10141afddf3\",\"name\":\"Reda\u00e7\u00e3o JO\",\"image\":{\"@type\":\"ImageObject\",\"inLanguage\":\"pt-PT\",\"@id\":\"https:\\\/\\\/secure.gravatar.com\\\/avatar\\\/71f2fa71737ad68a84fea94bc708ddac8ea5b0c4788dc2ad202f3ccb2887742f?s=96&d=wp_user_avatar&r=g\",\"url\":\"https:\\\/\\\/secure.gravatar.com\\\/avatar\\\/71f2fa71737ad68a84fea94bc708ddac8ea5b0c4788dc2ad202f3ccb2887742f?s=96&d=wp_user_avatar&r=g\",\"contentUrl\":\"https:\\\/\\\/secure.gravatar.com\\\/avatar\\\/71f2fa71737ad68a84fea94bc708ddac8ea5b0c4788dc2ad202f3ccb2887742f?s=96&d=wp_user_avatar&r=g\",\"caption\":\"Reda\u00e7\u00e3o JO\"},\"url\":\"https:\\\/\\\/jornaldasoficinas.com\\\/pt\\\/author\\\/joredacao\\\/\"}]}<\/script>\n<!-- \/ Yoast SEO plugin. -->","yoast_head_json":{"title":"Xavi Foj alinha naquele que \u00e9 o seu 30.\u00b0 Rally Dakar - Jornal das Oficinas","robots":{"index":"index","follow":"follow","max-snippet":"max-snippet:-1","max-image-preview":"max-image-preview:large","max-video-preview":"max-video-preview:-1"},"canonical":"https:\/\/jornaldasoficinas.com\/pt\/xavi-foj-alinha-naquele-que-e-o-seu-30-rally-dakar\/","og_locale":"pt_PT","og_type":"article","og_title":"Xavi Foj alinha naquele que \u00e9 o seu 30.\u00b0 Rally Dakar - Jornal das Oficinas","og_description":"Ontem, dia 5 de janeiro, a...","og_url":"https:\/\/jornaldasoficinas.com\/pt\/xavi-foj-alinha-naquele-que-e-o-seu-30-rally-dakar\/","og_site_name":"Jornal das Oficinas","article_publisher":"https:\/\/www.facebook.com\/jornaloficinas","article_published_time":"2020-01-06T08:35:55+00:00","article_modified_time":"2023-07-19T14:58:02+00:00","og_image":[{"width":1024,"height":581,"url":"https:\/\/jornaldasoficinas.com\/pt\/wp-content\/uploads\/2020\/01\/fojdakar.png","type":"image\/png"}],"author":"Reda\u00e7\u00e3o JO","twitter_card":"summary_large_image","twitter_creator":"@jornaloficinas","twitter_site":"@jornaloficinas","twitter_misc":{"Escrito por":"Reda\u00e7\u00e3o JO","Tempo estimado de leitura":"3 minutos"},"schema":{"@context":"https:\/\/schema.org","@graph":[{"@type":"Article","@id":"https:\/\/jornaldasoficinas.com\/pt\/xavi-foj-alinha-naquele-que-e-o-seu-30-rally-dakar\/#article","isPartOf":{"@id":"https:\/\/jornaldasoficinas.com\/pt\/xavi-foj-alinha-naquele-que-e-o-seu-30-rally-dakar\/"},"author":{"name":"Reda\u00e7\u00e3o JO","@id":"https:\/\/jornaldasoficinas.com\/pt\/#\/schema\/person\/a38eef5de2c41d9e7c9ac10141afddf3"},"headline":"Xavi Foj alinha naquele que \u00e9 o seu 30.\u00b0 Rally Dakar","datePublished":"2020-01-06T08:35:55+00:00","dateModified":"2023-07-19T14:58:02+00:00","mainEntityOfPage":{"@id":"https:\/\/jornaldasoficinas.com\/pt\/xavi-foj-alinha-naquele-que-e-o-seu-30-rally-dakar\/"},"wordCount":540,"publisher":{"@id":"https:\/\/jornaldasoficinas.com\/pt\/#organization"},"image":{"@id":"https:\/\/jornaldasoficinas.com\/pt\/xavi-foj-alinha-naquele-que-e-o-seu-30-rally-dakar\/#primaryimage"},"thumbnailUrl":"https:\/\/jornaldasoficinas.com\/pt\/wp-content\/uploads\/2020\/01\/fojdakar.png","keywords":["Dakar","MANN-FILTER","MANN+HUMMEL"],"articleSection":["Empresas"],"inLanguage":"pt-PT"},{"@type":"WebPage","@id":"https:\/\/jornaldasoficinas.com\/pt\/xavi-foj-alinha-naquele-que-e-o-seu-30-rally-dakar\/","url":"https:\/\/jornaldasoficinas.com\/pt\/xavi-foj-alinha-naquele-que-e-o-seu-30-rally-dakar\/","name":"Xavi Foj alinha naquele que \u00e9 o seu 30.\u00b0 Rally Dakar - Jornal das Oficinas","isPartOf":{"@id":"https:\/\/jornaldasoficinas.com\/pt\/#website"},"primaryImageOfPage":{"@id":"https:\/\/jornaldasoficinas.com\/pt\/xavi-foj-alinha-naquele-que-e-o-seu-30-rally-dakar\/#primaryimage"},"image":{"@id":"https:\/\/jornaldasoficinas.com\/pt\/xavi-foj-alinha-naquele-que-e-o-seu-30-rally-dakar\/#primaryimage"},"thumbnailUrl":"https:\/\/jornaldasoficinas.com\/pt\/wp-content\/uploads\/2020\/01\/fojdakar.png","datePublished":"2020-01-06T08:35:55+00:00","dateModified":"2023-07-19T14:58:02+00:00","breadcrumb":{"@id":"https:\/\/jornaldasoficinas.com\/pt\/xavi-foj-alinha-naquele-que-e-o-seu-30-rally-dakar\/#breadcrumb"},"inLanguage":"pt-PT","potentialAction":[{"@type":"ReadAction","target":["https:\/\/jornaldasoficinas.com\/pt\/xavi-foj-alinha-naquele-que-e-o-seu-30-rally-dakar\/"]}]},{"@type":"ImageObject","inLanguage":"pt-PT","@id":"https:\/\/jornaldasoficinas.com\/pt\/xavi-foj-alinha-naquele-que-e-o-seu-30-rally-dakar\/#primaryimage","url":"https:\/\/jornaldasoficinas.com\/pt\/wp-content\/uploads\/2020\/01\/fojdakar.png","contentUrl":"https:\/\/jornaldasoficinas.com\/pt\/wp-content\/uploads\/2020\/01\/fojdakar.png","width":1024,"height":581,"caption":"01 - fojdakar"},{"@type":"BreadcrumbList","@id":"https:\/\/jornaldasoficinas.com\/pt\/xavi-foj-alinha-naquele-que-e-o-seu-30-rally-dakar\/#breadcrumb","itemListElement":[{"@type":"ListItem","position":1,"name":"In\u00edcio","item":"https:\/\/jornaldasoficinas.com\/pt\/"},{"@type":"ListItem","position":2,"name":"Xavi Foj alinha naquele que \u00e9 o seu 30.\u00b0 Rally Dakar"}]},{"@type":"WebSite","@id":"https:\/\/jornaldasoficinas.com\/pt\/#website","url":"https:\/\/jornaldasoficinas.com\/pt\/","name":"Jornal das Oficinas","description":"Jornal independente do Aftermarket Autom\u00f3vel em Portugal","publisher":{"@id":"https:\/\/jornaldasoficinas.com\/pt\/#organization"},"potentialAction":[{"@type":"SearchAction","target":{"@type":"EntryPoint","urlTemplate":"https:\/\/jornaldasoficinas.com\/pt\/?s={search_term_string}"},"query-input":{"@type":"PropertyValueSpecification","valueRequired":true,"valueName":"search_term_string"}}],"inLanguage":"pt-PT"},{"@type":"Organization","@id":"https:\/\/jornaldasoficinas.com\/pt\/#organization","name":"Jornal das Oficinas","url":"https:\/\/jornaldasoficinas.com\/pt\/","logo":{"@type":"ImageObject","inLanguage":"pt-PT","@id":"https:\/\/jornaldasoficinas.com\/pt\/#\/schema\/logo\/image\/","url":"https:\/\/jornaldasoficinas.com\/pt\/wp-content\/uploads\/logoJO-SEO.png","contentUrl":"https:\/\/jornaldasoficinas.com\/pt\/wp-content\/uploads\/logoJO-SEO.png","width":285,"height":450,"caption":"Jornal das Oficinas"},"image":{"@id":"https:\/\/jornaldasoficinas.com\/pt\/#\/schema\/logo\/image\/"},"sameAs":["https:\/\/www.facebook.com\/jornaloficinas","https:\/\/x.com\/jornaloficinas","https:\/\/www.instagram.com\/jornal_oficinas\/","https:\/\/www.linkedin.com\/company\/jornal-das-oficinas\/","https:\/\/www.youtube.com\/channel\/UCbQZBqtcvV-oSQrr7RzINGg"]},{"@type":"Person","@id":"https:\/\/jornaldasoficinas.com\/pt\/#\/schema\/person\/a38eef5de2c41d9e7c9ac10141afddf3","name":"Reda\u00e7\u00e3o JO","image":{"@type":"ImageObject","inLanguage":"pt-PT","@id":"https:\/\/secure.gravatar.com\/avatar\/71f2fa71737ad68a84fea94bc708ddac8ea5b0c4788dc2ad202f3ccb2887742f?s=96&d=wp_user_avatar&r=g","url":"https:\/\/secure.gravatar.com\/avatar\/71f2fa71737ad68a84fea94bc708ddac8ea5b0c4788dc2ad202f3ccb2887742f?s=96&d=wp_user_avatar&r=g","contentUrl":"https:\/\/secure.gravatar.com\/avatar\/71f2fa71737ad68a84fea94bc708ddac8ea5b0c4788dc2ad202f3ccb2887742f?s=96&d=wp_user_avatar&r=g","caption":"Reda\u00e7\u00e3o JO"},"url":"https:\/\/jornaldasoficinas.com\/pt\/author\/joredacao\/"}]}},"_links":{"self":[{"href":"https:\/\/jornaldasoficinas.com\/pt\/wp-json\/wp\/v2\/posts\/8244","targetHints":{"allow":["GET"]}}],"collection":[{"href":"https:\/\/jornaldasoficinas.com\/pt\/wp-json\/wp\/v2\/posts"}],"about":[{"href":"https:\/\/jornaldasoficinas.com\/pt\/wp-json\/wp\/v2\/types\/post"}],"author":[{"embeddable":true,"href":"https:\/\/jornaldasoficinas.com\/pt\/wp-json\/wp\/v2\/users\/15"}],"replies":[{"embeddable":true,"href":"https:\/\/jornaldasoficinas.com\/pt\/wp-json\/wp\/v2\/comments?post=8244"}],"version-history":[{"count":0,"href":"https:\/\/jornaldasoficinas.com\/pt\/wp-json\/wp\/v2\/posts\/8244\/revisions"}],"wp:featuredmedia":[{"embeddable":true,"href":"https:\/\/jornaldasoficinas.com\/pt\/wp-json\/wp\/v2\/media\/8238"}],"wp:attachment":[{"href":"https:\/\/jornaldasoficinas.com\/pt\/wp-json\/wp\/v2\/media?parent=8244"}],"wp:term":[{"taxonomy":"category","embeddable":true,"href":"https:\/\/jornaldasoficinas.com\/pt\/wp-json\/wp\/v2\/categories?post=8244"},{"taxonomy":"post_tag","embeddable":true,"href":"https:\/\/jornaldasoficinas.com\/pt\/wp-json\/wp\/v2\/tags?post=8244"}],"curies":[{"name":"wp","href":"https:\/\/api.w.org\/{rel}","templated":true}]}}