{"id":82597,"date":"2024-04-12T18:00:43","date_gmt":"2024-04-12T17:00:43","guid":{"rendered":"https:\/\/jornaldasoficinas.com\/pt\/?p=82597"},"modified":"2024-04-13T15:41:17","modified_gmt":"2024-04-13T14:41:17","slug":"aftersales-characters-awards-realiza-se-a-16-de-abril","status":"publish","type":"post","link":"https:\/\/jornaldasoficinas.com\/pt\/aftersales-characters-awards-realiza-se-a-16-de-abril\/","title":{"rendered":"Pr\u00e9mios &#8220;Personalidades do P\u00f3s-Venda&#8221; realiza-se a 16 de abril"},"content":{"rendered":"<p><img loading=\"lazy\" decoding=\"async\" class=\"alignnone size-full wp-image-82599\" src=\"https:\/\/jornaldasoficinas.com\/pt\/wp-content\/uploads\/2024\/04\/Aftersales-Characters-Awards-vai-realizar-se-no-proximo-dia-16-de-abril.png\" alt=\"04 - Aftersales Characters Awards vai realizar se no proximo dia 16 de abril\" width=\"1024\" height=\"581\" srcset=\"https:\/\/jornaldasoficinas.com\/pt\/wp-content\/uploads\/2024\/04\/Aftersales-Characters-Awards-vai-realizar-se-no-proximo-dia-16-de-abril.png 1024w, https:\/\/jornaldasoficinas.com\/pt\/wp-content\/uploads\/2024\/04\/Aftersales-Characters-Awards-vai-realizar-se-no-proximo-dia-16-de-abril-300x170.png 300w, https:\/\/jornaldasoficinas.com\/pt\/wp-content\/uploads\/2024\/04\/Aftersales-Characters-Awards-vai-realizar-se-no-proximo-dia-16-de-abril-150x85.png 150w, https:\/\/jornaldasoficinas.com\/pt\/wp-content\/uploads\/2024\/04\/Aftersales-Characters-Awards-vai-realizar-se-no-proximo-dia-16-de-abril-768x436.png 768w\" sizes=\"auto, (max-width: 1024px) 100vw, 1024px\" \/><\/p>\n<p><strong>No pr\u00f3ximo dia 16 de abril, na sala de maquetas do <a href=\"https:\/\/www.ifema.es\/en\" target=\"_blank\" rel=\"noopener\">IFEMA<\/a>, em Madrid, ser\u00e1 realizada a 22\u00aa edi\u00e7\u00e3o dos Pr\u00e9mios &#8220;Personalidade do P\u00f3s-Venda<\/strong><strong>&#8220;, organizado pela revista profissional Talleres en Comunicaci\u00f3n e pelo portal especializado <a href=\"https:\/\/www.posventa.info\/\" target=\"_blank\" rel=\"noopener\">Posventa.Info<\/a><\/strong><\/p>\n<p>Com o patroc\u00ednio da Motortec Madrid, est\u00e1 tudo pronto para acolher a vig\u00e9sima segunda edi\u00e7\u00e3o dos Pr\u00e9mios de Personalidades do Aftermarket, no dia 16 de abril, na IFEMA, um evento chave no setor do Aftermarket autom\u00f3vel. Os vencedores deste ano como &#8220;Personalidades do P\u00f3s-Venda&#8221; foram: Fernando Cant\u00edn (Brembo), Nines Garc\u00eda (Ancera e Groupauto Uni\u00f3n) e Ricardo Peris (Mann+Hummel).<\/p>\n<p>Al\u00e9m destes pr\u00e9mios, ser\u00e1 entregue a distin\u00e7\u00e3o pela Trajet\u00f3ria Profissional de Eusebio Ochoa (fundador da Recambios Ochoa), Pedro Hern\u00e1ndez (gerente de Representaciones Hern\u00e1ndez) e Javier Sargatal (recentemente reformado da IADA). Ao contr\u00e1rio dos pr\u00e9mios principais, estes pr\u00e9mios s\u00e3o atribu\u00eddos pela reda\u00e7\u00e3o da Talleres en Comunicaci\u00f3n e da Posventa.info, ap\u00f3s receberem propostas de fabricantes, distribuidores e profissionais do setor.<\/p>\n<p>Finalmente, o pr\u00e9mio #SoyPosventero 2024 foi atribu\u00eddo \u00e0 RIC Madrid, uma oficina de chapa e pintura de destaque em Las Rozas (Madrid). Este reconhecimento \u00e9 apoiado pela entrega de servi\u00e7os de excel\u00eancia, evidenciada por certifica\u00e7\u00f5es como o TQ Gold da Cesvimap e as 5 Estrelas do Centro Zaragoza, e pelo seu compromisso com a sustentabilidade.<\/p>\n<p>A sele\u00e7\u00e3o dos candidatos seguiu o processo tradicional destas premia\u00e7\u00f5es. Inicialmente, foi solicitado ao J\u00fari \u2013 que incluiu os premiados da edi\u00e7\u00e3o anterior \u2013 que propusessem os candidatos. Numa primeira ronda de vota\u00e7\u00f5es, cada j\u00fari escolheu tr\u00eas nomes. Assim, surgiram os doze mais votados provenientes de empresas como a AD Parts, AD Regueira, Ancera, Brembo, CGA, Groupauto Uni\u00f3n Ib\u00e9rica, Hella, IADA, Mann Hummel, Recalvi ou Reynasa.<\/p>\n<p>O J\u00fari, composto por 90 profissionais de prest\u00edgio do setor do p\u00f3s-venda, inclui os vencedores das 21 edi\u00e7\u00f5es anteriores, bem como, um grupo de especialistas selecionado. Al\u00e9m de avaliar o m\u00e9rito de todas as propostas, o J\u00fari tamb\u00e9m tem como diretriz a aprecia\u00e7\u00e3o do potencial das novas gera\u00e7\u00f5es e o papel crescente das mulheres no setor.<\/p>\n<p>Merece ainda uma aten\u00e7\u00e3o especial o facto de entre os pr\u00e9-selecionados estarem tr\u00eas membros da dire\u00e7\u00e3o da Ancera. Este detalhe sublinha o reconhecimento do J\u00fari ao trabalho atual da associa\u00e7\u00e3o setorial.<\/p>\n<p><strong>Um J\u00fari \u00danico<\/strong><\/p>\n<p>O J\u00fari dos pr\u00e9mios &#8220;Personalidades do P\u00f3s-venta 2024&#8221;, tem sido composto pelos premiados nas 21 edi\u00e7\u00f5es anteriores, bem como, por um conjunto de colaboradores selecionados: Adolfo Perujo (Representa\u00e7\u00f5es Adolfo Perujo), \u00c1gata Calvo (Clarios), Agust\u00edn Garc\u00eda (Recanvis Aicrag), Alain Lez (Exide), Alejandro Vicario (CGA), Alfonso Albacete (Davasa), Antonio L\u00f3pez (Reynasa), Antonio Pe\u00f1a (Grupo Pe\u00f1a Automoci\u00f3n), Antonio Pujad\u00f3 (Evmobe), Antonio Tejada (Gaud\u00ed Spare Parts e Acess\u00f3rios), Benito Tesier (Brembo), Bruno Padierna (Dayco), Carlos de Aizpuru (MS Motoservice), Carmelo Pinto (ex-Serca), Chema Rodr\u00edguez (Recalvi), Clark Freed (Grupo Total), Cristina San Mart\u00edn (Sernauto) , David Bassas (NGK), David Mart\u00ednez (ex-Dayco), David Moneo (Ifema Motor), David Zapata (Delphi), Eduard Mart\u00ed (UFI Filters), Enrique Junquera (Andel Automoci\u00f3n), Enrique Perera (Maflow), Fernando Pardo (Groupauto Uni\u00f3n Ib\u00e9rica), Fernando Riesco (Dipart), Francisco Aznar (Ag\u00eancia de Representa\u00e7\u00f5es T\u00e9cnicas Comerciais Automotivas), Ignacio Naranjo (Schaeffler), Jes\u00fas \u00c1ngel Sarrami\u00e1n (Aravi Recambios), Jes\u00fas Lucas (Cecauto), Joan Olivella (Recanvis Pened\u00e9s), Joan Rib\u00f3 (Rib\u00f3 Automotive Representations), Joan Tamarit (Recambios Col\u00f3n), Joaqu\u00edn Roncero (Danjoa), Jorge Sala (Mann+Hummel), Jos\u00e9 Luis Bravo (ASER), Jos\u00e9 Miguel Ib\u00e1\u00f1ez (CGA), Josep Gratti (ex-Lausan), Josep M\u00aa Freixes (ex-NGK), Juan Jos\u00e9 Rodr\u00edguez (Cira), Juan Torner (Ner-Tor), Juli\u00e1n del Amo (JDA Usandizaga Representaciones), Nuria \u00c1lvarez (Conepa), Lluis Tarrag\u00f3 (ex-AD Parts), Lluis Tarr\u00e9s (Serca Automotive Group), Manel Real (Contitech), Manuel Jim\u00e9nez-Ma\u00f1a (Jim\u00e9nez Ma\u00f1a Recambios), Patxi Gorrotxategui (Talosa), Rafael Gabriel (ex-Comercial Impormovil), Rafael Garc\u00eda (Aicrag), Rafael Gargallo (Agreu), Roberto Aldea (Filtros Cart\u00e9s), Roc\u00edo Dolz (Industrias Dolz), Antonio Conde, Beatriz Serrano, Juan Jos\u00e9 Cortez\u00f3n e Miguel \u00c1ngel Jimeno (Talleres en Comunicaci\u00f3n-Posventa.info).<\/p>\n","protected":false},"excerpt":{"rendered":"<p>No pr\u00f3ximo dia 16 de abril,&#8230;<\/p>\n","protected":false},"author":15,"featured_media":82599,"comment_status":"closed","ping_status":"closed","sticky":false,"template":"","format":"standard","meta":{"footnotes":""},"categories":[37],"tags":[4985,7871,267,3818,1757,85,8472,86],"class_list":["post-82597","post","type-post","status-publish","format-standard","has-post-thumbnail","hentry","category-mercado","tag-16-de-abril","tag-entrega-de-premios","tag-ifema","tag-madrid","tag-motortec-madrid","tag-personalidades-do-pos-venda","tag-posventa-info","tag-talleres-en-comunicacion"],"yoast_head":"<!-- This site is optimized with the Yoast SEO plugin v27.4 - https:\/\/yoast.com\/product\/yoast-seo-wordpress\/ -->\n<title>Pr\u00e9mios &quot;Personalidades do P\u00f3s-Venda&quot; realiza-se a 16 de abril - Jornal das Oficinas<\/title>\n<meta name=\"description\" content=\"No pr\u00f3ximo dia 16 de abril, na sala de maquetas do IFEMA, em Madrid, ser\u00e1 realizada a 22\u00aa edi\u00e7\u00e3o dos Pr\u00e9mios &quot;Personalidades do P\u00f3s-Venda&quot;\" \/>\n<meta name=\"robots\" content=\"index, follow, max-snippet:-1, max-image-preview:large, max-video-preview:-1\" \/>\n<link rel=\"canonical\" href=\"https:\/\/jornaldasoficinas.com\/pt\/aftersales-characters-awards-realiza-se-a-16-de-abril\/\" \/>\n<meta property=\"og:locale\" content=\"pt_PT\" \/>\n<meta property=\"og:type\" content=\"article\" \/>\n<meta property=\"og:title\" content=\"Pr\u00e9mios &quot;Personalidades do P\u00f3s-Venda&quot; realiza-se a 16 de abril - Jornal das Oficinas\" \/>\n<meta property=\"og:description\" content=\"No pr\u00f3ximo dia 16 de abril, na sala de maquetas do IFEMA, em Madrid, ser\u00e1 realizada a 22\u00aa edi\u00e7\u00e3o dos Pr\u00e9mios &quot;Personalidades do P\u00f3s-Venda&quot;\" \/>\n<meta property=\"og:url\" content=\"https:\/\/jornaldasoficinas.com\/pt\/aftersales-characters-awards-realiza-se-a-16-de-abril\/\" \/>\n<meta property=\"og:site_name\" content=\"Jornal das Oficinas\" \/>\n<meta property=\"article:publisher\" content=\"https:\/\/www.facebook.com\/jornaloficinas\" \/>\n<meta property=\"article:published_time\" content=\"2024-04-12T17:00:43+00:00\" \/>\n<meta property=\"article:modified_time\" content=\"2024-04-13T14:41:17+00:00\" \/>\n<meta property=\"og:image\" content=\"https:\/\/jornaldasoficinas.com\/pt\/wp-content\/uploads\/2024\/04\/Aftersales-Characters-Awards-vai-realizar-se-no-proximo-dia-16-de-abril.png\" \/>\n\t<meta property=\"og:image:width\" content=\"1024\" \/>\n\t<meta property=\"og:image:height\" content=\"581\" \/>\n\t<meta property=\"og:image:type\" content=\"image\/png\" \/>\n<meta name=\"author\" content=\"Reda\u00e7\u00e3o JO\" \/>\n<meta name=\"twitter:card\" content=\"summary_large_image\" \/>\n<meta name=\"twitter:creator\" content=\"@jornaloficinas\" \/>\n<meta name=\"twitter:site\" content=\"@jornaloficinas\" \/>\n<meta name=\"twitter:label1\" content=\"Escrito por\" \/>\n\t<meta name=\"twitter:data1\" content=\"Reda\u00e7\u00e3o JO\" \/>\n\t<meta name=\"twitter:label2\" content=\"Tempo estimado de leitura\" \/>\n\t<meta name=\"twitter:data2\" content=\"4 minutos\" \/>\n<script type=\"application\/ld+json\" class=\"yoast-schema-graph\">{\"@context\":\"https:\\\/\\\/schema.org\",\"@graph\":[{\"@type\":\"Article\",\"@id\":\"https:\\\/\\\/jornaldasoficinas.com\\\/pt\\\/aftersales-characters-awards-realiza-se-a-16-de-abril\\\/#article\",\"isPartOf\":{\"@id\":\"https:\\\/\\\/jornaldasoficinas.com\\\/pt\\\/aftersales-characters-awards-realiza-se-a-16-de-abril\\\/\"},\"author\":{\"name\":\"Reda\u00e7\u00e3o JO\",\"@id\":\"https:\\\/\\\/jornaldasoficinas.com\\\/pt\\\/#\\\/schema\\\/person\\\/a38eef5de2c41d9e7c9ac10141afddf3\"},\"headline\":\"Pr\u00e9mios &#8220;Personalidades do P\u00f3s-Venda&#8221; realiza-se a 16 de abril\",\"datePublished\":\"2024-04-12T17:00:43+00:00\",\"dateModified\":\"2024-04-13T14:41:17+00:00\",\"mainEntityOfPage\":{\"@id\":\"https:\\\/\\\/jornaldasoficinas.com\\\/pt\\\/aftersales-characters-awards-realiza-se-a-16-de-abril\\\/\"},\"wordCount\":706,\"publisher\":{\"@id\":\"https:\\\/\\\/jornaldasoficinas.com\\\/pt\\\/#organization\"},\"image\":{\"@id\":\"https:\\\/\\\/jornaldasoficinas.com\\\/pt\\\/aftersales-characters-awards-realiza-se-a-16-de-abril\\\/#primaryimage\"},\"thumbnailUrl\":\"https:\\\/\\\/jornaldasoficinas.com\\\/pt\\\/wp-content\\\/uploads\\\/2024\\\/04\\\/Aftersales-Characters-Awards-vai-realizar-se-no-proximo-dia-16-de-abril.png\",\"keywords\":[\"16 de abril\",\"entrega de pr\u00e9mios\",\"IFEMA\",\"Madrid\",\"Motortec Madrid\",\"Personalidades do P\u00f3s-Venda\",\"Posventa.Info\",\"Talleres en Comunicaci\u00f3n\"],\"articleSection\":[\"Mercado\"],\"inLanguage\":\"pt-PT\"},{\"@type\":\"WebPage\",\"@id\":\"https:\\\/\\\/jornaldasoficinas.com\\\/pt\\\/aftersales-characters-awards-realiza-se-a-16-de-abril\\\/\",\"url\":\"https:\\\/\\\/jornaldasoficinas.com\\\/pt\\\/aftersales-characters-awards-realiza-se-a-16-de-abril\\\/\",\"name\":\"Pr\u00e9mios \\\"Personalidades do P\u00f3s-Venda\\\" realiza-se a 16 de abril - Jornal das Oficinas\",\"isPartOf\":{\"@id\":\"https:\\\/\\\/jornaldasoficinas.com\\\/pt\\\/#website\"},\"primaryImageOfPage\":{\"@id\":\"https:\\\/\\\/jornaldasoficinas.com\\\/pt\\\/aftersales-characters-awards-realiza-se-a-16-de-abril\\\/#primaryimage\"},\"image\":{\"@id\":\"https:\\\/\\\/jornaldasoficinas.com\\\/pt\\\/aftersales-characters-awards-realiza-se-a-16-de-abril\\\/#primaryimage\"},\"thumbnailUrl\":\"https:\\\/\\\/jornaldasoficinas.com\\\/pt\\\/wp-content\\\/uploads\\\/2024\\\/04\\\/Aftersales-Characters-Awards-vai-realizar-se-no-proximo-dia-16-de-abril.png\",\"datePublished\":\"2024-04-12T17:00:43+00:00\",\"dateModified\":\"2024-04-13T14:41:17+00:00\",\"description\":\"No pr\u00f3ximo dia 16 de abril, na sala de maquetas do IFEMA, em Madrid, ser\u00e1 realizada a 22\u00aa edi\u00e7\u00e3o dos Pr\u00e9mios \\\"Personalidades do P\u00f3s-Venda\\\"\",\"breadcrumb\":{\"@id\":\"https:\\\/\\\/jornaldasoficinas.com\\\/pt\\\/aftersales-characters-awards-realiza-se-a-16-de-abril\\\/#breadcrumb\"},\"inLanguage\":\"pt-PT\",\"potentialAction\":[{\"@type\":\"ReadAction\",\"target\":[\"https:\\\/\\\/jornaldasoficinas.com\\\/pt\\\/aftersales-characters-awards-realiza-se-a-16-de-abril\\\/\"]}]},{\"@type\":\"ImageObject\",\"inLanguage\":\"pt-PT\",\"@id\":\"https:\\\/\\\/jornaldasoficinas.com\\\/pt\\\/aftersales-characters-awards-realiza-se-a-16-de-abril\\\/#primaryimage\",\"url\":\"https:\\\/\\\/jornaldasoficinas.com\\\/pt\\\/wp-content\\\/uploads\\\/2024\\\/04\\\/Aftersales-Characters-Awards-vai-realizar-se-no-proximo-dia-16-de-abril.png\",\"contentUrl\":\"https:\\\/\\\/jornaldasoficinas.com\\\/pt\\\/wp-content\\\/uploads\\\/2024\\\/04\\\/Aftersales-Characters-Awards-vai-realizar-se-no-proximo-dia-16-de-abril.png\",\"width\":1024,\"height\":581,\"caption\":\"Pr\u00e9mios \\\"Personalidades do P\u00f3s-Venda\\\" realiza-se a 16 de abril\"},{\"@type\":\"BreadcrumbList\",\"@id\":\"https:\\\/\\\/jornaldasoficinas.com\\\/pt\\\/aftersales-characters-awards-realiza-se-a-16-de-abril\\\/#breadcrumb\",\"itemListElement\":[{\"@type\":\"ListItem\",\"position\":1,\"name\":\"In\u00edcio\",\"item\":\"https:\\\/\\\/jornaldasoficinas.com\\\/pt\\\/\"},{\"@type\":\"ListItem\",\"position\":2,\"name\":\"Pr\u00e9mios &#8220;Personalidades do P\u00f3s-Venda&#8221; realiza-se a 16 de abril\"}]},{\"@type\":\"WebSite\",\"@id\":\"https:\\\/\\\/jornaldasoficinas.com\\\/pt\\\/#website\",\"url\":\"https:\\\/\\\/jornaldasoficinas.com\\\/pt\\\/\",\"name\":\"Jornal das Oficinas\",\"description\":\"Jornal independente do Aftermarket Autom\u00f3vel em Portugal\",\"publisher\":{\"@id\":\"https:\\\/\\\/jornaldasoficinas.com\\\/pt\\\/#organization\"},\"potentialAction\":[{\"@type\":\"SearchAction\",\"target\":{\"@type\":\"EntryPoint\",\"urlTemplate\":\"https:\\\/\\\/jornaldasoficinas.com\\\/pt\\\/?s={search_term_string}\"},\"query-input\":{\"@type\":\"PropertyValueSpecification\",\"valueRequired\":true,\"valueName\":\"search_term_string\"}}],\"inLanguage\":\"pt-PT\"},{\"@type\":\"Organization\",\"@id\":\"https:\\\/\\\/jornaldasoficinas.com\\\/pt\\\/#organization\",\"name\":\"Jornal das Oficinas\",\"url\":\"https:\\\/\\\/jornaldasoficinas.com\\\/pt\\\/\",\"logo\":{\"@type\":\"ImageObject\",\"inLanguage\":\"pt-PT\",\"@id\":\"https:\\\/\\\/jornaldasoficinas.com\\\/pt\\\/#\\\/schema\\\/logo\\\/image\\\/\",\"url\":\"https:\\\/\\\/jornaldasoficinas.com\\\/pt\\\/wp-content\\\/uploads\\\/logoJO-SEO.png\",\"contentUrl\":\"https:\\\/\\\/jornaldasoficinas.com\\\/pt\\\/wp-content\\\/uploads\\\/logoJO-SEO.png\",\"width\":285,\"height\":450,\"caption\":\"Jornal das Oficinas\"},\"image\":{\"@id\":\"https:\\\/\\\/jornaldasoficinas.com\\\/pt\\\/#\\\/schema\\\/logo\\\/image\\\/\"},\"sameAs\":[\"https:\\\/\\\/www.facebook.com\\\/jornaloficinas\",\"https:\\\/\\\/x.com\\\/jornaloficinas\",\"https:\\\/\\\/www.instagram.com\\\/jornal_oficinas\\\/\",\"https:\\\/\\\/www.linkedin.com\\\/company\\\/jornal-das-oficinas\\\/\",\"https:\\\/\\\/www.youtube.com\\\/channel\\\/UCbQZBqtcvV-oSQrr7RzINGg\"]},{\"@type\":\"Person\",\"@id\":\"https:\\\/\\\/jornaldasoficinas.com\\\/pt\\\/#\\\/schema\\\/person\\\/a38eef5de2c41d9e7c9ac10141afddf3\",\"name\":\"Reda\u00e7\u00e3o JO\",\"image\":{\"@type\":\"ImageObject\",\"inLanguage\":\"pt-PT\",\"@id\":\"https:\\\/\\\/secure.gravatar.com\\\/avatar\\\/71f2fa71737ad68a84fea94bc708ddac8ea5b0c4788dc2ad202f3ccb2887742f?s=96&d=wp_user_avatar&r=g\",\"url\":\"https:\\\/\\\/secure.gravatar.com\\\/avatar\\\/71f2fa71737ad68a84fea94bc708ddac8ea5b0c4788dc2ad202f3ccb2887742f?s=96&d=wp_user_avatar&r=g\",\"contentUrl\":\"https:\\\/\\\/secure.gravatar.com\\\/avatar\\\/71f2fa71737ad68a84fea94bc708ddac8ea5b0c4788dc2ad202f3ccb2887742f?s=96&d=wp_user_avatar&r=g\",\"caption\":\"Reda\u00e7\u00e3o JO\"},\"url\":\"https:\\\/\\\/jornaldasoficinas.com\\\/pt\\\/author\\\/joredacao\\\/\"}]}<\/script>\n<!-- \/ Yoast SEO plugin. -->","yoast_head_json":{"title":"Pr\u00e9mios \"Personalidades do P\u00f3s-Venda\" realiza-se a 16 de abril - Jornal das Oficinas","description":"No pr\u00f3ximo dia 16 de abril, na sala de maquetas do IFEMA, em Madrid, ser\u00e1 realizada a 22\u00aa edi\u00e7\u00e3o dos Pr\u00e9mios \"Personalidades do P\u00f3s-Venda\"","robots":{"index":"index","follow":"follow","max-snippet":"max-snippet:-1","max-image-preview":"max-image-preview:large","max-video-preview":"max-video-preview:-1"},"canonical":"https:\/\/jornaldasoficinas.com\/pt\/aftersales-characters-awards-realiza-se-a-16-de-abril\/","og_locale":"pt_PT","og_type":"article","og_title":"Pr\u00e9mios \"Personalidades do P\u00f3s-Venda\" realiza-se a 16 de abril - Jornal das Oficinas","og_description":"No pr\u00f3ximo dia 16 de abril, na sala de maquetas do IFEMA, em Madrid, ser\u00e1 realizada a 22\u00aa edi\u00e7\u00e3o dos Pr\u00e9mios \"Personalidades do P\u00f3s-Venda\"","og_url":"https:\/\/jornaldasoficinas.com\/pt\/aftersales-characters-awards-realiza-se-a-16-de-abril\/","og_site_name":"Jornal das Oficinas","article_publisher":"https:\/\/www.facebook.com\/jornaloficinas","article_published_time":"2024-04-12T17:00:43+00:00","article_modified_time":"2024-04-13T14:41:17+00:00","og_image":[{"width":1024,"height":581,"url":"https:\/\/jornaldasoficinas.com\/pt\/wp-content\/uploads\/2024\/04\/Aftersales-Characters-Awards-vai-realizar-se-no-proximo-dia-16-de-abril.png","type":"image\/png"}],"author":"Reda\u00e7\u00e3o JO","twitter_card":"summary_large_image","twitter_creator":"@jornaloficinas","twitter_site":"@jornaloficinas","twitter_misc":{"Escrito por":"Reda\u00e7\u00e3o JO","Tempo estimado de leitura":"4 minutos"},"schema":{"@context":"https:\/\/schema.org","@graph":[{"@type":"Article","@id":"https:\/\/jornaldasoficinas.com\/pt\/aftersales-characters-awards-realiza-se-a-16-de-abril\/#article","isPartOf":{"@id":"https:\/\/jornaldasoficinas.com\/pt\/aftersales-characters-awards-realiza-se-a-16-de-abril\/"},"author":{"name":"Reda\u00e7\u00e3o JO","@id":"https:\/\/jornaldasoficinas.com\/pt\/#\/schema\/person\/a38eef5de2c41d9e7c9ac10141afddf3"},"headline":"Pr\u00e9mios &#8220;Personalidades do P\u00f3s-Venda&#8221; realiza-se a 16 de abril","datePublished":"2024-04-12T17:00:43+00:00","dateModified":"2024-04-13T14:41:17+00:00","mainEntityOfPage":{"@id":"https:\/\/jornaldasoficinas.com\/pt\/aftersales-characters-awards-realiza-se-a-16-de-abril\/"},"wordCount":706,"publisher":{"@id":"https:\/\/jornaldasoficinas.com\/pt\/#organization"},"image":{"@id":"https:\/\/jornaldasoficinas.com\/pt\/aftersales-characters-awards-realiza-se-a-16-de-abril\/#primaryimage"},"thumbnailUrl":"https:\/\/jornaldasoficinas.com\/pt\/wp-content\/uploads\/2024\/04\/Aftersales-Characters-Awards-vai-realizar-se-no-proximo-dia-16-de-abril.png","keywords":["16 de abril","entrega de pr\u00e9mios","IFEMA","Madrid","Motortec Madrid","Personalidades do P\u00f3s-Venda","Posventa.Info","Talleres en Comunicaci\u00f3n"],"articleSection":["Mercado"],"inLanguage":"pt-PT"},{"@type":"WebPage","@id":"https:\/\/jornaldasoficinas.com\/pt\/aftersales-characters-awards-realiza-se-a-16-de-abril\/","url":"https:\/\/jornaldasoficinas.com\/pt\/aftersales-characters-awards-realiza-se-a-16-de-abril\/","name":"Pr\u00e9mios \"Personalidades do P\u00f3s-Venda\" realiza-se a 16 de abril - Jornal das Oficinas","isPartOf":{"@id":"https:\/\/jornaldasoficinas.com\/pt\/#website"},"primaryImageOfPage":{"@id":"https:\/\/jornaldasoficinas.com\/pt\/aftersales-characters-awards-realiza-se-a-16-de-abril\/#primaryimage"},"image":{"@id":"https:\/\/jornaldasoficinas.com\/pt\/aftersales-characters-awards-realiza-se-a-16-de-abril\/#primaryimage"},"thumbnailUrl":"https:\/\/jornaldasoficinas.com\/pt\/wp-content\/uploads\/2024\/04\/Aftersales-Characters-Awards-vai-realizar-se-no-proximo-dia-16-de-abril.png","datePublished":"2024-04-12T17:00:43+00:00","dateModified":"2024-04-13T14:41:17+00:00","description":"No pr\u00f3ximo dia 16 de abril, na sala de maquetas do IFEMA, em Madrid, ser\u00e1 realizada a 22\u00aa edi\u00e7\u00e3o dos Pr\u00e9mios \"Personalidades do P\u00f3s-Venda\"","breadcrumb":{"@id":"https:\/\/jornaldasoficinas.com\/pt\/aftersales-characters-awards-realiza-se-a-16-de-abril\/#breadcrumb"},"inLanguage":"pt-PT","potentialAction":[{"@type":"ReadAction","target":["https:\/\/jornaldasoficinas.com\/pt\/aftersales-characters-awards-realiza-se-a-16-de-abril\/"]}]},{"@type":"ImageObject","inLanguage":"pt-PT","@id":"https:\/\/jornaldasoficinas.com\/pt\/aftersales-characters-awards-realiza-se-a-16-de-abril\/#primaryimage","url":"https:\/\/jornaldasoficinas.com\/pt\/wp-content\/uploads\/2024\/04\/Aftersales-Characters-Awards-vai-realizar-se-no-proximo-dia-16-de-abril.png","contentUrl":"https:\/\/jornaldasoficinas.com\/pt\/wp-content\/uploads\/2024\/04\/Aftersales-Characters-Awards-vai-realizar-se-no-proximo-dia-16-de-abril.png","width":1024,"height":581,"caption":"Pr\u00e9mios \"Personalidades do P\u00f3s-Venda\" realiza-se a 16 de abril"},{"@type":"BreadcrumbList","@id":"https:\/\/jornaldasoficinas.com\/pt\/aftersales-characters-awards-realiza-se-a-16-de-abril\/#breadcrumb","itemListElement":[{"@type":"ListItem","position":1,"name":"In\u00edcio","item":"https:\/\/jornaldasoficinas.com\/pt\/"},{"@type":"ListItem","position":2,"name":"Pr\u00e9mios &#8220;Personalidades do P\u00f3s-Venda&#8221; realiza-se a 16 de abril"}]},{"@type":"WebSite","@id":"https:\/\/jornaldasoficinas.com\/pt\/#website","url":"https:\/\/jornaldasoficinas.com\/pt\/","name":"Jornal das Oficinas","description":"Jornal independente do Aftermarket Autom\u00f3vel em Portugal","publisher":{"@id":"https:\/\/jornaldasoficinas.com\/pt\/#organization"},"potentialAction":[{"@type":"SearchAction","target":{"@type":"EntryPoint","urlTemplate":"https:\/\/jornaldasoficinas.com\/pt\/?s={search_term_string}"},"query-input":{"@type":"PropertyValueSpecification","valueRequired":true,"valueName":"search_term_string"}}],"inLanguage":"pt-PT"},{"@type":"Organization","@id":"https:\/\/jornaldasoficinas.com\/pt\/#organization","name":"Jornal das Oficinas","url":"https:\/\/jornaldasoficinas.com\/pt\/","logo":{"@type":"ImageObject","inLanguage":"pt-PT","@id":"https:\/\/jornaldasoficinas.com\/pt\/#\/schema\/logo\/image\/","url":"https:\/\/jornaldasoficinas.com\/pt\/wp-content\/uploads\/logoJO-SEO.png","contentUrl":"https:\/\/jornaldasoficinas.com\/pt\/wp-content\/uploads\/logoJO-SEO.png","width":285,"height":450,"caption":"Jornal das Oficinas"},"image":{"@id":"https:\/\/jornaldasoficinas.com\/pt\/#\/schema\/logo\/image\/"},"sameAs":["https:\/\/www.facebook.com\/jornaloficinas","https:\/\/x.com\/jornaloficinas","https:\/\/www.instagram.com\/jornal_oficinas\/","https:\/\/www.linkedin.com\/company\/jornal-das-oficinas\/","https:\/\/www.youtube.com\/channel\/UCbQZBqtcvV-oSQrr7RzINGg"]},{"@type":"Person","@id":"https:\/\/jornaldasoficinas.com\/pt\/#\/schema\/person\/a38eef5de2c41d9e7c9ac10141afddf3","name":"Reda\u00e7\u00e3o JO","image":{"@type":"ImageObject","inLanguage":"pt-PT","@id":"https:\/\/secure.gravatar.com\/avatar\/71f2fa71737ad68a84fea94bc708ddac8ea5b0c4788dc2ad202f3ccb2887742f?s=96&d=wp_user_avatar&r=g","url":"https:\/\/secure.gravatar.com\/avatar\/71f2fa71737ad68a84fea94bc708ddac8ea5b0c4788dc2ad202f3ccb2887742f?s=96&d=wp_user_avatar&r=g","contentUrl":"https:\/\/secure.gravatar.com\/avatar\/71f2fa71737ad68a84fea94bc708ddac8ea5b0c4788dc2ad202f3ccb2887742f?s=96&d=wp_user_avatar&r=g","caption":"Reda\u00e7\u00e3o JO"},"url":"https:\/\/jornaldasoficinas.com\/pt\/author\/joredacao\/"}]}},"_links":{"self":[{"href":"https:\/\/jornaldasoficinas.com\/pt\/wp-json\/wp\/v2\/posts\/82597","targetHints":{"allow":["GET"]}}],"collection":[{"href":"https:\/\/jornaldasoficinas.com\/pt\/wp-json\/wp\/v2\/posts"}],"about":[{"href":"https:\/\/jornaldasoficinas.com\/pt\/wp-json\/wp\/v2\/types\/post"}],"author":[{"embeddable":true,"href":"https:\/\/jornaldasoficinas.com\/pt\/wp-json\/wp\/v2\/users\/15"}],"replies":[{"embeddable":true,"href":"https:\/\/jornaldasoficinas.com\/pt\/wp-json\/wp\/v2\/comments?post=82597"}],"version-history":[{"count":0,"href":"https:\/\/jornaldasoficinas.com\/pt\/wp-json\/wp\/v2\/posts\/82597\/revisions"}],"wp:featuredmedia":[{"embeddable":true,"href":"https:\/\/jornaldasoficinas.com\/pt\/wp-json\/wp\/v2\/media\/82599"}],"wp:attachment":[{"href":"https:\/\/jornaldasoficinas.com\/pt\/wp-json\/wp\/v2\/media?parent=82597"}],"wp:term":[{"taxonomy":"category","embeddable":true,"href":"https:\/\/jornaldasoficinas.com\/pt\/wp-json\/wp\/v2\/categories?post=82597"},{"taxonomy":"post_tag","embeddable":true,"href":"https:\/\/jornaldasoficinas.com\/pt\/wp-json\/wp\/v2\/tags?post=82597"}],"curies":[{"name":"wp","href":"https:\/\/api.w.org\/{rel}","templated":true}]}}