{"id":82646,"date":"2024-04-14T20:30:38","date_gmt":"2024-04-14T19:30:38","guid":{"rendered":"https:\/\/jornaldasoficinas.com\/pt\/?p=82646"},"modified":"2024-04-12T23:32:34","modified_gmt":"2024-04-12T22:32:34","slug":"os-automoveis-conectados-de-hoje-e-do-amanha","status":"publish","type":"post","link":"https:\/\/jornaldasoficinas.com\/pt\/os-automoveis-conectados-de-hoje-e-do-amanha\/","title":{"rendered":"Os autom\u00f3veis conectados de hoje e do amanh\u00e3"},"content":{"rendered":"<p><img loading=\"lazy\" decoding=\"async\" class=\"size-full wp-image-82645\" src=\"https:\/\/jornaldasoficinas.com\/pt\/wp-content\/uploads\/2024\/04\/Cyber-Security.jpeg\" alt=\"04 - Cyber Security\" width=\"1024\" height=\"581\" srcset=\"https:\/\/jornaldasoficinas.com\/pt\/wp-content\/uploads\/2024\/04\/Cyber-Security.jpeg 1024w, https:\/\/jornaldasoficinas.com\/pt\/wp-content\/uploads\/2024\/04\/Cyber-Security-300x170.jpeg 300w, https:\/\/jornaldasoficinas.com\/pt\/wp-content\/uploads\/2024\/04\/Cyber-Security-150x85.jpeg 150w, https:\/\/jornaldasoficinas.com\/pt\/wp-content\/uploads\/2024\/04\/Cyber-Security-768x436.jpeg 768w\" sizes=\"auto, (max-width: 1024px) 100vw, 1024px\" \/><\/p>\n<p><strong>\u00c0 medida que o software se torna preponderante, o mesmo acontece com a necessidade de estar atualizado sobre a forma de lidar com ele em seguran\u00e7a. O ritmo a que o autom\u00f3vel moderno se est\u00e1 a desenvolver para incluir novas fun\u00e7\u00f5es baseadas em novas tecnologias \u00e9 exponencial<\/strong><\/p>\n<p>O propriet\u00e1rio do autom\u00f3vel muitas vezes desconhece isto, pois v\u00ea apenas a interface homem-m\u00e1quina que lhe permite selecionar e controlar fun\u00e7\u00f5es e, juntamente com muitas outras \u201ccoisas\u201d controladas eletronicamente, a expetativa \u00e9 de que \u201csimplesmente funcione\u201d.<\/p>\n<p>Dois elementos cruciais est\u00e3o a mudar com os autom\u00f3veis de hoje e do amanh\u00e3. Em primeiro lugar, est\u00e3o a transformar-se em sistemas eletr\u00f3nicos mais sofisticados e interativos, que exigem elevados n\u00edveis de conformidade de software. Frequentemente, isto pode significar que o ve\u00edculo necessita de \u201catualiza\u00e7\u00e3o\u201d que pode ser aplic\u00e1vel a um sistema ou a todo o ve\u00edculo.<\/p>\n<p>Hoje em dia, isto \u00e9 cada vez mais realizado atrav\u00e9s da utiliza\u00e7\u00e3o de interfaces normalizadas (interfaces de comunica\u00e7\u00e3o do ve\u00edculo &#8211; VCI) e passa pela programa\u00e7\u00e3o, estabelecendo uma liga\u00e7\u00e3o direta entre o ve\u00edculo e o website do fabricante do ve\u00edculo. Isto est\u00e1 agora a ser utilizado at\u00e9 mesmo ao n\u00edvel da substitui\u00e7\u00e3o de componentes b\u00e1sicos, tais como uma bateria ou componentes do sistema de gest\u00e3o do motor.<\/p>\n<p>Em segundo lugar, os ve\u00edculos est\u00e3o cada vez mais ligados atrav\u00e9s de sistemas telem\u00e1ticos, de modo que o autom\u00f3vel est\u00e1 a tornar-se parte da \u201cInternet das coisas\u201d. Isto permite a comunica\u00e7\u00e3o remota com o ve\u00edculo para fornecer uma gama de novos servi\u00e7os ao propriet\u00e1rio, ao condutor ou aos ocupantes do ve\u00edculo. Estes dividem-se em duas categorias: servi\u00e7os relacionados com o consumidor, tais como esta\u00e7\u00f5es de r\u00e1dio na Internet, liga\u00e7\u00e3o a e-mails, encontrar o lugar de estacionamento gratuito mais pr\u00f3ximo e muito mais, ou acesso relacionado com o neg\u00f3cio aos dados no ve\u00edculo para permitir a monitoriza\u00e7\u00e3o remota do estado do ve\u00edculo para manuten\u00e7\u00e3o preditiva, diagn\u00f3stico remoto, utiliza\u00e7\u00e3o do ve\u00edculo, seguro de pagamento por condu\u00e7\u00e3o, etc.<\/p>\n<p>Aceda \u00e0 informa\u00e7\u00e3o completa no Jornal das Oficinas impresso de fevereiro\/mar\u00e7o, <a href=\"https:\/\/www.yumpu.com\/pt\/document\/read\/68627625\/jornal-das-oficinas-215\/9\" target=\"_blank\" rel=\"noopener\">aqui<\/a>.<\/p>\n","protected":false},"excerpt":{"rendered":"<p>\u00c0 medida que o software se&#8230;<\/p>\n","protected":false},"author":15,"featured_media":82645,"comment_status":"closed","ping_status":"closed","sticky":false,"template":"","format":"standard","meta":{"footnotes":""},"categories":[37],"tags":[8486,8484,8487,8489,8488,1979,8490,8485],"class_list":["post-82646","post","type-post","status-publish","format-standard","has-post-thumbnail","hentry","category-mercado","tag-automoveis-modernos","tag-automoveis-tecnologicos","tag-futuro-conectado","tag-programacao","tag-sistemas-eletronicos","tag-software","tag-software-automovel","tag-veiculos-inteligentes"],"yoast_head":"<!-- This site is optimized with the Yoast SEO plugin v27.5 - https:\/\/yoast.com\/product\/yoast-seo-wordpress\/ -->\n<title>Os autom\u00f3veis conectados de hoje e do amanh\u00e3 - Jornal das Oficinas<\/title>\n<meta name=\"description\" content=\"O ritmo a que o autom\u00f3vel moderno se est\u00e1 a desenvolver para incluir novas fun\u00e7\u00f5es baseadas em novas tecnologias \u00e9 exponencial\" \/>\n<meta name=\"robots\" content=\"index, follow, max-snippet:-1, max-image-preview:large, max-video-preview:-1\" \/>\n<link rel=\"canonical\" href=\"https:\/\/jornaldasoficinas.com\/pt\/os-automoveis-conectados-de-hoje-e-do-amanha\/\" \/>\n<meta property=\"og:locale\" content=\"pt_PT\" \/>\n<meta property=\"og:type\" content=\"article\" \/>\n<meta property=\"og:title\" content=\"Os autom\u00f3veis conectados de hoje e do amanh\u00e3 - Jornal das Oficinas\" \/>\n<meta property=\"og:description\" content=\"O ritmo a que o autom\u00f3vel moderno se est\u00e1 a desenvolver para incluir novas fun\u00e7\u00f5es baseadas em novas tecnologias \u00e9 exponencial\" \/>\n<meta property=\"og:url\" content=\"https:\/\/jornaldasoficinas.com\/pt\/os-automoveis-conectados-de-hoje-e-do-amanha\/\" \/>\n<meta property=\"og:site_name\" content=\"Jornal das Oficinas\" \/>\n<meta property=\"article:publisher\" content=\"https:\/\/www.facebook.com\/jornaloficinas\" \/>\n<meta property=\"article:published_time\" content=\"2024-04-14T19:30:38+00:00\" \/>\n<meta property=\"og:image\" content=\"https:\/\/jornaldasoficinas.com\/pt\/wp-content\/uploads\/2024\/04\/Cyber-Security.jpeg\" \/>\n\t<meta property=\"og:image:width\" content=\"1024\" \/>\n\t<meta property=\"og:image:height\" content=\"581\" \/>\n\t<meta property=\"og:image:type\" content=\"image\/jpeg\" \/>\n<meta name=\"author\" content=\"Reda\u00e7\u00e3o JO\" \/>\n<meta name=\"twitter:card\" content=\"summary_large_image\" \/>\n<meta name=\"twitter:creator\" content=\"@jornaloficinas\" \/>\n<meta name=\"twitter:site\" content=\"@jornaloficinas\" \/>\n<meta name=\"twitter:label1\" content=\"Escrito por\" \/>\n\t<meta name=\"twitter:data1\" content=\"Reda\u00e7\u00e3o JO\" \/>\n\t<meta name=\"twitter:label2\" content=\"Tempo estimado de leitura\" \/>\n\t<meta name=\"twitter:data2\" content=\"3 minutos\" \/>\n<script type=\"application\/ld+json\" class=\"yoast-schema-graph\">{\"@context\":\"https:\\\/\\\/schema.org\",\"@graph\":[{\"@type\":\"Article\",\"@id\":\"https:\\\/\\\/jornaldasoficinas.com\\\/pt\\\/os-automoveis-conectados-de-hoje-e-do-amanha\\\/#article\",\"isPartOf\":{\"@id\":\"https:\\\/\\\/jornaldasoficinas.com\\\/pt\\\/os-automoveis-conectados-de-hoje-e-do-amanha\\\/\"},\"author\":{\"name\":\"Reda\u00e7\u00e3o JO\",\"@id\":\"https:\\\/\\\/jornaldasoficinas.com\\\/pt\\\/#\\\/schema\\\/person\\\/a38eef5de2c41d9e7c9ac10141afddf3\"},\"headline\":\"Os autom\u00f3veis conectados de hoje e do amanh\u00e3\",\"datePublished\":\"2024-04-14T19:30:38+00:00\",\"mainEntityOfPage\":{\"@id\":\"https:\\\/\\\/jornaldasoficinas.com\\\/pt\\\/os-automoveis-conectados-de-hoje-e-do-amanha\\\/\"},\"wordCount\":393,\"publisher\":{\"@id\":\"https:\\\/\\\/jornaldasoficinas.com\\\/pt\\\/#organization\"},\"image\":{\"@id\":\"https:\\\/\\\/jornaldasoficinas.com\\\/pt\\\/os-automoveis-conectados-de-hoje-e-do-amanha\\\/#primaryimage\"},\"thumbnailUrl\":\"https:\\\/\\\/jornaldasoficinas.com\\\/pt\\\/wp-content\\\/uploads\\\/2024\\\/04\\\/Cyber-Security.jpeg\",\"keywords\":[\"autom\u00f3veis modernos\",\"autom\u00f3veis tecnol\u00f3gicos\",\"futuro conectado\",\"programa\u00e7\u00e3o\",\"sistemas eletr\u00f3nicos\",\"Software\",\"software autom\u00f3vel\",\"ve\u00edculos inteligentes\"],\"articleSection\":[\"Mercado\"],\"inLanguage\":\"pt-PT\"},{\"@type\":\"WebPage\",\"@id\":\"https:\\\/\\\/jornaldasoficinas.com\\\/pt\\\/os-automoveis-conectados-de-hoje-e-do-amanha\\\/\",\"url\":\"https:\\\/\\\/jornaldasoficinas.com\\\/pt\\\/os-automoveis-conectados-de-hoje-e-do-amanha\\\/\",\"name\":\"Os autom\u00f3veis conectados de hoje e do amanh\u00e3 - Jornal das Oficinas\",\"isPartOf\":{\"@id\":\"https:\\\/\\\/jornaldasoficinas.com\\\/pt\\\/#website\"},\"primaryImageOfPage\":{\"@id\":\"https:\\\/\\\/jornaldasoficinas.com\\\/pt\\\/os-automoveis-conectados-de-hoje-e-do-amanha\\\/#primaryimage\"},\"image\":{\"@id\":\"https:\\\/\\\/jornaldasoficinas.com\\\/pt\\\/os-automoveis-conectados-de-hoje-e-do-amanha\\\/#primaryimage\"},\"thumbnailUrl\":\"https:\\\/\\\/jornaldasoficinas.com\\\/pt\\\/wp-content\\\/uploads\\\/2024\\\/04\\\/Cyber-Security.jpeg\",\"datePublished\":\"2024-04-14T19:30:38+00:00\",\"description\":\"O ritmo a que o autom\u00f3vel moderno se est\u00e1 a desenvolver para incluir novas fun\u00e7\u00f5es baseadas em novas tecnologias \u00e9 exponencial\",\"breadcrumb\":{\"@id\":\"https:\\\/\\\/jornaldasoficinas.com\\\/pt\\\/os-automoveis-conectados-de-hoje-e-do-amanha\\\/#breadcrumb\"},\"inLanguage\":\"pt-PT\",\"potentialAction\":[{\"@type\":\"ReadAction\",\"target\":[\"https:\\\/\\\/jornaldasoficinas.com\\\/pt\\\/os-automoveis-conectados-de-hoje-e-do-amanha\\\/\"]}]},{\"@type\":\"ImageObject\",\"inLanguage\":\"pt-PT\",\"@id\":\"https:\\\/\\\/jornaldasoficinas.com\\\/pt\\\/os-automoveis-conectados-de-hoje-e-do-amanha\\\/#primaryimage\",\"url\":\"https:\\\/\\\/jornaldasoficinas.com\\\/pt\\\/wp-content\\\/uploads\\\/2024\\\/04\\\/Cyber-Security.jpeg\",\"contentUrl\":\"https:\\\/\\\/jornaldasoficinas.com\\\/pt\\\/wp-content\\\/uploads\\\/2024\\\/04\\\/Cyber-Security.jpeg\",\"width\":1024,\"height\":581,\"caption\":\"Padlock Security cyber digital concept Abstract technology background protect system innovation vector illustration\"},{\"@type\":\"BreadcrumbList\",\"@id\":\"https:\\\/\\\/jornaldasoficinas.com\\\/pt\\\/os-automoveis-conectados-de-hoje-e-do-amanha\\\/#breadcrumb\",\"itemListElement\":[{\"@type\":\"ListItem\",\"position\":1,\"name\":\"In\u00edcio\",\"item\":\"https:\\\/\\\/jornaldasoficinas.com\\\/pt\\\/\"},{\"@type\":\"ListItem\",\"position\":2,\"name\":\"Os autom\u00f3veis conectados de hoje e do amanh\u00e3\"}]},{\"@type\":\"WebSite\",\"@id\":\"https:\\\/\\\/jornaldasoficinas.com\\\/pt\\\/#website\",\"url\":\"https:\\\/\\\/jornaldasoficinas.com\\\/pt\\\/\",\"name\":\"Jornal das Oficinas\",\"description\":\"Jornal independente do Aftermarket Autom\u00f3vel em Portugal\",\"publisher\":{\"@id\":\"https:\\\/\\\/jornaldasoficinas.com\\\/pt\\\/#organization\"},\"potentialAction\":[{\"@type\":\"SearchAction\",\"target\":{\"@type\":\"EntryPoint\",\"urlTemplate\":\"https:\\\/\\\/jornaldasoficinas.com\\\/pt\\\/?s={search_term_string}\"},\"query-input\":{\"@type\":\"PropertyValueSpecification\",\"valueRequired\":true,\"valueName\":\"search_term_string\"}}],\"inLanguage\":\"pt-PT\"},{\"@type\":\"Organization\",\"@id\":\"https:\\\/\\\/jornaldasoficinas.com\\\/pt\\\/#organization\",\"name\":\"Jornal das Oficinas\",\"url\":\"https:\\\/\\\/jornaldasoficinas.com\\\/pt\\\/\",\"logo\":{\"@type\":\"ImageObject\",\"inLanguage\":\"pt-PT\",\"@id\":\"https:\\\/\\\/jornaldasoficinas.com\\\/pt\\\/#\\\/schema\\\/logo\\\/image\\\/\",\"url\":\"https:\\\/\\\/jornaldasoficinas.com\\\/pt\\\/wp-content\\\/uploads\\\/logoJO-SEO.png\",\"contentUrl\":\"https:\\\/\\\/jornaldasoficinas.com\\\/pt\\\/wp-content\\\/uploads\\\/logoJO-SEO.png\",\"width\":285,\"height\":450,\"caption\":\"Jornal das Oficinas\"},\"image\":{\"@id\":\"https:\\\/\\\/jornaldasoficinas.com\\\/pt\\\/#\\\/schema\\\/logo\\\/image\\\/\"},\"sameAs\":[\"https:\\\/\\\/www.facebook.com\\\/jornaloficinas\",\"https:\\\/\\\/x.com\\\/jornaloficinas\",\"https:\\\/\\\/www.instagram.com\\\/jornal_oficinas\\\/\",\"https:\\\/\\\/www.linkedin.com\\\/company\\\/jornal-das-oficinas\\\/\",\"https:\\\/\\\/www.youtube.com\\\/channel\\\/UCbQZBqtcvV-oSQrr7RzINGg\"]},{\"@type\":\"Person\",\"@id\":\"https:\\\/\\\/jornaldasoficinas.com\\\/pt\\\/#\\\/schema\\\/person\\\/a38eef5de2c41d9e7c9ac10141afddf3\",\"name\":\"Reda\u00e7\u00e3o JO\",\"image\":{\"@type\":\"ImageObject\",\"inLanguage\":\"pt-PT\",\"@id\":\"https:\\\/\\\/secure.gravatar.com\\\/avatar\\\/71f2fa71737ad68a84fea94bc708ddac8ea5b0c4788dc2ad202f3ccb2887742f?s=96&d=wp_user_avatar&r=g\",\"url\":\"https:\\\/\\\/secure.gravatar.com\\\/avatar\\\/71f2fa71737ad68a84fea94bc708ddac8ea5b0c4788dc2ad202f3ccb2887742f?s=96&d=wp_user_avatar&r=g\",\"contentUrl\":\"https:\\\/\\\/secure.gravatar.com\\\/avatar\\\/71f2fa71737ad68a84fea94bc708ddac8ea5b0c4788dc2ad202f3ccb2887742f?s=96&d=wp_user_avatar&r=g\",\"caption\":\"Reda\u00e7\u00e3o JO\"},\"url\":\"https:\\\/\\\/jornaldasoficinas.com\\\/pt\\\/author\\\/joredacao\\\/\"}]}<\/script>\n<!-- \/ Yoast SEO plugin. -->","yoast_head_json":{"title":"Os autom\u00f3veis conectados de hoje e do amanh\u00e3 - Jornal das Oficinas","description":"O ritmo a que o autom\u00f3vel moderno se est\u00e1 a desenvolver para incluir novas fun\u00e7\u00f5es baseadas em novas tecnologias \u00e9 exponencial","robots":{"index":"index","follow":"follow","max-snippet":"max-snippet:-1","max-image-preview":"max-image-preview:large","max-video-preview":"max-video-preview:-1"},"canonical":"https:\/\/jornaldasoficinas.com\/pt\/os-automoveis-conectados-de-hoje-e-do-amanha\/","og_locale":"pt_PT","og_type":"article","og_title":"Os autom\u00f3veis conectados de hoje e do amanh\u00e3 - Jornal das Oficinas","og_description":"O ritmo a que o autom\u00f3vel moderno se est\u00e1 a desenvolver para incluir novas fun\u00e7\u00f5es baseadas em novas tecnologias \u00e9 exponencial","og_url":"https:\/\/jornaldasoficinas.com\/pt\/os-automoveis-conectados-de-hoje-e-do-amanha\/","og_site_name":"Jornal das Oficinas","article_publisher":"https:\/\/www.facebook.com\/jornaloficinas","article_published_time":"2024-04-14T19:30:38+00:00","og_image":[{"width":1024,"height":581,"url":"https:\/\/jornaldasoficinas.com\/pt\/wp-content\/uploads\/2024\/04\/Cyber-Security.jpeg","type":"image\/jpeg"}],"author":"Reda\u00e7\u00e3o JO","twitter_card":"summary_large_image","twitter_creator":"@jornaloficinas","twitter_site":"@jornaloficinas","twitter_misc":{"Escrito por":"Reda\u00e7\u00e3o JO","Tempo estimado de leitura":"3 minutos"},"schema":{"@context":"https:\/\/schema.org","@graph":[{"@type":"Article","@id":"https:\/\/jornaldasoficinas.com\/pt\/os-automoveis-conectados-de-hoje-e-do-amanha\/#article","isPartOf":{"@id":"https:\/\/jornaldasoficinas.com\/pt\/os-automoveis-conectados-de-hoje-e-do-amanha\/"},"author":{"name":"Reda\u00e7\u00e3o JO","@id":"https:\/\/jornaldasoficinas.com\/pt\/#\/schema\/person\/a38eef5de2c41d9e7c9ac10141afddf3"},"headline":"Os autom\u00f3veis conectados de hoje e do amanh\u00e3","datePublished":"2024-04-14T19:30:38+00:00","mainEntityOfPage":{"@id":"https:\/\/jornaldasoficinas.com\/pt\/os-automoveis-conectados-de-hoje-e-do-amanha\/"},"wordCount":393,"publisher":{"@id":"https:\/\/jornaldasoficinas.com\/pt\/#organization"},"image":{"@id":"https:\/\/jornaldasoficinas.com\/pt\/os-automoveis-conectados-de-hoje-e-do-amanha\/#primaryimage"},"thumbnailUrl":"https:\/\/jornaldasoficinas.com\/pt\/wp-content\/uploads\/2024\/04\/Cyber-Security.jpeg","keywords":["autom\u00f3veis modernos","autom\u00f3veis tecnol\u00f3gicos","futuro conectado","programa\u00e7\u00e3o","sistemas eletr\u00f3nicos","Software","software autom\u00f3vel","ve\u00edculos inteligentes"],"articleSection":["Mercado"],"inLanguage":"pt-PT"},{"@type":"WebPage","@id":"https:\/\/jornaldasoficinas.com\/pt\/os-automoveis-conectados-de-hoje-e-do-amanha\/","url":"https:\/\/jornaldasoficinas.com\/pt\/os-automoveis-conectados-de-hoje-e-do-amanha\/","name":"Os autom\u00f3veis conectados de hoje e do amanh\u00e3 - Jornal das Oficinas","isPartOf":{"@id":"https:\/\/jornaldasoficinas.com\/pt\/#website"},"primaryImageOfPage":{"@id":"https:\/\/jornaldasoficinas.com\/pt\/os-automoveis-conectados-de-hoje-e-do-amanha\/#primaryimage"},"image":{"@id":"https:\/\/jornaldasoficinas.com\/pt\/os-automoveis-conectados-de-hoje-e-do-amanha\/#primaryimage"},"thumbnailUrl":"https:\/\/jornaldasoficinas.com\/pt\/wp-content\/uploads\/2024\/04\/Cyber-Security.jpeg","datePublished":"2024-04-14T19:30:38+00:00","description":"O ritmo a que o autom\u00f3vel moderno se est\u00e1 a desenvolver para incluir novas fun\u00e7\u00f5es baseadas em novas tecnologias \u00e9 exponencial","breadcrumb":{"@id":"https:\/\/jornaldasoficinas.com\/pt\/os-automoveis-conectados-de-hoje-e-do-amanha\/#breadcrumb"},"inLanguage":"pt-PT","potentialAction":[{"@type":"ReadAction","target":["https:\/\/jornaldasoficinas.com\/pt\/os-automoveis-conectados-de-hoje-e-do-amanha\/"]}]},{"@type":"ImageObject","inLanguage":"pt-PT","@id":"https:\/\/jornaldasoficinas.com\/pt\/os-automoveis-conectados-de-hoje-e-do-amanha\/#primaryimage","url":"https:\/\/jornaldasoficinas.com\/pt\/wp-content\/uploads\/2024\/04\/Cyber-Security.jpeg","contentUrl":"https:\/\/jornaldasoficinas.com\/pt\/wp-content\/uploads\/2024\/04\/Cyber-Security.jpeg","width":1024,"height":581,"caption":"Padlock Security cyber digital concept Abstract technology background protect system innovation vector illustration"},{"@type":"BreadcrumbList","@id":"https:\/\/jornaldasoficinas.com\/pt\/os-automoveis-conectados-de-hoje-e-do-amanha\/#breadcrumb","itemListElement":[{"@type":"ListItem","position":1,"name":"In\u00edcio","item":"https:\/\/jornaldasoficinas.com\/pt\/"},{"@type":"ListItem","position":2,"name":"Os autom\u00f3veis conectados de hoje e do amanh\u00e3"}]},{"@type":"WebSite","@id":"https:\/\/jornaldasoficinas.com\/pt\/#website","url":"https:\/\/jornaldasoficinas.com\/pt\/","name":"Jornal das Oficinas","description":"Jornal independente do Aftermarket Autom\u00f3vel em Portugal","publisher":{"@id":"https:\/\/jornaldasoficinas.com\/pt\/#organization"},"potentialAction":[{"@type":"SearchAction","target":{"@type":"EntryPoint","urlTemplate":"https:\/\/jornaldasoficinas.com\/pt\/?s={search_term_string}"},"query-input":{"@type":"PropertyValueSpecification","valueRequired":true,"valueName":"search_term_string"}}],"inLanguage":"pt-PT"},{"@type":"Organization","@id":"https:\/\/jornaldasoficinas.com\/pt\/#organization","name":"Jornal das Oficinas","url":"https:\/\/jornaldasoficinas.com\/pt\/","logo":{"@type":"ImageObject","inLanguage":"pt-PT","@id":"https:\/\/jornaldasoficinas.com\/pt\/#\/schema\/logo\/image\/","url":"https:\/\/jornaldasoficinas.com\/pt\/wp-content\/uploads\/logoJO-SEO.png","contentUrl":"https:\/\/jornaldasoficinas.com\/pt\/wp-content\/uploads\/logoJO-SEO.png","width":285,"height":450,"caption":"Jornal das Oficinas"},"image":{"@id":"https:\/\/jornaldasoficinas.com\/pt\/#\/schema\/logo\/image\/"},"sameAs":["https:\/\/www.facebook.com\/jornaloficinas","https:\/\/x.com\/jornaloficinas","https:\/\/www.instagram.com\/jornal_oficinas\/","https:\/\/www.linkedin.com\/company\/jornal-das-oficinas\/","https:\/\/www.youtube.com\/channel\/UCbQZBqtcvV-oSQrr7RzINGg"]},{"@type":"Person","@id":"https:\/\/jornaldasoficinas.com\/pt\/#\/schema\/person\/a38eef5de2c41d9e7c9ac10141afddf3","name":"Reda\u00e7\u00e3o JO","image":{"@type":"ImageObject","inLanguage":"pt-PT","@id":"https:\/\/secure.gravatar.com\/avatar\/71f2fa71737ad68a84fea94bc708ddac8ea5b0c4788dc2ad202f3ccb2887742f?s=96&d=wp_user_avatar&r=g","url":"https:\/\/secure.gravatar.com\/avatar\/71f2fa71737ad68a84fea94bc708ddac8ea5b0c4788dc2ad202f3ccb2887742f?s=96&d=wp_user_avatar&r=g","contentUrl":"https:\/\/secure.gravatar.com\/avatar\/71f2fa71737ad68a84fea94bc708ddac8ea5b0c4788dc2ad202f3ccb2887742f?s=96&d=wp_user_avatar&r=g","caption":"Reda\u00e7\u00e3o JO"},"url":"https:\/\/jornaldasoficinas.com\/pt\/author\/joredacao\/"}]}},"_links":{"self":[{"href":"https:\/\/jornaldasoficinas.com\/pt\/wp-json\/wp\/v2\/posts\/82646","targetHints":{"allow":["GET"]}}],"collection":[{"href":"https:\/\/jornaldasoficinas.com\/pt\/wp-json\/wp\/v2\/posts"}],"about":[{"href":"https:\/\/jornaldasoficinas.com\/pt\/wp-json\/wp\/v2\/types\/post"}],"author":[{"embeddable":true,"href":"https:\/\/jornaldasoficinas.com\/pt\/wp-json\/wp\/v2\/users\/15"}],"replies":[{"embeddable":true,"href":"https:\/\/jornaldasoficinas.com\/pt\/wp-json\/wp\/v2\/comments?post=82646"}],"version-history":[{"count":0,"href":"https:\/\/jornaldasoficinas.com\/pt\/wp-json\/wp\/v2\/posts\/82646\/revisions"}],"wp:featuredmedia":[{"embeddable":true,"href":"https:\/\/jornaldasoficinas.com\/pt\/wp-json\/wp\/v2\/media\/82645"}],"wp:attachment":[{"href":"https:\/\/jornaldasoficinas.com\/pt\/wp-json\/wp\/v2\/media?parent=82646"}],"wp:term":[{"taxonomy":"category","embeddable":true,"href":"https:\/\/jornaldasoficinas.com\/pt\/wp-json\/wp\/v2\/categories?post=82646"},{"taxonomy":"post_tag","embeddable":true,"href":"https:\/\/jornaldasoficinas.com\/pt\/wp-json\/wp\/v2\/tags?post=82646"}],"curies":[{"name":"wp","href":"https:\/\/api.w.org\/{rel}","templated":true}]}}