{"id":82740,"date":"2024-04-15T16:00:48","date_gmt":"2024-04-15T15:00:48","guid":{"rendered":"https:\/\/jornaldasoficinas.com\/pt\/?p=82740"},"modified":"2024-04-15T11:15:06","modified_gmt":"2024-04-15T10:15:06","slug":"anecra-organiza-17o-encontro-nacional-da-reparacao-automovel","status":"publish","type":"post","link":"https:\/\/jornaldasoficinas.com\/pt\/anecra-organiza-17o-encontro-nacional-da-reparacao-automovel\/","title":{"rendered":"ANECRA organiza 17\u00ba Encontro Nacional da Repara\u00e7\u00e3o Autom\u00f3vel"},"content":{"rendered":"<p><img loading=\"lazy\" decoding=\"async\" class=\"alignnone size-full wp-image-82743\" src=\"https:\/\/jornaldasoficinas.com\/pt\/wp-content\/uploads\/2024\/04\/ANECRA-organiza-o-17o-Encontro-Nacional-da-Reparacao-Automovel.jpeg\" alt=\"04 - ANECRA organiza o 17o Encontro Nacional da Reparacao Automovel\" width=\"1024\" height=\"581\" srcset=\"https:\/\/jornaldasoficinas.com\/pt\/wp-content\/uploads\/2024\/04\/ANECRA-organiza-o-17o-Encontro-Nacional-da-Reparacao-Automovel.jpeg 1024w, https:\/\/jornaldasoficinas.com\/pt\/wp-content\/uploads\/2024\/04\/ANECRA-organiza-o-17o-Encontro-Nacional-da-Reparacao-Automovel-300x170.jpeg 300w, https:\/\/jornaldasoficinas.com\/pt\/wp-content\/uploads\/2024\/04\/ANECRA-organiza-o-17o-Encontro-Nacional-da-Reparacao-Automovel-150x85.jpeg 150w, https:\/\/jornaldasoficinas.com\/pt\/wp-content\/uploads\/2024\/04\/ANECRA-organiza-o-17o-Encontro-Nacional-da-Reparacao-Automovel-768x436.jpeg 768w\" sizes=\"auto, (max-width: 1024px) 100vw, 1024px\" \/><\/p>\n<p><strong>A <a href=\"https:\/\/www.anecra.pt\/\" target=\"_blank\" rel=\"noopener\">ANECRA<\/a>, ir\u00e1 promover este s\u00e1bado, dia 20 de abril, no Hotel Solverde Spa &amp; Wellness Center, em S\u00e3o F\u00e9lix da Marinha, Vila Nova de Gaia, a <a href=\"https:\/\/www.anecra.pt\/AL\/EventosAnecra17ENCONTRODAREPARACAOAUTOMOVEL.aspx\" target=\"_blank\" rel=\"noopener\">17\u00aa edi\u00e7\u00e3o do Encontro Nacional da Repara\u00e7\u00e3o Autom\u00f3vel<\/a> sob o tema &#8220;Setor Autom\u00f3vel \u2013 Rumo a um Futuro Sustent\u00e1vel&#8221;<\/strong><\/p>\n<p>Neste evento ser\u00e3o abordados diversos temas relevantes para os profissionais do setor da repara\u00e7\u00e3o autom\u00f3vel. Durante a manh\u00e3, ser\u00e1 orador neste encontro Pedro Nuno Ferreira, Head of Automotive Business do CETELEM BNP Paribas e falar\u00e1 sobre o Caminho da Sustentabilidade. Por sua vez, Filipe Teixeira, Diretor de Projetos da ANECRA\/SERVINECRA e Hugo Branquinho, VP Digital Solutions da EQS GLOBAL \/ KIWA falar\u00e3o sobre o projeto SERMI.<\/p>\n<p>Depois de uma pausa para o caf\u00e9, haver\u00e1 espa\u00e7o para abordar o &#8220;Futuro do Setor da Colis\u00e3o&#8221; tendo Carlos L\u00f3pez como orador e onde ser\u00e3o discutidos temas como os sistemas ADAS, a sinistralidade, o custo m\u00e9dio da repara\u00e7\u00e3o, o custo m\u00e9dio de repara\u00e7\u00e3o dos VEH e o impacto da Intelig\u00eancia Artificial no neg\u00f3cio. O tema pe\u00e7as verdes e economia circular tamb\u00e9m ir\u00e1 ser abordado e ter\u00e1 Daniel Dias, CEO da Atena Software, como orador.<\/p>\n<p>Ao final da manh\u00e3 haver\u00e1 espa\u00e7o para uma conversa moderada por Roberto Gaspar Secret\u00e1rio-Geral da ANECRA, sobre os &#8220;Desafios Imediatos da Atividade no P\u00f3s-Venda&#8221; com a participa\u00e7\u00e3o de Pedro Soares, Diretor Comercial Standvirtual \/ Olx MOTORS, Artur Teixeira, Administrador da Auto Duque, Ricardo Sim\u00f5es, COO da Midas, Lu\u00eds Santos, Diretor Geral da Impoeste e Vitor Pereira, Presidente da ANCAV.<\/p>\n<p>O evento terminar\u00e1 com um almo\u00e7o que contar\u00e1 com uma apresenta\u00e7\u00e3o do tema &#8220;Como implementar uma Estrat\u00e9gia Digital de Sucesso no neg\u00f3cio das Pe\u00e7as&#8221; desenhada pela Standvirtual \/ Olx.<\/p>\n<p>A rece\u00e7\u00e3o e boas-vindas estar\u00e1 ao cargo de Alexandre Ferreira, Presidente da Dire\u00e7\u00e3o da ANECRA, e ser\u00e1 realizado um enquadramento \u00e0 atualidade do Setor Autom\u00f3vel por Roberto Gaspar.<\/p>\n","protected":false},"excerpt":{"rendered":"<p>A ANECRA, ir\u00e1 promover este s\u00e1bado,&#8230;<\/p>\n","protected":false},"author":15,"featured_media":82743,"comment_status":"closed","ping_status":"closed","sticky":false,"template":"","format":"standard","meta":{"footnotes":""},"categories":[37],"tags":[137,8510,8507,8508,8509,5592],"class_list":["post-82740","post","type-post","status-publish","format-standard","has-post-thumbnail","hentry","category-mercado","tag-anecra","tag-dia-20-de-abril","tag-encontro-nacional-da-reparacao-automovel","tag-hotel-solverde-spa-wellness-center","tag-setor-automovel-rumo-a-um-futuro-sustentavel","tag-vila-nova-de-gaia"],"yoast_head":"<!-- This site is optimized with the Yoast SEO plugin v27.5 - https:\/\/yoast.com\/product\/yoast-seo-wordpress\/ -->\n<title>ANECRA organiza 17\u00ba Encontro Nacional da Repara\u00e7\u00e3o Autom\u00f3vel - Jornal das Oficinas<\/title>\n<meta name=\"description\" content=\"A ANECRA, ir\u00e1 promover este s\u00e1bado, dia 20 de abril, a 17\u00aa edi\u00e7\u00e3o do Encontro Nacional da Repara\u00e7\u00e3o Autom\u00f3vel\" \/>\n<meta name=\"robots\" content=\"index, follow, max-snippet:-1, max-image-preview:large, max-video-preview:-1\" \/>\n<link rel=\"canonical\" href=\"https:\/\/jornaldasoficinas.com\/pt\/anecra-organiza-17o-encontro-nacional-da-reparacao-automovel\/\" \/>\n<meta property=\"og:locale\" content=\"pt_PT\" \/>\n<meta property=\"og:type\" content=\"article\" \/>\n<meta property=\"og:title\" content=\"ANECRA organiza 17\u00ba Encontro Nacional da Repara\u00e7\u00e3o Autom\u00f3vel - Jornal das Oficinas\" \/>\n<meta property=\"og:description\" content=\"A ANECRA, ir\u00e1 promover este s\u00e1bado, dia 20 de abril, a 17\u00aa edi\u00e7\u00e3o do Encontro Nacional da Repara\u00e7\u00e3o Autom\u00f3vel\" \/>\n<meta property=\"og:url\" content=\"https:\/\/jornaldasoficinas.com\/pt\/anecra-organiza-17o-encontro-nacional-da-reparacao-automovel\/\" \/>\n<meta property=\"og:site_name\" content=\"Jornal das Oficinas\" \/>\n<meta property=\"article:publisher\" content=\"https:\/\/www.facebook.com\/jornaloficinas\" \/>\n<meta property=\"article:published_time\" content=\"2024-04-15T15:00:48+00:00\" \/>\n<meta property=\"og:image\" content=\"https:\/\/jornaldasoficinas.com\/pt\/wp-content\/uploads\/2024\/04\/ANECRA-organiza-o-17o-Encontro-Nacional-da-Reparacao-Automovel.jpeg\" \/>\n\t<meta property=\"og:image:width\" content=\"1024\" \/>\n\t<meta property=\"og:image:height\" content=\"581\" \/>\n\t<meta property=\"og:image:type\" content=\"image\/jpeg\" \/>\n<meta name=\"author\" content=\"Reda\u00e7\u00e3o JO\" \/>\n<meta name=\"twitter:card\" content=\"summary_large_image\" \/>\n<meta name=\"twitter:creator\" content=\"@jornaloficinas\" \/>\n<meta name=\"twitter:site\" content=\"@jornaloficinas\" \/>\n<meta name=\"twitter:label1\" content=\"Escrito por\" \/>\n\t<meta name=\"twitter:data1\" content=\"Reda\u00e7\u00e3o JO\" \/>\n\t<meta name=\"twitter:label2\" content=\"Tempo estimado de leitura\" \/>\n\t<meta name=\"twitter:data2\" content=\"3 minutos\" \/>\n<script type=\"application\/ld+json\" class=\"yoast-schema-graph\">{\"@context\":\"https:\\\/\\\/schema.org\",\"@graph\":[{\"@type\":\"Article\",\"@id\":\"https:\\\/\\\/jornaldasoficinas.com\\\/pt\\\/anecra-organiza-17o-encontro-nacional-da-reparacao-automovel\\\/#article\",\"isPartOf\":{\"@id\":\"https:\\\/\\\/jornaldasoficinas.com\\\/pt\\\/anecra-organiza-17o-encontro-nacional-da-reparacao-automovel\\\/\"},\"author\":{\"name\":\"Reda\u00e7\u00e3o JO\",\"@id\":\"https:\\\/\\\/jornaldasoficinas.com\\\/pt\\\/#\\\/schema\\\/person\\\/a38eef5de2c41d9e7c9ac10141afddf3\"},\"headline\":\"ANECRA organiza 17\u00ba Encontro Nacional da Repara\u00e7\u00e3o Autom\u00f3vel\",\"datePublished\":\"2024-04-15T15:00:48+00:00\",\"mainEntityOfPage\":{\"@id\":\"https:\\\/\\\/jornaldasoficinas.com\\\/pt\\\/anecra-organiza-17o-encontro-nacional-da-reparacao-automovel\\\/\"},\"wordCount\":343,\"publisher\":{\"@id\":\"https:\\\/\\\/jornaldasoficinas.com\\\/pt\\\/#organization\"},\"image\":{\"@id\":\"https:\\\/\\\/jornaldasoficinas.com\\\/pt\\\/anecra-organiza-17o-encontro-nacional-da-reparacao-automovel\\\/#primaryimage\"},\"thumbnailUrl\":\"https:\\\/\\\/jornaldasoficinas.com\\\/pt\\\/wp-content\\\/uploads\\\/2024\\\/04\\\/ANECRA-organiza-o-17o-Encontro-Nacional-da-Reparacao-Automovel.jpeg\",\"keywords\":[\"ANECRA\",\"dia 20 de abril\",\"Encontro Nacional da Repara\u00e7\u00e3o Autom\u00f3vel\",\"Hotel Solverde Spa &amp; Wellness Center\",\"Setor Autom\u00f3vel \u2013 Rumo a um Futuro Sustent\u00e1vel\",\"Vila Nova de Gaia\"],\"articleSection\":[\"Mercado\"],\"inLanguage\":\"pt-PT\"},{\"@type\":\"WebPage\",\"@id\":\"https:\\\/\\\/jornaldasoficinas.com\\\/pt\\\/anecra-organiza-17o-encontro-nacional-da-reparacao-automovel\\\/\",\"url\":\"https:\\\/\\\/jornaldasoficinas.com\\\/pt\\\/anecra-organiza-17o-encontro-nacional-da-reparacao-automovel\\\/\",\"name\":\"ANECRA organiza 17\u00ba Encontro Nacional da Repara\u00e7\u00e3o Autom\u00f3vel - Jornal das Oficinas\",\"isPartOf\":{\"@id\":\"https:\\\/\\\/jornaldasoficinas.com\\\/pt\\\/#website\"},\"primaryImageOfPage\":{\"@id\":\"https:\\\/\\\/jornaldasoficinas.com\\\/pt\\\/anecra-organiza-17o-encontro-nacional-da-reparacao-automovel\\\/#primaryimage\"},\"image\":{\"@id\":\"https:\\\/\\\/jornaldasoficinas.com\\\/pt\\\/anecra-organiza-17o-encontro-nacional-da-reparacao-automovel\\\/#primaryimage\"},\"thumbnailUrl\":\"https:\\\/\\\/jornaldasoficinas.com\\\/pt\\\/wp-content\\\/uploads\\\/2024\\\/04\\\/ANECRA-organiza-o-17o-Encontro-Nacional-da-Reparacao-Automovel.jpeg\",\"datePublished\":\"2024-04-15T15:00:48+00:00\",\"description\":\"A ANECRA, ir\u00e1 promover este s\u00e1bado, dia 20 de abril, a 17\u00aa edi\u00e7\u00e3o do Encontro Nacional da Repara\u00e7\u00e3o Autom\u00f3vel\",\"breadcrumb\":{\"@id\":\"https:\\\/\\\/jornaldasoficinas.com\\\/pt\\\/anecra-organiza-17o-encontro-nacional-da-reparacao-automovel\\\/#breadcrumb\"},\"inLanguage\":\"pt-PT\",\"potentialAction\":[{\"@type\":\"ReadAction\",\"target\":[\"https:\\\/\\\/jornaldasoficinas.com\\\/pt\\\/anecra-organiza-17o-encontro-nacional-da-reparacao-automovel\\\/\"]}]},{\"@type\":\"ImageObject\",\"inLanguage\":\"pt-PT\",\"@id\":\"https:\\\/\\\/jornaldasoficinas.com\\\/pt\\\/anecra-organiza-17o-encontro-nacional-da-reparacao-automovel\\\/#primaryimage\",\"url\":\"https:\\\/\\\/jornaldasoficinas.com\\\/pt\\\/wp-content\\\/uploads\\\/2024\\\/04\\\/ANECRA-organiza-o-17o-Encontro-Nacional-da-Reparacao-Automovel.jpeg\",\"contentUrl\":\"https:\\\/\\\/jornaldasoficinas.com\\\/pt\\\/wp-content\\\/uploads\\\/2024\\\/04\\\/ANECRA-organiza-o-17o-Encontro-Nacional-da-Reparacao-Automovel.jpeg\",\"width\":1024,\"height\":581,\"caption\":\"04 - ANECRA organiza o 17o Encontro Nacional da Reparacao Automovel\"},{\"@type\":\"BreadcrumbList\",\"@id\":\"https:\\\/\\\/jornaldasoficinas.com\\\/pt\\\/anecra-organiza-17o-encontro-nacional-da-reparacao-automovel\\\/#breadcrumb\",\"itemListElement\":[{\"@type\":\"ListItem\",\"position\":1,\"name\":\"In\u00edcio\",\"item\":\"https:\\\/\\\/jornaldasoficinas.com\\\/pt\\\/\"},{\"@type\":\"ListItem\",\"position\":2,\"name\":\"ANECRA organiza 17\u00ba Encontro Nacional da Repara\u00e7\u00e3o Autom\u00f3vel\"}]},{\"@type\":\"WebSite\",\"@id\":\"https:\\\/\\\/jornaldasoficinas.com\\\/pt\\\/#website\",\"url\":\"https:\\\/\\\/jornaldasoficinas.com\\\/pt\\\/\",\"name\":\"Jornal das Oficinas\",\"description\":\"Jornal independente do Aftermarket Autom\u00f3vel em Portugal\",\"publisher\":{\"@id\":\"https:\\\/\\\/jornaldasoficinas.com\\\/pt\\\/#organization\"},\"potentialAction\":[{\"@type\":\"SearchAction\",\"target\":{\"@type\":\"EntryPoint\",\"urlTemplate\":\"https:\\\/\\\/jornaldasoficinas.com\\\/pt\\\/?s={search_term_string}\"},\"query-input\":{\"@type\":\"PropertyValueSpecification\",\"valueRequired\":true,\"valueName\":\"search_term_string\"}}],\"inLanguage\":\"pt-PT\"},{\"@type\":\"Organization\",\"@id\":\"https:\\\/\\\/jornaldasoficinas.com\\\/pt\\\/#organization\",\"name\":\"Jornal das Oficinas\",\"url\":\"https:\\\/\\\/jornaldasoficinas.com\\\/pt\\\/\",\"logo\":{\"@type\":\"ImageObject\",\"inLanguage\":\"pt-PT\",\"@id\":\"https:\\\/\\\/jornaldasoficinas.com\\\/pt\\\/#\\\/schema\\\/logo\\\/image\\\/\",\"url\":\"https:\\\/\\\/jornaldasoficinas.com\\\/pt\\\/wp-content\\\/uploads\\\/logoJO-SEO.png\",\"contentUrl\":\"https:\\\/\\\/jornaldasoficinas.com\\\/pt\\\/wp-content\\\/uploads\\\/logoJO-SEO.png\",\"width\":285,\"height\":450,\"caption\":\"Jornal das Oficinas\"},\"image\":{\"@id\":\"https:\\\/\\\/jornaldasoficinas.com\\\/pt\\\/#\\\/schema\\\/logo\\\/image\\\/\"},\"sameAs\":[\"https:\\\/\\\/www.facebook.com\\\/jornaloficinas\",\"https:\\\/\\\/x.com\\\/jornaloficinas\",\"https:\\\/\\\/www.instagram.com\\\/jornal_oficinas\\\/\",\"https:\\\/\\\/www.linkedin.com\\\/company\\\/jornal-das-oficinas\\\/\",\"https:\\\/\\\/www.youtube.com\\\/channel\\\/UCbQZBqtcvV-oSQrr7RzINGg\"]},{\"@type\":\"Person\",\"@id\":\"https:\\\/\\\/jornaldasoficinas.com\\\/pt\\\/#\\\/schema\\\/person\\\/a38eef5de2c41d9e7c9ac10141afddf3\",\"name\":\"Reda\u00e7\u00e3o JO\",\"image\":{\"@type\":\"ImageObject\",\"inLanguage\":\"pt-PT\",\"@id\":\"https:\\\/\\\/secure.gravatar.com\\\/avatar\\\/71f2fa71737ad68a84fea94bc708ddac8ea5b0c4788dc2ad202f3ccb2887742f?s=96&d=wp_user_avatar&r=g\",\"url\":\"https:\\\/\\\/secure.gravatar.com\\\/avatar\\\/71f2fa71737ad68a84fea94bc708ddac8ea5b0c4788dc2ad202f3ccb2887742f?s=96&d=wp_user_avatar&r=g\",\"contentUrl\":\"https:\\\/\\\/secure.gravatar.com\\\/avatar\\\/71f2fa71737ad68a84fea94bc708ddac8ea5b0c4788dc2ad202f3ccb2887742f?s=96&d=wp_user_avatar&r=g\",\"caption\":\"Reda\u00e7\u00e3o JO\"},\"url\":\"https:\\\/\\\/jornaldasoficinas.com\\\/pt\\\/author\\\/joredacao\\\/\"}]}<\/script>\n<!-- \/ Yoast SEO plugin. -->","yoast_head_json":{"title":"ANECRA organiza 17\u00ba Encontro Nacional da Repara\u00e7\u00e3o Autom\u00f3vel - Jornal das Oficinas","description":"A ANECRA, ir\u00e1 promover este s\u00e1bado, dia 20 de abril, a 17\u00aa edi\u00e7\u00e3o do Encontro Nacional da Repara\u00e7\u00e3o Autom\u00f3vel","robots":{"index":"index","follow":"follow","max-snippet":"max-snippet:-1","max-image-preview":"max-image-preview:large","max-video-preview":"max-video-preview:-1"},"canonical":"https:\/\/jornaldasoficinas.com\/pt\/anecra-organiza-17o-encontro-nacional-da-reparacao-automovel\/","og_locale":"pt_PT","og_type":"article","og_title":"ANECRA organiza 17\u00ba Encontro Nacional da Repara\u00e7\u00e3o Autom\u00f3vel - Jornal das Oficinas","og_description":"A ANECRA, ir\u00e1 promover este s\u00e1bado, dia 20 de abril, a 17\u00aa edi\u00e7\u00e3o do Encontro Nacional da Repara\u00e7\u00e3o Autom\u00f3vel","og_url":"https:\/\/jornaldasoficinas.com\/pt\/anecra-organiza-17o-encontro-nacional-da-reparacao-automovel\/","og_site_name":"Jornal das Oficinas","article_publisher":"https:\/\/www.facebook.com\/jornaloficinas","article_published_time":"2024-04-15T15:00:48+00:00","og_image":[{"width":1024,"height":581,"url":"https:\/\/jornaldasoficinas.com\/pt\/wp-content\/uploads\/2024\/04\/ANECRA-organiza-o-17o-Encontro-Nacional-da-Reparacao-Automovel.jpeg","type":"image\/jpeg"}],"author":"Reda\u00e7\u00e3o JO","twitter_card":"summary_large_image","twitter_creator":"@jornaloficinas","twitter_site":"@jornaloficinas","twitter_misc":{"Escrito por":"Reda\u00e7\u00e3o JO","Tempo estimado de leitura":"3 minutos"},"schema":{"@context":"https:\/\/schema.org","@graph":[{"@type":"Article","@id":"https:\/\/jornaldasoficinas.com\/pt\/anecra-organiza-17o-encontro-nacional-da-reparacao-automovel\/#article","isPartOf":{"@id":"https:\/\/jornaldasoficinas.com\/pt\/anecra-organiza-17o-encontro-nacional-da-reparacao-automovel\/"},"author":{"name":"Reda\u00e7\u00e3o JO","@id":"https:\/\/jornaldasoficinas.com\/pt\/#\/schema\/person\/a38eef5de2c41d9e7c9ac10141afddf3"},"headline":"ANECRA organiza 17\u00ba Encontro Nacional da Repara\u00e7\u00e3o Autom\u00f3vel","datePublished":"2024-04-15T15:00:48+00:00","mainEntityOfPage":{"@id":"https:\/\/jornaldasoficinas.com\/pt\/anecra-organiza-17o-encontro-nacional-da-reparacao-automovel\/"},"wordCount":343,"publisher":{"@id":"https:\/\/jornaldasoficinas.com\/pt\/#organization"},"image":{"@id":"https:\/\/jornaldasoficinas.com\/pt\/anecra-organiza-17o-encontro-nacional-da-reparacao-automovel\/#primaryimage"},"thumbnailUrl":"https:\/\/jornaldasoficinas.com\/pt\/wp-content\/uploads\/2024\/04\/ANECRA-organiza-o-17o-Encontro-Nacional-da-Reparacao-Automovel.jpeg","keywords":["ANECRA","dia 20 de abril","Encontro Nacional da Repara\u00e7\u00e3o Autom\u00f3vel","Hotel Solverde Spa &amp; Wellness Center","Setor Autom\u00f3vel \u2013 Rumo a um Futuro Sustent\u00e1vel","Vila Nova de Gaia"],"articleSection":["Mercado"],"inLanguage":"pt-PT"},{"@type":"WebPage","@id":"https:\/\/jornaldasoficinas.com\/pt\/anecra-organiza-17o-encontro-nacional-da-reparacao-automovel\/","url":"https:\/\/jornaldasoficinas.com\/pt\/anecra-organiza-17o-encontro-nacional-da-reparacao-automovel\/","name":"ANECRA organiza 17\u00ba Encontro Nacional da Repara\u00e7\u00e3o Autom\u00f3vel - Jornal das Oficinas","isPartOf":{"@id":"https:\/\/jornaldasoficinas.com\/pt\/#website"},"primaryImageOfPage":{"@id":"https:\/\/jornaldasoficinas.com\/pt\/anecra-organiza-17o-encontro-nacional-da-reparacao-automovel\/#primaryimage"},"image":{"@id":"https:\/\/jornaldasoficinas.com\/pt\/anecra-organiza-17o-encontro-nacional-da-reparacao-automovel\/#primaryimage"},"thumbnailUrl":"https:\/\/jornaldasoficinas.com\/pt\/wp-content\/uploads\/2024\/04\/ANECRA-organiza-o-17o-Encontro-Nacional-da-Reparacao-Automovel.jpeg","datePublished":"2024-04-15T15:00:48+00:00","description":"A ANECRA, ir\u00e1 promover este s\u00e1bado, dia 20 de abril, a 17\u00aa edi\u00e7\u00e3o do Encontro Nacional da Repara\u00e7\u00e3o Autom\u00f3vel","breadcrumb":{"@id":"https:\/\/jornaldasoficinas.com\/pt\/anecra-organiza-17o-encontro-nacional-da-reparacao-automovel\/#breadcrumb"},"inLanguage":"pt-PT","potentialAction":[{"@type":"ReadAction","target":["https:\/\/jornaldasoficinas.com\/pt\/anecra-organiza-17o-encontro-nacional-da-reparacao-automovel\/"]}]},{"@type":"ImageObject","inLanguage":"pt-PT","@id":"https:\/\/jornaldasoficinas.com\/pt\/anecra-organiza-17o-encontro-nacional-da-reparacao-automovel\/#primaryimage","url":"https:\/\/jornaldasoficinas.com\/pt\/wp-content\/uploads\/2024\/04\/ANECRA-organiza-o-17o-Encontro-Nacional-da-Reparacao-Automovel.jpeg","contentUrl":"https:\/\/jornaldasoficinas.com\/pt\/wp-content\/uploads\/2024\/04\/ANECRA-organiza-o-17o-Encontro-Nacional-da-Reparacao-Automovel.jpeg","width":1024,"height":581,"caption":"04 - ANECRA organiza o 17o Encontro Nacional da Reparacao Automovel"},{"@type":"BreadcrumbList","@id":"https:\/\/jornaldasoficinas.com\/pt\/anecra-organiza-17o-encontro-nacional-da-reparacao-automovel\/#breadcrumb","itemListElement":[{"@type":"ListItem","position":1,"name":"In\u00edcio","item":"https:\/\/jornaldasoficinas.com\/pt\/"},{"@type":"ListItem","position":2,"name":"ANECRA organiza 17\u00ba Encontro Nacional da Repara\u00e7\u00e3o Autom\u00f3vel"}]},{"@type":"WebSite","@id":"https:\/\/jornaldasoficinas.com\/pt\/#website","url":"https:\/\/jornaldasoficinas.com\/pt\/","name":"Jornal das Oficinas","description":"Jornal independente do Aftermarket Autom\u00f3vel em Portugal","publisher":{"@id":"https:\/\/jornaldasoficinas.com\/pt\/#organization"},"potentialAction":[{"@type":"SearchAction","target":{"@type":"EntryPoint","urlTemplate":"https:\/\/jornaldasoficinas.com\/pt\/?s={search_term_string}"},"query-input":{"@type":"PropertyValueSpecification","valueRequired":true,"valueName":"search_term_string"}}],"inLanguage":"pt-PT"},{"@type":"Organization","@id":"https:\/\/jornaldasoficinas.com\/pt\/#organization","name":"Jornal das Oficinas","url":"https:\/\/jornaldasoficinas.com\/pt\/","logo":{"@type":"ImageObject","inLanguage":"pt-PT","@id":"https:\/\/jornaldasoficinas.com\/pt\/#\/schema\/logo\/image\/","url":"https:\/\/jornaldasoficinas.com\/pt\/wp-content\/uploads\/logoJO-SEO.png","contentUrl":"https:\/\/jornaldasoficinas.com\/pt\/wp-content\/uploads\/logoJO-SEO.png","width":285,"height":450,"caption":"Jornal das Oficinas"},"image":{"@id":"https:\/\/jornaldasoficinas.com\/pt\/#\/schema\/logo\/image\/"},"sameAs":["https:\/\/www.facebook.com\/jornaloficinas","https:\/\/x.com\/jornaloficinas","https:\/\/www.instagram.com\/jornal_oficinas\/","https:\/\/www.linkedin.com\/company\/jornal-das-oficinas\/","https:\/\/www.youtube.com\/channel\/UCbQZBqtcvV-oSQrr7RzINGg"]},{"@type":"Person","@id":"https:\/\/jornaldasoficinas.com\/pt\/#\/schema\/person\/a38eef5de2c41d9e7c9ac10141afddf3","name":"Reda\u00e7\u00e3o JO","image":{"@type":"ImageObject","inLanguage":"pt-PT","@id":"https:\/\/secure.gravatar.com\/avatar\/71f2fa71737ad68a84fea94bc708ddac8ea5b0c4788dc2ad202f3ccb2887742f?s=96&d=wp_user_avatar&r=g","url":"https:\/\/secure.gravatar.com\/avatar\/71f2fa71737ad68a84fea94bc708ddac8ea5b0c4788dc2ad202f3ccb2887742f?s=96&d=wp_user_avatar&r=g","contentUrl":"https:\/\/secure.gravatar.com\/avatar\/71f2fa71737ad68a84fea94bc708ddac8ea5b0c4788dc2ad202f3ccb2887742f?s=96&d=wp_user_avatar&r=g","caption":"Reda\u00e7\u00e3o JO"},"url":"https:\/\/jornaldasoficinas.com\/pt\/author\/joredacao\/"}]}},"_links":{"self":[{"href":"https:\/\/jornaldasoficinas.com\/pt\/wp-json\/wp\/v2\/posts\/82740","targetHints":{"allow":["GET"]}}],"collection":[{"href":"https:\/\/jornaldasoficinas.com\/pt\/wp-json\/wp\/v2\/posts"}],"about":[{"href":"https:\/\/jornaldasoficinas.com\/pt\/wp-json\/wp\/v2\/types\/post"}],"author":[{"embeddable":true,"href":"https:\/\/jornaldasoficinas.com\/pt\/wp-json\/wp\/v2\/users\/15"}],"replies":[{"embeddable":true,"href":"https:\/\/jornaldasoficinas.com\/pt\/wp-json\/wp\/v2\/comments?post=82740"}],"version-history":[{"count":0,"href":"https:\/\/jornaldasoficinas.com\/pt\/wp-json\/wp\/v2\/posts\/82740\/revisions"}],"wp:featuredmedia":[{"embeddable":true,"href":"https:\/\/jornaldasoficinas.com\/pt\/wp-json\/wp\/v2\/media\/82743"}],"wp:attachment":[{"href":"https:\/\/jornaldasoficinas.com\/pt\/wp-json\/wp\/v2\/media?parent=82740"}],"wp:term":[{"taxonomy":"category","embeddable":true,"href":"https:\/\/jornaldasoficinas.com\/pt\/wp-json\/wp\/v2\/categories?post=82740"},{"taxonomy":"post_tag","embeddable":true,"href":"https:\/\/jornaldasoficinas.com\/pt\/wp-json\/wp\/v2\/tags?post=82740"}],"curies":[{"name":"wp","href":"https:\/\/api.w.org\/{rel}","templated":true}]}}