{"id":82788,"date":"2024-04-16T18:00:41","date_gmt":"2024-04-16T17:00:41","guid":{"rendered":"https:\/\/jornaldasoficinas.com\/pt\/?p=82788"},"modified":"2024-04-16T09:53:19","modified_gmt":"2024-04-16T08:53:19","slug":"nova-versao-e-taco-lite-diz-adeus-ao-livrete-individual-de-controlo","status":"publish","type":"post","link":"https:\/\/jornaldasoficinas.com\/pt\/nova-versao-e-taco-lite-diz-adeus-ao-livrete-individual-de-controlo\/","title":{"rendered":"Nova vers\u00e3o E-Taco Lite diz \u201cadeus\u201d ao livrete individual de controlo"},"content":{"rendered":"<p><img loading=\"lazy\" decoding=\"async\" class=\"alignnone size-full wp-image-82791\" src=\"https:\/\/jornaldasoficinas.com\/pt\/wp-content\/uploads\/2024\/04\/Nova-versao-E-Taco-Lite-diz-adeus-ao-livrete-individual-de-controlo.jpg\" alt=\"Nova versao E Taco Lite diz adeus ao livrete individual de controlo\" width=\"1024\" height=\"581\" srcset=\"https:\/\/jornaldasoficinas.com\/pt\/wp-content\/uploads\/2024\/04\/Nova-versao-E-Taco-Lite-diz-adeus-ao-livrete-individual-de-controlo.jpg 1024w, https:\/\/jornaldasoficinas.com\/pt\/wp-content\/uploads\/2024\/04\/Nova-versao-E-Taco-Lite-diz-adeus-ao-livrete-individual-de-controlo-300x170.jpg 300w, https:\/\/jornaldasoficinas.com\/pt\/wp-content\/uploads\/2024\/04\/Nova-versao-E-Taco-Lite-diz-adeus-ao-livrete-individual-de-controlo-150x85.jpg 150w, https:\/\/jornaldasoficinas.com\/pt\/wp-content\/uploads\/2024\/04\/Nova-versao-E-Taco-Lite-diz-adeus-ao-livrete-individual-de-controlo-768x436.jpg 768w\" sizes=\"auto, (max-width: 1024px) 100vw, 1024px\" \/><\/p>\n<p><strong>Depois da E-taco, a\u00a0<a href=\"https:\/\/www.cartrack.pt\/\" target=\"_blank\" rel=\"noopener\">Cartrack<\/a> lan\u00e7a a vers\u00e3o E-Taco Lite. De utiliza\u00e7\u00e3o simples e intuitiva, e dispon\u00edvel para smartphones, distingue-se da vers\u00e3o E-Taco pela sua flexibilidade e autonomia<\/strong><\/p>\n<p>Tal como na vers\u00e3o E-Taco, a E-Taco Lite permite o registo remoto da atividade dos trabalhadores m\u00f3veis, acompanha os registos da equipa em tempo real e permite a gest\u00e3o e a produ\u00e7\u00e3o de relat\u00f3rios instant\u00e2neos de forma simples e intuitiva, evitando a perda de informa\u00e7\u00e3o essencial.<\/p>\n<p>Mais flex\u00edvel do que a vers\u00e3o original, a E-Taco Lite distingue-se, tamb\u00e9m, pela autonomia, uma vez que funciona sem integra\u00e7\u00e3o com o sistema de gest\u00e3o de frotas, recorrendo a registos manuais. Por seu lado, a vers\u00e3o E-Taco funciona com integra\u00e7\u00e3o no sistema de gest\u00e3o de frotas da Cartrack, permitindo ao trabalhador m\u00f3vel o registo autom\u00e1tico da sua atividade, substituindo o tradicional livrete individual de controlo, em papel, por um sistema digital que permite o registo e o controlo de hor\u00e1rios de trabalho, de forma individual.<\/p>\n<p><strong>Porque devem os trabalhadores m\u00f3veis adotar estas aplica\u00e7\u00f5es?<\/strong><br \/>\nO lan\u00e7amento da aplica\u00e7\u00e3o E-Taco surge na sequ\u00eancia da entrada em vigor da portaria 7\/2022, que tornou obrigat\u00f3rio este registo, por parte dos trabalhadores m\u00f3veis, atrav\u00e9s de meios digitais. As aplica\u00e7\u00f5es, em quest\u00e3o, cumprem todas as revis\u00f5es legais \u00e0 data.<\/p>\n<p>Para dar resposta a esta necessidade, a Cartrack disponibiliza agora duas aplica\u00e7\u00f5es \u2013 E-Taco e a E-Taco Lite \u2013 com a certifica\u00e7\u00e3o de Sistema Inform\u00e1tico para Publicidade dos Hor\u00e1rios de Trabalho da Empresa de Certifica\u00e7\u00e3o Nacional, alternativas \u00fateis, r\u00e1pidas e simples para descarregar e arquivar informa\u00e7\u00e3o remotamente.<\/p>\n","protected":false},"excerpt":{"rendered":"<p>Depois da E-taco, a\u00a0Cartrack lan\u00e7a a&#8230;<\/p>\n","protected":false},"author":15,"featured_media":82791,"comment_status":"closed","ping_status":"closed","sticky":false,"template":"","format":"standard","meta":{"footnotes":""},"categories":[29],"tags":[8530,2078,8524,8526,8527,8528,8525,8529],"class_list":["post-82788","post","type-post","status-publish","format-standard","has-post-thumbnail","hentry","category-empresas","tag-aplicacao-movel","tag-cartrack","tag-e-taco-lite","tag-livrete-individual-de-controlo","tag-maior-flexibilidade","tag-mais-autonomia","tag-nova-versao","tag-registo-remoto"],"yoast_head":"<!-- This site is optimized with the Yoast SEO plugin v27.4 - https:\/\/yoast.com\/product\/yoast-seo-wordpress\/ -->\n<title>Nova vers\u00e3o E-Taco Lite diz \u201cadeus\u201d ao livrete individual de controlo - Jornal das Oficinas<\/title>\n<meta name=\"description\" content=\"Depois da E-taco, a Cartrack lan\u00e7a a vers\u00e3o E-Taco Lite. De utiliza\u00e7\u00e3o simples e intuitiva, e dispon\u00edvel para smartphones\" \/>\n<meta name=\"robots\" content=\"index, follow, max-snippet:-1, max-image-preview:large, max-video-preview:-1\" \/>\n<link rel=\"canonical\" href=\"https:\/\/jornaldasoficinas.com\/pt\/nova-versao-e-taco-lite-diz-adeus-ao-livrete-individual-de-controlo\/\" \/>\n<meta property=\"og:locale\" content=\"pt_PT\" \/>\n<meta property=\"og:type\" content=\"article\" \/>\n<meta property=\"og:title\" content=\"Nova vers\u00e3o E-Taco Lite diz \u201cadeus\u201d ao livrete individual de controlo - Jornal das Oficinas\" \/>\n<meta property=\"og:description\" content=\"Depois da E-taco, a Cartrack lan\u00e7a a vers\u00e3o E-Taco Lite. De utiliza\u00e7\u00e3o simples e intuitiva, e dispon\u00edvel para smartphones\" \/>\n<meta property=\"og:url\" content=\"https:\/\/jornaldasoficinas.com\/pt\/nova-versao-e-taco-lite-diz-adeus-ao-livrete-individual-de-controlo\/\" \/>\n<meta property=\"og:site_name\" content=\"Jornal das Oficinas\" \/>\n<meta property=\"article:publisher\" content=\"https:\/\/www.facebook.com\/jornaloficinas\" \/>\n<meta property=\"article:published_time\" content=\"2024-04-16T17:00:41+00:00\" \/>\n<meta property=\"og:image\" content=\"https:\/\/jornaldasoficinas.com\/pt\/wp-content\/uploads\/2024\/04\/Nova-versao-E-Taco-Lite-diz-adeus-ao-livrete-individual-de-controlo.jpg\" \/>\n\t<meta property=\"og:image:width\" content=\"1024\" \/>\n\t<meta property=\"og:image:height\" content=\"581\" \/>\n\t<meta property=\"og:image:type\" content=\"image\/jpeg\" \/>\n<meta name=\"author\" content=\"Reda\u00e7\u00e3o JO\" \/>\n<meta name=\"twitter:card\" content=\"summary_large_image\" \/>\n<meta name=\"twitter:creator\" content=\"@jornaloficinas\" \/>\n<meta name=\"twitter:site\" content=\"@jornaloficinas\" \/>\n<meta name=\"twitter:label1\" content=\"Escrito por\" \/>\n\t<meta name=\"twitter:data1\" content=\"Reda\u00e7\u00e3o JO\" \/>\n\t<meta name=\"twitter:label2\" content=\"Tempo estimado de leitura\" \/>\n\t<meta name=\"twitter:data2\" content=\"2 minutos\" \/>\n<script type=\"application\/ld+json\" class=\"yoast-schema-graph\">{\"@context\":\"https:\\\/\\\/schema.org\",\"@graph\":[{\"@type\":\"Article\",\"@id\":\"https:\\\/\\\/jornaldasoficinas.com\\\/pt\\\/nova-versao-e-taco-lite-diz-adeus-ao-livrete-individual-de-controlo\\\/#article\",\"isPartOf\":{\"@id\":\"https:\\\/\\\/jornaldasoficinas.com\\\/pt\\\/nova-versao-e-taco-lite-diz-adeus-ao-livrete-individual-de-controlo\\\/\"},\"author\":{\"name\":\"Reda\u00e7\u00e3o JO\",\"@id\":\"https:\\\/\\\/jornaldasoficinas.com\\\/pt\\\/#\\\/schema\\\/person\\\/a38eef5de2c41d9e7c9ac10141afddf3\"},\"headline\":\"Nova vers\u00e3o E-Taco Lite diz \u201cadeus\u201d ao livrete individual de controlo\",\"datePublished\":\"2024-04-16T17:00:41+00:00\",\"mainEntityOfPage\":{\"@id\":\"https:\\\/\\\/jornaldasoficinas.com\\\/pt\\\/nova-versao-e-taco-lite-diz-adeus-ao-livrete-individual-de-controlo\\\/\"},\"wordCount\":303,\"publisher\":{\"@id\":\"https:\\\/\\\/jornaldasoficinas.com\\\/pt\\\/#organization\"},\"image\":{\"@id\":\"https:\\\/\\\/jornaldasoficinas.com\\\/pt\\\/nova-versao-e-taco-lite-diz-adeus-ao-livrete-individual-de-controlo\\\/#primaryimage\"},\"thumbnailUrl\":\"https:\\\/\\\/jornaldasoficinas.com\\\/pt\\\/wp-content\\\/uploads\\\/2024\\\/04\\\/Nova-versao-E-Taco-Lite-diz-adeus-ao-livrete-individual-de-controlo.jpg\",\"keywords\":[\"aplica\u00e7\u00e3o m\u00f3vel\",\"Cartrack\",\"E-Taco Lite\",\"livrete individual de controlo\",\"maior flexibilidade\",\"mais autonomia\",\"nova vers\u00e3o\",\"registo remoto\"],\"articleSection\":[\"Empresas\"],\"inLanguage\":\"pt-PT\"},{\"@type\":\"WebPage\",\"@id\":\"https:\\\/\\\/jornaldasoficinas.com\\\/pt\\\/nova-versao-e-taco-lite-diz-adeus-ao-livrete-individual-de-controlo\\\/\",\"url\":\"https:\\\/\\\/jornaldasoficinas.com\\\/pt\\\/nova-versao-e-taco-lite-diz-adeus-ao-livrete-individual-de-controlo\\\/\",\"name\":\"Nova vers\u00e3o E-Taco Lite diz \u201cadeus\u201d ao livrete individual de controlo - Jornal das Oficinas\",\"isPartOf\":{\"@id\":\"https:\\\/\\\/jornaldasoficinas.com\\\/pt\\\/#website\"},\"primaryImageOfPage\":{\"@id\":\"https:\\\/\\\/jornaldasoficinas.com\\\/pt\\\/nova-versao-e-taco-lite-diz-adeus-ao-livrete-individual-de-controlo\\\/#primaryimage\"},\"image\":{\"@id\":\"https:\\\/\\\/jornaldasoficinas.com\\\/pt\\\/nova-versao-e-taco-lite-diz-adeus-ao-livrete-individual-de-controlo\\\/#primaryimage\"},\"thumbnailUrl\":\"https:\\\/\\\/jornaldasoficinas.com\\\/pt\\\/wp-content\\\/uploads\\\/2024\\\/04\\\/Nova-versao-E-Taco-Lite-diz-adeus-ao-livrete-individual-de-controlo.jpg\",\"datePublished\":\"2024-04-16T17:00:41+00:00\",\"description\":\"Depois da E-taco, a Cartrack lan\u00e7a a vers\u00e3o E-Taco Lite. De utiliza\u00e7\u00e3o simples e intuitiva, e dispon\u00edvel para smartphones\",\"breadcrumb\":{\"@id\":\"https:\\\/\\\/jornaldasoficinas.com\\\/pt\\\/nova-versao-e-taco-lite-diz-adeus-ao-livrete-individual-de-controlo\\\/#breadcrumb\"},\"inLanguage\":\"pt-PT\",\"potentialAction\":[{\"@type\":\"ReadAction\",\"target\":[\"https:\\\/\\\/jornaldasoficinas.com\\\/pt\\\/nova-versao-e-taco-lite-diz-adeus-ao-livrete-individual-de-controlo\\\/\"]}]},{\"@type\":\"ImageObject\",\"inLanguage\":\"pt-PT\",\"@id\":\"https:\\\/\\\/jornaldasoficinas.com\\\/pt\\\/nova-versao-e-taco-lite-diz-adeus-ao-livrete-individual-de-controlo\\\/#primaryimage\",\"url\":\"https:\\\/\\\/jornaldasoficinas.com\\\/pt\\\/wp-content\\\/uploads\\\/2024\\\/04\\\/Nova-versao-E-Taco-Lite-diz-adeus-ao-livrete-individual-de-controlo.jpg\",\"contentUrl\":\"https:\\\/\\\/jornaldasoficinas.com\\\/pt\\\/wp-content\\\/uploads\\\/2024\\\/04\\\/Nova-versao-E-Taco-Lite-diz-adeus-ao-livrete-individual-de-controlo.jpg\",\"width\":1024,\"height\":581,\"caption\":\"Nova versao E Taco Lite diz adeus ao livrete individual de controlo\"},{\"@type\":\"BreadcrumbList\",\"@id\":\"https:\\\/\\\/jornaldasoficinas.com\\\/pt\\\/nova-versao-e-taco-lite-diz-adeus-ao-livrete-individual-de-controlo\\\/#breadcrumb\",\"itemListElement\":[{\"@type\":\"ListItem\",\"position\":1,\"name\":\"In\u00edcio\",\"item\":\"https:\\\/\\\/jornaldasoficinas.com\\\/pt\\\/\"},{\"@type\":\"ListItem\",\"position\":2,\"name\":\"Nova vers\u00e3o E-Taco Lite diz \u201cadeus\u201d ao livrete individual de controlo\"}]},{\"@type\":\"WebSite\",\"@id\":\"https:\\\/\\\/jornaldasoficinas.com\\\/pt\\\/#website\",\"url\":\"https:\\\/\\\/jornaldasoficinas.com\\\/pt\\\/\",\"name\":\"Jornal das Oficinas\",\"description\":\"Jornal independente do Aftermarket Autom\u00f3vel em Portugal\",\"publisher\":{\"@id\":\"https:\\\/\\\/jornaldasoficinas.com\\\/pt\\\/#organization\"},\"potentialAction\":[{\"@type\":\"SearchAction\",\"target\":{\"@type\":\"EntryPoint\",\"urlTemplate\":\"https:\\\/\\\/jornaldasoficinas.com\\\/pt\\\/?s={search_term_string}\"},\"query-input\":{\"@type\":\"PropertyValueSpecification\",\"valueRequired\":true,\"valueName\":\"search_term_string\"}}],\"inLanguage\":\"pt-PT\"},{\"@type\":\"Organization\",\"@id\":\"https:\\\/\\\/jornaldasoficinas.com\\\/pt\\\/#organization\",\"name\":\"Jornal das Oficinas\",\"url\":\"https:\\\/\\\/jornaldasoficinas.com\\\/pt\\\/\",\"logo\":{\"@type\":\"ImageObject\",\"inLanguage\":\"pt-PT\",\"@id\":\"https:\\\/\\\/jornaldasoficinas.com\\\/pt\\\/#\\\/schema\\\/logo\\\/image\\\/\",\"url\":\"https:\\\/\\\/jornaldasoficinas.com\\\/pt\\\/wp-content\\\/uploads\\\/logoJO-SEO.png\",\"contentUrl\":\"https:\\\/\\\/jornaldasoficinas.com\\\/pt\\\/wp-content\\\/uploads\\\/logoJO-SEO.png\",\"width\":285,\"height\":450,\"caption\":\"Jornal das Oficinas\"},\"image\":{\"@id\":\"https:\\\/\\\/jornaldasoficinas.com\\\/pt\\\/#\\\/schema\\\/logo\\\/image\\\/\"},\"sameAs\":[\"https:\\\/\\\/www.facebook.com\\\/jornaloficinas\",\"https:\\\/\\\/x.com\\\/jornaloficinas\",\"https:\\\/\\\/www.instagram.com\\\/jornal_oficinas\\\/\",\"https:\\\/\\\/www.linkedin.com\\\/company\\\/jornal-das-oficinas\\\/\",\"https:\\\/\\\/www.youtube.com\\\/channel\\\/UCbQZBqtcvV-oSQrr7RzINGg\"]},{\"@type\":\"Person\",\"@id\":\"https:\\\/\\\/jornaldasoficinas.com\\\/pt\\\/#\\\/schema\\\/person\\\/a38eef5de2c41d9e7c9ac10141afddf3\",\"name\":\"Reda\u00e7\u00e3o JO\",\"image\":{\"@type\":\"ImageObject\",\"inLanguage\":\"pt-PT\",\"@id\":\"https:\\\/\\\/secure.gravatar.com\\\/avatar\\\/71f2fa71737ad68a84fea94bc708ddac8ea5b0c4788dc2ad202f3ccb2887742f?s=96&d=wp_user_avatar&r=g\",\"url\":\"https:\\\/\\\/secure.gravatar.com\\\/avatar\\\/71f2fa71737ad68a84fea94bc708ddac8ea5b0c4788dc2ad202f3ccb2887742f?s=96&d=wp_user_avatar&r=g\",\"contentUrl\":\"https:\\\/\\\/secure.gravatar.com\\\/avatar\\\/71f2fa71737ad68a84fea94bc708ddac8ea5b0c4788dc2ad202f3ccb2887742f?s=96&d=wp_user_avatar&r=g\",\"caption\":\"Reda\u00e7\u00e3o JO\"},\"url\":\"https:\\\/\\\/jornaldasoficinas.com\\\/pt\\\/author\\\/joredacao\\\/\"}]}<\/script>\n<!-- \/ Yoast SEO plugin. -->","yoast_head_json":{"title":"Nova vers\u00e3o E-Taco Lite diz \u201cadeus\u201d ao livrete individual de controlo - Jornal das Oficinas","description":"Depois da E-taco, a Cartrack lan\u00e7a a vers\u00e3o E-Taco Lite. De utiliza\u00e7\u00e3o simples e intuitiva, e dispon\u00edvel para smartphones","robots":{"index":"index","follow":"follow","max-snippet":"max-snippet:-1","max-image-preview":"max-image-preview:large","max-video-preview":"max-video-preview:-1"},"canonical":"https:\/\/jornaldasoficinas.com\/pt\/nova-versao-e-taco-lite-diz-adeus-ao-livrete-individual-de-controlo\/","og_locale":"pt_PT","og_type":"article","og_title":"Nova vers\u00e3o E-Taco Lite diz \u201cadeus\u201d ao livrete individual de controlo - Jornal das Oficinas","og_description":"Depois da E-taco, a Cartrack lan\u00e7a a vers\u00e3o E-Taco Lite. De utiliza\u00e7\u00e3o simples e intuitiva, e dispon\u00edvel para smartphones","og_url":"https:\/\/jornaldasoficinas.com\/pt\/nova-versao-e-taco-lite-diz-adeus-ao-livrete-individual-de-controlo\/","og_site_name":"Jornal das Oficinas","article_publisher":"https:\/\/www.facebook.com\/jornaloficinas","article_published_time":"2024-04-16T17:00:41+00:00","og_image":[{"width":1024,"height":581,"url":"https:\/\/jornaldasoficinas.com\/pt\/wp-content\/uploads\/2024\/04\/Nova-versao-E-Taco-Lite-diz-adeus-ao-livrete-individual-de-controlo.jpg","type":"image\/jpeg"}],"author":"Reda\u00e7\u00e3o JO","twitter_card":"summary_large_image","twitter_creator":"@jornaloficinas","twitter_site":"@jornaloficinas","twitter_misc":{"Escrito por":"Reda\u00e7\u00e3o JO","Tempo estimado de leitura":"2 minutos"},"schema":{"@context":"https:\/\/schema.org","@graph":[{"@type":"Article","@id":"https:\/\/jornaldasoficinas.com\/pt\/nova-versao-e-taco-lite-diz-adeus-ao-livrete-individual-de-controlo\/#article","isPartOf":{"@id":"https:\/\/jornaldasoficinas.com\/pt\/nova-versao-e-taco-lite-diz-adeus-ao-livrete-individual-de-controlo\/"},"author":{"name":"Reda\u00e7\u00e3o JO","@id":"https:\/\/jornaldasoficinas.com\/pt\/#\/schema\/person\/a38eef5de2c41d9e7c9ac10141afddf3"},"headline":"Nova vers\u00e3o E-Taco Lite diz \u201cadeus\u201d ao livrete individual de controlo","datePublished":"2024-04-16T17:00:41+00:00","mainEntityOfPage":{"@id":"https:\/\/jornaldasoficinas.com\/pt\/nova-versao-e-taco-lite-diz-adeus-ao-livrete-individual-de-controlo\/"},"wordCount":303,"publisher":{"@id":"https:\/\/jornaldasoficinas.com\/pt\/#organization"},"image":{"@id":"https:\/\/jornaldasoficinas.com\/pt\/nova-versao-e-taco-lite-diz-adeus-ao-livrete-individual-de-controlo\/#primaryimage"},"thumbnailUrl":"https:\/\/jornaldasoficinas.com\/pt\/wp-content\/uploads\/2024\/04\/Nova-versao-E-Taco-Lite-diz-adeus-ao-livrete-individual-de-controlo.jpg","keywords":["aplica\u00e7\u00e3o m\u00f3vel","Cartrack","E-Taco Lite","livrete individual de controlo","maior flexibilidade","mais autonomia","nova vers\u00e3o","registo remoto"],"articleSection":["Empresas"],"inLanguage":"pt-PT"},{"@type":"WebPage","@id":"https:\/\/jornaldasoficinas.com\/pt\/nova-versao-e-taco-lite-diz-adeus-ao-livrete-individual-de-controlo\/","url":"https:\/\/jornaldasoficinas.com\/pt\/nova-versao-e-taco-lite-diz-adeus-ao-livrete-individual-de-controlo\/","name":"Nova vers\u00e3o E-Taco Lite diz \u201cadeus\u201d ao livrete individual de controlo - Jornal das Oficinas","isPartOf":{"@id":"https:\/\/jornaldasoficinas.com\/pt\/#website"},"primaryImageOfPage":{"@id":"https:\/\/jornaldasoficinas.com\/pt\/nova-versao-e-taco-lite-diz-adeus-ao-livrete-individual-de-controlo\/#primaryimage"},"image":{"@id":"https:\/\/jornaldasoficinas.com\/pt\/nova-versao-e-taco-lite-diz-adeus-ao-livrete-individual-de-controlo\/#primaryimage"},"thumbnailUrl":"https:\/\/jornaldasoficinas.com\/pt\/wp-content\/uploads\/2024\/04\/Nova-versao-E-Taco-Lite-diz-adeus-ao-livrete-individual-de-controlo.jpg","datePublished":"2024-04-16T17:00:41+00:00","description":"Depois da E-taco, a Cartrack lan\u00e7a a vers\u00e3o E-Taco Lite. De utiliza\u00e7\u00e3o simples e intuitiva, e dispon\u00edvel para smartphones","breadcrumb":{"@id":"https:\/\/jornaldasoficinas.com\/pt\/nova-versao-e-taco-lite-diz-adeus-ao-livrete-individual-de-controlo\/#breadcrumb"},"inLanguage":"pt-PT","potentialAction":[{"@type":"ReadAction","target":["https:\/\/jornaldasoficinas.com\/pt\/nova-versao-e-taco-lite-diz-adeus-ao-livrete-individual-de-controlo\/"]}]},{"@type":"ImageObject","inLanguage":"pt-PT","@id":"https:\/\/jornaldasoficinas.com\/pt\/nova-versao-e-taco-lite-diz-adeus-ao-livrete-individual-de-controlo\/#primaryimage","url":"https:\/\/jornaldasoficinas.com\/pt\/wp-content\/uploads\/2024\/04\/Nova-versao-E-Taco-Lite-diz-adeus-ao-livrete-individual-de-controlo.jpg","contentUrl":"https:\/\/jornaldasoficinas.com\/pt\/wp-content\/uploads\/2024\/04\/Nova-versao-E-Taco-Lite-diz-adeus-ao-livrete-individual-de-controlo.jpg","width":1024,"height":581,"caption":"Nova versao E Taco Lite diz adeus ao livrete individual de controlo"},{"@type":"BreadcrumbList","@id":"https:\/\/jornaldasoficinas.com\/pt\/nova-versao-e-taco-lite-diz-adeus-ao-livrete-individual-de-controlo\/#breadcrumb","itemListElement":[{"@type":"ListItem","position":1,"name":"In\u00edcio","item":"https:\/\/jornaldasoficinas.com\/pt\/"},{"@type":"ListItem","position":2,"name":"Nova vers\u00e3o E-Taco Lite diz \u201cadeus\u201d ao livrete individual de controlo"}]},{"@type":"WebSite","@id":"https:\/\/jornaldasoficinas.com\/pt\/#website","url":"https:\/\/jornaldasoficinas.com\/pt\/","name":"Jornal das Oficinas","description":"Jornal independente do Aftermarket Autom\u00f3vel em Portugal","publisher":{"@id":"https:\/\/jornaldasoficinas.com\/pt\/#organization"},"potentialAction":[{"@type":"SearchAction","target":{"@type":"EntryPoint","urlTemplate":"https:\/\/jornaldasoficinas.com\/pt\/?s={search_term_string}"},"query-input":{"@type":"PropertyValueSpecification","valueRequired":true,"valueName":"search_term_string"}}],"inLanguage":"pt-PT"},{"@type":"Organization","@id":"https:\/\/jornaldasoficinas.com\/pt\/#organization","name":"Jornal das Oficinas","url":"https:\/\/jornaldasoficinas.com\/pt\/","logo":{"@type":"ImageObject","inLanguage":"pt-PT","@id":"https:\/\/jornaldasoficinas.com\/pt\/#\/schema\/logo\/image\/","url":"https:\/\/jornaldasoficinas.com\/pt\/wp-content\/uploads\/logoJO-SEO.png","contentUrl":"https:\/\/jornaldasoficinas.com\/pt\/wp-content\/uploads\/logoJO-SEO.png","width":285,"height":450,"caption":"Jornal das Oficinas"},"image":{"@id":"https:\/\/jornaldasoficinas.com\/pt\/#\/schema\/logo\/image\/"},"sameAs":["https:\/\/www.facebook.com\/jornaloficinas","https:\/\/x.com\/jornaloficinas","https:\/\/www.instagram.com\/jornal_oficinas\/","https:\/\/www.linkedin.com\/company\/jornal-das-oficinas\/","https:\/\/www.youtube.com\/channel\/UCbQZBqtcvV-oSQrr7RzINGg"]},{"@type":"Person","@id":"https:\/\/jornaldasoficinas.com\/pt\/#\/schema\/person\/a38eef5de2c41d9e7c9ac10141afddf3","name":"Reda\u00e7\u00e3o JO","image":{"@type":"ImageObject","inLanguage":"pt-PT","@id":"https:\/\/secure.gravatar.com\/avatar\/71f2fa71737ad68a84fea94bc708ddac8ea5b0c4788dc2ad202f3ccb2887742f?s=96&d=wp_user_avatar&r=g","url":"https:\/\/secure.gravatar.com\/avatar\/71f2fa71737ad68a84fea94bc708ddac8ea5b0c4788dc2ad202f3ccb2887742f?s=96&d=wp_user_avatar&r=g","contentUrl":"https:\/\/secure.gravatar.com\/avatar\/71f2fa71737ad68a84fea94bc708ddac8ea5b0c4788dc2ad202f3ccb2887742f?s=96&d=wp_user_avatar&r=g","caption":"Reda\u00e7\u00e3o JO"},"url":"https:\/\/jornaldasoficinas.com\/pt\/author\/joredacao\/"}]}},"_links":{"self":[{"href":"https:\/\/jornaldasoficinas.com\/pt\/wp-json\/wp\/v2\/posts\/82788","targetHints":{"allow":["GET"]}}],"collection":[{"href":"https:\/\/jornaldasoficinas.com\/pt\/wp-json\/wp\/v2\/posts"}],"about":[{"href":"https:\/\/jornaldasoficinas.com\/pt\/wp-json\/wp\/v2\/types\/post"}],"author":[{"embeddable":true,"href":"https:\/\/jornaldasoficinas.com\/pt\/wp-json\/wp\/v2\/users\/15"}],"replies":[{"embeddable":true,"href":"https:\/\/jornaldasoficinas.com\/pt\/wp-json\/wp\/v2\/comments?post=82788"}],"version-history":[{"count":0,"href":"https:\/\/jornaldasoficinas.com\/pt\/wp-json\/wp\/v2\/posts\/82788\/revisions"}],"wp:featuredmedia":[{"embeddable":true,"href":"https:\/\/jornaldasoficinas.com\/pt\/wp-json\/wp\/v2\/media\/82791"}],"wp:attachment":[{"href":"https:\/\/jornaldasoficinas.com\/pt\/wp-json\/wp\/v2\/media?parent=82788"}],"wp:term":[{"taxonomy":"category","embeddable":true,"href":"https:\/\/jornaldasoficinas.com\/pt\/wp-json\/wp\/v2\/categories?post=82788"},{"taxonomy":"post_tag","embeddable":true,"href":"https:\/\/jornaldasoficinas.com\/pt\/wp-json\/wp\/v2\/tags?post=82788"}],"curies":[{"name":"wp","href":"https:\/\/api.w.org\/{rel}","templated":true}]}}