{"id":82817,"date":"2024-04-18T08:00:33","date_gmt":"2024-04-18T07:00:33","guid":{"rendered":"https:\/\/jornaldasoficinas.com\/pt\/?p=82817"},"modified":"2024-04-16T19:04:10","modified_gmt":"2024-04-16T18:04:10","slug":"arnott-analisa-o-impacto-dos-ves-na-tecnologia-de-suspensao-de-ar","status":"publish","type":"post","link":"https:\/\/jornaldasoficinas.com\/pt\/arnott-analisa-o-impacto-dos-ves-na-tecnologia-de-suspensao-de-ar\/","title":{"rendered":"Arnott analisa o impacto dos VEs na tecnologia de suspens\u00e3o de ar"},"content":{"rendered":"<p><img loading=\"lazy\" decoding=\"async\" class=\"alignnone size-full wp-image-82821\" src=\"https:\/\/jornaldasoficinas.com\/pt\/wp-content\/uploads\/2024\/04\/Arnott-analisa-o-impacto-dos-VEs-na-tecnologia-de-suspensao-de-ar.jpg\" alt=\"04 - Arnott analisa o impacto dos VEs na tecnologia de suspensao de ar\" width=\"1024\" height=\"581\" srcset=\"https:\/\/jornaldasoficinas.com\/pt\/wp-content\/uploads\/2024\/04\/Arnott-analisa-o-impacto-dos-VEs-na-tecnologia-de-suspensao-de-ar.jpg 1024w, https:\/\/jornaldasoficinas.com\/pt\/wp-content\/uploads\/2024\/04\/Arnott-analisa-o-impacto-dos-VEs-na-tecnologia-de-suspensao-de-ar-300x170.jpg 300w, https:\/\/jornaldasoficinas.com\/pt\/wp-content\/uploads\/2024\/04\/Arnott-analisa-o-impacto-dos-VEs-na-tecnologia-de-suspensao-de-ar-150x85.jpg 150w, https:\/\/jornaldasoficinas.com\/pt\/wp-content\/uploads\/2024\/04\/Arnott-analisa-o-impacto-dos-VEs-na-tecnologia-de-suspensao-de-ar-768x436.jpg 768w\" sizes=\"auto, (max-width: 1024px) 100vw, 1024px\" \/><\/p>\n<p><strong>Para fazer frente \u00e0s altera\u00e7\u00f5es clim\u00e1ticas, a ind\u00fastria autom\u00f3vel iniciou o conceito de &#8220;carros com emiss\u00f5es zero&#8221;, que est\u00e1 a conduzir a uma eletrifica\u00e7\u00e3o dos modelos dos fabricantes. Neste sentido, a <a href=\"https:\/\/www.arnotteurope.com\/\" target=\"_blank\" rel=\"noopener\">Arnott<\/a> explica qual o impacto da ado\u00e7\u00e3o destes ve\u00edculos na tecnologia de suspens\u00e3o de ar<\/strong><\/p>\n<p>Com o Acordo de Paris em vigor para combater as altera\u00e7\u00f5es clim\u00e1ticas a n\u00edvel global, muitas ind\u00fastrias devem adaptar-se e inovar para reduzir a produ\u00e7\u00e3o de emiss\u00f5es, mantendo ao mesmo tempo a rentabilidade. Para a ind\u00fastria autom\u00f3vel foi iniciado o conceito de &#8220;ve\u00edculos com emiss\u00f5es zero&#8221;. Esses ve\u00edculos s\u00e3o aqueles que n\u00e3o emitem gases de escape de combust\u00edvel ou outros poluentes da fonte de energia a bordo. Embora muitos fabricantes de autom\u00f3veis tenham hesitado no in\u00edcio, a miss\u00e3o de reduzir as emiss\u00f5es de CO2 est\u00e1 a conduzir a uma electrifica\u00e7\u00e3o constante das ofertas da gama de modelos dos fabricantes de autom\u00f3veis. Neste artigo, Arnott explicar\u00e1 o impacto da crescente ado\u00e7\u00e3o de Ve\u00edculos El\u00e9tricos (VEs) na tecnologia de suspens\u00e3o a ar.<\/p>\n<p><strong>Diferen\u00e7as e semelhan\u00e7as<\/strong><br \/>\nA diferen\u00e7a mais \u00f3bvia entre um ve\u00edculo com motor de combust\u00e3o interna (ICE) e um ve\u00edculo el\u00e9trico (VE) \u00e9 que um ICE acende e queima combust\u00edvel (igni\u00e7\u00e3o por fa\u00edsca para motores a gasolina ou igni\u00e7\u00e3o por compress\u00e3o para motores a diesel) enquanto um VE usa um motor el\u00e9trico alimentado por bateria para propuls\u00e3o. Esta diferen\u00e7a impacta o ve\u00edculo em diversas \u00e1reas, por exemplo, h\u00e1 menos pe\u00e7as m\u00f3veis num VE por causa do motor el\u00e9trico, n\u00e3o h\u00e1 tubo de escape ou filtro de part\u00edculas diesel (DPF), etc.<\/p>\n<p>Embora os VE sejam geralmente mais pesados e tenham um ponto de gravidade mais baixo do que os ve\u00edculos ICE, o sistema de suspens\u00e3o dos VE n\u00e3o sofreu altera\u00e7\u00f5es dr\u00e1sticas. Na realidade, a configura\u00e7\u00e3o convencional do suporte helicoidal e da mola\/amortecedor, ou a configura\u00e7\u00e3o da suspens\u00e3o pneum\u00e1tica (acompanhada ou n\u00e3o de tecnologia de amortecimento adaptativo) \u00e9 muito semelhante \u00e0 configura\u00e7\u00e3o usada nos ve\u00edculos ICE. Algumas melhorias e tecnologias ainda s\u00e3o espec\u00edficas da plataforma, o que significa que os amortecedores s\u00e3o ajustados para otimizar o n\u00edvel de acabamento, t\u00eam diferentes curvas de amortecimento\/configura\u00e7\u00f5es de choque, etc., assim como os ve\u00edculos ICE.<\/p>\n<p>Do ponto de vista pr\u00e1tico, devido \u00e0 configura\u00e7\u00e3o semelhante da suspens\u00e3o, um mec\u00e2nico pode reparar e substituir componentes do sistema de suspens\u00e3o de um EV t\u00e3o facilmente como num ve\u00edculo ICE. N\u00e3o s\u00e3o necess\u00e1rias ferramentas ou treinamento especial adicional espec\u00edfico para EV, uma vez que a suspens\u00e3o n\u00e3o faz parte do sistema de alta tens\u00e3o.<\/p>\n<p><strong>Benef\u00edcios da suspens\u00e3o pneum\u00e1tica espec\u00edfica para ve\u00edculos el\u00e9tricos<\/strong><br \/>\nUma das caracter\u00edsticas \u00fanicas dos ve\u00edculos el\u00e9tricos \u00e9 o aumento do peso e a distribui\u00e7\u00e3o alternativa do peso dentro do ve\u00edculo causada pelas baterias, pela posi\u00e7\u00e3o dos motores de tra\u00e7\u00e3o, etc. As tecnologias de suspens\u00e3o a ar t\u00eam sido habitualmente usadas em ve\u00edculos ICE para combater diferen\u00e7as de carga e otimizar o passeio e o manuseio em diversas condi\u00e7\u00f5es de dire\u00e7\u00e3o. A capacidade de autonivelamento da suspens\u00e3o pneum\u00e1tica \u00e9 a raz\u00e3o pela qual os fabricantes concebem os seus VEs com suspens\u00e3o pneum\u00e1tica para obterem as caracter\u00edsticas de condu\u00e7\u00e3o e comportamento desejadas, mantendo ao mesmo tempo um elevado n\u00edvel de conforto para os ocupantes.<\/p>\n<p>Um segundo desafio para os VE \u00e9 a autonomia de viagem, que \u00e9 afetada pela quantidade de eletricidade que a bateria pode armazenar e pela efici\u00eancia com que \u00e9 utilizada. Alguns factores que influenciam a autonomia s\u00e3o as condi\u00e7\u00f5es de condu\u00e7\u00e3o e a temperatura ambiente, o estilo de condu\u00e7\u00e3o ecol\u00f3gico\/desportivo, a utiliza\u00e7\u00e3o de sistemas electr\u00f3nicos como o ar condicionado ou o aquecimento, o peso total do ve\u00edculo (incluindo os ocupantes e carga adicional) e o arrasto. Para maximizar a capacidade de autonomia, os fabricantes de ve\u00edculos el\u00e9tricos optam pela suspens\u00e3o pneum\u00e1tica porque pode contribuir para reduzir o consumo de combust\u00edvel. A suspens\u00e3o de ar pode abaixar a carroceria do ve\u00edculo em altas velocidades. Isto diminui o coeficiente de arrasto do ve\u00edculo, aumentando potencialmente a autonomia de deslocamento.<\/p>\n<p>Com o aumento da eletrifica\u00e7\u00e3o, muito provavelmente veremos tamb\u00e9m um aumento na utiliza\u00e7\u00e3o de sistemas de suspens\u00e3o pneum\u00e1tica, \u00e0 medida que o mercado de VE tirar partido das caracter\u00edsticas ben\u00e9ficas destes sistemas.<\/p>\n<p>&#8220;Para a equipa especializada de engenheiros da Arnott, o desenvolvimento de suspens\u00f5es para ve\u00edculos el\u00e9tricos \u00e9 uma evolu\u00e7\u00e3o natural daquilo que temos feito h\u00e1 d\u00e9cadas. Com um laborat\u00f3rio de testes, pista de testes e frota de propriedade da Arnott, as nossas equipas de engenharia e prot\u00f3tipos podem transformar uma ideia de um quadro branco num conceito completo, produzindo prot\u00f3tipos e sendo capazes de conduzi-los no ve\u00edculo&#8221;, afirmou a Arnott em comunicado.<\/p>\n<p>&#8220;Cada projeto \u00e9 ent\u00e3o avaliado de forma independente por outros engenheiros que far\u00e3o uma avalia\u00e7\u00e3o de condu\u00e7\u00e3o semelhante e independente. Com um hist\u00f3rico comprovado na \u00e1rea de engenharia, projeto e fabrica\u00e7\u00e3o de componentes de suspens\u00e3o e ar de alta qualidade para o mercado de reposi\u00e7\u00e3o, a Arnott est\u00e1 agora a utilizar a sua experi\u00eancia para oferecer solu\u00e7\u00f5es de suspens\u00e3o de alto desempenho, confi\u00e1veis e duradouras para ve\u00edculos el\u00e9tricos&#8221;, completou.<\/p>\n","protected":false},"excerpt":{"rendered":"<p>Para fazer frente \u00e0s altera\u00e7\u00f5es clim\u00e1ticas,&#8230;<\/p>\n","protected":false},"author":15,"featured_media":82821,"comment_status":"closed","ping_status":"closed","sticky":false,"template":"","format":"standard","meta":{"footnotes":""},"categories":[37],"tags":[3453,529,1445,3194,8533,5905,89],"class_list":["post-82817","post","type-post","status-publish","format-standard","has-post-thumbnail","hentry","category-mercado","tag-alteracoes-climaticas","tag-arnott","tag-emissoes-zero","tag-industria-automovel","tag-suspensao-de-ar","tag-tecnologia","tag-veiculos-eletricos"],"yoast_head":"<!-- This site is optimized with the Yoast SEO plugin v27.5 - https:\/\/yoast.com\/product\/yoast-seo-wordpress\/ -->\n<title>Arnott analisa o impacto dos VEs na tecnologia de suspens\u00e3o de ar - Jornal das Oficinas<\/title>\n<meta name=\"description\" content=\"A ind\u00fastria autom\u00f3vel iniciou o conceito de &quot;carros com emiss\u00f5es zero&quot;, que impacta a tecnologia de suspens\u00e3o de ar, a Arnott explica\" \/>\n<meta name=\"robots\" content=\"index, follow, max-snippet:-1, max-image-preview:large, max-video-preview:-1\" \/>\n<link rel=\"canonical\" href=\"https:\/\/jornaldasoficinas.com\/pt\/arnott-analisa-o-impacto-dos-ves-na-tecnologia-de-suspensao-de-ar\/\" \/>\n<meta property=\"og:locale\" content=\"pt_PT\" \/>\n<meta property=\"og:type\" content=\"article\" \/>\n<meta property=\"og:title\" content=\"Arnott analisa o impacto dos VEs na tecnologia de suspens\u00e3o de ar - Jornal das Oficinas\" \/>\n<meta property=\"og:description\" content=\"A ind\u00fastria autom\u00f3vel iniciou o conceito de &quot;carros com emiss\u00f5es zero&quot;, que impacta a tecnologia de suspens\u00e3o de ar, a Arnott explica\" \/>\n<meta property=\"og:url\" content=\"https:\/\/jornaldasoficinas.com\/pt\/arnott-analisa-o-impacto-dos-ves-na-tecnologia-de-suspensao-de-ar\/\" \/>\n<meta property=\"og:site_name\" content=\"Jornal das Oficinas\" \/>\n<meta property=\"article:publisher\" content=\"https:\/\/www.facebook.com\/jornaloficinas\" \/>\n<meta property=\"article:published_time\" content=\"2024-04-18T07:00:33+00:00\" \/>\n<meta property=\"og:image\" content=\"https:\/\/jornaldasoficinas.com\/pt\/wp-content\/uploads\/2024\/04\/Arnott-analisa-o-impacto-dos-VEs-na-tecnologia-de-suspensao-de-ar.jpg\" \/>\n\t<meta property=\"og:image:width\" content=\"1024\" \/>\n\t<meta property=\"og:image:height\" content=\"581\" \/>\n\t<meta property=\"og:image:type\" content=\"image\/jpeg\" \/>\n<meta name=\"author\" content=\"Reda\u00e7\u00e3o JO\" \/>\n<meta name=\"twitter:card\" content=\"summary_large_image\" \/>\n<meta name=\"twitter:creator\" content=\"@jornaloficinas\" \/>\n<meta name=\"twitter:site\" content=\"@jornaloficinas\" \/>\n<meta name=\"twitter:label1\" content=\"Escrito por\" \/>\n\t<meta name=\"twitter:data1\" content=\"Reda\u00e7\u00e3o JO\" \/>\n\t<meta name=\"twitter:label2\" content=\"Tempo estimado de leitura\" \/>\n\t<meta name=\"twitter:data2\" content=\"5 minutos\" \/>\n<script type=\"application\/ld+json\" class=\"yoast-schema-graph\">{\"@context\":\"https:\\\/\\\/schema.org\",\"@graph\":[{\"@type\":\"Article\",\"@id\":\"https:\\\/\\\/jornaldasoficinas.com\\\/pt\\\/arnott-analisa-o-impacto-dos-ves-na-tecnologia-de-suspensao-de-ar\\\/#article\",\"isPartOf\":{\"@id\":\"https:\\\/\\\/jornaldasoficinas.com\\\/pt\\\/arnott-analisa-o-impacto-dos-ves-na-tecnologia-de-suspensao-de-ar\\\/\"},\"author\":{\"name\":\"Reda\u00e7\u00e3o JO\",\"@id\":\"https:\\\/\\\/jornaldasoficinas.com\\\/pt\\\/#\\\/schema\\\/person\\\/a38eef5de2c41d9e7c9ac10141afddf3\"},\"headline\":\"Arnott analisa o impacto dos VEs na tecnologia de suspens\u00e3o de ar\",\"datePublished\":\"2024-04-18T07:00:33+00:00\",\"mainEntityOfPage\":{\"@id\":\"https:\\\/\\\/jornaldasoficinas.com\\\/pt\\\/arnott-analisa-o-impacto-dos-ves-na-tecnologia-de-suspensao-de-ar\\\/\"},\"wordCount\":985,\"publisher\":{\"@id\":\"https:\\\/\\\/jornaldasoficinas.com\\\/pt\\\/#organization\"},\"image\":{\"@id\":\"https:\\\/\\\/jornaldasoficinas.com\\\/pt\\\/arnott-analisa-o-impacto-dos-ves-na-tecnologia-de-suspensao-de-ar\\\/#primaryimage\"},\"thumbnailUrl\":\"https:\\\/\\\/jornaldasoficinas.com\\\/pt\\\/wp-content\\\/uploads\\\/2024\\\/04\\\/Arnott-analisa-o-impacto-dos-VEs-na-tecnologia-de-suspensao-de-ar.jpg\",\"keywords\":[\"Altera\u00e7\u00f5es clim\u00e1ticas\",\"Arnott\",\"Emiss\u00f5es zero\",\"Ind\u00fastria autom\u00f3vel\",\"suspens\u00e3o de ar\",\"Tecnologia\",\"Ve\u00edculos el\u00e9tricos\"],\"articleSection\":[\"Mercado\"],\"inLanguage\":\"pt-PT\"},{\"@type\":\"WebPage\",\"@id\":\"https:\\\/\\\/jornaldasoficinas.com\\\/pt\\\/arnott-analisa-o-impacto-dos-ves-na-tecnologia-de-suspensao-de-ar\\\/\",\"url\":\"https:\\\/\\\/jornaldasoficinas.com\\\/pt\\\/arnott-analisa-o-impacto-dos-ves-na-tecnologia-de-suspensao-de-ar\\\/\",\"name\":\"Arnott analisa o impacto dos VEs na tecnologia de suspens\u00e3o de ar - Jornal das Oficinas\",\"isPartOf\":{\"@id\":\"https:\\\/\\\/jornaldasoficinas.com\\\/pt\\\/#website\"},\"primaryImageOfPage\":{\"@id\":\"https:\\\/\\\/jornaldasoficinas.com\\\/pt\\\/arnott-analisa-o-impacto-dos-ves-na-tecnologia-de-suspensao-de-ar\\\/#primaryimage\"},\"image\":{\"@id\":\"https:\\\/\\\/jornaldasoficinas.com\\\/pt\\\/arnott-analisa-o-impacto-dos-ves-na-tecnologia-de-suspensao-de-ar\\\/#primaryimage\"},\"thumbnailUrl\":\"https:\\\/\\\/jornaldasoficinas.com\\\/pt\\\/wp-content\\\/uploads\\\/2024\\\/04\\\/Arnott-analisa-o-impacto-dos-VEs-na-tecnologia-de-suspensao-de-ar.jpg\",\"datePublished\":\"2024-04-18T07:00:33+00:00\",\"description\":\"A ind\u00fastria autom\u00f3vel iniciou o conceito de \\\"carros com emiss\u00f5es zero\\\", que impacta a tecnologia de suspens\u00e3o de ar, a Arnott explica\",\"breadcrumb\":{\"@id\":\"https:\\\/\\\/jornaldasoficinas.com\\\/pt\\\/arnott-analisa-o-impacto-dos-ves-na-tecnologia-de-suspensao-de-ar\\\/#breadcrumb\"},\"inLanguage\":\"pt-PT\",\"potentialAction\":[{\"@type\":\"ReadAction\",\"target\":[\"https:\\\/\\\/jornaldasoficinas.com\\\/pt\\\/arnott-analisa-o-impacto-dos-ves-na-tecnologia-de-suspensao-de-ar\\\/\"]}]},{\"@type\":\"ImageObject\",\"inLanguage\":\"pt-PT\",\"@id\":\"https:\\\/\\\/jornaldasoficinas.com\\\/pt\\\/arnott-analisa-o-impacto-dos-ves-na-tecnologia-de-suspensao-de-ar\\\/#primaryimage\",\"url\":\"https:\\\/\\\/jornaldasoficinas.com\\\/pt\\\/wp-content\\\/uploads\\\/2024\\\/04\\\/Arnott-analisa-o-impacto-dos-VEs-na-tecnologia-de-suspensao-de-ar.jpg\",\"contentUrl\":\"https:\\\/\\\/jornaldasoficinas.com\\\/pt\\\/wp-content\\\/uploads\\\/2024\\\/04\\\/Arnott-analisa-o-impacto-dos-VEs-na-tecnologia-de-suspensao-de-ar.jpg\",\"width\":1024,\"height\":581,\"caption\":\"04 - Arnott analisa o impacto dos VEs na tecnologia de suspensao de ar\"},{\"@type\":\"BreadcrumbList\",\"@id\":\"https:\\\/\\\/jornaldasoficinas.com\\\/pt\\\/arnott-analisa-o-impacto-dos-ves-na-tecnologia-de-suspensao-de-ar\\\/#breadcrumb\",\"itemListElement\":[{\"@type\":\"ListItem\",\"position\":1,\"name\":\"In\u00edcio\",\"item\":\"https:\\\/\\\/jornaldasoficinas.com\\\/pt\\\/\"},{\"@type\":\"ListItem\",\"position\":2,\"name\":\"Arnott analisa o impacto dos VEs na tecnologia de suspens\u00e3o de ar\"}]},{\"@type\":\"WebSite\",\"@id\":\"https:\\\/\\\/jornaldasoficinas.com\\\/pt\\\/#website\",\"url\":\"https:\\\/\\\/jornaldasoficinas.com\\\/pt\\\/\",\"name\":\"Jornal das Oficinas\",\"description\":\"Jornal independente do Aftermarket Autom\u00f3vel em Portugal\",\"publisher\":{\"@id\":\"https:\\\/\\\/jornaldasoficinas.com\\\/pt\\\/#organization\"},\"potentialAction\":[{\"@type\":\"SearchAction\",\"target\":{\"@type\":\"EntryPoint\",\"urlTemplate\":\"https:\\\/\\\/jornaldasoficinas.com\\\/pt\\\/?s={search_term_string}\"},\"query-input\":{\"@type\":\"PropertyValueSpecification\",\"valueRequired\":true,\"valueName\":\"search_term_string\"}}],\"inLanguage\":\"pt-PT\"},{\"@type\":\"Organization\",\"@id\":\"https:\\\/\\\/jornaldasoficinas.com\\\/pt\\\/#organization\",\"name\":\"Jornal das Oficinas\",\"url\":\"https:\\\/\\\/jornaldasoficinas.com\\\/pt\\\/\",\"logo\":{\"@type\":\"ImageObject\",\"inLanguage\":\"pt-PT\",\"@id\":\"https:\\\/\\\/jornaldasoficinas.com\\\/pt\\\/#\\\/schema\\\/logo\\\/image\\\/\",\"url\":\"https:\\\/\\\/jornaldasoficinas.com\\\/pt\\\/wp-content\\\/uploads\\\/logoJO-SEO.png\",\"contentUrl\":\"https:\\\/\\\/jornaldasoficinas.com\\\/pt\\\/wp-content\\\/uploads\\\/logoJO-SEO.png\",\"width\":285,\"height\":450,\"caption\":\"Jornal das Oficinas\"},\"image\":{\"@id\":\"https:\\\/\\\/jornaldasoficinas.com\\\/pt\\\/#\\\/schema\\\/logo\\\/image\\\/\"},\"sameAs\":[\"https:\\\/\\\/www.facebook.com\\\/jornaloficinas\",\"https:\\\/\\\/x.com\\\/jornaloficinas\",\"https:\\\/\\\/www.instagram.com\\\/jornal_oficinas\\\/\",\"https:\\\/\\\/www.linkedin.com\\\/company\\\/jornal-das-oficinas\\\/\",\"https:\\\/\\\/www.youtube.com\\\/channel\\\/UCbQZBqtcvV-oSQrr7RzINGg\"]},{\"@type\":\"Person\",\"@id\":\"https:\\\/\\\/jornaldasoficinas.com\\\/pt\\\/#\\\/schema\\\/person\\\/a38eef5de2c41d9e7c9ac10141afddf3\",\"name\":\"Reda\u00e7\u00e3o JO\",\"image\":{\"@type\":\"ImageObject\",\"inLanguage\":\"pt-PT\",\"@id\":\"https:\\\/\\\/secure.gravatar.com\\\/avatar\\\/71f2fa71737ad68a84fea94bc708ddac8ea5b0c4788dc2ad202f3ccb2887742f?s=96&d=wp_user_avatar&r=g\",\"url\":\"https:\\\/\\\/secure.gravatar.com\\\/avatar\\\/71f2fa71737ad68a84fea94bc708ddac8ea5b0c4788dc2ad202f3ccb2887742f?s=96&d=wp_user_avatar&r=g\",\"contentUrl\":\"https:\\\/\\\/secure.gravatar.com\\\/avatar\\\/71f2fa71737ad68a84fea94bc708ddac8ea5b0c4788dc2ad202f3ccb2887742f?s=96&d=wp_user_avatar&r=g\",\"caption\":\"Reda\u00e7\u00e3o JO\"},\"url\":\"https:\\\/\\\/jornaldasoficinas.com\\\/pt\\\/author\\\/joredacao\\\/\"}]}<\/script>\n<!-- \/ Yoast SEO plugin. -->","yoast_head_json":{"title":"Arnott analisa o impacto dos VEs na tecnologia de suspens\u00e3o de ar - Jornal das Oficinas","description":"A ind\u00fastria autom\u00f3vel iniciou o conceito de \"carros com emiss\u00f5es zero\", que impacta a tecnologia de suspens\u00e3o de ar, a Arnott explica","robots":{"index":"index","follow":"follow","max-snippet":"max-snippet:-1","max-image-preview":"max-image-preview:large","max-video-preview":"max-video-preview:-1"},"canonical":"https:\/\/jornaldasoficinas.com\/pt\/arnott-analisa-o-impacto-dos-ves-na-tecnologia-de-suspensao-de-ar\/","og_locale":"pt_PT","og_type":"article","og_title":"Arnott analisa o impacto dos VEs na tecnologia de suspens\u00e3o de ar - Jornal das Oficinas","og_description":"A ind\u00fastria autom\u00f3vel iniciou o conceito de \"carros com emiss\u00f5es zero\", que impacta a tecnologia de suspens\u00e3o de ar, a Arnott explica","og_url":"https:\/\/jornaldasoficinas.com\/pt\/arnott-analisa-o-impacto-dos-ves-na-tecnologia-de-suspensao-de-ar\/","og_site_name":"Jornal das Oficinas","article_publisher":"https:\/\/www.facebook.com\/jornaloficinas","article_published_time":"2024-04-18T07:00:33+00:00","og_image":[{"width":1024,"height":581,"url":"https:\/\/jornaldasoficinas.com\/pt\/wp-content\/uploads\/2024\/04\/Arnott-analisa-o-impacto-dos-VEs-na-tecnologia-de-suspensao-de-ar.jpg","type":"image\/jpeg"}],"author":"Reda\u00e7\u00e3o JO","twitter_card":"summary_large_image","twitter_creator":"@jornaloficinas","twitter_site":"@jornaloficinas","twitter_misc":{"Escrito por":"Reda\u00e7\u00e3o JO","Tempo estimado de leitura":"5 minutos"},"schema":{"@context":"https:\/\/schema.org","@graph":[{"@type":"Article","@id":"https:\/\/jornaldasoficinas.com\/pt\/arnott-analisa-o-impacto-dos-ves-na-tecnologia-de-suspensao-de-ar\/#article","isPartOf":{"@id":"https:\/\/jornaldasoficinas.com\/pt\/arnott-analisa-o-impacto-dos-ves-na-tecnologia-de-suspensao-de-ar\/"},"author":{"name":"Reda\u00e7\u00e3o JO","@id":"https:\/\/jornaldasoficinas.com\/pt\/#\/schema\/person\/a38eef5de2c41d9e7c9ac10141afddf3"},"headline":"Arnott analisa o impacto dos VEs na tecnologia de suspens\u00e3o de ar","datePublished":"2024-04-18T07:00:33+00:00","mainEntityOfPage":{"@id":"https:\/\/jornaldasoficinas.com\/pt\/arnott-analisa-o-impacto-dos-ves-na-tecnologia-de-suspensao-de-ar\/"},"wordCount":985,"publisher":{"@id":"https:\/\/jornaldasoficinas.com\/pt\/#organization"},"image":{"@id":"https:\/\/jornaldasoficinas.com\/pt\/arnott-analisa-o-impacto-dos-ves-na-tecnologia-de-suspensao-de-ar\/#primaryimage"},"thumbnailUrl":"https:\/\/jornaldasoficinas.com\/pt\/wp-content\/uploads\/2024\/04\/Arnott-analisa-o-impacto-dos-VEs-na-tecnologia-de-suspensao-de-ar.jpg","keywords":["Altera\u00e7\u00f5es clim\u00e1ticas","Arnott","Emiss\u00f5es zero","Ind\u00fastria autom\u00f3vel","suspens\u00e3o de ar","Tecnologia","Ve\u00edculos el\u00e9tricos"],"articleSection":["Mercado"],"inLanguage":"pt-PT"},{"@type":"WebPage","@id":"https:\/\/jornaldasoficinas.com\/pt\/arnott-analisa-o-impacto-dos-ves-na-tecnologia-de-suspensao-de-ar\/","url":"https:\/\/jornaldasoficinas.com\/pt\/arnott-analisa-o-impacto-dos-ves-na-tecnologia-de-suspensao-de-ar\/","name":"Arnott analisa o impacto dos VEs na tecnologia de suspens\u00e3o de ar - Jornal das Oficinas","isPartOf":{"@id":"https:\/\/jornaldasoficinas.com\/pt\/#website"},"primaryImageOfPage":{"@id":"https:\/\/jornaldasoficinas.com\/pt\/arnott-analisa-o-impacto-dos-ves-na-tecnologia-de-suspensao-de-ar\/#primaryimage"},"image":{"@id":"https:\/\/jornaldasoficinas.com\/pt\/arnott-analisa-o-impacto-dos-ves-na-tecnologia-de-suspensao-de-ar\/#primaryimage"},"thumbnailUrl":"https:\/\/jornaldasoficinas.com\/pt\/wp-content\/uploads\/2024\/04\/Arnott-analisa-o-impacto-dos-VEs-na-tecnologia-de-suspensao-de-ar.jpg","datePublished":"2024-04-18T07:00:33+00:00","description":"A ind\u00fastria autom\u00f3vel iniciou o conceito de \"carros com emiss\u00f5es zero\", que impacta a tecnologia de suspens\u00e3o de ar, a Arnott explica","breadcrumb":{"@id":"https:\/\/jornaldasoficinas.com\/pt\/arnott-analisa-o-impacto-dos-ves-na-tecnologia-de-suspensao-de-ar\/#breadcrumb"},"inLanguage":"pt-PT","potentialAction":[{"@type":"ReadAction","target":["https:\/\/jornaldasoficinas.com\/pt\/arnott-analisa-o-impacto-dos-ves-na-tecnologia-de-suspensao-de-ar\/"]}]},{"@type":"ImageObject","inLanguage":"pt-PT","@id":"https:\/\/jornaldasoficinas.com\/pt\/arnott-analisa-o-impacto-dos-ves-na-tecnologia-de-suspensao-de-ar\/#primaryimage","url":"https:\/\/jornaldasoficinas.com\/pt\/wp-content\/uploads\/2024\/04\/Arnott-analisa-o-impacto-dos-VEs-na-tecnologia-de-suspensao-de-ar.jpg","contentUrl":"https:\/\/jornaldasoficinas.com\/pt\/wp-content\/uploads\/2024\/04\/Arnott-analisa-o-impacto-dos-VEs-na-tecnologia-de-suspensao-de-ar.jpg","width":1024,"height":581,"caption":"04 - Arnott analisa o impacto dos VEs na tecnologia de suspensao de ar"},{"@type":"BreadcrumbList","@id":"https:\/\/jornaldasoficinas.com\/pt\/arnott-analisa-o-impacto-dos-ves-na-tecnologia-de-suspensao-de-ar\/#breadcrumb","itemListElement":[{"@type":"ListItem","position":1,"name":"In\u00edcio","item":"https:\/\/jornaldasoficinas.com\/pt\/"},{"@type":"ListItem","position":2,"name":"Arnott analisa o impacto dos VEs na tecnologia de suspens\u00e3o de ar"}]},{"@type":"WebSite","@id":"https:\/\/jornaldasoficinas.com\/pt\/#website","url":"https:\/\/jornaldasoficinas.com\/pt\/","name":"Jornal das Oficinas","description":"Jornal independente do Aftermarket Autom\u00f3vel em Portugal","publisher":{"@id":"https:\/\/jornaldasoficinas.com\/pt\/#organization"},"potentialAction":[{"@type":"SearchAction","target":{"@type":"EntryPoint","urlTemplate":"https:\/\/jornaldasoficinas.com\/pt\/?s={search_term_string}"},"query-input":{"@type":"PropertyValueSpecification","valueRequired":true,"valueName":"search_term_string"}}],"inLanguage":"pt-PT"},{"@type":"Organization","@id":"https:\/\/jornaldasoficinas.com\/pt\/#organization","name":"Jornal das Oficinas","url":"https:\/\/jornaldasoficinas.com\/pt\/","logo":{"@type":"ImageObject","inLanguage":"pt-PT","@id":"https:\/\/jornaldasoficinas.com\/pt\/#\/schema\/logo\/image\/","url":"https:\/\/jornaldasoficinas.com\/pt\/wp-content\/uploads\/logoJO-SEO.png","contentUrl":"https:\/\/jornaldasoficinas.com\/pt\/wp-content\/uploads\/logoJO-SEO.png","width":285,"height":450,"caption":"Jornal das Oficinas"},"image":{"@id":"https:\/\/jornaldasoficinas.com\/pt\/#\/schema\/logo\/image\/"},"sameAs":["https:\/\/www.facebook.com\/jornaloficinas","https:\/\/x.com\/jornaloficinas","https:\/\/www.instagram.com\/jornal_oficinas\/","https:\/\/www.linkedin.com\/company\/jornal-das-oficinas\/","https:\/\/www.youtube.com\/channel\/UCbQZBqtcvV-oSQrr7RzINGg"]},{"@type":"Person","@id":"https:\/\/jornaldasoficinas.com\/pt\/#\/schema\/person\/a38eef5de2c41d9e7c9ac10141afddf3","name":"Reda\u00e7\u00e3o JO","image":{"@type":"ImageObject","inLanguage":"pt-PT","@id":"https:\/\/secure.gravatar.com\/avatar\/71f2fa71737ad68a84fea94bc708ddac8ea5b0c4788dc2ad202f3ccb2887742f?s=96&d=wp_user_avatar&r=g","url":"https:\/\/secure.gravatar.com\/avatar\/71f2fa71737ad68a84fea94bc708ddac8ea5b0c4788dc2ad202f3ccb2887742f?s=96&d=wp_user_avatar&r=g","contentUrl":"https:\/\/secure.gravatar.com\/avatar\/71f2fa71737ad68a84fea94bc708ddac8ea5b0c4788dc2ad202f3ccb2887742f?s=96&d=wp_user_avatar&r=g","caption":"Reda\u00e7\u00e3o JO"},"url":"https:\/\/jornaldasoficinas.com\/pt\/author\/joredacao\/"}]}},"_links":{"self":[{"href":"https:\/\/jornaldasoficinas.com\/pt\/wp-json\/wp\/v2\/posts\/82817","targetHints":{"allow":["GET"]}}],"collection":[{"href":"https:\/\/jornaldasoficinas.com\/pt\/wp-json\/wp\/v2\/posts"}],"about":[{"href":"https:\/\/jornaldasoficinas.com\/pt\/wp-json\/wp\/v2\/types\/post"}],"author":[{"embeddable":true,"href":"https:\/\/jornaldasoficinas.com\/pt\/wp-json\/wp\/v2\/users\/15"}],"replies":[{"embeddable":true,"href":"https:\/\/jornaldasoficinas.com\/pt\/wp-json\/wp\/v2\/comments?post=82817"}],"version-history":[{"count":0,"href":"https:\/\/jornaldasoficinas.com\/pt\/wp-json\/wp\/v2\/posts\/82817\/revisions"}],"wp:featuredmedia":[{"embeddable":true,"href":"https:\/\/jornaldasoficinas.com\/pt\/wp-json\/wp\/v2\/media\/82821"}],"wp:attachment":[{"href":"https:\/\/jornaldasoficinas.com\/pt\/wp-json\/wp\/v2\/media?parent=82817"}],"wp:term":[{"taxonomy":"category","embeddable":true,"href":"https:\/\/jornaldasoficinas.com\/pt\/wp-json\/wp\/v2\/categories?post=82817"},{"taxonomy":"post_tag","embeddable":true,"href":"https:\/\/jornaldasoficinas.com\/pt\/wp-json\/wp\/v2\/tags?post=82817"}],"curies":[{"name":"wp","href":"https:\/\/api.w.org\/{rel}","templated":true}]}}