{"id":82851,"date":"2024-04-17T16:00:39","date_gmt":"2024-04-17T15:00:39","guid":{"rendered":"https:\/\/jornaldasoficinas.com\/pt\/?p=82851"},"modified":"2024-04-16T18:41:54","modified_gmt":"2024-04-16T17:41:54","slug":"besa-oferece-pacote-de-fita-profissional-em-compras","status":"publish","type":"post","link":"https:\/\/jornaldasoficinas.com\/pt\/besa-oferece-pacote-de-fita-profissional-em-compras\/","title":{"rendered":"BESA oferece pacote de fita profissional em compras"},"content":{"rendered":"<p><img loading=\"lazy\" decoding=\"async\" class=\"alignnone size-full wp-image-82859\" src=\"https:\/\/jornaldasoficinas.com\/pt\/wp-content\/uploads\/2024\/04\/BESA-oferece-pacote-de-fita-profissional-em-compras-da-marca.jpg\" alt=\"BESA oferece pacote de fita profissional em compras da marca\" width=\"1024\" height=\"581\" srcset=\"https:\/\/jornaldasoficinas.com\/pt\/wp-content\/uploads\/2024\/04\/BESA-oferece-pacote-de-fita-profissional-em-compras-da-marca.jpg 1024w, https:\/\/jornaldasoficinas.com\/pt\/wp-content\/uploads\/2024\/04\/BESA-oferece-pacote-de-fita-profissional-em-compras-da-marca-300x170.jpg 300w, https:\/\/jornaldasoficinas.com\/pt\/wp-content\/uploads\/2024\/04\/BESA-oferece-pacote-de-fita-profissional-em-compras-da-marca-150x85.jpg 150w, https:\/\/jornaldasoficinas.com\/pt\/wp-content\/uploads\/2024\/04\/BESA-oferece-pacote-de-fita-profissional-em-compras-da-marca-768x436.jpg 768w\" sizes=\"auto, (max-width: 1024px) 100vw, 1024px\" \/><\/p>\n<p><strong>A promo\u00e7\u00e3o da <a href=\"https:\/\/www.bernardoecenarro.com\/\" target=\"_blank\" rel=\"noopener\">BESA<\/a> \u00e9 v\u00e1lida at\u00e9 dia 30 de abril, na compra de um balde <a href=\"https:\/\/www.bernardoecenarro.com\/es\/carroceria\/aparejos\/pintura-aparejo-lijable-besa-car\/\" target=\"_blank\" rel=\"noopener\">BESACAR<\/a> ou <a href=\"https:\/\/www.bernardoecenarro.com\/es\/carroceria\/aparejos\/pintura-aparejo-lijable-besa-express\/\" target=\"_blank\" rel=\"noopener\">BESAEXPRESS<\/a> de 4L<\/strong><\/p>\n<p>At\u00e9 ao pr\u00f3ximo dia 30 de abril, os clientes BESA poder\u00e3o usufruir da \u00faltima promo\u00e7\u00e3o lan\u00e7ada pela marca, que consiste na obten\u00e7\u00e3o gr\u00e1tis de 1 pack de 6 fitas profissionais de 48x45mm por cada compra de um balde BESACAR e BESAEXPRESS de 4 litros, com os seus respectivos catalisadores.<\/p>\n<p>&#8220;Esta \u00e9 uma excelente oportunidade para os profissionais obterem uma fita de alta qualidade, especialmente desenvolvida para otimizar o tempo e a qualidade no processo de pintura. Este produto faz parte da linha MASKING da BESA, destinada a proteger e cobrir diferentes \u00e1reas da carroceria durante os processos de repintura&#8221;, assegurou a BESA.<\/p>\n<p><strong>BESACAR e BESAEXPRESS:<\/strong><\/p>\n<p>A BESA disp\u00f5e de uma vasta gama de tintas para carroceria de modo a aumentar a produtividade e rentabilidade no processo de preenchimento, com uma secagem r\u00e1pida e alto poder de cobertura.<\/p>\n<p>&#8220;A BESACAR \u00e9 um betume de camada espessa, f\u00e1cil de lixar e vers\u00e1til na aplica\u00e7\u00e3o. Permite otimizar os \u00edndices de produtividade variando o modo de aplica\u00e7\u00e3o em fun\u00e7\u00e3o das superf\u00edcies a pintar. Possui uma excelente ader\u00eancia em a\u00e7o, alum\u00ednio, galvanizados e uma grande variedade de pl\u00e1sticos&#8221;, garantiu.<\/p>\n<p>Por sua vez, a &#8220;BESA-EXPRESS \u00e9 uma tinta de enchimento de alto teor de s\u00f3lidos que se destaca sobretudo pela sua secagem r\u00e1pida, elevada espessura e excelente lixamento. BESA-EXPRESS permite aplica\u00e7\u00f5es como enchimento de alta espessura ou como prim\u00e1rio de enchimento, modificando a percentagem de dilui\u00e7\u00e3o, ajudando assim a otimizar os \u00edndices de produtividade&#8221;, acrescentou.<\/p>\n<p>Como complemento de valor acrescentado para o utilizador, a marca disponibiliza dois conte\u00fados formativos que visam otimizar o processo de aplica\u00e7\u00e3o e lixamento da tinta de massa, sendo estes: &#8220;<a href=\"https:\/\/www.bernardoecenarro.com\/es\/besa-lab\/como-aplicar-aparejo-pintura\/\" target=\"_blank\" rel=\"noopener\">Como aplicar o enchimento ou o primer: 7 dicas essenciais<\/a>&#8221; e &#8220;<a href=\"https:\/\/www.bernardoecenarro.com\/es\/besa-lab\/como-aplicar-aparejo-pintura\/\" target=\"_blank\" rel=\"noopener\">Preenchimentos na carroceria: classifica\u00e7\u00e3o e tipos de uso<\/a>&#8220;.<\/p>\n<p>&nbsp;<\/p>\n<p>&nbsp;<\/p>\n<p>&nbsp;<\/p>\n<p>&nbsp;<\/p>\n","protected":false},"excerpt":{"rendered":"<p>A promo\u00e7\u00e3o da BESA \u00e9 v\u00e1lida&#8230;<\/p>\n","protected":false},"author":15,"featured_media":82859,"comment_status":"closed","ping_status":"closed","sticky":false,"template":"","format":"standard","meta":{"footnotes":""},"categories":[29],"tags":[8550,765,8551,8552,5838,8549,4649],"class_list":["post-82851","post","type-post","status-publish","format-standard","has-post-thumbnail","hentry","category-empresas","tag-ate-30-de-abril","tag-besa","tag-besacar","tag-besaexpress","tag-campanha-promocional","tag-fita-profissional","tag-oferta"],"yoast_head":"<!-- This site is optimized with the Yoast SEO plugin v27.5 - https:\/\/yoast.com\/product\/yoast-seo-wordpress\/ -->\n<title>BESA oferece pacote de fita profissional em compras - Jornal das Oficinas<\/title>\n<meta name=\"description\" content=\"A promo\u00e7\u00e3o da BESA vai estar v\u00e1lida at\u00e9 dia 30 de abril, na compra de um balde BESACAR ou BESAEXPRESS de 4L\" \/>\n<meta name=\"robots\" content=\"index, follow, max-snippet:-1, max-image-preview:large, max-video-preview:-1\" \/>\n<link rel=\"canonical\" href=\"https:\/\/jornaldasoficinas.com\/pt\/besa-oferece-pacote-de-fita-profissional-em-compras\/\" \/>\n<meta property=\"og:locale\" content=\"pt_PT\" \/>\n<meta property=\"og:type\" content=\"article\" \/>\n<meta property=\"og:title\" content=\"BESA oferece pacote de fita profissional em compras - Jornal das Oficinas\" \/>\n<meta property=\"og:description\" content=\"A promo\u00e7\u00e3o da BESA vai estar v\u00e1lida at\u00e9 dia 30 de abril, na compra de um balde BESACAR ou BESAEXPRESS de 4L\" \/>\n<meta property=\"og:url\" content=\"https:\/\/jornaldasoficinas.com\/pt\/besa-oferece-pacote-de-fita-profissional-em-compras\/\" \/>\n<meta property=\"og:site_name\" content=\"Jornal das Oficinas\" \/>\n<meta property=\"article:publisher\" content=\"https:\/\/www.facebook.com\/jornaloficinas\" \/>\n<meta property=\"article:published_time\" content=\"2024-04-17T15:00:39+00:00\" \/>\n<meta property=\"og:image\" content=\"https:\/\/jornaldasoficinas.com\/pt\/wp-content\/uploads\/2024\/04\/BESA-oferece-pacote-de-fita-profissional-em-compras-da-marca.jpg\" \/>\n\t<meta property=\"og:image:width\" content=\"1024\" \/>\n\t<meta property=\"og:image:height\" content=\"581\" \/>\n\t<meta property=\"og:image:type\" content=\"image\/jpeg\" \/>\n<meta name=\"author\" content=\"Reda\u00e7\u00e3o JO\" \/>\n<meta name=\"twitter:card\" content=\"summary_large_image\" \/>\n<meta name=\"twitter:creator\" content=\"@jornaloficinas\" \/>\n<meta name=\"twitter:site\" content=\"@jornaloficinas\" \/>\n<meta name=\"twitter:label1\" content=\"Escrito por\" \/>\n\t<meta name=\"twitter:data1\" content=\"Reda\u00e7\u00e3o JO\" \/>\n\t<meta name=\"twitter:label2\" content=\"Tempo estimado de leitura\" \/>\n\t<meta name=\"twitter:data2\" content=\"3 minutos\" \/>\n<script type=\"application\/ld+json\" class=\"yoast-schema-graph\">{\"@context\":\"https:\\\/\\\/schema.org\",\"@graph\":[{\"@type\":\"Article\",\"@id\":\"https:\\\/\\\/jornaldasoficinas.com\\\/pt\\\/besa-oferece-pacote-de-fita-profissional-em-compras\\\/#article\",\"isPartOf\":{\"@id\":\"https:\\\/\\\/jornaldasoficinas.com\\\/pt\\\/besa-oferece-pacote-de-fita-profissional-em-compras\\\/\"},\"author\":{\"name\":\"Reda\u00e7\u00e3o JO\",\"@id\":\"https:\\\/\\\/jornaldasoficinas.com\\\/pt\\\/#\\\/schema\\\/person\\\/a38eef5de2c41d9e7c9ac10141afddf3\"},\"headline\":\"BESA oferece pacote de fita profissional em compras\",\"datePublished\":\"2024-04-17T15:00:39+00:00\",\"mainEntityOfPage\":{\"@id\":\"https:\\\/\\\/jornaldasoficinas.com\\\/pt\\\/besa-oferece-pacote-de-fita-profissional-em-compras\\\/\"},\"wordCount\":339,\"publisher\":{\"@id\":\"https:\\\/\\\/jornaldasoficinas.com\\\/pt\\\/#organization\"},\"image\":{\"@id\":\"https:\\\/\\\/jornaldasoficinas.com\\\/pt\\\/besa-oferece-pacote-de-fita-profissional-em-compras\\\/#primaryimage\"},\"thumbnailUrl\":\"https:\\\/\\\/jornaldasoficinas.com\\\/pt\\\/wp-content\\\/uploads\\\/2024\\\/04\\\/BESA-oferece-pacote-de-fita-profissional-em-compras-da-marca.jpg\",\"keywords\":[\"at\u00e9 30 de abril\",\"BESA\",\"BESACAR\",\"BESAEXPRESS\",\"campanha promocional\",\"fita profissional\",\"Oferta\"],\"articleSection\":[\"Empresas\"],\"inLanguage\":\"pt-PT\"},{\"@type\":\"WebPage\",\"@id\":\"https:\\\/\\\/jornaldasoficinas.com\\\/pt\\\/besa-oferece-pacote-de-fita-profissional-em-compras\\\/\",\"url\":\"https:\\\/\\\/jornaldasoficinas.com\\\/pt\\\/besa-oferece-pacote-de-fita-profissional-em-compras\\\/\",\"name\":\"BESA oferece pacote de fita profissional em compras - Jornal das Oficinas\",\"isPartOf\":{\"@id\":\"https:\\\/\\\/jornaldasoficinas.com\\\/pt\\\/#website\"},\"primaryImageOfPage\":{\"@id\":\"https:\\\/\\\/jornaldasoficinas.com\\\/pt\\\/besa-oferece-pacote-de-fita-profissional-em-compras\\\/#primaryimage\"},\"image\":{\"@id\":\"https:\\\/\\\/jornaldasoficinas.com\\\/pt\\\/besa-oferece-pacote-de-fita-profissional-em-compras\\\/#primaryimage\"},\"thumbnailUrl\":\"https:\\\/\\\/jornaldasoficinas.com\\\/pt\\\/wp-content\\\/uploads\\\/2024\\\/04\\\/BESA-oferece-pacote-de-fita-profissional-em-compras-da-marca.jpg\",\"datePublished\":\"2024-04-17T15:00:39+00:00\",\"description\":\"A promo\u00e7\u00e3o da BESA vai estar v\u00e1lida at\u00e9 dia 30 de abril, na compra de um balde BESACAR ou BESAEXPRESS de 4L\",\"breadcrumb\":{\"@id\":\"https:\\\/\\\/jornaldasoficinas.com\\\/pt\\\/besa-oferece-pacote-de-fita-profissional-em-compras\\\/#breadcrumb\"},\"inLanguage\":\"pt-PT\",\"potentialAction\":[{\"@type\":\"ReadAction\",\"target\":[\"https:\\\/\\\/jornaldasoficinas.com\\\/pt\\\/besa-oferece-pacote-de-fita-profissional-em-compras\\\/\"]}]},{\"@type\":\"ImageObject\",\"inLanguage\":\"pt-PT\",\"@id\":\"https:\\\/\\\/jornaldasoficinas.com\\\/pt\\\/besa-oferece-pacote-de-fita-profissional-em-compras\\\/#primaryimage\",\"url\":\"https:\\\/\\\/jornaldasoficinas.com\\\/pt\\\/wp-content\\\/uploads\\\/2024\\\/04\\\/BESA-oferece-pacote-de-fita-profissional-em-compras-da-marca.jpg\",\"contentUrl\":\"https:\\\/\\\/jornaldasoficinas.com\\\/pt\\\/wp-content\\\/uploads\\\/2024\\\/04\\\/BESA-oferece-pacote-de-fita-profissional-em-compras-da-marca.jpg\",\"width\":1024,\"height\":581,\"caption\":\"BESA oferece pacote de fita profissional em compras da marca\"},{\"@type\":\"BreadcrumbList\",\"@id\":\"https:\\\/\\\/jornaldasoficinas.com\\\/pt\\\/besa-oferece-pacote-de-fita-profissional-em-compras\\\/#breadcrumb\",\"itemListElement\":[{\"@type\":\"ListItem\",\"position\":1,\"name\":\"In\u00edcio\",\"item\":\"https:\\\/\\\/jornaldasoficinas.com\\\/pt\\\/\"},{\"@type\":\"ListItem\",\"position\":2,\"name\":\"BESA oferece pacote de fita profissional em compras\"}]},{\"@type\":\"WebSite\",\"@id\":\"https:\\\/\\\/jornaldasoficinas.com\\\/pt\\\/#website\",\"url\":\"https:\\\/\\\/jornaldasoficinas.com\\\/pt\\\/\",\"name\":\"Jornal das Oficinas\",\"description\":\"Jornal independente do Aftermarket Autom\u00f3vel em Portugal\",\"publisher\":{\"@id\":\"https:\\\/\\\/jornaldasoficinas.com\\\/pt\\\/#organization\"},\"potentialAction\":[{\"@type\":\"SearchAction\",\"target\":{\"@type\":\"EntryPoint\",\"urlTemplate\":\"https:\\\/\\\/jornaldasoficinas.com\\\/pt\\\/?s={search_term_string}\"},\"query-input\":{\"@type\":\"PropertyValueSpecification\",\"valueRequired\":true,\"valueName\":\"search_term_string\"}}],\"inLanguage\":\"pt-PT\"},{\"@type\":\"Organization\",\"@id\":\"https:\\\/\\\/jornaldasoficinas.com\\\/pt\\\/#organization\",\"name\":\"Jornal das Oficinas\",\"url\":\"https:\\\/\\\/jornaldasoficinas.com\\\/pt\\\/\",\"logo\":{\"@type\":\"ImageObject\",\"inLanguage\":\"pt-PT\",\"@id\":\"https:\\\/\\\/jornaldasoficinas.com\\\/pt\\\/#\\\/schema\\\/logo\\\/image\\\/\",\"url\":\"https:\\\/\\\/jornaldasoficinas.com\\\/pt\\\/wp-content\\\/uploads\\\/logoJO-SEO.png\",\"contentUrl\":\"https:\\\/\\\/jornaldasoficinas.com\\\/pt\\\/wp-content\\\/uploads\\\/logoJO-SEO.png\",\"width\":285,\"height\":450,\"caption\":\"Jornal das Oficinas\"},\"image\":{\"@id\":\"https:\\\/\\\/jornaldasoficinas.com\\\/pt\\\/#\\\/schema\\\/logo\\\/image\\\/\"},\"sameAs\":[\"https:\\\/\\\/www.facebook.com\\\/jornaloficinas\",\"https:\\\/\\\/x.com\\\/jornaloficinas\",\"https:\\\/\\\/www.instagram.com\\\/jornal_oficinas\\\/\",\"https:\\\/\\\/www.linkedin.com\\\/company\\\/jornal-das-oficinas\\\/\",\"https:\\\/\\\/www.youtube.com\\\/channel\\\/UCbQZBqtcvV-oSQrr7RzINGg\"]},{\"@type\":\"Person\",\"@id\":\"https:\\\/\\\/jornaldasoficinas.com\\\/pt\\\/#\\\/schema\\\/person\\\/a38eef5de2c41d9e7c9ac10141afddf3\",\"name\":\"Reda\u00e7\u00e3o JO\",\"image\":{\"@type\":\"ImageObject\",\"inLanguage\":\"pt-PT\",\"@id\":\"https:\\\/\\\/secure.gravatar.com\\\/avatar\\\/71f2fa71737ad68a84fea94bc708ddac8ea5b0c4788dc2ad202f3ccb2887742f?s=96&d=wp_user_avatar&r=g\",\"url\":\"https:\\\/\\\/secure.gravatar.com\\\/avatar\\\/71f2fa71737ad68a84fea94bc708ddac8ea5b0c4788dc2ad202f3ccb2887742f?s=96&d=wp_user_avatar&r=g\",\"contentUrl\":\"https:\\\/\\\/secure.gravatar.com\\\/avatar\\\/71f2fa71737ad68a84fea94bc708ddac8ea5b0c4788dc2ad202f3ccb2887742f?s=96&d=wp_user_avatar&r=g\",\"caption\":\"Reda\u00e7\u00e3o JO\"},\"url\":\"https:\\\/\\\/jornaldasoficinas.com\\\/pt\\\/author\\\/joredacao\\\/\"}]}<\/script>\n<!-- \/ Yoast SEO plugin. -->","yoast_head_json":{"title":"BESA oferece pacote de fita profissional em compras - Jornal das Oficinas","description":"A promo\u00e7\u00e3o da BESA vai estar v\u00e1lida at\u00e9 dia 30 de abril, na compra de um balde BESACAR ou BESAEXPRESS de 4L","robots":{"index":"index","follow":"follow","max-snippet":"max-snippet:-1","max-image-preview":"max-image-preview:large","max-video-preview":"max-video-preview:-1"},"canonical":"https:\/\/jornaldasoficinas.com\/pt\/besa-oferece-pacote-de-fita-profissional-em-compras\/","og_locale":"pt_PT","og_type":"article","og_title":"BESA oferece pacote de fita profissional em compras - Jornal das Oficinas","og_description":"A promo\u00e7\u00e3o da BESA vai estar v\u00e1lida at\u00e9 dia 30 de abril, na compra de um balde BESACAR ou BESAEXPRESS de 4L","og_url":"https:\/\/jornaldasoficinas.com\/pt\/besa-oferece-pacote-de-fita-profissional-em-compras\/","og_site_name":"Jornal das Oficinas","article_publisher":"https:\/\/www.facebook.com\/jornaloficinas","article_published_time":"2024-04-17T15:00:39+00:00","og_image":[{"width":1024,"height":581,"url":"https:\/\/jornaldasoficinas.com\/pt\/wp-content\/uploads\/2024\/04\/BESA-oferece-pacote-de-fita-profissional-em-compras-da-marca.jpg","type":"image\/jpeg"}],"author":"Reda\u00e7\u00e3o JO","twitter_card":"summary_large_image","twitter_creator":"@jornaloficinas","twitter_site":"@jornaloficinas","twitter_misc":{"Escrito por":"Reda\u00e7\u00e3o JO","Tempo estimado de leitura":"3 minutos"},"schema":{"@context":"https:\/\/schema.org","@graph":[{"@type":"Article","@id":"https:\/\/jornaldasoficinas.com\/pt\/besa-oferece-pacote-de-fita-profissional-em-compras\/#article","isPartOf":{"@id":"https:\/\/jornaldasoficinas.com\/pt\/besa-oferece-pacote-de-fita-profissional-em-compras\/"},"author":{"name":"Reda\u00e7\u00e3o JO","@id":"https:\/\/jornaldasoficinas.com\/pt\/#\/schema\/person\/a38eef5de2c41d9e7c9ac10141afddf3"},"headline":"BESA oferece pacote de fita profissional em compras","datePublished":"2024-04-17T15:00:39+00:00","mainEntityOfPage":{"@id":"https:\/\/jornaldasoficinas.com\/pt\/besa-oferece-pacote-de-fita-profissional-em-compras\/"},"wordCount":339,"publisher":{"@id":"https:\/\/jornaldasoficinas.com\/pt\/#organization"},"image":{"@id":"https:\/\/jornaldasoficinas.com\/pt\/besa-oferece-pacote-de-fita-profissional-em-compras\/#primaryimage"},"thumbnailUrl":"https:\/\/jornaldasoficinas.com\/pt\/wp-content\/uploads\/2024\/04\/BESA-oferece-pacote-de-fita-profissional-em-compras-da-marca.jpg","keywords":["at\u00e9 30 de abril","BESA","BESACAR","BESAEXPRESS","campanha promocional","fita profissional","Oferta"],"articleSection":["Empresas"],"inLanguage":"pt-PT"},{"@type":"WebPage","@id":"https:\/\/jornaldasoficinas.com\/pt\/besa-oferece-pacote-de-fita-profissional-em-compras\/","url":"https:\/\/jornaldasoficinas.com\/pt\/besa-oferece-pacote-de-fita-profissional-em-compras\/","name":"BESA oferece pacote de fita profissional em compras - Jornal das Oficinas","isPartOf":{"@id":"https:\/\/jornaldasoficinas.com\/pt\/#website"},"primaryImageOfPage":{"@id":"https:\/\/jornaldasoficinas.com\/pt\/besa-oferece-pacote-de-fita-profissional-em-compras\/#primaryimage"},"image":{"@id":"https:\/\/jornaldasoficinas.com\/pt\/besa-oferece-pacote-de-fita-profissional-em-compras\/#primaryimage"},"thumbnailUrl":"https:\/\/jornaldasoficinas.com\/pt\/wp-content\/uploads\/2024\/04\/BESA-oferece-pacote-de-fita-profissional-em-compras-da-marca.jpg","datePublished":"2024-04-17T15:00:39+00:00","description":"A promo\u00e7\u00e3o da BESA vai estar v\u00e1lida at\u00e9 dia 30 de abril, na compra de um balde BESACAR ou BESAEXPRESS de 4L","breadcrumb":{"@id":"https:\/\/jornaldasoficinas.com\/pt\/besa-oferece-pacote-de-fita-profissional-em-compras\/#breadcrumb"},"inLanguage":"pt-PT","potentialAction":[{"@type":"ReadAction","target":["https:\/\/jornaldasoficinas.com\/pt\/besa-oferece-pacote-de-fita-profissional-em-compras\/"]}]},{"@type":"ImageObject","inLanguage":"pt-PT","@id":"https:\/\/jornaldasoficinas.com\/pt\/besa-oferece-pacote-de-fita-profissional-em-compras\/#primaryimage","url":"https:\/\/jornaldasoficinas.com\/pt\/wp-content\/uploads\/2024\/04\/BESA-oferece-pacote-de-fita-profissional-em-compras-da-marca.jpg","contentUrl":"https:\/\/jornaldasoficinas.com\/pt\/wp-content\/uploads\/2024\/04\/BESA-oferece-pacote-de-fita-profissional-em-compras-da-marca.jpg","width":1024,"height":581,"caption":"BESA oferece pacote de fita profissional em compras da marca"},{"@type":"BreadcrumbList","@id":"https:\/\/jornaldasoficinas.com\/pt\/besa-oferece-pacote-de-fita-profissional-em-compras\/#breadcrumb","itemListElement":[{"@type":"ListItem","position":1,"name":"In\u00edcio","item":"https:\/\/jornaldasoficinas.com\/pt\/"},{"@type":"ListItem","position":2,"name":"BESA oferece pacote de fita profissional em compras"}]},{"@type":"WebSite","@id":"https:\/\/jornaldasoficinas.com\/pt\/#website","url":"https:\/\/jornaldasoficinas.com\/pt\/","name":"Jornal das Oficinas","description":"Jornal independente do Aftermarket Autom\u00f3vel em Portugal","publisher":{"@id":"https:\/\/jornaldasoficinas.com\/pt\/#organization"},"potentialAction":[{"@type":"SearchAction","target":{"@type":"EntryPoint","urlTemplate":"https:\/\/jornaldasoficinas.com\/pt\/?s={search_term_string}"},"query-input":{"@type":"PropertyValueSpecification","valueRequired":true,"valueName":"search_term_string"}}],"inLanguage":"pt-PT"},{"@type":"Organization","@id":"https:\/\/jornaldasoficinas.com\/pt\/#organization","name":"Jornal das Oficinas","url":"https:\/\/jornaldasoficinas.com\/pt\/","logo":{"@type":"ImageObject","inLanguage":"pt-PT","@id":"https:\/\/jornaldasoficinas.com\/pt\/#\/schema\/logo\/image\/","url":"https:\/\/jornaldasoficinas.com\/pt\/wp-content\/uploads\/logoJO-SEO.png","contentUrl":"https:\/\/jornaldasoficinas.com\/pt\/wp-content\/uploads\/logoJO-SEO.png","width":285,"height":450,"caption":"Jornal das Oficinas"},"image":{"@id":"https:\/\/jornaldasoficinas.com\/pt\/#\/schema\/logo\/image\/"},"sameAs":["https:\/\/www.facebook.com\/jornaloficinas","https:\/\/x.com\/jornaloficinas","https:\/\/www.instagram.com\/jornal_oficinas\/","https:\/\/www.linkedin.com\/company\/jornal-das-oficinas\/","https:\/\/www.youtube.com\/channel\/UCbQZBqtcvV-oSQrr7RzINGg"]},{"@type":"Person","@id":"https:\/\/jornaldasoficinas.com\/pt\/#\/schema\/person\/a38eef5de2c41d9e7c9ac10141afddf3","name":"Reda\u00e7\u00e3o JO","image":{"@type":"ImageObject","inLanguage":"pt-PT","@id":"https:\/\/secure.gravatar.com\/avatar\/71f2fa71737ad68a84fea94bc708ddac8ea5b0c4788dc2ad202f3ccb2887742f?s=96&d=wp_user_avatar&r=g","url":"https:\/\/secure.gravatar.com\/avatar\/71f2fa71737ad68a84fea94bc708ddac8ea5b0c4788dc2ad202f3ccb2887742f?s=96&d=wp_user_avatar&r=g","contentUrl":"https:\/\/secure.gravatar.com\/avatar\/71f2fa71737ad68a84fea94bc708ddac8ea5b0c4788dc2ad202f3ccb2887742f?s=96&d=wp_user_avatar&r=g","caption":"Reda\u00e7\u00e3o JO"},"url":"https:\/\/jornaldasoficinas.com\/pt\/author\/joredacao\/"}]}},"_links":{"self":[{"href":"https:\/\/jornaldasoficinas.com\/pt\/wp-json\/wp\/v2\/posts\/82851","targetHints":{"allow":["GET"]}}],"collection":[{"href":"https:\/\/jornaldasoficinas.com\/pt\/wp-json\/wp\/v2\/posts"}],"about":[{"href":"https:\/\/jornaldasoficinas.com\/pt\/wp-json\/wp\/v2\/types\/post"}],"author":[{"embeddable":true,"href":"https:\/\/jornaldasoficinas.com\/pt\/wp-json\/wp\/v2\/users\/15"}],"replies":[{"embeddable":true,"href":"https:\/\/jornaldasoficinas.com\/pt\/wp-json\/wp\/v2\/comments?post=82851"}],"version-history":[{"count":0,"href":"https:\/\/jornaldasoficinas.com\/pt\/wp-json\/wp\/v2\/posts\/82851\/revisions"}],"wp:featuredmedia":[{"embeddable":true,"href":"https:\/\/jornaldasoficinas.com\/pt\/wp-json\/wp\/v2\/media\/82859"}],"wp:attachment":[{"href":"https:\/\/jornaldasoficinas.com\/pt\/wp-json\/wp\/v2\/media?parent=82851"}],"wp:term":[{"taxonomy":"category","embeddable":true,"href":"https:\/\/jornaldasoficinas.com\/pt\/wp-json\/wp\/v2\/categories?post=82851"},{"taxonomy":"post_tag","embeddable":true,"href":"https:\/\/jornaldasoficinas.com\/pt\/wp-json\/wp\/v2\/tags?post=82851"}],"curies":[{"name":"wp","href":"https:\/\/api.w.org\/{rel}","templated":true}]}}