{"id":8293,"date":"2020-01-07T10:05:58","date_gmt":"2020-01-07T10:05:58","guid":{"rendered":"https:\/\/jornaldasoficinas.com\/pt\/?p=8293"},"modified":"2020-01-07T12:35:51","modified_gmt":"2020-01-07T12:35:51","slug":"bosch-eleva-a-fasquia-no-campo-da-inteligencia-artificial","status":"publish","type":"post","link":"https:\/\/jornaldasoficinas.com\/pt\/bosch-eleva-a-fasquia-no-campo-da-inteligencia-artificial\/","title":{"rendered":"Bosch eleva a fasquia no campo da Intelig\u00eancia Artificial"},"content":{"rendered":"<p><img loading=\"lazy\" decoding=\"async\" class=\"alignnone wp-image-8292 size-full\" src=\"https:\/\/jornaldasoficinas.com\/pt\/wp-content\/uploads\/2020\/01\/boschinteligenciaartificial.png\" alt=\"01 - boschinteligenciaartificial\" width=\"1024\" height=\"581\" srcset=\"https:\/\/jornaldasoficinas.com\/pt\/wp-content\/uploads\/2020\/01\/boschinteligenciaartificial.png 1024w, https:\/\/jornaldasoficinas.com\/pt\/wp-content\/uploads\/2020\/01\/boschinteligenciaartificial-300x170.png 300w, https:\/\/jornaldasoficinas.com\/pt\/wp-content\/uploads\/2020\/01\/boschinteligenciaartificial-150x85.png 150w, https:\/\/jornaldasoficinas.com\/pt\/wp-content\/uploads\/2020\/01\/boschinteligenciaartificial-768x436.png 768w\" sizes=\"auto, (max-width: 1024px) 100vw, 1024px\" \/><\/p>\n<p><strong>Seja na condu\u00e7\u00e3o aut\u00f3noma, nas casas inteligentes ou na ind\u00fastria, a Intelig\u00eancia Artificial (IA) tornou-se parte integrante da vida quotidiana. Na edi\u00e7\u00e3o de 2020 do CES, que arranca, hoje, em Las Vegas, o fabricante alem\u00e3o demonstra porqu\u00ea.<\/strong><\/p>\n<p>A Bosch usa a IA e a Internet das Coisas (IoT) para facilitar a vida das pessoas e torn\u00e1-la o mais segura poss\u00edvel. \u00c9 aqui que nasce o<em> slogan <\/em>\u201cBeneficial AI &#8211; Building trust together\u201d (IA Ben\u00e9fica \u2013 Construindo juntos a confian\u00e7a), que resume a abordagem da empresa de tecnologia e servi\u00e7os.<\/p>\n<p>O foco est\u00e1 numa IA segura e robusta para o fabrico de produtos inteligentes, que a Bosch ir\u00e1 apresentar na edi\u00e7\u00e3o deste ano do <a href=\"https:\/\/ces.tech\/\" target=\"_blank\" rel=\"noopener noreferrer\">CES<\/a>, em Las Vegas, no estado norte-americano do Nevada. Um desses produtos \u00e9 o Visor Virtual: uma viseira solar digital para ve\u00edculos com base em IA que ter\u00e1 a sua estreia na maior feira mundial de eletr\u00f3nica de consumo. Este produto foi distinguido com o CES Innovation Award, tal como o ecr\u00e3 3D da Bosch para o autom\u00f3vel.<\/p>\n<p>Outro dos destaques em IA da Bosch no evento inclui uma aplica\u00e7\u00e3o para manuten\u00e7\u00e3o preditiva da Esta\u00e7\u00e3o Espacial Internacional, um sistema para monitorizar o interior de ve\u00edculos e uma plataforma inteligente para diagn\u00f3stico m\u00e9dico. \u201cAs solu\u00e7\u00f5es que iremos apresentar no CES mostram, claramente, que a Bosch tem como objetivo tornar-se l\u00edder em inova\u00e7\u00e3o de IA\u201d, afirma Michael Bolle, membro do conselho de administra\u00e7\u00e3o da Bosch.<\/p>\n<p>\u201cA partir de 2025, todos os produtos Bosch v\u00e3o, tamb\u00e9m, incluir Intelig\u00eancia Artificial ou ter\u00e3o sido desenvolvidos ou fabricados com a ajuda desta\u201d, revela o respons\u00e1vel.<\/p>\n<p>\u00c9 esperado que o volume do mercado global de aplica\u00e7\u00f5es de IA ronde os 120 mil milh\u00f5es de d\u00f3lares no mesmo per\u00edodo, um aumento de 12 vezes em compara\u00e7\u00e3o com 2018 (fonte: Tractica). A Bosch quer explorar esse potencial, investindo 3,7 mil milh\u00f5es de euros a cada ano em desenvolvimento de <em>software<\/em>. Atualmente, emprega mais de 30.000 engenheiros de <em>software <\/em>e tem 1.000 associados a trabalhar em IA.<\/p>\n<p>Al\u00e9m disso, a <a href=\"https:\/\/www.bosch.com\/\" target=\"_blank\" rel=\"noopener noreferrer\">Bosch<\/a> criou um programa de treino abrangente. \u201cPlaneamos preparar cerca de 20 mil associados com experi\u00eancia em IA ao longo dos pr\u00f3ximos dois anos\u201d, explica Michael Bolle. \u201cDevemos investir n\u00e3o s\u00f3 em Intelig\u00eancia Artificial mas, tamb\u00e9m, na intelig\u00eancia humana\u201d, acrescenta.<\/p>\n<p>O programa inclui formatos de treino de tr\u00eas n\u00edveis diferentes para gestores, engenheiros e criadores de IA, incluindo ainda diretrizes para o uso respons\u00e1vel desta. Tendo em conta esse fim, a Bosch elaborou o seu pr\u00f3prio conjunto de princ\u00edpios de IA, que abordam quest\u00f5es relacionadas com a \u00e9tica e seguran\u00e7a.<\/p>\n<p>Com isto e em conjunto com a sua experi\u00eancia, a empresa pretende construir uma base de confian\u00e7a com os clientes e parceiros, tal como refor\u00e7a Michael Bolle: \u201cQualquer pessoa que tenha princ\u00edpios t\u00e9cnicos e \u00e9ticos interiorizados sabe qu\u00e3o importante \u00e9 a seguran\u00e7a e a soberania dos dados, porque, de certa forma, a confian\u00e7a \u00e9 a qualidade do produto no mundo digital\u201d.<\/p>\n","protected":false},"excerpt":{"rendered":"<p>Seja na condu\u00e7\u00e3o aut\u00f3noma, nas casas&#8230;<\/p>\n","protected":false},"author":15,"featured_media":8292,"comment_status":"closed","ping_status":"closed","sticky":false,"template":"","format":"standard","meta":{"footnotes":""},"categories":[29],"tags":[123,1074,1076,1087],"class_list":["post-8293","post","type-post","status-publish","format-standard","has-post-thumbnail","hentry","category-empresas","tag-bosch","tag-ces","tag-consumer-electronics-show","tag-inteligencia-artificial"],"yoast_head":"<!-- This site is optimized with the Yoast SEO plugin v27.5 - https:\/\/yoast.com\/product\/yoast-seo-wordpress\/ -->\n<title>Bosch eleva a fasquia no campo da Intelig\u00eancia Artificial - Jornal das Oficinas<\/title>\n<meta name=\"robots\" content=\"index, follow, max-snippet:-1, max-image-preview:large, max-video-preview:-1\" \/>\n<link rel=\"canonical\" href=\"https:\/\/jornaldasoficinas.com\/pt\/bosch-eleva-a-fasquia-no-campo-da-inteligencia-artificial\/\" \/>\n<meta property=\"og:locale\" content=\"pt_PT\" \/>\n<meta property=\"og:type\" content=\"article\" \/>\n<meta property=\"og:title\" content=\"Bosch eleva a fasquia no campo da Intelig\u00eancia Artificial - Jornal das Oficinas\" \/>\n<meta property=\"og:description\" content=\"Seja na condu\u00e7\u00e3o aut\u00f3noma, nas casas...\" \/>\n<meta property=\"og:url\" content=\"https:\/\/jornaldasoficinas.com\/pt\/bosch-eleva-a-fasquia-no-campo-da-inteligencia-artificial\/\" \/>\n<meta property=\"og:site_name\" content=\"Jornal das Oficinas\" \/>\n<meta property=\"article:publisher\" content=\"https:\/\/www.facebook.com\/jornaloficinas\" \/>\n<meta property=\"article:published_time\" content=\"2020-01-07T10:05:58+00:00\" \/>\n<meta property=\"article:modified_time\" content=\"2020-01-07T12:35:51+00:00\" \/>\n<meta property=\"og:image\" content=\"https:\/\/jornaldasoficinas.com\/pt\/wp-content\/uploads\/2020\/01\/boschinteligenciaartificial.png\" \/>\n\t<meta property=\"og:image:width\" content=\"1024\" \/>\n\t<meta property=\"og:image:height\" content=\"581\" \/>\n\t<meta property=\"og:image:type\" content=\"image\/png\" \/>\n<meta name=\"author\" content=\"Reda\u00e7\u00e3o JO\" \/>\n<meta name=\"twitter:card\" content=\"summary_large_image\" \/>\n<meta name=\"twitter:creator\" content=\"@jornaloficinas\" \/>\n<meta name=\"twitter:site\" content=\"@jornaloficinas\" \/>\n<meta name=\"twitter:label1\" content=\"Escrito por\" \/>\n\t<meta name=\"twitter:data1\" content=\"Reda\u00e7\u00e3o JO\" \/>\n\t<meta name=\"twitter:label2\" content=\"Tempo estimado de leitura\" \/>\n\t<meta name=\"twitter:data2\" content=\"3 minutos\" \/>\n<script type=\"application\/ld+json\" class=\"yoast-schema-graph\">{\"@context\":\"https:\\\/\\\/schema.org\",\"@graph\":[{\"@type\":\"Article\",\"@id\":\"https:\\\/\\\/jornaldasoficinas.com\\\/pt\\\/bosch-eleva-a-fasquia-no-campo-da-inteligencia-artificial\\\/#article\",\"isPartOf\":{\"@id\":\"https:\\\/\\\/jornaldasoficinas.com\\\/pt\\\/bosch-eleva-a-fasquia-no-campo-da-inteligencia-artificial\\\/\"},\"author\":{\"name\":\"Reda\u00e7\u00e3o JO\",\"@id\":\"https:\\\/\\\/jornaldasoficinas.com\\\/pt\\\/#\\\/schema\\\/person\\\/a38eef5de2c41d9e7c9ac10141afddf3\"},\"headline\":\"Bosch eleva a fasquia no campo da Intelig\u00eancia Artificial\",\"datePublished\":\"2020-01-07T10:05:58+00:00\",\"dateModified\":\"2020-01-07T12:35:51+00:00\",\"mainEntityOfPage\":{\"@id\":\"https:\\\/\\\/jornaldasoficinas.com\\\/pt\\\/bosch-eleva-a-fasquia-no-campo-da-inteligencia-artificial\\\/\"},\"wordCount\":537,\"publisher\":{\"@id\":\"https:\\\/\\\/jornaldasoficinas.com\\\/pt\\\/#organization\"},\"image\":{\"@id\":\"https:\\\/\\\/jornaldasoficinas.com\\\/pt\\\/bosch-eleva-a-fasquia-no-campo-da-inteligencia-artificial\\\/#primaryimage\"},\"thumbnailUrl\":\"https:\\\/\\\/jornaldasoficinas.com\\\/pt\\\/wp-content\\\/uploads\\\/2020\\\/01\\\/boschinteligenciaartificial.png\",\"keywords\":[\"Bosch\",\"CES\",\"Consumer Electronics Show\",\"Intelig\u00eancia artificial\"],\"articleSection\":[\"Empresas\"],\"inLanguage\":\"pt-PT\"},{\"@type\":\"WebPage\",\"@id\":\"https:\\\/\\\/jornaldasoficinas.com\\\/pt\\\/bosch-eleva-a-fasquia-no-campo-da-inteligencia-artificial\\\/\",\"url\":\"https:\\\/\\\/jornaldasoficinas.com\\\/pt\\\/bosch-eleva-a-fasquia-no-campo-da-inteligencia-artificial\\\/\",\"name\":\"Bosch eleva a fasquia no campo da Intelig\u00eancia Artificial - Jornal das Oficinas\",\"isPartOf\":{\"@id\":\"https:\\\/\\\/jornaldasoficinas.com\\\/pt\\\/#website\"},\"primaryImageOfPage\":{\"@id\":\"https:\\\/\\\/jornaldasoficinas.com\\\/pt\\\/bosch-eleva-a-fasquia-no-campo-da-inteligencia-artificial\\\/#primaryimage\"},\"image\":{\"@id\":\"https:\\\/\\\/jornaldasoficinas.com\\\/pt\\\/bosch-eleva-a-fasquia-no-campo-da-inteligencia-artificial\\\/#primaryimage\"},\"thumbnailUrl\":\"https:\\\/\\\/jornaldasoficinas.com\\\/pt\\\/wp-content\\\/uploads\\\/2020\\\/01\\\/boschinteligenciaartificial.png\",\"datePublished\":\"2020-01-07T10:05:58+00:00\",\"dateModified\":\"2020-01-07T12:35:51+00:00\",\"breadcrumb\":{\"@id\":\"https:\\\/\\\/jornaldasoficinas.com\\\/pt\\\/bosch-eleva-a-fasquia-no-campo-da-inteligencia-artificial\\\/#breadcrumb\"},\"inLanguage\":\"pt-PT\",\"potentialAction\":[{\"@type\":\"ReadAction\",\"target\":[\"https:\\\/\\\/jornaldasoficinas.com\\\/pt\\\/bosch-eleva-a-fasquia-no-campo-da-inteligencia-artificial\\\/\"]}]},{\"@type\":\"ImageObject\",\"inLanguage\":\"pt-PT\",\"@id\":\"https:\\\/\\\/jornaldasoficinas.com\\\/pt\\\/bosch-eleva-a-fasquia-no-campo-da-inteligencia-artificial\\\/#primaryimage\",\"url\":\"https:\\\/\\\/jornaldasoficinas.com\\\/pt\\\/wp-content\\\/uploads\\\/2020\\\/01\\\/boschinteligenciaartificial.png\",\"contentUrl\":\"https:\\\/\\\/jornaldasoficinas.com\\\/pt\\\/wp-content\\\/uploads\\\/2020\\\/01\\\/boschinteligenciaartificial.png\",\"width\":1024,\"height\":581,\"caption\":\"01 - boschinteligenciaartificial\"},{\"@type\":\"BreadcrumbList\",\"@id\":\"https:\\\/\\\/jornaldasoficinas.com\\\/pt\\\/bosch-eleva-a-fasquia-no-campo-da-inteligencia-artificial\\\/#breadcrumb\",\"itemListElement\":[{\"@type\":\"ListItem\",\"position\":1,\"name\":\"In\u00edcio\",\"item\":\"https:\\\/\\\/jornaldasoficinas.com\\\/pt\\\/\"},{\"@type\":\"ListItem\",\"position\":2,\"name\":\"Bosch eleva a fasquia no campo da Intelig\u00eancia Artificial\"}]},{\"@type\":\"WebSite\",\"@id\":\"https:\\\/\\\/jornaldasoficinas.com\\\/pt\\\/#website\",\"url\":\"https:\\\/\\\/jornaldasoficinas.com\\\/pt\\\/\",\"name\":\"Jornal das Oficinas\",\"description\":\"Jornal independente do Aftermarket Autom\u00f3vel em Portugal\",\"publisher\":{\"@id\":\"https:\\\/\\\/jornaldasoficinas.com\\\/pt\\\/#organization\"},\"potentialAction\":[{\"@type\":\"SearchAction\",\"target\":{\"@type\":\"EntryPoint\",\"urlTemplate\":\"https:\\\/\\\/jornaldasoficinas.com\\\/pt\\\/?s={search_term_string}\"},\"query-input\":{\"@type\":\"PropertyValueSpecification\",\"valueRequired\":true,\"valueName\":\"search_term_string\"}}],\"inLanguage\":\"pt-PT\"},{\"@type\":\"Organization\",\"@id\":\"https:\\\/\\\/jornaldasoficinas.com\\\/pt\\\/#organization\",\"name\":\"Jornal das Oficinas\",\"url\":\"https:\\\/\\\/jornaldasoficinas.com\\\/pt\\\/\",\"logo\":{\"@type\":\"ImageObject\",\"inLanguage\":\"pt-PT\",\"@id\":\"https:\\\/\\\/jornaldasoficinas.com\\\/pt\\\/#\\\/schema\\\/logo\\\/image\\\/\",\"url\":\"https:\\\/\\\/jornaldasoficinas.com\\\/pt\\\/wp-content\\\/uploads\\\/logoJO-SEO.png\",\"contentUrl\":\"https:\\\/\\\/jornaldasoficinas.com\\\/pt\\\/wp-content\\\/uploads\\\/logoJO-SEO.png\",\"width\":285,\"height\":450,\"caption\":\"Jornal das Oficinas\"},\"image\":{\"@id\":\"https:\\\/\\\/jornaldasoficinas.com\\\/pt\\\/#\\\/schema\\\/logo\\\/image\\\/\"},\"sameAs\":[\"https:\\\/\\\/www.facebook.com\\\/jornaloficinas\",\"https:\\\/\\\/x.com\\\/jornaloficinas\",\"https:\\\/\\\/www.instagram.com\\\/jornal_oficinas\\\/\",\"https:\\\/\\\/www.linkedin.com\\\/company\\\/jornal-das-oficinas\\\/\",\"https:\\\/\\\/www.youtube.com\\\/channel\\\/UCbQZBqtcvV-oSQrr7RzINGg\"]},{\"@type\":\"Person\",\"@id\":\"https:\\\/\\\/jornaldasoficinas.com\\\/pt\\\/#\\\/schema\\\/person\\\/a38eef5de2c41d9e7c9ac10141afddf3\",\"name\":\"Reda\u00e7\u00e3o JO\",\"image\":{\"@type\":\"ImageObject\",\"inLanguage\":\"pt-PT\",\"@id\":\"https:\\\/\\\/secure.gravatar.com\\\/avatar\\\/71f2fa71737ad68a84fea94bc708ddac8ea5b0c4788dc2ad202f3ccb2887742f?s=96&d=wp_user_avatar&r=g\",\"url\":\"https:\\\/\\\/secure.gravatar.com\\\/avatar\\\/71f2fa71737ad68a84fea94bc708ddac8ea5b0c4788dc2ad202f3ccb2887742f?s=96&d=wp_user_avatar&r=g\",\"contentUrl\":\"https:\\\/\\\/secure.gravatar.com\\\/avatar\\\/71f2fa71737ad68a84fea94bc708ddac8ea5b0c4788dc2ad202f3ccb2887742f?s=96&d=wp_user_avatar&r=g\",\"caption\":\"Reda\u00e7\u00e3o JO\"},\"url\":\"https:\\\/\\\/jornaldasoficinas.com\\\/pt\\\/author\\\/joredacao\\\/\"}]}<\/script>\n<!-- \/ Yoast SEO plugin. -->","yoast_head_json":{"title":"Bosch eleva a fasquia no campo da Intelig\u00eancia Artificial - Jornal das Oficinas","robots":{"index":"index","follow":"follow","max-snippet":"max-snippet:-1","max-image-preview":"max-image-preview:large","max-video-preview":"max-video-preview:-1"},"canonical":"https:\/\/jornaldasoficinas.com\/pt\/bosch-eleva-a-fasquia-no-campo-da-inteligencia-artificial\/","og_locale":"pt_PT","og_type":"article","og_title":"Bosch eleva a fasquia no campo da Intelig\u00eancia Artificial - Jornal das Oficinas","og_description":"Seja na condu\u00e7\u00e3o aut\u00f3noma, nas casas...","og_url":"https:\/\/jornaldasoficinas.com\/pt\/bosch-eleva-a-fasquia-no-campo-da-inteligencia-artificial\/","og_site_name":"Jornal das Oficinas","article_publisher":"https:\/\/www.facebook.com\/jornaloficinas","article_published_time":"2020-01-07T10:05:58+00:00","article_modified_time":"2020-01-07T12:35:51+00:00","og_image":[{"width":1024,"height":581,"url":"https:\/\/jornaldasoficinas.com\/pt\/wp-content\/uploads\/2020\/01\/boschinteligenciaartificial.png","type":"image\/png"}],"author":"Reda\u00e7\u00e3o JO","twitter_card":"summary_large_image","twitter_creator":"@jornaloficinas","twitter_site":"@jornaloficinas","twitter_misc":{"Escrito por":"Reda\u00e7\u00e3o JO","Tempo estimado de leitura":"3 minutos"},"schema":{"@context":"https:\/\/schema.org","@graph":[{"@type":"Article","@id":"https:\/\/jornaldasoficinas.com\/pt\/bosch-eleva-a-fasquia-no-campo-da-inteligencia-artificial\/#article","isPartOf":{"@id":"https:\/\/jornaldasoficinas.com\/pt\/bosch-eleva-a-fasquia-no-campo-da-inteligencia-artificial\/"},"author":{"name":"Reda\u00e7\u00e3o JO","@id":"https:\/\/jornaldasoficinas.com\/pt\/#\/schema\/person\/a38eef5de2c41d9e7c9ac10141afddf3"},"headline":"Bosch eleva a fasquia no campo da Intelig\u00eancia Artificial","datePublished":"2020-01-07T10:05:58+00:00","dateModified":"2020-01-07T12:35:51+00:00","mainEntityOfPage":{"@id":"https:\/\/jornaldasoficinas.com\/pt\/bosch-eleva-a-fasquia-no-campo-da-inteligencia-artificial\/"},"wordCount":537,"publisher":{"@id":"https:\/\/jornaldasoficinas.com\/pt\/#organization"},"image":{"@id":"https:\/\/jornaldasoficinas.com\/pt\/bosch-eleva-a-fasquia-no-campo-da-inteligencia-artificial\/#primaryimage"},"thumbnailUrl":"https:\/\/jornaldasoficinas.com\/pt\/wp-content\/uploads\/2020\/01\/boschinteligenciaartificial.png","keywords":["Bosch","CES","Consumer Electronics Show","Intelig\u00eancia artificial"],"articleSection":["Empresas"],"inLanguage":"pt-PT"},{"@type":"WebPage","@id":"https:\/\/jornaldasoficinas.com\/pt\/bosch-eleva-a-fasquia-no-campo-da-inteligencia-artificial\/","url":"https:\/\/jornaldasoficinas.com\/pt\/bosch-eleva-a-fasquia-no-campo-da-inteligencia-artificial\/","name":"Bosch eleva a fasquia no campo da Intelig\u00eancia Artificial - Jornal das Oficinas","isPartOf":{"@id":"https:\/\/jornaldasoficinas.com\/pt\/#website"},"primaryImageOfPage":{"@id":"https:\/\/jornaldasoficinas.com\/pt\/bosch-eleva-a-fasquia-no-campo-da-inteligencia-artificial\/#primaryimage"},"image":{"@id":"https:\/\/jornaldasoficinas.com\/pt\/bosch-eleva-a-fasquia-no-campo-da-inteligencia-artificial\/#primaryimage"},"thumbnailUrl":"https:\/\/jornaldasoficinas.com\/pt\/wp-content\/uploads\/2020\/01\/boschinteligenciaartificial.png","datePublished":"2020-01-07T10:05:58+00:00","dateModified":"2020-01-07T12:35:51+00:00","breadcrumb":{"@id":"https:\/\/jornaldasoficinas.com\/pt\/bosch-eleva-a-fasquia-no-campo-da-inteligencia-artificial\/#breadcrumb"},"inLanguage":"pt-PT","potentialAction":[{"@type":"ReadAction","target":["https:\/\/jornaldasoficinas.com\/pt\/bosch-eleva-a-fasquia-no-campo-da-inteligencia-artificial\/"]}]},{"@type":"ImageObject","inLanguage":"pt-PT","@id":"https:\/\/jornaldasoficinas.com\/pt\/bosch-eleva-a-fasquia-no-campo-da-inteligencia-artificial\/#primaryimage","url":"https:\/\/jornaldasoficinas.com\/pt\/wp-content\/uploads\/2020\/01\/boschinteligenciaartificial.png","contentUrl":"https:\/\/jornaldasoficinas.com\/pt\/wp-content\/uploads\/2020\/01\/boschinteligenciaartificial.png","width":1024,"height":581,"caption":"01 - boschinteligenciaartificial"},{"@type":"BreadcrumbList","@id":"https:\/\/jornaldasoficinas.com\/pt\/bosch-eleva-a-fasquia-no-campo-da-inteligencia-artificial\/#breadcrumb","itemListElement":[{"@type":"ListItem","position":1,"name":"In\u00edcio","item":"https:\/\/jornaldasoficinas.com\/pt\/"},{"@type":"ListItem","position":2,"name":"Bosch eleva a fasquia no campo da Intelig\u00eancia Artificial"}]},{"@type":"WebSite","@id":"https:\/\/jornaldasoficinas.com\/pt\/#website","url":"https:\/\/jornaldasoficinas.com\/pt\/","name":"Jornal das Oficinas","description":"Jornal independente do Aftermarket Autom\u00f3vel em Portugal","publisher":{"@id":"https:\/\/jornaldasoficinas.com\/pt\/#organization"},"potentialAction":[{"@type":"SearchAction","target":{"@type":"EntryPoint","urlTemplate":"https:\/\/jornaldasoficinas.com\/pt\/?s={search_term_string}"},"query-input":{"@type":"PropertyValueSpecification","valueRequired":true,"valueName":"search_term_string"}}],"inLanguage":"pt-PT"},{"@type":"Organization","@id":"https:\/\/jornaldasoficinas.com\/pt\/#organization","name":"Jornal das Oficinas","url":"https:\/\/jornaldasoficinas.com\/pt\/","logo":{"@type":"ImageObject","inLanguage":"pt-PT","@id":"https:\/\/jornaldasoficinas.com\/pt\/#\/schema\/logo\/image\/","url":"https:\/\/jornaldasoficinas.com\/pt\/wp-content\/uploads\/logoJO-SEO.png","contentUrl":"https:\/\/jornaldasoficinas.com\/pt\/wp-content\/uploads\/logoJO-SEO.png","width":285,"height":450,"caption":"Jornal das Oficinas"},"image":{"@id":"https:\/\/jornaldasoficinas.com\/pt\/#\/schema\/logo\/image\/"},"sameAs":["https:\/\/www.facebook.com\/jornaloficinas","https:\/\/x.com\/jornaloficinas","https:\/\/www.instagram.com\/jornal_oficinas\/","https:\/\/www.linkedin.com\/company\/jornal-das-oficinas\/","https:\/\/www.youtube.com\/channel\/UCbQZBqtcvV-oSQrr7RzINGg"]},{"@type":"Person","@id":"https:\/\/jornaldasoficinas.com\/pt\/#\/schema\/person\/a38eef5de2c41d9e7c9ac10141afddf3","name":"Reda\u00e7\u00e3o JO","image":{"@type":"ImageObject","inLanguage":"pt-PT","@id":"https:\/\/secure.gravatar.com\/avatar\/71f2fa71737ad68a84fea94bc708ddac8ea5b0c4788dc2ad202f3ccb2887742f?s=96&d=wp_user_avatar&r=g","url":"https:\/\/secure.gravatar.com\/avatar\/71f2fa71737ad68a84fea94bc708ddac8ea5b0c4788dc2ad202f3ccb2887742f?s=96&d=wp_user_avatar&r=g","contentUrl":"https:\/\/secure.gravatar.com\/avatar\/71f2fa71737ad68a84fea94bc708ddac8ea5b0c4788dc2ad202f3ccb2887742f?s=96&d=wp_user_avatar&r=g","caption":"Reda\u00e7\u00e3o JO"},"url":"https:\/\/jornaldasoficinas.com\/pt\/author\/joredacao\/"}]}},"_links":{"self":[{"href":"https:\/\/jornaldasoficinas.com\/pt\/wp-json\/wp\/v2\/posts\/8293","targetHints":{"allow":["GET"]}}],"collection":[{"href":"https:\/\/jornaldasoficinas.com\/pt\/wp-json\/wp\/v2\/posts"}],"about":[{"href":"https:\/\/jornaldasoficinas.com\/pt\/wp-json\/wp\/v2\/types\/post"}],"author":[{"embeddable":true,"href":"https:\/\/jornaldasoficinas.com\/pt\/wp-json\/wp\/v2\/users\/15"}],"replies":[{"embeddable":true,"href":"https:\/\/jornaldasoficinas.com\/pt\/wp-json\/wp\/v2\/comments?post=8293"}],"version-history":[{"count":0,"href":"https:\/\/jornaldasoficinas.com\/pt\/wp-json\/wp\/v2\/posts\/8293\/revisions"}],"wp:featuredmedia":[{"embeddable":true,"href":"https:\/\/jornaldasoficinas.com\/pt\/wp-json\/wp\/v2\/media\/8292"}],"wp:attachment":[{"href":"https:\/\/jornaldasoficinas.com\/pt\/wp-json\/wp\/v2\/media?parent=8293"}],"wp:term":[{"taxonomy":"category","embeddable":true,"href":"https:\/\/jornaldasoficinas.com\/pt\/wp-json\/wp\/v2\/categories?post=8293"},{"taxonomy":"post_tag","embeddable":true,"href":"https:\/\/jornaldasoficinas.com\/pt\/wp-json\/wp\/v2\/tags?post=8293"}],"curies":[{"name":"wp","href":"https:\/\/api.w.org\/{rel}","templated":true}]}}