{"id":82953,"date":"2024-04-19T10:00:49","date_gmt":"2024-04-19T09:00:49","guid":{"rendered":"https:\/\/jornaldasoficinas.com\/pt\/?p=82953"},"modified":"2024-04-17T17:17:32","modified_gmt":"2024-04-17T16:17:32","slug":"zf-proservice-oferece-novas-solucoes-para-oficinas-de-pesados","status":"publish","type":"post","link":"https:\/\/jornaldasoficinas.com\/pt\/zf-proservice-oferece-novas-solucoes-para-oficinas-de-pesados\/","title":{"rendered":"ZF [pro]Service oferece novas solu\u00e7\u00f5es para oficinas de pesados"},"content":{"rendered":"<p><img loading=\"lazy\" decoding=\"async\" class=\"alignnone size-full wp-image-82959\" src=\"https:\/\/jornaldasoficinas.com\/pt\/wp-content\/uploads\/2024\/04\/ZF-proService-oferece-novas-solucoes-para-oficinas-de-pesados-1.jpg\" alt=\"04 - ZF proService oferece novas solucoes para oficinas de pesados 1\" width=\"1024\" height=\"581\" srcset=\"https:\/\/jornaldasoficinas.com\/pt\/wp-content\/uploads\/2024\/04\/ZF-proService-oferece-novas-solucoes-para-oficinas-de-pesados-1.jpg 1024w, https:\/\/jornaldasoficinas.com\/pt\/wp-content\/uploads\/2024\/04\/ZF-proService-oferece-novas-solucoes-para-oficinas-de-pesados-1-300x170.jpg 300w, https:\/\/jornaldasoficinas.com\/pt\/wp-content\/uploads\/2024\/04\/ZF-proService-oferece-novas-solucoes-para-oficinas-de-pesados-1-150x85.jpg 150w, https:\/\/jornaldasoficinas.com\/pt\/wp-content\/uploads\/2024\/04\/ZF-proService-oferece-novas-solucoes-para-oficinas-de-pesados-1-768x436.jpg 768w\" sizes=\"auto, (max-width: 1024px) 100vw, 1024px\" \/><\/p>\n<p><strong>A <a href=\"https:\/\/aftermarket.zf.com\/us\/aftermarket-portal\/?c=a5bd17md\" target=\"_blank\" rel=\"noopener\">ZF Aftermarket<\/a> criou um novo conceito de oficina que tem como objetivo preparar as empresas para o futuro e tamb\u00e9m identificar novos potenciais de vendas<\/strong><\/p>\n<p>&#8220;Acesso a informa\u00e7\u00f5es sobre repara\u00e7\u00e3o e manuten\u00e7\u00e3o, apoio digital para clientes frotistas e uma oferta de servi\u00e7os t\u00e3o sustent\u00e1vel quanto poss\u00edvel &#8211; estes s\u00e3o apenas tr\u00eas dos muitos desafios que as empresas de ve\u00edculos comerciais ter\u00e3o de enfrentar cada vez mais&#8221;, come\u00e7ou por explicar a empresa em comunicado.<\/p>\n<p>\u00c9 por isso que a ZF Aftermarket desenvolveu o novo conceito de oficina ZF [pro]Service, que tem como objetivo preparar as empresas para o futuro e tamb\u00e9m identificar novos potenciais de vendas. Este termo combina os conceitos anteriormente separados de ZF Service Point, ZF [pro]Tech (variante de ve\u00edculos comerciais) e WABCO Service Partner e est\u00e1 empenhado em acolher novas oficinas como membros.<\/p>\n<p>O setor da manuten\u00e7\u00e3o e repara\u00e7\u00e3o de ve\u00edculos comerciais apresenta um enorme potencial de crescimento para as oficinas. De acordo com uma previs\u00e3o atual do governo alem\u00e3o, o tr\u00e1fego de mercadorias por cami\u00e3o, por exemplo, dever\u00e1 aumentar 46% at\u00e9 2051. Os servi\u00e7os de encomendas e as empresas de autocarros tamb\u00e9m dever\u00e3o expandir as suas atividades nos pr\u00f3ximos anos.<\/p>\n<p>&#8220;O segmento dos ve\u00edculos comerciais oferece, portanto, grandes oportunidades para as oficinas. Mas para capitalizarem estas oportunidades, precisam de um parceiro forte &#8211; como a ZF Aftermarket&#8221;, salientou.<\/p>\n<p>&#8220;Tendo em conta o r\u00e1pido progresso da tecnologia autom\u00f3vel \u2013 tamb\u00e9m e especialmente no setor dos ve\u00edculos comerciais \u2013 as oficinas precisam hoje de mais do que apenas um fornecimento fi\u00e1vel de pe\u00e7as de substitui\u00e7\u00e3o&#8221;, referiu.<\/p>\n<p>&#8220;Para que o processo de repara\u00e7\u00e3o seja bem-sucedido, \u00e9 necess\u00e1rio satisfazer outros requisitos, tais como informa\u00e7\u00e3o atualizada sobre repara\u00e7\u00e3o e manuten\u00e7\u00e3o, acesso a dados do ve\u00edculo atrav\u00e9s de dispositivos de diagn\u00f3stico, forma\u00e7\u00e3o atualizada sobre novas tecnologias e muito mais&#8221;, continuou.<\/p>\n<p><img loading=\"lazy\" decoding=\"async\" class=\"alignnone size-full wp-image-82960\" src=\"https:\/\/jornaldasoficinas.com\/pt\/wp-content\/uploads\/2024\/04\/ZF-proService-oferece-novas-solucoes-para-oficinas-de-pesados.jpg\" alt=\"04 - ZF proService oferece novas solucoes para oficinas de pesados\" width=\"1024\" height=\"581\" srcset=\"https:\/\/jornaldasoficinas.com\/pt\/wp-content\/uploads\/2024\/04\/ZF-proService-oferece-novas-solucoes-para-oficinas-de-pesados.jpg 1024w, https:\/\/jornaldasoficinas.com\/pt\/wp-content\/uploads\/2024\/04\/ZF-proService-oferece-novas-solucoes-para-oficinas-de-pesados-300x170.jpg 300w, https:\/\/jornaldasoficinas.com\/pt\/wp-content\/uploads\/2024\/04\/ZF-proService-oferece-novas-solucoes-para-oficinas-de-pesados-150x85.jpg 150w, https:\/\/jornaldasoficinas.com\/pt\/wp-content\/uploads\/2024\/04\/ZF-proService-oferece-novas-solucoes-para-oficinas-de-pesados-768x436.jpg 768w\" sizes=\"auto, (max-width: 1024px) 100vw, 1024px\" \/><\/p>\n<p><strong>Neste sentido, o ZF [pro]Service oferece os seguintes m\u00f3dulos de servi\u00e7o:<\/strong> Fornecimento de pe\u00e7as de substitui\u00e7\u00e3o; promo\u00e7\u00e3o de vendas; suporte t\u00e9cnico; neg\u00f3cios adicionais (por exemplo, o centro de sistemas celebra contratos com operadores de frotas para os quais cada oficina pode prestar servi\u00e7os); forma\u00e7\u00e3o adicional; sustentabilidade (oferta de um extenso programa de pe\u00e7as e unidades reconstru\u00eddas) e gest\u00e3o de frotas.<\/p>\n<p>&#8220;O ZF [pro]Service \u00e9 uma oferta \u00fanica para o mercado de ve\u00edculos comerciais que complementa um programa de produtos abrangente com in\u00fameros servi\u00e7os adicionais. O nosso objetivo \u00e9 ajudar as empresas de ve\u00edculos comerciais e prepar\u00e1-las para o mercado de p\u00f3s-venda do futuro. As oficinas podem beneficiar das in\u00fameras oportunidades associadas a isso se utilizarem processos digitais e canais de comunica\u00e7\u00e3o, se se abrirem a novos modelos de neg\u00f3cio e se estiverem sempre na vanguarda da tecnologia. \u00c9 o que vamos oferecer com o ZF [pro]Service&#8221;, afirmou Elmar Bauer, Head of Network Management for Commercial Vehicles na ZF Aftermarket.<\/p>\n","protected":false},"excerpt":{"rendered":"<p>A ZF Aftermarket criou um novo&#8230;<\/p>\n","protected":false},"author":15,"featured_media":82959,"comment_status":"closed","ping_status":"closed","sticky":false,"template":"","format":"standard","meta":{"footnotes":""},"categories":[36],"tags":[8578,8575,8576,8577,8336,466,8574,181],"class_list":["post-82953","post","type-post","status-publish","format-standard","has-post-thumbnail","hentry","category-pesados","tag-novas-solucoes","tag-novo-conceito","tag-oficina-de-pesados","tag-preparacao-das-empresas","tag-tecnologia-automovel","tag-veiculos-pesados","tag-zf-proservice","tag-zf-aftermarket"],"yoast_head":"<!-- This site is optimized with the Yoast SEO plugin v27.4 - https:\/\/yoast.com\/product\/yoast-seo-wordpress\/ -->\n<title>ZF [pro]Service oferece novas solu\u00e7\u00f5es para oficinas de pesados - Jornal das Oficinas<\/title>\n<meta name=\"description\" content=\"A ZF Aftermarket criou um novo conceito de oficina, a ZF [pro]Service, que tem como objetivo preparar as empresas para o futuro\" \/>\n<meta name=\"robots\" content=\"index, follow, max-snippet:-1, max-image-preview:large, max-video-preview:-1\" \/>\n<link rel=\"canonical\" href=\"https:\/\/jornaldasoficinas.com\/pt\/zf-proservice-oferece-novas-solucoes-para-oficinas-de-pesados\/\" \/>\n<meta property=\"og:locale\" content=\"pt_PT\" \/>\n<meta property=\"og:type\" content=\"article\" \/>\n<meta property=\"og:title\" content=\"ZF [pro]Service oferece novas solu\u00e7\u00f5es para oficinas de pesados - Jornal das Oficinas\" \/>\n<meta property=\"og:description\" content=\"A ZF Aftermarket criou um novo conceito de oficina, a ZF [pro]Service, que tem como objetivo preparar as empresas para o futuro\" \/>\n<meta property=\"og:url\" content=\"https:\/\/jornaldasoficinas.com\/pt\/zf-proservice-oferece-novas-solucoes-para-oficinas-de-pesados\/\" \/>\n<meta property=\"og:site_name\" content=\"Jornal das Oficinas\" \/>\n<meta property=\"article:publisher\" content=\"https:\/\/www.facebook.com\/jornaloficinas\" \/>\n<meta property=\"article:published_time\" content=\"2024-04-19T09:00:49+00:00\" \/>\n<meta property=\"og:image\" content=\"https:\/\/jornaldasoficinas.com\/pt\/wp-content\/uploads\/2024\/04\/ZF-proService-oferece-novas-solucoes-para-oficinas-de-pesados-1.jpg\" \/>\n\t<meta property=\"og:image:width\" content=\"1024\" \/>\n\t<meta property=\"og:image:height\" content=\"581\" \/>\n\t<meta property=\"og:image:type\" content=\"image\/jpeg\" \/>\n<meta name=\"author\" content=\"Reda\u00e7\u00e3o JO\" \/>\n<meta name=\"twitter:card\" content=\"summary_large_image\" \/>\n<meta name=\"twitter:creator\" content=\"@jornaloficinas\" \/>\n<meta name=\"twitter:site\" content=\"@jornaloficinas\" \/>\n<meta name=\"twitter:label1\" content=\"Escrito por\" \/>\n\t<meta name=\"twitter:data1\" content=\"Reda\u00e7\u00e3o JO\" \/>\n\t<meta name=\"twitter:label2\" content=\"Tempo estimado de leitura\" \/>\n\t<meta name=\"twitter:data2\" content=\"4 minutos\" \/>\n<script type=\"application\/ld+json\" class=\"yoast-schema-graph\">{\"@context\":\"https:\\\/\\\/schema.org\",\"@graph\":[{\"@type\":\"Article\",\"@id\":\"https:\\\/\\\/jornaldasoficinas.com\\\/pt\\\/zf-proservice-oferece-novas-solucoes-para-oficinas-de-pesados\\\/#article\",\"isPartOf\":{\"@id\":\"https:\\\/\\\/jornaldasoficinas.com\\\/pt\\\/zf-proservice-oferece-novas-solucoes-para-oficinas-de-pesados\\\/\"},\"author\":{\"name\":\"Reda\u00e7\u00e3o JO\",\"@id\":\"https:\\\/\\\/jornaldasoficinas.com\\\/pt\\\/#\\\/schema\\\/person\\\/a38eef5de2c41d9e7c9ac10141afddf3\"},\"headline\":\"ZF [pro]Service oferece novas solu\u00e7\u00f5es para oficinas de pesados\",\"datePublished\":\"2024-04-19T09:00:49+00:00\",\"mainEntityOfPage\":{\"@id\":\"https:\\\/\\\/jornaldasoficinas.com\\\/pt\\\/zf-proservice-oferece-novas-solucoes-para-oficinas-de-pesados\\\/\"},\"wordCount\":528,\"publisher\":{\"@id\":\"https:\\\/\\\/jornaldasoficinas.com\\\/pt\\\/#organization\"},\"image\":{\"@id\":\"https:\\\/\\\/jornaldasoficinas.com\\\/pt\\\/zf-proservice-oferece-novas-solucoes-para-oficinas-de-pesados\\\/#primaryimage\"},\"thumbnailUrl\":\"https:\\\/\\\/jornaldasoficinas.com\\\/pt\\\/wp-content\\\/uploads\\\/2024\\\/04\\\/ZF-proService-oferece-novas-solucoes-para-oficinas-de-pesados-1.jpg\",\"keywords\":[\"novas solu\u00e7\u00f5es\",\"novo conceito\",\"oficina de pesados\",\"prepara\u00e7\u00e3o das empresas\",\"tecnologia autom\u00f3vel\",\"Ve\u00edculos Pesados\",\"ZF [pro]Service\",\"ZF Aftermarket\"],\"articleSection\":[\"Pesados\"],\"inLanguage\":\"pt-PT\"},{\"@type\":\"WebPage\",\"@id\":\"https:\\\/\\\/jornaldasoficinas.com\\\/pt\\\/zf-proservice-oferece-novas-solucoes-para-oficinas-de-pesados\\\/\",\"url\":\"https:\\\/\\\/jornaldasoficinas.com\\\/pt\\\/zf-proservice-oferece-novas-solucoes-para-oficinas-de-pesados\\\/\",\"name\":\"ZF [pro]Service oferece novas solu\u00e7\u00f5es para oficinas de pesados - Jornal das Oficinas\",\"isPartOf\":{\"@id\":\"https:\\\/\\\/jornaldasoficinas.com\\\/pt\\\/#website\"},\"primaryImageOfPage\":{\"@id\":\"https:\\\/\\\/jornaldasoficinas.com\\\/pt\\\/zf-proservice-oferece-novas-solucoes-para-oficinas-de-pesados\\\/#primaryimage\"},\"image\":{\"@id\":\"https:\\\/\\\/jornaldasoficinas.com\\\/pt\\\/zf-proservice-oferece-novas-solucoes-para-oficinas-de-pesados\\\/#primaryimage\"},\"thumbnailUrl\":\"https:\\\/\\\/jornaldasoficinas.com\\\/pt\\\/wp-content\\\/uploads\\\/2024\\\/04\\\/ZF-proService-oferece-novas-solucoes-para-oficinas-de-pesados-1.jpg\",\"datePublished\":\"2024-04-19T09:00:49+00:00\",\"description\":\"A ZF Aftermarket criou um novo conceito de oficina, a ZF [pro]Service, que tem como objetivo preparar as empresas para o futuro\",\"breadcrumb\":{\"@id\":\"https:\\\/\\\/jornaldasoficinas.com\\\/pt\\\/zf-proservice-oferece-novas-solucoes-para-oficinas-de-pesados\\\/#breadcrumb\"},\"inLanguage\":\"pt-PT\",\"potentialAction\":[{\"@type\":\"ReadAction\",\"target\":[\"https:\\\/\\\/jornaldasoficinas.com\\\/pt\\\/zf-proservice-oferece-novas-solucoes-para-oficinas-de-pesados\\\/\"]}]},{\"@type\":\"ImageObject\",\"inLanguage\":\"pt-PT\",\"@id\":\"https:\\\/\\\/jornaldasoficinas.com\\\/pt\\\/zf-proservice-oferece-novas-solucoes-para-oficinas-de-pesados\\\/#primaryimage\",\"url\":\"https:\\\/\\\/jornaldasoficinas.com\\\/pt\\\/wp-content\\\/uploads\\\/2024\\\/04\\\/ZF-proService-oferece-novas-solucoes-para-oficinas-de-pesados-1.jpg\",\"contentUrl\":\"https:\\\/\\\/jornaldasoficinas.com\\\/pt\\\/wp-content\\\/uploads\\\/2024\\\/04\\\/ZF-proService-oferece-novas-solucoes-para-oficinas-de-pesados-1.jpg\",\"width\":1024,\"height\":581,\"caption\":\"04 - ZF proService oferece novas solucoes para oficinas de pesados 1\"},{\"@type\":\"BreadcrumbList\",\"@id\":\"https:\\\/\\\/jornaldasoficinas.com\\\/pt\\\/zf-proservice-oferece-novas-solucoes-para-oficinas-de-pesados\\\/#breadcrumb\",\"itemListElement\":[{\"@type\":\"ListItem\",\"position\":1,\"name\":\"In\u00edcio\",\"item\":\"https:\\\/\\\/jornaldasoficinas.com\\\/pt\\\/\"},{\"@type\":\"ListItem\",\"position\":2,\"name\":\"ZF [pro]Service oferece novas solu\u00e7\u00f5es para oficinas de pesados\"}]},{\"@type\":\"WebSite\",\"@id\":\"https:\\\/\\\/jornaldasoficinas.com\\\/pt\\\/#website\",\"url\":\"https:\\\/\\\/jornaldasoficinas.com\\\/pt\\\/\",\"name\":\"Jornal das Oficinas\",\"description\":\"Jornal independente do Aftermarket Autom\u00f3vel em Portugal\",\"publisher\":{\"@id\":\"https:\\\/\\\/jornaldasoficinas.com\\\/pt\\\/#organization\"},\"potentialAction\":[{\"@type\":\"SearchAction\",\"target\":{\"@type\":\"EntryPoint\",\"urlTemplate\":\"https:\\\/\\\/jornaldasoficinas.com\\\/pt\\\/?s={search_term_string}\"},\"query-input\":{\"@type\":\"PropertyValueSpecification\",\"valueRequired\":true,\"valueName\":\"search_term_string\"}}],\"inLanguage\":\"pt-PT\"},{\"@type\":\"Organization\",\"@id\":\"https:\\\/\\\/jornaldasoficinas.com\\\/pt\\\/#organization\",\"name\":\"Jornal das Oficinas\",\"url\":\"https:\\\/\\\/jornaldasoficinas.com\\\/pt\\\/\",\"logo\":{\"@type\":\"ImageObject\",\"inLanguage\":\"pt-PT\",\"@id\":\"https:\\\/\\\/jornaldasoficinas.com\\\/pt\\\/#\\\/schema\\\/logo\\\/image\\\/\",\"url\":\"https:\\\/\\\/jornaldasoficinas.com\\\/pt\\\/wp-content\\\/uploads\\\/logoJO-SEO.png\",\"contentUrl\":\"https:\\\/\\\/jornaldasoficinas.com\\\/pt\\\/wp-content\\\/uploads\\\/logoJO-SEO.png\",\"width\":285,\"height\":450,\"caption\":\"Jornal das Oficinas\"},\"image\":{\"@id\":\"https:\\\/\\\/jornaldasoficinas.com\\\/pt\\\/#\\\/schema\\\/logo\\\/image\\\/\"},\"sameAs\":[\"https:\\\/\\\/www.facebook.com\\\/jornaloficinas\",\"https:\\\/\\\/x.com\\\/jornaloficinas\",\"https:\\\/\\\/www.instagram.com\\\/jornal_oficinas\\\/\",\"https:\\\/\\\/www.linkedin.com\\\/company\\\/jornal-das-oficinas\\\/\",\"https:\\\/\\\/www.youtube.com\\\/channel\\\/UCbQZBqtcvV-oSQrr7RzINGg\"]},{\"@type\":\"Person\",\"@id\":\"https:\\\/\\\/jornaldasoficinas.com\\\/pt\\\/#\\\/schema\\\/person\\\/a38eef5de2c41d9e7c9ac10141afddf3\",\"name\":\"Reda\u00e7\u00e3o JO\",\"image\":{\"@type\":\"ImageObject\",\"inLanguage\":\"pt-PT\",\"@id\":\"https:\\\/\\\/secure.gravatar.com\\\/avatar\\\/71f2fa71737ad68a84fea94bc708ddac8ea5b0c4788dc2ad202f3ccb2887742f?s=96&d=wp_user_avatar&r=g\",\"url\":\"https:\\\/\\\/secure.gravatar.com\\\/avatar\\\/71f2fa71737ad68a84fea94bc708ddac8ea5b0c4788dc2ad202f3ccb2887742f?s=96&d=wp_user_avatar&r=g\",\"contentUrl\":\"https:\\\/\\\/secure.gravatar.com\\\/avatar\\\/71f2fa71737ad68a84fea94bc708ddac8ea5b0c4788dc2ad202f3ccb2887742f?s=96&d=wp_user_avatar&r=g\",\"caption\":\"Reda\u00e7\u00e3o JO\"},\"url\":\"https:\\\/\\\/jornaldasoficinas.com\\\/pt\\\/author\\\/joredacao\\\/\"}]}<\/script>\n<!-- \/ Yoast SEO plugin. -->","yoast_head_json":{"title":"ZF [pro]Service oferece novas solu\u00e7\u00f5es para oficinas de pesados - Jornal das Oficinas","description":"A ZF Aftermarket criou um novo conceito de oficina, a ZF [pro]Service, que tem como objetivo preparar as empresas para o futuro","robots":{"index":"index","follow":"follow","max-snippet":"max-snippet:-1","max-image-preview":"max-image-preview:large","max-video-preview":"max-video-preview:-1"},"canonical":"https:\/\/jornaldasoficinas.com\/pt\/zf-proservice-oferece-novas-solucoes-para-oficinas-de-pesados\/","og_locale":"pt_PT","og_type":"article","og_title":"ZF [pro]Service oferece novas solu\u00e7\u00f5es para oficinas de pesados - Jornal das Oficinas","og_description":"A ZF Aftermarket criou um novo conceito de oficina, a ZF [pro]Service, que tem como objetivo preparar as empresas para o futuro","og_url":"https:\/\/jornaldasoficinas.com\/pt\/zf-proservice-oferece-novas-solucoes-para-oficinas-de-pesados\/","og_site_name":"Jornal das Oficinas","article_publisher":"https:\/\/www.facebook.com\/jornaloficinas","article_published_time":"2024-04-19T09:00:49+00:00","og_image":[{"width":1024,"height":581,"url":"https:\/\/jornaldasoficinas.com\/pt\/wp-content\/uploads\/2024\/04\/ZF-proService-oferece-novas-solucoes-para-oficinas-de-pesados-1.jpg","type":"image\/jpeg"}],"author":"Reda\u00e7\u00e3o JO","twitter_card":"summary_large_image","twitter_creator":"@jornaloficinas","twitter_site":"@jornaloficinas","twitter_misc":{"Escrito por":"Reda\u00e7\u00e3o JO","Tempo estimado de leitura":"4 minutos"},"schema":{"@context":"https:\/\/schema.org","@graph":[{"@type":"Article","@id":"https:\/\/jornaldasoficinas.com\/pt\/zf-proservice-oferece-novas-solucoes-para-oficinas-de-pesados\/#article","isPartOf":{"@id":"https:\/\/jornaldasoficinas.com\/pt\/zf-proservice-oferece-novas-solucoes-para-oficinas-de-pesados\/"},"author":{"name":"Reda\u00e7\u00e3o JO","@id":"https:\/\/jornaldasoficinas.com\/pt\/#\/schema\/person\/a38eef5de2c41d9e7c9ac10141afddf3"},"headline":"ZF [pro]Service oferece novas solu\u00e7\u00f5es para oficinas de pesados","datePublished":"2024-04-19T09:00:49+00:00","mainEntityOfPage":{"@id":"https:\/\/jornaldasoficinas.com\/pt\/zf-proservice-oferece-novas-solucoes-para-oficinas-de-pesados\/"},"wordCount":528,"publisher":{"@id":"https:\/\/jornaldasoficinas.com\/pt\/#organization"},"image":{"@id":"https:\/\/jornaldasoficinas.com\/pt\/zf-proservice-oferece-novas-solucoes-para-oficinas-de-pesados\/#primaryimage"},"thumbnailUrl":"https:\/\/jornaldasoficinas.com\/pt\/wp-content\/uploads\/2024\/04\/ZF-proService-oferece-novas-solucoes-para-oficinas-de-pesados-1.jpg","keywords":["novas solu\u00e7\u00f5es","novo conceito","oficina de pesados","prepara\u00e7\u00e3o das empresas","tecnologia autom\u00f3vel","Ve\u00edculos Pesados","ZF [pro]Service","ZF Aftermarket"],"articleSection":["Pesados"],"inLanguage":"pt-PT"},{"@type":"WebPage","@id":"https:\/\/jornaldasoficinas.com\/pt\/zf-proservice-oferece-novas-solucoes-para-oficinas-de-pesados\/","url":"https:\/\/jornaldasoficinas.com\/pt\/zf-proservice-oferece-novas-solucoes-para-oficinas-de-pesados\/","name":"ZF [pro]Service oferece novas solu\u00e7\u00f5es para oficinas de pesados - Jornal das Oficinas","isPartOf":{"@id":"https:\/\/jornaldasoficinas.com\/pt\/#website"},"primaryImageOfPage":{"@id":"https:\/\/jornaldasoficinas.com\/pt\/zf-proservice-oferece-novas-solucoes-para-oficinas-de-pesados\/#primaryimage"},"image":{"@id":"https:\/\/jornaldasoficinas.com\/pt\/zf-proservice-oferece-novas-solucoes-para-oficinas-de-pesados\/#primaryimage"},"thumbnailUrl":"https:\/\/jornaldasoficinas.com\/pt\/wp-content\/uploads\/2024\/04\/ZF-proService-oferece-novas-solucoes-para-oficinas-de-pesados-1.jpg","datePublished":"2024-04-19T09:00:49+00:00","description":"A ZF Aftermarket criou um novo conceito de oficina, a ZF [pro]Service, que tem como objetivo preparar as empresas para o futuro","breadcrumb":{"@id":"https:\/\/jornaldasoficinas.com\/pt\/zf-proservice-oferece-novas-solucoes-para-oficinas-de-pesados\/#breadcrumb"},"inLanguage":"pt-PT","potentialAction":[{"@type":"ReadAction","target":["https:\/\/jornaldasoficinas.com\/pt\/zf-proservice-oferece-novas-solucoes-para-oficinas-de-pesados\/"]}]},{"@type":"ImageObject","inLanguage":"pt-PT","@id":"https:\/\/jornaldasoficinas.com\/pt\/zf-proservice-oferece-novas-solucoes-para-oficinas-de-pesados\/#primaryimage","url":"https:\/\/jornaldasoficinas.com\/pt\/wp-content\/uploads\/2024\/04\/ZF-proService-oferece-novas-solucoes-para-oficinas-de-pesados-1.jpg","contentUrl":"https:\/\/jornaldasoficinas.com\/pt\/wp-content\/uploads\/2024\/04\/ZF-proService-oferece-novas-solucoes-para-oficinas-de-pesados-1.jpg","width":1024,"height":581,"caption":"04 - ZF proService oferece novas solucoes para oficinas de pesados 1"},{"@type":"BreadcrumbList","@id":"https:\/\/jornaldasoficinas.com\/pt\/zf-proservice-oferece-novas-solucoes-para-oficinas-de-pesados\/#breadcrumb","itemListElement":[{"@type":"ListItem","position":1,"name":"In\u00edcio","item":"https:\/\/jornaldasoficinas.com\/pt\/"},{"@type":"ListItem","position":2,"name":"ZF [pro]Service oferece novas solu\u00e7\u00f5es para oficinas de pesados"}]},{"@type":"WebSite","@id":"https:\/\/jornaldasoficinas.com\/pt\/#website","url":"https:\/\/jornaldasoficinas.com\/pt\/","name":"Jornal das Oficinas","description":"Jornal independente do Aftermarket Autom\u00f3vel em Portugal","publisher":{"@id":"https:\/\/jornaldasoficinas.com\/pt\/#organization"},"potentialAction":[{"@type":"SearchAction","target":{"@type":"EntryPoint","urlTemplate":"https:\/\/jornaldasoficinas.com\/pt\/?s={search_term_string}"},"query-input":{"@type":"PropertyValueSpecification","valueRequired":true,"valueName":"search_term_string"}}],"inLanguage":"pt-PT"},{"@type":"Organization","@id":"https:\/\/jornaldasoficinas.com\/pt\/#organization","name":"Jornal das Oficinas","url":"https:\/\/jornaldasoficinas.com\/pt\/","logo":{"@type":"ImageObject","inLanguage":"pt-PT","@id":"https:\/\/jornaldasoficinas.com\/pt\/#\/schema\/logo\/image\/","url":"https:\/\/jornaldasoficinas.com\/pt\/wp-content\/uploads\/logoJO-SEO.png","contentUrl":"https:\/\/jornaldasoficinas.com\/pt\/wp-content\/uploads\/logoJO-SEO.png","width":285,"height":450,"caption":"Jornal das Oficinas"},"image":{"@id":"https:\/\/jornaldasoficinas.com\/pt\/#\/schema\/logo\/image\/"},"sameAs":["https:\/\/www.facebook.com\/jornaloficinas","https:\/\/x.com\/jornaloficinas","https:\/\/www.instagram.com\/jornal_oficinas\/","https:\/\/www.linkedin.com\/company\/jornal-das-oficinas\/","https:\/\/www.youtube.com\/channel\/UCbQZBqtcvV-oSQrr7RzINGg"]},{"@type":"Person","@id":"https:\/\/jornaldasoficinas.com\/pt\/#\/schema\/person\/a38eef5de2c41d9e7c9ac10141afddf3","name":"Reda\u00e7\u00e3o JO","image":{"@type":"ImageObject","inLanguage":"pt-PT","@id":"https:\/\/secure.gravatar.com\/avatar\/71f2fa71737ad68a84fea94bc708ddac8ea5b0c4788dc2ad202f3ccb2887742f?s=96&d=wp_user_avatar&r=g","url":"https:\/\/secure.gravatar.com\/avatar\/71f2fa71737ad68a84fea94bc708ddac8ea5b0c4788dc2ad202f3ccb2887742f?s=96&d=wp_user_avatar&r=g","contentUrl":"https:\/\/secure.gravatar.com\/avatar\/71f2fa71737ad68a84fea94bc708ddac8ea5b0c4788dc2ad202f3ccb2887742f?s=96&d=wp_user_avatar&r=g","caption":"Reda\u00e7\u00e3o JO"},"url":"https:\/\/jornaldasoficinas.com\/pt\/author\/joredacao\/"}]}},"_links":{"self":[{"href":"https:\/\/jornaldasoficinas.com\/pt\/wp-json\/wp\/v2\/posts\/82953","targetHints":{"allow":["GET"]}}],"collection":[{"href":"https:\/\/jornaldasoficinas.com\/pt\/wp-json\/wp\/v2\/posts"}],"about":[{"href":"https:\/\/jornaldasoficinas.com\/pt\/wp-json\/wp\/v2\/types\/post"}],"author":[{"embeddable":true,"href":"https:\/\/jornaldasoficinas.com\/pt\/wp-json\/wp\/v2\/users\/15"}],"replies":[{"embeddable":true,"href":"https:\/\/jornaldasoficinas.com\/pt\/wp-json\/wp\/v2\/comments?post=82953"}],"version-history":[{"count":0,"href":"https:\/\/jornaldasoficinas.com\/pt\/wp-json\/wp\/v2\/posts\/82953\/revisions"}],"wp:featuredmedia":[{"embeddable":true,"href":"https:\/\/jornaldasoficinas.com\/pt\/wp-json\/wp\/v2\/media\/82959"}],"wp:attachment":[{"href":"https:\/\/jornaldasoficinas.com\/pt\/wp-json\/wp\/v2\/media?parent=82953"}],"wp:term":[{"taxonomy":"category","embeddable":true,"href":"https:\/\/jornaldasoficinas.com\/pt\/wp-json\/wp\/v2\/categories?post=82953"},{"taxonomy":"post_tag","embeddable":true,"href":"https:\/\/jornaldasoficinas.com\/pt\/wp-json\/wp\/v2\/tags?post=82953"}],"curies":[{"name":"wp","href":"https:\/\/api.w.org\/{rel}","templated":true}]}}