{"id":83035,"date":"2024-04-17T17:00:39","date_gmt":"2024-04-17T16:00:39","guid":{"rendered":"https:\/\/jornaldasoficinas.com\/pt\/?p=83035"},"modified":"2024-04-17T16:33:48","modified_gmt":"2024-04-17T15:33:48","slug":"ceo-da-stellantis-destaca-a-utilizacao-de-combustiveis-sinteticos","status":"publish","type":"post","link":"https:\/\/jornaldasoficinas.com\/pt\/ceo-da-stellantis-destaca-a-utilizacao-de-combustiveis-sinteticos\/","title":{"rendered":"CEO da Stellantis destaca a utiliza\u00e7\u00e3o de combust\u00edveis sint\u00e9ticos"},"content":{"rendered":"<p><img loading=\"lazy\" decoding=\"async\" class=\"aligncenter size-full wp-image-83040\" src=\"https:\/\/jornaldasoficinas.com\/pt\/wp-content\/uploads\/AH4LUPAA2BPP3OFSQR5CIBO3AM.jpeg\" alt=\"CEO da Stellantis destaca a utiliza\u00e7\u00e3o de combust\u00edveis sint\u00e9ticos no futuro\" width=\"1280\" height=\"852\" srcset=\"https:\/\/jornaldasoficinas.com\/pt\/wp-content\/uploads\/AH4LUPAA2BPP3OFSQR5CIBO3AM.jpeg 1280w, https:\/\/jornaldasoficinas.com\/pt\/wp-content\/uploads\/AH4LUPAA2BPP3OFSQR5CIBO3AM-300x200.jpeg 300w, https:\/\/jornaldasoficinas.com\/pt\/wp-content\/uploads\/AH4LUPAA2BPP3OFSQR5CIBO3AM-1024x682.jpeg 1024w, https:\/\/jornaldasoficinas.com\/pt\/wp-content\/uploads\/AH4LUPAA2BPP3OFSQR5CIBO3AM-768x511.jpeg 768w\" sizes=\"auto, (max-width: 1280px) 100vw, 1280px\" \/><\/p>\n<p><strong>Carlos Tavares, CEO da <a href=\"https:\/\/www.stellantis.com\/en\">Stellantis<\/a>, marcou presen\u00e7a no e-Prix de Misano de F\u00f3rmula E e enalteceu a import\u00e2ncia da utiliza\u00e7\u00e3o dos combust\u00edveis sint\u00e9ticos no futuro<\/strong><\/p>\n<p>Na opini\u00e3o do portugu\u00eas, um dos mais influentes na ind\u00fastria, os carros el\u00e9tricos n\u00e3o s\u00e3o a solu\u00e7\u00e3o a longo prazo.<\/p>\n<p>&#8220;H\u00e1 uma coisa simples que nenhum pol\u00edtico ainda comentou: Quantos carros, ve\u00edculos de combust\u00e3o interna, circulam agora no planeta? A resposta \u00e9 1.300 milh\u00f5es. E estamos a discutir a venda de 10, 20 e 30 milh\u00f5es de ve\u00edculos el\u00e9tricos a um pre\u00e7o elevado de um mercado de 85 milh\u00f5es de carros por ano. E n\u00f3s somos a parte rica do mundo&#8221;, afirmou.<\/p>\n<p>Ainda assim, Carlos Tavares, sabe que para j\u00e1, os ve\u00edculos el\u00e9tricos n\u00e3o est\u00e3o ao alcance de todos, dando exemplos da sua pr\u00f3pria vida \u201cSou produtor de vinho do Porto. Tenho pessoas a trabalhar nas vinhas, gente muito boa, grandes trabalhadores. Cada um deles utiliza a sua pr\u00f3pria carrinha. As suas pick-ups t\u00eam 14 anos, motores diesel&#8230; a maioria delas s\u00e3o Nissan muito antigas. O valor delas em 2.\u00aa m\u00e3o \u00e9 cerca de 1.500 e 2.000 euros. E eu vou vender uma pick-up na Europa com um motor el\u00e9trico. Se olhar para a concorr\u00eancia, o pre\u00e7o destas \u00e9 de 70.000 euros. Como posso dizer aos meu trabalhadores para abandonarem as suas Nissan de 14 anos e comprarem um bonito RAM de 75.000 euros, por exemplo? Esta \u00e9 a realidade&#8221;, explicou.<\/p>\n<p>O empres\u00e1rio acredita que &#8220;Os combust\u00edveis sint\u00e9ticos s\u00e3o uma boa solu\u00e7\u00e3o para os 1.300 milh\u00f5es de carros a combust\u00e3o interna que circulam pelas estradas. Por\u00e9m, para que funcione, estes t\u00eam de estar muito perto das zero emiss\u00f5es. Sabemos que agora reduzem cerca de 70 ou 80 por cento. E t\u00eam que ter um pre\u00e7o que se possa pagar, o que n\u00e3o \u00e9 o caso atual. Apoiamos o desenvolvimento destes combust\u00edveis ecol\u00f3gicos e anunci\u00e1mos publicamente que todos os nossos motores a combust\u00e3o s\u00e3o compat\u00edveis com combust\u00edveis sint\u00e9ticos&#8221;, concluiu.<\/p>\n<p>&nbsp;<\/p>\n","protected":false},"excerpt":{"rendered":"<p>Carlos Tavares, CEO da Stellantis, marcou&#8230;<\/p>\n","protected":false},"author":15,"featured_media":83040,"comment_status":"closed","ping_status":"closed","sticky":false,"template":"","format":"standard","meta":{"footnotes":""},"categories":[37],"tags":[7221,7222,5359,8592,3596,8593,89],"class_list":["post-83035","post","type-post","status-publish","format-standard","has-post-thumbnail","hentry","category-mercado","tag-carlos-tavares","tag-ceo-stellantis","tag-combustiveis-sinteticos","tag-e-prix-misano","tag-formula-e","tag-futuro-combustiveis-sinteticos","tag-veiculos-eletricos"],"yoast_head":"<!-- This site is optimized with the Yoast SEO plugin v27.5 - https:\/\/yoast.com\/product\/yoast-seo-wordpress\/ -->\n<title>CEO da Stellantis destaca a utiliza\u00e7\u00e3o de combust\u00edveis sint\u00e9ticos - Jornal das Oficinas<\/title>\n<meta name=\"description\" content=\"Carlos Tavares, marcou presen\u00e7a no e-Prix de Misano de F\u00f3rmula E e enalteceu a import\u00e2ncia da utiliza\u00e7\u00e3o dos combust\u00edveis sint\u00e9ticos\" \/>\n<meta name=\"robots\" content=\"index, follow, max-snippet:-1, max-image-preview:large, max-video-preview:-1\" \/>\n<link rel=\"canonical\" href=\"https:\/\/jornaldasoficinas.com\/pt\/ceo-da-stellantis-destaca-a-utilizacao-de-combustiveis-sinteticos\/\" \/>\n<meta property=\"og:locale\" content=\"pt_PT\" \/>\n<meta property=\"og:type\" content=\"article\" \/>\n<meta property=\"og:title\" content=\"CEO da Stellantis destaca a utiliza\u00e7\u00e3o de combust\u00edveis sint\u00e9ticos - Jornal das Oficinas\" \/>\n<meta property=\"og:description\" content=\"Carlos Tavares, marcou presen\u00e7a no e-Prix de Misano de F\u00f3rmula E e enalteceu a import\u00e2ncia da utiliza\u00e7\u00e3o dos combust\u00edveis sint\u00e9ticos\" \/>\n<meta property=\"og:url\" content=\"https:\/\/jornaldasoficinas.com\/pt\/ceo-da-stellantis-destaca-a-utilizacao-de-combustiveis-sinteticos\/\" \/>\n<meta property=\"og:site_name\" content=\"Jornal das Oficinas\" \/>\n<meta property=\"article:publisher\" content=\"https:\/\/www.facebook.com\/jornaloficinas\" \/>\n<meta property=\"article:published_time\" content=\"2024-04-17T16:00:39+00:00\" \/>\n<meta property=\"og:image\" content=\"https:\/\/jornaldasoficinas.com\/pt\/wp-content\/uploads\/AH4LUPAA2BPP3OFSQR5CIBO3AM.jpeg\" \/>\n\t<meta property=\"og:image:width\" content=\"1280\" \/>\n\t<meta property=\"og:image:height\" content=\"852\" \/>\n\t<meta property=\"og:image:type\" content=\"image\/jpeg\" \/>\n<meta name=\"author\" content=\"Reda\u00e7\u00e3o JO\" \/>\n<meta name=\"twitter:card\" content=\"summary_large_image\" \/>\n<meta name=\"twitter:creator\" content=\"@jornaloficinas\" \/>\n<meta name=\"twitter:site\" content=\"@jornaloficinas\" \/>\n<meta name=\"twitter:label1\" content=\"Escrito por\" \/>\n\t<meta name=\"twitter:data1\" content=\"Reda\u00e7\u00e3o JO\" \/>\n\t<meta name=\"twitter:label2\" content=\"Tempo estimado de leitura\" \/>\n\t<meta name=\"twitter:data2\" content=\"3 minutos\" \/>\n<script type=\"application\/ld+json\" class=\"yoast-schema-graph\">{\"@context\":\"https:\\\/\\\/schema.org\",\"@graph\":[{\"@type\":\"Article\",\"@id\":\"https:\\\/\\\/jornaldasoficinas.com\\\/pt\\\/ceo-da-stellantis-destaca-a-utilizacao-de-combustiveis-sinteticos\\\/#article\",\"isPartOf\":{\"@id\":\"https:\\\/\\\/jornaldasoficinas.com\\\/pt\\\/ceo-da-stellantis-destaca-a-utilizacao-de-combustiveis-sinteticos\\\/\"},\"author\":{\"name\":\"Reda\u00e7\u00e3o JO\",\"@id\":\"https:\\\/\\\/jornaldasoficinas.com\\\/pt\\\/#\\\/schema\\\/person\\\/a38eef5de2c41d9e7c9ac10141afddf3\"},\"headline\":\"CEO da Stellantis destaca a utiliza\u00e7\u00e3o de combust\u00edveis sint\u00e9ticos\",\"datePublished\":\"2024-04-17T16:00:39+00:00\",\"mainEntityOfPage\":{\"@id\":\"https:\\\/\\\/jornaldasoficinas.com\\\/pt\\\/ceo-da-stellantis-destaca-a-utilizacao-de-combustiveis-sinteticos\\\/\"},\"wordCount\":372,\"publisher\":{\"@id\":\"https:\\\/\\\/jornaldasoficinas.com\\\/pt\\\/#organization\"},\"image\":{\"@id\":\"https:\\\/\\\/jornaldasoficinas.com\\\/pt\\\/ceo-da-stellantis-destaca-a-utilizacao-de-combustiveis-sinteticos\\\/#primaryimage\"},\"thumbnailUrl\":\"https:\\\/\\\/jornaldasoficinas.com\\\/pt\\\/wp-content\\\/uploads\\\/AH4LUPAA2BPP3OFSQR5CIBO3AM.jpeg\",\"keywords\":[\"Carlos Tavares\",\"CEO Stellantis\",\"Combust\u00edveis sint\u00e9ticos\",\"e-Prix Misano\",\"F\u00f3rmula E\",\"futuro combust\u00edveis sint\u00e9ticos\",\"Ve\u00edculos el\u00e9tricos\"],\"articleSection\":[\"Mercado\"],\"inLanguage\":\"pt-PT\"},{\"@type\":\"WebPage\",\"@id\":\"https:\\\/\\\/jornaldasoficinas.com\\\/pt\\\/ceo-da-stellantis-destaca-a-utilizacao-de-combustiveis-sinteticos\\\/\",\"url\":\"https:\\\/\\\/jornaldasoficinas.com\\\/pt\\\/ceo-da-stellantis-destaca-a-utilizacao-de-combustiveis-sinteticos\\\/\",\"name\":\"CEO da Stellantis destaca a utiliza\u00e7\u00e3o de combust\u00edveis sint\u00e9ticos - Jornal das Oficinas\",\"isPartOf\":{\"@id\":\"https:\\\/\\\/jornaldasoficinas.com\\\/pt\\\/#website\"},\"primaryImageOfPage\":{\"@id\":\"https:\\\/\\\/jornaldasoficinas.com\\\/pt\\\/ceo-da-stellantis-destaca-a-utilizacao-de-combustiveis-sinteticos\\\/#primaryimage\"},\"image\":{\"@id\":\"https:\\\/\\\/jornaldasoficinas.com\\\/pt\\\/ceo-da-stellantis-destaca-a-utilizacao-de-combustiveis-sinteticos\\\/#primaryimage\"},\"thumbnailUrl\":\"https:\\\/\\\/jornaldasoficinas.com\\\/pt\\\/wp-content\\\/uploads\\\/AH4LUPAA2BPP3OFSQR5CIBO3AM.jpeg\",\"datePublished\":\"2024-04-17T16:00:39+00:00\",\"description\":\"Carlos Tavares, marcou presen\u00e7a no e-Prix de Misano de F\u00f3rmula E e enalteceu a import\u00e2ncia da utiliza\u00e7\u00e3o dos combust\u00edveis sint\u00e9ticos\",\"breadcrumb\":{\"@id\":\"https:\\\/\\\/jornaldasoficinas.com\\\/pt\\\/ceo-da-stellantis-destaca-a-utilizacao-de-combustiveis-sinteticos\\\/#breadcrumb\"},\"inLanguage\":\"pt-PT\",\"potentialAction\":[{\"@type\":\"ReadAction\",\"target\":[\"https:\\\/\\\/jornaldasoficinas.com\\\/pt\\\/ceo-da-stellantis-destaca-a-utilizacao-de-combustiveis-sinteticos\\\/\"]}]},{\"@type\":\"ImageObject\",\"inLanguage\":\"pt-PT\",\"@id\":\"https:\\\/\\\/jornaldasoficinas.com\\\/pt\\\/ceo-da-stellantis-destaca-a-utilizacao-de-combustiveis-sinteticos\\\/#primaryimage\",\"url\":\"https:\\\/\\\/jornaldasoficinas.com\\\/pt\\\/wp-content\\\/uploads\\\/AH4LUPAA2BPP3OFSQR5CIBO3AM.jpeg\",\"contentUrl\":\"https:\\\/\\\/jornaldasoficinas.com\\\/pt\\\/wp-content\\\/uploads\\\/AH4LUPAA2BPP3OFSQR5CIBO3AM.jpeg\",\"width\":1280,\"height\":852,\"caption\":\"CEO da Stellantis destaca a utiliza\u00e7\u00e3o de combust\u00edveis sint\u00e9ticos no futuro\"},{\"@type\":\"BreadcrumbList\",\"@id\":\"https:\\\/\\\/jornaldasoficinas.com\\\/pt\\\/ceo-da-stellantis-destaca-a-utilizacao-de-combustiveis-sinteticos\\\/#breadcrumb\",\"itemListElement\":[{\"@type\":\"ListItem\",\"position\":1,\"name\":\"In\u00edcio\",\"item\":\"https:\\\/\\\/jornaldasoficinas.com\\\/pt\\\/\"},{\"@type\":\"ListItem\",\"position\":2,\"name\":\"CEO da Stellantis destaca a utiliza\u00e7\u00e3o de combust\u00edveis sint\u00e9ticos\"}]},{\"@type\":\"WebSite\",\"@id\":\"https:\\\/\\\/jornaldasoficinas.com\\\/pt\\\/#website\",\"url\":\"https:\\\/\\\/jornaldasoficinas.com\\\/pt\\\/\",\"name\":\"Jornal das Oficinas\",\"description\":\"Jornal independente do Aftermarket Autom\u00f3vel em Portugal\",\"publisher\":{\"@id\":\"https:\\\/\\\/jornaldasoficinas.com\\\/pt\\\/#organization\"},\"potentialAction\":[{\"@type\":\"SearchAction\",\"target\":{\"@type\":\"EntryPoint\",\"urlTemplate\":\"https:\\\/\\\/jornaldasoficinas.com\\\/pt\\\/?s={search_term_string}\"},\"query-input\":{\"@type\":\"PropertyValueSpecification\",\"valueRequired\":true,\"valueName\":\"search_term_string\"}}],\"inLanguage\":\"pt-PT\"},{\"@type\":\"Organization\",\"@id\":\"https:\\\/\\\/jornaldasoficinas.com\\\/pt\\\/#organization\",\"name\":\"Jornal das Oficinas\",\"url\":\"https:\\\/\\\/jornaldasoficinas.com\\\/pt\\\/\",\"logo\":{\"@type\":\"ImageObject\",\"inLanguage\":\"pt-PT\",\"@id\":\"https:\\\/\\\/jornaldasoficinas.com\\\/pt\\\/#\\\/schema\\\/logo\\\/image\\\/\",\"url\":\"https:\\\/\\\/jornaldasoficinas.com\\\/pt\\\/wp-content\\\/uploads\\\/logoJO-SEO.png\",\"contentUrl\":\"https:\\\/\\\/jornaldasoficinas.com\\\/pt\\\/wp-content\\\/uploads\\\/logoJO-SEO.png\",\"width\":285,\"height\":450,\"caption\":\"Jornal das Oficinas\"},\"image\":{\"@id\":\"https:\\\/\\\/jornaldasoficinas.com\\\/pt\\\/#\\\/schema\\\/logo\\\/image\\\/\"},\"sameAs\":[\"https:\\\/\\\/www.facebook.com\\\/jornaloficinas\",\"https:\\\/\\\/x.com\\\/jornaloficinas\",\"https:\\\/\\\/www.instagram.com\\\/jornal_oficinas\\\/\",\"https:\\\/\\\/www.linkedin.com\\\/company\\\/jornal-das-oficinas\\\/\",\"https:\\\/\\\/www.youtube.com\\\/channel\\\/UCbQZBqtcvV-oSQrr7RzINGg\"]},{\"@type\":\"Person\",\"@id\":\"https:\\\/\\\/jornaldasoficinas.com\\\/pt\\\/#\\\/schema\\\/person\\\/a38eef5de2c41d9e7c9ac10141afddf3\",\"name\":\"Reda\u00e7\u00e3o JO\",\"image\":{\"@type\":\"ImageObject\",\"inLanguage\":\"pt-PT\",\"@id\":\"https:\\\/\\\/secure.gravatar.com\\\/avatar\\\/71f2fa71737ad68a84fea94bc708ddac8ea5b0c4788dc2ad202f3ccb2887742f?s=96&d=wp_user_avatar&r=g\",\"url\":\"https:\\\/\\\/secure.gravatar.com\\\/avatar\\\/71f2fa71737ad68a84fea94bc708ddac8ea5b0c4788dc2ad202f3ccb2887742f?s=96&d=wp_user_avatar&r=g\",\"contentUrl\":\"https:\\\/\\\/secure.gravatar.com\\\/avatar\\\/71f2fa71737ad68a84fea94bc708ddac8ea5b0c4788dc2ad202f3ccb2887742f?s=96&d=wp_user_avatar&r=g\",\"caption\":\"Reda\u00e7\u00e3o JO\"},\"url\":\"https:\\\/\\\/jornaldasoficinas.com\\\/pt\\\/author\\\/joredacao\\\/\"}]}<\/script>\n<!-- \/ Yoast SEO plugin. -->","yoast_head_json":{"title":"CEO da Stellantis destaca a utiliza\u00e7\u00e3o de combust\u00edveis sint\u00e9ticos - Jornal das Oficinas","description":"Carlos Tavares, marcou presen\u00e7a no e-Prix de Misano de F\u00f3rmula E e enalteceu a import\u00e2ncia da utiliza\u00e7\u00e3o dos combust\u00edveis sint\u00e9ticos","robots":{"index":"index","follow":"follow","max-snippet":"max-snippet:-1","max-image-preview":"max-image-preview:large","max-video-preview":"max-video-preview:-1"},"canonical":"https:\/\/jornaldasoficinas.com\/pt\/ceo-da-stellantis-destaca-a-utilizacao-de-combustiveis-sinteticos\/","og_locale":"pt_PT","og_type":"article","og_title":"CEO da Stellantis destaca a utiliza\u00e7\u00e3o de combust\u00edveis sint\u00e9ticos - Jornal das Oficinas","og_description":"Carlos Tavares, marcou presen\u00e7a no e-Prix de Misano de F\u00f3rmula E e enalteceu a import\u00e2ncia da utiliza\u00e7\u00e3o dos combust\u00edveis sint\u00e9ticos","og_url":"https:\/\/jornaldasoficinas.com\/pt\/ceo-da-stellantis-destaca-a-utilizacao-de-combustiveis-sinteticos\/","og_site_name":"Jornal das Oficinas","article_publisher":"https:\/\/www.facebook.com\/jornaloficinas","article_published_time":"2024-04-17T16:00:39+00:00","og_image":[{"width":1280,"height":852,"url":"https:\/\/jornaldasoficinas.com\/pt\/wp-content\/uploads\/AH4LUPAA2BPP3OFSQR5CIBO3AM.jpeg","type":"image\/jpeg"}],"author":"Reda\u00e7\u00e3o JO","twitter_card":"summary_large_image","twitter_creator":"@jornaloficinas","twitter_site":"@jornaloficinas","twitter_misc":{"Escrito por":"Reda\u00e7\u00e3o JO","Tempo estimado de leitura":"3 minutos"},"schema":{"@context":"https:\/\/schema.org","@graph":[{"@type":"Article","@id":"https:\/\/jornaldasoficinas.com\/pt\/ceo-da-stellantis-destaca-a-utilizacao-de-combustiveis-sinteticos\/#article","isPartOf":{"@id":"https:\/\/jornaldasoficinas.com\/pt\/ceo-da-stellantis-destaca-a-utilizacao-de-combustiveis-sinteticos\/"},"author":{"name":"Reda\u00e7\u00e3o JO","@id":"https:\/\/jornaldasoficinas.com\/pt\/#\/schema\/person\/a38eef5de2c41d9e7c9ac10141afddf3"},"headline":"CEO da Stellantis destaca a utiliza\u00e7\u00e3o de combust\u00edveis sint\u00e9ticos","datePublished":"2024-04-17T16:00:39+00:00","mainEntityOfPage":{"@id":"https:\/\/jornaldasoficinas.com\/pt\/ceo-da-stellantis-destaca-a-utilizacao-de-combustiveis-sinteticos\/"},"wordCount":372,"publisher":{"@id":"https:\/\/jornaldasoficinas.com\/pt\/#organization"},"image":{"@id":"https:\/\/jornaldasoficinas.com\/pt\/ceo-da-stellantis-destaca-a-utilizacao-de-combustiveis-sinteticos\/#primaryimage"},"thumbnailUrl":"https:\/\/jornaldasoficinas.com\/pt\/wp-content\/uploads\/AH4LUPAA2BPP3OFSQR5CIBO3AM.jpeg","keywords":["Carlos Tavares","CEO Stellantis","Combust\u00edveis sint\u00e9ticos","e-Prix Misano","F\u00f3rmula E","futuro combust\u00edveis sint\u00e9ticos","Ve\u00edculos el\u00e9tricos"],"articleSection":["Mercado"],"inLanguage":"pt-PT"},{"@type":"WebPage","@id":"https:\/\/jornaldasoficinas.com\/pt\/ceo-da-stellantis-destaca-a-utilizacao-de-combustiveis-sinteticos\/","url":"https:\/\/jornaldasoficinas.com\/pt\/ceo-da-stellantis-destaca-a-utilizacao-de-combustiveis-sinteticos\/","name":"CEO da Stellantis destaca a utiliza\u00e7\u00e3o de combust\u00edveis sint\u00e9ticos - Jornal das Oficinas","isPartOf":{"@id":"https:\/\/jornaldasoficinas.com\/pt\/#website"},"primaryImageOfPage":{"@id":"https:\/\/jornaldasoficinas.com\/pt\/ceo-da-stellantis-destaca-a-utilizacao-de-combustiveis-sinteticos\/#primaryimage"},"image":{"@id":"https:\/\/jornaldasoficinas.com\/pt\/ceo-da-stellantis-destaca-a-utilizacao-de-combustiveis-sinteticos\/#primaryimage"},"thumbnailUrl":"https:\/\/jornaldasoficinas.com\/pt\/wp-content\/uploads\/AH4LUPAA2BPP3OFSQR5CIBO3AM.jpeg","datePublished":"2024-04-17T16:00:39+00:00","description":"Carlos Tavares, marcou presen\u00e7a no e-Prix de Misano de F\u00f3rmula E e enalteceu a import\u00e2ncia da utiliza\u00e7\u00e3o dos combust\u00edveis sint\u00e9ticos","breadcrumb":{"@id":"https:\/\/jornaldasoficinas.com\/pt\/ceo-da-stellantis-destaca-a-utilizacao-de-combustiveis-sinteticos\/#breadcrumb"},"inLanguage":"pt-PT","potentialAction":[{"@type":"ReadAction","target":["https:\/\/jornaldasoficinas.com\/pt\/ceo-da-stellantis-destaca-a-utilizacao-de-combustiveis-sinteticos\/"]}]},{"@type":"ImageObject","inLanguage":"pt-PT","@id":"https:\/\/jornaldasoficinas.com\/pt\/ceo-da-stellantis-destaca-a-utilizacao-de-combustiveis-sinteticos\/#primaryimage","url":"https:\/\/jornaldasoficinas.com\/pt\/wp-content\/uploads\/AH4LUPAA2BPP3OFSQR5CIBO3AM.jpeg","contentUrl":"https:\/\/jornaldasoficinas.com\/pt\/wp-content\/uploads\/AH4LUPAA2BPP3OFSQR5CIBO3AM.jpeg","width":1280,"height":852,"caption":"CEO da Stellantis destaca a utiliza\u00e7\u00e3o de combust\u00edveis sint\u00e9ticos no futuro"},{"@type":"BreadcrumbList","@id":"https:\/\/jornaldasoficinas.com\/pt\/ceo-da-stellantis-destaca-a-utilizacao-de-combustiveis-sinteticos\/#breadcrumb","itemListElement":[{"@type":"ListItem","position":1,"name":"In\u00edcio","item":"https:\/\/jornaldasoficinas.com\/pt\/"},{"@type":"ListItem","position":2,"name":"CEO da Stellantis destaca a utiliza\u00e7\u00e3o de combust\u00edveis sint\u00e9ticos"}]},{"@type":"WebSite","@id":"https:\/\/jornaldasoficinas.com\/pt\/#website","url":"https:\/\/jornaldasoficinas.com\/pt\/","name":"Jornal das Oficinas","description":"Jornal independente do Aftermarket Autom\u00f3vel em Portugal","publisher":{"@id":"https:\/\/jornaldasoficinas.com\/pt\/#organization"},"potentialAction":[{"@type":"SearchAction","target":{"@type":"EntryPoint","urlTemplate":"https:\/\/jornaldasoficinas.com\/pt\/?s={search_term_string}"},"query-input":{"@type":"PropertyValueSpecification","valueRequired":true,"valueName":"search_term_string"}}],"inLanguage":"pt-PT"},{"@type":"Organization","@id":"https:\/\/jornaldasoficinas.com\/pt\/#organization","name":"Jornal das Oficinas","url":"https:\/\/jornaldasoficinas.com\/pt\/","logo":{"@type":"ImageObject","inLanguage":"pt-PT","@id":"https:\/\/jornaldasoficinas.com\/pt\/#\/schema\/logo\/image\/","url":"https:\/\/jornaldasoficinas.com\/pt\/wp-content\/uploads\/logoJO-SEO.png","contentUrl":"https:\/\/jornaldasoficinas.com\/pt\/wp-content\/uploads\/logoJO-SEO.png","width":285,"height":450,"caption":"Jornal das Oficinas"},"image":{"@id":"https:\/\/jornaldasoficinas.com\/pt\/#\/schema\/logo\/image\/"},"sameAs":["https:\/\/www.facebook.com\/jornaloficinas","https:\/\/x.com\/jornaloficinas","https:\/\/www.instagram.com\/jornal_oficinas\/","https:\/\/www.linkedin.com\/company\/jornal-das-oficinas\/","https:\/\/www.youtube.com\/channel\/UCbQZBqtcvV-oSQrr7RzINGg"]},{"@type":"Person","@id":"https:\/\/jornaldasoficinas.com\/pt\/#\/schema\/person\/a38eef5de2c41d9e7c9ac10141afddf3","name":"Reda\u00e7\u00e3o JO","image":{"@type":"ImageObject","inLanguage":"pt-PT","@id":"https:\/\/secure.gravatar.com\/avatar\/71f2fa71737ad68a84fea94bc708ddac8ea5b0c4788dc2ad202f3ccb2887742f?s=96&d=wp_user_avatar&r=g","url":"https:\/\/secure.gravatar.com\/avatar\/71f2fa71737ad68a84fea94bc708ddac8ea5b0c4788dc2ad202f3ccb2887742f?s=96&d=wp_user_avatar&r=g","contentUrl":"https:\/\/secure.gravatar.com\/avatar\/71f2fa71737ad68a84fea94bc708ddac8ea5b0c4788dc2ad202f3ccb2887742f?s=96&d=wp_user_avatar&r=g","caption":"Reda\u00e7\u00e3o JO"},"url":"https:\/\/jornaldasoficinas.com\/pt\/author\/joredacao\/"}]}},"_links":{"self":[{"href":"https:\/\/jornaldasoficinas.com\/pt\/wp-json\/wp\/v2\/posts\/83035","targetHints":{"allow":["GET"]}}],"collection":[{"href":"https:\/\/jornaldasoficinas.com\/pt\/wp-json\/wp\/v2\/posts"}],"about":[{"href":"https:\/\/jornaldasoficinas.com\/pt\/wp-json\/wp\/v2\/types\/post"}],"author":[{"embeddable":true,"href":"https:\/\/jornaldasoficinas.com\/pt\/wp-json\/wp\/v2\/users\/15"}],"replies":[{"embeddable":true,"href":"https:\/\/jornaldasoficinas.com\/pt\/wp-json\/wp\/v2\/comments?post=83035"}],"version-history":[{"count":0,"href":"https:\/\/jornaldasoficinas.com\/pt\/wp-json\/wp\/v2\/posts\/83035\/revisions"}],"wp:featuredmedia":[{"embeddable":true,"href":"https:\/\/jornaldasoficinas.com\/pt\/wp-json\/wp\/v2\/media\/83040"}],"wp:attachment":[{"href":"https:\/\/jornaldasoficinas.com\/pt\/wp-json\/wp\/v2\/media?parent=83035"}],"wp:term":[{"taxonomy":"category","embeddable":true,"href":"https:\/\/jornaldasoficinas.com\/pt\/wp-json\/wp\/v2\/categories?post=83035"},{"taxonomy":"post_tag","embeddable":true,"href":"https:\/\/jornaldasoficinas.com\/pt\/wp-json\/wp\/v2\/tags?post=83035"}],"curies":[{"name":"wp","href":"https:\/\/api.w.org\/{rel}","templated":true}]}}