{"id":83045,"date":"2024-04-19T14:00:23","date_gmt":"2024-04-19T13:00:23","guid":{"rendered":"https:\/\/jornaldasoficinas.com\/pt\/?p=83045"},"modified":"2024-04-17T17:47:49","modified_gmt":"2024-04-17T16:47:49","slug":"opco-promove-industria-automovel-portuguesa-na-alemanha","status":"publish","type":"post","link":"https:\/\/jornaldasoficinas.com\/pt\/opco-promove-industria-automovel-portuguesa-na-alemanha\/","title":{"rendered":"OPCO promove ind\u00fastria autom\u00f3vel portuguesa na Alemanha"},"content":{"rendered":"<p><img loading=\"lazy\" decoding=\"async\" class=\"alignnone size-full wp-image-83049\" src=\"https:\/\/jornaldasoficinas.com\/pt\/wp-content\/uploads\/2024\/04\/OPCO-promove-industria-automovel-portuguesa-na-Alemanha.jpg\" alt=\"04 - OPCO promove industria automovel portuguesa na Alemanha\" width=\"1024\" height=\"581\" srcset=\"https:\/\/jornaldasoficinas.com\/pt\/wp-content\/uploads\/2024\/04\/OPCO-promove-industria-automovel-portuguesa-na-Alemanha.jpg 1024w, https:\/\/jornaldasoficinas.com\/pt\/wp-content\/uploads\/2024\/04\/OPCO-promove-industria-automovel-portuguesa-na-Alemanha-300x170.jpg 300w, https:\/\/jornaldasoficinas.com\/pt\/wp-content\/uploads\/2024\/04\/OPCO-promove-industria-automovel-portuguesa-na-Alemanha-150x85.jpg 150w, https:\/\/jornaldasoficinas.com\/pt\/wp-content\/uploads\/2024\/04\/OPCO-promove-industria-automovel-portuguesa-na-Alemanha-768x436.jpg 768w\" sizes=\"auto, (max-width: 1024px) 100vw, 1024px\" \/><\/p>\n<p><strong>A convite da <a href=\"https:\/\/www.vda.de\/en\" target=\"_blank\" rel=\"noopener\">Associa\u00e7\u00e3o da Ind\u00fastria Autom\u00f3vel Alem\u00e3 (VDA)<\/a>, a <a href=\"https:\/\/opco.pt\/\" target=\"_blank\" rel=\"noopener\">OPCO<\/a> vai estar no 14.\u00ba License Meeting nos pr\u00f3ximos dias 22 e 23 de abril, em Munique, na Alemanha<\/strong><\/p>\n<p>&#8220;Vamos transmitir uma imagem positiva da ind\u00fastria portuguesa, claramente orientada para a qualidade, e tamb\u00e9m nossa, como parceiros de licen\u00e7a da VDA em Portugal desde 2008&#8221;, informou Pedro Silva, diretor-geral da OPCO.<\/p>\n<p>Qual o potencial, quais os riscos e como \u00e9 poss\u00edvel trabalhar em conjunto para desenvolver o setor autom\u00f3vel em Portugal? Estas s\u00e3o as quest\u00f5es a que a empresa formadora e consultora do setor autom\u00f3vel, com mais de 15 anos de experi\u00eancia, se prop\u00f5e a responder na VDA Round Table na Alemanha.<\/p>\n<p>O encontro anual re\u00fane mais de 40 empresas licenciadas de 33 pa\u00edses. Em representa\u00e7\u00e3o de Portugal, a OPCO vai ainda &#8220;aproveitar para estreitar rela\u00e7\u00f5es com outros licenciados com os quais j\u00e1 temos boas rela\u00e7\u00f5es estabelecidas, como Espanha, Hungria, Rom\u00e9nia, Holanda e, claro, Alemanha&#8221;, referiu o diretor-geral.<\/p>\n<p>&#8220;A oportunidade de estarmos nesta primeira edi\u00e7\u00e3o da Round Table d\u00e1-nos uma satisfa\u00e7\u00e3o muito grande, j\u00e1 que a entendemos como um reconhecimento do nosso know-how e da nossa experi\u00eancia&#8221;, sublinhou Pedro Silva e acrescenta: &#8220;Este \u00e9 um momento de partilha e tamb\u00e9m de aprendizagem. Para al\u00e9m de nos permitir mostrar a realidade do nosso pa\u00eds e a extraordin\u00e1ria capacidade de trabalho e de especializa\u00e7\u00e3o que temos, permite-nos conhecer e trazer novas abordagens para Portugal&#8221;.<\/p>\n<p>A OPCO assumiu desde 2016 a exclusividade de tradu\u00e7\u00e3o e venda dos manuais de normas VDA QMC em portugu\u00eas e vai j\u00e1 no sexto manual traduzido. At\u00e9 essa altura, as vers\u00f5es portuguesas eram apenas asseguradas pela licenciada do Brasil.<\/p>\n<p>&#8220;A nossa motiva\u00e7\u00e3o foi colocar Portugal e o nosso portugu\u00eas ao lado dos outros idiomas oficiais da VDA QMC&#8221;, explicou Pedro Silva.<\/p>\n<p>Nunca antes a VDA tinha considerado a hip\u00f3tese de haver mais do que uma vers\u00e3o na mesma l\u00edngua. A exce\u00e7\u00e3o foi aceite porque existem termos e defini\u00e7\u00f5es completamente diferentes entre Portugal e Brasil, mas tamb\u00e9m pela confian\u00e7a: &#8220;J\u00e1 traduz\u00edamos os materiais de forma\u00e7\u00e3o usados nas nossas atividades, portanto havia um hist\u00f3rico a nosso favor&#8221;, declarou o diretor-geral da OPCO.<\/p>\n<p>&nbsp;<\/p>\n<p><img loading=\"lazy\" decoding=\"async\" class=\"alignnone size-full wp-image-83050\" src=\"https:\/\/jornaldasoficinas.com\/pt\/wp-content\/uploads\/2024\/04\/OPCO-promove-industria-automovel-portuguesa-na-Alemanha-1.jpg\" alt=\"04 - OPCO promove industria automovel portuguesa na Alemanha 1\" width=\"1024\" height=\"581\" srcset=\"https:\/\/jornaldasoficinas.com\/pt\/wp-content\/uploads\/2024\/04\/OPCO-promove-industria-automovel-portuguesa-na-Alemanha-1.jpg 1024w, https:\/\/jornaldasoficinas.com\/pt\/wp-content\/uploads\/2024\/04\/OPCO-promove-industria-automovel-portuguesa-na-Alemanha-1-300x170.jpg 300w, https:\/\/jornaldasoficinas.com\/pt\/wp-content\/uploads\/2024\/04\/OPCO-promove-industria-automovel-portuguesa-na-Alemanha-1-150x85.jpg 150w, https:\/\/jornaldasoficinas.com\/pt\/wp-content\/uploads\/2024\/04\/OPCO-promove-industria-automovel-portuguesa-na-Alemanha-1-768x436.jpg 768w\" sizes=\"auto, (max-width: 1024px) 100vw, 1024px\" \/><\/p>\n","protected":false},"excerpt":{"rendered":"<p>A convite da Associa\u00e7\u00e3o da Ind\u00fastria&#8230;<\/p>\n","protected":false},"author":15,"featured_media":83049,"comment_status":"closed","ping_status":"closed","sticky":false,"template":"","format":"standard","meta":{"footnotes":""},"categories":[29],"tags":[8598,8599,8597,2849,8600],"class_list":["post-83045","post","type-post","status-publish","format-standard","has-post-thumbnail","hentry","category-empresas","tag-14-o-license-meeting","tag-associacao-da-industria-automovel-alema","tag-industria-automovel-portuguesa","tag-opco","tag-vda"],"yoast_head":"<!-- This site is optimized with the Yoast SEO plugin v27.4 - https:\/\/yoast.com\/product\/yoast-seo-wordpress\/ -->\n<title>OPCO promove ind\u00fastria autom\u00f3vel portuguesa na Alemanha - Jornal das Oficinas<\/title>\n<meta name=\"description\" content=\"A convite da Associa\u00e7\u00e3o da Ind\u00fastria Autom\u00f3vel Alem\u00e3 (VDA), a OPCO vai estar no 14.\u00ba License Meeting nos dias 22 e 23 de abril, em Munique\" \/>\n<meta name=\"robots\" content=\"index, follow, max-snippet:-1, max-image-preview:large, max-video-preview:-1\" \/>\n<link rel=\"canonical\" href=\"https:\/\/jornaldasoficinas.com\/pt\/opco-promove-industria-automovel-portuguesa-na-alemanha\/\" \/>\n<meta property=\"og:locale\" content=\"pt_PT\" \/>\n<meta property=\"og:type\" content=\"article\" \/>\n<meta property=\"og:title\" content=\"OPCO promove ind\u00fastria autom\u00f3vel portuguesa na Alemanha - Jornal das Oficinas\" \/>\n<meta property=\"og:description\" content=\"A convite da Associa\u00e7\u00e3o da Ind\u00fastria Autom\u00f3vel Alem\u00e3 (VDA), a OPCO vai estar no 14.\u00ba License Meeting nos dias 22 e 23 de abril, em Munique\" \/>\n<meta property=\"og:url\" content=\"https:\/\/jornaldasoficinas.com\/pt\/opco-promove-industria-automovel-portuguesa-na-alemanha\/\" \/>\n<meta property=\"og:site_name\" content=\"Jornal das Oficinas\" \/>\n<meta property=\"article:publisher\" content=\"https:\/\/www.facebook.com\/jornaloficinas\" \/>\n<meta property=\"article:published_time\" content=\"2024-04-19T13:00:23+00:00\" \/>\n<meta property=\"og:image\" content=\"https:\/\/jornaldasoficinas.com\/pt\/wp-content\/uploads\/2024\/04\/OPCO-promove-industria-automovel-portuguesa-na-Alemanha.jpg\" \/>\n\t<meta property=\"og:image:width\" content=\"1024\" \/>\n\t<meta property=\"og:image:height\" content=\"581\" \/>\n\t<meta property=\"og:image:type\" content=\"image\/jpeg\" \/>\n<meta name=\"author\" content=\"Reda\u00e7\u00e3o JO\" \/>\n<meta name=\"twitter:card\" content=\"summary_large_image\" \/>\n<meta name=\"twitter:creator\" content=\"@jornaloficinas\" \/>\n<meta name=\"twitter:site\" content=\"@jornaloficinas\" \/>\n<meta name=\"twitter:label1\" content=\"Escrito por\" \/>\n\t<meta name=\"twitter:data1\" content=\"Reda\u00e7\u00e3o JO\" \/>\n\t<meta name=\"twitter:label2\" content=\"Tempo estimado de leitura\" \/>\n\t<meta name=\"twitter:data2\" content=\"3 minutos\" \/>\n<script type=\"application\/ld+json\" class=\"yoast-schema-graph\">{\"@context\":\"https:\\\/\\\/schema.org\",\"@graph\":[{\"@type\":\"Article\",\"@id\":\"https:\\\/\\\/jornaldasoficinas.com\\\/pt\\\/opco-promove-industria-automovel-portuguesa-na-alemanha\\\/#article\",\"isPartOf\":{\"@id\":\"https:\\\/\\\/jornaldasoficinas.com\\\/pt\\\/opco-promove-industria-automovel-portuguesa-na-alemanha\\\/\"},\"author\":{\"name\":\"Reda\u00e7\u00e3o JO\",\"@id\":\"https:\\\/\\\/jornaldasoficinas.com\\\/pt\\\/#\\\/schema\\\/person\\\/a38eef5de2c41d9e7c9ac10141afddf3\"},\"headline\":\"OPCO promove ind\u00fastria autom\u00f3vel portuguesa na Alemanha\",\"datePublished\":\"2024-04-19T13:00:23+00:00\",\"mainEntityOfPage\":{\"@id\":\"https:\\\/\\\/jornaldasoficinas.com\\\/pt\\\/opco-promove-industria-automovel-portuguesa-na-alemanha\\\/\"},\"wordCount\":396,\"publisher\":{\"@id\":\"https:\\\/\\\/jornaldasoficinas.com\\\/pt\\\/#organization\"},\"image\":{\"@id\":\"https:\\\/\\\/jornaldasoficinas.com\\\/pt\\\/opco-promove-industria-automovel-portuguesa-na-alemanha\\\/#primaryimage\"},\"thumbnailUrl\":\"https:\\\/\\\/jornaldasoficinas.com\\\/pt\\\/wp-content\\\/uploads\\\/2024\\\/04\\\/OPCO-promove-industria-automovel-portuguesa-na-Alemanha.jpg\",\"keywords\":[\"14.\u00ba License Meeting\",\"Associa\u00e7\u00e3o da Ind\u00fastria Autom\u00f3vel Alem\u00e3\",\"ind\u00fastria autom\u00f3vel portuguesa\",\"OPCO\",\"VDA\"],\"articleSection\":[\"Empresas\"],\"inLanguage\":\"pt-PT\"},{\"@type\":\"WebPage\",\"@id\":\"https:\\\/\\\/jornaldasoficinas.com\\\/pt\\\/opco-promove-industria-automovel-portuguesa-na-alemanha\\\/\",\"url\":\"https:\\\/\\\/jornaldasoficinas.com\\\/pt\\\/opco-promove-industria-automovel-portuguesa-na-alemanha\\\/\",\"name\":\"OPCO promove ind\u00fastria autom\u00f3vel portuguesa na Alemanha - Jornal das Oficinas\",\"isPartOf\":{\"@id\":\"https:\\\/\\\/jornaldasoficinas.com\\\/pt\\\/#website\"},\"primaryImageOfPage\":{\"@id\":\"https:\\\/\\\/jornaldasoficinas.com\\\/pt\\\/opco-promove-industria-automovel-portuguesa-na-alemanha\\\/#primaryimage\"},\"image\":{\"@id\":\"https:\\\/\\\/jornaldasoficinas.com\\\/pt\\\/opco-promove-industria-automovel-portuguesa-na-alemanha\\\/#primaryimage\"},\"thumbnailUrl\":\"https:\\\/\\\/jornaldasoficinas.com\\\/pt\\\/wp-content\\\/uploads\\\/2024\\\/04\\\/OPCO-promove-industria-automovel-portuguesa-na-Alemanha.jpg\",\"datePublished\":\"2024-04-19T13:00:23+00:00\",\"description\":\"A convite da Associa\u00e7\u00e3o da Ind\u00fastria Autom\u00f3vel Alem\u00e3 (VDA), a OPCO vai estar no 14.\u00ba License Meeting nos dias 22 e 23 de abril, em Munique\",\"breadcrumb\":{\"@id\":\"https:\\\/\\\/jornaldasoficinas.com\\\/pt\\\/opco-promove-industria-automovel-portuguesa-na-alemanha\\\/#breadcrumb\"},\"inLanguage\":\"pt-PT\",\"potentialAction\":[{\"@type\":\"ReadAction\",\"target\":[\"https:\\\/\\\/jornaldasoficinas.com\\\/pt\\\/opco-promove-industria-automovel-portuguesa-na-alemanha\\\/\"]}]},{\"@type\":\"ImageObject\",\"inLanguage\":\"pt-PT\",\"@id\":\"https:\\\/\\\/jornaldasoficinas.com\\\/pt\\\/opco-promove-industria-automovel-portuguesa-na-alemanha\\\/#primaryimage\",\"url\":\"https:\\\/\\\/jornaldasoficinas.com\\\/pt\\\/wp-content\\\/uploads\\\/2024\\\/04\\\/OPCO-promove-industria-automovel-portuguesa-na-Alemanha.jpg\",\"contentUrl\":\"https:\\\/\\\/jornaldasoficinas.com\\\/pt\\\/wp-content\\\/uploads\\\/2024\\\/04\\\/OPCO-promove-industria-automovel-portuguesa-na-Alemanha.jpg\",\"width\":1024,\"height\":581,\"caption\":\"04 - OPCO promove industria automovel portuguesa na Alemanha\"},{\"@type\":\"BreadcrumbList\",\"@id\":\"https:\\\/\\\/jornaldasoficinas.com\\\/pt\\\/opco-promove-industria-automovel-portuguesa-na-alemanha\\\/#breadcrumb\",\"itemListElement\":[{\"@type\":\"ListItem\",\"position\":1,\"name\":\"In\u00edcio\",\"item\":\"https:\\\/\\\/jornaldasoficinas.com\\\/pt\\\/\"},{\"@type\":\"ListItem\",\"position\":2,\"name\":\"OPCO promove ind\u00fastria autom\u00f3vel portuguesa na Alemanha\"}]},{\"@type\":\"WebSite\",\"@id\":\"https:\\\/\\\/jornaldasoficinas.com\\\/pt\\\/#website\",\"url\":\"https:\\\/\\\/jornaldasoficinas.com\\\/pt\\\/\",\"name\":\"Jornal das Oficinas\",\"description\":\"Jornal independente do Aftermarket Autom\u00f3vel em Portugal\",\"publisher\":{\"@id\":\"https:\\\/\\\/jornaldasoficinas.com\\\/pt\\\/#organization\"},\"potentialAction\":[{\"@type\":\"SearchAction\",\"target\":{\"@type\":\"EntryPoint\",\"urlTemplate\":\"https:\\\/\\\/jornaldasoficinas.com\\\/pt\\\/?s={search_term_string}\"},\"query-input\":{\"@type\":\"PropertyValueSpecification\",\"valueRequired\":true,\"valueName\":\"search_term_string\"}}],\"inLanguage\":\"pt-PT\"},{\"@type\":\"Organization\",\"@id\":\"https:\\\/\\\/jornaldasoficinas.com\\\/pt\\\/#organization\",\"name\":\"Jornal das Oficinas\",\"url\":\"https:\\\/\\\/jornaldasoficinas.com\\\/pt\\\/\",\"logo\":{\"@type\":\"ImageObject\",\"inLanguage\":\"pt-PT\",\"@id\":\"https:\\\/\\\/jornaldasoficinas.com\\\/pt\\\/#\\\/schema\\\/logo\\\/image\\\/\",\"url\":\"https:\\\/\\\/jornaldasoficinas.com\\\/pt\\\/wp-content\\\/uploads\\\/logoJO-SEO.png\",\"contentUrl\":\"https:\\\/\\\/jornaldasoficinas.com\\\/pt\\\/wp-content\\\/uploads\\\/logoJO-SEO.png\",\"width\":285,\"height\":450,\"caption\":\"Jornal das Oficinas\"},\"image\":{\"@id\":\"https:\\\/\\\/jornaldasoficinas.com\\\/pt\\\/#\\\/schema\\\/logo\\\/image\\\/\"},\"sameAs\":[\"https:\\\/\\\/www.facebook.com\\\/jornaloficinas\",\"https:\\\/\\\/x.com\\\/jornaloficinas\",\"https:\\\/\\\/www.instagram.com\\\/jornal_oficinas\\\/\",\"https:\\\/\\\/www.linkedin.com\\\/company\\\/jornal-das-oficinas\\\/\",\"https:\\\/\\\/www.youtube.com\\\/channel\\\/UCbQZBqtcvV-oSQrr7RzINGg\"]},{\"@type\":\"Person\",\"@id\":\"https:\\\/\\\/jornaldasoficinas.com\\\/pt\\\/#\\\/schema\\\/person\\\/a38eef5de2c41d9e7c9ac10141afddf3\",\"name\":\"Reda\u00e7\u00e3o JO\",\"image\":{\"@type\":\"ImageObject\",\"inLanguage\":\"pt-PT\",\"@id\":\"https:\\\/\\\/secure.gravatar.com\\\/avatar\\\/71f2fa71737ad68a84fea94bc708ddac8ea5b0c4788dc2ad202f3ccb2887742f?s=96&d=wp_user_avatar&r=g\",\"url\":\"https:\\\/\\\/secure.gravatar.com\\\/avatar\\\/71f2fa71737ad68a84fea94bc708ddac8ea5b0c4788dc2ad202f3ccb2887742f?s=96&d=wp_user_avatar&r=g\",\"contentUrl\":\"https:\\\/\\\/secure.gravatar.com\\\/avatar\\\/71f2fa71737ad68a84fea94bc708ddac8ea5b0c4788dc2ad202f3ccb2887742f?s=96&d=wp_user_avatar&r=g\",\"caption\":\"Reda\u00e7\u00e3o JO\"},\"url\":\"https:\\\/\\\/jornaldasoficinas.com\\\/pt\\\/author\\\/joredacao\\\/\"}]}<\/script>\n<!-- \/ Yoast SEO plugin. -->","yoast_head_json":{"title":"OPCO promove ind\u00fastria autom\u00f3vel portuguesa na Alemanha - Jornal das Oficinas","description":"A convite da Associa\u00e7\u00e3o da Ind\u00fastria Autom\u00f3vel Alem\u00e3 (VDA), a OPCO vai estar no 14.\u00ba License Meeting nos dias 22 e 23 de abril, em Munique","robots":{"index":"index","follow":"follow","max-snippet":"max-snippet:-1","max-image-preview":"max-image-preview:large","max-video-preview":"max-video-preview:-1"},"canonical":"https:\/\/jornaldasoficinas.com\/pt\/opco-promove-industria-automovel-portuguesa-na-alemanha\/","og_locale":"pt_PT","og_type":"article","og_title":"OPCO promove ind\u00fastria autom\u00f3vel portuguesa na Alemanha - Jornal das Oficinas","og_description":"A convite da Associa\u00e7\u00e3o da Ind\u00fastria Autom\u00f3vel Alem\u00e3 (VDA), a OPCO vai estar no 14.\u00ba License Meeting nos dias 22 e 23 de abril, em Munique","og_url":"https:\/\/jornaldasoficinas.com\/pt\/opco-promove-industria-automovel-portuguesa-na-alemanha\/","og_site_name":"Jornal das Oficinas","article_publisher":"https:\/\/www.facebook.com\/jornaloficinas","article_published_time":"2024-04-19T13:00:23+00:00","og_image":[{"width":1024,"height":581,"url":"https:\/\/jornaldasoficinas.com\/pt\/wp-content\/uploads\/2024\/04\/OPCO-promove-industria-automovel-portuguesa-na-Alemanha.jpg","type":"image\/jpeg"}],"author":"Reda\u00e7\u00e3o JO","twitter_card":"summary_large_image","twitter_creator":"@jornaloficinas","twitter_site":"@jornaloficinas","twitter_misc":{"Escrito por":"Reda\u00e7\u00e3o JO","Tempo estimado de leitura":"3 minutos"},"schema":{"@context":"https:\/\/schema.org","@graph":[{"@type":"Article","@id":"https:\/\/jornaldasoficinas.com\/pt\/opco-promove-industria-automovel-portuguesa-na-alemanha\/#article","isPartOf":{"@id":"https:\/\/jornaldasoficinas.com\/pt\/opco-promove-industria-automovel-portuguesa-na-alemanha\/"},"author":{"name":"Reda\u00e7\u00e3o JO","@id":"https:\/\/jornaldasoficinas.com\/pt\/#\/schema\/person\/a38eef5de2c41d9e7c9ac10141afddf3"},"headline":"OPCO promove ind\u00fastria autom\u00f3vel portuguesa na Alemanha","datePublished":"2024-04-19T13:00:23+00:00","mainEntityOfPage":{"@id":"https:\/\/jornaldasoficinas.com\/pt\/opco-promove-industria-automovel-portuguesa-na-alemanha\/"},"wordCount":396,"publisher":{"@id":"https:\/\/jornaldasoficinas.com\/pt\/#organization"},"image":{"@id":"https:\/\/jornaldasoficinas.com\/pt\/opco-promove-industria-automovel-portuguesa-na-alemanha\/#primaryimage"},"thumbnailUrl":"https:\/\/jornaldasoficinas.com\/pt\/wp-content\/uploads\/2024\/04\/OPCO-promove-industria-automovel-portuguesa-na-Alemanha.jpg","keywords":["14.\u00ba License Meeting","Associa\u00e7\u00e3o da Ind\u00fastria Autom\u00f3vel Alem\u00e3","ind\u00fastria autom\u00f3vel portuguesa","OPCO","VDA"],"articleSection":["Empresas"],"inLanguage":"pt-PT"},{"@type":"WebPage","@id":"https:\/\/jornaldasoficinas.com\/pt\/opco-promove-industria-automovel-portuguesa-na-alemanha\/","url":"https:\/\/jornaldasoficinas.com\/pt\/opco-promove-industria-automovel-portuguesa-na-alemanha\/","name":"OPCO promove ind\u00fastria autom\u00f3vel portuguesa na Alemanha - Jornal das Oficinas","isPartOf":{"@id":"https:\/\/jornaldasoficinas.com\/pt\/#website"},"primaryImageOfPage":{"@id":"https:\/\/jornaldasoficinas.com\/pt\/opco-promove-industria-automovel-portuguesa-na-alemanha\/#primaryimage"},"image":{"@id":"https:\/\/jornaldasoficinas.com\/pt\/opco-promove-industria-automovel-portuguesa-na-alemanha\/#primaryimage"},"thumbnailUrl":"https:\/\/jornaldasoficinas.com\/pt\/wp-content\/uploads\/2024\/04\/OPCO-promove-industria-automovel-portuguesa-na-Alemanha.jpg","datePublished":"2024-04-19T13:00:23+00:00","description":"A convite da Associa\u00e7\u00e3o da Ind\u00fastria Autom\u00f3vel Alem\u00e3 (VDA), a OPCO vai estar no 14.\u00ba License Meeting nos dias 22 e 23 de abril, em Munique","breadcrumb":{"@id":"https:\/\/jornaldasoficinas.com\/pt\/opco-promove-industria-automovel-portuguesa-na-alemanha\/#breadcrumb"},"inLanguage":"pt-PT","potentialAction":[{"@type":"ReadAction","target":["https:\/\/jornaldasoficinas.com\/pt\/opco-promove-industria-automovel-portuguesa-na-alemanha\/"]}]},{"@type":"ImageObject","inLanguage":"pt-PT","@id":"https:\/\/jornaldasoficinas.com\/pt\/opco-promove-industria-automovel-portuguesa-na-alemanha\/#primaryimage","url":"https:\/\/jornaldasoficinas.com\/pt\/wp-content\/uploads\/2024\/04\/OPCO-promove-industria-automovel-portuguesa-na-Alemanha.jpg","contentUrl":"https:\/\/jornaldasoficinas.com\/pt\/wp-content\/uploads\/2024\/04\/OPCO-promove-industria-automovel-portuguesa-na-Alemanha.jpg","width":1024,"height":581,"caption":"04 - OPCO promove industria automovel portuguesa na Alemanha"},{"@type":"BreadcrumbList","@id":"https:\/\/jornaldasoficinas.com\/pt\/opco-promove-industria-automovel-portuguesa-na-alemanha\/#breadcrumb","itemListElement":[{"@type":"ListItem","position":1,"name":"In\u00edcio","item":"https:\/\/jornaldasoficinas.com\/pt\/"},{"@type":"ListItem","position":2,"name":"OPCO promove ind\u00fastria autom\u00f3vel portuguesa na Alemanha"}]},{"@type":"WebSite","@id":"https:\/\/jornaldasoficinas.com\/pt\/#website","url":"https:\/\/jornaldasoficinas.com\/pt\/","name":"Jornal das Oficinas","description":"Jornal independente do Aftermarket Autom\u00f3vel em Portugal","publisher":{"@id":"https:\/\/jornaldasoficinas.com\/pt\/#organization"},"potentialAction":[{"@type":"SearchAction","target":{"@type":"EntryPoint","urlTemplate":"https:\/\/jornaldasoficinas.com\/pt\/?s={search_term_string}"},"query-input":{"@type":"PropertyValueSpecification","valueRequired":true,"valueName":"search_term_string"}}],"inLanguage":"pt-PT"},{"@type":"Organization","@id":"https:\/\/jornaldasoficinas.com\/pt\/#organization","name":"Jornal das Oficinas","url":"https:\/\/jornaldasoficinas.com\/pt\/","logo":{"@type":"ImageObject","inLanguage":"pt-PT","@id":"https:\/\/jornaldasoficinas.com\/pt\/#\/schema\/logo\/image\/","url":"https:\/\/jornaldasoficinas.com\/pt\/wp-content\/uploads\/logoJO-SEO.png","contentUrl":"https:\/\/jornaldasoficinas.com\/pt\/wp-content\/uploads\/logoJO-SEO.png","width":285,"height":450,"caption":"Jornal das Oficinas"},"image":{"@id":"https:\/\/jornaldasoficinas.com\/pt\/#\/schema\/logo\/image\/"},"sameAs":["https:\/\/www.facebook.com\/jornaloficinas","https:\/\/x.com\/jornaloficinas","https:\/\/www.instagram.com\/jornal_oficinas\/","https:\/\/www.linkedin.com\/company\/jornal-das-oficinas\/","https:\/\/www.youtube.com\/channel\/UCbQZBqtcvV-oSQrr7RzINGg"]},{"@type":"Person","@id":"https:\/\/jornaldasoficinas.com\/pt\/#\/schema\/person\/a38eef5de2c41d9e7c9ac10141afddf3","name":"Reda\u00e7\u00e3o JO","image":{"@type":"ImageObject","inLanguage":"pt-PT","@id":"https:\/\/secure.gravatar.com\/avatar\/71f2fa71737ad68a84fea94bc708ddac8ea5b0c4788dc2ad202f3ccb2887742f?s=96&d=wp_user_avatar&r=g","url":"https:\/\/secure.gravatar.com\/avatar\/71f2fa71737ad68a84fea94bc708ddac8ea5b0c4788dc2ad202f3ccb2887742f?s=96&d=wp_user_avatar&r=g","contentUrl":"https:\/\/secure.gravatar.com\/avatar\/71f2fa71737ad68a84fea94bc708ddac8ea5b0c4788dc2ad202f3ccb2887742f?s=96&d=wp_user_avatar&r=g","caption":"Reda\u00e7\u00e3o JO"},"url":"https:\/\/jornaldasoficinas.com\/pt\/author\/joredacao\/"}]}},"_links":{"self":[{"href":"https:\/\/jornaldasoficinas.com\/pt\/wp-json\/wp\/v2\/posts\/83045","targetHints":{"allow":["GET"]}}],"collection":[{"href":"https:\/\/jornaldasoficinas.com\/pt\/wp-json\/wp\/v2\/posts"}],"about":[{"href":"https:\/\/jornaldasoficinas.com\/pt\/wp-json\/wp\/v2\/types\/post"}],"author":[{"embeddable":true,"href":"https:\/\/jornaldasoficinas.com\/pt\/wp-json\/wp\/v2\/users\/15"}],"replies":[{"embeddable":true,"href":"https:\/\/jornaldasoficinas.com\/pt\/wp-json\/wp\/v2\/comments?post=83045"}],"version-history":[{"count":0,"href":"https:\/\/jornaldasoficinas.com\/pt\/wp-json\/wp\/v2\/posts\/83045\/revisions"}],"wp:featuredmedia":[{"embeddable":true,"href":"https:\/\/jornaldasoficinas.com\/pt\/wp-json\/wp\/v2\/media\/83049"}],"wp:attachment":[{"href":"https:\/\/jornaldasoficinas.com\/pt\/wp-json\/wp\/v2\/media?parent=83045"}],"wp:term":[{"taxonomy":"category","embeddable":true,"href":"https:\/\/jornaldasoficinas.com\/pt\/wp-json\/wp\/v2\/categories?post=83045"},{"taxonomy":"post_tag","embeddable":true,"href":"https:\/\/jornaldasoficinas.com\/pt\/wp-json\/wp\/v2\/tags?post=83045"}],"curies":[{"name":"wp","href":"https:\/\/api.w.org\/{rel}","templated":true}]}}