{"id":83056,"date":"2024-04-17T19:00:45","date_gmt":"2024-04-17T18:00:45","guid":{"rendered":"https:\/\/jornaldasoficinas.com\/pt\/?p=83056"},"modified":"2024-04-17T18:09:17","modified_gmt":"2024-04-17T17:09:17","slug":"martin-bajuk-rescinde-contrato-laboral-com-a-aser","status":"publish","type":"post","link":"https:\/\/jornaldasoficinas.com\/pt\/martin-bajuk-rescinde-contrato-laboral-com-a-aser\/","title":{"rendered":"Mart\u00edn Bajuk rescinde contrato laboral com a ASER"},"content":{"rendered":"<p><strong><img loading=\"lazy\" decoding=\"async\" class=\"alignnone size-full wp-image-83074\" src=\"https:\/\/jornaldasoficinas.com\/pt\/wp-content\/uploads\/2024\/04\/Martin-Bajuk-rescinde-contrato-laboral-com-a-ASER.jpg\" alt=\"04 - Martin Bajuk rescinde contrato laboral com a ASER\" width=\"1024\" height=\"581\" srcset=\"https:\/\/jornaldasoficinas.com\/pt\/wp-content\/uploads\/2024\/04\/Martin-Bajuk-rescinde-contrato-laboral-com-a-ASER.jpg 1024w, https:\/\/jornaldasoficinas.com\/pt\/wp-content\/uploads\/2024\/04\/Martin-Bajuk-rescinde-contrato-laboral-com-a-ASER-300x170.jpg 300w, https:\/\/jornaldasoficinas.com\/pt\/wp-content\/uploads\/2024\/04\/Martin-Bajuk-rescinde-contrato-laboral-com-a-ASER-150x85.jpg 150w, https:\/\/jornaldasoficinas.com\/pt\/wp-content\/uploads\/2024\/04\/Martin-Bajuk-rescinde-contrato-laboral-com-a-ASER-768x436.jpg 768w\" sizes=\"auto, (max-width: 1024px) 100vw, 1024px\" \/><\/strong><\/p>\n<p><strong>A <a href=\"https:\/\/aserautomotive.com\/\" target=\"_blank\" rel=\"noopener\">ASER<\/a> comunicou durante o dia de hoje, 17 de abril, a decis\u00e3o de Mart\u00edn Bajuk, diretor comercial da ASER, em cessar contrato com efeito a partir de 30 de abril de 2024<\/strong><\/p>\n<p>&#8220;O Conselho de Administra\u00e7\u00e3o da ASER, informa que Mart\u00edn Bajuk, diretor comercial da ASER, nos comunicou a sua decis\u00e3o de cessar a sua rela\u00e7\u00e3o laboral com a ASER a partir do pr\u00f3ximo 30 de abril de 2024&#8221;, come\u00e7ou por anunciar a empresa em comunicado<\/p>\n<p>&#8220;Ap\u00f3s sete anos de trajet\u00f3ria profissional na ASER, Mart\u00edn v\u00ea-se obrigado a tomar esta decis\u00e3o por motivos pessoais. Estamos a trabalhar na sele\u00e7\u00e3o da pessoa adequada para desempenhar este cargo e para que a transi\u00e7\u00e3o ocorra com o menor impacto poss\u00edvel, tanto para os s\u00f3cios como para os fornecedores&#8221;, assegurou.<\/p>\n<p>&#8220;Toda a equipa profissional da ASER, apoiada pelo Conselho de Administra\u00e7\u00e3o, continua a trabalhar no desenvolvimento da estrat\u00e9gia definida e est\u00e1 totalmente \u00e0 vossa disposi\u00e7\u00e3o para resolver qualquer d\u00favida ou necessidade relacionada com o trabalho di\u00e1rio&#8221;, continuou.<\/p>\n<p>&#8220;Informaremos quando o cargo estiver preenchido e, at\u00e9 l\u00e1, Mario Romero ser\u00e1 a ponte entre o grupo e os fornecedores. Permanecemos \u00e0 vossa disposi\u00e7\u00e3o para esclarecer qualquer d\u00favida a este respeito&#8221;, acrescentou.<\/p>\n<p>&#8220;Agradecemos ao Mart\u00edn Bajuk pelo seu trabalho e compromisso durante estes anos e desejamos-lhe o melhor no futuro&#8221;, concluiu.<\/p>\n","protected":false},"excerpt":{"rendered":"<p>A ASER comunicou durante o dia&#8230;<\/p>\n","protected":false},"author":15,"featured_media":83074,"comment_status":"closed","ping_status":"closed","sticky":false,"template":"","format":"standard","meta":{"footnotes":""},"categories":[29],"tags":[8603,255,8602,4187,8601],"class_list":["post-83056","post","type-post","status-publish","format-standard","has-post-thumbnail","hentry","category-empresas","tag-30-de-abril-de-2024","tag-aser","tag-conselho-de-administracao","tag-martin-bajuk","tag-rescisao-de-contrato"],"yoast_head":"<!-- This site is optimized with the Yoast SEO plugin v27.5 - https:\/\/yoast.com\/product\/yoast-seo-wordpress\/ -->\n<title>Mart\u00edn Bajuk rescinde contrato laboral com a ASER - Jornal das Oficinas<\/title>\n<meta name=\"description\" content=\"A ASER comunicou a decis\u00e3o de Mart\u00edn Bajuk, diretor comercial da ASER, em cessar contrato com efeito a partir de 30 de abril de 2024\" \/>\n<meta name=\"robots\" content=\"index, follow, max-snippet:-1, max-image-preview:large, max-video-preview:-1\" \/>\n<link rel=\"canonical\" href=\"https:\/\/jornaldasoficinas.com\/pt\/martin-bajuk-rescinde-contrato-laboral-com-a-aser\/\" \/>\n<meta property=\"og:locale\" content=\"pt_PT\" \/>\n<meta property=\"og:type\" content=\"article\" \/>\n<meta property=\"og:title\" content=\"Mart\u00edn Bajuk rescinde contrato laboral com a ASER - Jornal das Oficinas\" \/>\n<meta property=\"og:description\" content=\"A ASER comunicou a decis\u00e3o de Mart\u00edn Bajuk, diretor comercial da ASER, em cessar contrato com efeito a partir de 30 de abril de 2024\" \/>\n<meta property=\"og:url\" content=\"https:\/\/jornaldasoficinas.com\/pt\/martin-bajuk-rescinde-contrato-laboral-com-a-aser\/\" \/>\n<meta property=\"og:site_name\" content=\"Jornal das Oficinas\" \/>\n<meta property=\"article:publisher\" content=\"https:\/\/www.facebook.com\/jornaloficinas\" \/>\n<meta property=\"article:published_time\" content=\"2024-04-17T18:00:45+00:00\" \/>\n<meta property=\"og:image\" content=\"https:\/\/jornaldasoficinas.com\/pt\/wp-content\/uploads\/2024\/04\/Martin-Bajuk-rescinde-contrato-laboral-com-a-ASER.jpg\" \/>\n\t<meta property=\"og:image:width\" content=\"1024\" \/>\n\t<meta property=\"og:image:height\" content=\"581\" \/>\n\t<meta property=\"og:image:type\" content=\"image\/jpeg\" \/>\n<meta name=\"author\" content=\"Reda\u00e7\u00e3o JO\" \/>\n<meta name=\"twitter:card\" content=\"summary_large_image\" \/>\n<meta name=\"twitter:creator\" content=\"@jornaloficinas\" \/>\n<meta name=\"twitter:site\" content=\"@jornaloficinas\" \/>\n<meta name=\"twitter:label1\" content=\"Escrito por\" \/>\n\t<meta name=\"twitter:data1\" content=\"Reda\u00e7\u00e3o JO\" \/>\n\t<meta name=\"twitter:label2\" content=\"Tempo estimado de leitura\" \/>\n\t<meta name=\"twitter:data2\" content=\"2 minutos\" \/>\n<script type=\"application\/ld+json\" class=\"yoast-schema-graph\">{\"@context\":\"https:\\\/\\\/schema.org\",\"@graph\":[{\"@type\":\"Article\",\"@id\":\"https:\\\/\\\/jornaldasoficinas.com\\\/pt\\\/martin-bajuk-rescinde-contrato-laboral-com-a-aser\\\/#article\",\"isPartOf\":{\"@id\":\"https:\\\/\\\/jornaldasoficinas.com\\\/pt\\\/martin-bajuk-rescinde-contrato-laboral-com-a-aser\\\/\"},\"author\":{\"name\":\"Reda\u00e7\u00e3o JO\",\"@id\":\"https:\\\/\\\/jornaldasoficinas.com\\\/pt\\\/#\\\/schema\\\/person\\\/a38eef5de2c41d9e7c9ac10141afddf3\"},\"headline\":\"Mart\u00edn Bajuk rescinde contrato laboral com a ASER\",\"datePublished\":\"2024-04-17T18:00:45+00:00\",\"mainEntityOfPage\":{\"@id\":\"https:\\\/\\\/jornaldasoficinas.com\\\/pt\\\/martin-bajuk-rescinde-contrato-laboral-com-a-aser\\\/\"},\"wordCount\":242,\"publisher\":{\"@id\":\"https:\\\/\\\/jornaldasoficinas.com\\\/pt\\\/#organization\"},\"image\":{\"@id\":\"https:\\\/\\\/jornaldasoficinas.com\\\/pt\\\/martin-bajuk-rescinde-contrato-laboral-com-a-aser\\\/#primaryimage\"},\"thumbnailUrl\":\"https:\\\/\\\/jornaldasoficinas.com\\\/pt\\\/wp-content\\\/uploads\\\/2024\\\/04\\\/Martin-Bajuk-rescinde-contrato-laboral-com-a-ASER.jpg\",\"keywords\":[\"30 de abril de 2024\",\"ASER\",\"Conselho de Administra\u00e7\u00e3o\",\"Mart\u00edn Bajuk\",\"rescis\u00e3o de contrato\"],\"articleSection\":[\"Empresas\"],\"inLanguage\":\"pt-PT\"},{\"@type\":\"WebPage\",\"@id\":\"https:\\\/\\\/jornaldasoficinas.com\\\/pt\\\/martin-bajuk-rescinde-contrato-laboral-com-a-aser\\\/\",\"url\":\"https:\\\/\\\/jornaldasoficinas.com\\\/pt\\\/martin-bajuk-rescinde-contrato-laboral-com-a-aser\\\/\",\"name\":\"Mart\u00edn Bajuk rescinde contrato laboral com a ASER - Jornal das Oficinas\",\"isPartOf\":{\"@id\":\"https:\\\/\\\/jornaldasoficinas.com\\\/pt\\\/#website\"},\"primaryImageOfPage\":{\"@id\":\"https:\\\/\\\/jornaldasoficinas.com\\\/pt\\\/martin-bajuk-rescinde-contrato-laboral-com-a-aser\\\/#primaryimage\"},\"image\":{\"@id\":\"https:\\\/\\\/jornaldasoficinas.com\\\/pt\\\/martin-bajuk-rescinde-contrato-laboral-com-a-aser\\\/#primaryimage\"},\"thumbnailUrl\":\"https:\\\/\\\/jornaldasoficinas.com\\\/pt\\\/wp-content\\\/uploads\\\/2024\\\/04\\\/Martin-Bajuk-rescinde-contrato-laboral-com-a-ASER.jpg\",\"datePublished\":\"2024-04-17T18:00:45+00:00\",\"description\":\"A ASER comunicou a decis\u00e3o de Mart\u00edn Bajuk, diretor comercial da ASER, em cessar contrato com efeito a partir de 30 de abril de 2024\",\"breadcrumb\":{\"@id\":\"https:\\\/\\\/jornaldasoficinas.com\\\/pt\\\/martin-bajuk-rescinde-contrato-laboral-com-a-aser\\\/#breadcrumb\"},\"inLanguage\":\"pt-PT\",\"potentialAction\":[{\"@type\":\"ReadAction\",\"target\":[\"https:\\\/\\\/jornaldasoficinas.com\\\/pt\\\/martin-bajuk-rescinde-contrato-laboral-com-a-aser\\\/\"]}]},{\"@type\":\"ImageObject\",\"inLanguage\":\"pt-PT\",\"@id\":\"https:\\\/\\\/jornaldasoficinas.com\\\/pt\\\/martin-bajuk-rescinde-contrato-laboral-com-a-aser\\\/#primaryimage\",\"url\":\"https:\\\/\\\/jornaldasoficinas.com\\\/pt\\\/wp-content\\\/uploads\\\/2024\\\/04\\\/Martin-Bajuk-rescinde-contrato-laboral-com-a-ASER.jpg\",\"contentUrl\":\"https:\\\/\\\/jornaldasoficinas.com\\\/pt\\\/wp-content\\\/uploads\\\/2024\\\/04\\\/Martin-Bajuk-rescinde-contrato-laboral-com-a-ASER.jpg\",\"width\":1024,\"height\":581,\"caption\":\"04 - Martin Bajuk rescinde contrato laboral com a ASER\"},{\"@type\":\"BreadcrumbList\",\"@id\":\"https:\\\/\\\/jornaldasoficinas.com\\\/pt\\\/martin-bajuk-rescinde-contrato-laboral-com-a-aser\\\/#breadcrumb\",\"itemListElement\":[{\"@type\":\"ListItem\",\"position\":1,\"name\":\"In\u00edcio\",\"item\":\"https:\\\/\\\/jornaldasoficinas.com\\\/pt\\\/\"},{\"@type\":\"ListItem\",\"position\":2,\"name\":\"Mart\u00edn Bajuk rescinde contrato laboral com a ASER\"}]},{\"@type\":\"WebSite\",\"@id\":\"https:\\\/\\\/jornaldasoficinas.com\\\/pt\\\/#website\",\"url\":\"https:\\\/\\\/jornaldasoficinas.com\\\/pt\\\/\",\"name\":\"Jornal das Oficinas\",\"description\":\"Jornal independente do Aftermarket Autom\u00f3vel em Portugal\",\"publisher\":{\"@id\":\"https:\\\/\\\/jornaldasoficinas.com\\\/pt\\\/#organization\"},\"potentialAction\":[{\"@type\":\"SearchAction\",\"target\":{\"@type\":\"EntryPoint\",\"urlTemplate\":\"https:\\\/\\\/jornaldasoficinas.com\\\/pt\\\/?s={search_term_string}\"},\"query-input\":{\"@type\":\"PropertyValueSpecification\",\"valueRequired\":true,\"valueName\":\"search_term_string\"}}],\"inLanguage\":\"pt-PT\"},{\"@type\":\"Organization\",\"@id\":\"https:\\\/\\\/jornaldasoficinas.com\\\/pt\\\/#organization\",\"name\":\"Jornal das Oficinas\",\"url\":\"https:\\\/\\\/jornaldasoficinas.com\\\/pt\\\/\",\"logo\":{\"@type\":\"ImageObject\",\"inLanguage\":\"pt-PT\",\"@id\":\"https:\\\/\\\/jornaldasoficinas.com\\\/pt\\\/#\\\/schema\\\/logo\\\/image\\\/\",\"url\":\"https:\\\/\\\/jornaldasoficinas.com\\\/pt\\\/wp-content\\\/uploads\\\/logoJO-SEO.png\",\"contentUrl\":\"https:\\\/\\\/jornaldasoficinas.com\\\/pt\\\/wp-content\\\/uploads\\\/logoJO-SEO.png\",\"width\":285,\"height\":450,\"caption\":\"Jornal das Oficinas\"},\"image\":{\"@id\":\"https:\\\/\\\/jornaldasoficinas.com\\\/pt\\\/#\\\/schema\\\/logo\\\/image\\\/\"},\"sameAs\":[\"https:\\\/\\\/www.facebook.com\\\/jornaloficinas\",\"https:\\\/\\\/x.com\\\/jornaloficinas\",\"https:\\\/\\\/www.instagram.com\\\/jornal_oficinas\\\/\",\"https:\\\/\\\/www.linkedin.com\\\/company\\\/jornal-das-oficinas\\\/\",\"https:\\\/\\\/www.youtube.com\\\/channel\\\/UCbQZBqtcvV-oSQrr7RzINGg\"]},{\"@type\":\"Person\",\"@id\":\"https:\\\/\\\/jornaldasoficinas.com\\\/pt\\\/#\\\/schema\\\/person\\\/a38eef5de2c41d9e7c9ac10141afddf3\",\"name\":\"Reda\u00e7\u00e3o JO\",\"image\":{\"@type\":\"ImageObject\",\"inLanguage\":\"pt-PT\",\"@id\":\"https:\\\/\\\/secure.gravatar.com\\\/avatar\\\/71f2fa71737ad68a84fea94bc708ddac8ea5b0c4788dc2ad202f3ccb2887742f?s=96&d=wp_user_avatar&r=g\",\"url\":\"https:\\\/\\\/secure.gravatar.com\\\/avatar\\\/71f2fa71737ad68a84fea94bc708ddac8ea5b0c4788dc2ad202f3ccb2887742f?s=96&d=wp_user_avatar&r=g\",\"contentUrl\":\"https:\\\/\\\/secure.gravatar.com\\\/avatar\\\/71f2fa71737ad68a84fea94bc708ddac8ea5b0c4788dc2ad202f3ccb2887742f?s=96&d=wp_user_avatar&r=g\",\"caption\":\"Reda\u00e7\u00e3o JO\"},\"url\":\"https:\\\/\\\/jornaldasoficinas.com\\\/pt\\\/author\\\/joredacao\\\/\"}]}<\/script>\n<!-- \/ Yoast SEO plugin. -->","yoast_head_json":{"title":"Mart\u00edn Bajuk rescinde contrato laboral com a ASER - Jornal das Oficinas","description":"A ASER comunicou a decis\u00e3o de Mart\u00edn Bajuk, diretor comercial da ASER, em cessar contrato com efeito a partir de 30 de abril de 2024","robots":{"index":"index","follow":"follow","max-snippet":"max-snippet:-1","max-image-preview":"max-image-preview:large","max-video-preview":"max-video-preview:-1"},"canonical":"https:\/\/jornaldasoficinas.com\/pt\/martin-bajuk-rescinde-contrato-laboral-com-a-aser\/","og_locale":"pt_PT","og_type":"article","og_title":"Mart\u00edn Bajuk rescinde contrato laboral com a ASER - Jornal das Oficinas","og_description":"A ASER comunicou a decis\u00e3o de Mart\u00edn Bajuk, diretor comercial da ASER, em cessar contrato com efeito a partir de 30 de abril de 2024","og_url":"https:\/\/jornaldasoficinas.com\/pt\/martin-bajuk-rescinde-contrato-laboral-com-a-aser\/","og_site_name":"Jornal das Oficinas","article_publisher":"https:\/\/www.facebook.com\/jornaloficinas","article_published_time":"2024-04-17T18:00:45+00:00","og_image":[{"width":1024,"height":581,"url":"https:\/\/jornaldasoficinas.com\/pt\/wp-content\/uploads\/2024\/04\/Martin-Bajuk-rescinde-contrato-laboral-com-a-ASER.jpg","type":"image\/jpeg"}],"author":"Reda\u00e7\u00e3o JO","twitter_card":"summary_large_image","twitter_creator":"@jornaloficinas","twitter_site":"@jornaloficinas","twitter_misc":{"Escrito por":"Reda\u00e7\u00e3o JO","Tempo estimado de leitura":"2 minutos"},"schema":{"@context":"https:\/\/schema.org","@graph":[{"@type":"Article","@id":"https:\/\/jornaldasoficinas.com\/pt\/martin-bajuk-rescinde-contrato-laboral-com-a-aser\/#article","isPartOf":{"@id":"https:\/\/jornaldasoficinas.com\/pt\/martin-bajuk-rescinde-contrato-laboral-com-a-aser\/"},"author":{"name":"Reda\u00e7\u00e3o JO","@id":"https:\/\/jornaldasoficinas.com\/pt\/#\/schema\/person\/a38eef5de2c41d9e7c9ac10141afddf3"},"headline":"Mart\u00edn Bajuk rescinde contrato laboral com a ASER","datePublished":"2024-04-17T18:00:45+00:00","mainEntityOfPage":{"@id":"https:\/\/jornaldasoficinas.com\/pt\/martin-bajuk-rescinde-contrato-laboral-com-a-aser\/"},"wordCount":242,"publisher":{"@id":"https:\/\/jornaldasoficinas.com\/pt\/#organization"},"image":{"@id":"https:\/\/jornaldasoficinas.com\/pt\/martin-bajuk-rescinde-contrato-laboral-com-a-aser\/#primaryimage"},"thumbnailUrl":"https:\/\/jornaldasoficinas.com\/pt\/wp-content\/uploads\/2024\/04\/Martin-Bajuk-rescinde-contrato-laboral-com-a-ASER.jpg","keywords":["30 de abril de 2024","ASER","Conselho de Administra\u00e7\u00e3o","Mart\u00edn Bajuk","rescis\u00e3o de contrato"],"articleSection":["Empresas"],"inLanguage":"pt-PT"},{"@type":"WebPage","@id":"https:\/\/jornaldasoficinas.com\/pt\/martin-bajuk-rescinde-contrato-laboral-com-a-aser\/","url":"https:\/\/jornaldasoficinas.com\/pt\/martin-bajuk-rescinde-contrato-laboral-com-a-aser\/","name":"Mart\u00edn Bajuk rescinde contrato laboral com a ASER - Jornal das Oficinas","isPartOf":{"@id":"https:\/\/jornaldasoficinas.com\/pt\/#website"},"primaryImageOfPage":{"@id":"https:\/\/jornaldasoficinas.com\/pt\/martin-bajuk-rescinde-contrato-laboral-com-a-aser\/#primaryimage"},"image":{"@id":"https:\/\/jornaldasoficinas.com\/pt\/martin-bajuk-rescinde-contrato-laboral-com-a-aser\/#primaryimage"},"thumbnailUrl":"https:\/\/jornaldasoficinas.com\/pt\/wp-content\/uploads\/2024\/04\/Martin-Bajuk-rescinde-contrato-laboral-com-a-ASER.jpg","datePublished":"2024-04-17T18:00:45+00:00","description":"A ASER comunicou a decis\u00e3o de Mart\u00edn Bajuk, diretor comercial da ASER, em cessar contrato com efeito a partir de 30 de abril de 2024","breadcrumb":{"@id":"https:\/\/jornaldasoficinas.com\/pt\/martin-bajuk-rescinde-contrato-laboral-com-a-aser\/#breadcrumb"},"inLanguage":"pt-PT","potentialAction":[{"@type":"ReadAction","target":["https:\/\/jornaldasoficinas.com\/pt\/martin-bajuk-rescinde-contrato-laboral-com-a-aser\/"]}]},{"@type":"ImageObject","inLanguage":"pt-PT","@id":"https:\/\/jornaldasoficinas.com\/pt\/martin-bajuk-rescinde-contrato-laboral-com-a-aser\/#primaryimage","url":"https:\/\/jornaldasoficinas.com\/pt\/wp-content\/uploads\/2024\/04\/Martin-Bajuk-rescinde-contrato-laboral-com-a-ASER.jpg","contentUrl":"https:\/\/jornaldasoficinas.com\/pt\/wp-content\/uploads\/2024\/04\/Martin-Bajuk-rescinde-contrato-laboral-com-a-ASER.jpg","width":1024,"height":581,"caption":"04 - Martin Bajuk rescinde contrato laboral com a ASER"},{"@type":"BreadcrumbList","@id":"https:\/\/jornaldasoficinas.com\/pt\/martin-bajuk-rescinde-contrato-laboral-com-a-aser\/#breadcrumb","itemListElement":[{"@type":"ListItem","position":1,"name":"In\u00edcio","item":"https:\/\/jornaldasoficinas.com\/pt\/"},{"@type":"ListItem","position":2,"name":"Mart\u00edn Bajuk rescinde contrato laboral com a ASER"}]},{"@type":"WebSite","@id":"https:\/\/jornaldasoficinas.com\/pt\/#website","url":"https:\/\/jornaldasoficinas.com\/pt\/","name":"Jornal das Oficinas","description":"Jornal independente do Aftermarket Autom\u00f3vel em Portugal","publisher":{"@id":"https:\/\/jornaldasoficinas.com\/pt\/#organization"},"potentialAction":[{"@type":"SearchAction","target":{"@type":"EntryPoint","urlTemplate":"https:\/\/jornaldasoficinas.com\/pt\/?s={search_term_string}"},"query-input":{"@type":"PropertyValueSpecification","valueRequired":true,"valueName":"search_term_string"}}],"inLanguage":"pt-PT"},{"@type":"Organization","@id":"https:\/\/jornaldasoficinas.com\/pt\/#organization","name":"Jornal das Oficinas","url":"https:\/\/jornaldasoficinas.com\/pt\/","logo":{"@type":"ImageObject","inLanguage":"pt-PT","@id":"https:\/\/jornaldasoficinas.com\/pt\/#\/schema\/logo\/image\/","url":"https:\/\/jornaldasoficinas.com\/pt\/wp-content\/uploads\/logoJO-SEO.png","contentUrl":"https:\/\/jornaldasoficinas.com\/pt\/wp-content\/uploads\/logoJO-SEO.png","width":285,"height":450,"caption":"Jornal das Oficinas"},"image":{"@id":"https:\/\/jornaldasoficinas.com\/pt\/#\/schema\/logo\/image\/"},"sameAs":["https:\/\/www.facebook.com\/jornaloficinas","https:\/\/x.com\/jornaloficinas","https:\/\/www.instagram.com\/jornal_oficinas\/","https:\/\/www.linkedin.com\/company\/jornal-das-oficinas\/","https:\/\/www.youtube.com\/channel\/UCbQZBqtcvV-oSQrr7RzINGg"]},{"@type":"Person","@id":"https:\/\/jornaldasoficinas.com\/pt\/#\/schema\/person\/a38eef5de2c41d9e7c9ac10141afddf3","name":"Reda\u00e7\u00e3o JO","image":{"@type":"ImageObject","inLanguage":"pt-PT","@id":"https:\/\/secure.gravatar.com\/avatar\/71f2fa71737ad68a84fea94bc708ddac8ea5b0c4788dc2ad202f3ccb2887742f?s=96&d=wp_user_avatar&r=g","url":"https:\/\/secure.gravatar.com\/avatar\/71f2fa71737ad68a84fea94bc708ddac8ea5b0c4788dc2ad202f3ccb2887742f?s=96&d=wp_user_avatar&r=g","contentUrl":"https:\/\/secure.gravatar.com\/avatar\/71f2fa71737ad68a84fea94bc708ddac8ea5b0c4788dc2ad202f3ccb2887742f?s=96&d=wp_user_avatar&r=g","caption":"Reda\u00e7\u00e3o JO"},"url":"https:\/\/jornaldasoficinas.com\/pt\/author\/joredacao\/"}]}},"_links":{"self":[{"href":"https:\/\/jornaldasoficinas.com\/pt\/wp-json\/wp\/v2\/posts\/83056","targetHints":{"allow":["GET"]}}],"collection":[{"href":"https:\/\/jornaldasoficinas.com\/pt\/wp-json\/wp\/v2\/posts"}],"about":[{"href":"https:\/\/jornaldasoficinas.com\/pt\/wp-json\/wp\/v2\/types\/post"}],"author":[{"embeddable":true,"href":"https:\/\/jornaldasoficinas.com\/pt\/wp-json\/wp\/v2\/users\/15"}],"replies":[{"embeddable":true,"href":"https:\/\/jornaldasoficinas.com\/pt\/wp-json\/wp\/v2\/comments?post=83056"}],"version-history":[{"count":0,"href":"https:\/\/jornaldasoficinas.com\/pt\/wp-json\/wp\/v2\/posts\/83056\/revisions"}],"wp:featuredmedia":[{"embeddable":true,"href":"https:\/\/jornaldasoficinas.com\/pt\/wp-json\/wp\/v2\/media\/83074"}],"wp:attachment":[{"href":"https:\/\/jornaldasoficinas.com\/pt\/wp-json\/wp\/v2\/media?parent=83056"}],"wp:term":[{"taxonomy":"category","embeddable":true,"href":"https:\/\/jornaldasoficinas.com\/pt\/wp-json\/wp\/v2\/categories?post=83056"},{"taxonomy":"post_tag","embeddable":true,"href":"https:\/\/jornaldasoficinas.com\/pt\/wp-json\/wp\/v2\/tags?post=83056"}],"curies":[{"name":"wp","href":"https:\/\/api.w.org\/{rel}","templated":true}]}}