{"id":83217,"date":"2024-04-21T21:30:05","date_gmt":"2024-04-21T20:30:05","guid":{"rendered":"https:\/\/jornaldasoficinas.com\/pt\/?p=83217"},"modified":"2024-04-21T21:49:05","modified_gmt":"2024-04-21T20:49:05","slug":"anecra-realiza-encontro-empresarial-focado-no-futuro-das-oficinas","status":"publish","type":"post","link":"https:\/\/jornaldasoficinas.com\/pt\/anecra-realiza-encontro-empresarial-focado-no-futuro-das-oficinas\/","title":{"rendered":"ANECRA realiza Encontro empresarial focado no futuro das oficinas"},"content":{"rendered":"<p><img loading=\"lazy\" decoding=\"async\" class=\"alignnone size-full wp-image-83218\" src=\"https:\/\/jornaldasoficinas.com\/pt\/wp-content\/uploads\/2024\/04\/ANECRA-realizou-Encontro-empresarial-focado-no-futuro-das-oficinas.jpg\" alt=\"04 - ANECRA realizou Encontro empresarial focado no futuro das oficinas\" width=\"1024\" height=\"581\" srcset=\"https:\/\/jornaldasoficinas.com\/pt\/wp-content\/uploads\/2024\/04\/ANECRA-realizou-Encontro-empresarial-focado-no-futuro-das-oficinas.jpg 1024w, https:\/\/jornaldasoficinas.com\/pt\/wp-content\/uploads\/2024\/04\/ANECRA-realizou-Encontro-empresarial-focado-no-futuro-das-oficinas-300x170.jpg 300w, https:\/\/jornaldasoficinas.com\/pt\/wp-content\/uploads\/2024\/04\/ANECRA-realizou-Encontro-empresarial-focado-no-futuro-das-oficinas-150x85.jpg 150w, https:\/\/jornaldasoficinas.com\/pt\/wp-content\/uploads\/2024\/04\/ANECRA-realizou-Encontro-empresarial-focado-no-futuro-das-oficinas-768x436.jpg 768w\" sizes=\"auto, (max-width: 1024px) 100vw, 1024px\" \/><\/p>\n<p><strong>Realizou-se, no passado s\u00e1bado, dia 20 de abril, no Hotel Solverde, em Espinho, o 17\u00ba Encontro Nacional da Repara\u00e7\u00e3o Autom\u00f3vel promovido pela <a href=\"https:\/\/www.anecra.pt\/\" target=\"_blank\" rel=\"noopener\">ANECRA<\/a>. O Encontro abordou temas de grande import\u00e2ncia para os empres\u00e1rios do ramo, tendo reunido para o efeito cerca de 200 parceiros e associados<\/strong><\/p>\n<p>A rece\u00e7\u00e3o e boas-vindas esteve a cargo de Alexandre Ferreira, Presidente da Dire\u00e7\u00e3o da ANECRA, seguindo-se um enquadramento \u00e0 atualidade do Setor Autom\u00f3vel por Roberto Gaspar, Secret\u00e1rio Geral da ANECRA.<\/p>\n<p>Pedro Nuno Ferreira, Head of Automotive Business do <a href=\"https:\/\/www.cetelem.pt\/sobre-o-cetelem\" target=\"_blank\" rel=\"noopener\">Cetelem BPN Paribas<\/a> falou sobre o Caminho da Sustentabilidade, referindo que o setor da mobilidade est\u00e1 numa encruzilhada industrial, regulat\u00f3ria, financeira, de distribui\u00e7\u00e3o e tipologia de clientes, que impacta no modelo de neg\u00f3cio das oficinas. O financiamento de carros novos, segundo este respons\u00e1vel, teve um crescimento de 12% e as vendas para Rent-a-Car e frotas j\u00e1 representam 66%, enquanto as vendas para particulares n\u00e3o ultrapassam os 13%.<\/p>\n<p>O financiamento de ve\u00edculos usados e motos tamb\u00e9m est\u00e1 em crescimento. Pedro Ferreira alertou para a chegada das marcas chinesas de ve\u00edculos el\u00e9tricos e para o decr\u00e9scimo da venda de consum\u00edveis, sugerindo que as oficinas realizem mais seguros, como forma de fidelizarem os clientes e rentabilizarem os seus servi\u00e7os.<\/p>\n<p>Filipe Teixeira, Diretor de Projetos da ANECRA e Hugo Branquinho, da <a href=\"https:\/\/www.kiwa.com\/pt\/pt\/\" target=\"_blank\" rel=\"noopener\">KIWA<\/a> falaram sobre o <a href=\"https:\/\/www.kiwa.com\/pt\/pt\/specials\/certificacao-sermi\/\" target=\"_blank\" rel=\"noopener\">projeto SERMI<\/a>, tendo referido que a Certifica\u00e7\u00e3o de uma empresa tem um custo de 750,00 Euros, a que acresce mais 595,00 euros de custos de inspe\u00e7\u00f5es presenciais.<\/p>\n<p>Depois de uma pausa para o caf\u00e9, houve espa\u00e7o para abordar o \u201cFuturo do Setor da Colis\u00e3o\u201d tendo Carlos L\u00f3pez, diretor comercial da <a href=\"https:\/\/www.launchiberica.com\/\" target=\"_blank\" rel=\"noopener\">Launch Ib\u00e9rica<\/a>, como orador. Come\u00e7ou por referir que os sistemas ADAS est\u00e3o a ter um impacto significativo nas oficinas, principalmente porque exigem novos conhecimentos e equipamento especializado para repara\u00e7\u00e3o e calibra\u00e7\u00e3o. Neste particular \u201cas seguradoras ter\u00e3o de ajustar os pr\u00e9mios e as ap\u00f3lices de cobertura com base nos custos mais elevados associados \u00e0 repara\u00e7\u00e3o de ve\u00edculos com ADAS\u201d, disse.<\/p>\n<p>A Intelig\u00eancia Artificial no neg\u00f3cio das oficinas foi outro tema abordado por este respons\u00e1vel \u201cA IA pode ajudar na estimativa de danos, melhorando a efici\u00eancia da oficina. Por outro lado, certos processos administrativos e de gest\u00e3o podem ser automatizados, reduzindo o tempo gasto em tarefas repetitivas, permitindo que os t\u00e9cnicos se concentrem na repara\u00e7\u00e3o. A IA pode tamb\u00e9m ajudar a personalizar a comunica\u00e7\u00e3o com os clientes, aprendendo com intera\u00e7\u00f5es anteriores para melhorar o atendimento e oferecer servi\u00e7os personalizados\u201d, concluiu.<\/p>\n<p>Daniel Dias, CEO da <a href=\"https:\/\/www.atenasoftware.pt\/\" target=\"_blank\" rel=\"noopener\">Atena Software<\/a> abordou o tema das Pe\u00e7as Verdes e Economia Circular, come\u00e7ando por destacar as principais vantagens da utiliza\u00e7\u00e3o das pe\u00e7as usadas \u201cRedu\u00e7\u00e3o da pegada ambiental, mais econ\u00f3micas que as pe\u00e7as originais e disponibilidade em stock quando a pe\u00e7a original j\u00e1 n\u00e3o se produz. A sustentabilidade ambiental para a qual o setor do aftermarket deve contribuir, \u00e9 outra raz\u00e3o que tamb\u00e9m justifica a maior aten\u00e7\u00e3o a dar \u00e0s pe\u00e7as usadas\u201d. Apesar do potencial de neg\u00f3cio, estima-se que existam em Portugal 12 milh\u00f5es de pe\u00e7as usadas por digitalizar, sendo que 60% do stock atual n\u00e3o tem uma foto e 80% n\u00e3o tem uma refer\u00eancia.<\/p>\n<p>No final da manh\u00e3 realizou-se uma Mesa Redonda moderada por Roberto Gaspar, sobre os \u201cDesafios Imediatos da Atividade no P\u00f3s-Venda\u201d com a participa\u00e7\u00e3o de Pedro Soares, Diretor Comercial da <a href=\"https:\/\/www.olx.pt\/\" target=\"_blank\" rel=\"noopener\">OLx<\/a>, Artur Teixeira, Administrador da Auto Duque, Ricardo Sim\u00f5es, COO da <a href=\"https:\/\/www.midas.pt\/\" target=\"_blank\" rel=\"noopener\">Midas<\/a>, Lu\u00eds Santos, Diretor Geral da <a href=\"http:\/\/www.impoeste.pt\/\" target=\"_blank\" rel=\"noopener\">Impoeste<\/a> e V\u00edtor Pereira, Presidente da <a href=\"https:\/\/ancav.pt\/\" target=\"_blank\" rel=\"noopener\">ANCAV<\/a>. Todos os oradores referiram a falta de recursos humanos qualificados como um dos principais problemas do setor p\u00f3s-venda, a par do investimento necess\u00e1rio para dar assist\u00eancia aos ve\u00edculos el\u00e9tricos e a necessidade de cumprir com o ESG.<\/p>\n<p>A sess\u00e3o terminou com o Secret\u00e1rio Geral da ANECRA, Roberto Gaspar, a enfatizar a import\u00e2ncia deste tipo de encontros empresariais, agradecendo a elevada participa\u00e7\u00e3o dos empres\u00e1rios do setor, que quiseram marcar a sua presen\u00e7a neste evento.<\/p>\n<p>O evento encerrou com um almo\u00e7o que contou com uma apresenta\u00e7\u00e3o do tema \u201cComo implementar uma Estrat\u00e9gia Digital de Sucesso no neg\u00f3cio das Pe\u00e7as\u201d desenhada pelo <a href=\"https:\/\/www.standvirtual.com\/\" target=\"_blank\" rel=\"noopener\">Standvirtual<\/a> \/ Olx<\/p>\n<div class=\"wonderplugingallery-container\" id=\"wonderplugingallery-container-195\" style=\"max-width:960px;margin:0 auto;\"><div class=\"wonderplugingallery\" id=\"wonderplugingallery-195\" data-galleryid=\"195\" data-width=\"960\" data-height=\"540\" data-skin=\"gallery\" data-playsinline=\"false\" data-mutevideo=\"false\" data-random=\"false\" data-autoslide=\"false\" data-autoplayvideo=\"false\" data-schemamarkup=\"false\" data-stopallplaying=\"false\" data-reloadonvideoend=\"false\" data-donotuseposter=\"false\" data-enabletabindex=\"false\" data-loadnextonvideoend=\"false\" data-hidetitlewhenvideoisplaying=\"false\" data-disablehovereventontouch=\"false\" data-autoslideandplayafterfirstplayed=\"false\" data-html5player=\"true\" data-responsive=\"true\" data-fullwidth=\"false\" data-showtitle=\"true\" data-showdescription=\"true\" data-showplaybutton=\"true\" data-showfullscreenbutton=\"true\" data-showtimer=\"true\" data-showcarousel=\"true\" data-galleryshadow=\"false\" data-slideshadow=\"true\" data-thumbshowtitle=\"false\" data-thumbshowimage=\"true\" data-thumbshadow=\"true\" data-lightboxshowtitle=\"true\" data-lightboxshowdescription=\"true\" data-specifyid=\"true\" data-donotinit=\"false\" data-addinitscript=\"false\" data-triggerresize=\"false\" data-thumbcolumnsresponsive=\"false\" data-thumbverticalmiddle=\"true\" data-removeinlinecss=\"true\" data-switchonmouseover=\"false\" data-showcategory=\"true\" data-carouselpagination=\"false\" data-showimgtitle=\"false\" data-titlesmallscreen=\"false\" data-initsocial=\"true\" data-showsocial=\"false\" data-showemail=\"false\" data-showfacebook=\"true\" data-showtwitter=\"true\" data-showpinterest=\"true\" data-socialrotateeffect=\"true\" data-doshortcodeontext=\"false\" data-loop=\"0\" data-duration=\"1500\" data-slideduration=\"1000\" data-slideshowinterval=\"6000\" data-googleanalyticsaccount=\"\" data-ga4account=\"\" data-resizemode=\"fill\" data-imagetoolboxmode=\"mouseover\" data-effect=\"fade\" data-padding=\"12\" data-bgcolor=\"\" data-bgimage=\"\" data-thumbwidth=\"120\" data-thumbheight=\"60\" data-thumbgap=\"8\" data-thumbrowgap=\"16\" data-lightboxtextheight=\"72\" data-lightboxtitlecss=\"{color:#333333; font:bold 12px Arial,Helvetica,sans-serif; overflow:hidden; white-space:normal; line-height:18px;}\" data-lightboxdescriptioncss=\"{color:#333333; font:normal 12px Arial,Helvetica,sans-serif; overflow:hidden; white-space:normal; line-height:14px;}\" data-titlecss=\"{color:#ffffff; font-size:14px; font-family:Armata, sans-serif, Arial; overflow:hidden; text-align:left; padding:10px 0px 10px 10px; background:rgb(102, 102, 102) transparent; background:rgba(102, 102, 102, 0.6);}\" data-descriptioncss=\"{color:#ffffff; font-size:13px; font-family:Armata, sans-serif, Arial; overflow:hidden; text-align:left; padding:0px 0px 10px 10px; background:rgb(102, 102, 102) transparent; background:rgba(102, 102, 102, 0.6);}\" data-titleheight=\"72\" data-titlesmallscreenwidth=\"640\" data-titleheightsmallscreen=\"148\" data-socialmode=\"mouseover\" data-socialposition=\"position:absolute;top:8px;right:8px;\" data-socialpositionlightbox=\"position:absolute;top:8px;right:8px;\" data-socialdirection=\"horizontal\" data-socialbuttonsize=\"32\" data-socialbuttonfontsize=\"18\" data-defaultvideovolume=\"1\" data-thumbtitleheight=\"24\" data-thumbmediumtitleheight=\"48\" data-thumbsmalltitleheight=\"72\" data-categoryheight=\"48\" data-categorydefault=\"all\" data-triggerresizedelay=\"100\" data-thumbmediumsize=\"800\" data-thumbsmallsize=\"480\" data-thumbmediumwidth=\"64\" data-thumbmediumheight=\"64\" data-thumbsmallwidth=\"48\" data-thumbsmallheight=\"48\" data-imgtitle=\"title\" data-carouselpaginationrow=\"3\" data-categorystyle=\"dropdown\" data-categorylist=\"[{&quot;slug&quot;:&quot;all&quot;,&quot;caption&quot;:&quot;Show All&quot;}]\" data-jsfolder=\"https:\/\/jornaldasoficinas.com\/pt\/wp-content\/plugins\/wonderplugin-gallery\/engine\/\" style=\"display:none;\" ><a class=\"html5galleryimglink\" href=\"https:\/\/jornaldasoficinas.com\/pt\/wp-content\/uploads\/2024\/04\/ANECRA-realizou-Encontro\/IMG_6085.jpg\" data-mediatype=1><img decoding=\"async\" class=\"html5galleryimg html5gallery-tn-image\" src=\"https:\/\/jornaldasoficinas.com\/pt\/wp-content\/uploads\/2024\/04\/ANECRA-realizou-Encontro\/IMG_6085.jpg\" alt=\"\"><\/a><div class=\"html5gallery-info\"><\/div><a class=\"html5galleryimglink\" href=\"https:\/\/jornaldasoficinas.com\/pt\/wp-content\/uploads\/2024\/04\/ANECRA-realizou-Encontro\/IMG_6103.jpg\" data-mediatype=1><img decoding=\"async\" class=\"html5galleryimg html5gallery-tn-image\" src=\"https:\/\/jornaldasoficinas.com\/pt\/wp-content\/uploads\/2024\/04\/ANECRA-realizou-Encontro\/IMG_6103.jpg\" alt=\"\"><\/a><div class=\"html5gallery-info\"><\/div><a class=\"html5galleryimglink\" href=\"https:\/\/jornaldasoficinas.com\/pt\/wp-content\/uploads\/2024\/04\/ANECRA-realizou-Encontro\/IMG_6120.jpg\" data-mediatype=1><img decoding=\"async\" class=\"html5galleryimg html5gallery-tn-image\" src=\"https:\/\/jornaldasoficinas.com\/pt\/wp-content\/uploads\/2024\/04\/ANECRA-realizou-Encontro\/IMG_6120.jpg\" alt=\"\"><\/a><div class=\"html5gallery-info\"><\/div><a class=\"html5galleryimglink\" href=\"https:\/\/jornaldasoficinas.com\/pt\/wp-content\/uploads\/2024\/04\/ANECRA-realizou-Encontro\/IMG_6139.jpg\" data-mediatype=1><img decoding=\"async\" class=\"html5galleryimg html5gallery-tn-image\" src=\"https:\/\/jornaldasoficinas.com\/pt\/wp-content\/uploads\/2024\/04\/ANECRA-realizou-Encontro\/IMG_6139.jpg\" alt=\"\"><\/a><div class=\"html5gallery-info\"><\/div><a class=\"html5galleryimglink\" href=\"https:\/\/jornaldasoficinas.com\/pt\/wp-content\/uploads\/2024\/04\/ANECRA-realizou-Encontro\/IMG_6148.jpg\" data-mediatype=1><img decoding=\"async\" class=\"html5galleryimg html5gallery-tn-image\" src=\"https:\/\/jornaldasoficinas.com\/pt\/wp-content\/uploads\/2024\/04\/ANECRA-realizou-Encontro\/IMG_6148.jpg\" alt=\"\"><\/a><div class=\"html5gallery-info\"><\/div><a class=\"html5galleryimglink\" href=\"https:\/\/jornaldasoficinas.com\/pt\/wp-content\/uploads\/2024\/04\/ANECRA-realizou-Encontro\/IMG_6151.jpg\" data-mediatype=1><img decoding=\"async\" class=\"html5galleryimg html5gallery-tn-image\" src=\"https:\/\/jornaldasoficinas.com\/pt\/wp-content\/uploads\/2024\/04\/ANECRA-realizou-Encontro\/IMG_6151.jpg\" alt=\"\"><\/a><div class=\"html5gallery-info\"><\/div><a class=\"html5galleryimglink\" href=\"https:\/\/jornaldasoficinas.com\/pt\/wp-content\/uploads\/2024\/04\/ANECRA-realizou-Encontro\/IMG_6186.jpg\" data-mediatype=1><img decoding=\"async\" class=\"html5galleryimg html5gallery-tn-image\" src=\"https:\/\/jornaldasoficinas.com\/pt\/wp-content\/uploads\/2024\/04\/ANECRA-realizou-Encontro\/IMG_6186.jpg\" alt=\"\"><\/a><div class=\"html5gallery-info\"><\/div><a class=\"html5galleryimglink\" href=\"https:\/\/jornaldasoficinas.com\/pt\/wp-content\/uploads\/2024\/04\/ANECRA-realizou-Encontro\/IMG_9594.jpg\" data-mediatype=1><img decoding=\"async\" class=\"html5galleryimg html5gallery-tn-image\" src=\"https:\/\/jornaldasoficinas.com\/pt\/wp-content\/uploads\/2024\/04\/ANECRA-realizou-Encontro\/IMG_9594.jpg\" alt=\"\"><\/a><div class=\"html5gallery-info\"><\/div><a class=\"html5galleryimglink\" href=\"https:\/\/jornaldasoficinas.com\/pt\/wp-content\/uploads\/2024\/04\/ANECRA-realizou-Encontro\/IMG_9606.jpg\" data-mediatype=1><img decoding=\"async\" class=\"html5galleryimg html5gallery-tn-image\" src=\"https:\/\/jornaldasoficinas.com\/pt\/wp-content\/uploads\/2024\/04\/ANECRA-realizou-Encontro\/IMG_9606.jpg\" alt=\"\"><\/a><div class=\"html5gallery-info\"><\/div><a class=\"html5galleryimglink\" href=\"https:\/\/jornaldasoficinas.com\/pt\/wp-content\/uploads\/2024\/04\/ANECRA-realizou-Encontro\/IMG_9621.jpg\" data-mediatype=1><img decoding=\"async\" class=\"html5galleryimg html5gallery-tn-image\" src=\"https:\/\/jornaldasoficinas.com\/pt\/wp-content\/uploads\/2024\/04\/ANECRA-realizou-Encontro\/IMG_9621.jpg\" alt=\"\"><\/a><div class=\"html5gallery-info\"><\/div><a class=\"html5galleryimglink\" href=\"https:\/\/jornaldasoficinas.com\/pt\/wp-content\/uploads\/2024\/04\/ANECRA-realizou-Encontro\/IMG_9626.jpg\" data-mediatype=1><img decoding=\"async\" class=\"html5galleryimg html5gallery-tn-image\" src=\"https:\/\/jornaldasoficinas.com\/pt\/wp-content\/uploads\/2024\/04\/ANECRA-realizou-Encontro\/IMG_9626.jpg\" alt=\"\"><\/a><div class=\"html5gallery-info\"><\/div><a class=\"html5galleryimglink\" href=\"https:\/\/jornaldasoficinas.com\/pt\/wp-content\/uploads\/2024\/04\/ANECRA-realizou-Encontro\/IMG_9631.jpg\" data-mediatype=1><img decoding=\"async\" class=\"html5galleryimg html5gallery-tn-image\" src=\"https:\/\/jornaldasoficinas.com\/pt\/wp-content\/uploads\/2024\/04\/ANECRA-realizou-Encontro\/IMG_9631.jpg\" alt=\"\"><\/a><div class=\"html5gallery-info\"><\/div><a class=\"html5galleryimglink\" href=\"https:\/\/jornaldasoficinas.com\/pt\/wp-content\/uploads\/2024\/04\/ANECRA-realizou-Encontro\/IMG_9639.jpg\" data-mediatype=1><img decoding=\"async\" class=\"html5galleryimg html5gallery-tn-image\" src=\"https:\/\/jornaldasoficinas.com\/pt\/wp-content\/uploads\/2024\/04\/ANECRA-realizou-Encontro\/IMG_9639.jpg\" alt=\"\"><\/a><div class=\"html5gallery-info\"><\/div><a class=\"html5galleryimglink\" href=\"https:\/\/jornaldasoficinas.com\/pt\/wp-content\/uploads\/2024\/04\/ANECRA-realizou-Encontro\/IMG_9646.jpg\" data-mediatype=1><img decoding=\"async\" class=\"html5galleryimg html5gallery-tn-image\" src=\"https:\/\/jornaldasoficinas.com\/pt\/wp-content\/uploads\/2024\/04\/ANECRA-realizou-Encontro\/IMG_9646.jpg\" alt=\"\"><\/a><div class=\"html5gallery-info\"><\/div><a class=\"html5galleryimglink\" href=\"https:\/\/jornaldasoficinas.com\/pt\/wp-content\/uploads\/2024\/04\/ANECRA-realizou-Encontro\/IMG_9652.jpg\" data-mediatype=1><img decoding=\"async\" class=\"html5galleryimg html5gallery-tn-image\" src=\"https:\/\/jornaldasoficinas.com\/pt\/wp-content\/uploads\/2024\/04\/ANECRA-realizou-Encontro\/IMG_9652.jpg\" alt=\"\"><\/a><div class=\"html5gallery-info\"><\/div><\/div><\/div><script>function wondergallery_195_appendcss(csscode) {var head=document.head || document.getElementsByTagName(\"head\")[0];var style=document.createElement(\"style\");head.appendChild(style);style.type=\"text\/css\";if (style.styleSheet){style.styleSheet.cssText=csscode;} else {style.appendChild(document.createTextNode(csscode));}};wondergallery_195_appendcss(\"#wonderplugingallery-195 .html5gallery-cat-selection-195 { \tbox-sizing: border-box; \ttext-align: center; }  #wonderplugingallery-195 .html5gallery-cat-selection-195 select { \tbox-sizing: border-box; \tmargin: 4px auto; }\");<\/script>\n<p>&nbsp;<\/p>\n","protected":false},"excerpt":{"rendered":"<p>Realizou-se, no passado s\u00e1bado, dia 20&#8230;<\/p>\n","protected":false},"author":15,"featured_media":83218,"comment_status":"closed","ping_status":"closed","sticky":false,"template":"","format":"standard","meta":{"footnotes":""},"categories":[37],"tags":[8633,8073,137,8644,8643,8640,8641,387,8637,8639,8638,1087,8646,8642,5014,8645,6904,2198,1767],"class_list":["post-83217","post","type-post","status-publish","format-standard","has-post-thumbnail","hentry","category-mercado","tag-17o-encontro-nacional-da-reparacao-automovel","tag-ancav","tag-anecra","tag-artur-teixeira","tag-auto-duque","tag-carlos-lopez","tag-daniel-dias","tag-economia-circular","tag-filipe-teixeira","tag-futuro-do-setor-da-colisao","tag-hugo-branquinho","tag-inteligencia-artificial","tag-luis-santos","tag-pecas-verdes","tag-pedro-ferreira","tag-pedro-soares","tag-roberto-gaspar","tag-standvirtual","tag-sustentabilidade"],"yoast_head":"<!-- This site is optimized with the Yoast SEO plugin v27.4 - https:\/\/yoast.com\/product\/yoast-seo-wordpress\/ -->\n<title>ANECRA realiza Encontro empresarial focado no futuro das oficinas - Jornal das Oficinas<\/title>\n<meta name=\"description\" content=\"Realizou-se, no passado s\u00e1bado, no Hotel Solverde, em Espinho, o 17\u00ba Encontro Nacional da Repara\u00e7\u00e3o Autom\u00f3vel promovido pela ANECRA\" \/>\n<meta name=\"robots\" content=\"index, follow, max-snippet:-1, max-image-preview:large, max-video-preview:-1\" \/>\n<link rel=\"canonical\" href=\"https:\/\/jornaldasoficinas.com\/pt\/anecra-realiza-encontro-empresarial-focado-no-futuro-das-oficinas\/\" \/>\n<meta property=\"og:locale\" content=\"pt_PT\" \/>\n<meta property=\"og:type\" content=\"article\" \/>\n<meta property=\"og:title\" content=\"ANECRA realiza Encontro empresarial focado no futuro das oficinas - Jornal das Oficinas\" \/>\n<meta property=\"og:description\" content=\"Realizou-se, no passado s\u00e1bado, no Hotel Solverde, em Espinho, o 17\u00ba Encontro Nacional da Repara\u00e7\u00e3o Autom\u00f3vel promovido pela ANECRA\" \/>\n<meta property=\"og:url\" content=\"https:\/\/jornaldasoficinas.com\/pt\/anecra-realiza-encontro-empresarial-focado-no-futuro-das-oficinas\/\" \/>\n<meta property=\"og:site_name\" content=\"Jornal das Oficinas\" \/>\n<meta property=\"article:publisher\" content=\"https:\/\/www.facebook.com\/jornaloficinas\" \/>\n<meta property=\"article:published_time\" content=\"2024-04-21T20:30:05+00:00\" \/>\n<meta property=\"article:modified_time\" content=\"2024-04-21T20:49:05+00:00\" \/>\n<meta property=\"og:image\" content=\"https:\/\/jornaldasoficinas.com\/pt\/wp-content\/uploads\/2024\/04\/ANECRA-realizou-Encontro-empresarial-focado-no-futuro-das-oficinas.jpg\" \/>\n\t<meta property=\"og:image:width\" content=\"1024\" \/>\n\t<meta property=\"og:image:height\" content=\"581\" \/>\n\t<meta property=\"og:image:type\" content=\"image\/jpeg\" \/>\n<meta name=\"author\" content=\"Reda\u00e7\u00e3o JO\" \/>\n<meta name=\"twitter:card\" content=\"summary_large_image\" \/>\n<meta name=\"twitter:creator\" content=\"@jornaloficinas\" \/>\n<meta name=\"twitter:site\" content=\"@jornaloficinas\" \/>\n<meta name=\"twitter:label1\" content=\"Escrito por\" \/>\n\t<meta name=\"twitter:data1\" content=\"Reda\u00e7\u00e3o JO\" \/>\n\t<meta name=\"twitter:label2\" content=\"Tempo estimado de leitura\" \/>\n\t<meta name=\"twitter:data2\" content=\"5 minutos\" \/>\n<script type=\"application\/ld+json\" class=\"yoast-schema-graph\">{\"@context\":\"https:\\\/\\\/schema.org\",\"@graph\":[{\"@type\":\"Article\",\"@id\":\"https:\\\/\\\/jornaldasoficinas.com\\\/pt\\\/anecra-realiza-encontro-empresarial-focado-no-futuro-das-oficinas\\\/#article\",\"isPartOf\":{\"@id\":\"https:\\\/\\\/jornaldasoficinas.com\\\/pt\\\/anecra-realiza-encontro-empresarial-focado-no-futuro-das-oficinas\\\/\"},\"author\":{\"name\":\"Reda\u00e7\u00e3o JO\",\"@id\":\"https:\\\/\\\/jornaldasoficinas.com\\\/pt\\\/#\\\/schema\\\/person\\\/a38eef5de2c41d9e7c9ac10141afddf3\"},\"headline\":\"ANECRA realiza Encontro empresarial focado no futuro das oficinas\",\"datePublished\":\"2024-04-21T20:30:05+00:00\",\"dateModified\":\"2024-04-21T20:49:05+00:00\",\"mainEntityOfPage\":{\"@id\":\"https:\\\/\\\/jornaldasoficinas.com\\\/pt\\\/anecra-realiza-encontro-empresarial-focado-no-futuro-das-oficinas\\\/\"},\"wordCount\":750,\"publisher\":{\"@id\":\"https:\\\/\\\/jornaldasoficinas.com\\\/pt\\\/#organization\"},\"image\":{\"@id\":\"https:\\\/\\\/jornaldasoficinas.com\\\/pt\\\/anecra-realiza-encontro-empresarial-focado-no-futuro-das-oficinas\\\/#primaryimage\"},\"thumbnailUrl\":\"https:\\\/\\\/jornaldasoficinas.com\\\/pt\\\/wp-content\\\/uploads\\\/2024\\\/04\\\/ANECRA-realizou-Encontro-empresarial-focado-no-futuro-das-oficinas.jpg\",\"keywords\":[\"17\u00ba Encontro Nacional da Repara\u00e7\u00e3o Autom\u00f3vel\",\"ANCAV\",\"ANECRA\",\"Artur Teixeira\",\"Auto Duque\",\"Carlos L\u00f3pez\",\"Daniel Dias\",\"Economia Circular\",\"Filipe Teixeira\",\"Futuro do Setor da Colis\u00e3o\",\"Hugo Branquinho\",\"Intelig\u00eancia artificial\",\"Lu\u00eds Santos\",\"Pe\u00e7as Verdes\",\"Pedro Ferreira\",\"Pedro Soares\",\"Roberto Gaspar\",\"Standvirtual\",\"Sustentabilidade\"],\"articleSection\":[\"Mercado\"],\"inLanguage\":\"pt-PT\"},{\"@type\":\"WebPage\",\"@id\":\"https:\\\/\\\/jornaldasoficinas.com\\\/pt\\\/anecra-realiza-encontro-empresarial-focado-no-futuro-das-oficinas\\\/\",\"url\":\"https:\\\/\\\/jornaldasoficinas.com\\\/pt\\\/anecra-realiza-encontro-empresarial-focado-no-futuro-das-oficinas\\\/\",\"name\":\"ANECRA realiza Encontro empresarial focado no futuro das oficinas - Jornal das Oficinas\",\"isPartOf\":{\"@id\":\"https:\\\/\\\/jornaldasoficinas.com\\\/pt\\\/#website\"},\"primaryImageOfPage\":{\"@id\":\"https:\\\/\\\/jornaldasoficinas.com\\\/pt\\\/anecra-realiza-encontro-empresarial-focado-no-futuro-das-oficinas\\\/#primaryimage\"},\"image\":{\"@id\":\"https:\\\/\\\/jornaldasoficinas.com\\\/pt\\\/anecra-realiza-encontro-empresarial-focado-no-futuro-das-oficinas\\\/#primaryimage\"},\"thumbnailUrl\":\"https:\\\/\\\/jornaldasoficinas.com\\\/pt\\\/wp-content\\\/uploads\\\/2024\\\/04\\\/ANECRA-realizou-Encontro-empresarial-focado-no-futuro-das-oficinas.jpg\",\"datePublished\":\"2024-04-21T20:30:05+00:00\",\"dateModified\":\"2024-04-21T20:49:05+00:00\",\"description\":\"Realizou-se, no passado s\u00e1bado, no Hotel Solverde, em Espinho, o 17\u00ba Encontro Nacional da Repara\u00e7\u00e3o Autom\u00f3vel promovido pela ANECRA\",\"breadcrumb\":{\"@id\":\"https:\\\/\\\/jornaldasoficinas.com\\\/pt\\\/anecra-realiza-encontro-empresarial-focado-no-futuro-das-oficinas\\\/#breadcrumb\"},\"inLanguage\":\"pt-PT\",\"potentialAction\":[{\"@type\":\"ReadAction\",\"target\":[\"https:\\\/\\\/jornaldasoficinas.com\\\/pt\\\/anecra-realiza-encontro-empresarial-focado-no-futuro-das-oficinas\\\/\"]}]},{\"@type\":\"ImageObject\",\"inLanguage\":\"pt-PT\",\"@id\":\"https:\\\/\\\/jornaldasoficinas.com\\\/pt\\\/anecra-realiza-encontro-empresarial-focado-no-futuro-das-oficinas\\\/#primaryimage\",\"url\":\"https:\\\/\\\/jornaldasoficinas.com\\\/pt\\\/wp-content\\\/uploads\\\/2024\\\/04\\\/ANECRA-realizou-Encontro-empresarial-focado-no-futuro-das-oficinas.jpg\",\"contentUrl\":\"https:\\\/\\\/jornaldasoficinas.com\\\/pt\\\/wp-content\\\/uploads\\\/2024\\\/04\\\/ANECRA-realizou-Encontro-empresarial-focado-no-futuro-das-oficinas.jpg\",\"width\":1024,\"height\":581,\"caption\":\"04 - ANECRA realizou Encontro empresarial focado no futuro das oficinas\"},{\"@type\":\"BreadcrumbList\",\"@id\":\"https:\\\/\\\/jornaldasoficinas.com\\\/pt\\\/anecra-realiza-encontro-empresarial-focado-no-futuro-das-oficinas\\\/#breadcrumb\",\"itemListElement\":[{\"@type\":\"ListItem\",\"position\":1,\"name\":\"In\u00edcio\",\"item\":\"https:\\\/\\\/jornaldasoficinas.com\\\/pt\\\/\"},{\"@type\":\"ListItem\",\"position\":2,\"name\":\"ANECRA realiza Encontro empresarial focado no futuro das oficinas\"}]},{\"@type\":\"WebSite\",\"@id\":\"https:\\\/\\\/jornaldasoficinas.com\\\/pt\\\/#website\",\"url\":\"https:\\\/\\\/jornaldasoficinas.com\\\/pt\\\/\",\"name\":\"Jornal das Oficinas\",\"description\":\"Jornal independente do Aftermarket Autom\u00f3vel em Portugal\",\"publisher\":{\"@id\":\"https:\\\/\\\/jornaldasoficinas.com\\\/pt\\\/#organization\"},\"potentialAction\":[{\"@type\":\"SearchAction\",\"target\":{\"@type\":\"EntryPoint\",\"urlTemplate\":\"https:\\\/\\\/jornaldasoficinas.com\\\/pt\\\/?s={search_term_string}\"},\"query-input\":{\"@type\":\"PropertyValueSpecification\",\"valueRequired\":true,\"valueName\":\"search_term_string\"}}],\"inLanguage\":\"pt-PT\"},{\"@type\":\"Organization\",\"@id\":\"https:\\\/\\\/jornaldasoficinas.com\\\/pt\\\/#organization\",\"name\":\"Jornal das Oficinas\",\"url\":\"https:\\\/\\\/jornaldasoficinas.com\\\/pt\\\/\",\"logo\":{\"@type\":\"ImageObject\",\"inLanguage\":\"pt-PT\",\"@id\":\"https:\\\/\\\/jornaldasoficinas.com\\\/pt\\\/#\\\/schema\\\/logo\\\/image\\\/\",\"url\":\"https:\\\/\\\/jornaldasoficinas.com\\\/pt\\\/wp-content\\\/uploads\\\/logoJO-SEO.png\",\"contentUrl\":\"https:\\\/\\\/jornaldasoficinas.com\\\/pt\\\/wp-content\\\/uploads\\\/logoJO-SEO.png\",\"width\":285,\"height\":450,\"caption\":\"Jornal das Oficinas\"},\"image\":{\"@id\":\"https:\\\/\\\/jornaldasoficinas.com\\\/pt\\\/#\\\/schema\\\/logo\\\/image\\\/\"},\"sameAs\":[\"https:\\\/\\\/www.facebook.com\\\/jornaloficinas\",\"https:\\\/\\\/x.com\\\/jornaloficinas\",\"https:\\\/\\\/www.instagram.com\\\/jornal_oficinas\\\/\",\"https:\\\/\\\/www.linkedin.com\\\/company\\\/jornal-das-oficinas\\\/\",\"https:\\\/\\\/www.youtube.com\\\/channel\\\/UCbQZBqtcvV-oSQrr7RzINGg\"]},{\"@type\":\"Person\",\"@id\":\"https:\\\/\\\/jornaldasoficinas.com\\\/pt\\\/#\\\/schema\\\/person\\\/a38eef5de2c41d9e7c9ac10141afddf3\",\"name\":\"Reda\u00e7\u00e3o JO\",\"image\":{\"@type\":\"ImageObject\",\"inLanguage\":\"pt-PT\",\"@id\":\"https:\\\/\\\/secure.gravatar.com\\\/avatar\\\/71f2fa71737ad68a84fea94bc708ddac8ea5b0c4788dc2ad202f3ccb2887742f?s=96&d=wp_user_avatar&r=g\",\"url\":\"https:\\\/\\\/secure.gravatar.com\\\/avatar\\\/71f2fa71737ad68a84fea94bc708ddac8ea5b0c4788dc2ad202f3ccb2887742f?s=96&d=wp_user_avatar&r=g\",\"contentUrl\":\"https:\\\/\\\/secure.gravatar.com\\\/avatar\\\/71f2fa71737ad68a84fea94bc708ddac8ea5b0c4788dc2ad202f3ccb2887742f?s=96&d=wp_user_avatar&r=g\",\"caption\":\"Reda\u00e7\u00e3o JO\"},\"url\":\"https:\\\/\\\/jornaldasoficinas.com\\\/pt\\\/author\\\/joredacao\\\/\"}]}<\/script>\n<!-- \/ Yoast SEO plugin. -->","yoast_head_json":{"title":"ANECRA realiza Encontro empresarial focado no futuro das oficinas - Jornal das Oficinas","description":"Realizou-se, no passado s\u00e1bado, no Hotel Solverde, em Espinho, o 17\u00ba Encontro Nacional da Repara\u00e7\u00e3o Autom\u00f3vel promovido pela ANECRA","robots":{"index":"index","follow":"follow","max-snippet":"max-snippet:-1","max-image-preview":"max-image-preview:large","max-video-preview":"max-video-preview:-1"},"canonical":"https:\/\/jornaldasoficinas.com\/pt\/anecra-realiza-encontro-empresarial-focado-no-futuro-das-oficinas\/","og_locale":"pt_PT","og_type":"article","og_title":"ANECRA realiza Encontro empresarial focado no futuro das oficinas - Jornal das Oficinas","og_description":"Realizou-se, no passado s\u00e1bado, no Hotel Solverde, em Espinho, o 17\u00ba Encontro Nacional da Repara\u00e7\u00e3o Autom\u00f3vel promovido pela ANECRA","og_url":"https:\/\/jornaldasoficinas.com\/pt\/anecra-realiza-encontro-empresarial-focado-no-futuro-das-oficinas\/","og_site_name":"Jornal das Oficinas","article_publisher":"https:\/\/www.facebook.com\/jornaloficinas","article_published_time":"2024-04-21T20:30:05+00:00","article_modified_time":"2024-04-21T20:49:05+00:00","og_image":[{"width":1024,"height":581,"url":"https:\/\/jornaldasoficinas.com\/pt\/wp-content\/uploads\/2024\/04\/ANECRA-realizou-Encontro-empresarial-focado-no-futuro-das-oficinas.jpg","type":"image\/jpeg"}],"author":"Reda\u00e7\u00e3o JO","twitter_card":"summary_large_image","twitter_creator":"@jornaloficinas","twitter_site":"@jornaloficinas","twitter_misc":{"Escrito por":"Reda\u00e7\u00e3o JO","Tempo estimado de leitura":"5 minutos"},"schema":{"@context":"https:\/\/schema.org","@graph":[{"@type":"Article","@id":"https:\/\/jornaldasoficinas.com\/pt\/anecra-realiza-encontro-empresarial-focado-no-futuro-das-oficinas\/#article","isPartOf":{"@id":"https:\/\/jornaldasoficinas.com\/pt\/anecra-realiza-encontro-empresarial-focado-no-futuro-das-oficinas\/"},"author":{"name":"Reda\u00e7\u00e3o JO","@id":"https:\/\/jornaldasoficinas.com\/pt\/#\/schema\/person\/a38eef5de2c41d9e7c9ac10141afddf3"},"headline":"ANECRA realiza Encontro empresarial focado no futuro das oficinas","datePublished":"2024-04-21T20:30:05+00:00","dateModified":"2024-04-21T20:49:05+00:00","mainEntityOfPage":{"@id":"https:\/\/jornaldasoficinas.com\/pt\/anecra-realiza-encontro-empresarial-focado-no-futuro-das-oficinas\/"},"wordCount":750,"publisher":{"@id":"https:\/\/jornaldasoficinas.com\/pt\/#organization"},"image":{"@id":"https:\/\/jornaldasoficinas.com\/pt\/anecra-realiza-encontro-empresarial-focado-no-futuro-das-oficinas\/#primaryimage"},"thumbnailUrl":"https:\/\/jornaldasoficinas.com\/pt\/wp-content\/uploads\/2024\/04\/ANECRA-realizou-Encontro-empresarial-focado-no-futuro-das-oficinas.jpg","keywords":["17\u00ba Encontro Nacional da Repara\u00e7\u00e3o Autom\u00f3vel","ANCAV","ANECRA","Artur Teixeira","Auto Duque","Carlos L\u00f3pez","Daniel Dias","Economia Circular","Filipe Teixeira","Futuro do Setor da Colis\u00e3o","Hugo Branquinho","Intelig\u00eancia artificial","Lu\u00eds Santos","Pe\u00e7as Verdes","Pedro Ferreira","Pedro Soares","Roberto Gaspar","Standvirtual","Sustentabilidade"],"articleSection":["Mercado"],"inLanguage":"pt-PT"},{"@type":"WebPage","@id":"https:\/\/jornaldasoficinas.com\/pt\/anecra-realiza-encontro-empresarial-focado-no-futuro-das-oficinas\/","url":"https:\/\/jornaldasoficinas.com\/pt\/anecra-realiza-encontro-empresarial-focado-no-futuro-das-oficinas\/","name":"ANECRA realiza Encontro empresarial focado no futuro das oficinas - Jornal das Oficinas","isPartOf":{"@id":"https:\/\/jornaldasoficinas.com\/pt\/#website"},"primaryImageOfPage":{"@id":"https:\/\/jornaldasoficinas.com\/pt\/anecra-realiza-encontro-empresarial-focado-no-futuro-das-oficinas\/#primaryimage"},"image":{"@id":"https:\/\/jornaldasoficinas.com\/pt\/anecra-realiza-encontro-empresarial-focado-no-futuro-das-oficinas\/#primaryimage"},"thumbnailUrl":"https:\/\/jornaldasoficinas.com\/pt\/wp-content\/uploads\/2024\/04\/ANECRA-realizou-Encontro-empresarial-focado-no-futuro-das-oficinas.jpg","datePublished":"2024-04-21T20:30:05+00:00","dateModified":"2024-04-21T20:49:05+00:00","description":"Realizou-se, no passado s\u00e1bado, no Hotel Solverde, em Espinho, o 17\u00ba Encontro Nacional da Repara\u00e7\u00e3o Autom\u00f3vel promovido pela ANECRA","breadcrumb":{"@id":"https:\/\/jornaldasoficinas.com\/pt\/anecra-realiza-encontro-empresarial-focado-no-futuro-das-oficinas\/#breadcrumb"},"inLanguage":"pt-PT","potentialAction":[{"@type":"ReadAction","target":["https:\/\/jornaldasoficinas.com\/pt\/anecra-realiza-encontro-empresarial-focado-no-futuro-das-oficinas\/"]}]},{"@type":"ImageObject","inLanguage":"pt-PT","@id":"https:\/\/jornaldasoficinas.com\/pt\/anecra-realiza-encontro-empresarial-focado-no-futuro-das-oficinas\/#primaryimage","url":"https:\/\/jornaldasoficinas.com\/pt\/wp-content\/uploads\/2024\/04\/ANECRA-realizou-Encontro-empresarial-focado-no-futuro-das-oficinas.jpg","contentUrl":"https:\/\/jornaldasoficinas.com\/pt\/wp-content\/uploads\/2024\/04\/ANECRA-realizou-Encontro-empresarial-focado-no-futuro-das-oficinas.jpg","width":1024,"height":581,"caption":"04 - ANECRA realizou Encontro empresarial focado no futuro das oficinas"},{"@type":"BreadcrumbList","@id":"https:\/\/jornaldasoficinas.com\/pt\/anecra-realiza-encontro-empresarial-focado-no-futuro-das-oficinas\/#breadcrumb","itemListElement":[{"@type":"ListItem","position":1,"name":"In\u00edcio","item":"https:\/\/jornaldasoficinas.com\/pt\/"},{"@type":"ListItem","position":2,"name":"ANECRA realiza Encontro empresarial focado no futuro das oficinas"}]},{"@type":"WebSite","@id":"https:\/\/jornaldasoficinas.com\/pt\/#website","url":"https:\/\/jornaldasoficinas.com\/pt\/","name":"Jornal das Oficinas","description":"Jornal independente do Aftermarket Autom\u00f3vel em Portugal","publisher":{"@id":"https:\/\/jornaldasoficinas.com\/pt\/#organization"},"potentialAction":[{"@type":"SearchAction","target":{"@type":"EntryPoint","urlTemplate":"https:\/\/jornaldasoficinas.com\/pt\/?s={search_term_string}"},"query-input":{"@type":"PropertyValueSpecification","valueRequired":true,"valueName":"search_term_string"}}],"inLanguage":"pt-PT"},{"@type":"Organization","@id":"https:\/\/jornaldasoficinas.com\/pt\/#organization","name":"Jornal das Oficinas","url":"https:\/\/jornaldasoficinas.com\/pt\/","logo":{"@type":"ImageObject","inLanguage":"pt-PT","@id":"https:\/\/jornaldasoficinas.com\/pt\/#\/schema\/logo\/image\/","url":"https:\/\/jornaldasoficinas.com\/pt\/wp-content\/uploads\/logoJO-SEO.png","contentUrl":"https:\/\/jornaldasoficinas.com\/pt\/wp-content\/uploads\/logoJO-SEO.png","width":285,"height":450,"caption":"Jornal das Oficinas"},"image":{"@id":"https:\/\/jornaldasoficinas.com\/pt\/#\/schema\/logo\/image\/"},"sameAs":["https:\/\/www.facebook.com\/jornaloficinas","https:\/\/x.com\/jornaloficinas","https:\/\/www.instagram.com\/jornal_oficinas\/","https:\/\/www.linkedin.com\/company\/jornal-das-oficinas\/","https:\/\/www.youtube.com\/channel\/UCbQZBqtcvV-oSQrr7RzINGg"]},{"@type":"Person","@id":"https:\/\/jornaldasoficinas.com\/pt\/#\/schema\/person\/a38eef5de2c41d9e7c9ac10141afddf3","name":"Reda\u00e7\u00e3o JO","image":{"@type":"ImageObject","inLanguage":"pt-PT","@id":"https:\/\/secure.gravatar.com\/avatar\/71f2fa71737ad68a84fea94bc708ddac8ea5b0c4788dc2ad202f3ccb2887742f?s=96&d=wp_user_avatar&r=g","url":"https:\/\/secure.gravatar.com\/avatar\/71f2fa71737ad68a84fea94bc708ddac8ea5b0c4788dc2ad202f3ccb2887742f?s=96&d=wp_user_avatar&r=g","contentUrl":"https:\/\/secure.gravatar.com\/avatar\/71f2fa71737ad68a84fea94bc708ddac8ea5b0c4788dc2ad202f3ccb2887742f?s=96&d=wp_user_avatar&r=g","caption":"Reda\u00e7\u00e3o JO"},"url":"https:\/\/jornaldasoficinas.com\/pt\/author\/joredacao\/"}]}},"_links":{"self":[{"href":"https:\/\/jornaldasoficinas.com\/pt\/wp-json\/wp\/v2\/posts\/83217","targetHints":{"allow":["GET"]}}],"collection":[{"href":"https:\/\/jornaldasoficinas.com\/pt\/wp-json\/wp\/v2\/posts"}],"about":[{"href":"https:\/\/jornaldasoficinas.com\/pt\/wp-json\/wp\/v2\/types\/post"}],"author":[{"embeddable":true,"href":"https:\/\/jornaldasoficinas.com\/pt\/wp-json\/wp\/v2\/users\/15"}],"replies":[{"embeddable":true,"href":"https:\/\/jornaldasoficinas.com\/pt\/wp-json\/wp\/v2\/comments?post=83217"}],"version-history":[{"count":0,"href":"https:\/\/jornaldasoficinas.com\/pt\/wp-json\/wp\/v2\/posts\/83217\/revisions"}],"wp:featuredmedia":[{"embeddable":true,"href":"https:\/\/jornaldasoficinas.com\/pt\/wp-json\/wp\/v2\/media\/83218"}],"wp:attachment":[{"href":"https:\/\/jornaldasoficinas.com\/pt\/wp-json\/wp\/v2\/media?parent=83217"}],"wp:term":[{"taxonomy":"category","embeddable":true,"href":"https:\/\/jornaldasoficinas.com\/pt\/wp-json\/wp\/v2\/categories?post=83217"},{"taxonomy":"post_tag","embeddable":true,"href":"https:\/\/jornaldasoficinas.com\/pt\/wp-json\/wp\/v2\/tags?post=83217"}],"curies":[{"name":"wp","href":"https:\/\/api.w.org\/{rel}","templated":true}]}}