{"id":83403,"date":"2024-04-26T14:30:37","date_gmt":"2024-04-26T13:30:37","guid":{"rendered":"https:\/\/jornaldasoficinas.com\/pt\/?p=83403"},"modified":"2024-04-23T19:19:19","modified_gmt":"2024-04-23T18:19:19","slug":"norauto-portugal-lanca-programa-de-recrutamento-nacional","status":"publish","type":"post","link":"https:\/\/jornaldasoficinas.com\/pt\/norauto-portugal-lanca-programa-de-recrutamento-nacional\/","title":{"rendered":"Norauto Portugal lan\u00e7a programa de recrutamento nacional"},"content":{"rendered":"<p><img loading=\"lazy\" decoding=\"async\" class=\"alignnone size-full wp-image-83407\" src=\"https:\/\/jornaldasoficinas.com\/pt\/wp-content\/uploads\/2024\/04\/Norauto-Portugal-lanca-programa-de-recrutamento-nacional.png\" alt=\"04 - Norauto Portugal lanca programa de recrutamento nacional\" width=\"1024\" height=\"581\" srcset=\"https:\/\/jornaldasoficinas.com\/pt\/wp-content\/uploads\/2024\/04\/Norauto-Portugal-lanca-programa-de-recrutamento-nacional.png 1024w, https:\/\/jornaldasoficinas.com\/pt\/wp-content\/uploads\/2024\/04\/Norauto-Portugal-lanca-programa-de-recrutamento-nacional-300x170.png 300w, https:\/\/jornaldasoficinas.com\/pt\/wp-content\/uploads\/2024\/04\/Norauto-Portugal-lanca-programa-de-recrutamento-nacional-150x85.png 150w, https:\/\/jornaldasoficinas.com\/pt\/wp-content\/uploads\/2024\/04\/Norauto-Portugal-lanca-programa-de-recrutamento-nacional-768x436.png 768w\" sizes=\"auto, (max-width: 1024px) 100vw, 1024px\" \/><\/p>\n<p><strong>A <a href=\"https:\/\/www.norauto.pt\/\" target=\"_blank\" rel=\"noopener\">Norauto Portugal<\/a> lan\u00e7a este m\u00eas um programa de recrutamento nacional para refor\u00e7o das suas equipas, de norte a sul do pa\u00eds, durante o per\u00edodo do ver\u00e3o que se aproxima. No total ser\u00e3o cerca de 70 vagas de ver\u00e3o dispon\u00edveis para as fun\u00e7\u00f5es de mec\u00e2nico e vendedor\/recepcionista<\/strong><\/p>\n<p>Este \u00e9 um programa lan\u00e7ado anualmente que tem como prop\u00f3sito, responder ao acr\u00e9scimo de atividade verificado nos meses de junho, julho e agosto e por outro identificar novos talentos que ter\u00e3o a oportunidade de permanecer na empresa mesmo ap\u00f3s este per\u00edodo de ver\u00e3o.<\/p>\n<p>Esta oportunidade de admiss\u00e3o na Norauto atrav\u00e9s de um contrato de ver\u00e3o poder\u00e1 representar muito mais que um trabalho tempor\u00e1rio pois uma larga parte destes contratos s\u00e3o uma porta de entrada para uma miss\u00e3o do quadro permanente. \u00c9 igualmente uma excelente oportunidade para desenvolver um est\u00e1gio, pois alguns alunos aproveitam o per\u00edodo de f\u00e9rias escolares para fazer uma primeira aproxima\u00e7\u00e3o \u00e0 vida ativa e dessa forma enriquecer a sua experi\u00eancia, ficando com uma vantagem pr\u00e1tica que lhes confere uma maior competitividade no mercado de trabalho.<\/p>\n<p>Dando continuidade \u00e0 sua expans\u00e3o em Portugal e ao refor\u00e7o das equipas, a Norauto tem ainda vagas para os quadros (contratos sem termo), para fun\u00e7\u00f5es de Mec\u00e2nico\/a, Vendedor(a), Supervisor(a), Respons\u00e1vel de Vendas e Respons\u00e1vel de Oficina. Todas as vagas podem ser consultadas no <a href=\"https:\/\/emprego.norauto.pt\/\" target=\"_blank\" rel=\"noopener\">site<\/a>.<\/p>\n<p>&#8220;A Norauto tem como ambi\u00e7\u00e3o continuar o seu plano estrat\u00e9gico adaptado \u00e0s novas tend\u00eancias de mobilidade: viaturas el\u00e9tricas, aut\u00f3nomas e aplica\u00e7\u00f5es de mobilidade, desafios vez mais realistas no mercado autom\u00f3vel e como tal, pretende acompanhar estas novas solu\u00e7\u00f5es atrav\u00e9s da aquisi\u00e7\u00e3o de equipamentos inovadores e de profissionais com compet\u00eancias ajustadas \u00e0s tend\u00eancias do mercado&#8221;, afirmou a empresa em comunicado.<\/p>\n<p>Desde logo, o desenvolvimento dos seus colaboradores \u00e9 assumido como priorit\u00e1rio atrav\u00e9s de programas de desenvolvimento, Coaching, Mentoring e Academias que potenciam o aceleramento das compet\u00eancias das equipas, assim como os percursos de forma\u00e7\u00e3o cada vez mais especializados e orientados para o futuro do setor, que permitem o acesso a conte\u00fados de forma\u00e7\u00e3o mais \u00e1geis, atuais e, sobretudo, mais orientados para as novas gera\u00e7\u00f5es.<\/p>\n<p>Em Portugal a empresa emprega mais de 650 colaboradores e destes, 93% t\u00eam contratos sem termo, o que potencia a estabilidade financeira e emocional das suas pessoas. Paralelamente, a empresa aposta num conjunto de benef\u00edcios extra-salariais, que procuram cobrir o maior n\u00famero de situa\u00e7\u00f5es do dia a dia atrav\u00e9s de seguros, vantagens e descontos alargados ao agregado familiar, assim como pr\u00e9mios diversos, que refletem a preocupa\u00e7\u00e3o constante em assegurar a estabilidade e o bem-estar de todos os colaboradores.<\/p>\n<p>Todos os colaboradores t\u00eam seguro de vida e de sa\u00fade, consultas de psicologia gratuitas e acesso a uma App que promove o bem-estar e um estilo de vida saud\u00e1vel aliado a uma forte componente solid\u00e1ria.<\/p>\n<p>Do ponto de vista do ambiente de trabalho, h\u00e1 uma aposta num ambiente descontra\u00eddo, constante preocupa\u00e7\u00e3o com as condi\u00e7\u00f5es f\u00edsicas de trabalho, de seguran\u00e7a e de bem estar, promovendo momentos de celebra\u00e7\u00e3o. O ambiente fun, com salas equipadas com matraquilhos, playstations ou jogos eletr\u00f3nicos, s\u00e3o tamb\u00e9m alguns exemplos da cultura de esp\u00edrito de equipa e partilha que se vive na Norauto.<\/p>\n<p>&#8220;A pol\u00edtica de recursos humanos baseia-se na proximidade, na transpar\u00eancia e na promo\u00e7\u00e3o da responsabilidade e autonomia das equipas. A aposta no crescimento profissional dos seus colaboradores, traduz-se numa taxa de progress\u00f5es internas superior a 70% das equipas de managers&#8221;, concluiu.<\/p>\n<p>&nbsp;<\/p>\n","protected":false},"excerpt":{"rendered":"<p>A Norauto Portugal lan\u00e7a este m\u00eas&#8230;<\/p>\n","protected":false},"author":15,"featured_media":83407,"comment_status":"closed","ping_status":"closed","sticky":false,"template":"","format":"standard","meta":{"footnotes":""},"categories":[29],"tags":[8707,8710,959,8709,8706,8708,8711],"class_list":["post-83403","post","type-post","status-publish","format-standard","has-post-thumbnail","hentry","category-empresas","tag-70-vagas","tag-funcoes-de-mecanico","tag-norauto","tag-periodo-de-verao","tag-recrutamento-nacional","tag-reforco-de-equipas","tag-vendedor-recepcionista"],"yoast_head":"<!-- This site is optimized with the Yoast SEO plugin v27.5 - https:\/\/yoast.com\/product\/yoast-seo-wordpress\/ -->\n<title>Norauto Portugal lan\u00e7a programa de recrutamento nacional - Jornal das Oficinas<\/title>\n<meta name=\"description\" content=\"A Norauto Portugal lan\u00e7a este m\u00eas um programa de recrutamento nacional para refor\u00e7o das suas equipas, de norte a sul do pa\u00eds\" \/>\n<meta name=\"robots\" content=\"index, follow, max-snippet:-1, max-image-preview:large, max-video-preview:-1\" \/>\n<link rel=\"canonical\" href=\"https:\/\/jornaldasoficinas.com\/pt\/norauto-portugal-lanca-programa-de-recrutamento-nacional\/\" \/>\n<meta property=\"og:locale\" content=\"pt_PT\" \/>\n<meta property=\"og:type\" content=\"article\" \/>\n<meta property=\"og:title\" content=\"Norauto Portugal lan\u00e7a programa de recrutamento nacional - Jornal das Oficinas\" \/>\n<meta property=\"og:description\" content=\"A Norauto Portugal lan\u00e7a este m\u00eas um programa de recrutamento nacional para refor\u00e7o das suas equipas, de norte a sul do pa\u00eds\" \/>\n<meta property=\"og:url\" content=\"https:\/\/jornaldasoficinas.com\/pt\/norauto-portugal-lanca-programa-de-recrutamento-nacional\/\" \/>\n<meta property=\"og:site_name\" content=\"Jornal das Oficinas\" \/>\n<meta property=\"article:publisher\" content=\"https:\/\/www.facebook.com\/jornaloficinas\" \/>\n<meta property=\"article:published_time\" content=\"2024-04-26T13:30:37+00:00\" \/>\n<meta property=\"og:image\" content=\"https:\/\/jornaldasoficinas.com\/pt\/wp-content\/uploads\/2024\/04\/Norauto-Portugal-lanca-programa-de-recrutamento-nacional.png\" \/>\n\t<meta property=\"og:image:width\" content=\"1024\" \/>\n\t<meta property=\"og:image:height\" content=\"581\" \/>\n\t<meta property=\"og:image:type\" content=\"image\/png\" \/>\n<meta name=\"author\" content=\"Reda\u00e7\u00e3o JO\" \/>\n<meta name=\"twitter:card\" content=\"summary_large_image\" \/>\n<meta name=\"twitter:creator\" content=\"@jornaloficinas\" \/>\n<meta name=\"twitter:site\" content=\"@jornaloficinas\" \/>\n<meta name=\"twitter:label1\" content=\"Escrito por\" \/>\n\t<meta name=\"twitter:data1\" content=\"Reda\u00e7\u00e3o JO\" \/>\n\t<meta name=\"twitter:label2\" content=\"Tempo estimado de leitura\" \/>\n\t<meta name=\"twitter:data2\" content=\"4 minutos\" \/>\n<script type=\"application\/ld+json\" class=\"yoast-schema-graph\">{\"@context\":\"https:\\\/\\\/schema.org\",\"@graph\":[{\"@type\":\"Article\",\"@id\":\"https:\\\/\\\/jornaldasoficinas.com\\\/pt\\\/norauto-portugal-lanca-programa-de-recrutamento-nacional\\\/#article\",\"isPartOf\":{\"@id\":\"https:\\\/\\\/jornaldasoficinas.com\\\/pt\\\/norauto-portugal-lanca-programa-de-recrutamento-nacional\\\/\"},\"author\":{\"name\":\"Reda\u00e7\u00e3o JO\",\"@id\":\"https:\\\/\\\/jornaldasoficinas.com\\\/pt\\\/#\\\/schema\\\/person\\\/a38eef5de2c41d9e7c9ac10141afddf3\"},\"headline\":\"Norauto Portugal lan\u00e7a programa de recrutamento nacional\",\"datePublished\":\"2024-04-26T13:30:37+00:00\",\"mainEntityOfPage\":{\"@id\":\"https:\\\/\\\/jornaldasoficinas.com\\\/pt\\\/norauto-portugal-lanca-programa-de-recrutamento-nacional\\\/\"},\"wordCount\":641,\"publisher\":{\"@id\":\"https:\\\/\\\/jornaldasoficinas.com\\\/pt\\\/#organization\"},\"image\":{\"@id\":\"https:\\\/\\\/jornaldasoficinas.com\\\/pt\\\/norauto-portugal-lanca-programa-de-recrutamento-nacional\\\/#primaryimage\"},\"thumbnailUrl\":\"https:\\\/\\\/jornaldasoficinas.com\\\/pt\\\/wp-content\\\/uploads\\\/2024\\\/04\\\/Norauto-Portugal-lanca-programa-de-recrutamento-nacional.png\",\"keywords\":[\"70 vagas\",\"fun\u00e7\u00f5es de mec\u00e2nico\",\"Norauto\",\"per\u00edodo de ver\u00e3o\",\"recrutamento nacional\",\"refor\u00e7o de equipas\",\"vendedor\\\/recepcionista\"],\"articleSection\":[\"Empresas\"],\"inLanguage\":\"pt-PT\"},{\"@type\":\"WebPage\",\"@id\":\"https:\\\/\\\/jornaldasoficinas.com\\\/pt\\\/norauto-portugal-lanca-programa-de-recrutamento-nacional\\\/\",\"url\":\"https:\\\/\\\/jornaldasoficinas.com\\\/pt\\\/norauto-portugal-lanca-programa-de-recrutamento-nacional\\\/\",\"name\":\"Norauto Portugal lan\u00e7a programa de recrutamento nacional - Jornal das Oficinas\",\"isPartOf\":{\"@id\":\"https:\\\/\\\/jornaldasoficinas.com\\\/pt\\\/#website\"},\"primaryImageOfPage\":{\"@id\":\"https:\\\/\\\/jornaldasoficinas.com\\\/pt\\\/norauto-portugal-lanca-programa-de-recrutamento-nacional\\\/#primaryimage\"},\"image\":{\"@id\":\"https:\\\/\\\/jornaldasoficinas.com\\\/pt\\\/norauto-portugal-lanca-programa-de-recrutamento-nacional\\\/#primaryimage\"},\"thumbnailUrl\":\"https:\\\/\\\/jornaldasoficinas.com\\\/pt\\\/wp-content\\\/uploads\\\/2024\\\/04\\\/Norauto-Portugal-lanca-programa-de-recrutamento-nacional.png\",\"datePublished\":\"2024-04-26T13:30:37+00:00\",\"description\":\"A Norauto Portugal lan\u00e7a este m\u00eas um programa de recrutamento nacional para refor\u00e7o das suas equipas, de norte a sul do pa\u00eds\",\"breadcrumb\":{\"@id\":\"https:\\\/\\\/jornaldasoficinas.com\\\/pt\\\/norauto-portugal-lanca-programa-de-recrutamento-nacional\\\/#breadcrumb\"},\"inLanguage\":\"pt-PT\",\"potentialAction\":[{\"@type\":\"ReadAction\",\"target\":[\"https:\\\/\\\/jornaldasoficinas.com\\\/pt\\\/norauto-portugal-lanca-programa-de-recrutamento-nacional\\\/\"]}]},{\"@type\":\"ImageObject\",\"inLanguage\":\"pt-PT\",\"@id\":\"https:\\\/\\\/jornaldasoficinas.com\\\/pt\\\/norauto-portugal-lanca-programa-de-recrutamento-nacional\\\/#primaryimage\",\"url\":\"https:\\\/\\\/jornaldasoficinas.com\\\/pt\\\/wp-content\\\/uploads\\\/2024\\\/04\\\/Norauto-Portugal-lanca-programa-de-recrutamento-nacional.png\",\"contentUrl\":\"https:\\\/\\\/jornaldasoficinas.com\\\/pt\\\/wp-content\\\/uploads\\\/2024\\\/04\\\/Norauto-Portugal-lanca-programa-de-recrutamento-nacional.png\",\"width\":1024,\"height\":581,\"caption\":\"04 - Norauto Portugal lanca programa de recrutamento nacional\"},{\"@type\":\"BreadcrumbList\",\"@id\":\"https:\\\/\\\/jornaldasoficinas.com\\\/pt\\\/norauto-portugal-lanca-programa-de-recrutamento-nacional\\\/#breadcrumb\",\"itemListElement\":[{\"@type\":\"ListItem\",\"position\":1,\"name\":\"In\u00edcio\",\"item\":\"https:\\\/\\\/jornaldasoficinas.com\\\/pt\\\/\"},{\"@type\":\"ListItem\",\"position\":2,\"name\":\"Norauto Portugal lan\u00e7a programa de recrutamento nacional\"}]},{\"@type\":\"WebSite\",\"@id\":\"https:\\\/\\\/jornaldasoficinas.com\\\/pt\\\/#website\",\"url\":\"https:\\\/\\\/jornaldasoficinas.com\\\/pt\\\/\",\"name\":\"Jornal das Oficinas\",\"description\":\"Jornal independente do Aftermarket Autom\u00f3vel em Portugal\",\"publisher\":{\"@id\":\"https:\\\/\\\/jornaldasoficinas.com\\\/pt\\\/#organization\"},\"potentialAction\":[{\"@type\":\"SearchAction\",\"target\":{\"@type\":\"EntryPoint\",\"urlTemplate\":\"https:\\\/\\\/jornaldasoficinas.com\\\/pt\\\/?s={search_term_string}\"},\"query-input\":{\"@type\":\"PropertyValueSpecification\",\"valueRequired\":true,\"valueName\":\"search_term_string\"}}],\"inLanguage\":\"pt-PT\"},{\"@type\":\"Organization\",\"@id\":\"https:\\\/\\\/jornaldasoficinas.com\\\/pt\\\/#organization\",\"name\":\"Jornal das Oficinas\",\"url\":\"https:\\\/\\\/jornaldasoficinas.com\\\/pt\\\/\",\"logo\":{\"@type\":\"ImageObject\",\"inLanguage\":\"pt-PT\",\"@id\":\"https:\\\/\\\/jornaldasoficinas.com\\\/pt\\\/#\\\/schema\\\/logo\\\/image\\\/\",\"url\":\"https:\\\/\\\/jornaldasoficinas.com\\\/pt\\\/wp-content\\\/uploads\\\/logoJO-SEO.png\",\"contentUrl\":\"https:\\\/\\\/jornaldasoficinas.com\\\/pt\\\/wp-content\\\/uploads\\\/logoJO-SEO.png\",\"width\":285,\"height\":450,\"caption\":\"Jornal das Oficinas\"},\"image\":{\"@id\":\"https:\\\/\\\/jornaldasoficinas.com\\\/pt\\\/#\\\/schema\\\/logo\\\/image\\\/\"},\"sameAs\":[\"https:\\\/\\\/www.facebook.com\\\/jornaloficinas\",\"https:\\\/\\\/x.com\\\/jornaloficinas\",\"https:\\\/\\\/www.instagram.com\\\/jornal_oficinas\\\/\",\"https:\\\/\\\/www.linkedin.com\\\/company\\\/jornal-das-oficinas\\\/\",\"https:\\\/\\\/www.youtube.com\\\/channel\\\/UCbQZBqtcvV-oSQrr7RzINGg\"]},{\"@type\":\"Person\",\"@id\":\"https:\\\/\\\/jornaldasoficinas.com\\\/pt\\\/#\\\/schema\\\/person\\\/a38eef5de2c41d9e7c9ac10141afddf3\",\"name\":\"Reda\u00e7\u00e3o JO\",\"image\":{\"@type\":\"ImageObject\",\"inLanguage\":\"pt-PT\",\"@id\":\"https:\\\/\\\/secure.gravatar.com\\\/avatar\\\/71f2fa71737ad68a84fea94bc708ddac8ea5b0c4788dc2ad202f3ccb2887742f?s=96&d=wp_user_avatar&r=g\",\"url\":\"https:\\\/\\\/secure.gravatar.com\\\/avatar\\\/71f2fa71737ad68a84fea94bc708ddac8ea5b0c4788dc2ad202f3ccb2887742f?s=96&d=wp_user_avatar&r=g\",\"contentUrl\":\"https:\\\/\\\/secure.gravatar.com\\\/avatar\\\/71f2fa71737ad68a84fea94bc708ddac8ea5b0c4788dc2ad202f3ccb2887742f?s=96&d=wp_user_avatar&r=g\",\"caption\":\"Reda\u00e7\u00e3o JO\"},\"url\":\"https:\\\/\\\/jornaldasoficinas.com\\\/pt\\\/author\\\/joredacao\\\/\"}]}<\/script>\n<!-- \/ Yoast SEO plugin. -->","yoast_head_json":{"title":"Norauto Portugal lan\u00e7a programa de recrutamento nacional - Jornal das Oficinas","description":"A Norauto Portugal lan\u00e7a este m\u00eas um programa de recrutamento nacional para refor\u00e7o das suas equipas, de norte a sul do pa\u00eds","robots":{"index":"index","follow":"follow","max-snippet":"max-snippet:-1","max-image-preview":"max-image-preview:large","max-video-preview":"max-video-preview:-1"},"canonical":"https:\/\/jornaldasoficinas.com\/pt\/norauto-portugal-lanca-programa-de-recrutamento-nacional\/","og_locale":"pt_PT","og_type":"article","og_title":"Norauto Portugal lan\u00e7a programa de recrutamento nacional - Jornal das Oficinas","og_description":"A Norauto Portugal lan\u00e7a este m\u00eas um programa de recrutamento nacional para refor\u00e7o das suas equipas, de norte a sul do pa\u00eds","og_url":"https:\/\/jornaldasoficinas.com\/pt\/norauto-portugal-lanca-programa-de-recrutamento-nacional\/","og_site_name":"Jornal das Oficinas","article_publisher":"https:\/\/www.facebook.com\/jornaloficinas","article_published_time":"2024-04-26T13:30:37+00:00","og_image":[{"width":1024,"height":581,"url":"https:\/\/jornaldasoficinas.com\/pt\/wp-content\/uploads\/2024\/04\/Norauto-Portugal-lanca-programa-de-recrutamento-nacional.png","type":"image\/png"}],"author":"Reda\u00e7\u00e3o JO","twitter_card":"summary_large_image","twitter_creator":"@jornaloficinas","twitter_site":"@jornaloficinas","twitter_misc":{"Escrito por":"Reda\u00e7\u00e3o JO","Tempo estimado de leitura":"4 minutos"},"schema":{"@context":"https:\/\/schema.org","@graph":[{"@type":"Article","@id":"https:\/\/jornaldasoficinas.com\/pt\/norauto-portugal-lanca-programa-de-recrutamento-nacional\/#article","isPartOf":{"@id":"https:\/\/jornaldasoficinas.com\/pt\/norauto-portugal-lanca-programa-de-recrutamento-nacional\/"},"author":{"name":"Reda\u00e7\u00e3o JO","@id":"https:\/\/jornaldasoficinas.com\/pt\/#\/schema\/person\/a38eef5de2c41d9e7c9ac10141afddf3"},"headline":"Norauto Portugal lan\u00e7a programa de recrutamento nacional","datePublished":"2024-04-26T13:30:37+00:00","mainEntityOfPage":{"@id":"https:\/\/jornaldasoficinas.com\/pt\/norauto-portugal-lanca-programa-de-recrutamento-nacional\/"},"wordCount":641,"publisher":{"@id":"https:\/\/jornaldasoficinas.com\/pt\/#organization"},"image":{"@id":"https:\/\/jornaldasoficinas.com\/pt\/norauto-portugal-lanca-programa-de-recrutamento-nacional\/#primaryimage"},"thumbnailUrl":"https:\/\/jornaldasoficinas.com\/pt\/wp-content\/uploads\/2024\/04\/Norauto-Portugal-lanca-programa-de-recrutamento-nacional.png","keywords":["70 vagas","fun\u00e7\u00f5es de mec\u00e2nico","Norauto","per\u00edodo de ver\u00e3o","recrutamento nacional","refor\u00e7o de equipas","vendedor\/recepcionista"],"articleSection":["Empresas"],"inLanguage":"pt-PT"},{"@type":"WebPage","@id":"https:\/\/jornaldasoficinas.com\/pt\/norauto-portugal-lanca-programa-de-recrutamento-nacional\/","url":"https:\/\/jornaldasoficinas.com\/pt\/norauto-portugal-lanca-programa-de-recrutamento-nacional\/","name":"Norauto Portugal lan\u00e7a programa de recrutamento nacional - Jornal das Oficinas","isPartOf":{"@id":"https:\/\/jornaldasoficinas.com\/pt\/#website"},"primaryImageOfPage":{"@id":"https:\/\/jornaldasoficinas.com\/pt\/norauto-portugal-lanca-programa-de-recrutamento-nacional\/#primaryimage"},"image":{"@id":"https:\/\/jornaldasoficinas.com\/pt\/norauto-portugal-lanca-programa-de-recrutamento-nacional\/#primaryimage"},"thumbnailUrl":"https:\/\/jornaldasoficinas.com\/pt\/wp-content\/uploads\/2024\/04\/Norauto-Portugal-lanca-programa-de-recrutamento-nacional.png","datePublished":"2024-04-26T13:30:37+00:00","description":"A Norauto Portugal lan\u00e7a este m\u00eas um programa de recrutamento nacional para refor\u00e7o das suas equipas, de norte a sul do pa\u00eds","breadcrumb":{"@id":"https:\/\/jornaldasoficinas.com\/pt\/norauto-portugal-lanca-programa-de-recrutamento-nacional\/#breadcrumb"},"inLanguage":"pt-PT","potentialAction":[{"@type":"ReadAction","target":["https:\/\/jornaldasoficinas.com\/pt\/norauto-portugal-lanca-programa-de-recrutamento-nacional\/"]}]},{"@type":"ImageObject","inLanguage":"pt-PT","@id":"https:\/\/jornaldasoficinas.com\/pt\/norauto-portugal-lanca-programa-de-recrutamento-nacional\/#primaryimage","url":"https:\/\/jornaldasoficinas.com\/pt\/wp-content\/uploads\/2024\/04\/Norauto-Portugal-lanca-programa-de-recrutamento-nacional.png","contentUrl":"https:\/\/jornaldasoficinas.com\/pt\/wp-content\/uploads\/2024\/04\/Norauto-Portugal-lanca-programa-de-recrutamento-nacional.png","width":1024,"height":581,"caption":"04 - Norauto Portugal lanca programa de recrutamento nacional"},{"@type":"BreadcrumbList","@id":"https:\/\/jornaldasoficinas.com\/pt\/norauto-portugal-lanca-programa-de-recrutamento-nacional\/#breadcrumb","itemListElement":[{"@type":"ListItem","position":1,"name":"In\u00edcio","item":"https:\/\/jornaldasoficinas.com\/pt\/"},{"@type":"ListItem","position":2,"name":"Norauto Portugal lan\u00e7a programa de recrutamento nacional"}]},{"@type":"WebSite","@id":"https:\/\/jornaldasoficinas.com\/pt\/#website","url":"https:\/\/jornaldasoficinas.com\/pt\/","name":"Jornal das Oficinas","description":"Jornal independente do Aftermarket Autom\u00f3vel em Portugal","publisher":{"@id":"https:\/\/jornaldasoficinas.com\/pt\/#organization"},"potentialAction":[{"@type":"SearchAction","target":{"@type":"EntryPoint","urlTemplate":"https:\/\/jornaldasoficinas.com\/pt\/?s={search_term_string}"},"query-input":{"@type":"PropertyValueSpecification","valueRequired":true,"valueName":"search_term_string"}}],"inLanguage":"pt-PT"},{"@type":"Organization","@id":"https:\/\/jornaldasoficinas.com\/pt\/#organization","name":"Jornal das Oficinas","url":"https:\/\/jornaldasoficinas.com\/pt\/","logo":{"@type":"ImageObject","inLanguage":"pt-PT","@id":"https:\/\/jornaldasoficinas.com\/pt\/#\/schema\/logo\/image\/","url":"https:\/\/jornaldasoficinas.com\/pt\/wp-content\/uploads\/logoJO-SEO.png","contentUrl":"https:\/\/jornaldasoficinas.com\/pt\/wp-content\/uploads\/logoJO-SEO.png","width":285,"height":450,"caption":"Jornal das Oficinas"},"image":{"@id":"https:\/\/jornaldasoficinas.com\/pt\/#\/schema\/logo\/image\/"},"sameAs":["https:\/\/www.facebook.com\/jornaloficinas","https:\/\/x.com\/jornaloficinas","https:\/\/www.instagram.com\/jornal_oficinas\/","https:\/\/www.linkedin.com\/company\/jornal-das-oficinas\/","https:\/\/www.youtube.com\/channel\/UCbQZBqtcvV-oSQrr7RzINGg"]},{"@type":"Person","@id":"https:\/\/jornaldasoficinas.com\/pt\/#\/schema\/person\/a38eef5de2c41d9e7c9ac10141afddf3","name":"Reda\u00e7\u00e3o JO","image":{"@type":"ImageObject","inLanguage":"pt-PT","@id":"https:\/\/secure.gravatar.com\/avatar\/71f2fa71737ad68a84fea94bc708ddac8ea5b0c4788dc2ad202f3ccb2887742f?s=96&d=wp_user_avatar&r=g","url":"https:\/\/secure.gravatar.com\/avatar\/71f2fa71737ad68a84fea94bc708ddac8ea5b0c4788dc2ad202f3ccb2887742f?s=96&d=wp_user_avatar&r=g","contentUrl":"https:\/\/secure.gravatar.com\/avatar\/71f2fa71737ad68a84fea94bc708ddac8ea5b0c4788dc2ad202f3ccb2887742f?s=96&d=wp_user_avatar&r=g","caption":"Reda\u00e7\u00e3o JO"},"url":"https:\/\/jornaldasoficinas.com\/pt\/author\/joredacao\/"}]}},"_links":{"self":[{"href":"https:\/\/jornaldasoficinas.com\/pt\/wp-json\/wp\/v2\/posts\/83403","targetHints":{"allow":["GET"]}}],"collection":[{"href":"https:\/\/jornaldasoficinas.com\/pt\/wp-json\/wp\/v2\/posts"}],"about":[{"href":"https:\/\/jornaldasoficinas.com\/pt\/wp-json\/wp\/v2\/types\/post"}],"author":[{"embeddable":true,"href":"https:\/\/jornaldasoficinas.com\/pt\/wp-json\/wp\/v2\/users\/15"}],"replies":[{"embeddable":true,"href":"https:\/\/jornaldasoficinas.com\/pt\/wp-json\/wp\/v2\/comments?post=83403"}],"version-history":[{"count":0,"href":"https:\/\/jornaldasoficinas.com\/pt\/wp-json\/wp\/v2\/posts\/83403\/revisions"}],"wp:featuredmedia":[{"embeddable":true,"href":"https:\/\/jornaldasoficinas.com\/pt\/wp-json\/wp\/v2\/media\/83407"}],"wp:attachment":[{"href":"https:\/\/jornaldasoficinas.com\/pt\/wp-json\/wp\/v2\/media?parent=83403"}],"wp:term":[{"taxonomy":"category","embeddable":true,"href":"https:\/\/jornaldasoficinas.com\/pt\/wp-json\/wp\/v2\/categories?post=83403"},{"taxonomy":"post_tag","embeddable":true,"href":"https:\/\/jornaldasoficinas.com\/pt\/wp-json\/wp\/v2\/tags?post=83403"}],"curies":[{"name":"wp","href":"https:\/\/api.w.org\/{rel}","templated":true}]}}