{"id":83597,"date":"2024-04-28T21:45:44","date_gmt":"2024-04-28T20:45:44","guid":{"rendered":"https:\/\/jornaldasoficinas.com\/pt\/?p=83597"},"modified":"2024-04-28T21:31:28","modified_gmt":"2024-04-28T20:31:28","slug":"lei-dos-dados-ainda-e-incompleta","status":"publish","type":"post","link":"https:\/\/jornaldasoficinas.com\/pt\/lei-dos-dados-ainda-e-incompleta\/","title":{"rendered":"Lei dos Dados ainda \u00e9 incompleta!"},"content":{"rendered":"<p><img loading=\"lazy\" decoding=\"async\" class=\"alignnone size-full wp-image-83596\" src=\"https:\/\/jornaldasoficinas.com\/pt\/wp-content\/uploads\/2024\/04\/Ralf-Pelkmann.jpeg\" alt=\"04 - Ralf Pelkmann\" width=\"1024\" height=\"581\" srcset=\"https:\/\/jornaldasoficinas.com\/pt\/wp-content\/uploads\/2024\/04\/Ralf-Pelkmann.jpeg 1024w, https:\/\/jornaldasoficinas.com\/pt\/wp-content\/uploads\/2024\/04\/Ralf-Pelkmann-300x170.jpeg 300w, https:\/\/jornaldasoficinas.com\/pt\/wp-content\/uploads\/2024\/04\/Ralf-Pelkmann-150x85.jpeg 150w, https:\/\/jornaldasoficinas.com\/pt\/wp-content\/uploads\/2024\/04\/Ralf-Pelkmann-768x436.jpeg 768w\" sizes=\"auto, (max-width: 1024px) 100vw, 1024px\" \/><\/p>\n<p><strong>A Lei dos Dados (Data Act), recentemente adotada pela Uni\u00e3o Europeia \u201cabriu caminho na dire\u00e7\u00e3o certa, mas continua a ser incompleta para a realidade e complexidade dos ve\u00edculos modernos, permitindo que os construtores beneficiem de uma posi\u00e7\u00e3o de guardi\u00e3o completamente indevida\u201d, assegurou-nos Ralf Pelkmann<\/strong><\/p>\n<p>\u00c9 de salientar que a ADPA tem solicitado ativamente \u00e0 Comiss\u00e3o Europeia que apresente uma proposta que assegure que o mercado independente de p\u00f3s-venda possa ter esse acesso, permitindo-lhe desenvolver servi\u00e7os e solu\u00e7\u00f5es inovadores e competitivos.<\/p>\n<p>No que diz respeito \u00e0 nova norma Euro 7, tal como acontece na ciberseguran\u00e7a, \u201ccabe tamb\u00e9m aos fabricantes de ve\u00edculos demonstrar que a reten\u00e7\u00e3o de informa\u00e7\u00f5es relevantes necess\u00e1rias para a realiza\u00e7\u00e3o de trabalhos contribuiria para o cumprimento da norma Euro 7 &#8211; o \u00f3nus da prova recai sobre eles e ser\u00e1 dif\u00edcil justificar a reten\u00e7\u00e3o de informa\u00e7\u00f5es t\u00e3o cruciais\u201d, disse-nos Pierre Thibaudat, secundado por Pelkmann, que acredita que apesar de haver \u201cum forte impulso para a descarboniza\u00e7\u00e3o do transporte rodovi\u00e1rio\u201d, isso pode n\u00e3o significar o fim do motor de combust\u00e3o interna.<\/p>\n<p>J\u00e1 sobre a Intelig\u00eancia Artificial (IA), o respons\u00e1vel m\u00e1ximo da ADPA entende que esta ainda est\u00e1 \u201cna sua fase inicial\u201d e o seu potencial \u201cuma vez explorado, pode, de facto, ser muito grande e sem precedentes\u201d, sendo o caso de uso mais frequente a manuten\u00e7\u00e3o preditiva. \u201cAtrav\u00e9s da an\u00e1lise dos dados recolhidos pelos sensores de numerosos ve\u00edculos, a IA poderia ajudar a determinar antecipadamente quando e que trabalhos espec\u00edficos de repara\u00e7\u00e3o e manuten\u00e7\u00e3o ser\u00e3o necess\u00e1rios para um ve\u00edculo espec\u00edfico\u201d. A IA permitiria ainda \u201crepensar completamente a experi\u00eancia do cliente, propondo servi\u00e7os mais direcionados e personalizados\u201d, algo fundamental para que o mercado independente de p\u00f3s-venda autom\u00f3vel se mantenha \u201ccompetitivo\u201d.<\/p>\n","protected":false},"excerpt":{"rendered":"<p>A Lei dos Dados (Data Act),&#8230;<\/p>\n","protected":false},"author":15,"featured_media":83596,"comment_status":"closed","ping_status":"closed","sticky":false,"template":"","format":"standard","meta":{"footnotes":""},"categories":[37],"tags":[2879,1655,5770,1087,6581,7583,7582,1819,8123],"class_list":["post-83597","post","type-post","status-publish","format-standard","has-post-thumbnail","hentry","category-mercado","tag-adpa","tag-comissao-europeia","tag-data-act","tag-inteligencia-artificial","tag-lei-dos-dados","tag-pierre-thibaudat","tag-ralf-pelkmann","tag-uniao-europeia","tag-veiculos-modernos"],"yoast_head":"<!-- This site is optimized with the Yoast SEO plugin v27.4 - https:\/\/yoast.com\/product\/yoast-seo-wordpress\/ -->\n<title>Lei dos Dados ainda \u00e9 incompleta! - Jornal das Oficinas<\/title>\n<meta name=\"description\" content=\"A Lei dos Dados, \u201cabriu caminho na dire\u00e7\u00e3o certa, mas continua a ser incompleta para a realidade e complexidade dos ve\u00edculos modernos\" \/>\n<meta name=\"robots\" content=\"index, follow, max-snippet:-1, max-image-preview:large, max-video-preview:-1\" \/>\n<link rel=\"canonical\" href=\"https:\/\/jornaldasoficinas.com\/pt\/lei-dos-dados-ainda-e-incompleta\/\" \/>\n<meta property=\"og:locale\" content=\"pt_PT\" \/>\n<meta property=\"og:type\" content=\"article\" \/>\n<meta property=\"og:title\" content=\"Lei dos Dados ainda \u00e9 incompleta! - Jornal das Oficinas\" \/>\n<meta property=\"og:description\" content=\"A Lei dos Dados, \u201cabriu caminho na dire\u00e7\u00e3o certa, mas continua a ser incompleta para a realidade e complexidade dos ve\u00edculos modernos\" \/>\n<meta property=\"og:url\" content=\"https:\/\/jornaldasoficinas.com\/pt\/lei-dos-dados-ainda-e-incompleta\/\" \/>\n<meta property=\"og:site_name\" content=\"Jornal das Oficinas\" \/>\n<meta property=\"article:publisher\" content=\"https:\/\/www.facebook.com\/jornaloficinas\" \/>\n<meta property=\"article:published_time\" content=\"2024-04-28T20:45:44+00:00\" \/>\n<meta property=\"og:image\" content=\"https:\/\/jornaldasoficinas.com\/pt\/wp-content\/uploads\/2024\/04\/Ralf-Pelkmann.jpeg\" \/>\n\t<meta property=\"og:image:width\" content=\"1024\" \/>\n\t<meta property=\"og:image:height\" content=\"581\" \/>\n\t<meta property=\"og:image:type\" content=\"image\/jpeg\" \/>\n<meta name=\"author\" content=\"Reda\u00e7\u00e3o JO\" \/>\n<meta name=\"twitter:card\" content=\"summary_large_image\" \/>\n<meta name=\"twitter:creator\" content=\"@jornaloficinas\" \/>\n<meta name=\"twitter:site\" content=\"@jornaloficinas\" \/>\n<meta name=\"twitter:label1\" content=\"Escrito por\" \/>\n\t<meta name=\"twitter:data1\" content=\"Reda\u00e7\u00e3o JO\" \/>\n\t<meta name=\"twitter:label2\" content=\"Tempo estimado de leitura\" \/>\n\t<meta name=\"twitter:data2\" content=\"2 minutos\" \/>\n<script type=\"application\/ld+json\" class=\"yoast-schema-graph\">{\"@context\":\"https:\\\/\\\/schema.org\",\"@graph\":[{\"@type\":\"Article\",\"@id\":\"https:\\\/\\\/jornaldasoficinas.com\\\/pt\\\/lei-dos-dados-ainda-e-incompleta\\\/#article\",\"isPartOf\":{\"@id\":\"https:\\\/\\\/jornaldasoficinas.com\\\/pt\\\/lei-dos-dados-ainda-e-incompleta\\\/\"},\"author\":{\"name\":\"Reda\u00e7\u00e3o JO\",\"@id\":\"https:\\\/\\\/jornaldasoficinas.com\\\/pt\\\/#\\\/schema\\\/person\\\/a38eef5de2c41d9e7c9ac10141afddf3\"},\"headline\":\"Lei dos Dados ainda \u00e9 incompleta!\",\"datePublished\":\"2024-04-28T20:45:44+00:00\",\"mainEntityOfPage\":{\"@id\":\"https:\\\/\\\/jornaldasoficinas.com\\\/pt\\\/lei-dos-dados-ainda-e-incompleta\\\/\"},\"wordCount\":321,\"publisher\":{\"@id\":\"https:\\\/\\\/jornaldasoficinas.com\\\/pt\\\/#organization\"},\"image\":{\"@id\":\"https:\\\/\\\/jornaldasoficinas.com\\\/pt\\\/lei-dos-dados-ainda-e-incompleta\\\/#primaryimage\"},\"thumbnailUrl\":\"https:\\\/\\\/jornaldasoficinas.com\\\/pt\\\/wp-content\\\/uploads\\\/2024\\\/04\\\/Ralf-Pelkmann.jpeg\",\"keywords\":[\"ADPA\",\"Comiss\u00e3o Europeia\",\"DATA ACT\",\"Intelig\u00eancia artificial\",\"Lei dos dados\",\"Pierre Thibaudat\",\"Ralf Pelkmann\",\"Uni\u00e3o Europeia\",\"ve\u00edculos modernos\"],\"articleSection\":[\"Mercado\"],\"inLanguage\":\"pt-PT\"},{\"@type\":\"WebPage\",\"@id\":\"https:\\\/\\\/jornaldasoficinas.com\\\/pt\\\/lei-dos-dados-ainda-e-incompleta\\\/\",\"url\":\"https:\\\/\\\/jornaldasoficinas.com\\\/pt\\\/lei-dos-dados-ainda-e-incompleta\\\/\",\"name\":\"Lei dos Dados ainda \u00e9 incompleta! - Jornal das Oficinas\",\"isPartOf\":{\"@id\":\"https:\\\/\\\/jornaldasoficinas.com\\\/pt\\\/#website\"},\"primaryImageOfPage\":{\"@id\":\"https:\\\/\\\/jornaldasoficinas.com\\\/pt\\\/lei-dos-dados-ainda-e-incompleta\\\/#primaryimage\"},\"image\":{\"@id\":\"https:\\\/\\\/jornaldasoficinas.com\\\/pt\\\/lei-dos-dados-ainda-e-incompleta\\\/#primaryimage\"},\"thumbnailUrl\":\"https:\\\/\\\/jornaldasoficinas.com\\\/pt\\\/wp-content\\\/uploads\\\/2024\\\/04\\\/Ralf-Pelkmann.jpeg\",\"datePublished\":\"2024-04-28T20:45:44+00:00\",\"description\":\"A Lei dos Dados, \u201cabriu caminho na dire\u00e7\u00e3o certa, mas continua a ser incompleta para a realidade e complexidade dos ve\u00edculos modernos\",\"breadcrumb\":{\"@id\":\"https:\\\/\\\/jornaldasoficinas.com\\\/pt\\\/lei-dos-dados-ainda-e-incompleta\\\/#breadcrumb\"},\"inLanguage\":\"pt-PT\",\"potentialAction\":[{\"@type\":\"ReadAction\",\"target\":[\"https:\\\/\\\/jornaldasoficinas.com\\\/pt\\\/lei-dos-dados-ainda-e-incompleta\\\/\"]}]},{\"@type\":\"ImageObject\",\"inLanguage\":\"pt-PT\",\"@id\":\"https:\\\/\\\/jornaldasoficinas.com\\\/pt\\\/lei-dos-dados-ainda-e-incompleta\\\/#primaryimage\",\"url\":\"https:\\\/\\\/jornaldasoficinas.com\\\/pt\\\/wp-content\\\/uploads\\\/2024\\\/04\\\/Ralf-Pelkmann.jpeg\",\"contentUrl\":\"https:\\\/\\\/jornaldasoficinas.com\\\/pt\\\/wp-content\\\/uploads\\\/2024\\\/04\\\/Ralf-Pelkmann.jpeg\",\"width\":1024,\"height\":581,\"caption\":\"04 - Ralf Pelkmann\"},{\"@type\":\"BreadcrumbList\",\"@id\":\"https:\\\/\\\/jornaldasoficinas.com\\\/pt\\\/lei-dos-dados-ainda-e-incompleta\\\/#breadcrumb\",\"itemListElement\":[{\"@type\":\"ListItem\",\"position\":1,\"name\":\"In\u00edcio\",\"item\":\"https:\\\/\\\/jornaldasoficinas.com\\\/pt\\\/\"},{\"@type\":\"ListItem\",\"position\":2,\"name\":\"Lei dos Dados ainda \u00e9 incompleta!\"}]},{\"@type\":\"WebSite\",\"@id\":\"https:\\\/\\\/jornaldasoficinas.com\\\/pt\\\/#website\",\"url\":\"https:\\\/\\\/jornaldasoficinas.com\\\/pt\\\/\",\"name\":\"Jornal das Oficinas\",\"description\":\"Jornal independente do Aftermarket Autom\u00f3vel em Portugal\",\"publisher\":{\"@id\":\"https:\\\/\\\/jornaldasoficinas.com\\\/pt\\\/#organization\"},\"potentialAction\":[{\"@type\":\"SearchAction\",\"target\":{\"@type\":\"EntryPoint\",\"urlTemplate\":\"https:\\\/\\\/jornaldasoficinas.com\\\/pt\\\/?s={search_term_string}\"},\"query-input\":{\"@type\":\"PropertyValueSpecification\",\"valueRequired\":true,\"valueName\":\"search_term_string\"}}],\"inLanguage\":\"pt-PT\"},{\"@type\":\"Organization\",\"@id\":\"https:\\\/\\\/jornaldasoficinas.com\\\/pt\\\/#organization\",\"name\":\"Jornal das Oficinas\",\"url\":\"https:\\\/\\\/jornaldasoficinas.com\\\/pt\\\/\",\"logo\":{\"@type\":\"ImageObject\",\"inLanguage\":\"pt-PT\",\"@id\":\"https:\\\/\\\/jornaldasoficinas.com\\\/pt\\\/#\\\/schema\\\/logo\\\/image\\\/\",\"url\":\"https:\\\/\\\/jornaldasoficinas.com\\\/pt\\\/wp-content\\\/uploads\\\/logoJO-SEO.png\",\"contentUrl\":\"https:\\\/\\\/jornaldasoficinas.com\\\/pt\\\/wp-content\\\/uploads\\\/logoJO-SEO.png\",\"width\":285,\"height\":450,\"caption\":\"Jornal das Oficinas\"},\"image\":{\"@id\":\"https:\\\/\\\/jornaldasoficinas.com\\\/pt\\\/#\\\/schema\\\/logo\\\/image\\\/\"},\"sameAs\":[\"https:\\\/\\\/www.facebook.com\\\/jornaloficinas\",\"https:\\\/\\\/x.com\\\/jornaloficinas\",\"https:\\\/\\\/www.instagram.com\\\/jornal_oficinas\\\/\",\"https:\\\/\\\/www.linkedin.com\\\/company\\\/jornal-das-oficinas\\\/\",\"https:\\\/\\\/www.youtube.com\\\/channel\\\/UCbQZBqtcvV-oSQrr7RzINGg\"]},{\"@type\":\"Person\",\"@id\":\"https:\\\/\\\/jornaldasoficinas.com\\\/pt\\\/#\\\/schema\\\/person\\\/a38eef5de2c41d9e7c9ac10141afddf3\",\"name\":\"Reda\u00e7\u00e3o JO\",\"image\":{\"@type\":\"ImageObject\",\"inLanguage\":\"pt-PT\",\"@id\":\"https:\\\/\\\/secure.gravatar.com\\\/avatar\\\/71f2fa71737ad68a84fea94bc708ddac8ea5b0c4788dc2ad202f3ccb2887742f?s=96&d=wp_user_avatar&r=g\",\"url\":\"https:\\\/\\\/secure.gravatar.com\\\/avatar\\\/71f2fa71737ad68a84fea94bc708ddac8ea5b0c4788dc2ad202f3ccb2887742f?s=96&d=wp_user_avatar&r=g\",\"contentUrl\":\"https:\\\/\\\/secure.gravatar.com\\\/avatar\\\/71f2fa71737ad68a84fea94bc708ddac8ea5b0c4788dc2ad202f3ccb2887742f?s=96&d=wp_user_avatar&r=g\",\"caption\":\"Reda\u00e7\u00e3o JO\"},\"url\":\"https:\\\/\\\/jornaldasoficinas.com\\\/pt\\\/author\\\/joredacao\\\/\"}]}<\/script>\n<!-- \/ Yoast SEO plugin. -->","yoast_head_json":{"title":"Lei dos Dados ainda \u00e9 incompleta! - Jornal das Oficinas","description":"A Lei dos Dados, \u201cabriu caminho na dire\u00e7\u00e3o certa, mas continua a ser incompleta para a realidade e complexidade dos ve\u00edculos modernos","robots":{"index":"index","follow":"follow","max-snippet":"max-snippet:-1","max-image-preview":"max-image-preview:large","max-video-preview":"max-video-preview:-1"},"canonical":"https:\/\/jornaldasoficinas.com\/pt\/lei-dos-dados-ainda-e-incompleta\/","og_locale":"pt_PT","og_type":"article","og_title":"Lei dos Dados ainda \u00e9 incompleta! - Jornal das Oficinas","og_description":"A Lei dos Dados, \u201cabriu caminho na dire\u00e7\u00e3o certa, mas continua a ser incompleta para a realidade e complexidade dos ve\u00edculos modernos","og_url":"https:\/\/jornaldasoficinas.com\/pt\/lei-dos-dados-ainda-e-incompleta\/","og_site_name":"Jornal das Oficinas","article_publisher":"https:\/\/www.facebook.com\/jornaloficinas","article_published_time":"2024-04-28T20:45:44+00:00","og_image":[{"width":1024,"height":581,"url":"https:\/\/jornaldasoficinas.com\/pt\/wp-content\/uploads\/2024\/04\/Ralf-Pelkmann.jpeg","type":"image\/jpeg"}],"author":"Reda\u00e7\u00e3o JO","twitter_card":"summary_large_image","twitter_creator":"@jornaloficinas","twitter_site":"@jornaloficinas","twitter_misc":{"Escrito por":"Reda\u00e7\u00e3o JO","Tempo estimado de leitura":"2 minutos"},"schema":{"@context":"https:\/\/schema.org","@graph":[{"@type":"Article","@id":"https:\/\/jornaldasoficinas.com\/pt\/lei-dos-dados-ainda-e-incompleta\/#article","isPartOf":{"@id":"https:\/\/jornaldasoficinas.com\/pt\/lei-dos-dados-ainda-e-incompleta\/"},"author":{"name":"Reda\u00e7\u00e3o JO","@id":"https:\/\/jornaldasoficinas.com\/pt\/#\/schema\/person\/a38eef5de2c41d9e7c9ac10141afddf3"},"headline":"Lei dos Dados ainda \u00e9 incompleta!","datePublished":"2024-04-28T20:45:44+00:00","mainEntityOfPage":{"@id":"https:\/\/jornaldasoficinas.com\/pt\/lei-dos-dados-ainda-e-incompleta\/"},"wordCount":321,"publisher":{"@id":"https:\/\/jornaldasoficinas.com\/pt\/#organization"},"image":{"@id":"https:\/\/jornaldasoficinas.com\/pt\/lei-dos-dados-ainda-e-incompleta\/#primaryimage"},"thumbnailUrl":"https:\/\/jornaldasoficinas.com\/pt\/wp-content\/uploads\/2024\/04\/Ralf-Pelkmann.jpeg","keywords":["ADPA","Comiss\u00e3o Europeia","DATA ACT","Intelig\u00eancia artificial","Lei dos dados","Pierre Thibaudat","Ralf Pelkmann","Uni\u00e3o Europeia","ve\u00edculos modernos"],"articleSection":["Mercado"],"inLanguage":"pt-PT"},{"@type":"WebPage","@id":"https:\/\/jornaldasoficinas.com\/pt\/lei-dos-dados-ainda-e-incompleta\/","url":"https:\/\/jornaldasoficinas.com\/pt\/lei-dos-dados-ainda-e-incompleta\/","name":"Lei dos Dados ainda \u00e9 incompleta! - Jornal das Oficinas","isPartOf":{"@id":"https:\/\/jornaldasoficinas.com\/pt\/#website"},"primaryImageOfPage":{"@id":"https:\/\/jornaldasoficinas.com\/pt\/lei-dos-dados-ainda-e-incompleta\/#primaryimage"},"image":{"@id":"https:\/\/jornaldasoficinas.com\/pt\/lei-dos-dados-ainda-e-incompleta\/#primaryimage"},"thumbnailUrl":"https:\/\/jornaldasoficinas.com\/pt\/wp-content\/uploads\/2024\/04\/Ralf-Pelkmann.jpeg","datePublished":"2024-04-28T20:45:44+00:00","description":"A Lei dos Dados, \u201cabriu caminho na dire\u00e7\u00e3o certa, mas continua a ser incompleta para a realidade e complexidade dos ve\u00edculos modernos","breadcrumb":{"@id":"https:\/\/jornaldasoficinas.com\/pt\/lei-dos-dados-ainda-e-incompleta\/#breadcrumb"},"inLanguage":"pt-PT","potentialAction":[{"@type":"ReadAction","target":["https:\/\/jornaldasoficinas.com\/pt\/lei-dos-dados-ainda-e-incompleta\/"]}]},{"@type":"ImageObject","inLanguage":"pt-PT","@id":"https:\/\/jornaldasoficinas.com\/pt\/lei-dos-dados-ainda-e-incompleta\/#primaryimage","url":"https:\/\/jornaldasoficinas.com\/pt\/wp-content\/uploads\/2024\/04\/Ralf-Pelkmann.jpeg","contentUrl":"https:\/\/jornaldasoficinas.com\/pt\/wp-content\/uploads\/2024\/04\/Ralf-Pelkmann.jpeg","width":1024,"height":581,"caption":"04 - Ralf Pelkmann"},{"@type":"BreadcrumbList","@id":"https:\/\/jornaldasoficinas.com\/pt\/lei-dos-dados-ainda-e-incompleta\/#breadcrumb","itemListElement":[{"@type":"ListItem","position":1,"name":"In\u00edcio","item":"https:\/\/jornaldasoficinas.com\/pt\/"},{"@type":"ListItem","position":2,"name":"Lei dos Dados ainda \u00e9 incompleta!"}]},{"@type":"WebSite","@id":"https:\/\/jornaldasoficinas.com\/pt\/#website","url":"https:\/\/jornaldasoficinas.com\/pt\/","name":"Jornal das Oficinas","description":"Jornal independente do Aftermarket Autom\u00f3vel em Portugal","publisher":{"@id":"https:\/\/jornaldasoficinas.com\/pt\/#organization"},"potentialAction":[{"@type":"SearchAction","target":{"@type":"EntryPoint","urlTemplate":"https:\/\/jornaldasoficinas.com\/pt\/?s={search_term_string}"},"query-input":{"@type":"PropertyValueSpecification","valueRequired":true,"valueName":"search_term_string"}}],"inLanguage":"pt-PT"},{"@type":"Organization","@id":"https:\/\/jornaldasoficinas.com\/pt\/#organization","name":"Jornal das Oficinas","url":"https:\/\/jornaldasoficinas.com\/pt\/","logo":{"@type":"ImageObject","inLanguage":"pt-PT","@id":"https:\/\/jornaldasoficinas.com\/pt\/#\/schema\/logo\/image\/","url":"https:\/\/jornaldasoficinas.com\/pt\/wp-content\/uploads\/logoJO-SEO.png","contentUrl":"https:\/\/jornaldasoficinas.com\/pt\/wp-content\/uploads\/logoJO-SEO.png","width":285,"height":450,"caption":"Jornal das Oficinas"},"image":{"@id":"https:\/\/jornaldasoficinas.com\/pt\/#\/schema\/logo\/image\/"},"sameAs":["https:\/\/www.facebook.com\/jornaloficinas","https:\/\/x.com\/jornaloficinas","https:\/\/www.instagram.com\/jornal_oficinas\/","https:\/\/www.linkedin.com\/company\/jornal-das-oficinas\/","https:\/\/www.youtube.com\/channel\/UCbQZBqtcvV-oSQrr7RzINGg"]},{"@type":"Person","@id":"https:\/\/jornaldasoficinas.com\/pt\/#\/schema\/person\/a38eef5de2c41d9e7c9ac10141afddf3","name":"Reda\u00e7\u00e3o JO","image":{"@type":"ImageObject","inLanguage":"pt-PT","@id":"https:\/\/secure.gravatar.com\/avatar\/71f2fa71737ad68a84fea94bc708ddac8ea5b0c4788dc2ad202f3ccb2887742f?s=96&d=wp_user_avatar&r=g","url":"https:\/\/secure.gravatar.com\/avatar\/71f2fa71737ad68a84fea94bc708ddac8ea5b0c4788dc2ad202f3ccb2887742f?s=96&d=wp_user_avatar&r=g","contentUrl":"https:\/\/secure.gravatar.com\/avatar\/71f2fa71737ad68a84fea94bc708ddac8ea5b0c4788dc2ad202f3ccb2887742f?s=96&d=wp_user_avatar&r=g","caption":"Reda\u00e7\u00e3o JO"},"url":"https:\/\/jornaldasoficinas.com\/pt\/author\/joredacao\/"}]}},"_links":{"self":[{"href":"https:\/\/jornaldasoficinas.com\/pt\/wp-json\/wp\/v2\/posts\/83597","targetHints":{"allow":["GET"]}}],"collection":[{"href":"https:\/\/jornaldasoficinas.com\/pt\/wp-json\/wp\/v2\/posts"}],"about":[{"href":"https:\/\/jornaldasoficinas.com\/pt\/wp-json\/wp\/v2\/types\/post"}],"author":[{"embeddable":true,"href":"https:\/\/jornaldasoficinas.com\/pt\/wp-json\/wp\/v2\/users\/15"}],"replies":[{"embeddable":true,"href":"https:\/\/jornaldasoficinas.com\/pt\/wp-json\/wp\/v2\/comments?post=83597"}],"version-history":[{"count":0,"href":"https:\/\/jornaldasoficinas.com\/pt\/wp-json\/wp\/v2\/posts\/83597\/revisions"}],"wp:featuredmedia":[{"embeddable":true,"href":"https:\/\/jornaldasoficinas.com\/pt\/wp-json\/wp\/v2\/media\/83596"}],"wp:attachment":[{"href":"https:\/\/jornaldasoficinas.com\/pt\/wp-json\/wp\/v2\/media?parent=83597"}],"wp:term":[{"taxonomy":"category","embeddable":true,"href":"https:\/\/jornaldasoficinas.com\/pt\/wp-json\/wp\/v2\/categories?post=83597"},{"taxonomy":"post_tag","embeddable":true,"href":"https:\/\/jornaldasoficinas.com\/pt\/wp-json\/wp\/v2\/tags?post=83597"}],"curies":[{"name":"wp","href":"https:\/\/api.w.org\/{rel}","templated":true}]}}