{"id":83703,"date":"2024-05-02T10:00:55","date_gmt":"2024-05-02T09:00:55","guid":{"rendered":"https:\/\/jornaldasoficinas.com\/pt\/?p=83703"},"modified":"2024-04-29T15:50:37","modified_gmt":"2024-04-29T14:50:37","slug":"faltam-6-meses-para-3-edicao-global-mobility-call-2024","status":"publish","type":"post","link":"https:\/\/jornaldasoficinas.com\/pt\/faltam-6-meses-para-3-edicao-global-mobility-call-2024\/","title":{"rendered":"Faltam 6 meses para a 3\u00aa edi\u00e7\u00e3o Global Mobility Call 2024!"},"content":{"rendered":"<p><img loading=\"lazy\" decoding=\"async\" class=\"alignnone size-full wp-image-83706\" src=\"https:\/\/jornaldasoficinas.com\/pt\/wp-content\/uploads\/2024\/04\/Global-Mobility-Call-2024-vai-reunir-especialistas-e-lideres-internacionais.jpg\" alt=\"04 - Global Mobility Call 2024 vai reunir especialistas e lideres internacionais\" width=\"1024\" height=\"581\" srcset=\"https:\/\/jornaldasoficinas.com\/pt\/wp-content\/uploads\/2024\/04\/Global-Mobility-Call-2024-vai-reunir-especialistas-e-lideres-internacionais.jpg 1024w, https:\/\/jornaldasoficinas.com\/pt\/wp-content\/uploads\/2024\/04\/Global-Mobility-Call-2024-vai-reunir-especialistas-e-lideres-internacionais-300x170.jpg 300w, https:\/\/jornaldasoficinas.com\/pt\/wp-content\/uploads\/2024\/04\/Global-Mobility-Call-2024-vai-reunir-especialistas-e-lideres-internacionais-150x85.jpg 150w, https:\/\/jornaldasoficinas.com\/pt\/wp-content\/uploads\/2024\/04\/Global-Mobility-Call-2024-vai-reunir-especialistas-e-lideres-internacionais-768x436.jpg 768w\" sizes=\"auto, (max-width: 1024px) 100vw, 1024px\" \/><\/p>\n<p><strong>A terceira edi\u00e7\u00e3o do <a href=\"https:\/\/www.ifema.es\/en\/global-mobility-call\" target=\"_blank\" rel=\"noopener\">Global Mobility Call 2024<\/a>, a decorrer de 19 a 21 de novembro de 2024, vai dar destaque a sete temas que abordam os desafios e aspetos mais relevantes da mobilidade sustent\u00e1vel<\/strong><\/p>\n<p>A terceira edi\u00e7\u00e3o do Global Mobility Call, o principal evento internacional para o ecossistema de mobilidade sustent\u00e1vel, organizado pela <a href=\"https:\/\/www.ifema.es\/en\">IFEMA MADRID<\/a> e <a href=\"https:\/\/smobhub.com\/\">Smobhub<\/a>, ter\u00e1 lugar em Madrid de 19 a 21 de novembro de 2024.<\/p>\n<p>Ir\u00e1 incluir uma \u00e1rea de exposi\u00e7\u00e3o &#8211; GMC Expo &#8211; com as \u00faltimas novidades, inova\u00e7\u00f5es e avan\u00e7os na \u00e1rea de mobilidade, al\u00e9m de uma \u00e1rea de congressos &#8211; GMC Congress &#8211; com a agenda de conte\u00fados mais relevantes do momento. Este \u00faltimo abordar\u00e1 os desafios e solu\u00e7\u00f5es atuais e futuros para uma mobilidade mais limpa, mais segura, conectada e equitativa atrav\u00e9s de 7 itiner\u00e1rios tem\u00e1ticos nos quais ser\u00e3o abordadas novas solu\u00e7\u00f5es em resposta aos desafios sociais e econ\u00f3micos relacionados com a mobilidade sustent\u00e1vel.<\/p>\n<p>Mais uma vez este ano, este Congresso-Expo internacional \u00e9 patrocinado pelo Minist\u00e9rio dos Transportes e Mobilidade Sustent\u00e1vel, com a colabora\u00e7\u00e3o da Comunidade de Madrid e da C\u00e2mara Municipal de Madrid, a participa\u00e7\u00e3o dos principais players do ecossistema de mobilidade nacional e internacional, empresas, administra\u00e7\u00f5es p\u00fablicas, institui\u00e7\u00f5es e organiza\u00e7\u00f5es internacionais, associa\u00e7\u00f5es setoriais e associa\u00e7\u00f5es patronais, bem como o setor da inova\u00e7\u00e3o (start-ups, centros tecnol\u00f3gicos e universidades).<\/p>\n<p><strong>Itiner\u00e1rios tem\u00e1ticos da confer\u00eancia<\/strong><\/p>\n<p>As \u00e1reas tem\u00e1ticas que estruturar\u00e3o a grande agenda de conte\u00fados sobre mobilidade sustent\u00e1vel ser\u00e3o:<br \/>\n1. Transi\u00e7\u00e3o energ\u00e9tica impulsiona a transforma\u00e7\u00e3o da mobilidade;<br \/>\n2. Transporte intermodal: uma vis\u00e3o mais eficiente e sustent\u00e1vel da mobilidade;<br \/>\n3. Transportes p\u00fablicos e mobilidade partilhada no centro das solu\u00e7\u00f5es de mobilidade urbana;<br \/>\n4. Planeamento de mobilidade inteligente para cidades e \u00e1reas mais habit\u00e1veis;<br \/>\n5. A revolu\u00e7\u00e3o da mobilidade e o seu progresso: Tend\u00eancias tecnol\u00f3gicas impulsionam mudan\u00e7as;<br \/>\n6. A transi\u00e7\u00e3o da ind\u00fastria autom\u00f3vel num cen\u00e1rio futuro de elevada incerteza;<br \/>\n7. Inova\u00e7\u00e3o para uma mobilidade disruptiva.<\/p>\n<p>Estes temas ir\u00e3o reunir mais de 400 l\u00edderes internacionais, CEOs, especialistas e profissionais acad\u00e9micos, que v\u00e3o abordar os desafios, solu\u00e7\u00f5es e experi\u00eancias com a sua vis\u00e3o do futuro de forma a responder \u00e0s necessidades colocadas pela transforma\u00e7\u00e3o da mobilidade a partir de diferentes aspectos, tais como: econ\u00f3micos, tecnol\u00f3gicos, perspectivas regulat\u00f3rias, sociais e ambientais.<\/p>\n<p>O primeiro tema centrar-se-\u00e1 na forma como a transi\u00e7\u00e3o energ\u00e9tica est\u00e1 a impulsionar a transforma\u00e7\u00e3o da mobilidade, incluindo a discuss\u00e3o sobre o cabaz energ\u00e9tico, a eletrifica\u00e7\u00e3o, o desenvolvimento de combust\u00edveis alternativos limpos, a acelera\u00e7\u00e3o das infraestruturas e o futuro desenvolvimento de baterias, bem como o armazenamento de energia e poder.<\/p>\n<p>No transporte intermodal, a t\u00f3nica ser\u00e1 colocada na integra\u00e7\u00e3o de diferentes modos de transporte terrestre, ferrovi\u00e1rio, mar\u00edtimo e a\u00e9reo para melhorar a efici\u00eancia e o desenvolvimento de centros log\u00edsticos multimodais para o transporte de mercadorias e a promo\u00e7\u00e3o do desenvolvimento econ\u00f3mico sustent\u00e1vel. O itiner\u00e1rio sobre transportes p\u00fablicos e mobilidade partilhada, que incidir\u00e1 sobre a relev\u00e2ncia dos transportes p\u00fablicos como elemento principal e integrador da mobilidade nas cidades e territ\u00f3rios, bem como, nas solu\u00e7\u00f5es multimodais e MaaS como elementos-chave da oferta de mobilidade flex\u00edvel aos cidad\u00e3os. Em particular, ser\u00e1 desenvolvido o cap\u00edtulo sobre mobilidade ativa: ciclismo e caminhadas.<\/p>\n<p>Para debater sobre o planeamento de uma mobilidade inteligente v\u00e3o estar especialistas em gest\u00e3o urbana que v\u00e3o explicar sobre como funciona a integra\u00e7\u00e3o de novas tecnologias e o desenvolvimento de plataformas compartilhadas e centros de dados para um melhor planeamento, gest\u00e3o e governan\u00e7a do tr\u00e1fego e dos servi\u00e7os nas cidades. Bem como, a necessidade emergente de estabelecer um novo espa\u00e7o a\u00e9reo urbano.<\/p>\n<p>&#8220;O desenvolvimento e a revolu\u00e7\u00e3o da mobilidade, com as tend\u00eancias tecnol\u00f3gicas a impulsionar a mudan\u00e7a, dar-nos-\u00e3o a vis\u00e3o sobre a revolu\u00e7\u00e3o que os avan\u00e7os tecnol\u00f3gicos est\u00e3o a trazer para a transforma\u00e7\u00e3o da mobilidade, como o 5G, os drones, o hyperloop, a conectividade ou as solu\u00e7\u00f5es digitais inteligentes e como a Intelig\u00eancia Artificial contribuir\u00e1 para o desenvolvimento da mobilidade&#8221;, referiu o departamento de comunica\u00e7\u00e3o em comunicado.<\/p>\n","protected":false},"excerpt":{"rendered":"<p>A terceira edi\u00e7\u00e3o do Global Mobility&#8230;<\/p>\n","protected":false},"author":15,"featured_media":83706,"comment_status":"closed","ping_status":"closed","sticky":false,"template":"","format":"standard","meta":{"footnotes":""},"categories":[37],"tags":[8787,8291,8497,8785,4870,8786,751,5123],"class_list":["post-83703","post","type-post","status-publish","format-standard","has-post-thumbnail","hentry","category-mercado","tag-19-a-21-de-novembro-de-2024","tag-3a-edicao","tag-desafios","tag-global-mobility-call-2024","tag-ifema-madrid","tag-lideres-internacionais","tag-mobilidade-sustentavel","tag-smobhub"],"yoast_head":"<!-- This site is optimized with the Yoast SEO plugin v27.4 - https:\/\/yoast.com\/product\/yoast-seo-wordpress\/ -->\n<title>Faltam 6 meses para a 3\u00aa edi\u00e7\u00e3o Global Mobility Call 2024! - Jornal das Oficinas<\/title>\n<meta name=\"description\" content=\"A terceira edi\u00e7\u00e3o do Global Mobility Call 2024 vai dar destaque a sete temas que abordam v\u00e1rios aspetos da mobilidade sustent\u00e1vel\" \/>\n<meta name=\"robots\" content=\"index, follow, max-snippet:-1, max-image-preview:large, max-video-preview:-1\" \/>\n<link rel=\"canonical\" href=\"https:\/\/jornaldasoficinas.com\/pt\/faltam-6-meses-para-3-edicao-global-mobility-call-2024\/\" \/>\n<meta property=\"og:locale\" content=\"pt_PT\" \/>\n<meta property=\"og:type\" content=\"article\" \/>\n<meta property=\"og:title\" content=\"Faltam 6 meses para a 3\u00aa edi\u00e7\u00e3o Global Mobility Call 2024! - Jornal das Oficinas\" \/>\n<meta property=\"og:description\" content=\"A terceira edi\u00e7\u00e3o do Global Mobility Call 2024 vai dar destaque a sete temas que abordam v\u00e1rios aspetos da mobilidade sustent\u00e1vel\" \/>\n<meta property=\"og:url\" content=\"https:\/\/jornaldasoficinas.com\/pt\/faltam-6-meses-para-3-edicao-global-mobility-call-2024\/\" \/>\n<meta property=\"og:site_name\" content=\"Jornal das Oficinas\" \/>\n<meta property=\"article:publisher\" content=\"https:\/\/www.facebook.com\/jornaloficinas\" \/>\n<meta property=\"article:published_time\" content=\"2024-05-02T09:00:55+00:00\" \/>\n<meta property=\"og:image\" content=\"https:\/\/jornaldasoficinas.com\/pt\/wp-content\/uploads\/2024\/04\/Global-Mobility-Call-2024-vai-reunir-especialistas-e-lideres-internacionais.jpg\" \/>\n\t<meta property=\"og:image:width\" content=\"1024\" \/>\n\t<meta property=\"og:image:height\" content=\"581\" \/>\n\t<meta property=\"og:image:type\" content=\"image\/jpeg\" \/>\n<meta name=\"author\" content=\"Reda\u00e7\u00e3o JO\" \/>\n<meta name=\"twitter:card\" content=\"summary_large_image\" \/>\n<meta name=\"twitter:creator\" content=\"@jornaloficinas\" \/>\n<meta name=\"twitter:site\" content=\"@jornaloficinas\" \/>\n<meta name=\"twitter:label1\" content=\"Escrito por\" \/>\n\t<meta name=\"twitter:data1\" content=\"Reda\u00e7\u00e3o JO\" \/>\n\t<meta name=\"twitter:label2\" content=\"Tempo estimado de leitura\" \/>\n\t<meta name=\"twitter:data2\" content=\"4 minutos\" \/>\n<script type=\"application\/ld+json\" class=\"yoast-schema-graph\">{\"@context\":\"https:\\\/\\\/schema.org\",\"@graph\":[{\"@type\":\"Article\",\"@id\":\"https:\\\/\\\/jornaldasoficinas.com\\\/pt\\\/faltam-6-meses-para-3-edicao-global-mobility-call-2024\\\/#article\",\"isPartOf\":{\"@id\":\"https:\\\/\\\/jornaldasoficinas.com\\\/pt\\\/faltam-6-meses-para-3-edicao-global-mobility-call-2024\\\/\"},\"author\":{\"name\":\"Reda\u00e7\u00e3o JO\",\"@id\":\"https:\\\/\\\/jornaldasoficinas.com\\\/pt\\\/#\\\/schema\\\/person\\\/a38eef5de2c41d9e7c9ac10141afddf3\"},\"headline\":\"Faltam 6 meses para a 3\u00aa edi\u00e7\u00e3o Global Mobility Call 2024!\",\"datePublished\":\"2024-05-02T09:00:55+00:00\",\"mainEntityOfPage\":{\"@id\":\"https:\\\/\\\/jornaldasoficinas.com\\\/pt\\\/faltam-6-meses-para-3-edicao-global-mobility-call-2024\\\/\"},\"wordCount\":746,\"publisher\":{\"@id\":\"https:\\\/\\\/jornaldasoficinas.com\\\/pt\\\/#organization\"},\"image\":{\"@id\":\"https:\\\/\\\/jornaldasoficinas.com\\\/pt\\\/faltam-6-meses-para-3-edicao-global-mobility-call-2024\\\/#primaryimage\"},\"thumbnailUrl\":\"https:\\\/\\\/jornaldasoficinas.com\\\/pt\\\/wp-content\\\/uploads\\\/2024\\\/04\\\/Global-Mobility-Call-2024-vai-reunir-especialistas-e-lideres-internacionais.jpg\",\"keywords\":[\"19 a 21 de novembro de 2024\",\"3\u00aa edi\u00e7\u00e3o\",\"desafios\",\"Global Mobility Call 2024\",\"IFEMA MADRID\",\"l\u00edderes internacionais\",\"Mobilidade sustent\u00e1vel\",\"Smobhub\"],\"articleSection\":[\"Mercado\"],\"inLanguage\":\"pt-PT\"},{\"@type\":\"WebPage\",\"@id\":\"https:\\\/\\\/jornaldasoficinas.com\\\/pt\\\/faltam-6-meses-para-3-edicao-global-mobility-call-2024\\\/\",\"url\":\"https:\\\/\\\/jornaldasoficinas.com\\\/pt\\\/faltam-6-meses-para-3-edicao-global-mobility-call-2024\\\/\",\"name\":\"Faltam 6 meses para a 3\u00aa edi\u00e7\u00e3o Global Mobility Call 2024! - Jornal das Oficinas\",\"isPartOf\":{\"@id\":\"https:\\\/\\\/jornaldasoficinas.com\\\/pt\\\/#website\"},\"primaryImageOfPage\":{\"@id\":\"https:\\\/\\\/jornaldasoficinas.com\\\/pt\\\/faltam-6-meses-para-3-edicao-global-mobility-call-2024\\\/#primaryimage\"},\"image\":{\"@id\":\"https:\\\/\\\/jornaldasoficinas.com\\\/pt\\\/faltam-6-meses-para-3-edicao-global-mobility-call-2024\\\/#primaryimage\"},\"thumbnailUrl\":\"https:\\\/\\\/jornaldasoficinas.com\\\/pt\\\/wp-content\\\/uploads\\\/2024\\\/04\\\/Global-Mobility-Call-2024-vai-reunir-especialistas-e-lideres-internacionais.jpg\",\"datePublished\":\"2024-05-02T09:00:55+00:00\",\"description\":\"A terceira edi\u00e7\u00e3o do Global Mobility Call 2024 vai dar destaque a sete temas que abordam v\u00e1rios aspetos da mobilidade sustent\u00e1vel\",\"breadcrumb\":{\"@id\":\"https:\\\/\\\/jornaldasoficinas.com\\\/pt\\\/faltam-6-meses-para-3-edicao-global-mobility-call-2024\\\/#breadcrumb\"},\"inLanguage\":\"pt-PT\",\"potentialAction\":[{\"@type\":\"ReadAction\",\"target\":[\"https:\\\/\\\/jornaldasoficinas.com\\\/pt\\\/faltam-6-meses-para-3-edicao-global-mobility-call-2024\\\/\"]}]},{\"@type\":\"ImageObject\",\"inLanguage\":\"pt-PT\",\"@id\":\"https:\\\/\\\/jornaldasoficinas.com\\\/pt\\\/faltam-6-meses-para-3-edicao-global-mobility-call-2024\\\/#primaryimage\",\"url\":\"https:\\\/\\\/jornaldasoficinas.com\\\/pt\\\/wp-content\\\/uploads\\\/2024\\\/04\\\/Global-Mobility-Call-2024-vai-reunir-especialistas-e-lideres-internacionais.jpg\",\"contentUrl\":\"https:\\\/\\\/jornaldasoficinas.com\\\/pt\\\/wp-content\\\/uploads\\\/2024\\\/04\\\/Global-Mobility-Call-2024-vai-reunir-especialistas-e-lideres-internacionais.jpg\",\"width\":1024,\"height\":581,\"caption\":\"04 - Global Mobility Call 2024 vai reunir especialistas e lideres internacionais\"},{\"@type\":\"BreadcrumbList\",\"@id\":\"https:\\\/\\\/jornaldasoficinas.com\\\/pt\\\/faltam-6-meses-para-3-edicao-global-mobility-call-2024\\\/#breadcrumb\",\"itemListElement\":[{\"@type\":\"ListItem\",\"position\":1,\"name\":\"In\u00edcio\",\"item\":\"https:\\\/\\\/jornaldasoficinas.com\\\/pt\\\/\"},{\"@type\":\"ListItem\",\"position\":2,\"name\":\"Faltam 6 meses para a 3\u00aa edi\u00e7\u00e3o Global Mobility Call 2024!\"}]},{\"@type\":\"WebSite\",\"@id\":\"https:\\\/\\\/jornaldasoficinas.com\\\/pt\\\/#website\",\"url\":\"https:\\\/\\\/jornaldasoficinas.com\\\/pt\\\/\",\"name\":\"Jornal das Oficinas\",\"description\":\"Jornal independente do Aftermarket Autom\u00f3vel em Portugal\",\"publisher\":{\"@id\":\"https:\\\/\\\/jornaldasoficinas.com\\\/pt\\\/#organization\"},\"potentialAction\":[{\"@type\":\"SearchAction\",\"target\":{\"@type\":\"EntryPoint\",\"urlTemplate\":\"https:\\\/\\\/jornaldasoficinas.com\\\/pt\\\/?s={search_term_string}\"},\"query-input\":{\"@type\":\"PropertyValueSpecification\",\"valueRequired\":true,\"valueName\":\"search_term_string\"}}],\"inLanguage\":\"pt-PT\"},{\"@type\":\"Organization\",\"@id\":\"https:\\\/\\\/jornaldasoficinas.com\\\/pt\\\/#organization\",\"name\":\"Jornal das Oficinas\",\"url\":\"https:\\\/\\\/jornaldasoficinas.com\\\/pt\\\/\",\"logo\":{\"@type\":\"ImageObject\",\"inLanguage\":\"pt-PT\",\"@id\":\"https:\\\/\\\/jornaldasoficinas.com\\\/pt\\\/#\\\/schema\\\/logo\\\/image\\\/\",\"url\":\"https:\\\/\\\/jornaldasoficinas.com\\\/pt\\\/wp-content\\\/uploads\\\/logoJO-SEO.png\",\"contentUrl\":\"https:\\\/\\\/jornaldasoficinas.com\\\/pt\\\/wp-content\\\/uploads\\\/logoJO-SEO.png\",\"width\":285,\"height\":450,\"caption\":\"Jornal das Oficinas\"},\"image\":{\"@id\":\"https:\\\/\\\/jornaldasoficinas.com\\\/pt\\\/#\\\/schema\\\/logo\\\/image\\\/\"},\"sameAs\":[\"https:\\\/\\\/www.facebook.com\\\/jornaloficinas\",\"https:\\\/\\\/x.com\\\/jornaloficinas\",\"https:\\\/\\\/www.instagram.com\\\/jornal_oficinas\\\/\",\"https:\\\/\\\/www.linkedin.com\\\/company\\\/jornal-das-oficinas\\\/\",\"https:\\\/\\\/www.youtube.com\\\/channel\\\/UCbQZBqtcvV-oSQrr7RzINGg\"]},{\"@type\":\"Person\",\"@id\":\"https:\\\/\\\/jornaldasoficinas.com\\\/pt\\\/#\\\/schema\\\/person\\\/a38eef5de2c41d9e7c9ac10141afddf3\",\"name\":\"Reda\u00e7\u00e3o JO\",\"image\":{\"@type\":\"ImageObject\",\"inLanguage\":\"pt-PT\",\"@id\":\"https:\\\/\\\/secure.gravatar.com\\\/avatar\\\/71f2fa71737ad68a84fea94bc708ddac8ea5b0c4788dc2ad202f3ccb2887742f?s=96&d=wp_user_avatar&r=g\",\"url\":\"https:\\\/\\\/secure.gravatar.com\\\/avatar\\\/71f2fa71737ad68a84fea94bc708ddac8ea5b0c4788dc2ad202f3ccb2887742f?s=96&d=wp_user_avatar&r=g\",\"contentUrl\":\"https:\\\/\\\/secure.gravatar.com\\\/avatar\\\/71f2fa71737ad68a84fea94bc708ddac8ea5b0c4788dc2ad202f3ccb2887742f?s=96&d=wp_user_avatar&r=g\",\"caption\":\"Reda\u00e7\u00e3o JO\"},\"url\":\"https:\\\/\\\/jornaldasoficinas.com\\\/pt\\\/author\\\/joredacao\\\/\"}]}<\/script>\n<!-- \/ Yoast SEO plugin. -->","yoast_head_json":{"title":"Faltam 6 meses para a 3\u00aa edi\u00e7\u00e3o Global Mobility Call 2024! - Jornal das Oficinas","description":"A terceira edi\u00e7\u00e3o do Global Mobility Call 2024 vai dar destaque a sete temas que abordam v\u00e1rios aspetos da mobilidade sustent\u00e1vel","robots":{"index":"index","follow":"follow","max-snippet":"max-snippet:-1","max-image-preview":"max-image-preview:large","max-video-preview":"max-video-preview:-1"},"canonical":"https:\/\/jornaldasoficinas.com\/pt\/faltam-6-meses-para-3-edicao-global-mobility-call-2024\/","og_locale":"pt_PT","og_type":"article","og_title":"Faltam 6 meses para a 3\u00aa edi\u00e7\u00e3o Global Mobility Call 2024! - Jornal das Oficinas","og_description":"A terceira edi\u00e7\u00e3o do Global Mobility Call 2024 vai dar destaque a sete temas que abordam v\u00e1rios aspetos da mobilidade sustent\u00e1vel","og_url":"https:\/\/jornaldasoficinas.com\/pt\/faltam-6-meses-para-3-edicao-global-mobility-call-2024\/","og_site_name":"Jornal das Oficinas","article_publisher":"https:\/\/www.facebook.com\/jornaloficinas","article_published_time":"2024-05-02T09:00:55+00:00","og_image":[{"width":1024,"height":581,"url":"https:\/\/jornaldasoficinas.com\/pt\/wp-content\/uploads\/2024\/04\/Global-Mobility-Call-2024-vai-reunir-especialistas-e-lideres-internacionais.jpg","type":"image\/jpeg"}],"author":"Reda\u00e7\u00e3o JO","twitter_card":"summary_large_image","twitter_creator":"@jornaloficinas","twitter_site":"@jornaloficinas","twitter_misc":{"Escrito por":"Reda\u00e7\u00e3o JO","Tempo estimado de leitura":"4 minutos"},"schema":{"@context":"https:\/\/schema.org","@graph":[{"@type":"Article","@id":"https:\/\/jornaldasoficinas.com\/pt\/faltam-6-meses-para-3-edicao-global-mobility-call-2024\/#article","isPartOf":{"@id":"https:\/\/jornaldasoficinas.com\/pt\/faltam-6-meses-para-3-edicao-global-mobility-call-2024\/"},"author":{"name":"Reda\u00e7\u00e3o JO","@id":"https:\/\/jornaldasoficinas.com\/pt\/#\/schema\/person\/a38eef5de2c41d9e7c9ac10141afddf3"},"headline":"Faltam 6 meses para a 3\u00aa edi\u00e7\u00e3o Global Mobility Call 2024!","datePublished":"2024-05-02T09:00:55+00:00","mainEntityOfPage":{"@id":"https:\/\/jornaldasoficinas.com\/pt\/faltam-6-meses-para-3-edicao-global-mobility-call-2024\/"},"wordCount":746,"publisher":{"@id":"https:\/\/jornaldasoficinas.com\/pt\/#organization"},"image":{"@id":"https:\/\/jornaldasoficinas.com\/pt\/faltam-6-meses-para-3-edicao-global-mobility-call-2024\/#primaryimage"},"thumbnailUrl":"https:\/\/jornaldasoficinas.com\/pt\/wp-content\/uploads\/2024\/04\/Global-Mobility-Call-2024-vai-reunir-especialistas-e-lideres-internacionais.jpg","keywords":["19 a 21 de novembro de 2024","3\u00aa edi\u00e7\u00e3o","desafios","Global Mobility Call 2024","IFEMA MADRID","l\u00edderes internacionais","Mobilidade sustent\u00e1vel","Smobhub"],"articleSection":["Mercado"],"inLanguage":"pt-PT"},{"@type":"WebPage","@id":"https:\/\/jornaldasoficinas.com\/pt\/faltam-6-meses-para-3-edicao-global-mobility-call-2024\/","url":"https:\/\/jornaldasoficinas.com\/pt\/faltam-6-meses-para-3-edicao-global-mobility-call-2024\/","name":"Faltam 6 meses para a 3\u00aa edi\u00e7\u00e3o Global Mobility Call 2024! - Jornal das Oficinas","isPartOf":{"@id":"https:\/\/jornaldasoficinas.com\/pt\/#website"},"primaryImageOfPage":{"@id":"https:\/\/jornaldasoficinas.com\/pt\/faltam-6-meses-para-3-edicao-global-mobility-call-2024\/#primaryimage"},"image":{"@id":"https:\/\/jornaldasoficinas.com\/pt\/faltam-6-meses-para-3-edicao-global-mobility-call-2024\/#primaryimage"},"thumbnailUrl":"https:\/\/jornaldasoficinas.com\/pt\/wp-content\/uploads\/2024\/04\/Global-Mobility-Call-2024-vai-reunir-especialistas-e-lideres-internacionais.jpg","datePublished":"2024-05-02T09:00:55+00:00","description":"A terceira edi\u00e7\u00e3o do Global Mobility Call 2024 vai dar destaque a sete temas que abordam v\u00e1rios aspetos da mobilidade sustent\u00e1vel","breadcrumb":{"@id":"https:\/\/jornaldasoficinas.com\/pt\/faltam-6-meses-para-3-edicao-global-mobility-call-2024\/#breadcrumb"},"inLanguage":"pt-PT","potentialAction":[{"@type":"ReadAction","target":["https:\/\/jornaldasoficinas.com\/pt\/faltam-6-meses-para-3-edicao-global-mobility-call-2024\/"]}]},{"@type":"ImageObject","inLanguage":"pt-PT","@id":"https:\/\/jornaldasoficinas.com\/pt\/faltam-6-meses-para-3-edicao-global-mobility-call-2024\/#primaryimage","url":"https:\/\/jornaldasoficinas.com\/pt\/wp-content\/uploads\/2024\/04\/Global-Mobility-Call-2024-vai-reunir-especialistas-e-lideres-internacionais.jpg","contentUrl":"https:\/\/jornaldasoficinas.com\/pt\/wp-content\/uploads\/2024\/04\/Global-Mobility-Call-2024-vai-reunir-especialistas-e-lideres-internacionais.jpg","width":1024,"height":581,"caption":"04 - Global Mobility Call 2024 vai reunir especialistas e lideres internacionais"},{"@type":"BreadcrumbList","@id":"https:\/\/jornaldasoficinas.com\/pt\/faltam-6-meses-para-3-edicao-global-mobility-call-2024\/#breadcrumb","itemListElement":[{"@type":"ListItem","position":1,"name":"In\u00edcio","item":"https:\/\/jornaldasoficinas.com\/pt\/"},{"@type":"ListItem","position":2,"name":"Faltam 6 meses para a 3\u00aa edi\u00e7\u00e3o Global Mobility Call 2024!"}]},{"@type":"WebSite","@id":"https:\/\/jornaldasoficinas.com\/pt\/#website","url":"https:\/\/jornaldasoficinas.com\/pt\/","name":"Jornal das Oficinas","description":"Jornal independente do Aftermarket Autom\u00f3vel em Portugal","publisher":{"@id":"https:\/\/jornaldasoficinas.com\/pt\/#organization"},"potentialAction":[{"@type":"SearchAction","target":{"@type":"EntryPoint","urlTemplate":"https:\/\/jornaldasoficinas.com\/pt\/?s={search_term_string}"},"query-input":{"@type":"PropertyValueSpecification","valueRequired":true,"valueName":"search_term_string"}}],"inLanguage":"pt-PT"},{"@type":"Organization","@id":"https:\/\/jornaldasoficinas.com\/pt\/#organization","name":"Jornal das Oficinas","url":"https:\/\/jornaldasoficinas.com\/pt\/","logo":{"@type":"ImageObject","inLanguage":"pt-PT","@id":"https:\/\/jornaldasoficinas.com\/pt\/#\/schema\/logo\/image\/","url":"https:\/\/jornaldasoficinas.com\/pt\/wp-content\/uploads\/logoJO-SEO.png","contentUrl":"https:\/\/jornaldasoficinas.com\/pt\/wp-content\/uploads\/logoJO-SEO.png","width":285,"height":450,"caption":"Jornal das Oficinas"},"image":{"@id":"https:\/\/jornaldasoficinas.com\/pt\/#\/schema\/logo\/image\/"},"sameAs":["https:\/\/www.facebook.com\/jornaloficinas","https:\/\/x.com\/jornaloficinas","https:\/\/www.instagram.com\/jornal_oficinas\/","https:\/\/www.linkedin.com\/company\/jornal-das-oficinas\/","https:\/\/www.youtube.com\/channel\/UCbQZBqtcvV-oSQrr7RzINGg"]},{"@type":"Person","@id":"https:\/\/jornaldasoficinas.com\/pt\/#\/schema\/person\/a38eef5de2c41d9e7c9ac10141afddf3","name":"Reda\u00e7\u00e3o JO","image":{"@type":"ImageObject","inLanguage":"pt-PT","@id":"https:\/\/secure.gravatar.com\/avatar\/71f2fa71737ad68a84fea94bc708ddac8ea5b0c4788dc2ad202f3ccb2887742f?s=96&d=wp_user_avatar&r=g","url":"https:\/\/secure.gravatar.com\/avatar\/71f2fa71737ad68a84fea94bc708ddac8ea5b0c4788dc2ad202f3ccb2887742f?s=96&d=wp_user_avatar&r=g","contentUrl":"https:\/\/secure.gravatar.com\/avatar\/71f2fa71737ad68a84fea94bc708ddac8ea5b0c4788dc2ad202f3ccb2887742f?s=96&d=wp_user_avatar&r=g","caption":"Reda\u00e7\u00e3o JO"},"url":"https:\/\/jornaldasoficinas.com\/pt\/author\/joredacao\/"}]}},"_links":{"self":[{"href":"https:\/\/jornaldasoficinas.com\/pt\/wp-json\/wp\/v2\/posts\/83703","targetHints":{"allow":["GET"]}}],"collection":[{"href":"https:\/\/jornaldasoficinas.com\/pt\/wp-json\/wp\/v2\/posts"}],"about":[{"href":"https:\/\/jornaldasoficinas.com\/pt\/wp-json\/wp\/v2\/types\/post"}],"author":[{"embeddable":true,"href":"https:\/\/jornaldasoficinas.com\/pt\/wp-json\/wp\/v2\/users\/15"}],"replies":[{"embeddable":true,"href":"https:\/\/jornaldasoficinas.com\/pt\/wp-json\/wp\/v2\/comments?post=83703"}],"version-history":[{"count":0,"href":"https:\/\/jornaldasoficinas.com\/pt\/wp-json\/wp\/v2\/posts\/83703\/revisions"}],"wp:featuredmedia":[{"embeddable":true,"href":"https:\/\/jornaldasoficinas.com\/pt\/wp-json\/wp\/v2\/media\/83706"}],"wp:attachment":[{"href":"https:\/\/jornaldasoficinas.com\/pt\/wp-json\/wp\/v2\/media?parent=83703"}],"wp:term":[{"taxonomy":"category","embeddable":true,"href":"https:\/\/jornaldasoficinas.com\/pt\/wp-json\/wp\/v2\/categories?post=83703"},{"taxonomy":"post_tag","embeddable":true,"href":"https:\/\/jornaldasoficinas.com\/pt\/wp-json\/wp\/v2\/tags?post=83703"}],"curies":[{"name":"wp","href":"https:\/\/api.w.org\/{rel}","templated":true}]}}