{"id":83756,"date":"2024-04-29T17:30:42","date_gmt":"2024-04-29T16:30:42","guid":{"rendered":"https:\/\/jornaldasoficinas.com\/pt\/?p=83756"},"modified":"2024-04-29T16:40:17","modified_gmt":"2024-04-29T15:40:17","slug":"venda-de-veiculos-eletricos-em-queda-no-mercado-alemao","status":"publish","type":"post","link":"https:\/\/jornaldasoficinas.com\/pt\/venda-de-veiculos-eletricos-em-queda-no-mercado-alemao\/","title":{"rendered":"Venda de Ve\u00edculos El\u00e9tricos em queda no mercado Alem\u00e3o"},"content":{"rendered":"<p><strong><img loading=\"lazy\" decoding=\"async\" class=\"alignnone size-full wp-image-83757\" src=\"https:\/\/jornaldasoficinas.com\/pt\/wp-content\/uploads\/2024\/04\/Venda-de-Veiculos-Eletricos-em-queda-no-mercado-Alemao-jpeg.jpeg\" alt=\"04 - Venda de Veiculos Eletricos em queda no mercado Alemao jpeg\" width=\"1024\" height=\"581\" srcset=\"https:\/\/jornaldasoficinas.com\/pt\/wp-content\/uploads\/2024\/04\/Venda-de-Veiculos-Eletricos-em-queda-no-mercado-Alemao-jpeg.jpeg 1024w, https:\/\/jornaldasoficinas.com\/pt\/wp-content\/uploads\/2024\/04\/Venda-de-Veiculos-Eletricos-em-queda-no-mercado-Alemao-jpeg-300x170.jpeg 300w, https:\/\/jornaldasoficinas.com\/pt\/wp-content\/uploads\/2024\/04\/Venda-de-Veiculos-Eletricos-em-queda-no-mercado-Alemao-jpeg-150x85.jpeg 150w, https:\/\/jornaldasoficinas.com\/pt\/wp-content\/uploads\/2024\/04\/Venda-de-Veiculos-Eletricos-em-queda-no-mercado-Alemao-jpeg-768x436.jpeg 768w\" sizes=\"auto, (max-width: 1024px) 100vw, 1024px\" \/><\/strong><\/p>\n<p><strong>A Alemanha, o maior mercado europeu, viu a venda de ve\u00edculos novos cair 4,2% no 1.\u00ba trimestre do ano, uma performance menos boa, mas nada que se compara ao desempenho dos autom\u00f3veis el\u00e9tricos (VE), cuja procura diminuiu 14,1%<\/strong><\/p>\n<p>Um dos respons\u00e1veis para esta \u201cqueda\u201d foi o fim dos incentivos do Governo \u00e0 compra de el\u00e9tricos no final de dezembro, o que se por um lado provocou uma certa antecipa\u00e7\u00e3o das vendas no 1\u00ba trimestre de 2024 para o 4\u00ba trimestre de 2023, por outro, levou muitos condutores a reverem as suas op\u00e7\u00f5es. Sem os apoios e ajudas governamentais, os ve\u00edculos 100% el\u00e9tricos s\u00e3o ainda mais caros do que os ve\u00edculos exclusivamente com motores de combust\u00e3o e h\u00edbridos.<\/p>\n<p>Os alem\u00e3es adquiriram 694.785 ve\u00edculos de janeiro a mar\u00e7o de 2024, dos quais 81.337 eram el\u00e9tricos, garantindo uma fatia do mercado de 11,7%. Ainda assim, menos 14,1% do que per\u00edodo hom\u00f3logo de 2023, em que foram transacionadas 94.736 unidades.<\/p>\n<p>Tal como aconteceu no 1.\u00ba trimestre do ano anterior, em que a Tesla vendeu 20.665 unidades e a VW 13.443, tamb\u00e9m este ano foram os construtores norte-americano e germ\u00e2nico a liderar o mercado dos el\u00e9tricos, o primeiro com 13.068 unidades e o segundo com 8637. Isto representa uma\u00a0redu\u00e7\u00e3o das vendas de 36,7% para a Tesla e de 35,6% para a VW.\u00a0J\u00e1 a BMW cresceu 83,6%, ao vender 7959 carros a bateria, enquanto a Mercedes subiu as vendas 5,8%, colocando a fasquia nos 7720 unidades, com a\u00a0Audi a descer 23,3%, registando 5861 ve\u00edculos, ela que no 1.\u00ba trimestre de 2023 tinha sido a 3.\u00aa marca mais vendida.<\/p>\n","protected":false},"excerpt":{"rendered":"<p>A Alemanha, o maior mercado europeu,&#8230;<\/p>\n","protected":false},"author":15,"featured_media":83757,"comment_status":"closed","ping_status":"closed","sticky":false,"template":"","format":"standard","meta":{"footnotes":""},"categories":[37],"tags":[8801,8800,8798,8799,8038,89,2039,8797],"class_list":["post-83756","post","type-post","status-publish","format-standard","has-post-thumbnail","hentry","category-mercado","tag-fim-aos-incentivos","tag-incentivos-do-governo","tag-mercado-alemao","tag-procura-diminui","tag-ve","tag-veiculos-eletricos","tag-veiculos-novos","tag-venda-ve"],"yoast_head":"<!-- This site is optimized with the Yoast SEO plugin v27.4 - https:\/\/yoast.com\/product\/yoast-seo-wordpress\/ -->\n<title>Venda de Ve\u00edculos El\u00e9tricos em queda no mercado Alem\u00e3o - Jornal das Oficinas<\/title>\n<meta name=\"description\" content=\"A Alemanha, viu a venda de ve\u00edculos novos cair 4,2% no 1\u00ba trimestre do ano mas nada comparado aos VE, cuja procura diminuiu 14,1%\" \/>\n<meta name=\"robots\" content=\"index, follow, max-snippet:-1, max-image-preview:large, max-video-preview:-1\" \/>\n<link rel=\"canonical\" href=\"https:\/\/jornaldasoficinas.com\/pt\/venda-de-veiculos-eletricos-em-queda-no-mercado-alemao\/\" \/>\n<meta property=\"og:locale\" content=\"pt_PT\" \/>\n<meta property=\"og:type\" content=\"article\" \/>\n<meta property=\"og:title\" content=\"Venda de Ve\u00edculos El\u00e9tricos em queda no mercado Alem\u00e3o - Jornal das Oficinas\" \/>\n<meta property=\"og:description\" content=\"A Alemanha, viu a venda de ve\u00edculos novos cair 4,2% no 1\u00ba trimestre do ano mas nada comparado aos VE, cuja procura diminuiu 14,1%\" \/>\n<meta property=\"og:url\" content=\"https:\/\/jornaldasoficinas.com\/pt\/venda-de-veiculos-eletricos-em-queda-no-mercado-alemao\/\" \/>\n<meta property=\"og:site_name\" content=\"Jornal das Oficinas\" \/>\n<meta property=\"article:publisher\" content=\"https:\/\/www.facebook.com\/jornaloficinas\" \/>\n<meta property=\"article:published_time\" content=\"2024-04-29T16:30:42+00:00\" \/>\n<meta property=\"og:image\" content=\"https:\/\/jornaldasoficinas.com\/pt\/wp-content\/uploads\/2024\/04\/Venda-de-Veiculos-Eletricos-em-queda-no-mercado-Alemao-jpeg.jpeg\" \/>\n\t<meta property=\"og:image:width\" content=\"1024\" \/>\n\t<meta property=\"og:image:height\" content=\"581\" \/>\n\t<meta property=\"og:image:type\" content=\"image\/jpeg\" \/>\n<meta name=\"author\" content=\"Reda\u00e7\u00e3o JO\" \/>\n<meta name=\"twitter:card\" content=\"summary_large_image\" \/>\n<meta name=\"twitter:creator\" content=\"@jornaloficinas\" \/>\n<meta name=\"twitter:site\" content=\"@jornaloficinas\" \/>\n<meta name=\"twitter:label1\" content=\"Escrito por\" \/>\n\t<meta name=\"twitter:data1\" content=\"Reda\u00e7\u00e3o JO\" \/>\n\t<meta name=\"twitter:label2\" content=\"Tempo estimado de leitura\" \/>\n\t<meta name=\"twitter:data2\" content=\"2 minutos\" \/>\n<script type=\"application\/ld+json\" class=\"yoast-schema-graph\">{\"@context\":\"https:\\\/\\\/schema.org\",\"@graph\":[{\"@type\":\"Article\",\"@id\":\"https:\\\/\\\/jornaldasoficinas.com\\\/pt\\\/venda-de-veiculos-eletricos-em-queda-no-mercado-alemao\\\/#article\",\"isPartOf\":{\"@id\":\"https:\\\/\\\/jornaldasoficinas.com\\\/pt\\\/venda-de-veiculos-eletricos-em-queda-no-mercado-alemao\\\/\"},\"author\":{\"name\":\"Reda\u00e7\u00e3o JO\",\"@id\":\"https:\\\/\\\/jornaldasoficinas.com\\\/pt\\\/#\\\/schema\\\/person\\\/a38eef5de2c41d9e7c9ac10141afddf3\"},\"headline\":\"Venda de Ve\u00edculos El\u00e9tricos em queda no mercado Alem\u00e3o\",\"datePublished\":\"2024-04-29T16:30:42+00:00\",\"mainEntityOfPage\":{\"@id\":\"https:\\\/\\\/jornaldasoficinas.com\\\/pt\\\/venda-de-veiculos-eletricos-em-queda-no-mercado-alemao\\\/\"},\"wordCount\":269,\"publisher\":{\"@id\":\"https:\\\/\\\/jornaldasoficinas.com\\\/pt\\\/#organization\"},\"image\":{\"@id\":\"https:\\\/\\\/jornaldasoficinas.com\\\/pt\\\/venda-de-veiculos-eletricos-em-queda-no-mercado-alemao\\\/#primaryimage\"},\"thumbnailUrl\":\"https:\\\/\\\/jornaldasoficinas.com\\\/pt\\\/wp-content\\\/uploads\\\/2024\\\/04\\\/Venda-de-Veiculos-Eletricos-em-queda-no-mercado-Alemao-jpeg.jpeg\",\"keywords\":[\"fim aos incentivos\",\"incentivos do Governo\",\"Mercado Alem\u00e3o\",\"procura diminui\",\"VE\",\"Ve\u00edculos el\u00e9tricos\",\"Ve\u00edculos novos\",\"venda VE\"],\"articleSection\":[\"Mercado\"],\"inLanguage\":\"pt-PT\"},{\"@type\":\"WebPage\",\"@id\":\"https:\\\/\\\/jornaldasoficinas.com\\\/pt\\\/venda-de-veiculos-eletricos-em-queda-no-mercado-alemao\\\/\",\"url\":\"https:\\\/\\\/jornaldasoficinas.com\\\/pt\\\/venda-de-veiculos-eletricos-em-queda-no-mercado-alemao\\\/\",\"name\":\"Venda de Ve\u00edculos El\u00e9tricos em queda no mercado Alem\u00e3o - Jornal das Oficinas\",\"isPartOf\":{\"@id\":\"https:\\\/\\\/jornaldasoficinas.com\\\/pt\\\/#website\"},\"primaryImageOfPage\":{\"@id\":\"https:\\\/\\\/jornaldasoficinas.com\\\/pt\\\/venda-de-veiculos-eletricos-em-queda-no-mercado-alemao\\\/#primaryimage\"},\"image\":{\"@id\":\"https:\\\/\\\/jornaldasoficinas.com\\\/pt\\\/venda-de-veiculos-eletricos-em-queda-no-mercado-alemao\\\/#primaryimage\"},\"thumbnailUrl\":\"https:\\\/\\\/jornaldasoficinas.com\\\/pt\\\/wp-content\\\/uploads\\\/2024\\\/04\\\/Venda-de-Veiculos-Eletricos-em-queda-no-mercado-Alemao-jpeg.jpeg\",\"datePublished\":\"2024-04-29T16:30:42+00:00\",\"description\":\"A Alemanha, viu a venda de ve\u00edculos novos cair 4,2% no 1\u00ba trimestre do ano mas nada comparado aos VE, cuja procura diminuiu 14,1%\",\"breadcrumb\":{\"@id\":\"https:\\\/\\\/jornaldasoficinas.com\\\/pt\\\/venda-de-veiculos-eletricos-em-queda-no-mercado-alemao\\\/#breadcrumb\"},\"inLanguage\":\"pt-PT\",\"potentialAction\":[{\"@type\":\"ReadAction\",\"target\":[\"https:\\\/\\\/jornaldasoficinas.com\\\/pt\\\/venda-de-veiculos-eletricos-em-queda-no-mercado-alemao\\\/\"]}]},{\"@type\":\"ImageObject\",\"inLanguage\":\"pt-PT\",\"@id\":\"https:\\\/\\\/jornaldasoficinas.com\\\/pt\\\/venda-de-veiculos-eletricos-em-queda-no-mercado-alemao\\\/#primaryimage\",\"url\":\"https:\\\/\\\/jornaldasoficinas.com\\\/pt\\\/wp-content\\\/uploads\\\/2024\\\/04\\\/Venda-de-Veiculos-Eletricos-em-queda-no-mercado-Alemao-jpeg.jpeg\",\"contentUrl\":\"https:\\\/\\\/jornaldasoficinas.com\\\/pt\\\/wp-content\\\/uploads\\\/2024\\\/04\\\/Venda-de-Veiculos-Eletricos-em-queda-no-mercado-Alemao-jpeg.jpeg\",\"width\":1024,\"height\":581,\"caption\":\"04 - Venda de Veiculos Eletricos em queda no mercado Alemao jpeg\"},{\"@type\":\"BreadcrumbList\",\"@id\":\"https:\\\/\\\/jornaldasoficinas.com\\\/pt\\\/venda-de-veiculos-eletricos-em-queda-no-mercado-alemao\\\/#breadcrumb\",\"itemListElement\":[{\"@type\":\"ListItem\",\"position\":1,\"name\":\"In\u00edcio\",\"item\":\"https:\\\/\\\/jornaldasoficinas.com\\\/pt\\\/\"},{\"@type\":\"ListItem\",\"position\":2,\"name\":\"Venda de Ve\u00edculos El\u00e9tricos em queda no mercado Alem\u00e3o\"}]},{\"@type\":\"WebSite\",\"@id\":\"https:\\\/\\\/jornaldasoficinas.com\\\/pt\\\/#website\",\"url\":\"https:\\\/\\\/jornaldasoficinas.com\\\/pt\\\/\",\"name\":\"Jornal das Oficinas\",\"description\":\"Jornal independente do Aftermarket Autom\u00f3vel em Portugal\",\"publisher\":{\"@id\":\"https:\\\/\\\/jornaldasoficinas.com\\\/pt\\\/#organization\"},\"potentialAction\":[{\"@type\":\"SearchAction\",\"target\":{\"@type\":\"EntryPoint\",\"urlTemplate\":\"https:\\\/\\\/jornaldasoficinas.com\\\/pt\\\/?s={search_term_string}\"},\"query-input\":{\"@type\":\"PropertyValueSpecification\",\"valueRequired\":true,\"valueName\":\"search_term_string\"}}],\"inLanguage\":\"pt-PT\"},{\"@type\":\"Organization\",\"@id\":\"https:\\\/\\\/jornaldasoficinas.com\\\/pt\\\/#organization\",\"name\":\"Jornal das Oficinas\",\"url\":\"https:\\\/\\\/jornaldasoficinas.com\\\/pt\\\/\",\"logo\":{\"@type\":\"ImageObject\",\"inLanguage\":\"pt-PT\",\"@id\":\"https:\\\/\\\/jornaldasoficinas.com\\\/pt\\\/#\\\/schema\\\/logo\\\/image\\\/\",\"url\":\"https:\\\/\\\/jornaldasoficinas.com\\\/pt\\\/wp-content\\\/uploads\\\/logoJO-SEO.png\",\"contentUrl\":\"https:\\\/\\\/jornaldasoficinas.com\\\/pt\\\/wp-content\\\/uploads\\\/logoJO-SEO.png\",\"width\":285,\"height\":450,\"caption\":\"Jornal das Oficinas\"},\"image\":{\"@id\":\"https:\\\/\\\/jornaldasoficinas.com\\\/pt\\\/#\\\/schema\\\/logo\\\/image\\\/\"},\"sameAs\":[\"https:\\\/\\\/www.facebook.com\\\/jornaloficinas\",\"https:\\\/\\\/x.com\\\/jornaloficinas\",\"https:\\\/\\\/www.instagram.com\\\/jornal_oficinas\\\/\",\"https:\\\/\\\/www.linkedin.com\\\/company\\\/jornal-das-oficinas\\\/\",\"https:\\\/\\\/www.youtube.com\\\/channel\\\/UCbQZBqtcvV-oSQrr7RzINGg\"]},{\"@type\":\"Person\",\"@id\":\"https:\\\/\\\/jornaldasoficinas.com\\\/pt\\\/#\\\/schema\\\/person\\\/a38eef5de2c41d9e7c9ac10141afddf3\",\"name\":\"Reda\u00e7\u00e3o JO\",\"image\":{\"@type\":\"ImageObject\",\"inLanguage\":\"pt-PT\",\"@id\":\"https:\\\/\\\/secure.gravatar.com\\\/avatar\\\/71f2fa71737ad68a84fea94bc708ddac8ea5b0c4788dc2ad202f3ccb2887742f?s=96&d=wp_user_avatar&r=g\",\"url\":\"https:\\\/\\\/secure.gravatar.com\\\/avatar\\\/71f2fa71737ad68a84fea94bc708ddac8ea5b0c4788dc2ad202f3ccb2887742f?s=96&d=wp_user_avatar&r=g\",\"contentUrl\":\"https:\\\/\\\/secure.gravatar.com\\\/avatar\\\/71f2fa71737ad68a84fea94bc708ddac8ea5b0c4788dc2ad202f3ccb2887742f?s=96&d=wp_user_avatar&r=g\",\"caption\":\"Reda\u00e7\u00e3o JO\"},\"url\":\"https:\\\/\\\/jornaldasoficinas.com\\\/pt\\\/author\\\/joredacao\\\/\"}]}<\/script>\n<!-- \/ Yoast SEO plugin. -->","yoast_head_json":{"title":"Venda de Ve\u00edculos El\u00e9tricos em queda no mercado Alem\u00e3o - Jornal das Oficinas","description":"A Alemanha, viu a venda de ve\u00edculos novos cair 4,2% no 1\u00ba trimestre do ano mas nada comparado aos VE, cuja procura diminuiu 14,1%","robots":{"index":"index","follow":"follow","max-snippet":"max-snippet:-1","max-image-preview":"max-image-preview:large","max-video-preview":"max-video-preview:-1"},"canonical":"https:\/\/jornaldasoficinas.com\/pt\/venda-de-veiculos-eletricos-em-queda-no-mercado-alemao\/","og_locale":"pt_PT","og_type":"article","og_title":"Venda de Ve\u00edculos El\u00e9tricos em queda no mercado Alem\u00e3o - Jornal das Oficinas","og_description":"A Alemanha, viu a venda de ve\u00edculos novos cair 4,2% no 1\u00ba trimestre do ano mas nada comparado aos VE, cuja procura diminuiu 14,1%","og_url":"https:\/\/jornaldasoficinas.com\/pt\/venda-de-veiculos-eletricos-em-queda-no-mercado-alemao\/","og_site_name":"Jornal das Oficinas","article_publisher":"https:\/\/www.facebook.com\/jornaloficinas","article_published_time":"2024-04-29T16:30:42+00:00","og_image":[{"width":1024,"height":581,"url":"https:\/\/jornaldasoficinas.com\/pt\/wp-content\/uploads\/2024\/04\/Venda-de-Veiculos-Eletricos-em-queda-no-mercado-Alemao-jpeg.jpeg","type":"image\/jpeg"}],"author":"Reda\u00e7\u00e3o JO","twitter_card":"summary_large_image","twitter_creator":"@jornaloficinas","twitter_site":"@jornaloficinas","twitter_misc":{"Escrito por":"Reda\u00e7\u00e3o JO","Tempo estimado de leitura":"2 minutos"},"schema":{"@context":"https:\/\/schema.org","@graph":[{"@type":"Article","@id":"https:\/\/jornaldasoficinas.com\/pt\/venda-de-veiculos-eletricos-em-queda-no-mercado-alemao\/#article","isPartOf":{"@id":"https:\/\/jornaldasoficinas.com\/pt\/venda-de-veiculos-eletricos-em-queda-no-mercado-alemao\/"},"author":{"name":"Reda\u00e7\u00e3o JO","@id":"https:\/\/jornaldasoficinas.com\/pt\/#\/schema\/person\/a38eef5de2c41d9e7c9ac10141afddf3"},"headline":"Venda de Ve\u00edculos El\u00e9tricos em queda no mercado Alem\u00e3o","datePublished":"2024-04-29T16:30:42+00:00","mainEntityOfPage":{"@id":"https:\/\/jornaldasoficinas.com\/pt\/venda-de-veiculos-eletricos-em-queda-no-mercado-alemao\/"},"wordCount":269,"publisher":{"@id":"https:\/\/jornaldasoficinas.com\/pt\/#organization"},"image":{"@id":"https:\/\/jornaldasoficinas.com\/pt\/venda-de-veiculos-eletricos-em-queda-no-mercado-alemao\/#primaryimage"},"thumbnailUrl":"https:\/\/jornaldasoficinas.com\/pt\/wp-content\/uploads\/2024\/04\/Venda-de-Veiculos-Eletricos-em-queda-no-mercado-Alemao-jpeg.jpeg","keywords":["fim aos incentivos","incentivos do Governo","Mercado Alem\u00e3o","procura diminui","VE","Ve\u00edculos el\u00e9tricos","Ve\u00edculos novos","venda VE"],"articleSection":["Mercado"],"inLanguage":"pt-PT"},{"@type":"WebPage","@id":"https:\/\/jornaldasoficinas.com\/pt\/venda-de-veiculos-eletricos-em-queda-no-mercado-alemao\/","url":"https:\/\/jornaldasoficinas.com\/pt\/venda-de-veiculos-eletricos-em-queda-no-mercado-alemao\/","name":"Venda de Ve\u00edculos El\u00e9tricos em queda no mercado Alem\u00e3o - Jornal das Oficinas","isPartOf":{"@id":"https:\/\/jornaldasoficinas.com\/pt\/#website"},"primaryImageOfPage":{"@id":"https:\/\/jornaldasoficinas.com\/pt\/venda-de-veiculos-eletricos-em-queda-no-mercado-alemao\/#primaryimage"},"image":{"@id":"https:\/\/jornaldasoficinas.com\/pt\/venda-de-veiculos-eletricos-em-queda-no-mercado-alemao\/#primaryimage"},"thumbnailUrl":"https:\/\/jornaldasoficinas.com\/pt\/wp-content\/uploads\/2024\/04\/Venda-de-Veiculos-Eletricos-em-queda-no-mercado-Alemao-jpeg.jpeg","datePublished":"2024-04-29T16:30:42+00:00","description":"A Alemanha, viu a venda de ve\u00edculos novos cair 4,2% no 1\u00ba trimestre do ano mas nada comparado aos VE, cuja procura diminuiu 14,1%","breadcrumb":{"@id":"https:\/\/jornaldasoficinas.com\/pt\/venda-de-veiculos-eletricos-em-queda-no-mercado-alemao\/#breadcrumb"},"inLanguage":"pt-PT","potentialAction":[{"@type":"ReadAction","target":["https:\/\/jornaldasoficinas.com\/pt\/venda-de-veiculos-eletricos-em-queda-no-mercado-alemao\/"]}]},{"@type":"ImageObject","inLanguage":"pt-PT","@id":"https:\/\/jornaldasoficinas.com\/pt\/venda-de-veiculos-eletricos-em-queda-no-mercado-alemao\/#primaryimage","url":"https:\/\/jornaldasoficinas.com\/pt\/wp-content\/uploads\/2024\/04\/Venda-de-Veiculos-Eletricos-em-queda-no-mercado-Alemao-jpeg.jpeg","contentUrl":"https:\/\/jornaldasoficinas.com\/pt\/wp-content\/uploads\/2024\/04\/Venda-de-Veiculos-Eletricos-em-queda-no-mercado-Alemao-jpeg.jpeg","width":1024,"height":581,"caption":"04 - Venda de Veiculos Eletricos em queda no mercado Alemao jpeg"},{"@type":"BreadcrumbList","@id":"https:\/\/jornaldasoficinas.com\/pt\/venda-de-veiculos-eletricos-em-queda-no-mercado-alemao\/#breadcrumb","itemListElement":[{"@type":"ListItem","position":1,"name":"In\u00edcio","item":"https:\/\/jornaldasoficinas.com\/pt\/"},{"@type":"ListItem","position":2,"name":"Venda de Ve\u00edculos El\u00e9tricos em queda no mercado Alem\u00e3o"}]},{"@type":"WebSite","@id":"https:\/\/jornaldasoficinas.com\/pt\/#website","url":"https:\/\/jornaldasoficinas.com\/pt\/","name":"Jornal das Oficinas","description":"Jornal independente do Aftermarket Autom\u00f3vel em Portugal","publisher":{"@id":"https:\/\/jornaldasoficinas.com\/pt\/#organization"},"potentialAction":[{"@type":"SearchAction","target":{"@type":"EntryPoint","urlTemplate":"https:\/\/jornaldasoficinas.com\/pt\/?s={search_term_string}"},"query-input":{"@type":"PropertyValueSpecification","valueRequired":true,"valueName":"search_term_string"}}],"inLanguage":"pt-PT"},{"@type":"Organization","@id":"https:\/\/jornaldasoficinas.com\/pt\/#organization","name":"Jornal das Oficinas","url":"https:\/\/jornaldasoficinas.com\/pt\/","logo":{"@type":"ImageObject","inLanguage":"pt-PT","@id":"https:\/\/jornaldasoficinas.com\/pt\/#\/schema\/logo\/image\/","url":"https:\/\/jornaldasoficinas.com\/pt\/wp-content\/uploads\/logoJO-SEO.png","contentUrl":"https:\/\/jornaldasoficinas.com\/pt\/wp-content\/uploads\/logoJO-SEO.png","width":285,"height":450,"caption":"Jornal das Oficinas"},"image":{"@id":"https:\/\/jornaldasoficinas.com\/pt\/#\/schema\/logo\/image\/"},"sameAs":["https:\/\/www.facebook.com\/jornaloficinas","https:\/\/x.com\/jornaloficinas","https:\/\/www.instagram.com\/jornal_oficinas\/","https:\/\/www.linkedin.com\/company\/jornal-das-oficinas\/","https:\/\/www.youtube.com\/channel\/UCbQZBqtcvV-oSQrr7RzINGg"]},{"@type":"Person","@id":"https:\/\/jornaldasoficinas.com\/pt\/#\/schema\/person\/a38eef5de2c41d9e7c9ac10141afddf3","name":"Reda\u00e7\u00e3o JO","image":{"@type":"ImageObject","inLanguage":"pt-PT","@id":"https:\/\/secure.gravatar.com\/avatar\/71f2fa71737ad68a84fea94bc708ddac8ea5b0c4788dc2ad202f3ccb2887742f?s=96&d=wp_user_avatar&r=g","url":"https:\/\/secure.gravatar.com\/avatar\/71f2fa71737ad68a84fea94bc708ddac8ea5b0c4788dc2ad202f3ccb2887742f?s=96&d=wp_user_avatar&r=g","contentUrl":"https:\/\/secure.gravatar.com\/avatar\/71f2fa71737ad68a84fea94bc708ddac8ea5b0c4788dc2ad202f3ccb2887742f?s=96&d=wp_user_avatar&r=g","caption":"Reda\u00e7\u00e3o JO"},"url":"https:\/\/jornaldasoficinas.com\/pt\/author\/joredacao\/"}]}},"_links":{"self":[{"href":"https:\/\/jornaldasoficinas.com\/pt\/wp-json\/wp\/v2\/posts\/83756","targetHints":{"allow":["GET"]}}],"collection":[{"href":"https:\/\/jornaldasoficinas.com\/pt\/wp-json\/wp\/v2\/posts"}],"about":[{"href":"https:\/\/jornaldasoficinas.com\/pt\/wp-json\/wp\/v2\/types\/post"}],"author":[{"embeddable":true,"href":"https:\/\/jornaldasoficinas.com\/pt\/wp-json\/wp\/v2\/users\/15"}],"replies":[{"embeddable":true,"href":"https:\/\/jornaldasoficinas.com\/pt\/wp-json\/wp\/v2\/comments?post=83756"}],"version-history":[{"count":0,"href":"https:\/\/jornaldasoficinas.com\/pt\/wp-json\/wp\/v2\/posts\/83756\/revisions"}],"wp:featuredmedia":[{"embeddable":true,"href":"https:\/\/jornaldasoficinas.com\/pt\/wp-json\/wp\/v2\/media\/83757"}],"wp:attachment":[{"href":"https:\/\/jornaldasoficinas.com\/pt\/wp-json\/wp\/v2\/media?parent=83756"}],"wp:term":[{"taxonomy":"category","embeddable":true,"href":"https:\/\/jornaldasoficinas.com\/pt\/wp-json\/wp\/v2\/categories?post=83756"},{"taxonomy":"post_tag","embeddable":true,"href":"https:\/\/jornaldasoficinas.com\/pt\/wp-json\/wp\/v2\/tags?post=83756"}],"curies":[{"name":"wp","href":"https:\/\/api.w.org\/{rel}","templated":true}]}}