{"id":8384,"date":"2020-01-09T01:34:56","date_gmt":"2020-01-09T01:34:56","guid":{"rendered":"https:\/\/jornaldasoficinas.com\/pt\/?p=8384"},"modified":"2023-07-20T16:07:15","modified_gmt":"2023-07-20T15:07:15","slug":"lamborghini-huracan-evo-rear-wheel-drive-touro-enraivecido","status":"publish","type":"post","link":"https:\/\/jornaldasoficinas.com\/pt\/lamborghini-huracan-evo-rear-wheel-drive-touro-enraivecido\/","title":{"rendered":"Lamborghini Hurac\u00e1n EVO Rear-Wheel Drive: touro enraivecido"},"content":{"rendered":"<p><img loading=\"lazy\" decoding=\"async\" class=\"alignnone wp-image-8380 size-full\" src=\"https:\/\/jornaldasoficinas.com\/pt\/wp-content\/uploads\/2020\/01\/lambohuracanevorwdaction.png\" alt=\"01 - lambohuracanevorwdaction\" width=\"1024\" height=\"581\" srcset=\"https:\/\/jornaldasoficinas.com\/pt\/wp-content\/uploads\/2020\/01\/lambohuracanevorwdaction.png 1024w, https:\/\/jornaldasoficinas.com\/pt\/wp-content\/uploads\/2020\/01\/lambohuracanevorwdaction-300x170.png 300w, https:\/\/jornaldasoficinas.com\/pt\/wp-content\/uploads\/2020\/01\/lambohuracanevorwdaction-150x85.png 150w, https:\/\/jornaldasoficinas.com\/pt\/wp-content\/uploads\/2020\/01\/lambohuracanevorwdaction-768x436.png 768w\" sizes=\"auto, (max-width: 1024px) 100vw, 1024px\" \/><\/p>\n<p><strong>Motor 5.2 V10 com 610 cv e 560 Nm, 325 km\/h de velocidade m\u00e1xima, 3,3 segundos para cumprir o arranque dos 0 aos 100 km\/h, baixo peso, tra\u00e7\u00e3o traseira, controlo de tra\u00e7\u00e3o Performance Traction Control System (P-TCS). Mais do que uma m\u00e1quina de condu\u00e7\u00e3o visceral, o novo Lamborghini Hurac\u00e1n EVO Rear-Wheel Drive \u00e9 um touro enraivecido.<\/strong><\/p>\n<p>A <a href=\"https:\/\/www.lamborghini.com\/en-en\" target=\"_blank\" rel=\"noopener noreferrer\">Automobili Lamborghini<\/a> anunciou o lan\u00e7amento do Hurac\u00e1n EVO Rear-Wheel Drive (RWD) uma m\u00e1quina de condu\u00e7\u00e3o visceral, com 610 cv de pot\u00eancia \u00e0s 8.000 rpm e 560 Nm de bin\u00e1rio \u00e0s 6500 rpm. O baixo peso (1.389 kg), a tra\u00e7\u00e3o traseira e a dire\u00e7\u00e3o din\u00e2mica s\u00e3o apenas alguns dos predicados deste superdesportivo italiano.<\/p>\n<p>Capaz de atingir uma velocidade m\u00e1xima de 325 km\/h e de cumprir o arranque dos 0 aos 100 km\/h em 3,3 segundos, o Hurac\u00e1n EVO RWD anuncia uma conce\u00e7\u00e3o nova e \u00fanica. O motor 5.2 V10 a 90\u00b0 entrega mais do que apenas a pot\u00eancia \u00e0s rodas traseiras: a sonoridade da unidade motriz naturalmente aspirada combina-se com um sistema de controlo de tra\u00e7\u00e3o especialmente afinado para oferecer a mais emotiva e divertida experi\u00eancia de condu\u00e7\u00e3o. Em piso seco, molhado ou com neve.<strong>\u00a0<\/strong><\/p>\n<p><strong><img loading=\"lazy\" decoding=\"async\" class=\"alignnone wp-image-8381 size-full\" src=\"https:\/\/jornaldasoficinas.com\/pt\/wp-content\/uploads\/2020\/01\/lambohuracanevorwdcima.png\" alt=\"01 - lambohuracanevorwdcima\" width=\"1024\" height=\"581\" srcset=\"https:\/\/jornaldasoficinas.com\/pt\/wp-content\/uploads\/2020\/01\/lambohuracanevorwdcima.png 1024w, https:\/\/jornaldasoficinas.com\/pt\/wp-content\/uploads\/2020\/01\/lambohuracanevorwdcima-300x170.png 300w, https:\/\/jornaldasoficinas.com\/pt\/wp-content\/uploads\/2020\/01\/lambohuracanevorwdcima-150x85.png 150w, https:\/\/jornaldasoficinas.com\/pt\/wp-content\/uploads\/2020\/01\/lambohuracanevorwdcima-768x436.png 768w\" sizes=\"auto, (max-width: 1024px) 100vw, 1024px\" \/>Bot\u00e3o \u201cANIMA\u201d&#8230; e de que maneira<\/strong><\/p>\n<p>O novo sistema de controlo de tra\u00e7\u00e3o Performance Traction Control System (P-TCS) foi especificamente calibrado para esta vers\u00e3o, proporcionando entrega de bin\u00e1rio mesmo durante a fase em que o autom\u00f3vel est\u00e1 no realinhamento ap\u00f3s uma deriva de traseira ou uma derrapagem.<\/p>\n<p>As interven\u00e7\u00f5es do P-TCS est\u00e3o calibradas de acordo com os modos de condu\u00e7\u00e3o do Hurac\u00e1n EVO RWD, selecionados atrav\u00e9s do bot\u00e3o do \u201cANIMA\u201d (Adaptive Network Intelligent Management: \u201calma\u201d, em italiano) no volante. No modo \u201cSTRADA\u201d, o P-TCS minimiza a derrapagem das rodas traseiras para garantir estabilidade e seguran\u00e7a em todas as condi\u00e7\u00f5es: com uma estrat\u00e9gia mais proativa, o P-TCS gere a entrega de bin\u00e1rio em superf\u00edcies de baixa ader\u00eancia.<\/p>\n<p>No modo \u201cSPORT\u201d, o P-TCS maximiza a experi\u00eancia de divers\u00e3o ao volante: as rodas traseiras podem patinar e deslizar durante a acelera\u00e7\u00e3o para uma f\u00e1cil e divertida deriva, sem comprometer a seguran\u00e7a. O sistema reconhece as condi\u00e7\u00f5es em que o \u00e2ngulo de sobreviragem aumenta rapidamente e limita a entrega de bin\u00e1rio \u00e0s rodas traseiras, permitindo ao condutor controlar e estabilizar o autom\u00f3vel na perfei\u00e7\u00e3o.<\/p>\n<p>No modo \u201cCORSA\u201d, o P-TCS est\u00e1 calibrado para alcan\u00e7ar o escorregamento das rodas traseiras que otimiza a tra\u00e7\u00e3o e a agilidade do autom\u00f3vel \u00e0 sa\u00edda das curvas, permitindo ao condutor maximizar a <em>performance<\/em>. O P-TCS melhora em 30% a suavidade da interven\u00e7\u00e3o quando comparado com o anterior Hurac\u00e1n RWD, melhora a tra\u00e7\u00e3o \u00e0 sa\u00edda das curvas em 20% e incrementa a sobreviragem em 30%.<strong>\u00a0<\/strong><\/p>\n<p><strong><img loading=\"lazy\" decoding=\"async\" class=\"alignnone wp-image-8382 size-full\" src=\"https:\/\/jornaldasoficinas.com\/pt\/wp-content\/uploads\/2020\/01\/lambohuracanevorwdtraseira.png\" alt=\"01 - lambohuracanevorwdtraseira\" width=\"1024\" height=\"581\" srcset=\"https:\/\/jornaldasoficinas.com\/pt\/wp-content\/uploads\/2020\/01\/lambohuracanevorwdtraseira.png 1024w, https:\/\/jornaldasoficinas.com\/pt\/wp-content\/uploads\/2020\/01\/lambohuracanevorwdtraseira-300x170.png 300w, https:\/\/jornaldasoficinas.com\/pt\/wp-content\/uploads\/2020\/01\/lambohuracanevorwdtraseira-150x85.png 150w, https:\/\/jornaldasoficinas.com\/pt\/wp-content\/uploads\/2020\/01\/lambohuracanevorwdtraseira-768x436.png 768w\" sizes=\"auto, (max-width: 1024px) 100vw, 1024px\" \/>Chassis h\u00edbrido<\/strong><\/p>\n<p>O chassis h\u00edbrido do Hurac\u00e1n EVO RWD integra alum\u00ednio ligeiro e fibra de carbono com uma carro\u00e7aria em alum\u00ednio e\u00a0 termopl\u00e1stico, para um peso total (em vazio) de 1.389 kg, garantindo uma rela\u00e7\u00e3o peso\/pot\u00eancia de 2,28 kg\/cv. Com uma distribui\u00e7\u00e3o de peso de 40% para a frente e 60% para a traseira, o Hurac\u00e1n EVO RWD faz uso de uma suspens\u00e3o de duplos tri\u00e2ngulos com quadril\u00e1teros sobrepostos e amortecedores passivos.<\/p>\n<p>A dire\u00e7\u00e3o servoassistida e eletromec\u00e2nica, Lamborghini Dynamic Steering (LDS), foi especificamente afinada para esta vers\u00e3o, garantindo o m\u00e1ximo<em> feedback<\/em>. A caixa autom\u00e1tica de dupla embraiagem, com sete velocidades, assegura r\u00e1pidas trocas de mudan\u00e7a, com fun\u00e7\u00e3o \u201claunch control\u201d para a m\u00e1xima acelera\u00e7\u00e3o no arranque parado.<\/p>\n<p>As jantes Kari de 19\u201d s\u00e3o revestidas por pneus Pirelli P Zero (de medida 245\/35 na frente e 305\/35 na traseira), especialmente desenvolvidos para este modelo, permitindo visualizar os discos de trav\u00e3o em a\u00e7o ventilados e perfurados (365 x 34 mm na frente; 356 x 32 mm na traseira). Como op\u00e7\u00e3o, est\u00e3o dispon\u00edveis jantes de 20\u201d e trav\u00f5es carbocer\u00e2micos.<strong>\u00a0<\/strong><\/p>\n<p><strong><img loading=\"lazy\" decoding=\"async\" class=\"alignnone wp-image-8383 size-full\" src=\"https:\/\/jornaldasoficinas.com\/pt\/wp-content\/uploads\/2020\/01\/lambohuracanrwdfrente.png\" alt=\"01 - lambohuracanrwdfrente\" width=\"1024\" height=\"581\" srcset=\"https:\/\/jornaldasoficinas.com\/pt\/wp-content\/uploads\/2020\/01\/lambohuracanrwdfrente.png 1024w, https:\/\/jornaldasoficinas.com\/pt\/wp-content\/uploads\/2020\/01\/lambohuracanrwdfrente-300x170.png 300w, https:\/\/jornaldasoficinas.com\/pt\/wp-content\/uploads\/2020\/01\/lambohuracanrwdfrente-150x85.png 150w, https:\/\/jornaldasoficinas.com\/pt\/wp-content\/uploads\/2020\/01\/lambohuracanrwdfrente-768x436.png 768w\" sizes=\"auto, (max-width: 1024px) 100vw, 1024px\" \/>Pre\u00e7o&#8230; de sonho<\/strong><\/p>\n<p>O Hurac\u00e1n EVO RWD d\u00e1 continuidade ao poderoso <em>design<\/em> dos Lamborghini com motor V10, exibindo novas caracter\u00edsticas dianteiras e traseiras que, claramente, o diferenciam do seu parceiro de gama: Hurac\u00e1n EVO 4WD. O Hurac\u00e1n EVO RWD \u00e9 caracterizado por uma personalidade esculpida e objetiva, complementada por um novo repartidor dianteiro e aletas verticais no interior das tomadas de ar dianteiras de maiores dimens\u00f5es. O para-choques traseiro em preto de alto brilho incorpora um novo difusor, exclusivo desta nova variente de tra\u00e7\u00e3o atr\u00e1s.<strong>\u00a0<\/strong><\/p>\n<p>No interior, o habit\u00e1culo conta com um ecr\u00e3 t\u00e1til HMI de 8,4\u201d ao centro da consola central do ve\u00edculo, que controla todas as vertentes das fun\u00e7\u00f5es do autom\u00f3vel, assim como a gest\u00e3o da conectividade total, como as chamadas telef\u00f3nicas e o acesso \u00e0 <em>Internet<\/em>, al\u00e9m de incluir liga\u00e7\u00e3o Apple CarPlay.<\/p>\n<p>Tanto para o exterior como para o interior, o programa \u201cAd Personam\u201d da Lamborghini oferece op\u00e7\u00f5es inigual\u00e1veis de personaliza\u00e7\u00e3o de cores e acabamentos, permitindo aos propriet\u00e1rios do Hurac\u00e1n EVO RWD aplicar os seus estilo e personalidade individuais ao novo Lamborghini. Por forma a enfatizar a silhueta deste modelo, a nova cor \u201cGiallo Belenus\u201d (amarelo das imagens) foi desenvolvida em conjunto com uma exclusiva cor para os acabamentos em pele e Alcantara interiores, em conson\u00e2ncia com a nova pintura exterior.<\/p>\n<p>Os primeiros clientes receber\u00e3o o novo Lamborghini Hurac\u00e1n EVO RWD na primavera de 2020. Na Europa, o pre\u00e7o de venda recomendado \u00e9 de&#8230; \u20ac159.443 (excluindo impostos).<\/p>\n","protected":false},"excerpt":{"rendered":"<p>Motor 5.2 V10 com 610 cv&#8230;<\/p>\n","protected":false},"author":15,"featured_media":8380,"comment_status":"closed","ping_status":"closed","sticky":false,"template":"","format":"standard","meta":{"footnotes":""},"categories":[29],"tags":[1125,1124,363],"class_list":["post-8384","post","type-post","status-publish","format-standard","has-post-thumbnail","hentry","category-empresas","tag-ad-personam","tag-huracan","tag-lamborghini"],"yoast_head":"<!-- This site is optimized with the Yoast SEO plugin v27.4 - https:\/\/yoast.com\/product\/yoast-seo-wordpress\/ -->\n<title>Lamborghini Hurac\u00e1n EVO Rear-Wheel Drive: touro enraivecido - Jornal das Oficinas<\/title>\n<meta name=\"robots\" content=\"index, follow, max-snippet:-1, max-image-preview:large, max-video-preview:-1\" \/>\n<link rel=\"canonical\" href=\"https:\/\/jornaldasoficinas.com\/pt\/lamborghini-huracan-evo-rear-wheel-drive-touro-enraivecido\/\" \/>\n<meta property=\"og:locale\" content=\"pt_PT\" \/>\n<meta property=\"og:type\" content=\"article\" \/>\n<meta property=\"og:title\" content=\"Lamborghini Hurac\u00e1n EVO Rear-Wheel Drive: touro enraivecido - Jornal das Oficinas\" \/>\n<meta property=\"og:description\" content=\"Motor 5.2 V10 com 610 cv...\" \/>\n<meta property=\"og:url\" content=\"https:\/\/jornaldasoficinas.com\/pt\/lamborghini-huracan-evo-rear-wheel-drive-touro-enraivecido\/\" \/>\n<meta property=\"og:site_name\" content=\"Jornal das Oficinas\" \/>\n<meta property=\"article:publisher\" content=\"https:\/\/www.facebook.com\/jornaloficinas\" \/>\n<meta property=\"article:published_time\" content=\"2020-01-09T01:34:56+00:00\" \/>\n<meta property=\"article:modified_time\" content=\"2023-07-20T15:07:15+00:00\" \/>\n<meta property=\"og:image\" content=\"https:\/\/jornaldasoficinas.com\/pt\/wp-content\/uploads\/2020\/01\/lambohuracanevorwdaction.png\" \/>\n\t<meta property=\"og:image:width\" content=\"1024\" \/>\n\t<meta property=\"og:image:height\" content=\"581\" \/>\n\t<meta property=\"og:image:type\" content=\"image\/png\" \/>\n<meta name=\"author\" content=\"Reda\u00e7\u00e3o JO\" \/>\n<meta name=\"twitter:card\" content=\"summary_large_image\" \/>\n<meta name=\"twitter:creator\" content=\"@jornaloficinas\" \/>\n<meta name=\"twitter:site\" content=\"@jornaloficinas\" \/>\n<meta name=\"twitter:label1\" content=\"Escrito por\" \/>\n\t<meta name=\"twitter:data1\" content=\"Reda\u00e7\u00e3o JO\" \/>\n\t<meta name=\"twitter:label2\" content=\"Tempo estimado de leitura\" \/>\n\t<meta name=\"twitter:data2\" content=\"5 minutos\" \/>\n<script type=\"application\/ld+json\" class=\"yoast-schema-graph\">{\"@context\":\"https:\\\/\\\/schema.org\",\"@graph\":[{\"@type\":\"Article\",\"@id\":\"https:\\\/\\\/jornaldasoficinas.com\\\/pt\\\/lamborghini-huracan-evo-rear-wheel-drive-touro-enraivecido\\\/#article\",\"isPartOf\":{\"@id\":\"https:\\\/\\\/jornaldasoficinas.com\\\/pt\\\/lamborghini-huracan-evo-rear-wheel-drive-touro-enraivecido\\\/\"},\"author\":{\"name\":\"Reda\u00e7\u00e3o JO\",\"@id\":\"https:\\\/\\\/jornaldasoficinas.com\\\/pt\\\/#\\\/schema\\\/person\\\/a38eef5de2c41d9e7c9ac10141afddf3\"},\"headline\":\"Lamborghini Hurac\u00e1n EVO Rear-Wheel Drive: touro enraivecido\",\"datePublished\":\"2020-01-09T01:34:56+00:00\",\"dateModified\":\"2023-07-20T15:07:15+00:00\",\"mainEntityOfPage\":{\"@id\":\"https:\\\/\\\/jornaldasoficinas.com\\\/pt\\\/lamborghini-huracan-evo-rear-wheel-drive-touro-enraivecido\\\/\"},\"wordCount\":938,\"publisher\":{\"@id\":\"https:\\\/\\\/jornaldasoficinas.com\\\/pt\\\/#organization\"},\"image\":{\"@id\":\"https:\\\/\\\/jornaldasoficinas.com\\\/pt\\\/lamborghini-huracan-evo-rear-wheel-drive-touro-enraivecido\\\/#primaryimage\"},\"thumbnailUrl\":\"https:\\\/\\\/jornaldasoficinas.com\\\/pt\\\/wp-content\\\/uploads\\\/2020\\\/01\\\/lambohuracanevorwdaction.png\",\"keywords\":[\"Ad Personam\",\"Hurac\u00e1n\",\"Lamborghini\"],\"articleSection\":[\"Empresas\"],\"inLanguage\":\"pt-PT\"},{\"@type\":\"WebPage\",\"@id\":\"https:\\\/\\\/jornaldasoficinas.com\\\/pt\\\/lamborghini-huracan-evo-rear-wheel-drive-touro-enraivecido\\\/\",\"url\":\"https:\\\/\\\/jornaldasoficinas.com\\\/pt\\\/lamborghini-huracan-evo-rear-wheel-drive-touro-enraivecido\\\/\",\"name\":\"Lamborghini Hurac\u00e1n EVO Rear-Wheel Drive: touro enraivecido - Jornal das Oficinas\",\"isPartOf\":{\"@id\":\"https:\\\/\\\/jornaldasoficinas.com\\\/pt\\\/#website\"},\"primaryImageOfPage\":{\"@id\":\"https:\\\/\\\/jornaldasoficinas.com\\\/pt\\\/lamborghini-huracan-evo-rear-wheel-drive-touro-enraivecido\\\/#primaryimage\"},\"image\":{\"@id\":\"https:\\\/\\\/jornaldasoficinas.com\\\/pt\\\/lamborghini-huracan-evo-rear-wheel-drive-touro-enraivecido\\\/#primaryimage\"},\"thumbnailUrl\":\"https:\\\/\\\/jornaldasoficinas.com\\\/pt\\\/wp-content\\\/uploads\\\/2020\\\/01\\\/lambohuracanevorwdaction.png\",\"datePublished\":\"2020-01-09T01:34:56+00:00\",\"dateModified\":\"2023-07-20T15:07:15+00:00\",\"breadcrumb\":{\"@id\":\"https:\\\/\\\/jornaldasoficinas.com\\\/pt\\\/lamborghini-huracan-evo-rear-wheel-drive-touro-enraivecido\\\/#breadcrumb\"},\"inLanguage\":\"pt-PT\",\"potentialAction\":[{\"@type\":\"ReadAction\",\"target\":[\"https:\\\/\\\/jornaldasoficinas.com\\\/pt\\\/lamborghini-huracan-evo-rear-wheel-drive-touro-enraivecido\\\/\"]}]},{\"@type\":\"ImageObject\",\"inLanguage\":\"pt-PT\",\"@id\":\"https:\\\/\\\/jornaldasoficinas.com\\\/pt\\\/lamborghini-huracan-evo-rear-wheel-drive-touro-enraivecido\\\/#primaryimage\",\"url\":\"https:\\\/\\\/jornaldasoficinas.com\\\/pt\\\/wp-content\\\/uploads\\\/2020\\\/01\\\/lambohuracanevorwdaction.png\",\"contentUrl\":\"https:\\\/\\\/jornaldasoficinas.com\\\/pt\\\/wp-content\\\/uploads\\\/2020\\\/01\\\/lambohuracanevorwdaction.png\",\"width\":1024,\"height\":581,\"caption\":\"01 - lambohuracanevorwdaction\"},{\"@type\":\"BreadcrumbList\",\"@id\":\"https:\\\/\\\/jornaldasoficinas.com\\\/pt\\\/lamborghini-huracan-evo-rear-wheel-drive-touro-enraivecido\\\/#breadcrumb\",\"itemListElement\":[{\"@type\":\"ListItem\",\"position\":1,\"name\":\"In\u00edcio\",\"item\":\"https:\\\/\\\/jornaldasoficinas.com\\\/pt\\\/\"},{\"@type\":\"ListItem\",\"position\":2,\"name\":\"Lamborghini Hurac\u00e1n EVO Rear-Wheel Drive: touro enraivecido\"}]},{\"@type\":\"WebSite\",\"@id\":\"https:\\\/\\\/jornaldasoficinas.com\\\/pt\\\/#website\",\"url\":\"https:\\\/\\\/jornaldasoficinas.com\\\/pt\\\/\",\"name\":\"Jornal das Oficinas\",\"description\":\"Jornal independente do Aftermarket Autom\u00f3vel em Portugal\",\"publisher\":{\"@id\":\"https:\\\/\\\/jornaldasoficinas.com\\\/pt\\\/#organization\"},\"potentialAction\":[{\"@type\":\"SearchAction\",\"target\":{\"@type\":\"EntryPoint\",\"urlTemplate\":\"https:\\\/\\\/jornaldasoficinas.com\\\/pt\\\/?s={search_term_string}\"},\"query-input\":{\"@type\":\"PropertyValueSpecification\",\"valueRequired\":true,\"valueName\":\"search_term_string\"}}],\"inLanguage\":\"pt-PT\"},{\"@type\":\"Organization\",\"@id\":\"https:\\\/\\\/jornaldasoficinas.com\\\/pt\\\/#organization\",\"name\":\"Jornal das Oficinas\",\"url\":\"https:\\\/\\\/jornaldasoficinas.com\\\/pt\\\/\",\"logo\":{\"@type\":\"ImageObject\",\"inLanguage\":\"pt-PT\",\"@id\":\"https:\\\/\\\/jornaldasoficinas.com\\\/pt\\\/#\\\/schema\\\/logo\\\/image\\\/\",\"url\":\"https:\\\/\\\/jornaldasoficinas.com\\\/pt\\\/wp-content\\\/uploads\\\/logoJO-SEO.png\",\"contentUrl\":\"https:\\\/\\\/jornaldasoficinas.com\\\/pt\\\/wp-content\\\/uploads\\\/logoJO-SEO.png\",\"width\":285,\"height\":450,\"caption\":\"Jornal das Oficinas\"},\"image\":{\"@id\":\"https:\\\/\\\/jornaldasoficinas.com\\\/pt\\\/#\\\/schema\\\/logo\\\/image\\\/\"},\"sameAs\":[\"https:\\\/\\\/www.facebook.com\\\/jornaloficinas\",\"https:\\\/\\\/x.com\\\/jornaloficinas\",\"https:\\\/\\\/www.instagram.com\\\/jornal_oficinas\\\/\",\"https:\\\/\\\/www.linkedin.com\\\/company\\\/jornal-das-oficinas\\\/\",\"https:\\\/\\\/www.youtube.com\\\/channel\\\/UCbQZBqtcvV-oSQrr7RzINGg\"]},{\"@type\":\"Person\",\"@id\":\"https:\\\/\\\/jornaldasoficinas.com\\\/pt\\\/#\\\/schema\\\/person\\\/a38eef5de2c41d9e7c9ac10141afddf3\",\"name\":\"Reda\u00e7\u00e3o JO\",\"image\":{\"@type\":\"ImageObject\",\"inLanguage\":\"pt-PT\",\"@id\":\"https:\\\/\\\/secure.gravatar.com\\\/avatar\\\/71f2fa71737ad68a84fea94bc708ddac8ea5b0c4788dc2ad202f3ccb2887742f?s=96&d=wp_user_avatar&r=g\",\"url\":\"https:\\\/\\\/secure.gravatar.com\\\/avatar\\\/71f2fa71737ad68a84fea94bc708ddac8ea5b0c4788dc2ad202f3ccb2887742f?s=96&d=wp_user_avatar&r=g\",\"contentUrl\":\"https:\\\/\\\/secure.gravatar.com\\\/avatar\\\/71f2fa71737ad68a84fea94bc708ddac8ea5b0c4788dc2ad202f3ccb2887742f?s=96&d=wp_user_avatar&r=g\",\"caption\":\"Reda\u00e7\u00e3o JO\"},\"url\":\"https:\\\/\\\/jornaldasoficinas.com\\\/pt\\\/author\\\/joredacao\\\/\"}]}<\/script>\n<!-- \/ Yoast SEO plugin. -->","yoast_head_json":{"title":"Lamborghini Hurac\u00e1n EVO Rear-Wheel Drive: touro enraivecido - Jornal das Oficinas","robots":{"index":"index","follow":"follow","max-snippet":"max-snippet:-1","max-image-preview":"max-image-preview:large","max-video-preview":"max-video-preview:-1"},"canonical":"https:\/\/jornaldasoficinas.com\/pt\/lamborghini-huracan-evo-rear-wheel-drive-touro-enraivecido\/","og_locale":"pt_PT","og_type":"article","og_title":"Lamborghini Hurac\u00e1n EVO Rear-Wheel Drive: touro enraivecido - Jornal das Oficinas","og_description":"Motor 5.2 V10 com 610 cv...","og_url":"https:\/\/jornaldasoficinas.com\/pt\/lamborghini-huracan-evo-rear-wheel-drive-touro-enraivecido\/","og_site_name":"Jornal das Oficinas","article_publisher":"https:\/\/www.facebook.com\/jornaloficinas","article_published_time":"2020-01-09T01:34:56+00:00","article_modified_time":"2023-07-20T15:07:15+00:00","og_image":[{"width":1024,"height":581,"url":"https:\/\/jornaldasoficinas.com\/pt\/wp-content\/uploads\/2020\/01\/lambohuracanevorwdaction.png","type":"image\/png"}],"author":"Reda\u00e7\u00e3o JO","twitter_card":"summary_large_image","twitter_creator":"@jornaloficinas","twitter_site":"@jornaloficinas","twitter_misc":{"Escrito por":"Reda\u00e7\u00e3o JO","Tempo estimado de leitura":"5 minutos"},"schema":{"@context":"https:\/\/schema.org","@graph":[{"@type":"Article","@id":"https:\/\/jornaldasoficinas.com\/pt\/lamborghini-huracan-evo-rear-wheel-drive-touro-enraivecido\/#article","isPartOf":{"@id":"https:\/\/jornaldasoficinas.com\/pt\/lamborghini-huracan-evo-rear-wheel-drive-touro-enraivecido\/"},"author":{"name":"Reda\u00e7\u00e3o JO","@id":"https:\/\/jornaldasoficinas.com\/pt\/#\/schema\/person\/a38eef5de2c41d9e7c9ac10141afddf3"},"headline":"Lamborghini Hurac\u00e1n EVO Rear-Wheel Drive: touro enraivecido","datePublished":"2020-01-09T01:34:56+00:00","dateModified":"2023-07-20T15:07:15+00:00","mainEntityOfPage":{"@id":"https:\/\/jornaldasoficinas.com\/pt\/lamborghini-huracan-evo-rear-wheel-drive-touro-enraivecido\/"},"wordCount":938,"publisher":{"@id":"https:\/\/jornaldasoficinas.com\/pt\/#organization"},"image":{"@id":"https:\/\/jornaldasoficinas.com\/pt\/lamborghini-huracan-evo-rear-wheel-drive-touro-enraivecido\/#primaryimage"},"thumbnailUrl":"https:\/\/jornaldasoficinas.com\/pt\/wp-content\/uploads\/2020\/01\/lambohuracanevorwdaction.png","keywords":["Ad Personam","Hurac\u00e1n","Lamborghini"],"articleSection":["Empresas"],"inLanguage":"pt-PT"},{"@type":"WebPage","@id":"https:\/\/jornaldasoficinas.com\/pt\/lamborghini-huracan-evo-rear-wheel-drive-touro-enraivecido\/","url":"https:\/\/jornaldasoficinas.com\/pt\/lamborghini-huracan-evo-rear-wheel-drive-touro-enraivecido\/","name":"Lamborghini Hurac\u00e1n EVO Rear-Wheel Drive: touro enraivecido - Jornal das Oficinas","isPartOf":{"@id":"https:\/\/jornaldasoficinas.com\/pt\/#website"},"primaryImageOfPage":{"@id":"https:\/\/jornaldasoficinas.com\/pt\/lamborghini-huracan-evo-rear-wheel-drive-touro-enraivecido\/#primaryimage"},"image":{"@id":"https:\/\/jornaldasoficinas.com\/pt\/lamborghini-huracan-evo-rear-wheel-drive-touro-enraivecido\/#primaryimage"},"thumbnailUrl":"https:\/\/jornaldasoficinas.com\/pt\/wp-content\/uploads\/2020\/01\/lambohuracanevorwdaction.png","datePublished":"2020-01-09T01:34:56+00:00","dateModified":"2023-07-20T15:07:15+00:00","breadcrumb":{"@id":"https:\/\/jornaldasoficinas.com\/pt\/lamborghini-huracan-evo-rear-wheel-drive-touro-enraivecido\/#breadcrumb"},"inLanguage":"pt-PT","potentialAction":[{"@type":"ReadAction","target":["https:\/\/jornaldasoficinas.com\/pt\/lamborghini-huracan-evo-rear-wheel-drive-touro-enraivecido\/"]}]},{"@type":"ImageObject","inLanguage":"pt-PT","@id":"https:\/\/jornaldasoficinas.com\/pt\/lamborghini-huracan-evo-rear-wheel-drive-touro-enraivecido\/#primaryimage","url":"https:\/\/jornaldasoficinas.com\/pt\/wp-content\/uploads\/2020\/01\/lambohuracanevorwdaction.png","contentUrl":"https:\/\/jornaldasoficinas.com\/pt\/wp-content\/uploads\/2020\/01\/lambohuracanevorwdaction.png","width":1024,"height":581,"caption":"01 - lambohuracanevorwdaction"},{"@type":"BreadcrumbList","@id":"https:\/\/jornaldasoficinas.com\/pt\/lamborghini-huracan-evo-rear-wheel-drive-touro-enraivecido\/#breadcrumb","itemListElement":[{"@type":"ListItem","position":1,"name":"In\u00edcio","item":"https:\/\/jornaldasoficinas.com\/pt\/"},{"@type":"ListItem","position":2,"name":"Lamborghini Hurac\u00e1n EVO Rear-Wheel Drive: touro enraivecido"}]},{"@type":"WebSite","@id":"https:\/\/jornaldasoficinas.com\/pt\/#website","url":"https:\/\/jornaldasoficinas.com\/pt\/","name":"Jornal das Oficinas","description":"Jornal independente do Aftermarket Autom\u00f3vel em Portugal","publisher":{"@id":"https:\/\/jornaldasoficinas.com\/pt\/#organization"},"potentialAction":[{"@type":"SearchAction","target":{"@type":"EntryPoint","urlTemplate":"https:\/\/jornaldasoficinas.com\/pt\/?s={search_term_string}"},"query-input":{"@type":"PropertyValueSpecification","valueRequired":true,"valueName":"search_term_string"}}],"inLanguage":"pt-PT"},{"@type":"Organization","@id":"https:\/\/jornaldasoficinas.com\/pt\/#organization","name":"Jornal das Oficinas","url":"https:\/\/jornaldasoficinas.com\/pt\/","logo":{"@type":"ImageObject","inLanguage":"pt-PT","@id":"https:\/\/jornaldasoficinas.com\/pt\/#\/schema\/logo\/image\/","url":"https:\/\/jornaldasoficinas.com\/pt\/wp-content\/uploads\/logoJO-SEO.png","contentUrl":"https:\/\/jornaldasoficinas.com\/pt\/wp-content\/uploads\/logoJO-SEO.png","width":285,"height":450,"caption":"Jornal das Oficinas"},"image":{"@id":"https:\/\/jornaldasoficinas.com\/pt\/#\/schema\/logo\/image\/"},"sameAs":["https:\/\/www.facebook.com\/jornaloficinas","https:\/\/x.com\/jornaloficinas","https:\/\/www.instagram.com\/jornal_oficinas\/","https:\/\/www.linkedin.com\/company\/jornal-das-oficinas\/","https:\/\/www.youtube.com\/channel\/UCbQZBqtcvV-oSQrr7RzINGg"]},{"@type":"Person","@id":"https:\/\/jornaldasoficinas.com\/pt\/#\/schema\/person\/a38eef5de2c41d9e7c9ac10141afddf3","name":"Reda\u00e7\u00e3o JO","image":{"@type":"ImageObject","inLanguage":"pt-PT","@id":"https:\/\/secure.gravatar.com\/avatar\/71f2fa71737ad68a84fea94bc708ddac8ea5b0c4788dc2ad202f3ccb2887742f?s=96&d=wp_user_avatar&r=g","url":"https:\/\/secure.gravatar.com\/avatar\/71f2fa71737ad68a84fea94bc708ddac8ea5b0c4788dc2ad202f3ccb2887742f?s=96&d=wp_user_avatar&r=g","contentUrl":"https:\/\/secure.gravatar.com\/avatar\/71f2fa71737ad68a84fea94bc708ddac8ea5b0c4788dc2ad202f3ccb2887742f?s=96&d=wp_user_avatar&r=g","caption":"Reda\u00e7\u00e3o JO"},"url":"https:\/\/jornaldasoficinas.com\/pt\/author\/joredacao\/"}]}},"_links":{"self":[{"href":"https:\/\/jornaldasoficinas.com\/pt\/wp-json\/wp\/v2\/posts\/8384","targetHints":{"allow":["GET"]}}],"collection":[{"href":"https:\/\/jornaldasoficinas.com\/pt\/wp-json\/wp\/v2\/posts"}],"about":[{"href":"https:\/\/jornaldasoficinas.com\/pt\/wp-json\/wp\/v2\/types\/post"}],"author":[{"embeddable":true,"href":"https:\/\/jornaldasoficinas.com\/pt\/wp-json\/wp\/v2\/users\/15"}],"replies":[{"embeddable":true,"href":"https:\/\/jornaldasoficinas.com\/pt\/wp-json\/wp\/v2\/comments?post=8384"}],"version-history":[{"count":0,"href":"https:\/\/jornaldasoficinas.com\/pt\/wp-json\/wp\/v2\/posts\/8384\/revisions"}],"wp:featuredmedia":[{"embeddable":true,"href":"https:\/\/jornaldasoficinas.com\/pt\/wp-json\/wp\/v2\/media\/8380"}],"wp:attachment":[{"href":"https:\/\/jornaldasoficinas.com\/pt\/wp-json\/wp\/v2\/media?parent=8384"}],"wp:term":[{"taxonomy":"category","embeddable":true,"href":"https:\/\/jornaldasoficinas.com\/pt\/wp-json\/wp\/v2\/categories?post=8384"},{"taxonomy":"post_tag","embeddable":true,"href":"https:\/\/jornaldasoficinas.com\/pt\/wp-json\/wp\/v2\/tags?post=8384"}],"curies":[{"name":"wp","href":"https:\/\/api.w.org\/{rel}","templated":true}]}}