{"id":83962,"date":"2024-05-07T08:00:15","date_gmt":"2024-05-07T07:00:15","guid":{"rendered":"https:\/\/jornaldasoficinas.com\/pt\/?p=83962"},"modified":"2024-05-02T20:08:15","modified_gmt":"2024-05-02T19:08:15","slug":"schaeffler-e-siemens-intensificam-colaboracao-na-area-da-ia","status":"publish","type":"post","link":"https:\/\/jornaldasoficinas.com\/pt\/schaeffler-e-siemens-intensificam-colaboracao-na-area-da-ia\/","title":{"rendered":"Schaeffler e Siemens intensificam colabora\u00e7\u00e3o na \u00e1rea da IA"},"content":{"rendered":"<p><img loading=\"lazy\" decoding=\"async\" class=\"alignnone size-full wp-image-83969\" src=\"https:\/\/jornaldasoficinas.com\/pt\/wp-content\/uploads\/2024\/05\/Schaeffler-e-Siemens-intensificam-colaboracao-na-area-da-IA.jpeg\" alt=\"05 - Schaeffler e Siemens intensificam colaboracao na area da IA\" width=\"1024\" height=\"581\" srcset=\"https:\/\/jornaldasoficinas.com\/pt\/wp-content\/uploads\/2024\/05\/Schaeffler-e-Siemens-intensificam-colaboracao-na-area-da-IA.jpeg 1024w, https:\/\/jornaldasoficinas.com\/pt\/wp-content\/uploads\/2024\/05\/Schaeffler-e-Siemens-intensificam-colaboracao-na-area-da-IA-300x170.jpeg 300w, https:\/\/jornaldasoficinas.com\/pt\/wp-content\/uploads\/2024\/05\/Schaeffler-e-Siemens-intensificam-colaboracao-na-area-da-IA-150x85.jpeg 150w, https:\/\/jornaldasoficinas.com\/pt\/wp-content\/uploads\/2024\/05\/Schaeffler-e-Siemens-intensificam-colaboracao-na-area-da-IA-768x436.jpeg 768w\" sizes=\"auto, (max-width: 1024px) 100vw, 1024px\" \/><\/p>\n<p><strong>A <a href=\"https:\/\/www.schaeffler.com\" target=\"_blank\" rel=\"noopener\">Schaeffler<\/a> e a <a href=\"https:\/\/www.siemens.com\/pt\/pt.html\" target=\"_blank\" rel=\"noopener\">Siemens<\/a> assinaram um Memorando de Entendimento (MDE) na feira Hannover Messe, com o objetivo de desenvolver solu\u00e7\u00f5es digitais para a unidade de produ\u00e7\u00e3o e de aplica\u00e7\u00f5es de IA no setor industrial<\/strong><\/p>\n<p>Ambas as empresas ir\u00e3o impulsionar a utiliza\u00e7\u00e3o da intelig\u00eancia artificial no setor industrial, na medida em que v\u00e3o dar um importante contributo conjunto para moldar a produ\u00e7\u00e3o digital do futuro. Na feira Hannover Messe, Schaeffler e Siemens demonstraram uma vez mais o sucesso da sua colabora\u00e7\u00e3o atrav\u00e9s do &#8220;Siemens Industrial Copilot&#8221;, uma solu\u00e7\u00e3o de automatiza\u00e7\u00e3o industrial que utiliza a IA.<\/p>\n<p>Na feira, foi ligada a uma m\u00e1quina de produ\u00e7\u00e3o da Schaeffler Special Machinery. Gra\u00e7as a este assistente de IA, o trabalho torna-se muito mais eficiente para os trabalhadores na unidade de produ\u00e7\u00e3o, uma vez que os complexos c\u00f3digos de automatiza\u00e7\u00e3o da m\u00e1quina tamb\u00e9m podem ser gerados falando normalmente.<\/p>\n<p>&#8220;A digitaliza\u00e7\u00e3o \u00e9 um dos principais t\u00f3picos na Schaeffler&#8221;, disse Klaus Rosenfeld, CEO da Schaeffler AG. &#8220;A utiliza\u00e7\u00e3o de solu\u00e7\u00f5es baseadas em IA \u00e9 um fator decisivo para tornar os processos de produ\u00e7\u00e3o mais inovadores, \u00e1geis e eficientes. Com a Siemens ao seu lado, a Schaeffler tem um forte parceiro industrial com quem partilha os objetivos de acelerar o desenvolvimento e a implementa\u00e7\u00e3o seletiva de solu\u00e7\u00f5es de IA generativa e de criar valor acrescentado para os seus clientes&#8221;.<\/p>\n<p>&#8220;Siemens e Schaeffler s\u00e3o pioneiros no caminho de f\u00e1bricas altamente automatizadas e digitais. Com a &#8220;Siemens Industrial Copilot&#8221;, introduzimos a capacidade da IA generativa na unidade de produ\u00e7\u00e3o da Schaeffler&#8221;, afirmou Cedrik Neike, membro do Conselho de Administra\u00e7\u00e3o da Siemens AG e CEO da Digital Industries.<\/p>\n<p>&#8220;Juntos, mostramos como a intelig\u00eancia artificial est\u00e1 a revolucionar a produ\u00e7\u00e3o, desde a gera\u00e7\u00e3o de c\u00f3digo de m\u00e1quina at\u00e9 \u00e0 manuten\u00e7\u00e3o baseada em IA. Isto \u00e9 apenas o princ\u00edpio&#8221;, continuou.<\/p>\n<p><strong>Siemens Industrial Copilot<\/strong><\/p>\n<p>A Schaeffler j\u00e1 utiliza in\u00fameras solu\u00e7\u00f5es de IA em diversas aplica\u00e7\u00f5es. O &#8220;Siemens Industrial Copilot&#8221; funciona em modo piloto numa c\u00e9lula robotizada da Schaeffler Special Machinery, a unidade de constru\u00e7\u00e3o de m\u00e1quinas especiais do Grupo Schaeffler. O projeto foi desenvolvido conjuntamente pela Schaeffler e Siemens. A solu\u00e7\u00e3o de IA assume tarefas como a cria\u00e7\u00e3o de c\u00f3digos de programa\u00e7\u00e3o complexos para os processos de fabrico, com o que reduz os custos relacionados com operar as m\u00e1quinas. O &#8220;Siemens Industrial Copilot&#8221; tamb\u00e9m tem acesso \u00e0 documenta\u00e7\u00e3o, diretrizes e manuais pertinentes para ajudar os trabalhadores a identificar as poss\u00edveis causas dos erros. O assistente baseado em IA oferece um potencial acrescido no que respeita \u00e0 correspond\u00eancia autom\u00e1tica ou \u00e0s valida\u00e7\u00f5es das m\u00e1quinas.<\/p>\n<p>&#8220;Estamos no in\u00edcio de uma d\u00e9cada de efici\u00eancia na Schaeffler. A &#8220;Siemens Industrial Copilot&#8221; demonstra que atualmente a intelig\u00eancia artificial j\u00e1 pode ser utilizada na produ\u00e7\u00e3o. Com o Copilot, oferecemos aos nossos especialistas na unidade de produ\u00e7\u00e3o uma ferramenta digital inovadora que simplifica o seu trabalho e aumenta significativamente a sua efici\u00eancia. Levamos a produ\u00e7\u00e3o a um novo n\u00edvel de digitaliza\u00e7\u00e3o em colabora\u00e7\u00e3o com a Siemens&#8221;, concluiu Andreas Schick, Chief Operating Officer da Schaeffler AG.<\/p>\n","protected":false},"excerpt":{"rendered":"<p>A Schaeffler e a Siemens assinaram&#8230;<\/p>\n","protected":false},"author":15,"featured_media":83969,"comment_status":"closed","ping_status":"closed","sticky":false,"template":"","format":"standard","meta":{"footnotes":""},"categories":[29],"tags":[8870,1087,8868,1840,8869,275,3998],"class_list":["post-83962","post","type-post","status-publish","format-standard","has-post-thumbnail","hentry","category-empresas","tag-feira-hannover-messe","tag-inteligencia-artificial","tag-memorando-de-entendimento","tag-schaeffler","tag-setor-industrial","tag-siemens","tag-solucoes-digitais"],"yoast_head":"<!-- This site is optimized with the Yoast SEO plugin v27.4 - https:\/\/yoast.com\/product\/yoast-seo-wordpress\/ -->\n<title>Schaeffler e Siemens intensificam colabora\u00e7\u00e3o na \u00e1rea da IA - Jornal das Oficinas<\/title>\n<meta name=\"description\" content=\"A Schaeffler e a Siemens assinaram um Memorando de Entendimento (MDE), com o objetivo de desenvolver solu\u00e7\u00f5es digitais para o setor industrial\" \/>\n<meta name=\"robots\" content=\"index, follow, max-snippet:-1, max-image-preview:large, max-video-preview:-1\" \/>\n<link rel=\"canonical\" href=\"https:\/\/jornaldasoficinas.com\/pt\/schaeffler-e-siemens-intensificam-colaboracao-na-area-da-ia\/\" \/>\n<meta property=\"og:locale\" content=\"pt_PT\" \/>\n<meta property=\"og:type\" content=\"article\" \/>\n<meta property=\"og:title\" content=\"Schaeffler e Siemens intensificam colabora\u00e7\u00e3o na \u00e1rea da IA - Jornal das Oficinas\" \/>\n<meta property=\"og:description\" content=\"A Schaeffler e a Siemens assinaram um Memorando de Entendimento (MDE), com o objetivo de desenvolver solu\u00e7\u00f5es digitais para o setor industrial\" \/>\n<meta property=\"og:url\" content=\"https:\/\/jornaldasoficinas.com\/pt\/schaeffler-e-siemens-intensificam-colaboracao-na-area-da-ia\/\" \/>\n<meta property=\"og:site_name\" content=\"Jornal das Oficinas\" \/>\n<meta property=\"article:publisher\" content=\"https:\/\/www.facebook.com\/jornaloficinas\" \/>\n<meta property=\"article:published_time\" content=\"2024-05-07T07:00:15+00:00\" \/>\n<meta property=\"og:image\" content=\"https:\/\/jornaldasoficinas.com\/pt\/wp-content\/uploads\/2024\/05\/Schaeffler-e-Siemens-intensificam-colaboracao-na-area-da-IA.jpeg\" \/>\n\t<meta property=\"og:image:width\" content=\"1024\" \/>\n\t<meta property=\"og:image:height\" content=\"581\" \/>\n\t<meta property=\"og:image:type\" content=\"image\/jpeg\" \/>\n<meta name=\"author\" content=\"Reda\u00e7\u00e3o JO\" \/>\n<meta name=\"twitter:card\" content=\"summary_large_image\" \/>\n<meta name=\"twitter:creator\" content=\"@jornaloficinas\" \/>\n<meta name=\"twitter:site\" content=\"@jornaloficinas\" \/>\n<meta name=\"twitter:label1\" content=\"Escrito por\" \/>\n\t<meta name=\"twitter:data1\" content=\"Reda\u00e7\u00e3o JO\" \/>\n\t<meta name=\"twitter:label2\" content=\"Tempo estimado de leitura\" \/>\n\t<meta name=\"twitter:data2\" content=\"4 minutos\" \/>\n<script type=\"application\/ld+json\" class=\"yoast-schema-graph\">{\"@context\":\"https:\\\/\\\/schema.org\",\"@graph\":[{\"@type\":\"Article\",\"@id\":\"https:\\\/\\\/jornaldasoficinas.com\\\/pt\\\/schaeffler-e-siemens-intensificam-colaboracao-na-area-da-ia\\\/#article\",\"isPartOf\":{\"@id\":\"https:\\\/\\\/jornaldasoficinas.com\\\/pt\\\/schaeffler-e-siemens-intensificam-colaboracao-na-area-da-ia\\\/\"},\"author\":{\"name\":\"Reda\u00e7\u00e3o JO\",\"@id\":\"https:\\\/\\\/jornaldasoficinas.com\\\/pt\\\/#\\\/schema\\\/person\\\/a38eef5de2c41d9e7c9ac10141afddf3\"},\"headline\":\"Schaeffler e Siemens intensificam colabora\u00e7\u00e3o na \u00e1rea da IA\",\"datePublished\":\"2024-05-07T07:00:15+00:00\",\"mainEntityOfPage\":{\"@id\":\"https:\\\/\\\/jornaldasoficinas.com\\\/pt\\\/schaeffler-e-siemens-intensificam-colaboracao-na-area-da-ia\\\/\"},\"wordCount\":565,\"publisher\":{\"@id\":\"https:\\\/\\\/jornaldasoficinas.com\\\/pt\\\/#organization\"},\"image\":{\"@id\":\"https:\\\/\\\/jornaldasoficinas.com\\\/pt\\\/schaeffler-e-siemens-intensificam-colaboracao-na-area-da-ia\\\/#primaryimage\"},\"thumbnailUrl\":\"https:\\\/\\\/jornaldasoficinas.com\\\/pt\\\/wp-content\\\/uploads\\\/2024\\\/05\\\/Schaeffler-e-Siemens-intensificam-colaboracao-na-area-da-IA.jpeg\",\"keywords\":[\"feira Hannover Messe\",\"Intelig\u00eancia artificial\",\"Memorando de Entendimento\",\"Schaeffler\",\"setor industrial\",\"Siemens\",\"solu\u00e7\u00f5es digitais\"],\"articleSection\":[\"Empresas\"],\"inLanguage\":\"pt-PT\"},{\"@type\":\"WebPage\",\"@id\":\"https:\\\/\\\/jornaldasoficinas.com\\\/pt\\\/schaeffler-e-siemens-intensificam-colaboracao-na-area-da-ia\\\/\",\"url\":\"https:\\\/\\\/jornaldasoficinas.com\\\/pt\\\/schaeffler-e-siemens-intensificam-colaboracao-na-area-da-ia\\\/\",\"name\":\"Schaeffler e Siemens intensificam colabora\u00e7\u00e3o na \u00e1rea da IA - Jornal das Oficinas\",\"isPartOf\":{\"@id\":\"https:\\\/\\\/jornaldasoficinas.com\\\/pt\\\/#website\"},\"primaryImageOfPage\":{\"@id\":\"https:\\\/\\\/jornaldasoficinas.com\\\/pt\\\/schaeffler-e-siemens-intensificam-colaboracao-na-area-da-ia\\\/#primaryimage\"},\"image\":{\"@id\":\"https:\\\/\\\/jornaldasoficinas.com\\\/pt\\\/schaeffler-e-siemens-intensificam-colaboracao-na-area-da-ia\\\/#primaryimage\"},\"thumbnailUrl\":\"https:\\\/\\\/jornaldasoficinas.com\\\/pt\\\/wp-content\\\/uploads\\\/2024\\\/05\\\/Schaeffler-e-Siemens-intensificam-colaboracao-na-area-da-IA.jpeg\",\"datePublished\":\"2024-05-07T07:00:15+00:00\",\"description\":\"A Schaeffler e a Siemens assinaram um Memorando de Entendimento (MDE), com o objetivo de desenvolver solu\u00e7\u00f5es digitais para o setor industrial\",\"breadcrumb\":{\"@id\":\"https:\\\/\\\/jornaldasoficinas.com\\\/pt\\\/schaeffler-e-siemens-intensificam-colaboracao-na-area-da-ia\\\/#breadcrumb\"},\"inLanguage\":\"pt-PT\",\"potentialAction\":[{\"@type\":\"ReadAction\",\"target\":[\"https:\\\/\\\/jornaldasoficinas.com\\\/pt\\\/schaeffler-e-siemens-intensificam-colaboracao-na-area-da-ia\\\/\"]}]},{\"@type\":\"ImageObject\",\"inLanguage\":\"pt-PT\",\"@id\":\"https:\\\/\\\/jornaldasoficinas.com\\\/pt\\\/schaeffler-e-siemens-intensificam-colaboracao-na-area-da-ia\\\/#primaryimage\",\"url\":\"https:\\\/\\\/jornaldasoficinas.com\\\/pt\\\/wp-content\\\/uploads\\\/2024\\\/05\\\/Schaeffler-e-Siemens-intensificam-colaboracao-na-area-da-IA.jpeg\",\"contentUrl\":\"https:\\\/\\\/jornaldasoficinas.com\\\/pt\\\/wp-content\\\/uploads\\\/2024\\\/05\\\/Schaeffler-e-Siemens-intensificam-colaboracao-na-area-da-IA.jpeg\",\"width\":1024,\"height\":581,\"caption\":\"05 - Schaeffler e Siemens intensificam colaboracao na area da IA\"},{\"@type\":\"BreadcrumbList\",\"@id\":\"https:\\\/\\\/jornaldasoficinas.com\\\/pt\\\/schaeffler-e-siemens-intensificam-colaboracao-na-area-da-ia\\\/#breadcrumb\",\"itemListElement\":[{\"@type\":\"ListItem\",\"position\":1,\"name\":\"In\u00edcio\",\"item\":\"https:\\\/\\\/jornaldasoficinas.com\\\/pt\\\/\"},{\"@type\":\"ListItem\",\"position\":2,\"name\":\"Schaeffler e Siemens intensificam colabora\u00e7\u00e3o na \u00e1rea da IA\"}]},{\"@type\":\"WebSite\",\"@id\":\"https:\\\/\\\/jornaldasoficinas.com\\\/pt\\\/#website\",\"url\":\"https:\\\/\\\/jornaldasoficinas.com\\\/pt\\\/\",\"name\":\"Jornal das Oficinas\",\"description\":\"Jornal independente do Aftermarket Autom\u00f3vel em Portugal\",\"publisher\":{\"@id\":\"https:\\\/\\\/jornaldasoficinas.com\\\/pt\\\/#organization\"},\"potentialAction\":[{\"@type\":\"SearchAction\",\"target\":{\"@type\":\"EntryPoint\",\"urlTemplate\":\"https:\\\/\\\/jornaldasoficinas.com\\\/pt\\\/?s={search_term_string}\"},\"query-input\":{\"@type\":\"PropertyValueSpecification\",\"valueRequired\":true,\"valueName\":\"search_term_string\"}}],\"inLanguage\":\"pt-PT\"},{\"@type\":\"Organization\",\"@id\":\"https:\\\/\\\/jornaldasoficinas.com\\\/pt\\\/#organization\",\"name\":\"Jornal das Oficinas\",\"url\":\"https:\\\/\\\/jornaldasoficinas.com\\\/pt\\\/\",\"logo\":{\"@type\":\"ImageObject\",\"inLanguage\":\"pt-PT\",\"@id\":\"https:\\\/\\\/jornaldasoficinas.com\\\/pt\\\/#\\\/schema\\\/logo\\\/image\\\/\",\"url\":\"https:\\\/\\\/jornaldasoficinas.com\\\/pt\\\/wp-content\\\/uploads\\\/logoJO-SEO.png\",\"contentUrl\":\"https:\\\/\\\/jornaldasoficinas.com\\\/pt\\\/wp-content\\\/uploads\\\/logoJO-SEO.png\",\"width\":285,\"height\":450,\"caption\":\"Jornal das Oficinas\"},\"image\":{\"@id\":\"https:\\\/\\\/jornaldasoficinas.com\\\/pt\\\/#\\\/schema\\\/logo\\\/image\\\/\"},\"sameAs\":[\"https:\\\/\\\/www.facebook.com\\\/jornaloficinas\",\"https:\\\/\\\/x.com\\\/jornaloficinas\",\"https:\\\/\\\/www.instagram.com\\\/jornal_oficinas\\\/\",\"https:\\\/\\\/www.linkedin.com\\\/company\\\/jornal-das-oficinas\\\/\",\"https:\\\/\\\/www.youtube.com\\\/channel\\\/UCbQZBqtcvV-oSQrr7RzINGg\"]},{\"@type\":\"Person\",\"@id\":\"https:\\\/\\\/jornaldasoficinas.com\\\/pt\\\/#\\\/schema\\\/person\\\/a38eef5de2c41d9e7c9ac10141afddf3\",\"name\":\"Reda\u00e7\u00e3o JO\",\"image\":{\"@type\":\"ImageObject\",\"inLanguage\":\"pt-PT\",\"@id\":\"https:\\\/\\\/secure.gravatar.com\\\/avatar\\\/71f2fa71737ad68a84fea94bc708ddac8ea5b0c4788dc2ad202f3ccb2887742f?s=96&d=wp_user_avatar&r=g\",\"url\":\"https:\\\/\\\/secure.gravatar.com\\\/avatar\\\/71f2fa71737ad68a84fea94bc708ddac8ea5b0c4788dc2ad202f3ccb2887742f?s=96&d=wp_user_avatar&r=g\",\"contentUrl\":\"https:\\\/\\\/secure.gravatar.com\\\/avatar\\\/71f2fa71737ad68a84fea94bc708ddac8ea5b0c4788dc2ad202f3ccb2887742f?s=96&d=wp_user_avatar&r=g\",\"caption\":\"Reda\u00e7\u00e3o JO\"},\"url\":\"https:\\\/\\\/jornaldasoficinas.com\\\/pt\\\/author\\\/joredacao\\\/\"}]}<\/script>\n<!-- \/ Yoast SEO plugin. -->","yoast_head_json":{"title":"Schaeffler e Siemens intensificam colabora\u00e7\u00e3o na \u00e1rea da IA - Jornal das Oficinas","description":"A Schaeffler e a Siemens assinaram um Memorando de Entendimento (MDE), com o objetivo de desenvolver solu\u00e7\u00f5es digitais para o setor industrial","robots":{"index":"index","follow":"follow","max-snippet":"max-snippet:-1","max-image-preview":"max-image-preview:large","max-video-preview":"max-video-preview:-1"},"canonical":"https:\/\/jornaldasoficinas.com\/pt\/schaeffler-e-siemens-intensificam-colaboracao-na-area-da-ia\/","og_locale":"pt_PT","og_type":"article","og_title":"Schaeffler e Siemens intensificam colabora\u00e7\u00e3o na \u00e1rea da IA - Jornal das Oficinas","og_description":"A Schaeffler e a Siemens assinaram um Memorando de Entendimento (MDE), com o objetivo de desenvolver solu\u00e7\u00f5es digitais para o setor industrial","og_url":"https:\/\/jornaldasoficinas.com\/pt\/schaeffler-e-siemens-intensificam-colaboracao-na-area-da-ia\/","og_site_name":"Jornal das Oficinas","article_publisher":"https:\/\/www.facebook.com\/jornaloficinas","article_published_time":"2024-05-07T07:00:15+00:00","og_image":[{"width":1024,"height":581,"url":"https:\/\/jornaldasoficinas.com\/pt\/wp-content\/uploads\/2024\/05\/Schaeffler-e-Siemens-intensificam-colaboracao-na-area-da-IA.jpeg","type":"image\/jpeg"}],"author":"Reda\u00e7\u00e3o JO","twitter_card":"summary_large_image","twitter_creator":"@jornaloficinas","twitter_site":"@jornaloficinas","twitter_misc":{"Escrito por":"Reda\u00e7\u00e3o JO","Tempo estimado de leitura":"4 minutos"},"schema":{"@context":"https:\/\/schema.org","@graph":[{"@type":"Article","@id":"https:\/\/jornaldasoficinas.com\/pt\/schaeffler-e-siemens-intensificam-colaboracao-na-area-da-ia\/#article","isPartOf":{"@id":"https:\/\/jornaldasoficinas.com\/pt\/schaeffler-e-siemens-intensificam-colaboracao-na-area-da-ia\/"},"author":{"name":"Reda\u00e7\u00e3o JO","@id":"https:\/\/jornaldasoficinas.com\/pt\/#\/schema\/person\/a38eef5de2c41d9e7c9ac10141afddf3"},"headline":"Schaeffler e Siemens intensificam colabora\u00e7\u00e3o na \u00e1rea da IA","datePublished":"2024-05-07T07:00:15+00:00","mainEntityOfPage":{"@id":"https:\/\/jornaldasoficinas.com\/pt\/schaeffler-e-siemens-intensificam-colaboracao-na-area-da-ia\/"},"wordCount":565,"publisher":{"@id":"https:\/\/jornaldasoficinas.com\/pt\/#organization"},"image":{"@id":"https:\/\/jornaldasoficinas.com\/pt\/schaeffler-e-siemens-intensificam-colaboracao-na-area-da-ia\/#primaryimage"},"thumbnailUrl":"https:\/\/jornaldasoficinas.com\/pt\/wp-content\/uploads\/2024\/05\/Schaeffler-e-Siemens-intensificam-colaboracao-na-area-da-IA.jpeg","keywords":["feira Hannover Messe","Intelig\u00eancia artificial","Memorando de Entendimento","Schaeffler","setor industrial","Siemens","solu\u00e7\u00f5es digitais"],"articleSection":["Empresas"],"inLanguage":"pt-PT"},{"@type":"WebPage","@id":"https:\/\/jornaldasoficinas.com\/pt\/schaeffler-e-siemens-intensificam-colaboracao-na-area-da-ia\/","url":"https:\/\/jornaldasoficinas.com\/pt\/schaeffler-e-siemens-intensificam-colaboracao-na-area-da-ia\/","name":"Schaeffler e Siemens intensificam colabora\u00e7\u00e3o na \u00e1rea da IA - Jornal das Oficinas","isPartOf":{"@id":"https:\/\/jornaldasoficinas.com\/pt\/#website"},"primaryImageOfPage":{"@id":"https:\/\/jornaldasoficinas.com\/pt\/schaeffler-e-siemens-intensificam-colaboracao-na-area-da-ia\/#primaryimage"},"image":{"@id":"https:\/\/jornaldasoficinas.com\/pt\/schaeffler-e-siemens-intensificam-colaboracao-na-area-da-ia\/#primaryimage"},"thumbnailUrl":"https:\/\/jornaldasoficinas.com\/pt\/wp-content\/uploads\/2024\/05\/Schaeffler-e-Siemens-intensificam-colaboracao-na-area-da-IA.jpeg","datePublished":"2024-05-07T07:00:15+00:00","description":"A Schaeffler e a Siemens assinaram um Memorando de Entendimento (MDE), com o objetivo de desenvolver solu\u00e7\u00f5es digitais para o setor industrial","breadcrumb":{"@id":"https:\/\/jornaldasoficinas.com\/pt\/schaeffler-e-siemens-intensificam-colaboracao-na-area-da-ia\/#breadcrumb"},"inLanguage":"pt-PT","potentialAction":[{"@type":"ReadAction","target":["https:\/\/jornaldasoficinas.com\/pt\/schaeffler-e-siemens-intensificam-colaboracao-na-area-da-ia\/"]}]},{"@type":"ImageObject","inLanguage":"pt-PT","@id":"https:\/\/jornaldasoficinas.com\/pt\/schaeffler-e-siemens-intensificam-colaboracao-na-area-da-ia\/#primaryimage","url":"https:\/\/jornaldasoficinas.com\/pt\/wp-content\/uploads\/2024\/05\/Schaeffler-e-Siemens-intensificam-colaboracao-na-area-da-IA.jpeg","contentUrl":"https:\/\/jornaldasoficinas.com\/pt\/wp-content\/uploads\/2024\/05\/Schaeffler-e-Siemens-intensificam-colaboracao-na-area-da-IA.jpeg","width":1024,"height":581,"caption":"05 - Schaeffler e Siemens intensificam colaboracao na area da IA"},{"@type":"BreadcrumbList","@id":"https:\/\/jornaldasoficinas.com\/pt\/schaeffler-e-siemens-intensificam-colaboracao-na-area-da-ia\/#breadcrumb","itemListElement":[{"@type":"ListItem","position":1,"name":"In\u00edcio","item":"https:\/\/jornaldasoficinas.com\/pt\/"},{"@type":"ListItem","position":2,"name":"Schaeffler e Siemens intensificam colabora\u00e7\u00e3o na \u00e1rea da IA"}]},{"@type":"WebSite","@id":"https:\/\/jornaldasoficinas.com\/pt\/#website","url":"https:\/\/jornaldasoficinas.com\/pt\/","name":"Jornal das Oficinas","description":"Jornal independente do Aftermarket Autom\u00f3vel em Portugal","publisher":{"@id":"https:\/\/jornaldasoficinas.com\/pt\/#organization"},"potentialAction":[{"@type":"SearchAction","target":{"@type":"EntryPoint","urlTemplate":"https:\/\/jornaldasoficinas.com\/pt\/?s={search_term_string}"},"query-input":{"@type":"PropertyValueSpecification","valueRequired":true,"valueName":"search_term_string"}}],"inLanguage":"pt-PT"},{"@type":"Organization","@id":"https:\/\/jornaldasoficinas.com\/pt\/#organization","name":"Jornal das Oficinas","url":"https:\/\/jornaldasoficinas.com\/pt\/","logo":{"@type":"ImageObject","inLanguage":"pt-PT","@id":"https:\/\/jornaldasoficinas.com\/pt\/#\/schema\/logo\/image\/","url":"https:\/\/jornaldasoficinas.com\/pt\/wp-content\/uploads\/logoJO-SEO.png","contentUrl":"https:\/\/jornaldasoficinas.com\/pt\/wp-content\/uploads\/logoJO-SEO.png","width":285,"height":450,"caption":"Jornal das Oficinas"},"image":{"@id":"https:\/\/jornaldasoficinas.com\/pt\/#\/schema\/logo\/image\/"},"sameAs":["https:\/\/www.facebook.com\/jornaloficinas","https:\/\/x.com\/jornaloficinas","https:\/\/www.instagram.com\/jornal_oficinas\/","https:\/\/www.linkedin.com\/company\/jornal-das-oficinas\/","https:\/\/www.youtube.com\/channel\/UCbQZBqtcvV-oSQrr7RzINGg"]},{"@type":"Person","@id":"https:\/\/jornaldasoficinas.com\/pt\/#\/schema\/person\/a38eef5de2c41d9e7c9ac10141afddf3","name":"Reda\u00e7\u00e3o JO","image":{"@type":"ImageObject","inLanguage":"pt-PT","@id":"https:\/\/secure.gravatar.com\/avatar\/71f2fa71737ad68a84fea94bc708ddac8ea5b0c4788dc2ad202f3ccb2887742f?s=96&d=wp_user_avatar&r=g","url":"https:\/\/secure.gravatar.com\/avatar\/71f2fa71737ad68a84fea94bc708ddac8ea5b0c4788dc2ad202f3ccb2887742f?s=96&d=wp_user_avatar&r=g","contentUrl":"https:\/\/secure.gravatar.com\/avatar\/71f2fa71737ad68a84fea94bc708ddac8ea5b0c4788dc2ad202f3ccb2887742f?s=96&d=wp_user_avatar&r=g","caption":"Reda\u00e7\u00e3o JO"},"url":"https:\/\/jornaldasoficinas.com\/pt\/author\/joredacao\/"}]}},"_links":{"self":[{"href":"https:\/\/jornaldasoficinas.com\/pt\/wp-json\/wp\/v2\/posts\/83962","targetHints":{"allow":["GET"]}}],"collection":[{"href":"https:\/\/jornaldasoficinas.com\/pt\/wp-json\/wp\/v2\/posts"}],"about":[{"href":"https:\/\/jornaldasoficinas.com\/pt\/wp-json\/wp\/v2\/types\/post"}],"author":[{"embeddable":true,"href":"https:\/\/jornaldasoficinas.com\/pt\/wp-json\/wp\/v2\/users\/15"}],"replies":[{"embeddable":true,"href":"https:\/\/jornaldasoficinas.com\/pt\/wp-json\/wp\/v2\/comments?post=83962"}],"version-history":[{"count":0,"href":"https:\/\/jornaldasoficinas.com\/pt\/wp-json\/wp\/v2\/posts\/83962\/revisions"}],"wp:featuredmedia":[{"embeddable":true,"href":"https:\/\/jornaldasoficinas.com\/pt\/wp-json\/wp\/v2\/media\/83969"}],"wp:attachment":[{"href":"https:\/\/jornaldasoficinas.com\/pt\/wp-json\/wp\/v2\/media?parent=83962"}],"wp:term":[{"taxonomy":"category","embeddable":true,"href":"https:\/\/jornaldasoficinas.com\/pt\/wp-json\/wp\/v2\/categories?post=83962"},{"taxonomy":"post_tag","embeddable":true,"href":"https:\/\/jornaldasoficinas.com\/pt\/wp-json\/wp\/v2\/tags?post=83962"}],"curies":[{"name":"wp","href":"https:\/\/api.w.org\/{rel}","templated":true}]}}