{"id":84040,"date":"2024-05-03T13:00:30","date_gmt":"2024-05-03T12:00:30","guid":{"rendered":"https:\/\/jornaldasoficinas.com\/pt\/?p=84040"},"modified":"2024-05-03T11:02:47","modified_gmt":"2024-05-03T10:02:47","slug":"mercado-automovel-em-portugal-continua-a-crescer","status":"publish","type":"post","link":"https:\/\/jornaldasoficinas.com\/pt\/mercado-automovel-em-portugal-continua-a-crescer\/","title":{"rendered":"Mercado Autom\u00f3vel em Portugal continua a crescer"},"content":{"rendered":"<p><img loading=\"lazy\" decoding=\"async\" class=\"size-full wp-image-84042\" src=\"https:\/\/jornaldasoficinas.com\/pt\/wp-content\/uploads\/2024\/05\/Mercado-Automovel-em-Portugal-continua-a-crescer.jpeg\" alt=\"05 - Mercado Automovel em Portugal continua a crescer\" width=\"1024\" height=\"581\" srcset=\"https:\/\/jornaldasoficinas.com\/pt\/wp-content\/uploads\/2024\/05\/Mercado-Automovel-em-Portugal-continua-a-crescer.jpeg 1024w, https:\/\/jornaldasoficinas.com\/pt\/wp-content\/uploads\/2024\/05\/Mercado-Automovel-em-Portugal-continua-a-crescer-300x170.jpeg 300w, https:\/\/jornaldasoficinas.com\/pt\/wp-content\/uploads\/2024\/05\/Mercado-Automovel-em-Portugal-continua-a-crescer-150x85.jpeg 150w, https:\/\/jornaldasoficinas.com\/pt\/wp-content\/uploads\/2024\/05\/Mercado-Automovel-em-Portugal-continua-a-crescer-768x436.jpeg 768w\" sizes=\"auto, (max-width: 1024px) 100vw, 1024px\" \/><\/p>\n<p><strong>O mercado autom\u00f3vel em Portugal cresceu entre janeiro e abril, com 89.415 novos ve\u00edculos colocados em circula\u00e7\u00e3o, anunciou a <a href=\"https:\/\/www.acap.pt\/\">ACAP<\/a> \u2014\u00a0Associa\u00e7\u00e3o Autom\u00f3vel de Portugal<\/strong><\/p>\n<p>S\u00f3 \u201cDe janeiro a abril de 2024, foram colocados em circula\u00e7\u00e3o 89.415 novos ve\u00edculos, o que representa um aumento de 13,4% relativamente ao mesmo per\u00edodo do ano anterior\u201d, indicou, em comunicado, a ACAP.<\/p>\n<p>Em abril foram matriculados 20.895 autom\u00f3veis, ou seja, um aumento de 14,3% face ao mesmo m\u00eas do ano anterior.<\/p>\n<p>Por categoria, nos primeiros quatro meses do ano, contabilizaram-se 76.373 matr\u00edculas de ve\u00edculos ligeiros de passageiros, mais 11,8% do que no per\u00edodo hom\u00f3logo.<\/p>\n<p>\u201cDe janeiro a abril de 2024,\u00a052,2% dos ve\u00edculos ligeiros\u00a0de passageiros matriculados novos\u00a0eram movidos a outros tipos de energia, nomeadamente el\u00e9tricos e h\u00edbridos\u201c, referiu a associa\u00e7\u00e3o.<\/p>\n<p>Por sua vez, o\u00a0mercado de ligeiros de mercadorias teve um aumento de 28%\u00a0nos primeiros quatro meses do ano, somando 10.625 unidades.<\/p>\n<p>J\u00e1 o\u00a0mercado de ve\u00edculos pesados, que inclui os de passageiros e mercadorias, registou 2.417 unidades,\u00a0ascendendo 7,9%\u00a0relativamente ao primeiro quadrimestre de 2023.<\/p>\n","protected":false},"excerpt":{"rendered":"<p>O mercado autom\u00f3vel em Portugal cresceu&#8230;<\/p>\n","protected":false},"author":15,"featured_media":84042,"comment_status":"closed","ping_status":"closed","sticky":false,"template":"","format":"standard","meta":{"footnotes":""},"categories":[37],"tags":[157,1726,2781,8879,8281,3494,6157,466],"class_list":["post-84040","post","type-post","status-publish","format-standard","has-post-thumbnail","hentry","category-mercado","tag-acap","tag-associacao-automovel-de-portugal","tag-crescimento","tag-janeiro-a-abril","tag-mercado-automovel-portugues","tag-veiculos-ligeiros","tag-veiculos-ligeiros-de-mercadorias","tag-veiculos-pesados"],"yoast_head":"<!-- This site is optimized with the Yoast SEO plugin v27.4 - https:\/\/yoast.com\/product\/yoast-seo-wordpress\/ -->\n<title>Mercado Autom\u00f3vel em Portugal continua a crescer - Jornal das Oficinas<\/title>\n<meta name=\"description\" content=\"O mercado autom\u00f3vel em Portugal cresceu entre janeiro e abril, 13,4%, relativamente ao mesmo per\u00edodo do ano anterior, divulgou a ACAP\" \/>\n<meta name=\"robots\" content=\"index, follow, max-snippet:-1, max-image-preview:large, max-video-preview:-1\" \/>\n<link rel=\"canonical\" href=\"https:\/\/jornaldasoficinas.com\/pt\/mercado-automovel-em-portugal-continua-a-crescer\/\" \/>\n<meta property=\"og:locale\" content=\"pt_PT\" \/>\n<meta property=\"og:type\" content=\"article\" \/>\n<meta property=\"og:title\" content=\"Mercado Autom\u00f3vel em Portugal continua a crescer - Jornal das Oficinas\" \/>\n<meta property=\"og:description\" content=\"O mercado autom\u00f3vel em Portugal cresceu entre janeiro e abril, 13,4%, relativamente ao mesmo per\u00edodo do ano anterior, divulgou a ACAP\" \/>\n<meta property=\"og:url\" content=\"https:\/\/jornaldasoficinas.com\/pt\/mercado-automovel-em-portugal-continua-a-crescer\/\" \/>\n<meta property=\"og:site_name\" content=\"Jornal das Oficinas\" \/>\n<meta property=\"article:publisher\" content=\"https:\/\/www.facebook.com\/jornaloficinas\" \/>\n<meta property=\"article:published_time\" content=\"2024-05-03T12:00:30+00:00\" \/>\n<meta property=\"og:image\" content=\"https:\/\/jornaldasoficinas.com\/pt\/wp-content\/uploads\/2024\/05\/Mercado-Automovel-em-Portugal-continua-a-crescer.jpeg\" \/>\n\t<meta property=\"og:image:width\" content=\"1024\" \/>\n\t<meta property=\"og:image:height\" content=\"581\" \/>\n\t<meta property=\"og:image:type\" content=\"image\/jpeg\" \/>\n<meta name=\"author\" content=\"Reda\u00e7\u00e3o JO\" \/>\n<meta name=\"twitter:card\" content=\"summary_large_image\" \/>\n<meta name=\"twitter:creator\" content=\"@jornaloficinas\" \/>\n<meta name=\"twitter:site\" content=\"@jornaloficinas\" \/>\n<meta name=\"twitter:label1\" content=\"Escrito por\" \/>\n\t<meta name=\"twitter:data1\" content=\"Reda\u00e7\u00e3o JO\" \/>\n\t<meta name=\"twitter:label2\" content=\"Tempo estimado de leitura\" \/>\n\t<meta name=\"twitter:data2\" content=\"2 minutos\" \/>\n<script type=\"application\/ld+json\" class=\"yoast-schema-graph\">{\"@context\":\"https:\\\/\\\/schema.org\",\"@graph\":[{\"@type\":\"Article\",\"@id\":\"https:\\\/\\\/jornaldasoficinas.com\\\/pt\\\/mercado-automovel-em-portugal-continua-a-crescer\\\/#article\",\"isPartOf\":{\"@id\":\"https:\\\/\\\/jornaldasoficinas.com\\\/pt\\\/mercado-automovel-em-portugal-continua-a-crescer\\\/\"},\"author\":{\"name\":\"Reda\u00e7\u00e3o JO\",\"@id\":\"https:\\\/\\\/jornaldasoficinas.com\\\/pt\\\/#\\\/schema\\\/person\\\/a38eef5de2c41d9e7c9ac10141afddf3\"},\"headline\":\"Mercado Autom\u00f3vel em Portugal continua a crescer\",\"datePublished\":\"2024-05-03T12:00:30+00:00\",\"mainEntityOfPage\":{\"@id\":\"https:\\\/\\\/jornaldasoficinas.com\\\/pt\\\/mercado-automovel-em-portugal-continua-a-crescer\\\/\"},\"wordCount\":186,\"publisher\":{\"@id\":\"https:\\\/\\\/jornaldasoficinas.com\\\/pt\\\/#organization\"},\"image\":{\"@id\":\"https:\\\/\\\/jornaldasoficinas.com\\\/pt\\\/mercado-automovel-em-portugal-continua-a-crescer\\\/#primaryimage\"},\"thumbnailUrl\":\"https:\\\/\\\/jornaldasoficinas.com\\\/pt\\\/wp-content\\\/uploads\\\/2024\\\/05\\\/Mercado-Automovel-em-Portugal-continua-a-crescer.jpeg\",\"keywords\":[\"ACAP\",\"Associa\u00e7\u00e3o Autom\u00f3vel de Portugal\",\"Crescimento\",\"janeiro a abril\",\"mercado autom\u00f3vel portugu\u00eas\",\"Ve\u00edculos ligeiros\",\"Ve\u00edculos Ligeiros de Mercadorias\",\"Ve\u00edculos Pesados\"],\"articleSection\":[\"Mercado\"],\"inLanguage\":\"pt-PT\"},{\"@type\":\"WebPage\",\"@id\":\"https:\\\/\\\/jornaldasoficinas.com\\\/pt\\\/mercado-automovel-em-portugal-continua-a-crescer\\\/\",\"url\":\"https:\\\/\\\/jornaldasoficinas.com\\\/pt\\\/mercado-automovel-em-portugal-continua-a-crescer\\\/\",\"name\":\"Mercado Autom\u00f3vel em Portugal continua a crescer - Jornal das Oficinas\",\"isPartOf\":{\"@id\":\"https:\\\/\\\/jornaldasoficinas.com\\\/pt\\\/#website\"},\"primaryImageOfPage\":{\"@id\":\"https:\\\/\\\/jornaldasoficinas.com\\\/pt\\\/mercado-automovel-em-portugal-continua-a-crescer\\\/#primaryimage\"},\"image\":{\"@id\":\"https:\\\/\\\/jornaldasoficinas.com\\\/pt\\\/mercado-automovel-em-portugal-continua-a-crescer\\\/#primaryimage\"},\"thumbnailUrl\":\"https:\\\/\\\/jornaldasoficinas.com\\\/pt\\\/wp-content\\\/uploads\\\/2024\\\/05\\\/Mercado-Automovel-em-Portugal-continua-a-crescer.jpeg\",\"datePublished\":\"2024-05-03T12:00:30+00:00\",\"description\":\"O mercado autom\u00f3vel em Portugal cresceu entre janeiro e abril, 13,4%, relativamente ao mesmo per\u00edodo do ano anterior, divulgou a ACAP\",\"breadcrumb\":{\"@id\":\"https:\\\/\\\/jornaldasoficinas.com\\\/pt\\\/mercado-automovel-em-portugal-continua-a-crescer\\\/#breadcrumb\"},\"inLanguage\":\"pt-PT\",\"potentialAction\":[{\"@type\":\"ReadAction\",\"target\":[\"https:\\\/\\\/jornaldasoficinas.com\\\/pt\\\/mercado-automovel-em-portugal-continua-a-crescer\\\/\"]}]},{\"@type\":\"ImageObject\",\"inLanguage\":\"pt-PT\",\"@id\":\"https:\\\/\\\/jornaldasoficinas.com\\\/pt\\\/mercado-automovel-em-portugal-continua-a-crescer\\\/#primaryimage\",\"url\":\"https:\\\/\\\/jornaldasoficinas.com\\\/pt\\\/wp-content\\\/uploads\\\/2024\\\/05\\\/Mercado-Automovel-em-Portugal-continua-a-crescer.jpeg\",\"contentUrl\":\"https:\\\/\\\/jornaldasoficinas.com\\\/pt\\\/wp-content\\\/uploads\\\/2024\\\/05\\\/Mercado-Automovel-em-Portugal-continua-a-crescer.jpeg\",\"width\":1024,\"height\":581,\"caption\":\"epa03797306 (FILE) A file photo dated 17 April 2012 shows employees of the BLG Logistics Group working on a line of new Mercedes-Benz cars in Bremerhaven, Germany. The German economy is forecast to slow after a strong second-quarter, the Bundesbank said on 22 July 2013. 'With regards to the summer quarter, the signs of a slowdown in economic growth are becoming more evident, in line with the general trend,' the central bank said in its monthly report. It gave no growth or contraction figures. It said it believed industry and construction made important contributions to the rebound in the second-quarter. The German economy, Europe's largest, made a weak start to 2013, growing by 0.1 per cent in the first quarter. This has been blamed on the long winter hitting sectors like construction, and the financial crisis in the eurozone. EPA\\\/INGO WAGNER\"},{\"@type\":\"BreadcrumbList\",\"@id\":\"https:\\\/\\\/jornaldasoficinas.com\\\/pt\\\/mercado-automovel-em-portugal-continua-a-crescer\\\/#breadcrumb\",\"itemListElement\":[{\"@type\":\"ListItem\",\"position\":1,\"name\":\"In\u00edcio\",\"item\":\"https:\\\/\\\/jornaldasoficinas.com\\\/pt\\\/\"},{\"@type\":\"ListItem\",\"position\":2,\"name\":\"Mercado Autom\u00f3vel em Portugal continua a crescer\"}]},{\"@type\":\"WebSite\",\"@id\":\"https:\\\/\\\/jornaldasoficinas.com\\\/pt\\\/#website\",\"url\":\"https:\\\/\\\/jornaldasoficinas.com\\\/pt\\\/\",\"name\":\"Jornal das Oficinas\",\"description\":\"Jornal independente do Aftermarket Autom\u00f3vel em Portugal\",\"publisher\":{\"@id\":\"https:\\\/\\\/jornaldasoficinas.com\\\/pt\\\/#organization\"},\"potentialAction\":[{\"@type\":\"SearchAction\",\"target\":{\"@type\":\"EntryPoint\",\"urlTemplate\":\"https:\\\/\\\/jornaldasoficinas.com\\\/pt\\\/?s={search_term_string}\"},\"query-input\":{\"@type\":\"PropertyValueSpecification\",\"valueRequired\":true,\"valueName\":\"search_term_string\"}}],\"inLanguage\":\"pt-PT\"},{\"@type\":\"Organization\",\"@id\":\"https:\\\/\\\/jornaldasoficinas.com\\\/pt\\\/#organization\",\"name\":\"Jornal das Oficinas\",\"url\":\"https:\\\/\\\/jornaldasoficinas.com\\\/pt\\\/\",\"logo\":{\"@type\":\"ImageObject\",\"inLanguage\":\"pt-PT\",\"@id\":\"https:\\\/\\\/jornaldasoficinas.com\\\/pt\\\/#\\\/schema\\\/logo\\\/image\\\/\",\"url\":\"https:\\\/\\\/jornaldasoficinas.com\\\/pt\\\/wp-content\\\/uploads\\\/logoJO-SEO.png\",\"contentUrl\":\"https:\\\/\\\/jornaldasoficinas.com\\\/pt\\\/wp-content\\\/uploads\\\/logoJO-SEO.png\",\"width\":285,\"height\":450,\"caption\":\"Jornal das Oficinas\"},\"image\":{\"@id\":\"https:\\\/\\\/jornaldasoficinas.com\\\/pt\\\/#\\\/schema\\\/logo\\\/image\\\/\"},\"sameAs\":[\"https:\\\/\\\/www.facebook.com\\\/jornaloficinas\",\"https:\\\/\\\/x.com\\\/jornaloficinas\",\"https:\\\/\\\/www.instagram.com\\\/jornal_oficinas\\\/\",\"https:\\\/\\\/www.linkedin.com\\\/company\\\/jornal-das-oficinas\\\/\",\"https:\\\/\\\/www.youtube.com\\\/channel\\\/UCbQZBqtcvV-oSQrr7RzINGg\"]},{\"@type\":\"Person\",\"@id\":\"https:\\\/\\\/jornaldasoficinas.com\\\/pt\\\/#\\\/schema\\\/person\\\/a38eef5de2c41d9e7c9ac10141afddf3\",\"name\":\"Reda\u00e7\u00e3o JO\",\"image\":{\"@type\":\"ImageObject\",\"inLanguage\":\"pt-PT\",\"@id\":\"https:\\\/\\\/secure.gravatar.com\\\/avatar\\\/71f2fa71737ad68a84fea94bc708ddac8ea5b0c4788dc2ad202f3ccb2887742f?s=96&d=wp_user_avatar&r=g\",\"url\":\"https:\\\/\\\/secure.gravatar.com\\\/avatar\\\/71f2fa71737ad68a84fea94bc708ddac8ea5b0c4788dc2ad202f3ccb2887742f?s=96&d=wp_user_avatar&r=g\",\"contentUrl\":\"https:\\\/\\\/secure.gravatar.com\\\/avatar\\\/71f2fa71737ad68a84fea94bc708ddac8ea5b0c4788dc2ad202f3ccb2887742f?s=96&d=wp_user_avatar&r=g\",\"caption\":\"Reda\u00e7\u00e3o JO\"},\"url\":\"https:\\\/\\\/jornaldasoficinas.com\\\/pt\\\/author\\\/joredacao\\\/\"}]}<\/script>\n<!-- \/ Yoast SEO plugin. -->","yoast_head_json":{"title":"Mercado Autom\u00f3vel em Portugal continua a crescer - Jornal das Oficinas","description":"O mercado autom\u00f3vel em Portugal cresceu entre janeiro e abril, 13,4%, relativamente ao mesmo per\u00edodo do ano anterior, divulgou a ACAP","robots":{"index":"index","follow":"follow","max-snippet":"max-snippet:-1","max-image-preview":"max-image-preview:large","max-video-preview":"max-video-preview:-1"},"canonical":"https:\/\/jornaldasoficinas.com\/pt\/mercado-automovel-em-portugal-continua-a-crescer\/","og_locale":"pt_PT","og_type":"article","og_title":"Mercado Autom\u00f3vel em Portugal continua a crescer - Jornal das Oficinas","og_description":"O mercado autom\u00f3vel em Portugal cresceu entre janeiro e abril, 13,4%, relativamente ao mesmo per\u00edodo do ano anterior, divulgou a ACAP","og_url":"https:\/\/jornaldasoficinas.com\/pt\/mercado-automovel-em-portugal-continua-a-crescer\/","og_site_name":"Jornal das Oficinas","article_publisher":"https:\/\/www.facebook.com\/jornaloficinas","article_published_time":"2024-05-03T12:00:30+00:00","og_image":[{"width":1024,"height":581,"url":"https:\/\/jornaldasoficinas.com\/pt\/wp-content\/uploads\/2024\/05\/Mercado-Automovel-em-Portugal-continua-a-crescer.jpeg","type":"image\/jpeg"}],"author":"Reda\u00e7\u00e3o JO","twitter_card":"summary_large_image","twitter_creator":"@jornaloficinas","twitter_site":"@jornaloficinas","twitter_misc":{"Escrito por":"Reda\u00e7\u00e3o JO","Tempo estimado de leitura":"2 minutos"},"schema":{"@context":"https:\/\/schema.org","@graph":[{"@type":"Article","@id":"https:\/\/jornaldasoficinas.com\/pt\/mercado-automovel-em-portugal-continua-a-crescer\/#article","isPartOf":{"@id":"https:\/\/jornaldasoficinas.com\/pt\/mercado-automovel-em-portugal-continua-a-crescer\/"},"author":{"name":"Reda\u00e7\u00e3o JO","@id":"https:\/\/jornaldasoficinas.com\/pt\/#\/schema\/person\/a38eef5de2c41d9e7c9ac10141afddf3"},"headline":"Mercado Autom\u00f3vel em Portugal continua a crescer","datePublished":"2024-05-03T12:00:30+00:00","mainEntityOfPage":{"@id":"https:\/\/jornaldasoficinas.com\/pt\/mercado-automovel-em-portugal-continua-a-crescer\/"},"wordCount":186,"publisher":{"@id":"https:\/\/jornaldasoficinas.com\/pt\/#organization"},"image":{"@id":"https:\/\/jornaldasoficinas.com\/pt\/mercado-automovel-em-portugal-continua-a-crescer\/#primaryimage"},"thumbnailUrl":"https:\/\/jornaldasoficinas.com\/pt\/wp-content\/uploads\/2024\/05\/Mercado-Automovel-em-Portugal-continua-a-crescer.jpeg","keywords":["ACAP","Associa\u00e7\u00e3o Autom\u00f3vel de Portugal","Crescimento","janeiro a abril","mercado autom\u00f3vel portugu\u00eas","Ve\u00edculos ligeiros","Ve\u00edculos Ligeiros de Mercadorias","Ve\u00edculos Pesados"],"articleSection":["Mercado"],"inLanguage":"pt-PT"},{"@type":"WebPage","@id":"https:\/\/jornaldasoficinas.com\/pt\/mercado-automovel-em-portugal-continua-a-crescer\/","url":"https:\/\/jornaldasoficinas.com\/pt\/mercado-automovel-em-portugal-continua-a-crescer\/","name":"Mercado Autom\u00f3vel em Portugal continua a crescer - Jornal das Oficinas","isPartOf":{"@id":"https:\/\/jornaldasoficinas.com\/pt\/#website"},"primaryImageOfPage":{"@id":"https:\/\/jornaldasoficinas.com\/pt\/mercado-automovel-em-portugal-continua-a-crescer\/#primaryimage"},"image":{"@id":"https:\/\/jornaldasoficinas.com\/pt\/mercado-automovel-em-portugal-continua-a-crescer\/#primaryimage"},"thumbnailUrl":"https:\/\/jornaldasoficinas.com\/pt\/wp-content\/uploads\/2024\/05\/Mercado-Automovel-em-Portugal-continua-a-crescer.jpeg","datePublished":"2024-05-03T12:00:30+00:00","description":"O mercado autom\u00f3vel em Portugal cresceu entre janeiro e abril, 13,4%, relativamente ao mesmo per\u00edodo do ano anterior, divulgou a ACAP","breadcrumb":{"@id":"https:\/\/jornaldasoficinas.com\/pt\/mercado-automovel-em-portugal-continua-a-crescer\/#breadcrumb"},"inLanguage":"pt-PT","potentialAction":[{"@type":"ReadAction","target":["https:\/\/jornaldasoficinas.com\/pt\/mercado-automovel-em-portugal-continua-a-crescer\/"]}]},{"@type":"ImageObject","inLanguage":"pt-PT","@id":"https:\/\/jornaldasoficinas.com\/pt\/mercado-automovel-em-portugal-continua-a-crescer\/#primaryimage","url":"https:\/\/jornaldasoficinas.com\/pt\/wp-content\/uploads\/2024\/05\/Mercado-Automovel-em-Portugal-continua-a-crescer.jpeg","contentUrl":"https:\/\/jornaldasoficinas.com\/pt\/wp-content\/uploads\/2024\/05\/Mercado-Automovel-em-Portugal-continua-a-crescer.jpeg","width":1024,"height":581,"caption":"epa03797306 (FILE) A file photo dated 17 April 2012 shows employees of the BLG Logistics Group working on a line of new Mercedes-Benz cars in Bremerhaven, Germany. The German economy is forecast to slow after a strong second-quarter, the Bundesbank said on 22 July 2013. 'With regards to the summer quarter, the signs of a slowdown in economic growth are becoming more evident, in line with the general trend,' the central bank said in its monthly report. It gave no growth or contraction figures. It said it believed industry and construction made important contributions to the rebound in the second-quarter. The German economy, Europe's largest, made a weak start to 2013, growing by 0.1 per cent in the first quarter. This has been blamed on the long winter hitting sectors like construction, and the financial crisis in the eurozone. EPA\/INGO WAGNER"},{"@type":"BreadcrumbList","@id":"https:\/\/jornaldasoficinas.com\/pt\/mercado-automovel-em-portugal-continua-a-crescer\/#breadcrumb","itemListElement":[{"@type":"ListItem","position":1,"name":"In\u00edcio","item":"https:\/\/jornaldasoficinas.com\/pt\/"},{"@type":"ListItem","position":2,"name":"Mercado Autom\u00f3vel em Portugal continua a crescer"}]},{"@type":"WebSite","@id":"https:\/\/jornaldasoficinas.com\/pt\/#website","url":"https:\/\/jornaldasoficinas.com\/pt\/","name":"Jornal das Oficinas","description":"Jornal independente do Aftermarket Autom\u00f3vel em Portugal","publisher":{"@id":"https:\/\/jornaldasoficinas.com\/pt\/#organization"},"potentialAction":[{"@type":"SearchAction","target":{"@type":"EntryPoint","urlTemplate":"https:\/\/jornaldasoficinas.com\/pt\/?s={search_term_string}"},"query-input":{"@type":"PropertyValueSpecification","valueRequired":true,"valueName":"search_term_string"}}],"inLanguage":"pt-PT"},{"@type":"Organization","@id":"https:\/\/jornaldasoficinas.com\/pt\/#organization","name":"Jornal das Oficinas","url":"https:\/\/jornaldasoficinas.com\/pt\/","logo":{"@type":"ImageObject","inLanguage":"pt-PT","@id":"https:\/\/jornaldasoficinas.com\/pt\/#\/schema\/logo\/image\/","url":"https:\/\/jornaldasoficinas.com\/pt\/wp-content\/uploads\/logoJO-SEO.png","contentUrl":"https:\/\/jornaldasoficinas.com\/pt\/wp-content\/uploads\/logoJO-SEO.png","width":285,"height":450,"caption":"Jornal das Oficinas"},"image":{"@id":"https:\/\/jornaldasoficinas.com\/pt\/#\/schema\/logo\/image\/"},"sameAs":["https:\/\/www.facebook.com\/jornaloficinas","https:\/\/x.com\/jornaloficinas","https:\/\/www.instagram.com\/jornal_oficinas\/","https:\/\/www.linkedin.com\/company\/jornal-das-oficinas\/","https:\/\/www.youtube.com\/channel\/UCbQZBqtcvV-oSQrr7RzINGg"]},{"@type":"Person","@id":"https:\/\/jornaldasoficinas.com\/pt\/#\/schema\/person\/a38eef5de2c41d9e7c9ac10141afddf3","name":"Reda\u00e7\u00e3o JO","image":{"@type":"ImageObject","inLanguage":"pt-PT","@id":"https:\/\/secure.gravatar.com\/avatar\/71f2fa71737ad68a84fea94bc708ddac8ea5b0c4788dc2ad202f3ccb2887742f?s=96&d=wp_user_avatar&r=g","url":"https:\/\/secure.gravatar.com\/avatar\/71f2fa71737ad68a84fea94bc708ddac8ea5b0c4788dc2ad202f3ccb2887742f?s=96&d=wp_user_avatar&r=g","contentUrl":"https:\/\/secure.gravatar.com\/avatar\/71f2fa71737ad68a84fea94bc708ddac8ea5b0c4788dc2ad202f3ccb2887742f?s=96&d=wp_user_avatar&r=g","caption":"Reda\u00e7\u00e3o JO"},"url":"https:\/\/jornaldasoficinas.com\/pt\/author\/joredacao\/"}]}},"_links":{"self":[{"href":"https:\/\/jornaldasoficinas.com\/pt\/wp-json\/wp\/v2\/posts\/84040","targetHints":{"allow":["GET"]}}],"collection":[{"href":"https:\/\/jornaldasoficinas.com\/pt\/wp-json\/wp\/v2\/posts"}],"about":[{"href":"https:\/\/jornaldasoficinas.com\/pt\/wp-json\/wp\/v2\/types\/post"}],"author":[{"embeddable":true,"href":"https:\/\/jornaldasoficinas.com\/pt\/wp-json\/wp\/v2\/users\/15"}],"replies":[{"embeddable":true,"href":"https:\/\/jornaldasoficinas.com\/pt\/wp-json\/wp\/v2\/comments?post=84040"}],"version-history":[{"count":0,"href":"https:\/\/jornaldasoficinas.com\/pt\/wp-json\/wp\/v2\/posts\/84040\/revisions"}],"wp:featuredmedia":[{"embeddable":true,"href":"https:\/\/jornaldasoficinas.com\/pt\/wp-json\/wp\/v2\/media\/84042"}],"wp:attachment":[{"href":"https:\/\/jornaldasoficinas.com\/pt\/wp-json\/wp\/v2\/media?parent=84040"}],"wp:term":[{"taxonomy":"category","embeddable":true,"href":"https:\/\/jornaldasoficinas.com\/pt\/wp-json\/wp\/v2\/categories?post=84040"},{"taxonomy":"post_tag","embeddable":true,"href":"https:\/\/jornaldasoficinas.com\/pt\/wp-json\/wp\/v2\/tags?post=84040"}],"curies":[{"name":"wp","href":"https:\/\/api.w.org\/{rel}","templated":true}]}}