{"id":84096,"date":"2024-05-09T08:00:55","date_gmt":"2024-05-09T07:00:55","guid":{"rendered":"https:\/\/jornaldasoficinas.com\/pt\/?p=84096"},"modified":"2024-05-07T09:43:20","modified_gmt":"2024-05-07T08:43:20","slug":"preco-medio-de-veiculos-usados-sobe-43-em-2023","status":"publish","type":"post","link":"https:\/\/jornaldasoficinas.com\/pt\/preco-medio-de-veiculos-usados-sobe-43-em-2023\/","title":{"rendered":"Pre\u00e7o m\u00e9dio de ve\u00edculos usados sobe 4,3% em 2023"},"content":{"rendered":"<p><img loading=\"lazy\" decoding=\"async\" class=\"alignnone size-full wp-image-84104\" src=\"https:\/\/jornaldasoficinas.com\/pt\/wp-content\/uploads\/2024\/05\/Preco-medio-de-veiculos-usados-sobe-43-em-2023-face-a-2022.jpg\" alt=\"05 - Preco medio de veiculos usados sobe 43 em 2023 face a 2022\" width=\"1024\" height=\"581\" srcset=\"https:\/\/jornaldasoficinas.com\/pt\/wp-content\/uploads\/2024\/05\/Preco-medio-de-veiculos-usados-sobe-43-em-2023-face-a-2022.jpg 1024w, https:\/\/jornaldasoficinas.com\/pt\/wp-content\/uploads\/2024\/05\/Preco-medio-de-veiculos-usados-sobe-43-em-2023-face-a-2022-300x170.jpg 300w, https:\/\/jornaldasoficinas.com\/pt\/wp-content\/uploads\/2024\/05\/Preco-medio-de-veiculos-usados-sobe-43-em-2023-face-a-2022-150x85.jpg 150w, https:\/\/jornaldasoficinas.com\/pt\/wp-content\/uploads\/2024\/05\/Preco-medio-de-veiculos-usados-sobe-43-em-2023-face-a-2022-768x436.jpg 768w\" sizes=\"auto, (max-width: 1024px) 100vw, 1024px\" \/><\/p>\n<p><strong>Segundo o estudo anual do mercado autom\u00f3vel em 2023, realizado pelo <a href=\"https:\/\/www.standvirtual.com\/\" target=\"_blank\" rel=\"noopener\">Standvirtual<\/a>, os el\u00e9tricos usados revelaram uma estabiliza\u00e7\u00e3o de pre\u00e7os a partir de julho de 2023, fixando-se em cerca de 38.500 mil euros<\/strong><\/p>\n<p>O Standvirtual, portal do mercado autom\u00f3vel, acaba de divulgar o estudo anual referente \u00e0 evolu\u00e7\u00e3o do pre\u00e7o dos ve\u00edculos nos \u00faltimos tr\u00eas anos.<br \/>\nAnalisando o mercado de ve\u00edculos usados, verifica-se que os pre\u00e7os m\u00e9dios t\u00eam vindo a aumentar progressivamente desde julho de 2021, quando se fixavam em cerca de 19.500 mil euros. Em dezembro de 2023, o pre\u00e7o m\u00e9dio era de cerca de 24.500 mil euros, o que revela um aumento de 4,3% face a dezembro de 2022 e de mais 16,7% face a dezembro de 2021.<\/p>\n<p>No entanto, os pre\u00e7os m\u00e9dios das viaturas usadas demonstram estabilidade desde setembro de 2023 at\u00e9 ao momento. Tal relaciona-se com o aumento da oferta de ve\u00edculos e a diminui\u00e7\u00e3o da procura por parte dos consumidores.<\/p>\n<p>No mercado dos el\u00e9tricos usados \u00e9 poss\u00edvel observar a partir de fevereiro de 2023 uma descida acentuada e at\u00e9 uma estabiliza\u00e7\u00e3o a partir de julho do pre\u00e7o dos autom\u00f3veis el\u00e9tricos usados, fixando-se em cerca de 38.500 mil euros. Esta diminui\u00e7\u00e3o de pre\u00e7os levou a que os ve\u00edculos eletrificados com at\u00e9 um ano estejam agora, sensivelmente, ao mesmo valor que carros da mesma tipologia de um a dois anos.<\/p>\n<p>O estudo compara tamb\u00e9m a evolu\u00e7\u00e3o dos pre\u00e7os do modelo Tesla Model 3 e BMW 320 a diesel, com idades inferiores a quatro anos e com uma m\u00e9dia de 35.000 a 60.000 quil\u00f3metros, notando-se que o decr\u00e9scimo do BMW 320 \u00e9 mais gradual, alcan\u00e7ando cerca de 40 mil euros em janeiro de 2024 face ao mesmo m\u00eas de 2022 (cerca de 46 mil euros). Por outro lado, o Tesla Model 3 apresenta uma queda significativa de pre\u00e7o, atingindo em janeiro de 2024 cerca de 20 mil euros em rela\u00e7\u00e3o ao per\u00edodo hom\u00f3logo de 2022 (aproximadamente 51 mil euros). Esta evolu\u00e7\u00e3o est\u00e1 relacionada com o ajuste de pre\u00e7os no mercado dos novos e que posteriormente influencia os valores dos usados.<\/p>\n<p>&#8220;O setor autom\u00f3vel demonstra uma recupera\u00e7\u00e3o consider\u00e1vel dos carros novos o que influencia o mercado como um todo. Depois de tempos desafiantes, marcados pela escassez de ve\u00edculos no per\u00edodo da pandemia, verificamos uma tend\u00eancia de estabiliza\u00e7\u00e3o de pre\u00e7os a partir do \u00faltimo trimestre de 2023 nos usados. J\u00e1 o mercado dos el\u00e9tricos usados ganhou um maior relevo nos \u00faltimos anos e o m\u00eas de outubro do ano anterior bateu mesmo recordes com 2.395 ve\u00edculos registados&#8221;, explicou Nuno Castel-Branco, diretor geral do Standvirtual.<\/p>\n<p>&#8220;No entanto, segundo o nosso estudo conseguimos perceber que os carros el\u00e9tricos t\u00eam tend\u00eancia para desvalorizar mais rapidamente do que os carros com motores a combust\u00e3o, uma consequ\u00eancia da entrada de novos fabricantes, maioritariamente da China, com pre\u00e7os muito competitivos, mas tamb\u00e9m devido aos saltos tecnol\u00f3gicos constantes e sem esquecer a incerteza e desconfian\u00e7as que alguns consumidores t\u00eam em rela\u00e7\u00e3o ao estado das baterias&#8221;, acrescentou.<\/p>\n<p>O segmento mais caro continua a ser o coup\u00e9. Em janeiro de 2021, o pre\u00e7o era de cerca de 30.000 mil euros, aumentando em janeiro de 2023 para cerca de 33 mil euros. Seguindo-se os SUV, que em janeiro de 2021 custavam cerca de 26 mil euros, aumentando para cerca de 30 mil euros e os Sedan, cujo pre\u00e7o em janeiro de 2021 era de cerca de 25 mil euros, aumentando tamb\u00e9m, em janeiro de 2023, para cerca de 30 mil euros.<\/p>\n<p>Em rela\u00e7\u00e3o aos modelos mais representativos do Standvirtual, com mais de 50 mil quil\u00f3metros e a diesel, observa-se ainda uma diminui\u00e7\u00e3o dos pre\u00e7os a partir do \u00faltimo trimestre de 2023. Em rela\u00e7\u00e3o ao Mercedes-Benz A 180, de janeiro de 2021 para 2024, observa-se que os pre\u00e7os tiveram tend\u00eancia para subir (entre os 25 mil euros e os 29.700). No caso do Nissan Qashqai, sobe de 20.300 mil euros para 22.100 mil euros, de janeiro de 2021 para 2024. O Renault Megane Sport Tourer, de janeiro de 2021 para 2024, tamb\u00e9m subiu os pre\u00e7os (entre os 18 mil euros\u00a0 e os 21.300 mil euros). O mesmo aconteceu com o Renault Clio, que de janeiro de 2021 para janeiro de 2023 viu os pre\u00e7os subirem de 13.500 mil euros para 17.100\u20ac mil euros.<\/p>\n","protected":false},"excerpt":{"rendered":"<p>Segundo o estudo anual do mercado&#8230;<\/p>\n","protected":false},"author":15,"featured_media":84104,"comment_status":"closed","ping_status":"closed","sticky":false,"template":"","format":"standard","meta":{"footnotes":""},"categories":[37],"tags":[8894,8895,3960,2198,8893,1568],"class_list":["post-84096","post","type-post","status-publish","format-standard","has-post-thumbnail","hentry","category-mercado","tag-eletricos-usados","tag-estabilizacao-de-precos","tag-estudo","tag-standvirtual","tag-subida-do-preco-medio","tag-veiculos-usados"],"yoast_head":"<!-- This site is optimized with the Yoast SEO plugin v27.4 - https:\/\/yoast.com\/product\/yoast-seo-wordpress\/ -->\n<title>Pre\u00e7o m\u00e9dio de ve\u00edculos usados sobe 4,3% em 2023 - Jornal das Oficinas<\/title>\n<meta name=\"description\" content=\"Segundo o estudo feito pelo Standvirtual, os el\u00e9tricos usados revelaram uma estabiliza\u00e7\u00e3o de pre\u00e7os a partir de julho de 2023\" \/>\n<meta name=\"robots\" content=\"index, follow, max-snippet:-1, max-image-preview:large, max-video-preview:-1\" \/>\n<link rel=\"canonical\" href=\"https:\/\/jornaldasoficinas.com\/pt\/preco-medio-de-veiculos-usados-sobe-43-em-2023\/\" \/>\n<meta property=\"og:locale\" content=\"pt_PT\" \/>\n<meta property=\"og:type\" content=\"article\" \/>\n<meta property=\"og:title\" content=\"Pre\u00e7o m\u00e9dio de ve\u00edculos usados sobe 4,3% em 2023 - Jornal das Oficinas\" \/>\n<meta property=\"og:description\" content=\"Segundo o estudo feito pelo Standvirtual, os el\u00e9tricos usados revelaram uma estabiliza\u00e7\u00e3o de pre\u00e7os a partir de julho de 2023\" \/>\n<meta property=\"og:url\" content=\"https:\/\/jornaldasoficinas.com\/pt\/preco-medio-de-veiculos-usados-sobe-43-em-2023\/\" \/>\n<meta property=\"og:site_name\" content=\"Jornal das Oficinas\" \/>\n<meta property=\"article:publisher\" content=\"https:\/\/www.facebook.com\/jornaloficinas\" \/>\n<meta property=\"article:published_time\" content=\"2024-05-09T07:00:55+00:00\" \/>\n<meta property=\"og:image\" content=\"https:\/\/jornaldasoficinas.com\/pt\/wp-content\/uploads\/2024\/05\/Preco-medio-de-veiculos-usados-sobe-43-em-2023-face-a-2022.jpg\" \/>\n\t<meta property=\"og:image:width\" content=\"1024\" \/>\n\t<meta property=\"og:image:height\" content=\"581\" \/>\n\t<meta property=\"og:image:type\" content=\"image\/jpeg\" \/>\n<meta name=\"author\" content=\"Reda\u00e7\u00e3o JO\" \/>\n<meta name=\"twitter:card\" content=\"summary_large_image\" \/>\n<meta name=\"twitter:creator\" content=\"@jornaloficinas\" \/>\n<meta name=\"twitter:site\" content=\"@jornaloficinas\" \/>\n<meta name=\"twitter:label1\" content=\"Escrito por\" \/>\n\t<meta name=\"twitter:data1\" content=\"Reda\u00e7\u00e3o JO\" \/>\n\t<meta name=\"twitter:label2\" content=\"Tempo estimado de leitura\" \/>\n\t<meta name=\"twitter:data2\" content=\"5 minutos\" \/>\n<script type=\"application\/ld+json\" class=\"yoast-schema-graph\">{\"@context\":\"https:\\\/\\\/schema.org\",\"@graph\":[{\"@type\":\"Article\",\"@id\":\"https:\\\/\\\/jornaldasoficinas.com\\\/pt\\\/preco-medio-de-veiculos-usados-sobe-43-em-2023\\\/#article\",\"isPartOf\":{\"@id\":\"https:\\\/\\\/jornaldasoficinas.com\\\/pt\\\/preco-medio-de-veiculos-usados-sobe-43-em-2023\\\/\"},\"author\":{\"name\":\"Reda\u00e7\u00e3o JO\",\"@id\":\"https:\\\/\\\/jornaldasoficinas.com\\\/pt\\\/#\\\/schema\\\/person\\\/a38eef5de2c41d9e7c9ac10141afddf3\"},\"headline\":\"Pre\u00e7o m\u00e9dio de ve\u00edculos usados sobe 4,3% em 2023\",\"datePublished\":\"2024-05-09T07:00:55+00:00\",\"mainEntityOfPage\":{\"@id\":\"https:\\\/\\\/jornaldasoficinas.com\\\/pt\\\/preco-medio-de-veiculos-usados-sobe-43-em-2023\\\/\"},\"wordCount\":726,\"publisher\":{\"@id\":\"https:\\\/\\\/jornaldasoficinas.com\\\/pt\\\/#organization\"},\"image\":{\"@id\":\"https:\\\/\\\/jornaldasoficinas.com\\\/pt\\\/preco-medio-de-veiculos-usados-sobe-43-em-2023\\\/#primaryimage\"},\"thumbnailUrl\":\"https:\\\/\\\/jornaldasoficinas.com\\\/pt\\\/wp-content\\\/uploads\\\/2024\\\/05\\\/Preco-medio-de-veiculos-usados-sobe-43-em-2023-face-a-2022.jpg\",\"keywords\":[\"el\u00e9tricos usados\",\"estabiliza\u00e7\u00e3o de pre\u00e7os\",\"Estudo\",\"Standvirtual\",\"subida do pre\u00e7o m\u00e9dio\",\"Ve\u00edculos usados\"],\"articleSection\":[\"Mercado\"],\"inLanguage\":\"pt-PT\"},{\"@type\":\"WebPage\",\"@id\":\"https:\\\/\\\/jornaldasoficinas.com\\\/pt\\\/preco-medio-de-veiculos-usados-sobe-43-em-2023\\\/\",\"url\":\"https:\\\/\\\/jornaldasoficinas.com\\\/pt\\\/preco-medio-de-veiculos-usados-sobe-43-em-2023\\\/\",\"name\":\"Pre\u00e7o m\u00e9dio de ve\u00edculos usados sobe 4,3% em 2023 - Jornal das Oficinas\",\"isPartOf\":{\"@id\":\"https:\\\/\\\/jornaldasoficinas.com\\\/pt\\\/#website\"},\"primaryImageOfPage\":{\"@id\":\"https:\\\/\\\/jornaldasoficinas.com\\\/pt\\\/preco-medio-de-veiculos-usados-sobe-43-em-2023\\\/#primaryimage\"},\"image\":{\"@id\":\"https:\\\/\\\/jornaldasoficinas.com\\\/pt\\\/preco-medio-de-veiculos-usados-sobe-43-em-2023\\\/#primaryimage\"},\"thumbnailUrl\":\"https:\\\/\\\/jornaldasoficinas.com\\\/pt\\\/wp-content\\\/uploads\\\/2024\\\/05\\\/Preco-medio-de-veiculos-usados-sobe-43-em-2023-face-a-2022.jpg\",\"datePublished\":\"2024-05-09T07:00:55+00:00\",\"description\":\"Segundo o estudo feito pelo Standvirtual, os el\u00e9tricos usados revelaram uma estabiliza\u00e7\u00e3o de pre\u00e7os a partir de julho de 2023\",\"breadcrumb\":{\"@id\":\"https:\\\/\\\/jornaldasoficinas.com\\\/pt\\\/preco-medio-de-veiculos-usados-sobe-43-em-2023\\\/#breadcrumb\"},\"inLanguage\":\"pt-PT\",\"potentialAction\":[{\"@type\":\"ReadAction\",\"target\":[\"https:\\\/\\\/jornaldasoficinas.com\\\/pt\\\/preco-medio-de-veiculos-usados-sobe-43-em-2023\\\/\"]}]},{\"@type\":\"ImageObject\",\"inLanguage\":\"pt-PT\",\"@id\":\"https:\\\/\\\/jornaldasoficinas.com\\\/pt\\\/preco-medio-de-veiculos-usados-sobe-43-em-2023\\\/#primaryimage\",\"url\":\"https:\\\/\\\/jornaldasoficinas.com\\\/pt\\\/wp-content\\\/uploads\\\/2024\\\/05\\\/Preco-medio-de-veiculos-usados-sobe-43-em-2023-face-a-2022.jpg\",\"contentUrl\":\"https:\\\/\\\/jornaldasoficinas.com\\\/pt\\\/wp-content\\\/uploads\\\/2024\\\/05\\\/Preco-medio-de-veiculos-usados-sobe-43-em-2023-face-a-2022.jpg\",\"width\":1024,\"height\":581,\"caption\":\"05 - Preco medio de veiculos usados sobe 43 em 2023 face a 2022\"},{\"@type\":\"BreadcrumbList\",\"@id\":\"https:\\\/\\\/jornaldasoficinas.com\\\/pt\\\/preco-medio-de-veiculos-usados-sobe-43-em-2023\\\/#breadcrumb\",\"itemListElement\":[{\"@type\":\"ListItem\",\"position\":1,\"name\":\"In\u00edcio\",\"item\":\"https:\\\/\\\/jornaldasoficinas.com\\\/pt\\\/\"},{\"@type\":\"ListItem\",\"position\":2,\"name\":\"Pre\u00e7o m\u00e9dio de ve\u00edculos usados sobe 4,3% em 2023\"}]},{\"@type\":\"WebSite\",\"@id\":\"https:\\\/\\\/jornaldasoficinas.com\\\/pt\\\/#website\",\"url\":\"https:\\\/\\\/jornaldasoficinas.com\\\/pt\\\/\",\"name\":\"Jornal das Oficinas\",\"description\":\"Jornal independente do Aftermarket Autom\u00f3vel em Portugal\",\"publisher\":{\"@id\":\"https:\\\/\\\/jornaldasoficinas.com\\\/pt\\\/#organization\"},\"potentialAction\":[{\"@type\":\"SearchAction\",\"target\":{\"@type\":\"EntryPoint\",\"urlTemplate\":\"https:\\\/\\\/jornaldasoficinas.com\\\/pt\\\/?s={search_term_string}\"},\"query-input\":{\"@type\":\"PropertyValueSpecification\",\"valueRequired\":true,\"valueName\":\"search_term_string\"}}],\"inLanguage\":\"pt-PT\"},{\"@type\":\"Organization\",\"@id\":\"https:\\\/\\\/jornaldasoficinas.com\\\/pt\\\/#organization\",\"name\":\"Jornal das Oficinas\",\"url\":\"https:\\\/\\\/jornaldasoficinas.com\\\/pt\\\/\",\"logo\":{\"@type\":\"ImageObject\",\"inLanguage\":\"pt-PT\",\"@id\":\"https:\\\/\\\/jornaldasoficinas.com\\\/pt\\\/#\\\/schema\\\/logo\\\/image\\\/\",\"url\":\"https:\\\/\\\/jornaldasoficinas.com\\\/pt\\\/wp-content\\\/uploads\\\/logoJO-SEO.png\",\"contentUrl\":\"https:\\\/\\\/jornaldasoficinas.com\\\/pt\\\/wp-content\\\/uploads\\\/logoJO-SEO.png\",\"width\":285,\"height\":450,\"caption\":\"Jornal das Oficinas\"},\"image\":{\"@id\":\"https:\\\/\\\/jornaldasoficinas.com\\\/pt\\\/#\\\/schema\\\/logo\\\/image\\\/\"},\"sameAs\":[\"https:\\\/\\\/www.facebook.com\\\/jornaloficinas\",\"https:\\\/\\\/x.com\\\/jornaloficinas\",\"https:\\\/\\\/www.instagram.com\\\/jornal_oficinas\\\/\",\"https:\\\/\\\/www.linkedin.com\\\/company\\\/jornal-das-oficinas\\\/\",\"https:\\\/\\\/www.youtube.com\\\/channel\\\/UCbQZBqtcvV-oSQrr7RzINGg\"]},{\"@type\":\"Person\",\"@id\":\"https:\\\/\\\/jornaldasoficinas.com\\\/pt\\\/#\\\/schema\\\/person\\\/a38eef5de2c41d9e7c9ac10141afddf3\",\"name\":\"Reda\u00e7\u00e3o JO\",\"image\":{\"@type\":\"ImageObject\",\"inLanguage\":\"pt-PT\",\"@id\":\"https:\\\/\\\/secure.gravatar.com\\\/avatar\\\/71f2fa71737ad68a84fea94bc708ddac8ea5b0c4788dc2ad202f3ccb2887742f?s=96&d=wp_user_avatar&r=g\",\"url\":\"https:\\\/\\\/secure.gravatar.com\\\/avatar\\\/71f2fa71737ad68a84fea94bc708ddac8ea5b0c4788dc2ad202f3ccb2887742f?s=96&d=wp_user_avatar&r=g\",\"contentUrl\":\"https:\\\/\\\/secure.gravatar.com\\\/avatar\\\/71f2fa71737ad68a84fea94bc708ddac8ea5b0c4788dc2ad202f3ccb2887742f?s=96&d=wp_user_avatar&r=g\",\"caption\":\"Reda\u00e7\u00e3o JO\"},\"url\":\"https:\\\/\\\/jornaldasoficinas.com\\\/pt\\\/author\\\/joredacao\\\/\"}]}<\/script>\n<!-- \/ Yoast SEO plugin. -->","yoast_head_json":{"title":"Pre\u00e7o m\u00e9dio de ve\u00edculos usados sobe 4,3% em 2023 - Jornal das Oficinas","description":"Segundo o estudo feito pelo Standvirtual, os el\u00e9tricos usados revelaram uma estabiliza\u00e7\u00e3o de pre\u00e7os a partir de julho de 2023","robots":{"index":"index","follow":"follow","max-snippet":"max-snippet:-1","max-image-preview":"max-image-preview:large","max-video-preview":"max-video-preview:-1"},"canonical":"https:\/\/jornaldasoficinas.com\/pt\/preco-medio-de-veiculos-usados-sobe-43-em-2023\/","og_locale":"pt_PT","og_type":"article","og_title":"Pre\u00e7o m\u00e9dio de ve\u00edculos usados sobe 4,3% em 2023 - Jornal das Oficinas","og_description":"Segundo o estudo feito pelo Standvirtual, os el\u00e9tricos usados revelaram uma estabiliza\u00e7\u00e3o de pre\u00e7os a partir de julho de 2023","og_url":"https:\/\/jornaldasoficinas.com\/pt\/preco-medio-de-veiculos-usados-sobe-43-em-2023\/","og_site_name":"Jornal das Oficinas","article_publisher":"https:\/\/www.facebook.com\/jornaloficinas","article_published_time":"2024-05-09T07:00:55+00:00","og_image":[{"width":1024,"height":581,"url":"https:\/\/jornaldasoficinas.com\/pt\/wp-content\/uploads\/2024\/05\/Preco-medio-de-veiculos-usados-sobe-43-em-2023-face-a-2022.jpg","type":"image\/jpeg"}],"author":"Reda\u00e7\u00e3o JO","twitter_card":"summary_large_image","twitter_creator":"@jornaloficinas","twitter_site":"@jornaloficinas","twitter_misc":{"Escrito por":"Reda\u00e7\u00e3o JO","Tempo estimado de leitura":"5 minutos"},"schema":{"@context":"https:\/\/schema.org","@graph":[{"@type":"Article","@id":"https:\/\/jornaldasoficinas.com\/pt\/preco-medio-de-veiculos-usados-sobe-43-em-2023\/#article","isPartOf":{"@id":"https:\/\/jornaldasoficinas.com\/pt\/preco-medio-de-veiculos-usados-sobe-43-em-2023\/"},"author":{"name":"Reda\u00e7\u00e3o JO","@id":"https:\/\/jornaldasoficinas.com\/pt\/#\/schema\/person\/a38eef5de2c41d9e7c9ac10141afddf3"},"headline":"Pre\u00e7o m\u00e9dio de ve\u00edculos usados sobe 4,3% em 2023","datePublished":"2024-05-09T07:00:55+00:00","mainEntityOfPage":{"@id":"https:\/\/jornaldasoficinas.com\/pt\/preco-medio-de-veiculos-usados-sobe-43-em-2023\/"},"wordCount":726,"publisher":{"@id":"https:\/\/jornaldasoficinas.com\/pt\/#organization"},"image":{"@id":"https:\/\/jornaldasoficinas.com\/pt\/preco-medio-de-veiculos-usados-sobe-43-em-2023\/#primaryimage"},"thumbnailUrl":"https:\/\/jornaldasoficinas.com\/pt\/wp-content\/uploads\/2024\/05\/Preco-medio-de-veiculos-usados-sobe-43-em-2023-face-a-2022.jpg","keywords":["el\u00e9tricos usados","estabiliza\u00e7\u00e3o de pre\u00e7os","Estudo","Standvirtual","subida do pre\u00e7o m\u00e9dio","Ve\u00edculos usados"],"articleSection":["Mercado"],"inLanguage":"pt-PT"},{"@type":"WebPage","@id":"https:\/\/jornaldasoficinas.com\/pt\/preco-medio-de-veiculos-usados-sobe-43-em-2023\/","url":"https:\/\/jornaldasoficinas.com\/pt\/preco-medio-de-veiculos-usados-sobe-43-em-2023\/","name":"Pre\u00e7o m\u00e9dio de ve\u00edculos usados sobe 4,3% em 2023 - Jornal das Oficinas","isPartOf":{"@id":"https:\/\/jornaldasoficinas.com\/pt\/#website"},"primaryImageOfPage":{"@id":"https:\/\/jornaldasoficinas.com\/pt\/preco-medio-de-veiculos-usados-sobe-43-em-2023\/#primaryimage"},"image":{"@id":"https:\/\/jornaldasoficinas.com\/pt\/preco-medio-de-veiculos-usados-sobe-43-em-2023\/#primaryimage"},"thumbnailUrl":"https:\/\/jornaldasoficinas.com\/pt\/wp-content\/uploads\/2024\/05\/Preco-medio-de-veiculos-usados-sobe-43-em-2023-face-a-2022.jpg","datePublished":"2024-05-09T07:00:55+00:00","description":"Segundo o estudo feito pelo Standvirtual, os el\u00e9tricos usados revelaram uma estabiliza\u00e7\u00e3o de pre\u00e7os a partir de julho de 2023","breadcrumb":{"@id":"https:\/\/jornaldasoficinas.com\/pt\/preco-medio-de-veiculos-usados-sobe-43-em-2023\/#breadcrumb"},"inLanguage":"pt-PT","potentialAction":[{"@type":"ReadAction","target":["https:\/\/jornaldasoficinas.com\/pt\/preco-medio-de-veiculos-usados-sobe-43-em-2023\/"]}]},{"@type":"ImageObject","inLanguage":"pt-PT","@id":"https:\/\/jornaldasoficinas.com\/pt\/preco-medio-de-veiculos-usados-sobe-43-em-2023\/#primaryimage","url":"https:\/\/jornaldasoficinas.com\/pt\/wp-content\/uploads\/2024\/05\/Preco-medio-de-veiculos-usados-sobe-43-em-2023-face-a-2022.jpg","contentUrl":"https:\/\/jornaldasoficinas.com\/pt\/wp-content\/uploads\/2024\/05\/Preco-medio-de-veiculos-usados-sobe-43-em-2023-face-a-2022.jpg","width":1024,"height":581,"caption":"05 - Preco medio de veiculos usados sobe 43 em 2023 face a 2022"},{"@type":"BreadcrumbList","@id":"https:\/\/jornaldasoficinas.com\/pt\/preco-medio-de-veiculos-usados-sobe-43-em-2023\/#breadcrumb","itemListElement":[{"@type":"ListItem","position":1,"name":"In\u00edcio","item":"https:\/\/jornaldasoficinas.com\/pt\/"},{"@type":"ListItem","position":2,"name":"Pre\u00e7o m\u00e9dio de ve\u00edculos usados sobe 4,3% em 2023"}]},{"@type":"WebSite","@id":"https:\/\/jornaldasoficinas.com\/pt\/#website","url":"https:\/\/jornaldasoficinas.com\/pt\/","name":"Jornal das Oficinas","description":"Jornal independente do Aftermarket Autom\u00f3vel em Portugal","publisher":{"@id":"https:\/\/jornaldasoficinas.com\/pt\/#organization"},"potentialAction":[{"@type":"SearchAction","target":{"@type":"EntryPoint","urlTemplate":"https:\/\/jornaldasoficinas.com\/pt\/?s={search_term_string}"},"query-input":{"@type":"PropertyValueSpecification","valueRequired":true,"valueName":"search_term_string"}}],"inLanguage":"pt-PT"},{"@type":"Organization","@id":"https:\/\/jornaldasoficinas.com\/pt\/#organization","name":"Jornal das Oficinas","url":"https:\/\/jornaldasoficinas.com\/pt\/","logo":{"@type":"ImageObject","inLanguage":"pt-PT","@id":"https:\/\/jornaldasoficinas.com\/pt\/#\/schema\/logo\/image\/","url":"https:\/\/jornaldasoficinas.com\/pt\/wp-content\/uploads\/logoJO-SEO.png","contentUrl":"https:\/\/jornaldasoficinas.com\/pt\/wp-content\/uploads\/logoJO-SEO.png","width":285,"height":450,"caption":"Jornal das Oficinas"},"image":{"@id":"https:\/\/jornaldasoficinas.com\/pt\/#\/schema\/logo\/image\/"},"sameAs":["https:\/\/www.facebook.com\/jornaloficinas","https:\/\/x.com\/jornaloficinas","https:\/\/www.instagram.com\/jornal_oficinas\/","https:\/\/www.linkedin.com\/company\/jornal-das-oficinas\/","https:\/\/www.youtube.com\/channel\/UCbQZBqtcvV-oSQrr7RzINGg"]},{"@type":"Person","@id":"https:\/\/jornaldasoficinas.com\/pt\/#\/schema\/person\/a38eef5de2c41d9e7c9ac10141afddf3","name":"Reda\u00e7\u00e3o JO","image":{"@type":"ImageObject","inLanguage":"pt-PT","@id":"https:\/\/secure.gravatar.com\/avatar\/71f2fa71737ad68a84fea94bc708ddac8ea5b0c4788dc2ad202f3ccb2887742f?s=96&d=wp_user_avatar&r=g","url":"https:\/\/secure.gravatar.com\/avatar\/71f2fa71737ad68a84fea94bc708ddac8ea5b0c4788dc2ad202f3ccb2887742f?s=96&d=wp_user_avatar&r=g","contentUrl":"https:\/\/secure.gravatar.com\/avatar\/71f2fa71737ad68a84fea94bc708ddac8ea5b0c4788dc2ad202f3ccb2887742f?s=96&d=wp_user_avatar&r=g","caption":"Reda\u00e7\u00e3o JO"},"url":"https:\/\/jornaldasoficinas.com\/pt\/author\/joredacao\/"}]}},"_links":{"self":[{"href":"https:\/\/jornaldasoficinas.com\/pt\/wp-json\/wp\/v2\/posts\/84096","targetHints":{"allow":["GET"]}}],"collection":[{"href":"https:\/\/jornaldasoficinas.com\/pt\/wp-json\/wp\/v2\/posts"}],"about":[{"href":"https:\/\/jornaldasoficinas.com\/pt\/wp-json\/wp\/v2\/types\/post"}],"author":[{"embeddable":true,"href":"https:\/\/jornaldasoficinas.com\/pt\/wp-json\/wp\/v2\/users\/15"}],"replies":[{"embeddable":true,"href":"https:\/\/jornaldasoficinas.com\/pt\/wp-json\/wp\/v2\/comments?post=84096"}],"version-history":[{"count":0,"href":"https:\/\/jornaldasoficinas.com\/pt\/wp-json\/wp\/v2\/posts\/84096\/revisions"}],"wp:featuredmedia":[{"embeddable":true,"href":"https:\/\/jornaldasoficinas.com\/pt\/wp-json\/wp\/v2\/media\/84104"}],"wp:attachment":[{"href":"https:\/\/jornaldasoficinas.com\/pt\/wp-json\/wp\/v2\/media?parent=84096"}],"wp:term":[{"taxonomy":"category","embeddable":true,"href":"https:\/\/jornaldasoficinas.com\/pt\/wp-json\/wp\/v2\/categories?post=84096"},{"taxonomy":"post_tag","embeddable":true,"href":"https:\/\/jornaldasoficinas.com\/pt\/wp-json\/wp\/v2\/tags?post=84096"}],"curies":[{"name":"wp","href":"https:\/\/api.w.org\/{rel}","templated":true}]}}