{"id":84151,"date":"2024-05-09T10:00:06","date_gmt":"2024-05-09T09:00:06","guid":{"rendered":"https:\/\/jornaldasoficinas.com\/pt\/?p=84151"},"modified":"2024-05-08T17:37:51","modified_gmt":"2024-05-08T16:37:51","slug":"centenario-jap-assume-importacao-da-marca-foton-em-portugal","status":"publish","type":"post","link":"https:\/\/jornaldasoficinas.com\/pt\/centenario-jap-assume-importacao-da-marca-foton-em-portugal\/","title":{"rendered":"Centen\u00e1rio JAP assume importa\u00e7\u00e3o da marca FOTON em Portugal"},"content":{"rendered":"<p><img loading=\"lazy\" decoding=\"async\" class=\"alignnone size-full wp-image-84153\" src=\"https:\/\/jornaldasoficinas.com\/pt\/wp-content\/uploads\/2024\/05\/Grupo-JAP-assume-importacao-da-marca-FOTON-em-Portugal.jpeg\" alt=\"05 - Grupo JAP assume importacao da marca FOTON em Portugal\" width=\"1024\" height=\"581\" srcset=\"https:\/\/jornaldasoficinas.com\/pt\/wp-content\/uploads\/2024\/05\/Grupo-JAP-assume-importacao-da-marca-FOTON-em-Portugal.jpeg 1024w, https:\/\/jornaldasoficinas.com\/pt\/wp-content\/uploads\/2024\/05\/Grupo-JAP-assume-importacao-da-marca-FOTON-em-Portugal-300x170.jpeg 300w, https:\/\/jornaldasoficinas.com\/pt\/wp-content\/uploads\/2024\/05\/Grupo-JAP-assume-importacao-da-marca-FOTON-em-Portugal-150x85.jpeg 150w, https:\/\/jornaldasoficinas.com\/pt\/wp-content\/uploads\/2024\/05\/Grupo-JAP-assume-importacao-da-marca-FOTON-em-Portugal-768x436.jpeg 768w\" sizes=\"auto, (max-width: 1024px) 100vw, 1024px\" \/><\/p>\n<p><strong>A parceria entre o <a href=\"https:\/\/www.grupojap.pt\/\" target=\"_blank\" rel=\"noopener\">Grupo JAP<\/a> e a <a href=\"https:\/\/foton-global.com\/\" target=\"_blank\" rel=\"noopener\">Foton Motor Group<\/a> visa impulsionar a mobilidade el\u00e9trica no segmento dos ve\u00edculos comerciais ligeiros<\/strong><\/p>\n<p>Num movimento estrat\u00e9gico para expandir a presen\u00e7a no mercado de ve\u00edculos el\u00e9tricos, o Grupo JAP celebrou uma parceria exclusiva com o Foton Motor Group, assumindo a posi\u00e7\u00e3o de importador oficial do fabricante chin\u00eas, em Portugal.<\/p>\n<p>No seguimento do acordo agora estabelecido, o Grupo JAP passar\u00e1 a ser respons\u00e1vel pela importa\u00e7\u00e3o, distribui\u00e7\u00e3o e assist\u00eancia t\u00e9cnica dos inovadores Ve\u00edculos Comerciais Ligeiros (VCL) da FOTON, que chegar\u00e3o ao mercado nacional ainda em 2024.<\/p>\n<p>Esta parceria, mais do que fortalecer a infraestrutura de mobilidade el\u00e9trica de Portugal alinha, ainda, com os objetivos nacionais para a redu\u00e7\u00e3o de emiss\u00f5es e eficiente transi\u00e7\u00e3o energ\u00e9tica.<\/p>\n<p>O acordo marca o in\u00edcio de uma nova era para a mobilidade el\u00e9trica, no segmento de ve\u00edculos comerciais ligeiros, posicionando o Grupo JAP na vanguarda das solu\u00e7\u00f5es sustent\u00e1veis de transporte, refor\u00e7ando a estrat\u00e9gia de sustentabilidade que o Grupo tem vindo a implementar, de forma muito ativa, ao longo dos \u00faltimos anos.<\/p>\n<p>Na assinatura do contrato, Jan Oehmicke, Administrador do Grupo JAP, mostrou-se entusiasmado com a oportunidade de representar a marca FOTON em Portugal: &#8220;Esta parceria \u00e9 um marco importante na nossa estrat\u00e9gia de sustentabilidade e reafirma o nosso compromisso com a inova\u00e7\u00e3o e a lideran\u00e7a no segmento de mobilidade el\u00e9trica&#8221;.<\/p>\n<p>A FOTON, reconhecida globalmente pela sua lideran\u00e7a em inova\u00e7\u00e3o e sustentabilidade, encontra, assim, no Grupo JAP o parceiro ideal para expandir sua atua\u00e7\u00e3o no mercado portugu\u00eas. &#8220;A parceria com o Grupo JAP representa mais um importante passo na estrat\u00e9gia de implementa\u00e7\u00e3o da FOTON na Europa. Estamos confiantes que, num futuro pr\u00f3ximo, possamos vir a conquistar a lideran\u00e7a do mercado dos ve\u00edculos comerciais el\u00e9tricos, em Portugal e contribuir para a pol\u00edtica global de neutralidade carb\u00f3nica&#8221;, referiu Mr. Wu ZongTian, Vice-Presidente da Foton International.<\/p>\n<p>O Grupo JAP j\u00e1 det\u00e9m a representa\u00e7\u00e3o da marca FOTON em alguns pa\u00edses africanos, sendo este mais um passo na estrat\u00e9gia de expans\u00e3o e fortalecimento da rela\u00e7\u00e3o entre as duas entidades.<\/p>\n","protected":false},"excerpt":{"rendered":"<p>A parceria entre o Grupo JAP&#8230;<\/p>\n","protected":false},"author":15,"featured_media":84153,"comment_status":"closed","ping_status":"closed","sticky":false,"template":"","format":"standard","meta":{"footnotes":""},"categories":[29],"tags":[8915,8913,1421,4190,1030,1799,89],"class_list":["post-84151","post","type-post","status-publish","format-standard","has-post-thumbnail","hentry","category-empresas","tag-foton-motor-group","tag-grupo-jap","tag-mobilidade-eletrica","tag-parceria-estrategica","tag-transicao-energetica","tag-veiculos-comerciais-ligeiros","tag-veiculos-eletricos"],"yoast_head":"<!-- This site is optimized with the Yoast SEO plugin v27.4 - https:\/\/yoast.com\/product\/yoast-seo-wordpress\/ -->\n<title>Centen\u00e1rio JAP assume importa\u00e7\u00e3o da marca FOTON em Portugal - Jornal das Oficinas<\/title>\n<meta name=\"description\" content=\"A parceria entre o Grupo JAP e a Foton Motor Group visa impulsionar a mobilidade el\u00e9trica no segmento dos ve\u00edculos comerciais ligeiros\" \/>\n<meta name=\"robots\" content=\"index, follow, max-snippet:-1, max-image-preview:large, max-video-preview:-1\" \/>\n<link rel=\"canonical\" href=\"https:\/\/jornaldasoficinas.com\/pt\/centenario-jap-assume-importacao-da-marca-foton-em-portugal\/\" \/>\n<meta property=\"og:locale\" content=\"pt_PT\" \/>\n<meta property=\"og:type\" content=\"article\" \/>\n<meta property=\"og:title\" content=\"Centen\u00e1rio JAP assume importa\u00e7\u00e3o da marca FOTON em Portugal - Jornal das Oficinas\" \/>\n<meta property=\"og:description\" content=\"A parceria entre o Grupo JAP e a Foton Motor Group visa impulsionar a mobilidade el\u00e9trica no segmento dos ve\u00edculos comerciais ligeiros\" \/>\n<meta property=\"og:url\" content=\"https:\/\/jornaldasoficinas.com\/pt\/centenario-jap-assume-importacao-da-marca-foton-em-portugal\/\" \/>\n<meta property=\"og:site_name\" content=\"Jornal das Oficinas\" \/>\n<meta property=\"article:publisher\" content=\"https:\/\/www.facebook.com\/jornaloficinas\" \/>\n<meta property=\"article:published_time\" content=\"2024-05-09T09:00:06+00:00\" \/>\n<meta property=\"og:image\" content=\"https:\/\/jornaldasoficinas.com\/pt\/wp-content\/uploads\/2024\/05\/Grupo-JAP-assume-importacao-da-marca-FOTON-em-Portugal.jpeg\" \/>\n\t<meta property=\"og:image:width\" content=\"1024\" \/>\n\t<meta property=\"og:image:height\" content=\"581\" \/>\n\t<meta property=\"og:image:type\" content=\"image\/jpeg\" \/>\n<meta name=\"author\" content=\"Reda\u00e7\u00e3o JO\" \/>\n<meta name=\"twitter:card\" content=\"summary_large_image\" \/>\n<meta name=\"twitter:creator\" content=\"@jornaloficinas\" \/>\n<meta name=\"twitter:site\" content=\"@jornaloficinas\" \/>\n<meta name=\"twitter:label1\" content=\"Escrito por\" \/>\n\t<meta name=\"twitter:data1\" content=\"Reda\u00e7\u00e3o JO\" \/>\n\t<meta name=\"twitter:label2\" content=\"Tempo estimado de leitura\" \/>\n\t<meta name=\"twitter:data2\" content=\"3 minutos\" \/>\n<script type=\"application\/ld+json\" class=\"yoast-schema-graph\">{\"@context\":\"https:\\\/\\\/schema.org\",\"@graph\":[{\"@type\":\"Article\",\"@id\":\"https:\\\/\\\/jornaldasoficinas.com\\\/pt\\\/centenario-jap-assume-importacao-da-marca-foton-em-portugal\\\/#article\",\"isPartOf\":{\"@id\":\"https:\\\/\\\/jornaldasoficinas.com\\\/pt\\\/centenario-jap-assume-importacao-da-marca-foton-em-portugal\\\/\"},\"author\":{\"name\":\"Reda\u00e7\u00e3o JO\",\"@id\":\"https:\\\/\\\/jornaldasoficinas.com\\\/pt\\\/#\\\/schema\\\/person\\\/a38eef5de2c41d9e7c9ac10141afddf3\"},\"headline\":\"Centen\u00e1rio JAP assume importa\u00e7\u00e3o da marca FOTON em Portugal\",\"datePublished\":\"2024-05-09T09:00:06+00:00\",\"mainEntityOfPage\":{\"@id\":\"https:\\\/\\\/jornaldasoficinas.com\\\/pt\\\/centenario-jap-assume-importacao-da-marca-foton-em-portugal\\\/\"},\"wordCount\":391,\"publisher\":{\"@id\":\"https:\\\/\\\/jornaldasoficinas.com\\\/pt\\\/#organization\"},\"image\":{\"@id\":\"https:\\\/\\\/jornaldasoficinas.com\\\/pt\\\/centenario-jap-assume-importacao-da-marca-foton-em-portugal\\\/#primaryimage\"},\"thumbnailUrl\":\"https:\\\/\\\/jornaldasoficinas.com\\\/pt\\\/wp-content\\\/uploads\\\/2024\\\/05\\\/Grupo-JAP-assume-importacao-da-marca-FOTON-em-Portugal.jpeg\",\"keywords\":[\"Foton Motor Group\",\"Grupo JAP\",\"Mobilidade el\u00e9trica\",\"Parceria Estrat\u00e9gica\",\"transi\u00e7\u00e3o energ\u00e9tica\",\"Ve\u00edculos comerciais ligeiros\",\"Ve\u00edculos el\u00e9tricos\"],\"articleSection\":[\"Empresas\"],\"inLanguage\":\"pt-PT\"},{\"@type\":\"WebPage\",\"@id\":\"https:\\\/\\\/jornaldasoficinas.com\\\/pt\\\/centenario-jap-assume-importacao-da-marca-foton-em-portugal\\\/\",\"url\":\"https:\\\/\\\/jornaldasoficinas.com\\\/pt\\\/centenario-jap-assume-importacao-da-marca-foton-em-portugal\\\/\",\"name\":\"Centen\u00e1rio JAP assume importa\u00e7\u00e3o da marca FOTON em Portugal - Jornal das Oficinas\",\"isPartOf\":{\"@id\":\"https:\\\/\\\/jornaldasoficinas.com\\\/pt\\\/#website\"},\"primaryImageOfPage\":{\"@id\":\"https:\\\/\\\/jornaldasoficinas.com\\\/pt\\\/centenario-jap-assume-importacao-da-marca-foton-em-portugal\\\/#primaryimage\"},\"image\":{\"@id\":\"https:\\\/\\\/jornaldasoficinas.com\\\/pt\\\/centenario-jap-assume-importacao-da-marca-foton-em-portugal\\\/#primaryimage\"},\"thumbnailUrl\":\"https:\\\/\\\/jornaldasoficinas.com\\\/pt\\\/wp-content\\\/uploads\\\/2024\\\/05\\\/Grupo-JAP-assume-importacao-da-marca-FOTON-em-Portugal.jpeg\",\"datePublished\":\"2024-05-09T09:00:06+00:00\",\"description\":\"A parceria entre o Grupo JAP e a Foton Motor Group visa impulsionar a mobilidade el\u00e9trica no segmento dos ve\u00edculos comerciais ligeiros\",\"breadcrumb\":{\"@id\":\"https:\\\/\\\/jornaldasoficinas.com\\\/pt\\\/centenario-jap-assume-importacao-da-marca-foton-em-portugal\\\/#breadcrumb\"},\"inLanguage\":\"pt-PT\",\"potentialAction\":[{\"@type\":\"ReadAction\",\"target\":[\"https:\\\/\\\/jornaldasoficinas.com\\\/pt\\\/centenario-jap-assume-importacao-da-marca-foton-em-portugal\\\/\"]}]},{\"@type\":\"ImageObject\",\"inLanguage\":\"pt-PT\",\"@id\":\"https:\\\/\\\/jornaldasoficinas.com\\\/pt\\\/centenario-jap-assume-importacao-da-marca-foton-em-portugal\\\/#primaryimage\",\"url\":\"https:\\\/\\\/jornaldasoficinas.com\\\/pt\\\/wp-content\\\/uploads\\\/2024\\\/05\\\/Grupo-JAP-assume-importacao-da-marca-FOTON-em-Portugal.jpeg\",\"contentUrl\":\"https:\\\/\\\/jornaldasoficinas.com\\\/pt\\\/wp-content\\\/uploads\\\/2024\\\/05\\\/Grupo-JAP-assume-importacao-da-marca-FOTON-em-Portugal.jpeg\",\"width\":1024,\"height\":581,\"caption\":\"05 - Grupo JAP assume importacao da marca FOTON em Portugal\"},{\"@type\":\"BreadcrumbList\",\"@id\":\"https:\\\/\\\/jornaldasoficinas.com\\\/pt\\\/centenario-jap-assume-importacao-da-marca-foton-em-portugal\\\/#breadcrumb\",\"itemListElement\":[{\"@type\":\"ListItem\",\"position\":1,\"name\":\"In\u00edcio\",\"item\":\"https:\\\/\\\/jornaldasoficinas.com\\\/pt\\\/\"},{\"@type\":\"ListItem\",\"position\":2,\"name\":\"Centen\u00e1rio JAP assume importa\u00e7\u00e3o da marca FOTON em Portugal\"}]},{\"@type\":\"WebSite\",\"@id\":\"https:\\\/\\\/jornaldasoficinas.com\\\/pt\\\/#website\",\"url\":\"https:\\\/\\\/jornaldasoficinas.com\\\/pt\\\/\",\"name\":\"Jornal das Oficinas\",\"description\":\"Jornal independente do Aftermarket Autom\u00f3vel em Portugal\",\"publisher\":{\"@id\":\"https:\\\/\\\/jornaldasoficinas.com\\\/pt\\\/#organization\"},\"potentialAction\":[{\"@type\":\"SearchAction\",\"target\":{\"@type\":\"EntryPoint\",\"urlTemplate\":\"https:\\\/\\\/jornaldasoficinas.com\\\/pt\\\/?s={search_term_string}\"},\"query-input\":{\"@type\":\"PropertyValueSpecification\",\"valueRequired\":true,\"valueName\":\"search_term_string\"}}],\"inLanguage\":\"pt-PT\"},{\"@type\":\"Organization\",\"@id\":\"https:\\\/\\\/jornaldasoficinas.com\\\/pt\\\/#organization\",\"name\":\"Jornal das Oficinas\",\"url\":\"https:\\\/\\\/jornaldasoficinas.com\\\/pt\\\/\",\"logo\":{\"@type\":\"ImageObject\",\"inLanguage\":\"pt-PT\",\"@id\":\"https:\\\/\\\/jornaldasoficinas.com\\\/pt\\\/#\\\/schema\\\/logo\\\/image\\\/\",\"url\":\"https:\\\/\\\/jornaldasoficinas.com\\\/pt\\\/wp-content\\\/uploads\\\/logoJO-SEO.png\",\"contentUrl\":\"https:\\\/\\\/jornaldasoficinas.com\\\/pt\\\/wp-content\\\/uploads\\\/logoJO-SEO.png\",\"width\":285,\"height\":450,\"caption\":\"Jornal das Oficinas\"},\"image\":{\"@id\":\"https:\\\/\\\/jornaldasoficinas.com\\\/pt\\\/#\\\/schema\\\/logo\\\/image\\\/\"},\"sameAs\":[\"https:\\\/\\\/www.facebook.com\\\/jornaloficinas\",\"https:\\\/\\\/x.com\\\/jornaloficinas\",\"https:\\\/\\\/www.instagram.com\\\/jornal_oficinas\\\/\",\"https:\\\/\\\/www.linkedin.com\\\/company\\\/jornal-das-oficinas\\\/\",\"https:\\\/\\\/www.youtube.com\\\/channel\\\/UCbQZBqtcvV-oSQrr7RzINGg\"]},{\"@type\":\"Person\",\"@id\":\"https:\\\/\\\/jornaldasoficinas.com\\\/pt\\\/#\\\/schema\\\/person\\\/a38eef5de2c41d9e7c9ac10141afddf3\",\"name\":\"Reda\u00e7\u00e3o JO\",\"image\":{\"@type\":\"ImageObject\",\"inLanguage\":\"pt-PT\",\"@id\":\"https:\\\/\\\/secure.gravatar.com\\\/avatar\\\/71f2fa71737ad68a84fea94bc708ddac8ea5b0c4788dc2ad202f3ccb2887742f?s=96&d=wp_user_avatar&r=g\",\"url\":\"https:\\\/\\\/secure.gravatar.com\\\/avatar\\\/71f2fa71737ad68a84fea94bc708ddac8ea5b0c4788dc2ad202f3ccb2887742f?s=96&d=wp_user_avatar&r=g\",\"contentUrl\":\"https:\\\/\\\/secure.gravatar.com\\\/avatar\\\/71f2fa71737ad68a84fea94bc708ddac8ea5b0c4788dc2ad202f3ccb2887742f?s=96&d=wp_user_avatar&r=g\",\"caption\":\"Reda\u00e7\u00e3o JO\"},\"url\":\"https:\\\/\\\/jornaldasoficinas.com\\\/pt\\\/author\\\/joredacao\\\/\"}]}<\/script>\n<!-- \/ Yoast SEO plugin. -->","yoast_head_json":{"title":"Centen\u00e1rio JAP assume importa\u00e7\u00e3o da marca FOTON em Portugal - Jornal das Oficinas","description":"A parceria entre o Grupo JAP e a Foton Motor Group visa impulsionar a mobilidade el\u00e9trica no segmento dos ve\u00edculos comerciais ligeiros","robots":{"index":"index","follow":"follow","max-snippet":"max-snippet:-1","max-image-preview":"max-image-preview:large","max-video-preview":"max-video-preview:-1"},"canonical":"https:\/\/jornaldasoficinas.com\/pt\/centenario-jap-assume-importacao-da-marca-foton-em-portugal\/","og_locale":"pt_PT","og_type":"article","og_title":"Centen\u00e1rio JAP assume importa\u00e7\u00e3o da marca FOTON em Portugal - Jornal das Oficinas","og_description":"A parceria entre o Grupo JAP e a Foton Motor Group visa impulsionar a mobilidade el\u00e9trica no segmento dos ve\u00edculos comerciais ligeiros","og_url":"https:\/\/jornaldasoficinas.com\/pt\/centenario-jap-assume-importacao-da-marca-foton-em-portugal\/","og_site_name":"Jornal das Oficinas","article_publisher":"https:\/\/www.facebook.com\/jornaloficinas","article_published_time":"2024-05-09T09:00:06+00:00","og_image":[{"width":1024,"height":581,"url":"https:\/\/jornaldasoficinas.com\/pt\/wp-content\/uploads\/2024\/05\/Grupo-JAP-assume-importacao-da-marca-FOTON-em-Portugal.jpeg","type":"image\/jpeg"}],"author":"Reda\u00e7\u00e3o JO","twitter_card":"summary_large_image","twitter_creator":"@jornaloficinas","twitter_site":"@jornaloficinas","twitter_misc":{"Escrito por":"Reda\u00e7\u00e3o JO","Tempo estimado de leitura":"3 minutos"},"schema":{"@context":"https:\/\/schema.org","@graph":[{"@type":"Article","@id":"https:\/\/jornaldasoficinas.com\/pt\/centenario-jap-assume-importacao-da-marca-foton-em-portugal\/#article","isPartOf":{"@id":"https:\/\/jornaldasoficinas.com\/pt\/centenario-jap-assume-importacao-da-marca-foton-em-portugal\/"},"author":{"name":"Reda\u00e7\u00e3o JO","@id":"https:\/\/jornaldasoficinas.com\/pt\/#\/schema\/person\/a38eef5de2c41d9e7c9ac10141afddf3"},"headline":"Centen\u00e1rio JAP assume importa\u00e7\u00e3o da marca FOTON em Portugal","datePublished":"2024-05-09T09:00:06+00:00","mainEntityOfPage":{"@id":"https:\/\/jornaldasoficinas.com\/pt\/centenario-jap-assume-importacao-da-marca-foton-em-portugal\/"},"wordCount":391,"publisher":{"@id":"https:\/\/jornaldasoficinas.com\/pt\/#organization"},"image":{"@id":"https:\/\/jornaldasoficinas.com\/pt\/centenario-jap-assume-importacao-da-marca-foton-em-portugal\/#primaryimage"},"thumbnailUrl":"https:\/\/jornaldasoficinas.com\/pt\/wp-content\/uploads\/2024\/05\/Grupo-JAP-assume-importacao-da-marca-FOTON-em-Portugal.jpeg","keywords":["Foton Motor Group","Grupo JAP","Mobilidade el\u00e9trica","Parceria Estrat\u00e9gica","transi\u00e7\u00e3o energ\u00e9tica","Ve\u00edculos comerciais ligeiros","Ve\u00edculos el\u00e9tricos"],"articleSection":["Empresas"],"inLanguage":"pt-PT"},{"@type":"WebPage","@id":"https:\/\/jornaldasoficinas.com\/pt\/centenario-jap-assume-importacao-da-marca-foton-em-portugal\/","url":"https:\/\/jornaldasoficinas.com\/pt\/centenario-jap-assume-importacao-da-marca-foton-em-portugal\/","name":"Centen\u00e1rio JAP assume importa\u00e7\u00e3o da marca FOTON em Portugal - Jornal das Oficinas","isPartOf":{"@id":"https:\/\/jornaldasoficinas.com\/pt\/#website"},"primaryImageOfPage":{"@id":"https:\/\/jornaldasoficinas.com\/pt\/centenario-jap-assume-importacao-da-marca-foton-em-portugal\/#primaryimage"},"image":{"@id":"https:\/\/jornaldasoficinas.com\/pt\/centenario-jap-assume-importacao-da-marca-foton-em-portugal\/#primaryimage"},"thumbnailUrl":"https:\/\/jornaldasoficinas.com\/pt\/wp-content\/uploads\/2024\/05\/Grupo-JAP-assume-importacao-da-marca-FOTON-em-Portugal.jpeg","datePublished":"2024-05-09T09:00:06+00:00","description":"A parceria entre o Grupo JAP e a Foton Motor Group visa impulsionar a mobilidade el\u00e9trica no segmento dos ve\u00edculos comerciais ligeiros","breadcrumb":{"@id":"https:\/\/jornaldasoficinas.com\/pt\/centenario-jap-assume-importacao-da-marca-foton-em-portugal\/#breadcrumb"},"inLanguage":"pt-PT","potentialAction":[{"@type":"ReadAction","target":["https:\/\/jornaldasoficinas.com\/pt\/centenario-jap-assume-importacao-da-marca-foton-em-portugal\/"]}]},{"@type":"ImageObject","inLanguage":"pt-PT","@id":"https:\/\/jornaldasoficinas.com\/pt\/centenario-jap-assume-importacao-da-marca-foton-em-portugal\/#primaryimage","url":"https:\/\/jornaldasoficinas.com\/pt\/wp-content\/uploads\/2024\/05\/Grupo-JAP-assume-importacao-da-marca-FOTON-em-Portugal.jpeg","contentUrl":"https:\/\/jornaldasoficinas.com\/pt\/wp-content\/uploads\/2024\/05\/Grupo-JAP-assume-importacao-da-marca-FOTON-em-Portugal.jpeg","width":1024,"height":581,"caption":"05 - Grupo JAP assume importacao da marca FOTON em Portugal"},{"@type":"BreadcrumbList","@id":"https:\/\/jornaldasoficinas.com\/pt\/centenario-jap-assume-importacao-da-marca-foton-em-portugal\/#breadcrumb","itemListElement":[{"@type":"ListItem","position":1,"name":"In\u00edcio","item":"https:\/\/jornaldasoficinas.com\/pt\/"},{"@type":"ListItem","position":2,"name":"Centen\u00e1rio JAP assume importa\u00e7\u00e3o da marca FOTON em Portugal"}]},{"@type":"WebSite","@id":"https:\/\/jornaldasoficinas.com\/pt\/#website","url":"https:\/\/jornaldasoficinas.com\/pt\/","name":"Jornal das Oficinas","description":"Jornal independente do Aftermarket Autom\u00f3vel em Portugal","publisher":{"@id":"https:\/\/jornaldasoficinas.com\/pt\/#organization"},"potentialAction":[{"@type":"SearchAction","target":{"@type":"EntryPoint","urlTemplate":"https:\/\/jornaldasoficinas.com\/pt\/?s={search_term_string}"},"query-input":{"@type":"PropertyValueSpecification","valueRequired":true,"valueName":"search_term_string"}}],"inLanguage":"pt-PT"},{"@type":"Organization","@id":"https:\/\/jornaldasoficinas.com\/pt\/#organization","name":"Jornal das Oficinas","url":"https:\/\/jornaldasoficinas.com\/pt\/","logo":{"@type":"ImageObject","inLanguage":"pt-PT","@id":"https:\/\/jornaldasoficinas.com\/pt\/#\/schema\/logo\/image\/","url":"https:\/\/jornaldasoficinas.com\/pt\/wp-content\/uploads\/logoJO-SEO.png","contentUrl":"https:\/\/jornaldasoficinas.com\/pt\/wp-content\/uploads\/logoJO-SEO.png","width":285,"height":450,"caption":"Jornal das Oficinas"},"image":{"@id":"https:\/\/jornaldasoficinas.com\/pt\/#\/schema\/logo\/image\/"},"sameAs":["https:\/\/www.facebook.com\/jornaloficinas","https:\/\/x.com\/jornaloficinas","https:\/\/www.instagram.com\/jornal_oficinas\/","https:\/\/www.linkedin.com\/company\/jornal-das-oficinas\/","https:\/\/www.youtube.com\/channel\/UCbQZBqtcvV-oSQrr7RzINGg"]},{"@type":"Person","@id":"https:\/\/jornaldasoficinas.com\/pt\/#\/schema\/person\/a38eef5de2c41d9e7c9ac10141afddf3","name":"Reda\u00e7\u00e3o JO","image":{"@type":"ImageObject","inLanguage":"pt-PT","@id":"https:\/\/secure.gravatar.com\/avatar\/71f2fa71737ad68a84fea94bc708ddac8ea5b0c4788dc2ad202f3ccb2887742f?s=96&d=wp_user_avatar&r=g","url":"https:\/\/secure.gravatar.com\/avatar\/71f2fa71737ad68a84fea94bc708ddac8ea5b0c4788dc2ad202f3ccb2887742f?s=96&d=wp_user_avatar&r=g","contentUrl":"https:\/\/secure.gravatar.com\/avatar\/71f2fa71737ad68a84fea94bc708ddac8ea5b0c4788dc2ad202f3ccb2887742f?s=96&d=wp_user_avatar&r=g","caption":"Reda\u00e7\u00e3o JO"},"url":"https:\/\/jornaldasoficinas.com\/pt\/author\/joredacao\/"}]}},"_links":{"self":[{"href":"https:\/\/jornaldasoficinas.com\/pt\/wp-json\/wp\/v2\/posts\/84151","targetHints":{"allow":["GET"]}}],"collection":[{"href":"https:\/\/jornaldasoficinas.com\/pt\/wp-json\/wp\/v2\/posts"}],"about":[{"href":"https:\/\/jornaldasoficinas.com\/pt\/wp-json\/wp\/v2\/types\/post"}],"author":[{"embeddable":true,"href":"https:\/\/jornaldasoficinas.com\/pt\/wp-json\/wp\/v2\/users\/15"}],"replies":[{"embeddable":true,"href":"https:\/\/jornaldasoficinas.com\/pt\/wp-json\/wp\/v2\/comments?post=84151"}],"version-history":[{"count":0,"href":"https:\/\/jornaldasoficinas.com\/pt\/wp-json\/wp\/v2\/posts\/84151\/revisions"}],"wp:featuredmedia":[{"embeddable":true,"href":"https:\/\/jornaldasoficinas.com\/pt\/wp-json\/wp\/v2\/media\/84153"}],"wp:attachment":[{"href":"https:\/\/jornaldasoficinas.com\/pt\/wp-json\/wp\/v2\/media?parent=84151"}],"wp:term":[{"taxonomy":"category","embeddable":true,"href":"https:\/\/jornaldasoficinas.com\/pt\/wp-json\/wp\/v2\/categories?post=84151"},{"taxonomy":"post_tag","embeddable":true,"href":"https:\/\/jornaldasoficinas.com\/pt\/wp-json\/wp\/v2\/tags?post=84151"}],"curies":[{"name":"wp","href":"https:\/\/api.w.org\/{rel}","templated":true}]}}