{"id":84165,"date":"2024-05-08T08:00:36","date_gmt":"2024-05-08T07:00:36","guid":{"rendered":"https:\/\/jornaldasoficinas.com\/pt\/?p=84165"},"modified":"2024-05-06T14:47:28","modified_gmt":"2024-05-06T13:47:28","slug":"ferdinand-bilstein-portugal-comemora-20-anos","status":"publish","type":"post","link":"https:\/\/jornaldasoficinas.com\/pt\/ferdinand-bilstein-portugal-comemora-20-anos\/","title":{"rendered":"Ferdinand Bilstein Portugal comemora 20 anos"},"content":{"rendered":"<p><img loading=\"lazy\" decoding=\"async\" class=\"alignnone size-full wp-image-84167\" src=\"https:\/\/jornaldasoficinas.com\/pt\/wp-content\/uploads\/2024\/05\/Ferdinand-Bilstein-Portugal-comemora-20-anos.jpg\" alt=\"05 - Ferdinand Bilstein Portugal comemora 20 anos\" width=\"1024\" height=\"581\" srcset=\"https:\/\/jornaldasoficinas.com\/pt\/wp-content\/uploads\/2024\/05\/Ferdinand-Bilstein-Portugal-comemora-20-anos.jpg 1024w, https:\/\/jornaldasoficinas.com\/pt\/wp-content\/uploads\/2024\/05\/Ferdinand-Bilstein-Portugal-comemora-20-anos-300x170.jpg 300w, https:\/\/jornaldasoficinas.com\/pt\/wp-content\/uploads\/2024\/05\/Ferdinand-Bilstein-Portugal-comemora-20-anos-150x85.jpg 150w, https:\/\/jornaldasoficinas.com\/pt\/wp-content\/uploads\/2024\/05\/Ferdinand-Bilstein-Portugal-comemora-20-anos-768x436.jpg 768w\" sizes=\"auto, (max-width: 1024px) 100vw, 1024px\" \/><\/p>\n<p><strong>Para celebrar os 20 anos de hist\u00f3ria, a\u00a0<a href=\"https:\/\/bilsteingroup.com\/\" target=\"_blank\" rel=\"noopener\">Ferdinand Bilstein Portugal,<\/a> ir\u00e1 desenvolver v\u00e1rias a\u00e7\u00f5es, internas e externas, de modo a envolver todos os stakeholders<\/strong><\/p>\n<p>A Ferdinand Bilstein Portugal atingiu a marca dos 20 anos no dia 2 de janeiro de 2024, assinalando a data de funda\u00e7\u00e3o da empresa em Portugal. Em 2004, eram apenas sete colaboradores numas instala\u00e7\u00f5es com 900 metros quadrados. Agora, celebram este marco especial com mais de 100 colaboradores e mais de 10 mil metros quadrados.<\/p>\n<p>&#8220;Esta data ser\u00e1 celebrada de v\u00e1rias formas e com v\u00e1rias a\u00e7\u00f5es, internas e externas, de modo que possamos envolver todos os nossos stakeholders naquela que \u00e9 uma data relevante e que demonstra tamb\u00e9m a solidez, o crescimento e a evolu\u00e7\u00e3o do bilstein group em Portugal&#8221;, revelou a empresa em comunicado.<\/p>\n<p>A primeira a\u00e7\u00e3o comemorativa destes 20 anos teve lugar no passado dia 28 de mar\u00e7o, com uma ca\u00e7a aos ovos nas instala\u00e7\u00f5es do bilstein group. No dia anterior, foram escondidos em todo o espa\u00e7o cerca de 400 ovos da P\u00e1scoa e, no dia seguinte, foi lan\u00e7ado o desafio a todos os colaboradores para que encontrassem o maior n\u00famero de ovos poss\u00edvel e que partilhassem fotos das descobertas. &#8220;Os colaboradores aderiram e seguiram-se momentos muito doces e uma verdadeira &#8220;competi\u00e7\u00e3o&#8221; entre todos&#8221;, relatou.<\/p>\n<p>&#8220;Nos pr\u00f3ximos meses ser\u00e3o divulgadas mais a\u00e7\u00f5es que ter\u00e3o como principal objetivo promover este 20\u00ba anivers\u00e1rio, que nos enche de orgulho e que nos permite, uma vez mais, mostrar o dinamismo do bilstein group&#8221;, salientou.<\/p>\n<p>Al\u00e9m de a\u00e7\u00f5es e eventos internos, os colaboradores ser\u00e3o ainda presenteados com uma t-shirt comemorativa do anivers\u00e1rio e com uma garrafa reutiliz\u00e1vel. Para clientes e fornecedores, foi criado um brinde sustent\u00e1vel e que ser\u00e1 conhecido nas pr\u00f3ximas semanas. Todos os itens criados para este efeito ter\u00e3o um logo espec\u00edfico, criado exclusivamente para a celebra\u00e7\u00e3o deste 20\u00ba anivers\u00e1rio. Por fim, j\u00e1 se encontra hasteada uma bandeira com o novo log\u00f3tipo nas instala\u00e7\u00f5es do bilstein group. Este novo log\u00f3tipo ser\u00e1 vis\u00edvel em v\u00e1rios materiais ao longo de 2024, como forma de assinalar esta data.<\/p>\n","protected":false},"excerpt":{"rendered":"<p>Para celebrar os 20 anos de&#8230;<\/p>\n","protected":false},"author":15,"featured_media":84167,"comment_status":"closed","ping_status":"closed","sticky":false,"template":"","format":"standard","meta":{"footnotes":""},"categories":[29],"tags":[3028,1049,5705,8920,8921,914],"class_list":["post-84165","post","type-post","status-publish","format-standard","has-post-thumbnail","hentry","category-empresas","tag-20-anos","tag-bilstein-group-2","tag-celebracao","tag-desenvolvimento-de-acoes","tag-envolvimento-dos-stakeholders","tag-ferdinand-bilstein-portugal"],"yoast_head":"<!-- This site is optimized with the Yoast SEO plugin v27.4 - https:\/\/yoast.com\/product\/yoast-seo-wordpress\/ -->\n<title>Ferdinand Bilstein Portugal comemora 20 anos - Jornal das Oficinas<\/title>\n<meta name=\"description\" content=\"Para celebrar os 20 anos, a\u00a0Ferdinand Bilstein Portugal, ir\u00e1 desenvolver v\u00e1rias a\u00e7\u00f5es de modo a envolver todos os stakeholders\" \/>\n<meta name=\"robots\" content=\"index, follow, max-snippet:-1, max-image-preview:large, max-video-preview:-1\" \/>\n<link rel=\"canonical\" href=\"https:\/\/jornaldasoficinas.com\/pt\/ferdinand-bilstein-portugal-comemora-20-anos\/\" \/>\n<meta property=\"og:locale\" content=\"pt_PT\" \/>\n<meta property=\"og:type\" content=\"article\" \/>\n<meta property=\"og:title\" content=\"Ferdinand Bilstein Portugal comemora 20 anos - Jornal das Oficinas\" \/>\n<meta property=\"og:description\" content=\"Para celebrar os 20 anos, a\u00a0Ferdinand Bilstein Portugal, ir\u00e1 desenvolver v\u00e1rias a\u00e7\u00f5es de modo a envolver todos os stakeholders\" \/>\n<meta property=\"og:url\" content=\"https:\/\/jornaldasoficinas.com\/pt\/ferdinand-bilstein-portugal-comemora-20-anos\/\" \/>\n<meta property=\"og:site_name\" content=\"Jornal das Oficinas\" \/>\n<meta property=\"article:publisher\" content=\"https:\/\/www.facebook.com\/jornaloficinas\" \/>\n<meta property=\"article:published_time\" content=\"2024-05-08T07:00:36+00:00\" \/>\n<meta property=\"og:image\" content=\"https:\/\/jornaldasoficinas.com\/pt\/wp-content\/uploads\/2024\/05\/Ferdinand-Bilstein-Portugal-comemora-20-anos.jpg\" \/>\n\t<meta property=\"og:image:width\" content=\"1024\" \/>\n\t<meta property=\"og:image:height\" content=\"581\" \/>\n\t<meta property=\"og:image:type\" content=\"image\/jpeg\" \/>\n<meta name=\"author\" content=\"Reda\u00e7\u00e3o JO\" \/>\n<meta name=\"twitter:card\" content=\"summary_large_image\" \/>\n<meta name=\"twitter:creator\" content=\"@jornaloficinas\" \/>\n<meta name=\"twitter:site\" content=\"@jornaloficinas\" \/>\n<meta name=\"twitter:label1\" content=\"Escrito por\" \/>\n\t<meta name=\"twitter:data1\" content=\"Reda\u00e7\u00e3o JO\" \/>\n\t<meta name=\"twitter:label2\" content=\"Tempo estimado de leitura\" \/>\n\t<meta name=\"twitter:data2\" content=\"3 minutos\" \/>\n<script type=\"application\/ld+json\" class=\"yoast-schema-graph\">{\"@context\":\"https:\\\/\\\/schema.org\",\"@graph\":[{\"@type\":\"Article\",\"@id\":\"https:\\\/\\\/jornaldasoficinas.com\\\/pt\\\/ferdinand-bilstein-portugal-comemora-20-anos\\\/#article\",\"isPartOf\":{\"@id\":\"https:\\\/\\\/jornaldasoficinas.com\\\/pt\\\/ferdinand-bilstein-portugal-comemora-20-anos\\\/\"},\"author\":{\"name\":\"Reda\u00e7\u00e3o JO\",\"@id\":\"https:\\\/\\\/jornaldasoficinas.com\\\/pt\\\/#\\\/schema\\\/person\\\/a38eef5de2c41d9e7c9ac10141afddf3\"},\"headline\":\"Ferdinand Bilstein Portugal comemora 20 anos\",\"datePublished\":\"2024-05-08T07:00:36+00:00\",\"mainEntityOfPage\":{\"@id\":\"https:\\\/\\\/jornaldasoficinas.com\\\/pt\\\/ferdinand-bilstein-portugal-comemora-20-anos\\\/\"},\"wordCount\":370,\"publisher\":{\"@id\":\"https:\\\/\\\/jornaldasoficinas.com\\\/pt\\\/#organization\"},\"image\":{\"@id\":\"https:\\\/\\\/jornaldasoficinas.com\\\/pt\\\/ferdinand-bilstein-portugal-comemora-20-anos\\\/#primaryimage\"},\"thumbnailUrl\":\"https:\\\/\\\/jornaldasoficinas.com\\\/pt\\\/wp-content\\\/uploads\\\/2024\\\/05\\\/Ferdinand-Bilstein-Portugal-comemora-20-anos.jpg\",\"keywords\":[\"20 anos\",\"bilstein group\",\"Celebra\u00e7\u00e3o\",\"desenvolvimento de a\u00e7\u00f5es\",\"envolvimento dos stakeholders\",\"Ferdinand Bilstein Portugal\"],\"articleSection\":[\"Empresas\"],\"inLanguage\":\"pt-PT\"},{\"@type\":\"WebPage\",\"@id\":\"https:\\\/\\\/jornaldasoficinas.com\\\/pt\\\/ferdinand-bilstein-portugal-comemora-20-anos\\\/\",\"url\":\"https:\\\/\\\/jornaldasoficinas.com\\\/pt\\\/ferdinand-bilstein-portugal-comemora-20-anos\\\/\",\"name\":\"Ferdinand Bilstein Portugal comemora 20 anos - Jornal das Oficinas\",\"isPartOf\":{\"@id\":\"https:\\\/\\\/jornaldasoficinas.com\\\/pt\\\/#website\"},\"primaryImageOfPage\":{\"@id\":\"https:\\\/\\\/jornaldasoficinas.com\\\/pt\\\/ferdinand-bilstein-portugal-comemora-20-anos\\\/#primaryimage\"},\"image\":{\"@id\":\"https:\\\/\\\/jornaldasoficinas.com\\\/pt\\\/ferdinand-bilstein-portugal-comemora-20-anos\\\/#primaryimage\"},\"thumbnailUrl\":\"https:\\\/\\\/jornaldasoficinas.com\\\/pt\\\/wp-content\\\/uploads\\\/2024\\\/05\\\/Ferdinand-Bilstein-Portugal-comemora-20-anos.jpg\",\"datePublished\":\"2024-05-08T07:00:36+00:00\",\"description\":\"Para celebrar os 20 anos, a\u00a0Ferdinand Bilstein Portugal, ir\u00e1 desenvolver v\u00e1rias a\u00e7\u00f5es de modo a envolver todos os stakeholders\",\"breadcrumb\":{\"@id\":\"https:\\\/\\\/jornaldasoficinas.com\\\/pt\\\/ferdinand-bilstein-portugal-comemora-20-anos\\\/#breadcrumb\"},\"inLanguage\":\"pt-PT\",\"potentialAction\":[{\"@type\":\"ReadAction\",\"target\":[\"https:\\\/\\\/jornaldasoficinas.com\\\/pt\\\/ferdinand-bilstein-portugal-comemora-20-anos\\\/\"]}]},{\"@type\":\"ImageObject\",\"inLanguage\":\"pt-PT\",\"@id\":\"https:\\\/\\\/jornaldasoficinas.com\\\/pt\\\/ferdinand-bilstein-portugal-comemora-20-anos\\\/#primaryimage\",\"url\":\"https:\\\/\\\/jornaldasoficinas.com\\\/pt\\\/wp-content\\\/uploads\\\/2024\\\/05\\\/Ferdinand-Bilstein-Portugal-comemora-20-anos.jpg\",\"contentUrl\":\"https:\\\/\\\/jornaldasoficinas.com\\\/pt\\\/wp-content\\\/uploads\\\/2024\\\/05\\\/Ferdinand-Bilstein-Portugal-comemora-20-anos.jpg\",\"width\":1024,\"height\":581,\"caption\":\"05 - Ferdinand Bilstein Portugal comemora 20 anos\"},{\"@type\":\"BreadcrumbList\",\"@id\":\"https:\\\/\\\/jornaldasoficinas.com\\\/pt\\\/ferdinand-bilstein-portugal-comemora-20-anos\\\/#breadcrumb\",\"itemListElement\":[{\"@type\":\"ListItem\",\"position\":1,\"name\":\"In\u00edcio\",\"item\":\"https:\\\/\\\/jornaldasoficinas.com\\\/pt\\\/\"},{\"@type\":\"ListItem\",\"position\":2,\"name\":\"Ferdinand Bilstein Portugal comemora 20 anos\"}]},{\"@type\":\"WebSite\",\"@id\":\"https:\\\/\\\/jornaldasoficinas.com\\\/pt\\\/#website\",\"url\":\"https:\\\/\\\/jornaldasoficinas.com\\\/pt\\\/\",\"name\":\"Jornal das Oficinas\",\"description\":\"Jornal independente do Aftermarket Autom\u00f3vel em Portugal\",\"publisher\":{\"@id\":\"https:\\\/\\\/jornaldasoficinas.com\\\/pt\\\/#organization\"},\"potentialAction\":[{\"@type\":\"SearchAction\",\"target\":{\"@type\":\"EntryPoint\",\"urlTemplate\":\"https:\\\/\\\/jornaldasoficinas.com\\\/pt\\\/?s={search_term_string}\"},\"query-input\":{\"@type\":\"PropertyValueSpecification\",\"valueRequired\":true,\"valueName\":\"search_term_string\"}}],\"inLanguage\":\"pt-PT\"},{\"@type\":\"Organization\",\"@id\":\"https:\\\/\\\/jornaldasoficinas.com\\\/pt\\\/#organization\",\"name\":\"Jornal das Oficinas\",\"url\":\"https:\\\/\\\/jornaldasoficinas.com\\\/pt\\\/\",\"logo\":{\"@type\":\"ImageObject\",\"inLanguage\":\"pt-PT\",\"@id\":\"https:\\\/\\\/jornaldasoficinas.com\\\/pt\\\/#\\\/schema\\\/logo\\\/image\\\/\",\"url\":\"https:\\\/\\\/jornaldasoficinas.com\\\/pt\\\/wp-content\\\/uploads\\\/logoJO-SEO.png\",\"contentUrl\":\"https:\\\/\\\/jornaldasoficinas.com\\\/pt\\\/wp-content\\\/uploads\\\/logoJO-SEO.png\",\"width\":285,\"height\":450,\"caption\":\"Jornal das Oficinas\"},\"image\":{\"@id\":\"https:\\\/\\\/jornaldasoficinas.com\\\/pt\\\/#\\\/schema\\\/logo\\\/image\\\/\"},\"sameAs\":[\"https:\\\/\\\/www.facebook.com\\\/jornaloficinas\",\"https:\\\/\\\/x.com\\\/jornaloficinas\",\"https:\\\/\\\/www.instagram.com\\\/jornal_oficinas\\\/\",\"https:\\\/\\\/www.linkedin.com\\\/company\\\/jornal-das-oficinas\\\/\",\"https:\\\/\\\/www.youtube.com\\\/channel\\\/UCbQZBqtcvV-oSQrr7RzINGg\"]},{\"@type\":\"Person\",\"@id\":\"https:\\\/\\\/jornaldasoficinas.com\\\/pt\\\/#\\\/schema\\\/person\\\/a38eef5de2c41d9e7c9ac10141afddf3\",\"name\":\"Reda\u00e7\u00e3o JO\",\"image\":{\"@type\":\"ImageObject\",\"inLanguage\":\"pt-PT\",\"@id\":\"https:\\\/\\\/secure.gravatar.com\\\/avatar\\\/71f2fa71737ad68a84fea94bc708ddac8ea5b0c4788dc2ad202f3ccb2887742f?s=96&d=wp_user_avatar&r=g\",\"url\":\"https:\\\/\\\/secure.gravatar.com\\\/avatar\\\/71f2fa71737ad68a84fea94bc708ddac8ea5b0c4788dc2ad202f3ccb2887742f?s=96&d=wp_user_avatar&r=g\",\"contentUrl\":\"https:\\\/\\\/secure.gravatar.com\\\/avatar\\\/71f2fa71737ad68a84fea94bc708ddac8ea5b0c4788dc2ad202f3ccb2887742f?s=96&d=wp_user_avatar&r=g\",\"caption\":\"Reda\u00e7\u00e3o JO\"},\"url\":\"https:\\\/\\\/jornaldasoficinas.com\\\/pt\\\/author\\\/joredacao\\\/\"}]}<\/script>\n<!-- \/ Yoast SEO plugin. -->","yoast_head_json":{"title":"Ferdinand Bilstein Portugal comemora 20 anos - Jornal das Oficinas","description":"Para celebrar os 20 anos, a\u00a0Ferdinand Bilstein Portugal, ir\u00e1 desenvolver v\u00e1rias a\u00e7\u00f5es de modo a envolver todos os stakeholders","robots":{"index":"index","follow":"follow","max-snippet":"max-snippet:-1","max-image-preview":"max-image-preview:large","max-video-preview":"max-video-preview:-1"},"canonical":"https:\/\/jornaldasoficinas.com\/pt\/ferdinand-bilstein-portugal-comemora-20-anos\/","og_locale":"pt_PT","og_type":"article","og_title":"Ferdinand Bilstein Portugal comemora 20 anos - Jornal das Oficinas","og_description":"Para celebrar os 20 anos, a\u00a0Ferdinand Bilstein Portugal, ir\u00e1 desenvolver v\u00e1rias a\u00e7\u00f5es de modo a envolver todos os stakeholders","og_url":"https:\/\/jornaldasoficinas.com\/pt\/ferdinand-bilstein-portugal-comemora-20-anos\/","og_site_name":"Jornal das Oficinas","article_publisher":"https:\/\/www.facebook.com\/jornaloficinas","article_published_time":"2024-05-08T07:00:36+00:00","og_image":[{"width":1024,"height":581,"url":"https:\/\/jornaldasoficinas.com\/pt\/wp-content\/uploads\/2024\/05\/Ferdinand-Bilstein-Portugal-comemora-20-anos.jpg","type":"image\/jpeg"}],"author":"Reda\u00e7\u00e3o JO","twitter_card":"summary_large_image","twitter_creator":"@jornaloficinas","twitter_site":"@jornaloficinas","twitter_misc":{"Escrito por":"Reda\u00e7\u00e3o JO","Tempo estimado de leitura":"3 minutos"},"schema":{"@context":"https:\/\/schema.org","@graph":[{"@type":"Article","@id":"https:\/\/jornaldasoficinas.com\/pt\/ferdinand-bilstein-portugal-comemora-20-anos\/#article","isPartOf":{"@id":"https:\/\/jornaldasoficinas.com\/pt\/ferdinand-bilstein-portugal-comemora-20-anos\/"},"author":{"name":"Reda\u00e7\u00e3o JO","@id":"https:\/\/jornaldasoficinas.com\/pt\/#\/schema\/person\/a38eef5de2c41d9e7c9ac10141afddf3"},"headline":"Ferdinand Bilstein Portugal comemora 20 anos","datePublished":"2024-05-08T07:00:36+00:00","mainEntityOfPage":{"@id":"https:\/\/jornaldasoficinas.com\/pt\/ferdinand-bilstein-portugal-comemora-20-anos\/"},"wordCount":370,"publisher":{"@id":"https:\/\/jornaldasoficinas.com\/pt\/#organization"},"image":{"@id":"https:\/\/jornaldasoficinas.com\/pt\/ferdinand-bilstein-portugal-comemora-20-anos\/#primaryimage"},"thumbnailUrl":"https:\/\/jornaldasoficinas.com\/pt\/wp-content\/uploads\/2024\/05\/Ferdinand-Bilstein-Portugal-comemora-20-anos.jpg","keywords":["20 anos","bilstein group","Celebra\u00e7\u00e3o","desenvolvimento de a\u00e7\u00f5es","envolvimento dos stakeholders","Ferdinand Bilstein Portugal"],"articleSection":["Empresas"],"inLanguage":"pt-PT"},{"@type":"WebPage","@id":"https:\/\/jornaldasoficinas.com\/pt\/ferdinand-bilstein-portugal-comemora-20-anos\/","url":"https:\/\/jornaldasoficinas.com\/pt\/ferdinand-bilstein-portugal-comemora-20-anos\/","name":"Ferdinand Bilstein Portugal comemora 20 anos - Jornal das Oficinas","isPartOf":{"@id":"https:\/\/jornaldasoficinas.com\/pt\/#website"},"primaryImageOfPage":{"@id":"https:\/\/jornaldasoficinas.com\/pt\/ferdinand-bilstein-portugal-comemora-20-anos\/#primaryimage"},"image":{"@id":"https:\/\/jornaldasoficinas.com\/pt\/ferdinand-bilstein-portugal-comemora-20-anos\/#primaryimage"},"thumbnailUrl":"https:\/\/jornaldasoficinas.com\/pt\/wp-content\/uploads\/2024\/05\/Ferdinand-Bilstein-Portugal-comemora-20-anos.jpg","datePublished":"2024-05-08T07:00:36+00:00","description":"Para celebrar os 20 anos, a\u00a0Ferdinand Bilstein Portugal, ir\u00e1 desenvolver v\u00e1rias a\u00e7\u00f5es de modo a envolver todos os stakeholders","breadcrumb":{"@id":"https:\/\/jornaldasoficinas.com\/pt\/ferdinand-bilstein-portugal-comemora-20-anos\/#breadcrumb"},"inLanguage":"pt-PT","potentialAction":[{"@type":"ReadAction","target":["https:\/\/jornaldasoficinas.com\/pt\/ferdinand-bilstein-portugal-comemora-20-anos\/"]}]},{"@type":"ImageObject","inLanguage":"pt-PT","@id":"https:\/\/jornaldasoficinas.com\/pt\/ferdinand-bilstein-portugal-comemora-20-anos\/#primaryimage","url":"https:\/\/jornaldasoficinas.com\/pt\/wp-content\/uploads\/2024\/05\/Ferdinand-Bilstein-Portugal-comemora-20-anos.jpg","contentUrl":"https:\/\/jornaldasoficinas.com\/pt\/wp-content\/uploads\/2024\/05\/Ferdinand-Bilstein-Portugal-comemora-20-anos.jpg","width":1024,"height":581,"caption":"05 - Ferdinand Bilstein Portugal comemora 20 anos"},{"@type":"BreadcrumbList","@id":"https:\/\/jornaldasoficinas.com\/pt\/ferdinand-bilstein-portugal-comemora-20-anos\/#breadcrumb","itemListElement":[{"@type":"ListItem","position":1,"name":"In\u00edcio","item":"https:\/\/jornaldasoficinas.com\/pt\/"},{"@type":"ListItem","position":2,"name":"Ferdinand Bilstein Portugal comemora 20 anos"}]},{"@type":"WebSite","@id":"https:\/\/jornaldasoficinas.com\/pt\/#website","url":"https:\/\/jornaldasoficinas.com\/pt\/","name":"Jornal das Oficinas","description":"Jornal independente do Aftermarket Autom\u00f3vel em Portugal","publisher":{"@id":"https:\/\/jornaldasoficinas.com\/pt\/#organization"},"potentialAction":[{"@type":"SearchAction","target":{"@type":"EntryPoint","urlTemplate":"https:\/\/jornaldasoficinas.com\/pt\/?s={search_term_string}"},"query-input":{"@type":"PropertyValueSpecification","valueRequired":true,"valueName":"search_term_string"}}],"inLanguage":"pt-PT"},{"@type":"Organization","@id":"https:\/\/jornaldasoficinas.com\/pt\/#organization","name":"Jornal das Oficinas","url":"https:\/\/jornaldasoficinas.com\/pt\/","logo":{"@type":"ImageObject","inLanguage":"pt-PT","@id":"https:\/\/jornaldasoficinas.com\/pt\/#\/schema\/logo\/image\/","url":"https:\/\/jornaldasoficinas.com\/pt\/wp-content\/uploads\/logoJO-SEO.png","contentUrl":"https:\/\/jornaldasoficinas.com\/pt\/wp-content\/uploads\/logoJO-SEO.png","width":285,"height":450,"caption":"Jornal das Oficinas"},"image":{"@id":"https:\/\/jornaldasoficinas.com\/pt\/#\/schema\/logo\/image\/"},"sameAs":["https:\/\/www.facebook.com\/jornaloficinas","https:\/\/x.com\/jornaloficinas","https:\/\/www.instagram.com\/jornal_oficinas\/","https:\/\/www.linkedin.com\/company\/jornal-das-oficinas\/","https:\/\/www.youtube.com\/channel\/UCbQZBqtcvV-oSQrr7RzINGg"]},{"@type":"Person","@id":"https:\/\/jornaldasoficinas.com\/pt\/#\/schema\/person\/a38eef5de2c41d9e7c9ac10141afddf3","name":"Reda\u00e7\u00e3o JO","image":{"@type":"ImageObject","inLanguage":"pt-PT","@id":"https:\/\/secure.gravatar.com\/avatar\/71f2fa71737ad68a84fea94bc708ddac8ea5b0c4788dc2ad202f3ccb2887742f?s=96&d=wp_user_avatar&r=g","url":"https:\/\/secure.gravatar.com\/avatar\/71f2fa71737ad68a84fea94bc708ddac8ea5b0c4788dc2ad202f3ccb2887742f?s=96&d=wp_user_avatar&r=g","contentUrl":"https:\/\/secure.gravatar.com\/avatar\/71f2fa71737ad68a84fea94bc708ddac8ea5b0c4788dc2ad202f3ccb2887742f?s=96&d=wp_user_avatar&r=g","caption":"Reda\u00e7\u00e3o JO"},"url":"https:\/\/jornaldasoficinas.com\/pt\/author\/joredacao\/"}]}},"_links":{"self":[{"href":"https:\/\/jornaldasoficinas.com\/pt\/wp-json\/wp\/v2\/posts\/84165","targetHints":{"allow":["GET"]}}],"collection":[{"href":"https:\/\/jornaldasoficinas.com\/pt\/wp-json\/wp\/v2\/posts"}],"about":[{"href":"https:\/\/jornaldasoficinas.com\/pt\/wp-json\/wp\/v2\/types\/post"}],"author":[{"embeddable":true,"href":"https:\/\/jornaldasoficinas.com\/pt\/wp-json\/wp\/v2\/users\/15"}],"replies":[{"embeddable":true,"href":"https:\/\/jornaldasoficinas.com\/pt\/wp-json\/wp\/v2\/comments?post=84165"}],"version-history":[{"count":0,"href":"https:\/\/jornaldasoficinas.com\/pt\/wp-json\/wp\/v2\/posts\/84165\/revisions"}],"wp:featuredmedia":[{"embeddable":true,"href":"https:\/\/jornaldasoficinas.com\/pt\/wp-json\/wp\/v2\/media\/84167"}],"wp:attachment":[{"href":"https:\/\/jornaldasoficinas.com\/pt\/wp-json\/wp\/v2\/media?parent=84165"}],"wp:term":[{"taxonomy":"category","embeddable":true,"href":"https:\/\/jornaldasoficinas.com\/pt\/wp-json\/wp\/v2\/categories?post=84165"},{"taxonomy":"post_tag","embeddable":true,"href":"https:\/\/jornaldasoficinas.com\/pt\/wp-json\/wp\/v2\/tags?post=84165"}],"curies":[{"name":"wp","href":"https:\/\/api.w.org\/{rel}","templated":true}]}}