{"id":84175,"date":"2024-05-08T10:00:05","date_gmt":"2024-05-08T09:00:05","guid":{"rendered":"https:\/\/jornaldasoficinas.com\/pt\/?p=84175"},"modified":"2024-05-06T14:48:37","modified_gmt":"2024-05-06T13:48:37","slug":"autodoc-anuncia-investimento-minoritario-da-apollo-funds","status":"publish","type":"post","link":"https:\/\/jornaldasoficinas.com\/pt\/autodoc-anuncia-investimento-minoritario-da-apollo-funds\/","title":{"rendered":"AUTODOC anuncia investimento minorit\u00e1rio da Apollo Funds"},"content":{"rendered":"<p><img loading=\"lazy\" decoding=\"async\" class=\"alignnone size-full wp-image-84177\" src=\"https:\/\/jornaldasoficinas.com\/pt\/wp-content\/uploads\/2024\/05\/AUTODOC-anuncia-investimento-minoritario-da-Apollo-Funds.jpg\" alt=\"05 - AUTODOC anuncia investimento minoritario da Apollo Funds\" width=\"1024\" height=\"581\" srcset=\"https:\/\/jornaldasoficinas.com\/pt\/wp-content\/uploads\/2024\/05\/AUTODOC-anuncia-investimento-minoritario-da-Apollo-Funds.jpg 1024w, https:\/\/jornaldasoficinas.com\/pt\/wp-content\/uploads\/2024\/05\/AUTODOC-anuncia-investimento-minoritario-da-Apollo-Funds-300x170.jpg 300w, https:\/\/jornaldasoficinas.com\/pt\/wp-content\/uploads\/2024\/05\/AUTODOC-anuncia-investimento-minoritario-da-Apollo-Funds-150x85.jpg 150w, https:\/\/jornaldasoficinas.com\/pt\/wp-content\/uploads\/2024\/05\/AUTODOC-anuncia-investimento-minoritario-da-Apollo-Funds-768x436.jpg 768w\" sizes=\"auto, (max-width: 1024px) 100vw, 1024px\" \/><\/p>\n<p><strong>A <a href=\"https:\/\/www.apollo.com\/\" target=\"_blank\" rel=\"noopener\">Apollo Funds<\/a> adquiriu participa\u00e7\u00e3o minorit\u00e1ria da <a href=\"https:\/\/www.auto-doc.pt\/\" target=\"_blank\" rel=\"noopener\">AUTODOC<\/a> com uma avalia\u00e7\u00e3o de 2,3 mil milh\u00f5es de euros<\/strong><\/p>\n<p>A AUTODOC SE, a maior e de mais r\u00e1pido crescimento, plataforma de e-commerce de pe\u00e7as de autom\u00f3veis da Europa, com sede em Berlim e Tech Hub em Portugal, acaba de anunciar que os fundos de investimento geridos pela Apollo, juntamente com a sua unidade de Hybrid Value (Apollo Funds) efetuaram um investimento de capital minorit\u00e1rio ao lado de investidores institucionais, com avalia\u00e7\u00e3o de 2,3 mil milh\u00f5es de euros. Como parte da transa\u00e7\u00e3o, dois representantes da Apollo far\u00e3o parte do Conselho Fiscal da Empresa.<\/p>\n<p>&#8220;O investimento da Apollo na AUTODOC \u00e9 a valida\u00e7\u00e3o do potencial da nossa empresa. Estamos muito entusiasmados por ter encontrado na Apollo, um investidor que apoia o nosso percurso. Estamos a reunir os nossos pontos fortes para que, juntos, possamos atingir todo o potencial de crescimento da AUTODOC&#8221;, afirmou Dmitry Zadorozhny, CEO da AUTODOC.<\/p>\n<p>O investimento marca a primeira vez que a AUTODOC angaria capital de terceiros. Atrav\u00e9s deste neg\u00f3cio, a Apollo apoiar\u00e1 os planos de crescimento da empresa \u00e0 medida que a AUTODOC entra no segmento B2B e continua a expandir a sua posi\u00e7\u00e3o de lideran\u00e7a no mercado p\u00f3s-venda independente de pe\u00e7as autom\u00f3veis no segmento B2C a n\u00edvel europeu.<\/p>\n<p>A miss\u00e3o centrada no cliente da AUTODOC \u00e9 sustentada pela alta tecnologia, ofertas de marcas e produtos diversificados e um ecossistema acess\u00edvel que permitiu ao neg\u00f3cio crescer de forma rent\u00e1vel e sustent\u00e1vel.<\/p>\n<p>A AUTODOC reportou uma receita l\u00edquida CAGR (taxa de crescimento anual composta) de aproximadamente 26% nos \u00faltimos cinco anos e, em 2023, gerou mais de 1,3 mil milh\u00f5es de euros e mais de 130 milh\u00f5es de euros de EBITDA ajustado.<\/p>\n<p>&#8220;A AUTODOC encontra-se numa trajet\u00f3ria incr\u00edvel, como refletem nossos resultados preliminares de 2023 e pelo crescimento do lucro nos \u00faltimos anos. Estamos a expandir o nosso principal neg\u00f3cio, enquanto abrimos portas a novas oportunidades, e somos altamente lucrativos e livres de d\u00edvidas. Estamos muito satisfeitos por a Apollo, com a sua experi\u00eancia no mercado de capitais, participar no nosso caminho de sucesso&#8221;, referiu Lennart Schmidt, CFO da AUTODOC.<\/p>\n<p>&#8220;Este \u00e9 um marco importante na hist\u00f3ria da AUTODOC e acreditamos que \u00e9 uma prova da posi\u00e7\u00e3o de lideran\u00e7a da ind\u00fastria e da plataforma que constru\u00edmos desde a nossa funda\u00e7\u00e3o. A AUTODOC est\u00e1 entusiasmada por trabalhar com uma das principais empresas de investimento globais e com uma equipa que traz capital e valor acrescentado para a estrat\u00e9gia do neg\u00f3cio&#8221;, afirmam os co-fundadores da retalhista online, Alexej Erdle, Max Wegner e Vitalij Kungel.<\/p>\n<p>&#8220;Estamos confiantes de que os nossos novos membros do Conselho de Supervis\u00e3o da Apollo ajudar\u00e3o a moldar o futuro da AUTODOC e apoiar\u00e3o uma equipa de gest\u00e3o que pretende levar o neg\u00f3cio ao pr\u00f3ximo n\u00edvel&#8221;, acrescentaram.<\/p>\n<p>&#8220;A AUTODOC construiu um modelo digital que \u00e9 o preferido dos clientes e admirado na ind\u00fastria, tornando-se rapidamente uma das maiores, e de mais r\u00e1pido crescimento, plataformas de com\u00e9rcio eletr\u00f3nico da Europa no mercado de pe\u00e7as e acess\u00f3rios para ve\u00edculos&#8221;, revelou Jeremy Honeth, da Apollo Hybrid Value. &#8220;Esperamos servir como parceiro estrat\u00e9gico de capital nesta emocionante jornada de crescimento da AUTODOC&#8221;, refor\u00e7ou.<\/p>\n<p>&#8220;A Apollo Hybrid Value tem um hist\u00f3rico forte no que diz respeito \u00e0 cria\u00e7\u00e3o de valor a longo prazo e de ajudar as empresas a desbloquearem todo o seu potencial atrav\u00e9s de investimentos de capital estruturados, incluindo capital pr\u00e9-IPOs e solu\u00e7\u00f5es para apoiar o crescimento&#8221;, concluiu.<\/p>\n<p>Desde a sua funda\u00e7\u00e3o em 2008, a AUTODOC tornou-se um dos principais retalhistas online de pe\u00e7as e acess\u00f3rios para autom\u00f3veis da Europa, proporcionando uma &#8220;excelente proposta de valor digital&#8221; aos clientes e uma experi\u00eancia de &#8220;mobilidade \u00fanica&#8221;.<\/p>\n<p>A AUTODOC lan\u00e7ou o seu Factbook 2023, descrevendo os principais destaques preliminares do seu desempenho operacional e financeiro, as prioridades estrat\u00e9gicas e as iniciativas ESG (ambiental, social e de governan\u00e7a).<\/p>\n<p>O Barclays atuou como consultor financeiro exclusivo da AUTODOC na presente transa\u00e7\u00e3o, e o Houlihan Lokey e o Deutsche Bank atuaram como consultores financeiros do Apollo Funds. Allen &amp; Overy LLP atuou como consultor jur\u00eddico da AutoTech GmbH &amp; Co. KG\/AUTODOC, enquanto que Sidley Austin LLP atuou como consultor jur\u00eddico da Apollo Funds.<\/p>\n","protected":false},"excerpt":{"rendered":"<p>A Apollo Funds adquiriu participa\u00e7\u00e3o minorit\u00e1ria&#8230;<\/p>\n","protected":false},"author":15,"featured_media":84177,"comment_status":"closed","ping_status":"closed","sticky":false,"template":"","format":"standard","meta":{"footnotes":""},"categories":[29],"tags":[8923,2456,8924,8927,8926,8925,8922,8928],"class_list":["post-84175","post","type-post","status-publish","format-standard","has-post-thumbnail","hentry","category-empresas","tag-apollo-funds","tag-autodoc","tag-avaliacao-de-2-3-mil-milhoes","tag-crescimento-da-empresa","tag-dmitry-zadorozhny","tag-hybrid-value","tag-investimento-minoritario","tag-lennart-schmidt"],"yoast_head":"<!-- This site is optimized with the Yoast SEO plugin v27.4 - https:\/\/yoast.com\/product\/yoast-seo-wordpress\/ -->\n<title>AUTODOC anuncia investimento minorit\u00e1rio da Apollo Funds - Jornal das Oficinas<\/title>\n<meta name=\"description\" content=\"A Apollo Funds adquiriu uma participa\u00e7\u00e3o minorit\u00e1ria da AUTODOC com uma avalia\u00e7\u00e3o de 2,3 mil milh\u00f5es de euros\" \/>\n<meta name=\"robots\" content=\"index, follow, max-snippet:-1, max-image-preview:large, max-video-preview:-1\" \/>\n<link rel=\"canonical\" href=\"https:\/\/jornaldasoficinas.com\/pt\/autodoc-anuncia-investimento-minoritario-da-apollo-funds\/\" \/>\n<meta property=\"og:locale\" content=\"pt_PT\" \/>\n<meta property=\"og:type\" content=\"article\" \/>\n<meta property=\"og:title\" content=\"AUTODOC anuncia investimento minorit\u00e1rio da Apollo Funds - Jornal das Oficinas\" \/>\n<meta property=\"og:description\" content=\"A Apollo Funds adquiriu uma participa\u00e7\u00e3o minorit\u00e1ria da AUTODOC com uma avalia\u00e7\u00e3o de 2,3 mil milh\u00f5es de euros\" \/>\n<meta property=\"og:url\" content=\"https:\/\/jornaldasoficinas.com\/pt\/autodoc-anuncia-investimento-minoritario-da-apollo-funds\/\" \/>\n<meta property=\"og:site_name\" content=\"Jornal das Oficinas\" \/>\n<meta property=\"article:publisher\" content=\"https:\/\/www.facebook.com\/jornaloficinas\" \/>\n<meta property=\"article:published_time\" content=\"2024-05-08T09:00:05+00:00\" \/>\n<meta property=\"og:image\" content=\"https:\/\/jornaldasoficinas.com\/pt\/wp-content\/uploads\/2024\/05\/AUTODOC-anuncia-investimento-minoritario-da-Apollo-Funds.jpg\" \/>\n\t<meta property=\"og:image:width\" content=\"1024\" \/>\n\t<meta property=\"og:image:height\" content=\"581\" \/>\n\t<meta property=\"og:image:type\" content=\"image\/jpeg\" \/>\n<meta name=\"author\" content=\"Reda\u00e7\u00e3o JO\" \/>\n<meta name=\"twitter:card\" content=\"summary_large_image\" \/>\n<meta name=\"twitter:creator\" content=\"@jornaloficinas\" \/>\n<meta name=\"twitter:site\" content=\"@jornaloficinas\" \/>\n<meta name=\"twitter:label1\" content=\"Escrito por\" \/>\n\t<meta name=\"twitter:data1\" content=\"Reda\u00e7\u00e3o JO\" \/>\n\t<meta name=\"twitter:label2\" content=\"Tempo estimado de leitura\" \/>\n\t<meta name=\"twitter:data2\" content=\"5 minutos\" \/>\n<script type=\"application\/ld+json\" class=\"yoast-schema-graph\">{\"@context\":\"https:\\\/\\\/schema.org\",\"@graph\":[{\"@type\":\"Article\",\"@id\":\"https:\\\/\\\/jornaldasoficinas.com\\\/pt\\\/autodoc-anuncia-investimento-minoritario-da-apollo-funds\\\/#article\",\"isPartOf\":{\"@id\":\"https:\\\/\\\/jornaldasoficinas.com\\\/pt\\\/autodoc-anuncia-investimento-minoritario-da-apollo-funds\\\/\"},\"author\":{\"name\":\"Reda\u00e7\u00e3o JO\",\"@id\":\"https:\\\/\\\/jornaldasoficinas.com\\\/pt\\\/#\\\/schema\\\/person\\\/a38eef5de2c41d9e7c9ac10141afddf3\"},\"headline\":\"AUTODOC anuncia investimento minorit\u00e1rio da Apollo Funds\",\"datePublished\":\"2024-05-08T09:00:05+00:00\",\"mainEntityOfPage\":{\"@id\":\"https:\\\/\\\/jornaldasoficinas.com\\\/pt\\\/autodoc-anuncia-investimento-minoritario-da-apollo-funds\\\/\"},\"wordCount\":755,\"publisher\":{\"@id\":\"https:\\\/\\\/jornaldasoficinas.com\\\/pt\\\/#organization\"},\"image\":{\"@id\":\"https:\\\/\\\/jornaldasoficinas.com\\\/pt\\\/autodoc-anuncia-investimento-minoritario-da-apollo-funds\\\/#primaryimage\"},\"thumbnailUrl\":\"https:\\\/\\\/jornaldasoficinas.com\\\/pt\\\/wp-content\\\/uploads\\\/2024\\\/05\\\/AUTODOC-anuncia-investimento-minoritario-da-Apollo-Funds.jpg\",\"keywords\":[\"Apollo Funds\",\"Autodoc\",\"avalia\u00e7\u00e3o de 2.3 mil milh\u00f5es\",\"crescimento da empresa\",\"Dmitry Zadorozhny\",\"Hybrid Value\",\"investimento minorit\u00e1rio\",\"Lennart Schmidt\"],\"articleSection\":[\"Empresas\"],\"inLanguage\":\"pt-PT\"},{\"@type\":\"WebPage\",\"@id\":\"https:\\\/\\\/jornaldasoficinas.com\\\/pt\\\/autodoc-anuncia-investimento-minoritario-da-apollo-funds\\\/\",\"url\":\"https:\\\/\\\/jornaldasoficinas.com\\\/pt\\\/autodoc-anuncia-investimento-minoritario-da-apollo-funds\\\/\",\"name\":\"AUTODOC anuncia investimento minorit\u00e1rio da Apollo Funds - Jornal das Oficinas\",\"isPartOf\":{\"@id\":\"https:\\\/\\\/jornaldasoficinas.com\\\/pt\\\/#website\"},\"primaryImageOfPage\":{\"@id\":\"https:\\\/\\\/jornaldasoficinas.com\\\/pt\\\/autodoc-anuncia-investimento-minoritario-da-apollo-funds\\\/#primaryimage\"},\"image\":{\"@id\":\"https:\\\/\\\/jornaldasoficinas.com\\\/pt\\\/autodoc-anuncia-investimento-minoritario-da-apollo-funds\\\/#primaryimage\"},\"thumbnailUrl\":\"https:\\\/\\\/jornaldasoficinas.com\\\/pt\\\/wp-content\\\/uploads\\\/2024\\\/05\\\/AUTODOC-anuncia-investimento-minoritario-da-Apollo-Funds.jpg\",\"datePublished\":\"2024-05-08T09:00:05+00:00\",\"description\":\"A Apollo Funds adquiriu uma participa\u00e7\u00e3o minorit\u00e1ria da AUTODOC com uma avalia\u00e7\u00e3o de 2,3 mil milh\u00f5es de euros\",\"breadcrumb\":{\"@id\":\"https:\\\/\\\/jornaldasoficinas.com\\\/pt\\\/autodoc-anuncia-investimento-minoritario-da-apollo-funds\\\/#breadcrumb\"},\"inLanguage\":\"pt-PT\",\"potentialAction\":[{\"@type\":\"ReadAction\",\"target\":[\"https:\\\/\\\/jornaldasoficinas.com\\\/pt\\\/autodoc-anuncia-investimento-minoritario-da-apollo-funds\\\/\"]}]},{\"@type\":\"ImageObject\",\"inLanguage\":\"pt-PT\",\"@id\":\"https:\\\/\\\/jornaldasoficinas.com\\\/pt\\\/autodoc-anuncia-investimento-minoritario-da-apollo-funds\\\/#primaryimage\",\"url\":\"https:\\\/\\\/jornaldasoficinas.com\\\/pt\\\/wp-content\\\/uploads\\\/2024\\\/05\\\/AUTODOC-anuncia-investimento-minoritario-da-Apollo-Funds.jpg\",\"contentUrl\":\"https:\\\/\\\/jornaldasoficinas.com\\\/pt\\\/wp-content\\\/uploads\\\/2024\\\/05\\\/AUTODOC-anuncia-investimento-minoritario-da-Apollo-Funds.jpg\",\"width\":1024,\"height\":581,\"caption\":\"05 - AUTODOC anuncia investimento minoritario da Apollo Funds\"},{\"@type\":\"BreadcrumbList\",\"@id\":\"https:\\\/\\\/jornaldasoficinas.com\\\/pt\\\/autodoc-anuncia-investimento-minoritario-da-apollo-funds\\\/#breadcrumb\",\"itemListElement\":[{\"@type\":\"ListItem\",\"position\":1,\"name\":\"In\u00edcio\",\"item\":\"https:\\\/\\\/jornaldasoficinas.com\\\/pt\\\/\"},{\"@type\":\"ListItem\",\"position\":2,\"name\":\"AUTODOC anuncia investimento minorit\u00e1rio da Apollo Funds\"}]},{\"@type\":\"WebSite\",\"@id\":\"https:\\\/\\\/jornaldasoficinas.com\\\/pt\\\/#website\",\"url\":\"https:\\\/\\\/jornaldasoficinas.com\\\/pt\\\/\",\"name\":\"Jornal das Oficinas\",\"description\":\"Jornal independente do Aftermarket Autom\u00f3vel em Portugal\",\"publisher\":{\"@id\":\"https:\\\/\\\/jornaldasoficinas.com\\\/pt\\\/#organization\"},\"potentialAction\":[{\"@type\":\"SearchAction\",\"target\":{\"@type\":\"EntryPoint\",\"urlTemplate\":\"https:\\\/\\\/jornaldasoficinas.com\\\/pt\\\/?s={search_term_string}\"},\"query-input\":{\"@type\":\"PropertyValueSpecification\",\"valueRequired\":true,\"valueName\":\"search_term_string\"}}],\"inLanguage\":\"pt-PT\"},{\"@type\":\"Organization\",\"@id\":\"https:\\\/\\\/jornaldasoficinas.com\\\/pt\\\/#organization\",\"name\":\"Jornal das Oficinas\",\"url\":\"https:\\\/\\\/jornaldasoficinas.com\\\/pt\\\/\",\"logo\":{\"@type\":\"ImageObject\",\"inLanguage\":\"pt-PT\",\"@id\":\"https:\\\/\\\/jornaldasoficinas.com\\\/pt\\\/#\\\/schema\\\/logo\\\/image\\\/\",\"url\":\"https:\\\/\\\/jornaldasoficinas.com\\\/pt\\\/wp-content\\\/uploads\\\/logoJO-SEO.png\",\"contentUrl\":\"https:\\\/\\\/jornaldasoficinas.com\\\/pt\\\/wp-content\\\/uploads\\\/logoJO-SEO.png\",\"width\":285,\"height\":450,\"caption\":\"Jornal das Oficinas\"},\"image\":{\"@id\":\"https:\\\/\\\/jornaldasoficinas.com\\\/pt\\\/#\\\/schema\\\/logo\\\/image\\\/\"},\"sameAs\":[\"https:\\\/\\\/www.facebook.com\\\/jornaloficinas\",\"https:\\\/\\\/x.com\\\/jornaloficinas\",\"https:\\\/\\\/www.instagram.com\\\/jornal_oficinas\\\/\",\"https:\\\/\\\/www.linkedin.com\\\/company\\\/jornal-das-oficinas\\\/\",\"https:\\\/\\\/www.youtube.com\\\/channel\\\/UCbQZBqtcvV-oSQrr7RzINGg\"]},{\"@type\":\"Person\",\"@id\":\"https:\\\/\\\/jornaldasoficinas.com\\\/pt\\\/#\\\/schema\\\/person\\\/a38eef5de2c41d9e7c9ac10141afddf3\",\"name\":\"Reda\u00e7\u00e3o JO\",\"image\":{\"@type\":\"ImageObject\",\"inLanguage\":\"pt-PT\",\"@id\":\"https:\\\/\\\/secure.gravatar.com\\\/avatar\\\/71f2fa71737ad68a84fea94bc708ddac8ea5b0c4788dc2ad202f3ccb2887742f?s=96&d=wp_user_avatar&r=g\",\"url\":\"https:\\\/\\\/secure.gravatar.com\\\/avatar\\\/71f2fa71737ad68a84fea94bc708ddac8ea5b0c4788dc2ad202f3ccb2887742f?s=96&d=wp_user_avatar&r=g\",\"contentUrl\":\"https:\\\/\\\/secure.gravatar.com\\\/avatar\\\/71f2fa71737ad68a84fea94bc708ddac8ea5b0c4788dc2ad202f3ccb2887742f?s=96&d=wp_user_avatar&r=g\",\"caption\":\"Reda\u00e7\u00e3o JO\"},\"url\":\"https:\\\/\\\/jornaldasoficinas.com\\\/pt\\\/author\\\/joredacao\\\/\"}]}<\/script>\n<!-- \/ Yoast SEO plugin. -->","yoast_head_json":{"title":"AUTODOC anuncia investimento minorit\u00e1rio da Apollo Funds - Jornal das Oficinas","description":"A Apollo Funds adquiriu uma participa\u00e7\u00e3o minorit\u00e1ria da AUTODOC com uma avalia\u00e7\u00e3o de 2,3 mil milh\u00f5es de euros","robots":{"index":"index","follow":"follow","max-snippet":"max-snippet:-1","max-image-preview":"max-image-preview:large","max-video-preview":"max-video-preview:-1"},"canonical":"https:\/\/jornaldasoficinas.com\/pt\/autodoc-anuncia-investimento-minoritario-da-apollo-funds\/","og_locale":"pt_PT","og_type":"article","og_title":"AUTODOC anuncia investimento minorit\u00e1rio da Apollo Funds - Jornal das Oficinas","og_description":"A Apollo Funds adquiriu uma participa\u00e7\u00e3o minorit\u00e1ria da AUTODOC com uma avalia\u00e7\u00e3o de 2,3 mil milh\u00f5es de euros","og_url":"https:\/\/jornaldasoficinas.com\/pt\/autodoc-anuncia-investimento-minoritario-da-apollo-funds\/","og_site_name":"Jornal das Oficinas","article_publisher":"https:\/\/www.facebook.com\/jornaloficinas","article_published_time":"2024-05-08T09:00:05+00:00","og_image":[{"width":1024,"height":581,"url":"https:\/\/jornaldasoficinas.com\/pt\/wp-content\/uploads\/2024\/05\/AUTODOC-anuncia-investimento-minoritario-da-Apollo-Funds.jpg","type":"image\/jpeg"}],"author":"Reda\u00e7\u00e3o JO","twitter_card":"summary_large_image","twitter_creator":"@jornaloficinas","twitter_site":"@jornaloficinas","twitter_misc":{"Escrito por":"Reda\u00e7\u00e3o JO","Tempo estimado de leitura":"5 minutos"},"schema":{"@context":"https:\/\/schema.org","@graph":[{"@type":"Article","@id":"https:\/\/jornaldasoficinas.com\/pt\/autodoc-anuncia-investimento-minoritario-da-apollo-funds\/#article","isPartOf":{"@id":"https:\/\/jornaldasoficinas.com\/pt\/autodoc-anuncia-investimento-minoritario-da-apollo-funds\/"},"author":{"name":"Reda\u00e7\u00e3o JO","@id":"https:\/\/jornaldasoficinas.com\/pt\/#\/schema\/person\/a38eef5de2c41d9e7c9ac10141afddf3"},"headline":"AUTODOC anuncia investimento minorit\u00e1rio da Apollo Funds","datePublished":"2024-05-08T09:00:05+00:00","mainEntityOfPage":{"@id":"https:\/\/jornaldasoficinas.com\/pt\/autodoc-anuncia-investimento-minoritario-da-apollo-funds\/"},"wordCount":755,"publisher":{"@id":"https:\/\/jornaldasoficinas.com\/pt\/#organization"},"image":{"@id":"https:\/\/jornaldasoficinas.com\/pt\/autodoc-anuncia-investimento-minoritario-da-apollo-funds\/#primaryimage"},"thumbnailUrl":"https:\/\/jornaldasoficinas.com\/pt\/wp-content\/uploads\/2024\/05\/AUTODOC-anuncia-investimento-minoritario-da-Apollo-Funds.jpg","keywords":["Apollo Funds","Autodoc","avalia\u00e7\u00e3o de 2.3 mil milh\u00f5es","crescimento da empresa","Dmitry Zadorozhny","Hybrid Value","investimento minorit\u00e1rio","Lennart Schmidt"],"articleSection":["Empresas"],"inLanguage":"pt-PT"},{"@type":"WebPage","@id":"https:\/\/jornaldasoficinas.com\/pt\/autodoc-anuncia-investimento-minoritario-da-apollo-funds\/","url":"https:\/\/jornaldasoficinas.com\/pt\/autodoc-anuncia-investimento-minoritario-da-apollo-funds\/","name":"AUTODOC anuncia investimento minorit\u00e1rio da Apollo Funds - Jornal das Oficinas","isPartOf":{"@id":"https:\/\/jornaldasoficinas.com\/pt\/#website"},"primaryImageOfPage":{"@id":"https:\/\/jornaldasoficinas.com\/pt\/autodoc-anuncia-investimento-minoritario-da-apollo-funds\/#primaryimage"},"image":{"@id":"https:\/\/jornaldasoficinas.com\/pt\/autodoc-anuncia-investimento-minoritario-da-apollo-funds\/#primaryimage"},"thumbnailUrl":"https:\/\/jornaldasoficinas.com\/pt\/wp-content\/uploads\/2024\/05\/AUTODOC-anuncia-investimento-minoritario-da-Apollo-Funds.jpg","datePublished":"2024-05-08T09:00:05+00:00","description":"A Apollo Funds adquiriu uma participa\u00e7\u00e3o minorit\u00e1ria da AUTODOC com uma avalia\u00e7\u00e3o de 2,3 mil milh\u00f5es de euros","breadcrumb":{"@id":"https:\/\/jornaldasoficinas.com\/pt\/autodoc-anuncia-investimento-minoritario-da-apollo-funds\/#breadcrumb"},"inLanguage":"pt-PT","potentialAction":[{"@type":"ReadAction","target":["https:\/\/jornaldasoficinas.com\/pt\/autodoc-anuncia-investimento-minoritario-da-apollo-funds\/"]}]},{"@type":"ImageObject","inLanguage":"pt-PT","@id":"https:\/\/jornaldasoficinas.com\/pt\/autodoc-anuncia-investimento-minoritario-da-apollo-funds\/#primaryimage","url":"https:\/\/jornaldasoficinas.com\/pt\/wp-content\/uploads\/2024\/05\/AUTODOC-anuncia-investimento-minoritario-da-Apollo-Funds.jpg","contentUrl":"https:\/\/jornaldasoficinas.com\/pt\/wp-content\/uploads\/2024\/05\/AUTODOC-anuncia-investimento-minoritario-da-Apollo-Funds.jpg","width":1024,"height":581,"caption":"05 - AUTODOC anuncia investimento minoritario da Apollo Funds"},{"@type":"BreadcrumbList","@id":"https:\/\/jornaldasoficinas.com\/pt\/autodoc-anuncia-investimento-minoritario-da-apollo-funds\/#breadcrumb","itemListElement":[{"@type":"ListItem","position":1,"name":"In\u00edcio","item":"https:\/\/jornaldasoficinas.com\/pt\/"},{"@type":"ListItem","position":2,"name":"AUTODOC anuncia investimento minorit\u00e1rio da Apollo Funds"}]},{"@type":"WebSite","@id":"https:\/\/jornaldasoficinas.com\/pt\/#website","url":"https:\/\/jornaldasoficinas.com\/pt\/","name":"Jornal das Oficinas","description":"Jornal independente do Aftermarket Autom\u00f3vel em Portugal","publisher":{"@id":"https:\/\/jornaldasoficinas.com\/pt\/#organization"},"potentialAction":[{"@type":"SearchAction","target":{"@type":"EntryPoint","urlTemplate":"https:\/\/jornaldasoficinas.com\/pt\/?s={search_term_string}"},"query-input":{"@type":"PropertyValueSpecification","valueRequired":true,"valueName":"search_term_string"}}],"inLanguage":"pt-PT"},{"@type":"Organization","@id":"https:\/\/jornaldasoficinas.com\/pt\/#organization","name":"Jornal das Oficinas","url":"https:\/\/jornaldasoficinas.com\/pt\/","logo":{"@type":"ImageObject","inLanguage":"pt-PT","@id":"https:\/\/jornaldasoficinas.com\/pt\/#\/schema\/logo\/image\/","url":"https:\/\/jornaldasoficinas.com\/pt\/wp-content\/uploads\/logoJO-SEO.png","contentUrl":"https:\/\/jornaldasoficinas.com\/pt\/wp-content\/uploads\/logoJO-SEO.png","width":285,"height":450,"caption":"Jornal das Oficinas"},"image":{"@id":"https:\/\/jornaldasoficinas.com\/pt\/#\/schema\/logo\/image\/"},"sameAs":["https:\/\/www.facebook.com\/jornaloficinas","https:\/\/x.com\/jornaloficinas","https:\/\/www.instagram.com\/jornal_oficinas\/","https:\/\/www.linkedin.com\/company\/jornal-das-oficinas\/","https:\/\/www.youtube.com\/channel\/UCbQZBqtcvV-oSQrr7RzINGg"]},{"@type":"Person","@id":"https:\/\/jornaldasoficinas.com\/pt\/#\/schema\/person\/a38eef5de2c41d9e7c9ac10141afddf3","name":"Reda\u00e7\u00e3o JO","image":{"@type":"ImageObject","inLanguage":"pt-PT","@id":"https:\/\/secure.gravatar.com\/avatar\/71f2fa71737ad68a84fea94bc708ddac8ea5b0c4788dc2ad202f3ccb2887742f?s=96&d=wp_user_avatar&r=g","url":"https:\/\/secure.gravatar.com\/avatar\/71f2fa71737ad68a84fea94bc708ddac8ea5b0c4788dc2ad202f3ccb2887742f?s=96&d=wp_user_avatar&r=g","contentUrl":"https:\/\/secure.gravatar.com\/avatar\/71f2fa71737ad68a84fea94bc708ddac8ea5b0c4788dc2ad202f3ccb2887742f?s=96&d=wp_user_avatar&r=g","caption":"Reda\u00e7\u00e3o JO"},"url":"https:\/\/jornaldasoficinas.com\/pt\/author\/joredacao\/"}]}},"_links":{"self":[{"href":"https:\/\/jornaldasoficinas.com\/pt\/wp-json\/wp\/v2\/posts\/84175","targetHints":{"allow":["GET"]}}],"collection":[{"href":"https:\/\/jornaldasoficinas.com\/pt\/wp-json\/wp\/v2\/posts"}],"about":[{"href":"https:\/\/jornaldasoficinas.com\/pt\/wp-json\/wp\/v2\/types\/post"}],"author":[{"embeddable":true,"href":"https:\/\/jornaldasoficinas.com\/pt\/wp-json\/wp\/v2\/users\/15"}],"replies":[{"embeddable":true,"href":"https:\/\/jornaldasoficinas.com\/pt\/wp-json\/wp\/v2\/comments?post=84175"}],"version-history":[{"count":0,"href":"https:\/\/jornaldasoficinas.com\/pt\/wp-json\/wp\/v2\/posts\/84175\/revisions"}],"wp:featuredmedia":[{"embeddable":true,"href":"https:\/\/jornaldasoficinas.com\/pt\/wp-json\/wp\/v2\/media\/84177"}],"wp:attachment":[{"href":"https:\/\/jornaldasoficinas.com\/pt\/wp-json\/wp\/v2\/media?parent=84175"}],"wp:term":[{"taxonomy":"category","embeddable":true,"href":"https:\/\/jornaldasoficinas.com\/pt\/wp-json\/wp\/v2\/categories?post=84175"},{"taxonomy":"post_tag","embeddable":true,"href":"https:\/\/jornaldasoficinas.com\/pt\/wp-json\/wp\/v2\/tags?post=84175"}],"curies":[{"name":"wp","href":"https:\/\/api.w.org\/{rel}","templated":true}]}}