{"id":84374,"date":"2024-05-09T18:00:18","date_gmt":"2024-05-09T17:00:18","guid":{"rendered":"https:\/\/jornaldasoficinas.com\/pt\/?p=84374"},"modified":"2024-05-09T14:26:03","modified_gmt":"2024-05-09T13:26:03","slug":"estoril-recebe-49a-international-porsche-356-meeting","status":"publish","type":"post","link":"https:\/\/jornaldasoficinas.com\/pt\/estoril-recebe-49a-international-porsche-356-meeting\/","title":{"rendered":"Estoril recebe 49\u00aa International Porsche 356 Meeting"},"content":{"rendered":"<p><img loading=\"lazy\" decoding=\"async\" class=\"alignnone size-full wp-image-84376\" src=\"https:\/\/jornaldasoficinas.com\/pt\/wp-content\/uploads\/2024\/05\/Portugal-vai-ser-palco-do-49th-International-Porsche-356-Meeting.png\" alt=\"05 - Portugal vai ser palco do 49th International Porsche 356 Meeting\" width=\"1024\" height=\"581\" srcset=\"https:\/\/jornaldasoficinas.com\/pt\/wp-content\/uploads\/2024\/05\/Portugal-vai-ser-palco-do-49th-International-Porsche-356-Meeting.png 1024w, https:\/\/jornaldasoficinas.com\/pt\/wp-content\/uploads\/2024\/05\/Portugal-vai-ser-palco-do-49th-International-Porsche-356-Meeting-300x170.png 300w, https:\/\/jornaldasoficinas.com\/pt\/wp-content\/uploads\/2024\/05\/Portugal-vai-ser-palco-do-49th-International-Porsche-356-Meeting-150x85.png 150w, https:\/\/jornaldasoficinas.com\/pt\/wp-content\/uploads\/2024\/05\/Portugal-vai-ser-palco-do-49th-International-Porsche-356-Meeting-768x436.png 768w\" sizes=\"auto, (max-width: 1024px) 100vw, 1024px\" \/><\/p>\n<p><strong>De 9 a 12 de maio, vai ser realizada a 49\u00aa edi\u00e7\u00e3o do <a href=\"https:\/\/www.portugalporsche356.pt\/\" target=\"_blank\" rel=\"noopener\">International Porsche 356 Meeting<\/a>, no Estoril, uma concentra\u00e7\u00e3o de 180 carros m\u00edticos, dos quais 150 ser\u00e3o estrangeiros<\/strong><\/p>\n<p>A zona do Estoril vai ser o palco central para a realiza\u00e7\u00e3o da 49\u00aa edi\u00e7\u00e3o do International Porsche 356 Meeting, uma concentra\u00e7\u00e3o de cariz mundial que traz ao concelho de Cascais, e \u00e0s estradas portuguesas, um dos mais m\u00edticos carros fabricados at\u00e9 hoje.<\/p>\n<p>Este evento anual, cujas \u00faltimas edi\u00e7\u00f5es decorreram na Alemanha, Pa\u00edses Baixos Dinamarca e Pol\u00f3nia, vai reunir 180 carros, dos quais 150 estrangeiros, num total de 360 pessoas participantes, o que, para al\u00e9m de representar um momento de conv\u00edvio, \u00e9 simultaneamente uma oportunidade para promover Portugal, e em especial a regi\u00e3o de Cascais\/Estoril, junto de um p\u00fablico extremamente exigente e conhecedor em termos de turismo, representando uma importante mais valia na atractividade da regi\u00e3o.<\/p>\n<p>&#8220;Contando com o forte apoio do Munic\u00edpio de Cascais, concelho onde estar\u00e1 localizado o centro operacional, mas tamb\u00e9m dos concelhos de Sintra e Mafra, nos dias 9 a 12 de maio, datas em que decorrer\u00e1 a concentra\u00e7\u00e3o mundial, o evento vai suscitar junto do p\u00fablico um ineg\u00e1vel interesse em apreciar de perto o primeiro Porsche desportivo produzido em s\u00e9rie pela marca&#8221;, pode ler-se no comunicado.<\/p>\n<p>Recorde-se que, pouco tempo depois do final da segunda guerra mundial, nos prim\u00f3rdios da febre dos desportivos, a Porsche lan\u00e7ou o 356, o primeiro carro desportivo produzido pela marca germ\u00e2nica. A produ\u00e7\u00e3o teve in\u00edcio em 1948 e prolongou-se at\u00e9 abril de 1965, dividida em cinco s\u00e9ries: Porsche 356\/2 (63 unidades, fabricadas em Gmund na Austria), 356 Pre-A, 356A, 356B e 356C, numa produ\u00e7\u00e3o total de 76.302 carros.<\/p>\n<p>Organizado pelo<a href=\"http:\/\/www.porsche-club-356-portugal.pt\/\" target=\"_blank\" rel=\"noopener\"> Porsche Club 356 Portugal<\/a>, um clube oficial aprovado e reconhecido pela Porsche, os pontos altos do programa s\u00e3o os seguintes:<\/p>\n<p><strong>Quinta-feira, 9 de maio<\/strong><br \/>\n11:00 &#8211; Rece\u00e7\u00e3o dos concorrentes no Casino Estoril<\/p>\n<p><strong>Sexta-feira, 10 de maio<\/strong><br \/>\n09:00 &#8211; Casino Estoril \u2013 Partida dos concorrentes para a 1\u00aa etapa (Jardins Casino Estoril)<br \/>\n10:00 &#8211; Chegada a Sintra e visita guiada a Sintra (Patrim\u00f3nio Mundial da UNESCO)<br \/>\n12:00 &#8211; Chegada a Mafra e visita ao Pal\u00e1cio Nacional Mafra<br \/>\n15:00 &#8211; Partida para a 2\u00aa etapa de Mafra<br \/>\n16:30 &#8211; Neutraliza\u00e7\u00e3o na Marina de Cascais<br \/>\n17:30 &#8211; Chegada ao Jardins do Casino Estoril<\/p>\n<p><strong>S\u00e1bado, 11 de maio<\/strong><br \/>\n09:00 &#8211; Partida dos participantes para a 3\u00aa etapa (Jardins do Casino Estoril)<br \/>\n10:00 &#8211; Passeio pela Serra da Arr\u00e1bida<br \/>\n11:00 &#8211; Visita e degusta\u00e7\u00e3o de vinhos no Museu da Quinta da Bacalh\u00f4a<br \/>\n13:00 &#8211; Chegada ao Museu Nacional dos Coches em Lisboa<br \/>\n15:30 &#8211; Visita ao Museu dos Coches<br \/>\n17:00 &#8211; Partida para a 4\u00aa etapa (Museu Nacional dos Coches)<br \/>\n17:30 &#8211; Chegada aos Jardins do Casino Estoril<\/p>\n<p><strong>Domingo, 12 de maio<\/strong><br \/>\n12:00 &#8211; Final da concentra\u00e7\u00e3o e regresso \u00e0s origens dos participantes no 49th International Porsche 356 Meeting 2024.<\/p>\n","protected":false},"excerpt":{"rendered":"<p>De 9 a 12 de maio,&#8230;<\/p>\n","protected":false},"author":15,"featured_media":84376,"comment_status":"closed","ping_status":"closed","sticky":false,"template":"","format":"standard","meta":{"footnotes":""},"categories":[37],"tags":[8974,8975,8971,8973,8972,8976],"class_list":["post-84374","post","type-post","status-publish","format-standard","has-post-thumbnail","hentry","category-mercado","tag-180-veiculos","tag-360-pessoas-participantes","tag-49th-international-porsche-356-meeting","tag-concentracao-de-carros","tag-de-9-a-12-de-maio","tag-porsche-club-356-portugal"],"yoast_head":"<!-- This site is optimized with the Yoast SEO plugin v27.4 - https:\/\/yoast.com\/product\/yoast-seo-wordpress\/ -->\n<title>Estoril recebe 49\u00aa International Porsche 356 Meeting - Jornal das Oficinas<\/title>\n<meta name=\"description\" content=\"De 9 a 12 de maio, vai ser realizada a 49\u00aa edi\u00e7\u00e3o do International Porsche 356 Meeting, no Estoril, uma concentra\u00e7\u00e3o com 180 carros m\u00edticos\" \/>\n<meta name=\"robots\" content=\"index, follow, max-snippet:-1, max-image-preview:large, max-video-preview:-1\" \/>\n<link rel=\"canonical\" href=\"https:\/\/jornaldasoficinas.com\/pt\/estoril-recebe-49a-international-porsche-356-meeting\/\" \/>\n<meta property=\"og:locale\" content=\"pt_PT\" \/>\n<meta property=\"og:type\" content=\"article\" \/>\n<meta property=\"og:title\" content=\"Estoril recebe 49\u00aa International Porsche 356 Meeting - Jornal das Oficinas\" \/>\n<meta property=\"og:description\" content=\"De 9 a 12 de maio, vai ser realizada a 49\u00aa edi\u00e7\u00e3o do International Porsche 356 Meeting, no Estoril, uma concentra\u00e7\u00e3o com 180 carros m\u00edticos\" \/>\n<meta property=\"og:url\" content=\"https:\/\/jornaldasoficinas.com\/pt\/estoril-recebe-49a-international-porsche-356-meeting\/\" \/>\n<meta property=\"og:site_name\" content=\"Jornal das Oficinas\" \/>\n<meta property=\"article:publisher\" content=\"https:\/\/www.facebook.com\/jornaloficinas\" \/>\n<meta property=\"article:published_time\" content=\"2024-05-09T17:00:18+00:00\" \/>\n<meta property=\"og:image\" content=\"https:\/\/jornaldasoficinas.com\/pt\/wp-content\/uploads\/2024\/05\/Portugal-vai-ser-palco-do-49th-International-Porsche-356-Meeting.png\" \/>\n\t<meta property=\"og:image:width\" content=\"1024\" \/>\n\t<meta property=\"og:image:height\" content=\"581\" \/>\n\t<meta property=\"og:image:type\" content=\"image\/png\" \/>\n<meta name=\"author\" content=\"Reda\u00e7\u00e3o JO\" \/>\n<meta name=\"twitter:card\" content=\"summary_large_image\" \/>\n<meta name=\"twitter:creator\" content=\"@jornaloficinas\" \/>\n<meta name=\"twitter:site\" content=\"@jornaloficinas\" \/>\n<meta name=\"twitter:label1\" content=\"Escrito por\" \/>\n\t<meta name=\"twitter:data1\" content=\"Reda\u00e7\u00e3o JO\" \/>\n\t<meta name=\"twitter:label2\" content=\"Tempo estimado de leitura\" \/>\n\t<meta name=\"twitter:data2\" content=\"3 minutos\" \/>\n<script type=\"application\/ld+json\" class=\"yoast-schema-graph\">{\"@context\":\"https:\\\/\\\/schema.org\",\"@graph\":[{\"@type\":\"Article\",\"@id\":\"https:\\\/\\\/jornaldasoficinas.com\\\/pt\\\/estoril-recebe-49a-international-porsche-356-meeting\\\/#article\",\"isPartOf\":{\"@id\":\"https:\\\/\\\/jornaldasoficinas.com\\\/pt\\\/estoril-recebe-49a-international-porsche-356-meeting\\\/\"},\"author\":{\"name\":\"Reda\u00e7\u00e3o JO\",\"@id\":\"https:\\\/\\\/jornaldasoficinas.com\\\/pt\\\/#\\\/schema\\\/person\\\/a38eef5de2c41d9e7c9ac10141afddf3\"},\"headline\":\"Estoril recebe 49\u00aa International Porsche 356 Meeting\",\"datePublished\":\"2024-05-09T17:00:18+00:00\",\"mainEntityOfPage\":{\"@id\":\"https:\\\/\\\/jornaldasoficinas.com\\\/pt\\\/estoril-recebe-49a-international-porsche-356-meeting\\\/\"},\"wordCount\":472,\"publisher\":{\"@id\":\"https:\\\/\\\/jornaldasoficinas.com\\\/pt\\\/#organization\"},\"image\":{\"@id\":\"https:\\\/\\\/jornaldasoficinas.com\\\/pt\\\/estoril-recebe-49a-international-porsche-356-meeting\\\/#primaryimage\"},\"thumbnailUrl\":\"https:\\\/\\\/jornaldasoficinas.com\\\/pt\\\/wp-content\\\/uploads\\\/2024\\\/05\\\/Portugal-vai-ser-palco-do-49th-International-Porsche-356-Meeting.png\",\"keywords\":[\"180 ve\u00edculos\",\"360 pessoas participantes\",\"49th International Porsche 356 Meeting\",\"concentra\u00e7\u00e3o de carros\",\"De 9 a 12 de maio\",\"Porsche Club 356 Portugal\"],\"articleSection\":[\"Mercado\"],\"inLanguage\":\"pt-PT\"},{\"@type\":\"WebPage\",\"@id\":\"https:\\\/\\\/jornaldasoficinas.com\\\/pt\\\/estoril-recebe-49a-international-porsche-356-meeting\\\/\",\"url\":\"https:\\\/\\\/jornaldasoficinas.com\\\/pt\\\/estoril-recebe-49a-international-porsche-356-meeting\\\/\",\"name\":\"Estoril recebe 49\u00aa International Porsche 356 Meeting - Jornal das Oficinas\",\"isPartOf\":{\"@id\":\"https:\\\/\\\/jornaldasoficinas.com\\\/pt\\\/#website\"},\"primaryImageOfPage\":{\"@id\":\"https:\\\/\\\/jornaldasoficinas.com\\\/pt\\\/estoril-recebe-49a-international-porsche-356-meeting\\\/#primaryimage\"},\"image\":{\"@id\":\"https:\\\/\\\/jornaldasoficinas.com\\\/pt\\\/estoril-recebe-49a-international-porsche-356-meeting\\\/#primaryimage\"},\"thumbnailUrl\":\"https:\\\/\\\/jornaldasoficinas.com\\\/pt\\\/wp-content\\\/uploads\\\/2024\\\/05\\\/Portugal-vai-ser-palco-do-49th-International-Porsche-356-Meeting.png\",\"datePublished\":\"2024-05-09T17:00:18+00:00\",\"description\":\"De 9 a 12 de maio, vai ser realizada a 49\u00aa edi\u00e7\u00e3o do International Porsche 356 Meeting, no Estoril, uma concentra\u00e7\u00e3o com 180 carros m\u00edticos\",\"breadcrumb\":{\"@id\":\"https:\\\/\\\/jornaldasoficinas.com\\\/pt\\\/estoril-recebe-49a-international-porsche-356-meeting\\\/#breadcrumb\"},\"inLanguage\":\"pt-PT\",\"potentialAction\":[{\"@type\":\"ReadAction\",\"target\":[\"https:\\\/\\\/jornaldasoficinas.com\\\/pt\\\/estoril-recebe-49a-international-porsche-356-meeting\\\/\"]}]},{\"@type\":\"ImageObject\",\"inLanguage\":\"pt-PT\",\"@id\":\"https:\\\/\\\/jornaldasoficinas.com\\\/pt\\\/estoril-recebe-49a-international-porsche-356-meeting\\\/#primaryimage\",\"url\":\"https:\\\/\\\/jornaldasoficinas.com\\\/pt\\\/wp-content\\\/uploads\\\/2024\\\/05\\\/Portugal-vai-ser-palco-do-49th-International-Porsche-356-Meeting.png\",\"contentUrl\":\"https:\\\/\\\/jornaldasoficinas.com\\\/pt\\\/wp-content\\\/uploads\\\/2024\\\/05\\\/Portugal-vai-ser-palco-do-49th-International-Porsche-356-Meeting.png\",\"width\":1024,\"height\":581,\"caption\":\"05 - Portugal vai ser palco do 49th International Porsche 356 Meeting\"},{\"@type\":\"BreadcrumbList\",\"@id\":\"https:\\\/\\\/jornaldasoficinas.com\\\/pt\\\/estoril-recebe-49a-international-porsche-356-meeting\\\/#breadcrumb\",\"itemListElement\":[{\"@type\":\"ListItem\",\"position\":1,\"name\":\"In\u00edcio\",\"item\":\"https:\\\/\\\/jornaldasoficinas.com\\\/pt\\\/\"},{\"@type\":\"ListItem\",\"position\":2,\"name\":\"Estoril recebe 49\u00aa International Porsche 356 Meeting\"}]},{\"@type\":\"WebSite\",\"@id\":\"https:\\\/\\\/jornaldasoficinas.com\\\/pt\\\/#website\",\"url\":\"https:\\\/\\\/jornaldasoficinas.com\\\/pt\\\/\",\"name\":\"Jornal das Oficinas\",\"description\":\"Jornal independente do Aftermarket Autom\u00f3vel em Portugal\",\"publisher\":{\"@id\":\"https:\\\/\\\/jornaldasoficinas.com\\\/pt\\\/#organization\"},\"potentialAction\":[{\"@type\":\"SearchAction\",\"target\":{\"@type\":\"EntryPoint\",\"urlTemplate\":\"https:\\\/\\\/jornaldasoficinas.com\\\/pt\\\/?s={search_term_string}\"},\"query-input\":{\"@type\":\"PropertyValueSpecification\",\"valueRequired\":true,\"valueName\":\"search_term_string\"}}],\"inLanguage\":\"pt-PT\"},{\"@type\":\"Organization\",\"@id\":\"https:\\\/\\\/jornaldasoficinas.com\\\/pt\\\/#organization\",\"name\":\"Jornal das Oficinas\",\"url\":\"https:\\\/\\\/jornaldasoficinas.com\\\/pt\\\/\",\"logo\":{\"@type\":\"ImageObject\",\"inLanguage\":\"pt-PT\",\"@id\":\"https:\\\/\\\/jornaldasoficinas.com\\\/pt\\\/#\\\/schema\\\/logo\\\/image\\\/\",\"url\":\"https:\\\/\\\/jornaldasoficinas.com\\\/pt\\\/wp-content\\\/uploads\\\/logoJO-SEO.png\",\"contentUrl\":\"https:\\\/\\\/jornaldasoficinas.com\\\/pt\\\/wp-content\\\/uploads\\\/logoJO-SEO.png\",\"width\":285,\"height\":450,\"caption\":\"Jornal das Oficinas\"},\"image\":{\"@id\":\"https:\\\/\\\/jornaldasoficinas.com\\\/pt\\\/#\\\/schema\\\/logo\\\/image\\\/\"},\"sameAs\":[\"https:\\\/\\\/www.facebook.com\\\/jornaloficinas\",\"https:\\\/\\\/x.com\\\/jornaloficinas\",\"https:\\\/\\\/www.instagram.com\\\/jornal_oficinas\\\/\",\"https:\\\/\\\/www.linkedin.com\\\/company\\\/jornal-das-oficinas\\\/\",\"https:\\\/\\\/www.youtube.com\\\/channel\\\/UCbQZBqtcvV-oSQrr7RzINGg\"]},{\"@type\":\"Person\",\"@id\":\"https:\\\/\\\/jornaldasoficinas.com\\\/pt\\\/#\\\/schema\\\/person\\\/a38eef5de2c41d9e7c9ac10141afddf3\",\"name\":\"Reda\u00e7\u00e3o JO\",\"image\":{\"@type\":\"ImageObject\",\"inLanguage\":\"pt-PT\",\"@id\":\"https:\\\/\\\/secure.gravatar.com\\\/avatar\\\/71f2fa71737ad68a84fea94bc708ddac8ea5b0c4788dc2ad202f3ccb2887742f?s=96&d=wp_user_avatar&r=g\",\"url\":\"https:\\\/\\\/secure.gravatar.com\\\/avatar\\\/71f2fa71737ad68a84fea94bc708ddac8ea5b0c4788dc2ad202f3ccb2887742f?s=96&d=wp_user_avatar&r=g\",\"contentUrl\":\"https:\\\/\\\/secure.gravatar.com\\\/avatar\\\/71f2fa71737ad68a84fea94bc708ddac8ea5b0c4788dc2ad202f3ccb2887742f?s=96&d=wp_user_avatar&r=g\",\"caption\":\"Reda\u00e7\u00e3o JO\"},\"url\":\"https:\\\/\\\/jornaldasoficinas.com\\\/pt\\\/author\\\/joredacao\\\/\"}]}<\/script>\n<!-- \/ Yoast SEO plugin. -->","yoast_head_json":{"title":"Estoril recebe 49\u00aa International Porsche 356 Meeting - Jornal das Oficinas","description":"De 9 a 12 de maio, vai ser realizada a 49\u00aa edi\u00e7\u00e3o do International Porsche 356 Meeting, no Estoril, uma concentra\u00e7\u00e3o com 180 carros m\u00edticos","robots":{"index":"index","follow":"follow","max-snippet":"max-snippet:-1","max-image-preview":"max-image-preview:large","max-video-preview":"max-video-preview:-1"},"canonical":"https:\/\/jornaldasoficinas.com\/pt\/estoril-recebe-49a-international-porsche-356-meeting\/","og_locale":"pt_PT","og_type":"article","og_title":"Estoril recebe 49\u00aa International Porsche 356 Meeting - Jornal das Oficinas","og_description":"De 9 a 12 de maio, vai ser realizada a 49\u00aa edi\u00e7\u00e3o do International Porsche 356 Meeting, no Estoril, uma concentra\u00e7\u00e3o com 180 carros m\u00edticos","og_url":"https:\/\/jornaldasoficinas.com\/pt\/estoril-recebe-49a-international-porsche-356-meeting\/","og_site_name":"Jornal das Oficinas","article_publisher":"https:\/\/www.facebook.com\/jornaloficinas","article_published_time":"2024-05-09T17:00:18+00:00","og_image":[{"width":1024,"height":581,"url":"https:\/\/jornaldasoficinas.com\/pt\/wp-content\/uploads\/2024\/05\/Portugal-vai-ser-palco-do-49th-International-Porsche-356-Meeting.png","type":"image\/png"}],"author":"Reda\u00e7\u00e3o JO","twitter_card":"summary_large_image","twitter_creator":"@jornaloficinas","twitter_site":"@jornaloficinas","twitter_misc":{"Escrito por":"Reda\u00e7\u00e3o JO","Tempo estimado de leitura":"3 minutos"},"schema":{"@context":"https:\/\/schema.org","@graph":[{"@type":"Article","@id":"https:\/\/jornaldasoficinas.com\/pt\/estoril-recebe-49a-international-porsche-356-meeting\/#article","isPartOf":{"@id":"https:\/\/jornaldasoficinas.com\/pt\/estoril-recebe-49a-international-porsche-356-meeting\/"},"author":{"name":"Reda\u00e7\u00e3o JO","@id":"https:\/\/jornaldasoficinas.com\/pt\/#\/schema\/person\/a38eef5de2c41d9e7c9ac10141afddf3"},"headline":"Estoril recebe 49\u00aa International Porsche 356 Meeting","datePublished":"2024-05-09T17:00:18+00:00","mainEntityOfPage":{"@id":"https:\/\/jornaldasoficinas.com\/pt\/estoril-recebe-49a-international-porsche-356-meeting\/"},"wordCount":472,"publisher":{"@id":"https:\/\/jornaldasoficinas.com\/pt\/#organization"},"image":{"@id":"https:\/\/jornaldasoficinas.com\/pt\/estoril-recebe-49a-international-porsche-356-meeting\/#primaryimage"},"thumbnailUrl":"https:\/\/jornaldasoficinas.com\/pt\/wp-content\/uploads\/2024\/05\/Portugal-vai-ser-palco-do-49th-International-Porsche-356-Meeting.png","keywords":["180 ve\u00edculos","360 pessoas participantes","49th International Porsche 356 Meeting","concentra\u00e7\u00e3o de carros","De 9 a 12 de maio","Porsche Club 356 Portugal"],"articleSection":["Mercado"],"inLanguage":"pt-PT"},{"@type":"WebPage","@id":"https:\/\/jornaldasoficinas.com\/pt\/estoril-recebe-49a-international-porsche-356-meeting\/","url":"https:\/\/jornaldasoficinas.com\/pt\/estoril-recebe-49a-international-porsche-356-meeting\/","name":"Estoril recebe 49\u00aa International Porsche 356 Meeting - Jornal das Oficinas","isPartOf":{"@id":"https:\/\/jornaldasoficinas.com\/pt\/#website"},"primaryImageOfPage":{"@id":"https:\/\/jornaldasoficinas.com\/pt\/estoril-recebe-49a-international-porsche-356-meeting\/#primaryimage"},"image":{"@id":"https:\/\/jornaldasoficinas.com\/pt\/estoril-recebe-49a-international-porsche-356-meeting\/#primaryimage"},"thumbnailUrl":"https:\/\/jornaldasoficinas.com\/pt\/wp-content\/uploads\/2024\/05\/Portugal-vai-ser-palco-do-49th-International-Porsche-356-Meeting.png","datePublished":"2024-05-09T17:00:18+00:00","description":"De 9 a 12 de maio, vai ser realizada a 49\u00aa edi\u00e7\u00e3o do International Porsche 356 Meeting, no Estoril, uma concentra\u00e7\u00e3o com 180 carros m\u00edticos","breadcrumb":{"@id":"https:\/\/jornaldasoficinas.com\/pt\/estoril-recebe-49a-international-porsche-356-meeting\/#breadcrumb"},"inLanguage":"pt-PT","potentialAction":[{"@type":"ReadAction","target":["https:\/\/jornaldasoficinas.com\/pt\/estoril-recebe-49a-international-porsche-356-meeting\/"]}]},{"@type":"ImageObject","inLanguage":"pt-PT","@id":"https:\/\/jornaldasoficinas.com\/pt\/estoril-recebe-49a-international-porsche-356-meeting\/#primaryimage","url":"https:\/\/jornaldasoficinas.com\/pt\/wp-content\/uploads\/2024\/05\/Portugal-vai-ser-palco-do-49th-International-Porsche-356-Meeting.png","contentUrl":"https:\/\/jornaldasoficinas.com\/pt\/wp-content\/uploads\/2024\/05\/Portugal-vai-ser-palco-do-49th-International-Porsche-356-Meeting.png","width":1024,"height":581,"caption":"05 - Portugal vai ser palco do 49th International Porsche 356 Meeting"},{"@type":"BreadcrumbList","@id":"https:\/\/jornaldasoficinas.com\/pt\/estoril-recebe-49a-international-porsche-356-meeting\/#breadcrumb","itemListElement":[{"@type":"ListItem","position":1,"name":"In\u00edcio","item":"https:\/\/jornaldasoficinas.com\/pt\/"},{"@type":"ListItem","position":2,"name":"Estoril recebe 49\u00aa International Porsche 356 Meeting"}]},{"@type":"WebSite","@id":"https:\/\/jornaldasoficinas.com\/pt\/#website","url":"https:\/\/jornaldasoficinas.com\/pt\/","name":"Jornal das Oficinas","description":"Jornal independente do Aftermarket Autom\u00f3vel em Portugal","publisher":{"@id":"https:\/\/jornaldasoficinas.com\/pt\/#organization"},"potentialAction":[{"@type":"SearchAction","target":{"@type":"EntryPoint","urlTemplate":"https:\/\/jornaldasoficinas.com\/pt\/?s={search_term_string}"},"query-input":{"@type":"PropertyValueSpecification","valueRequired":true,"valueName":"search_term_string"}}],"inLanguage":"pt-PT"},{"@type":"Organization","@id":"https:\/\/jornaldasoficinas.com\/pt\/#organization","name":"Jornal das Oficinas","url":"https:\/\/jornaldasoficinas.com\/pt\/","logo":{"@type":"ImageObject","inLanguage":"pt-PT","@id":"https:\/\/jornaldasoficinas.com\/pt\/#\/schema\/logo\/image\/","url":"https:\/\/jornaldasoficinas.com\/pt\/wp-content\/uploads\/logoJO-SEO.png","contentUrl":"https:\/\/jornaldasoficinas.com\/pt\/wp-content\/uploads\/logoJO-SEO.png","width":285,"height":450,"caption":"Jornal das Oficinas"},"image":{"@id":"https:\/\/jornaldasoficinas.com\/pt\/#\/schema\/logo\/image\/"},"sameAs":["https:\/\/www.facebook.com\/jornaloficinas","https:\/\/x.com\/jornaloficinas","https:\/\/www.instagram.com\/jornal_oficinas\/","https:\/\/www.linkedin.com\/company\/jornal-das-oficinas\/","https:\/\/www.youtube.com\/channel\/UCbQZBqtcvV-oSQrr7RzINGg"]},{"@type":"Person","@id":"https:\/\/jornaldasoficinas.com\/pt\/#\/schema\/person\/a38eef5de2c41d9e7c9ac10141afddf3","name":"Reda\u00e7\u00e3o JO","image":{"@type":"ImageObject","inLanguage":"pt-PT","@id":"https:\/\/secure.gravatar.com\/avatar\/71f2fa71737ad68a84fea94bc708ddac8ea5b0c4788dc2ad202f3ccb2887742f?s=96&d=wp_user_avatar&r=g","url":"https:\/\/secure.gravatar.com\/avatar\/71f2fa71737ad68a84fea94bc708ddac8ea5b0c4788dc2ad202f3ccb2887742f?s=96&d=wp_user_avatar&r=g","contentUrl":"https:\/\/secure.gravatar.com\/avatar\/71f2fa71737ad68a84fea94bc708ddac8ea5b0c4788dc2ad202f3ccb2887742f?s=96&d=wp_user_avatar&r=g","caption":"Reda\u00e7\u00e3o JO"},"url":"https:\/\/jornaldasoficinas.com\/pt\/author\/joredacao\/"}]}},"_links":{"self":[{"href":"https:\/\/jornaldasoficinas.com\/pt\/wp-json\/wp\/v2\/posts\/84374","targetHints":{"allow":["GET"]}}],"collection":[{"href":"https:\/\/jornaldasoficinas.com\/pt\/wp-json\/wp\/v2\/posts"}],"about":[{"href":"https:\/\/jornaldasoficinas.com\/pt\/wp-json\/wp\/v2\/types\/post"}],"author":[{"embeddable":true,"href":"https:\/\/jornaldasoficinas.com\/pt\/wp-json\/wp\/v2\/users\/15"}],"replies":[{"embeddable":true,"href":"https:\/\/jornaldasoficinas.com\/pt\/wp-json\/wp\/v2\/comments?post=84374"}],"version-history":[{"count":0,"href":"https:\/\/jornaldasoficinas.com\/pt\/wp-json\/wp\/v2\/posts\/84374\/revisions"}],"wp:featuredmedia":[{"embeddable":true,"href":"https:\/\/jornaldasoficinas.com\/pt\/wp-json\/wp\/v2\/media\/84376"}],"wp:attachment":[{"href":"https:\/\/jornaldasoficinas.com\/pt\/wp-json\/wp\/v2\/media?parent=84374"}],"wp:term":[{"taxonomy":"category","embeddable":true,"href":"https:\/\/jornaldasoficinas.com\/pt\/wp-json\/wp\/v2\/categories?post=84374"},{"taxonomy":"post_tag","embeddable":true,"href":"https:\/\/jornaldasoficinas.com\/pt\/wp-json\/wp\/v2\/tags?post=84374"}],"curies":[{"name":"wp","href":"https:\/\/api.w.org\/{rel}","templated":true}]}}