{"id":84441,"date":"2024-05-13T14:00:10","date_gmt":"2024-05-13T13:00:10","guid":{"rendered":"https:\/\/jornaldasoficinas.com\/pt\/?p=84441"},"modified":"2024-05-10T15:46:24","modified_gmt":"2024-05-10T14:46:24","slug":"anecra-organiza-encontro-nacional-dos-automoveis-usados","status":"publish","type":"post","link":"https:\/\/jornaldasoficinas.com\/pt\/anecra-organiza-encontro-nacional-dos-automoveis-usados\/","title":{"rendered":"ANECRA organiza Encontro Nacional dos Autom\u00f3veis Usados"},"content":{"rendered":"<p><img loading=\"lazy\" decoding=\"async\" class=\"alignnone size-full wp-image-84444\" src=\"https:\/\/jornaldasoficinas.com\/pt\/wp-content\/uploads\/2024\/05\/ANECRA-organiza-Encontro-Nacional-dos-Automoveis-Usados.jpeg\" alt=\"05 - ANECRA organiza Encontro Nacional dos Automoveis Usados\" width=\"1024\" height=\"581\" srcset=\"https:\/\/jornaldasoficinas.com\/pt\/wp-content\/uploads\/2024\/05\/ANECRA-organiza-Encontro-Nacional-dos-Automoveis-Usados.jpeg 1024w, https:\/\/jornaldasoficinas.com\/pt\/wp-content\/uploads\/2024\/05\/ANECRA-organiza-Encontro-Nacional-dos-Automoveis-Usados-300x170.jpeg 300w, https:\/\/jornaldasoficinas.com\/pt\/wp-content\/uploads\/2024\/05\/ANECRA-organiza-Encontro-Nacional-dos-Automoveis-Usados-150x85.jpeg 150w, https:\/\/jornaldasoficinas.com\/pt\/wp-content\/uploads\/2024\/05\/ANECRA-organiza-Encontro-Nacional-dos-Automoveis-Usados-768x436.jpeg 768w\" sizes=\"auto, (max-width: 1024px) 100vw, 1024px\" \/><\/p>\n<p><strong>No pr\u00f3ximo dia 24 de maio, no Hotel Vila Gal\u00e9, em Coimbra, a <a href=\"https:\/\/www.anecra.pt\/\" target=\"_blank\" rel=\"noopener\">ANECRA<\/a> vai dinamizar o Encontro Nacional do Com\u00e9rcio de Autom\u00f3veis Usados tendo como tema &#8220;Sector Autom\u00f3vel \u2013 Rumo a um Futuro Sustent\u00e1vel&#8221;<\/strong><\/p>\n<p>A ANECRA &#8211; Associa\u00e7\u00e3o Nacional das Empresas do Com\u00e9rcio e da Repara\u00e7\u00e3o Autom\u00f3vel ir\u00e1 promover, dia 24 de maio, no Hotel Vila Gal\u00e9, em Coimbra, o Encontro Nacional do Com\u00e9rcio de Autom\u00f3veis Usados tendo como tema &#8220;Sector Autom\u00f3vel \u2013 Rumo a um Futuro Sustent\u00e1vel&#8221;.<\/p>\n<p>O evento contar\u00e1 com dois pain\u00e9is de discuss\u00e3o, o primeiro sobre o tema &#8220;Um Sector (autom\u00f3vel) em Profunda Transforma\u00e7\u00e3o&#8221;, ter\u00e1 com orador Duarte Gomes Pereira, Secret\u00e1rio-Geral da ASFAC, como moderador Roberto Gaspar, Secret\u00e1rio-Geral da ANECRA e como participantes Miguel Mendes, Director of Consumer and Client Transformation do Santander Consumer Finance, Pedro Nuno Ferreira, Head of Automotive Business da Cetelem BNP Paribas, Henrique Henriques, Director Comercial Autom\u00f3vel do Banco Credibom e Jos\u00e9 Carreira, North Commercial Coordinator da Cofidis Portugal.<\/p>\n<p>Neste painel ser\u00e3o abordados diversos temas como o impacto das taxas de juro na cadeia do neg\u00f3cio, o processo ESG, os eventuais impactos na rela\u00e7\u00e3o entre os operadores e as financeiras, as novas plataformas de solu\u00e7\u00f5es globais, as regras do Banco de Portugal na intermedia\u00e7\u00e3o de cr\u00e9dito e de que forma a agenda europeia da economia circular poder\u00e1 ter impacto a curto prazo no segmento do com\u00e9rcio dos usados.<\/p>\n<p>Por sua vez, o segundo painel ser\u00e1 sobre &#8220;Os Desafios Imediatos do Com\u00e9rcio dos Autom\u00f3veis Usados&#8221;. Ter\u00e1 como orador e moderador Nuno Castel-Branco, CEO do Standvirtual e como participantes Am\u00e9rico Barroso, Director da ANECRA e Administrador da S\u00f3 Barroso, Alexandra Santos, Marketing Manager da AM Confraria, Manuel Coutinho, Vice-Presidente da ANECRA e CEO do Grupo Motopor, Nuno Braga, Administrador da Caetano Auto e Nuno Carvalho, CFO da Brincar Autom\u00f3veis. Neste momento ser\u00e3o debatidos o neg\u00f3cio e os valores praticados no mercado, a importa\u00e7\u00e3o de viaturas usadas, o impacto da nova lei das garantias, o aumento das taxas de juro e a relev\u00e2ncia das viaturas el\u00e9tricas e h\u00edbridas no neg\u00f3cio dos autom\u00f3veis usados.<\/p>\n<p>Al\u00e9m dos pain\u00e9is de discuss\u00e3o, este evento contar\u00e1 ainda com a disserta\u00e7\u00e3o de Roberto Gaspar, Secret\u00e1rio-Geral da ANECRA sob o tema &#8220;Setor Autom\u00f3vel Rumo a um Futuro Sustent\u00e1vel&#8221; e com a an\u00e1lise de Daniel Rocha, Strategy &amp; Analystic Manager do Standvirtual \u00e0s &#8220;Grandes Tend\u00eancias do Retalho Autom\u00f3vel em Portugal&#8221;.<\/p>\n<p>Este evento ter\u00e1 uma sess\u00e3o de boas-vindas, promovida por Alexandre Ferreira, Presidente da Dire\u00e7\u00e3o da ANECRA, onde se registar\u00e1 a presen\u00e7a de diversos oradores de refer\u00eancia, em \u00e1reas distintas: financeira, gestora de frotas, grupos de retalho, e, claro, empres\u00e1rios associados da ANECRA, que desenvolvem atividade no Sector do Com\u00e9rcio de Autom\u00f3veis Usados.<\/p>\n<p>A terminar o encontro ter\u00e1 lugar um almo\u00e7o, patrocinado pelo Standvirtual, em que se abordar\u00e1 &#8220;O Futuro do Retalho Autom\u00f3vel em Portugal&#8221; e que ser\u00e1 mais uma oportunidade para esclarecer as mais pertinentes quest\u00f5es associadas ao setor autom\u00f3vel e em especial do segmento do com\u00e9rcio de autom\u00f3veis usados.<\/p>\n","protected":false},"excerpt":{"rendered":"<p>No pr\u00f3ximo dia 24 de maio,&#8230;<\/p>\n","protected":false},"author":15,"featured_media":84444,"comment_status":"closed","ping_status":"closed","sticky":false,"template":"","format":"standard","meta":{"footnotes":""},"categories":[37],"tags":[137,5540,9007,3359,2628,9004,4785,9002,9006,9005,9003,2198],"class_list":["post-84441","post","type-post","status-publish","format-standard","has-post-thumbnail","hentry","category-mercado","tag-anecra","tag-asfac","tag-brincar-automoveis","tag-caetano-auto","tag-cetelem","tag-cofidis-portugal","tag-credibom","tag-encontro-nacional-dos-automoveis-usados","tag-grupo-motopor","tag-processo-esg","tag-rumo-a-um-futuro-sustentavel","tag-standvirtual"],"yoast_head":"<!-- This site is optimized with the Yoast SEO plugin v27.4 - https:\/\/yoast.com\/product\/yoast-seo-wordpress\/ -->\n<title>ANECRA organiza Encontro Nacional dos Autom\u00f3veis Usados - Jornal das Oficinas<\/title>\n<meta name=\"description\" content=\"A ANECRA vai dinamizar o Encontro Nacional do Com\u00e9rcio de Autom\u00f3veis Usados tendo como tema &quot;Sector Autom\u00f3vel \u2013 Rumo a um Futuro Sustent\u00e1vel&quot;\" \/>\n<meta name=\"robots\" content=\"index, follow, max-snippet:-1, max-image-preview:large, max-video-preview:-1\" \/>\n<link rel=\"canonical\" href=\"https:\/\/jornaldasoficinas.com\/pt\/anecra-organiza-encontro-nacional-dos-automoveis-usados\/\" \/>\n<meta property=\"og:locale\" content=\"pt_PT\" \/>\n<meta property=\"og:type\" content=\"article\" \/>\n<meta property=\"og:title\" content=\"ANECRA organiza Encontro Nacional dos Autom\u00f3veis Usados - Jornal das Oficinas\" \/>\n<meta property=\"og:description\" content=\"A ANECRA vai dinamizar o Encontro Nacional do Com\u00e9rcio de Autom\u00f3veis Usados tendo como tema &quot;Sector Autom\u00f3vel \u2013 Rumo a um Futuro Sustent\u00e1vel&quot;\" \/>\n<meta property=\"og:url\" content=\"https:\/\/jornaldasoficinas.com\/pt\/anecra-organiza-encontro-nacional-dos-automoveis-usados\/\" \/>\n<meta property=\"og:site_name\" content=\"Jornal das Oficinas\" \/>\n<meta property=\"article:publisher\" content=\"https:\/\/www.facebook.com\/jornaloficinas\" \/>\n<meta property=\"article:published_time\" content=\"2024-05-13T13:00:10+00:00\" \/>\n<meta property=\"og:image\" content=\"https:\/\/jornaldasoficinas.com\/pt\/wp-content\/uploads\/2024\/05\/ANECRA-organiza-Encontro-Nacional-dos-Automoveis-Usados.jpeg\" \/>\n\t<meta property=\"og:image:width\" content=\"1024\" \/>\n\t<meta property=\"og:image:height\" content=\"581\" \/>\n\t<meta property=\"og:image:type\" content=\"image\/jpeg\" \/>\n<meta name=\"author\" content=\"Reda\u00e7\u00e3o JO\" \/>\n<meta name=\"twitter:card\" content=\"summary_large_image\" \/>\n<meta name=\"twitter:creator\" content=\"@jornaloficinas\" \/>\n<meta name=\"twitter:site\" content=\"@jornaloficinas\" \/>\n<meta name=\"twitter:label1\" content=\"Escrito por\" \/>\n\t<meta name=\"twitter:data1\" content=\"Reda\u00e7\u00e3o JO\" \/>\n\t<meta name=\"twitter:label2\" content=\"Tempo estimado de leitura\" \/>\n\t<meta name=\"twitter:data2\" content=\"4 minutos\" \/>\n<script type=\"application\/ld+json\" class=\"yoast-schema-graph\">{\"@context\":\"https:\\\/\\\/schema.org\",\"@graph\":[{\"@type\":\"Article\",\"@id\":\"https:\\\/\\\/jornaldasoficinas.com\\\/pt\\\/anecra-organiza-encontro-nacional-dos-automoveis-usados\\\/#article\",\"isPartOf\":{\"@id\":\"https:\\\/\\\/jornaldasoficinas.com\\\/pt\\\/anecra-organiza-encontro-nacional-dos-automoveis-usados\\\/\"},\"author\":{\"name\":\"Reda\u00e7\u00e3o JO\",\"@id\":\"https:\\\/\\\/jornaldasoficinas.com\\\/pt\\\/#\\\/schema\\\/person\\\/a38eef5de2c41d9e7c9ac10141afddf3\"},\"headline\":\"ANECRA organiza Encontro Nacional dos Autom\u00f3veis Usados\",\"datePublished\":\"2024-05-13T13:00:10+00:00\",\"mainEntityOfPage\":{\"@id\":\"https:\\\/\\\/jornaldasoficinas.com\\\/pt\\\/anecra-organiza-encontro-nacional-dos-automoveis-usados\\\/\"},\"wordCount\":553,\"publisher\":{\"@id\":\"https:\\\/\\\/jornaldasoficinas.com\\\/pt\\\/#organization\"},\"image\":{\"@id\":\"https:\\\/\\\/jornaldasoficinas.com\\\/pt\\\/anecra-organiza-encontro-nacional-dos-automoveis-usados\\\/#primaryimage\"},\"thumbnailUrl\":\"https:\\\/\\\/jornaldasoficinas.com\\\/pt\\\/wp-content\\\/uploads\\\/2024\\\/05\\\/ANECRA-organiza-Encontro-Nacional-dos-Automoveis-Usados.jpeg\",\"keywords\":[\"ANECRA\",\"ASFAC\",\"Brincar Autom\u00f3veis\",\"Caetano Auto\",\"Cetelem\",\"Cofidis Portugal\",\"Credibom\",\"Encontro Nacional dos Autom\u00f3veis Usados\",\"Grupo Motopor\",\"processo ESG\",\"Rumo a um Futuro Sustent\u00e1vel\",\"Standvirtual\"],\"articleSection\":[\"Mercado\"],\"inLanguage\":\"pt-PT\"},{\"@type\":\"WebPage\",\"@id\":\"https:\\\/\\\/jornaldasoficinas.com\\\/pt\\\/anecra-organiza-encontro-nacional-dos-automoveis-usados\\\/\",\"url\":\"https:\\\/\\\/jornaldasoficinas.com\\\/pt\\\/anecra-organiza-encontro-nacional-dos-automoveis-usados\\\/\",\"name\":\"ANECRA organiza Encontro Nacional dos Autom\u00f3veis Usados - Jornal das Oficinas\",\"isPartOf\":{\"@id\":\"https:\\\/\\\/jornaldasoficinas.com\\\/pt\\\/#website\"},\"primaryImageOfPage\":{\"@id\":\"https:\\\/\\\/jornaldasoficinas.com\\\/pt\\\/anecra-organiza-encontro-nacional-dos-automoveis-usados\\\/#primaryimage\"},\"image\":{\"@id\":\"https:\\\/\\\/jornaldasoficinas.com\\\/pt\\\/anecra-organiza-encontro-nacional-dos-automoveis-usados\\\/#primaryimage\"},\"thumbnailUrl\":\"https:\\\/\\\/jornaldasoficinas.com\\\/pt\\\/wp-content\\\/uploads\\\/2024\\\/05\\\/ANECRA-organiza-Encontro-Nacional-dos-Automoveis-Usados.jpeg\",\"datePublished\":\"2024-05-13T13:00:10+00:00\",\"description\":\"A ANECRA vai dinamizar o Encontro Nacional do Com\u00e9rcio de Autom\u00f3veis Usados tendo como tema \\\"Sector Autom\u00f3vel \u2013 Rumo a um Futuro Sustent\u00e1vel\\\"\",\"breadcrumb\":{\"@id\":\"https:\\\/\\\/jornaldasoficinas.com\\\/pt\\\/anecra-organiza-encontro-nacional-dos-automoveis-usados\\\/#breadcrumb\"},\"inLanguage\":\"pt-PT\",\"potentialAction\":[{\"@type\":\"ReadAction\",\"target\":[\"https:\\\/\\\/jornaldasoficinas.com\\\/pt\\\/anecra-organiza-encontro-nacional-dos-automoveis-usados\\\/\"]}]},{\"@type\":\"ImageObject\",\"inLanguage\":\"pt-PT\",\"@id\":\"https:\\\/\\\/jornaldasoficinas.com\\\/pt\\\/anecra-organiza-encontro-nacional-dos-automoveis-usados\\\/#primaryimage\",\"url\":\"https:\\\/\\\/jornaldasoficinas.com\\\/pt\\\/wp-content\\\/uploads\\\/2024\\\/05\\\/ANECRA-organiza-Encontro-Nacional-dos-Automoveis-Usados.jpeg\",\"contentUrl\":\"https:\\\/\\\/jornaldasoficinas.com\\\/pt\\\/wp-content\\\/uploads\\\/2024\\\/05\\\/ANECRA-organiza-Encontro-Nacional-dos-Automoveis-Usados.jpeg\",\"width\":1024,\"height\":581,\"caption\":\"05 - ANECRA organiza Encontro Nacional dos Automoveis Usados\"},{\"@type\":\"BreadcrumbList\",\"@id\":\"https:\\\/\\\/jornaldasoficinas.com\\\/pt\\\/anecra-organiza-encontro-nacional-dos-automoveis-usados\\\/#breadcrumb\",\"itemListElement\":[{\"@type\":\"ListItem\",\"position\":1,\"name\":\"In\u00edcio\",\"item\":\"https:\\\/\\\/jornaldasoficinas.com\\\/pt\\\/\"},{\"@type\":\"ListItem\",\"position\":2,\"name\":\"ANECRA organiza Encontro Nacional dos Autom\u00f3veis Usados\"}]},{\"@type\":\"WebSite\",\"@id\":\"https:\\\/\\\/jornaldasoficinas.com\\\/pt\\\/#website\",\"url\":\"https:\\\/\\\/jornaldasoficinas.com\\\/pt\\\/\",\"name\":\"Jornal das Oficinas\",\"description\":\"Jornal independente do Aftermarket Autom\u00f3vel em Portugal\",\"publisher\":{\"@id\":\"https:\\\/\\\/jornaldasoficinas.com\\\/pt\\\/#organization\"},\"potentialAction\":[{\"@type\":\"SearchAction\",\"target\":{\"@type\":\"EntryPoint\",\"urlTemplate\":\"https:\\\/\\\/jornaldasoficinas.com\\\/pt\\\/?s={search_term_string}\"},\"query-input\":{\"@type\":\"PropertyValueSpecification\",\"valueRequired\":true,\"valueName\":\"search_term_string\"}}],\"inLanguage\":\"pt-PT\"},{\"@type\":\"Organization\",\"@id\":\"https:\\\/\\\/jornaldasoficinas.com\\\/pt\\\/#organization\",\"name\":\"Jornal das Oficinas\",\"url\":\"https:\\\/\\\/jornaldasoficinas.com\\\/pt\\\/\",\"logo\":{\"@type\":\"ImageObject\",\"inLanguage\":\"pt-PT\",\"@id\":\"https:\\\/\\\/jornaldasoficinas.com\\\/pt\\\/#\\\/schema\\\/logo\\\/image\\\/\",\"url\":\"https:\\\/\\\/jornaldasoficinas.com\\\/pt\\\/wp-content\\\/uploads\\\/logoJO-SEO.png\",\"contentUrl\":\"https:\\\/\\\/jornaldasoficinas.com\\\/pt\\\/wp-content\\\/uploads\\\/logoJO-SEO.png\",\"width\":285,\"height\":450,\"caption\":\"Jornal das Oficinas\"},\"image\":{\"@id\":\"https:\\\/\\\/jornaldasoficinas.com\\\/pt\\\/#\\\/schema\\\/logo\\\/image\\\/\"},\"sameAs\":[\"https:\\\/\\\/www.facebook.com\\\/jornaloficinas\",\"https:\\\/\\\/x.com\\\/jornaloficinas\",\"https:\\\/\\\/www.instagram.com\\\/jornal_oficinas\\\/\",\"https:\\\/\\\/www.linkedin.com\\\/company\\\/jornal-das-oficinas\\\/\",\"https:\\\/\\\/www.youtube.com\\\/channel\\\/UCbQZBqtcvV-oSQrr7RzINGg\"]},{\"@type\":\"Person\",\"@id\":\"https:\\\/\\\/jornaldasoficinas.com\\\/pt\\\/#\\\/schema\\\/person\\\/a38eef5de2c41d9e7c9ac10141afddf3\",\"name\":\"Reda\u00e7\u00e3o JO\",\"image\":{\"@type\":\"ImageObject\",\"inLanguage\":\"pt-PT\",\"@id\":\"https:\\\/\\\/secure.gravatar.com\\\/avatar\\\/71f2fa71737ad68a84fea94bc708ddac8ea5b0c4788dc2ad202f3ccb2887742f?s=96&d=wp_user_avatar&r=g\",\"url\":\"https:\\\/\\\/secure.gravatar.com\\\/avatar\\\/71f2fa71737ad68a84fea94bc708ddac8ea5b0c4788dc2ad202f3ccb2887742f?s=96&d=wp_user_avatar&r=g\",\"contentUrl\":\"https:\\\/\\\/secure.gravatar.com\\\/avatar\\\/71f2fa71737ad68a84fea94bc708ddac8ea5b0c4788dc2ad202f3ccb2887742f?s=96&d=wp_user_avatar&r=g\",\"caption\":\"Reda\u00e7\u00e3o JO\"},\"url\":\"https:\\\/\\\/jornaldasoficinas.com\\\/pt\\\/author\\\/joredacao\\\/\"}]}<\/script>\n<!-- \/ Yoast SEO plugin. -->","yoast_head_json":{"title":"ANECRA organiza Encontro Nacional dos Autom\u00f3veis Usados - Jornal das Oficinas","description":"A ANECRA vai dinamizar o Encontro Nacional do Com\u00e9rcio de Autom\u00f3veis Usados tendo como tema \"Sector Autom\u00f3vel \u2013 Rumo a um Futuro Sustent\u00e1vel\"","robots":{"index":"index","follow":"follow","max-snippet":"max-snippet:-1","max-image-preview":"max-image-preview:large","max-video-preview":"max-video-preview:-1"},"canonical":"https:\/\/jornaldasoficinas.com\/pt\/anecra-organiza-encontro-nacional-dos-automoveis-usados\/","og_locale":"pt_PT","og_type":"article","og_title":"ANECRA organiza Encontro Nacional dos Autom\u00f3veis Usados - Jornal das Oficinas","og_description":"A ANECRA vai dinamizar o Encontro Nacional do Com\u00e9rcio de Autom\u00f3veis Usados tendo como tema \"Sector Autom\u00f3vel \u2013 Rumo a um Futuro Sustent\u00e1vel\"","og_url":"https:\/\/jornaldasoficinas.com\/pt\/anecra-organiza-encontro-nacional-dos-automoveis-usados\/","og_site_name":"Jornal das Oficinas","article_publisher":"https:\/\/www.facebook.com\/jornaloficinas","article_published_time":"2024-05-13T13:00:10+00:00","og_image":[{"width":1024,"height":581,"url":"https:\/\/jornaldasoficinas.com\/pt\/wp-content\/uploads\/2024\/05\/ANECRA-organiza-Encontro-Nacional-dos-Automoveis-Usados.jpeg","type":"image\/jpeg"}],"author":"Reda\u00e7\u00e3o JO","twitter_card":"summary_large_image","twitter_creator":"@jornaloficinas","twitter_site":"@jornaloficinas","twitter_misc":{"Escrito por":"Reda\u00e7\u00e3o JO","Tempo estimado de leitura":"4 minutos"},"schema":{"@context":"https:\/\/schema.org","@graph":[{"@type":"Article","@id":"https:\/\/jornaldasoficinas.com\/pt\/anecra-organiza-encontro-nacional-dos-automoveis-usados\/#article","isPartOf":{"@id":"https:\/\/jornaldasoficinas.com\/pt\/anecra-organiza-encontro-nacional-dos-automoveis-usados\/"},"author":{"name":"Reda\u00e7\u00e3o JO","@id":"https:\/\/jornaldasoficinas.com\/pt\/#\/schema\/person\/a38eef5de2c41d9e7c9ac10141afddf3"},"headline":"ANECRA organiza Encontro Nacional dos Autom\u00f3veis Usados","datePublished":"2024-05-13T13:00:10+00:00","mainEntityOfPage":{"@id":"https:\/\/jornaldasoficinas.com\/pt\/anecra-organiza-encontro-nacional-dos-automoveis-usados\/"},"wordCount":553,"publisher":{"@id":"https:\/\/jornaldasoficinas.com\/pt\/#organization"},"image":{"@id":"https:\/\/jornaldasoficinas.com\/pt\/anecra-organiza-encontro-nacional-dos-automoveis-usados\/#primaryimage"},"thumbnailUrl":"https:\/\/jornaldasoficinas.com\/pt\/wp-content\/uploads\/2024\/05\/ANECRA-organiza-Encontro-Nacional-dos-Automoveis-Usados.jpeg","keywords":["ANECRA","ASFAC","Brincar Autom\u00f3veis","Caetano Auto","Cetelem","Cofidis Portugal","Credibom","Encontro Nacional dos Autom\u00f3veis Usados","Grupo Motopor","processo ESG","Rumo a um Futuro Sustent\u00e1vel","Standvirtual"],"articleSection":["Mercado"],"inLanguage":"pt-PT"},{"@type":"WebPage","@id":"https:\/\/jornaldasoficinas.com\/pt\/anecra-organiza-encontro-nacional-dos-automoveis-usados\/","url":"https:\/\/jornaldasoficinas.com\/pt\/anecra-organiza-encontro-nacional-dos-automoveis-usados\/","name":"ANECRA organiza Encontro Nacional dos Autom\u00f3veis Usados - Jornal das Oficinas","isPartOf":{"@id":"https:\/\/jornaldasoficinas.com\/pt\/#website"},"primaryImageOfPage":{"@id":"https:\/\/jornaldasoficinas.com\/pt\/anecra-organiza-encontro-nacional-dos-automoveis-usados\/#primaryimage"},"image":{"@id":"https:\/\/jornaldasoficinas.com\/pt\/anecra-organiza-encontro-nacional-dos-automoveis-usados\/#primaryimage"},"thumbnailUrl":"https:\/\/jornaldasoficinas.com\/pt\/wp-content\/uploads\/2024\/05\/ANECRA-organiza-Encontro-Nacional-dos-Automoveis-Usados.jpeg","datePublished":"2024-05-13T13:00:10+00:00","description":"A ANECRA vai dinamizar o Encontro Nacional do Com\u00e9rcio de Autom\u00f3veis Usados tendo como tema \"Sector Autom\u00f3vel \u2013 Rumo a um Futuro Sustent\u00e1vel\"","breadcrumb":{"@id":"https:\/\/jornaldasoficinas.com\/pt\/anecra-organiza-encontro-nacional-dos-automoveis-usados\/#breadcrumb"},"inLanguage":"pt-PT","potentialAction":[{"@type":"ReadAction","target":["https:\/\/jornaldasoficinas.com\/pt\/anecra-organiza-encontro-nacional-dos-automoveis-usados\/"]}]},{"@type":"ImageObject","inLanguage":"pt-PT","@id":"https:\/\/jornaldasoficinas.com\/pt\/anecra-organiza-encontro-nacional-dos-automoveis-usados\/#primaryimage","url":"https:\/\/jornaldasoficinas.com\/pt\/wp-content\/uploads\/2024\/05\/ANECRA-organiza-Encontro-Nacional-dos-Automoveis-Usados.jpeg","contentUrl":"https:\/\/jornaldasoficinas.com\/pt\/wp-content\/uploads\/2024\/05\/ANECRA-organiza-Encontro-Nacional-dos-Automoveis-Usados.jpeg","width":1024,"height":581,"caption":"05 - ANECRA organiza Encontro Nacional dos Automoveis Usados"},{"@type":"BreadcrumbList","@id":"https:\/\/jornaldasoficinas.com\/pt\/anecra-organiza-encontro-nacional-dos-automoveis-usados\/#breadcrumb","itemListElement":[{"@type":"ListItem","position":1,"name":"In\u00edcio","item":"https:\/\/jornaldasoficinas.com\/pt\/"},{"@type":"ListItem","position":2,"name":"ANECRA organiza Encontro Nacional dos Autom\u00f3veis Usados"}]},{"@type":"WebSite","@id":"https:\/\/jornaldasoficinas.com\/pt\/#website","url":"https:\/\/jornaldasoficinas.com\/pt\/","name":"Jornal das Oficinas","description":"Jornal independente do Aftermarket Autom\u00f3vel em Portugal","publisher":{"@id":"https:\/\/jornaldasoficinas.com\/pt\/#organization"},"potentialAction":[{"@type":"SearchAction","target":{"@type":"EntryPoint","urlTemplate":"https:\/\/jornaldasoficinas.com\/pt\/?s={search_term_string}"},"query-input":{"@type":"PropertyValueSpecification","valueRequired":true,"valueName":"search_term_string"}}],"inLanguage":"pt-PT"},{"@type":"Organization","@id":"https:\/\/jornaldasoficinas.com\/pt\/#organization","name":"Jornal das Oficinas","url":"https:\/\/jornaldasoficinas.com\/pt\/","logo":{"@type":"ImageObject","inLanguage":"pt-PT","@id":"https:\/\/jornaldasoficinas.com\/pt\/#\/schema\/logo\/image\/","url":"https:\/\/jornaldasoficinas.com\/pt\/wp-content\/uploads\/logoJO-SEO.png","contentUrl":"https:\/\/jornaldasoficinas.com\/pt\/wp-content\/uploads\/logoJO-SEO.png","width":285,"height":450,"caption":"Jornal das Oficinas"},"image":{"@id":"https:\/\/jornaldasoficinas.com\/pt\/#\/schema\/logo\/image\/"},"sameAs":["https:\/\/www.facebook.com\/jornaloficinas","https:\/\/x.com\/jornaloficinas","https:\/\/www.instagram.com\/jornal_oficinas\/","https:\/\/www.linkedin.com\/company\/jornal-das-oficinas\/","https:\/\/www.youtube.com\/channel\/UCbQZBqtcvV-oSQrr7RzINGg"]},{"@type":"Person","@id":"https:\/\/jornaldasoficinas.com\/pt\/#\/schema\/person\/a38eef5de2c41d9e7c9ac10141afddf3","name":"Reda\u00e7\u00e3o JO","image":{"@type":"ImageObject","inLanguage":"pt-PT","@id":"https:\/\/secure.gravatar.com\/avatar\/71f2fa71737ad68a84fea94bc708ddac8ea5b0c4788dc2ad202f3ccb2887742f?s=96&d=wp_user_avatar&r=g","url":"https:\/\/secure.gravatar.com\/avatar\/71f2fa71737ad68a84fea94bc708ddac8ea5b0c4788dc2ad202f3ccb2887742f?s=96&d=wp_user_avatar&r=g","contentUrl":"https:\/\/secure.gravatar.com\/avatar\/71f2fa71737ad68a84fea94bc708ddac8ea5b0c4788dc2ad202f3ccb2887742f?s=96&d=wp_user_avatar&r=g","caption":"Reda\u00e7\u00e3o JO"},"url":"https:\/\/jornaldasoficinas.com\/pt\/author\/joredacao\/"}]}},"_links":{"self":[{"href":"https:\/\/jornaldasoficinas.com\/pt\/wp-json\/wp\/v2\/posts\/84441","targetHints":{"allow":["GET"]}}],"collection":[{"href":"https:\/\/jornaldasoficinas.com\/pt\/wp-json\/wp\/v2\/posts"}],"about":[{"href":"https:\/\/jornaldasoficinas.com\/pt\/wp-json\/wp\/v2\/types\/post"}],"author":[{"embeddable":true,"href":"https:\/\/jornaldasoficinas.com\/pt\/wp-json\/wp\/v2\/users\/15"}],"replies":[{"embeddable":true,"href":"https:\/\/jornaldasoficinas.com\/pt\/wp-json\/wp\/v2\/comments?post=84441"}],"version-history":[{"count":0,"href":"https:\/\/jornaldasoficinas.com\/pt\/wp-json\/wp\/v2\/posts\/84441\/revisions"}],"wp:featuredmedia":[{"embeddable":true,"href":"https:\/\/jornaldasoficinas.com\/pt\/wp-json\/wp\/v2\/media\/84444"}],"wp:attachment":[{"href":"https:\/\/jornaldasoficinas.com\/pt\/wp-json\/wp\/v2\/media?parent=84441"}],"wp:term":[{"taxonomy":"category","embeddable":true,"href":"https:\/\/jornaldasoficinas.com\/pt\/wp-json\/wp\/v2\/categories?post=84441"},{"taxonomy":"post_tag","embeddable":true,"href":"https:\/\/jornaldasoficinas.com\/pt\/wp-json\/wp\/v2\/tags?post=84441"}],"curies":[{"name":"wp","href":"https:\/\/api.w.org\/{rel}","templated":true}]}}