{"id":84537,"date":"2024-05-10T18:30:09","date_gmt":"2024-05-10T17:30:09","guid":{"rendered":"https:\/\/jornaldasoficinas.com\/pt\/?p=84537"},"modified":"2024-05-10T18:11:21","modified_gmt":"2024-05-10T17:11:21","slug":"fundacion-mapfre-desenvolve-colete-a-prova-de-vida","status":"publish","type":"post","link":"https:\/\/jornaldasoficinas.com\/pt\/fundacion-mapfre-desenvolve-colete-a-prova-de-vida\/","title":{"rendered":"Fundaci\u00f3n MAPFRE desenvolve colete \u00e0 prova de vida"},"content":{"rendered":"<p><strong><img loading=\"lazy\" decoding=\"async\" class=\"alignnone size-full wp-image-84545\" src=\"https:\/\/jornaldasoficinas.com\/pt\/wp-content\/uploads\/2024\/05\/Fundacion-MAPFRE-desenvolve-colete-a-prova-de-vida.jpg\" alt=\"05 - Fundacion MAPFRE desenvolve colete a prova de vida\" width=\"1024\" height=\"581\" srcset=\"https:\/\/jornaldasoficinas.com\/pt\/wp-content\/uploads\/2024\/05\/Fundacion-MAPFRE-desenvolve-colete-a-prova-de-vida.jpg 1024w, https:\/\/jornaldasoficinas.com\/pt\/wp-content\/uploads\/2024\/05\/Fundacion-MAPFRE-desenvolve-colete-a-prova-de-vida-300x170.jpg 300w, https:\/\/jornaldasoficinas.com\/pt\/wp-content\/uploads\/2024\/05\/Fundacion-MAPFRE-desenvolve-colete-a-prova-de-vida-150x85.jpg 150w, https:\/\/jornaldasoficinas.com\/pt\/wp-content\/uploads\/2024\/05\/Fundacion-MAPFRE-desenvolve-colete-a-prova-de-vida-768x436.jpg 768w\" sizes=\"auto, (max-width: 1024px) 100vw, 1024px\" \/><\/strong><\/p>\n<p><strong>O Jornal das Oficinas, esteve em \u00c1vila, no <a href=\"https:\/\/www.cesvimap.com\/\">CESVIMAP<\/a>, laborat\u00f3rio <\/strong><strong>de inova\u00e7\u00e3o da <a href=\"https:\/\/www.mapfre.pt\/particulares\/\">MAPFRE<\/a>, para assistir a um \u00a0crash test a 40 km\/h entre uma mota e um autom\u00f3vel e para ter acesso aos resultados do relat\u00f3rio <\/strong><strong>&#8216;Ergonomia e sensa\u00e7\u00f5es na utiliza\u00e7\u00e3o de airbags para motociclistas&#8217;<\/strong><strong>. Este exerc\u00edcio teve como objetivo sensibilizar todos os presentes sobre a import\u00e2ncia da utiliza\u00e7\u00e3o de um colete <em>airbag<\/em> para o piloto\/acompanhante, um elemento de seguran\u00e7a que ajuda a evitar les\u00f5es graves em caso de acidente<\/strong><\/p>\n<p>Cerca de 299 pessoas faleceram em 2023 em motociclos, mais 19% do que em 2022, segundo dados da DGT- Dire\u00e7\u00e3o Geral dos Transportes. Para travar estes n\u00fameros, a <a href=\"https:\/\/www.fundacionmapfre.org\/\">Fundaci\u00f3n MAPFRE<\/a>, apresentou um colete airbag, da marca <a href=\"https:\/\/aspar-airbag.es\/\">Aspar Air,<\/a> um sistema de seguran\u00e7a que representa um grande avan\u00e7o na seguran\u00e7a passiva do condutor e passageiro do motociclo.<\/p>\n<p>Segundo as conclus\u00f5es do relat\u00f3rio de &#8216;Ergonomia e sensa\u00e7\u00f5es na utiliza\u00e7\u00e3o de airbags para motociclistas&#8217;, que contou com a participa\u00e7\u00e3o de 83 condutores, 6 em cada 10 que utilizaram o colete airbag nas suas viagens, revelaram uma maior sensa\u00e7\u00e3o de seguran\u00e7a (66%), principalmente para maiores de 50 anos (70%) e utilizadores de megascooters (86%), motociclos com maior cilindrada.<\/p>\n<p>Sob o olhar atento de todos os presentes, inclusive do Jornal das Oficinas, a Fundaci\u00f3n MAPFRE, realizou um crash test, a 40km\/h, entre uma mota e um autom\u00f3vel, que demonstram os resultados da investiga\u00e7\u00e3o e revelam o impacto que um acidente, real, desta dimens\u00e3o pode ter na vida humana.<\/p>\n<p>Nesta situa\u00e7\u00e3o de teste, ambos os manequins estavam equipados com colete airbag Aspar Air, o condutor com o modelo 0,5 (270 euros) e o passageiro com o 1,0 (425 euros), que funcionaram com um sistema de acionamento mec\u00e2nico com cabo, o que permitiu, no momento em que existiu o embate e que o motociclo caiu, a fita que une ao colete do motociclista desprendeu-se e acionou uma mola que movimentou a agulha de disparo, perfurando o cartucho de g\u00e1s, que por sua vez, encheu o airbag em menos de 200 milissegundos (menos que um piscar de olhos).<\/p>\n<p>Este mecanismo permitiu aos ocupantes protegerem o t\u00f3rax, costas, c\u00f3ccix, pesco\u00e7o e nuca. O que num acidente real poder\u00e1 ser determinante.<\/p>\n<p>O relat\u00f3rio indica que, como existem diversas \u00e1reas do corpo que podem ser protegidas, aquelas que o fabricante do airbag especifica como protegidas devem ser cobertas pelo airbag quando este estiver totalmente inflado e deve cobrir pelo menos uma das \u00e1reas de prote\u00e7\u00e3o espec\u00edficas descritas. O tempo estipulado durante o qual o airbag deve permanecer insuflado n\u00e3o deve ser inferior a 5 segundos. Os airbags para motociclos aprovados possuem a etiqueta de aprova\u00e7\u00e3o correspondente no seu interior. Da mesma forma, o estudo ressalta que para um airbag funcionar corretamente deve estar devidamente ajustado e o sistema de ajuste n\u00e3o deve causar desconforto ou dificultar a respira\u00e7\u00e3o. Al\u00e9m disso, o motociclista deve ser capaz de subir e descer do motociclo com facilidade, virar a cabe\u00e7a e o tronco para os dois lados quando estiver sentado no motociclo, e tudo isso sem press\u00e3o.<\/p>\n<p>A Fundaci\u00f3n MAPFRE chegou a outras conclus\u00f5es relevantes, como a de que existe um certo desconhecimento por parte dos motoristas entrevistados sobre as carater\u00edsticas e aplica\u00e7\u00f5es deste sistema de seguran\u00e7a, raz\u00e3o pela qual Jes\u00fas Moncl\u00fas, diretor de Vial de Preven\u00e7\u00e3o e Seguran\u00e7a da Fundaci\u00f3n MAPFRE, acredita que \u201c\u00e9 fundamental melhorar a informa\u00e7\u00e3o, tanto para amadores como para profissionais que utilizam motociclos como ferramenta de trabalho e como forma de chegar ao trabalho. As empresas devem consider\u00e1-lo como equipamento b\u00e1sico de prote\u00e7\u00e3o individual para os seus trabalhadores. A probabilidade de sofrer les\u00f5es graves \u00e9 reduzida em at\u00e9 22% com o uso do airbag do motociclista.\u201d<\/p>\n<p>O Diretor de Preven\u00e7\u00e3o e Seguran\u00e7a Vi\u00e1ria da Fundaci\u00f3n MAPFRE tamb\u00e9m se referiu ao fato de que 60% dos acidentes com motociclos ocorrem a uma velocidade inferior a 40 km\/h, velocidade at\u00e9 a qual o airbag \u00e9 eficaz neste tipo de ve\u00edculo; e que 23% dos ocupantes est\u00e3o pior equipados que o condutor, principalmente os ocasionais e os que circulam na cidade.<\/p>\n<p>Neste sentido, e como resultado das conclus\u00f5es do estudo, Jes\u00fas Moncl\u00fas sublinhou tamb\u00e9m a import\u00e2ncia de que \u201ca legisla\u00e7\u00e3o deve culminar na regulamenta\u00e7\u00e3o completa de qualquer tipo de sistema de airbag e ajustar ao m\u00e1ximo os seus pre\u00e7os para promover a sua aquisi\u00e7\u00e3o, pensando, em particular, nos motociclistas com menor poder aquisitivo&#8221;, bem como na necessidade dos fabricantes de motociclos \u201ccontinuarem o seu envolvimento no apoio \u00e0 utiliza\u00e7\u00e3o deste sistema, de aplica\u00e7\u00e3o direta a qualquer tipo de motociclista, independentemente do motociclo que conduz, e tendo em conta as especificidades do design ergon\u00f3mico para homens e mulheres, adaptando-se \u00e0 sua morfologia e usabilidade no caso de determinados grupos profissionais\u201d.<\/p>\n<div class=\"wonderplugingallery-container\" id=\"wonderplugingallery-container-197\" style=\"max-width:960px;margin:0 auto;\"><div class=\"wonderplugingallery\" id=\"wonderplugingallery-197\" data-galleryid=\"197\" data-width=\"960\" data-height=\"540\" data-skin=\"gallery\" data-playsinline=\"false\" data-mutevideo=\"false\" data-random=\"false\" data-autoslide=\"false\" data-autoplayvideo=\"false\" data-schemamarkup=\"false\" data-stopallplaying=\"false\" data-reloadonvideoend=\"false\" data-donotuseposter=\"false\" data-enabletabindex=\"false\" data-loadnextonvideoend=\"false\" data-hidetitlewhenvideoisplaying=\"false\" data-disablehovereventontouch=\"false\" data-autoslideandplayafterfirstplayed=\"false\" data-html5player=\"true\" data-responsive=\"true\" data-fullwidth=\"false\" data-showtitle=\"true\" data-showdescription=\"true\" data-showplaybutton=\"true\" data-showfullscreenbutton=\"true\" data-showtimer=\"true\" data-showcarousel=\"true\" data-galleryshadow=\"false\" data-slideshadow=\"true\" data-thumbshowtitle=\"false\" data-thumbshowimage=\"true\" data-thumbshadow=\"true\" data-lightboxshowtitle=\"true\" data-lightboxshowdescription=\"true\" data-specifyid=\"true\" data-donotinit=\"false\" data-addinitscript=\"false\" data-triggerresize=\"false\" data-thumbcolumnsresponsive=\"false\" data-thumbverticalmiddle=\"true\" data-removeinlinecss=\"true\" data-switchonmouseover=\"false\" data-showcategory=\"true\" data-carouselpagination=\"false\" data-showimgtitle=\"false\" data-titlesmallscreen=\"false\" data-initsocial=\"true\" data-showsocial=\"false\" data-showemail=\"false\" data-showfacebook=\"true\" data-showtwitter=\"true\" data-showpinterest=\"true\" data-socialrotateeffect=\"true\" data-doshortcodeontext=\"false\" data-loop=\"0\" data-duration=\"1500\" data-slideduration=\"1000\" data-slideshowinterval=\"6000\" data-googleanalyticsaccount=\"\" data-ga4account=\"\" data-resizemode=\"fill\" data-imagetoolboxmode=\"mouseover\" data-effect=\"fade\" data-padding=\"12\" data-bgcolor=\"\" data-bgimage=\"\" data-thumbwidth=\"120\" data-thumbheight=\"60\" data-thumbgap=\"8\" data-thumbrowgap=\"16\" data-lightboxtextheight=\"72\" data-lightboxtitlecss=\"{color:#333333; font:bold 12px Arial,Helvetica,sans-serif; overflow:hidden; white-space:normal; line-height:18px;}\" data-lightboxdescriptioncss=\"{color:#333333; font:normal 12px Arial,Helvetica,sans-serif; overflow:hidden; white-space:normal; line-height:14px;}\" data-titlecss=\"{color:#ffffff; font-size:14px; font-family:Armata, sans-serif, Arial; overflow:hidden; text-align:left; padding:10px 0px 10px 10px; background:rgb(102, 102, 102) transparent; background:rgba(102, 102, 102, 0.6);}\" data-descriptioncss=\"{color:#ffffff; font-size:13px; font-family:Armata, sans-serif, Arial; overflow:hidden; text-align:left; padding:0px 0px 10px 10px; background:rgb(102, 102, 102) transparent; background:rgba(102, 102, 102, 0.6);}\" data-titleheight=\"72\" data-titlesmallscreenwidth=\"640\" data-titleheightsmallscreen=\"148\" data-socialmode=\"mouseover\" data-socialposition=\"position:absolute;top:8px;right:8px;\" data-socialpositionlightbox=\"position:absolute;top:8px;right:8px;\" data-socialdirection=\"horizontal\" data-socialbuttonsize=\"32\" data-socialbuttonfontsize=\"18\" data-defaultvideovolume=\"1\" data-thumbtitleheight=\"24\" data-thumbmediumtitleheight=\"48\" data-thumbsmalltitleheight=\"72\" data-categoryheight=\"48\" data-categorydefault=\"all\" data-triggerresizedelay=\"100\" data-thumbmediumsize=\"800\" data-thumbsmallsize=\"480\" data-thumbmediumwidth=\"64\" data-thumbmediumheight=\"64\" data-thumbsmallwidth=\"48\" data-thumbsmallheight=\"48\" data-imgtitle=\"title\" data-carouselpaginationrow=\"3\" data-categorystyle=\"dropdown\" data-categorylist=\"[{&quot;slug&quot;:&quot;all&quot;,&quot;caption&quot;:&quot;Show All&quot;}]\" data-jsfolder=\"https:\/\/jornaldasoficinas.com\/pt\/wp-content\/plugins\/wonderplugin-gallery\/engine\/\" style=\"display:none;\" ><a class=\"html5galleryimglink\" href=\"https:\/\/jornaldasoficinas.com\/pt\/wp-content\/uploads\/2024\/05\/Fundacion-MAPFRE-desenvolve-colete\/DSC0066.jpg\" data-mediatype=1><img decoding=\"async\" class=\"html5galleryimg html5gallery-tn-image\" src=\"https:\/\/jornaldasoficinas.com\/pt\/wp-content\/uploads\/2024\/05\/Fundacion-MAPFRE-desenvolve-colete\/DSC0066.jpg\" alt=\"\"><\/a><div class=\"html5gallery-info\"><\/div><a class=\"html5galleryimglink\" href=\"https:\/\/jornaldasoficinas.com\/pt\/wp-content\/uploads\/2024\/05\/Fundacion-MAPFRE-desenvolve-colete\/DSC0070.jpg\" data-mediatype=1><img decoding=\"async\" class=\"html5galleryimg html5gallery-tn-image\" src=\"https:\/\/jornaldasoficinas.com\/pt\/wp-content\/uploads\/2024\/05\/Fundacion-MAPFRE-desenvolve-colete\/DSC0070.jpg\" alt=\"\"><\/a><div class=\"html5gallery-info\"><\/div><a class=\"html5galleryimglink\" href=\"https:\/\/jornaldasoficinas.com\/pt\/wp-content\/uploads\/2024\/05\/Fundacion-MAPFRE-desenvolve-colete\/DSC0074.jpg\" data-mediatype=1><img decoding=\"async\" class=\"html5galleryimg html5gallery-tn-image\" src=\"https:\/\/jornaldasoficinas.com\/pt\/wp-content\/uploads\/2024\/05\/Fundacion-MAPFRE-desenvolve-colete\/DSC0074.jpg\" alt=\"\"><\/a><div class=\"html5gallery-info\"><\/div><a class=\"html5galleryimglink\" href=\"https:\/\/jornaldasoficinas.com\/pt\/wp-content\/uploads\/2024\/05\/Fundacion-MAPFRE-desenvolve-colete\/DSC0077.jpg\" data-mediatype=1><img decoding=\"async\" class=\"html5galleryimg html5gallery-tn-image\" src=\"https:\/\/jornaldasoficinas.com\/pt\/wp-content\/uploads\/2024\/05\/Fundacion-MAPFRE-desenvolve-colete\/DSC0077.jpg\" alt=\"\"><\/a><div class=\"html5gallery-info\"><\/div><a class=\"html5galleryimglink\" href=\"https:\/\/jornaldasoficinas.com\/pt\/wp-content\/uploads\/2024\/05\/Fundacion-MAPFRE-desenvolve-colete\/DSC0084.jpg\" data-mediatype=1><img decoding=\"async\" class=\"html5galleryimg html5gallery-tn-image\" src=\"https:\/\/jornaldasoficinas.com\/pt\/wp-content\/uploads\/2024\/05\/Fundacion-MAPFRE-desenvolve-colete\/DSC0084.jpg\" alt=\"\"><\/a><div class=\"html5gallery-info\"><\/div><a class=\"html5galleryimglink\" href=\"https:\/\/jornaldasoficinas.com\/pt\/wp-content\/uploads\/2024\/05\/Fundacion-MAPFRE-desenvolve-colete\/DSC0104.jpg\" data-mediatype=1><img decoding=\"async\" class=\"html5galleryimg html5gallery-tn-image\" src=\"https:\/\/jornaldasoficinas.com\/pt\/wp-content\/uploads\/2024\/05\/Fundacion-MAPFRE-desenvolve-colete\/DSC0104.jpg\" alt=\"\"><\/a><div class=\"html5gallery-info\"><\/div><\/div><\/div><script>function wondergallery_197_appendcss(csscode) {var head=document.head || document.getElementsByTagName(\"head\")[0];var style=document.createElement(\"style\");head.appendChild(style);style.type=\"text\/css\";if (style.styleSheet){style.styleSheet.cssText=csscode;} else {style.appendChild(document.createTextNode(csscode));}};wondergallery_197_appendcss(\"#wonderplugingallery-197 .html5gallery-cat-selection-197 { \tbox-sizing: border-box; \ttext-align: center; }  #wonderplugingallery-197 .html5gallery-cat-selection-197 select { \tbox-sizing: border-box; \tmargin: 4px auto; }\");<\/script>\n<p>&nbsp;<\/p>\n","protected":false},"excerpt":{"rendered":"<p>O Jornal das Oficinas, esteve em&#8230;<\/p>\n","protected":false},"author":15,"featured_media":84545,"comment_status":"closed","ping_status":"closed","sticky":false,"template":"","format":"standard","meta":{"footnotes":""},"categories":[29],"tags":[8795,9027,9024,738,9025,9026,9023,9031,2960,9029,1751,9028,9030,3990],"class_list":["post-84537","post","type-post","status-publish","format-standard","has-post-thumbnail","hentry","category-empresas","tag-airbag","tag-airbags-para-motociclistas","tag-aspar-air","tag-cesvimap","tag-colete-airbag","tag-crash-test","tag-fundacion-mapfre","tag-jesus-monclus","tag-mapfre","tag-motociclistas","tag-motociclos","tag-piloto-e-acompanhante","tag-resultados-relatorio","tag-seguranca"],"yoast_head":"<!-- This site is optimized with the Yoast SEO plugin v27.4 - https:\/\/yoast.com\/product\/yoast-seo-wordpress\/ -->\n<title>Fundaci\u00f3n MAPFRE desenvolve colete \u00e0 prova de vida - Jornal das Oficinas<\/title>\n<meta name=\"description\" content=\"Fundaci\u00f3n MAPFRE realiza crash test a 40 km\/h entre uma mota e um autom\u00f3vel para apresentar o novo colete airbag Aspar Air\" \/>\n<meta name=\"robots\" content=\"index, follow, max-snippet:-1, max-image-preview:large, max-video-preview:-1\" \/>\n<link rel=\"canonical\" href=\"https:\/\/jornaldasoficinas.com\/pt\/fundacion-mapfre-desenvolve-colete-a-prova-de-vida\/\" \/>\n<meta property=\"og:locale\" content=\"pt_PT\" \/>\n<meta property=\"og:type\" content=\"article\" \/>\n<meta property=\"og:title\" content=\"Fundaci\u00f3n MAPFRE desenvolve colete \u00e0 prova de vida - Jornal das Oficinas\" \/>\n<meta property=\"og:description\" content=\"Fundaci\u00f3n MAPFRE realiza crash test a 40 km\/h entre uma mota e um autom\u00f3vel para apresentar o novo colete airbag Aspar Air\" \/>\n<meta property=\"og:url\" content=\"https:\/\/jornaldasoficinas.com\/pt\/fundacion-mapfre-desenvolve-colete-a-prova-de-vida\/\" \/>\n<meta property=\"og:site_name\" content=\"Jornal das Oficinas\" \/>\n<meta property=\"article:publisher\" content=\"https:\/\/www.facebook.com\/jornaloficinas\" \/>\n<meta property=\"article:published_time\" content=\"2024-05-10T17:30:09+00:00\" \/>\n<meta property=\"og:image\" content=\"https:\/\/jornaldasoficinas.com\/pt\/wp-content\/uploads\/2024\/05\/Fundacion-MAPFRE-desenvolve-colete-a-prova-de-vida.jpg\" \/>\n\t<meta property=\"og:image:width\" content=\"1024\" \/>\n\t<meta property=\"og:image:height\" content=\"581\" \/>\n\t<meta property=\"og:image:type\" content=\"image\/jpeg\" \/>\n<meta name=\"author\" content=\"Reda\u00e7\u00e3o JO\" \/>\n<meta name=\"twitter:card\" content=\"summary_large_image\" \/>\n<meta name=\"twitter:creator\" content=\"@jornaloficinas\" \/>\n<meta name=\"twitter:site\" content=\"@jornaloficinas\" \/>\n<meta name=\"twitter:label1\" content=\"Escrito por\" \/>\n\t<meta name=\"twitter:data1\" content=\"Reda\u00e7\u00e3o JO\" \/>\n\t<meta name=\"twitter:label2\" content=\"Tempo estimado de leitura\" \/>\n\t<meta name=\"twitter:data2\" content=\"5 minutos\" \/>\n<script type=\"application\/ld+json\" class=\"yoast-schema-graph\">{\"@context\":\"https:\\\/\\\/schema.org\",\"@graph\":[{\"@type\":\"Article\",\"@id\":\"https:\\\/\\\/jornaldasoficinas.com\\\/pt\\\/fundacion-mapfre-desenvolve-colete-a-prova-de-vida\\\/#article\",\"isPartOf\":{\"@id\":\"https:\\\/\\\/jornaldasoficinas.com\\\/pt\\\/fundacion-mapfre-desenvolve-colete-a-prova-de-vida\\\/\"},\"author\":{\"name\":\"Reda\u00e7\u00e3o JO\",\"@id\":\"https:\\\/\\\/jornaldasoficinas.com\\\/pt\\\/#\\\/schema\\\/person\\\/a38eef5de2c41d9e7c9ac10141afddf3\"},\"headline\":\"Fundaci\u00f3n MAPFRE desenvolve colete \u00e0 prova de vida\",\"datePublished\":\"2024-05-10T17:30:09+00:00\",\"mainEntityOfPage\":{\"@id\":\"https:\\\/\\\/jornaldasoficinas.com\\\/pt\\\/fundacion-mapfre-desenvolve-colete-a-prova-de-vida\\\/\"},\"wordCount\":846,\"publisher\":{\"@id\":\"https:\\\/\\\/jornaldasoficinas.com\\\/pt\\\/#organization\"},\"image\":{\"@id\":\"https:\\\/\\\/jornaldasoficinas.com\\\/pt\\\/fundacion-mapfre-desenvolve-colete-a-prova-de-vida\\\/#primaryimage\"},\"thumbnailUrl\":\"https:\\\/\\\/jornaldasoficinas.com\\\/pt\\\/wp-content\\\/uploads\\\/2024\\\/05\\\/Fundacion-MAPFRE-desenvolve-colete-a-prova-de-vida.jpg\",\"keywords\":[\"airbag\",\"airbags para motociclistas\",\"Aspar Air\",\"CESVIMAP\",\"colete airbag\",\"crash test\",\"Fundaci\u00f3n MAPFRE\",\"Jes\u00fas Moncl\u00fas\",\"MAPFRE\",\"motociclistas\",\"Motociclos\",\"piloto e acompanhante\",\"resultados relat\u00f3rio\",\"Seguran\u00e7a\"],\"articleSection\":[\"Empresas\"],\"inLanguage\":\"pt-PT\"},{\"@type\":\"WebPage\",\"@id\":\"https:\\\/\\\/jornaldasoficinas.com\\\/pt\\\/fundacion-mapfre-desenvolve-colete-a-prova-de-vida\\\/\",\"url\":\"https:\\\/\\\/jornaldasoficinas.com\\\/pt\\\/fundacion-mapfre-desenvolve-colete-a-prova-de-vida\\\/\",\"name\":\"Fundaci\u00f3n MAPFRE desenvolve colete \u00e0 prova de vida - Jornal das Oficinas\",\"isPartOf\":{\"@id\":\"https:\\\/\\\/jornaldasoficinas.com\\\/pt\\\/#website\"},\"primaryImageOfPage\":{\"@id\":\"https:\\\/\\\/jornaldasoficinas.com\\\/pt\\\/fundacion-mapfre-desenvolve-colete-a-prova-de-vida\\\/#primaryimage\"},\"image\":{\"@id\":\"https:\\\/\\\/jornaldasoficinas.com\\\/pt\\\/fundacion-mapfre-desenvolve-colete-a-prova-de-vida\\\/#primaryimage\"},\"thumbnailUrl\":\"https:\\\/\\\/jornaldasoficinas.com\\\/pt\\\/wp-content\\\/uploads\\\/2024\\\/05\\\/Fundacion-MAPFRE-desenvolve-colete-a-prova-de-vida.jpg\",\"datePublished\":\"2024-05-10T17:30:09+00:00\",\"description\":\"Fundaci\u00f3n MAPFRE realiza crash test a 40 km\\\/h entre uma mota e um autom\u00f3vel para apresentar o novo colete airbag Aspar Air\",\"breadcrumb\":{\"@id\":\"https:\\\/\\\/jornaldasoficinas.com\\\/pt\\\/fundacion-mapfre-desenvolve-colete-a-prova-de-vida\\\/#breadcrumb\"},\"inLanguage\":\"pt-PT\",\"potentialAction\":[{\"@type\":\"ReadAction\",\"target\":[\"https:\\\/\\\/jornaldasoficinas.com\\\/pt\\\/fundacion-mapfre-desenvolve-colete-a-prova-de-vida\\\/\"]}]},{\"@type\":\"ImageObject\",\"inLanguage\":\"pt-PT\",\"@id\":\"https:\\\/\\\/jornaldasoficinas.com\\\/pt\\\/fundacion-mapfre-desenvolve-colete-a-prova-de-vida\\\/#primaryimage\",\"url\":\"https:\\\/\\\/jornaldasoficinas.com\\\/pt\\\/wp-content\\\/uploads\\\/2024\\\/05\\\/Fundacion-MAPFRE-desenvolve-colete-a-prova-de-vida.jpg\",\"contentUrl\":\"https:\\\/\\\/jornaldasoficinas.com\\\/pt\\\/wp-content\\\/uploads\\\/2024\\\/05\\\/Fundacion-MAPFRE-desenvolve-colete-a-prova-de-vida.jpg\",\"width\":1024,\"height\":581,\"caption\":\"05 - Fundacion MAPFRE desenvolve colete a prova de vida\"},{\"@type\":\"BreadcrumbList\",\"@id\":\"https:\\\/\\\/jornaldasoficinas.com\\\/pt\\\/fundacion-mapfre-desenvolve-colete-a-prova-de-vida\\\/#breadcrumb\",\"itemListElement\":[{\"@type\":\"ListItem\",\"position\":1,\"name\":\"In\u00edcio\",\"item\":\"https:\\\/\\\/jornaldasoficinas.com\\\/pt\\\/\"},{\"@type\":\"ListItem\",\"position\":2,\"name\":\"Fundaci\u00f3n MAPFRE desenvolve colete \u00e0 prova de vida\"}]},{\"@type\":\"WebSite\",\"@id\":\"https:\\\/\\\/jornaldasoficinas.com\\\/pt\\\/#website\",\"url\":\"https:\\\/\\\/jornaldasoficinas.com\\\/pt\\\/\",\"name\":\"Jornal das Oficinas\",\"description\":\"Jornal independente do Aftermarket Autom\u00f3vel em Portugal\",\"publisher\":{\"@id\":\"https:\\\/\\\/jornaldasoficinas.com\\\/pt\\\/#organization\"},\"potentialAction\":[{\"@type\":\"SearchAction\",\"target\":{\"@type\":\"EntryPoint\",\"urlTemplate\":\"https:\\\/\\\/jornaldasoficinas.com\\\/pt\\\/?s={search_term_string}\"},\"query-input\":{\"@type\":\"PropertyValueSpecification\",\"valueRequired\":true,\"valueName\":\"search_term_string\"}}],\"inLanguage\":\"pt-PT\"},{\"@type\":\"Organization\",\"@id\":\"https:\\\/\\\/jornaldasoficinas.com\\\/pt\\\/#organization\",\"name\":\"Jornal das Oficinas\",\"url\":\"https:\\\/\\\/jornaldasoficinas.com\\\/pt\\\/\",\"logo\":{\"@type\":\"ImageObject\",\"inLanguage\":\"pt-PT\",\"@id\":\"https:\\\/\\\/jornaldasoficinas.com\\\/pt\\\/#\\\/schema\\\/logo\\\/image\\\/\",\"url\":\"https:\\\/\\\/jornaldasoficinas.com\\\/pt\\\/wp-content\\\/uploads\\\/logoJO-SEO.png\",\"contentUrl\":\"https:\\\/\\\/jornaldasoficinas.com\\\/pt\\\/wp-content\\\/uploads\\\/logoJO-SEO.png\",\"width\":285,\"height\":450,\"caption\":\"Jornal das Oficinas\"},\"image\":{\"@id\":\"https:\\\/\\\/jornaldasoficinas.com\\\/pt\\\/#\\\/schema\\\/logo\\\/image\\\/\"},\"sameAs\":[\"https:\\\/\\\/www.facebook.com\\\/jornaloficinas\",\"https:\\\/\\\/x.com\\\/jornaloficinas\",\"https:\\\/\\\/www.instagram.com\\\/jornal_oficinas\\\/\",\"https:\\\/\\\/www.linkedin.com\\\/company\\\/jornal-das-oficinas\\\/\",\"https:\\\/\\\/www.youtube.com\\\/channel\\\/UCbQZBqtcvV-oSQrr7RzINGg\"]},{\"@type\":\"Person\",\"@id\":\"https:\\\/\\\/jornaldasoficinas.com\\\/pt\\\/#\\\/schema\\\/person\\\/a38eef5de2c41d9e7c9ac10141afddf3\",\"name\":\"Reda\u00e7\u00e3o JO\",\"image\":{\"@type\":\"ImageObject\",\"inLanguage\":\"pt-PT\",\"@id\":\"https:\\\/\\\/secure.gravatar.com\\\/avatar\\\/71f2fa71737ad68a84fea94bc708ddac8ea5b0c4788dc2ad202f3ccb2887742f?s=96&d=wp_user_avatar&r=g\",\"url\":\"https:\\\/\\\/secure.gravatar.com\\\/avatar\\\/71f2fa71737ad68a84fea94bc708ddac8ea5b0c4788dc2ad202f3ccb2887742f?s=96&d=wp_user_avatar&r=g\",\"contentUrl\":\"https:\\\/\\\/secure.gravatar.com\\\/avatar\\\/71f2fa71737ad68a84fea94bc708ddac8ea5b0c4788dc2ad202f3ccb2887742f?s=96&d=wp_user_avatar&r=g\",\"caption\":\"Reda\u00e7\u00e3o JO\"},\"url\":\"https:\\\/\\\/jornaldasoficinas.com\\\/pt\\\/author\\\/joredacao\\\/\"}]}<\/script>\n<!-- \/ Yoast SEO plugin. -->","yoast_head_json":{"title":"Fundaci\u00f3n MAPFRE desenvolve colete \u00e0 prova de vida - Jornal das Oficinas","description":"Fundaci\u00f3n MAPFRE realiza crash test a 40 km\/h entre uma mota e um autom\u00f3vel para apresentar o novo colete airbag Aspar Air","robots":{"index":"index","follow":"follow","max-snippet":"max-snippet:-1","max-image-preview":"max-image-preview:large","max-video-preview":"max-video-preview:-1"},"canonical":"https:\/\/jornaldasoficinas.com\/pt\/fundacion-mapfre-desenvolve-colete-a-prova-de-vida\/","og_locale":"pt_PT","og_type":"article","og_title":"Fundaci\u00f3n MAPFRE desenvolve colete \u00e0 prova de vida - Jornal das Oficinas","og_description":"Fundaci\u00f3n MAPFRE realiza crash test a 40 km\/h entre uma mota e um autom\u00f3vel para apresentar o novo colete airbag Aspar Air","og_url":"https:\/\/jornaldasoficinas.com\/pt\/fundacion-mapfre-desenvolve-colete-a-prova-de-vida\/","og_site_name":"Jornal das Oficinas","article_publisher":"https:\/\/www.facebook.com\/jornaloficinas","article_published_time":"2024-05-10T17:30:09+00:00","og_image":[{"width":1024,"height":581,"url":"https:\/\/jornaldasoficinas.com\/pt\/wp-content\/uploads\/2024\/05\/Fundacion-MAPFRE-desenvolve-colete-a-prova-de-vida.jpg","type":"image\/jpeg"}],"author":"Reda\u00e7\u00e3o JO","twitter_card":"summary_large_image","twitter_creator":"@jornaloficinas","twitter_site":"@jornaloficinas","twitter_misc":{"Escrito por":"Reda\u00e7\u00e3o JO","Tempo estimado de leitura":"5 minutos"},"schema":{"@context":"https:\/\/schema.org","@graph":[{"@type":"Article","@id":"https:\/\/jornaldasoficinas.com\/pt\/fundacion-mapfre-desenvolve-colete-a-prova-de-vida\/#article","isPartOf":{"@id":"https:\/\/jornaldasoficinas.com\/pt\/fundacion-mapfre-desenvolve-colete-a-prova-de-vida\/"},"author":{"name":"Reda\u00e7\u00e3o JO","@id":"https:\/\/jornaldasoficinas.com\/pt\/#\/schema\/person\/a38eef5de2c41d9e7c9ac10141afddf3"},"headline":"Fundaci\u00f3n MAPFRE desenvolve colete \u00e0 prova de vida","datePublished":"2024-05-10T17:30:09+00:00","mainEntityOfPage":{"@id":"https:\/\/jornaldasoficinas.com\/pt\/fundacion-mapfre-desenvolve-colete-a-prova-de-vida\/"},"wordCount":846,"publisher":{"@id":"https:\/\/jornaldasoficinas.com\/pt\/#organization"},"image":{"@id":"https:\/\/jornaldasoficinas.com\/pt\/fundacion-mapfre-desenvolve-colete-a-prova-de-vida\/#primaryimage"},"thumbnailUrl":"https:\/\/jornaldasoficinas.com\/pt\/wp-content\/uploads\/2024\/05\/Fundacion-MAPFRE-desenvolve-colete-a-prova-de-vida.jpg","keywords":["airbag","airbags para motociclistas","Aspar Air","CESVIMAP","colete airbag","crash test","Fundaci\u00f3n MAPFRE","Jes\u00fas Moncl\u00fas","MAPFRE","motociclistas","Motociclos","piloto e acompanhante","resultados relat\u00f3rio","Seguran\u00e7a"],"articleSection":["Empresas"],"inLanguage":"pt-PT"},{"@type":"WebPage","@id":"https:\/\/jornaldasoficinas.com\/pt\/fundacion-mapfre-desenvolve-colete-a-prova-de-vida\/","url":"https:\/\/jornaldasoficinas.com\/pt\/fundacion-mapfre-desenvolve-colete-a-prova-de-vida\/","name":"Fundaci\u00f3n MAPFRE desenvolve colete \u00e0 prova de vida - Jornal das Oficinas","isPartOf":{"@id":"https:\/\/jornaldasoficinas.com\/pt\/#website"},"primaryImageOfPage":{"@id":"https:\/\/jornaldasoficinas.com\/pt\/fundacion-mapfre-desenvolve-colete-a-prova-de-vida\/#primaryimage"},"image":{"@id":"https:\/\/jornaldasoficinas.com\/pt\/fundacion-mapfre-desenvolve-colete-a-prova-de-vida\/#primaryimage"},"thumbnailUrl":"https:\/\/jornaldasoficinas.com\/pt\/wp-content\/uploads\/2024\/05\/Fundacion-MAPFRE-desenvolve-colete-a-prova-de-vida.jpg","datePublished":"2024-05-10T17:30:09+00:00","description":"Fundaci\u00f3n MAPFRE realiza crash test a 40 km\/h entre uma mota e um autom\u00f3vel para apresentar o novo colete airbag Aspar Air","breadcrumb":{"@id":"https:\/\/jornaldasoficinas.com\/pt\/fundacion-mapfre-desenvolve-colete-a-prova-de-vida\/#breadcrumb"},"inLanguage":"pt-PT","potentialAction":[{"@type":"ReadAction","target":["https:\/\/jornaldasoficinas.com\/pt\/fundacion-mapfre-desenvolve-colete-a-prova-de-vida\/"]}]},{"@type":"ImageObject","inLanguage":"pt-PT","@id":"https:\/\/jornaldasoficinas.com\/pt\/fundacion-mapfre-desenvolve-colete-a-prova-de-vida\/#primaryimage","url":"https:\/\/jornaldasoficinas.com\/pt\/wp-content\/uploads\/2024\/05\/Fundacion-MAPFRE-desenvolve-colete-a-prova-de-vida.jpg","contentUrl":"https:\/\/jornaldasoficinas.com\/pt\/wp-content\/uploads\/2024\/05\/Fundacion-MAPFRE-desenvolve-colete-a-prova-de-vida.jpg","width":1024,"height":581,"caption":"05 - Fundacion MAPFRE desenvolve colete a prova de vida"},{"@type":"BreadcrumbList","@id":"https:\/\/jornaldasoficinas.com\/pt\/fundacion-mapfre-desenvolve-colete-a-prova-de-vida\/#breadcrumb","itemListElement":[{"@type":"ListItem","position":1,"name":"In\u00edcio","item":"https:\/\/jornaldasoficinas.com\/pt\/"},{"@type":"ListItem","position":2,"name":"Fundaci\u00f3n MAPFRE desenvolve colete \u00e0 prova de vida"}]},{"@type":"WebSite","@id":"https:\/\/jornaldasoficinas.com\/pt\/#website","url":"https:\/\/jornaldasoficinas.com\/pt\/","name":"Jornal das Oficinas","description":"Jornal independente do Aftermarket Autom\u00f3vel em Portugal","publisher":{"@id":"https:\/\/jornaldasoficinas.com\/pt\/#organization"},"potentialAction":[{"@type":"SearchAction","target":{"@type":"EntryPoint","urlTemplate":"https:\/\/jornaldasoficinas.com\/pt\/?s={search_term_string}"},"query-input":{"@type":"PropertyValueSpecification","valueRequired":true,"valueName":"search_term_string"}}],"inLanguage":"pt-PT"},{"@type":"Organization","@id":"https:\/\/jornaldasoficinas.com\/pt\/#organization","name":"Jornal das Oficinas","url":"https:\/\/jornaldasoficinas.com\/pt\/","logo":{"@type":"ImageObject","inLanguage":"pt-PT","@id":"https:\/\/jornaldasoficinas.com\/pt\/#\/schema\/logo\/image\/","url":"https:\/\/jornaldasoficinas.com\/pt\/wp-content\/uploads\/logoJO-SEO.png","contentUrl":"https:\/\/jornaldasoficinas.com\/pt\/wp-content\/uploads\/logoJO-SEO.png","width":285,"height":450,"caption":"Jornal das Oficinas"},"image":{"@id":"https:\/\/jornaldasoficinas.com\/pt\/#\/schema\/logo\/image\/"},"sameAs":["https:\/\/www.facebook.com\/jornaloficinas","https:\/\/x.com\/jornaloficinas","https:\/\/www.instagram.com\/jornal_oficinas\/","https:\/\/www.linkedin.com\/company\/jornal-das-oficinas\/","https:\/\/www.youtube.com\/channel\/UCbQZBqtcvV-oSQrr7RzINGg"]},{"@type":"Person","@id":"https:\/\/jornaldasoficinas.com\/pt\/#\/schema\/person\/a38eef5de2c41d9e7c9ac10141afddf3","name":"Reda\u00e7\u00e3o JO","image":{"@type":"ImageObject","inLanguage":"pt-PT","@id":"https:\/\/secure.gravatar.com\/avatar\/71f2fa71737ad68a84fea94bc708ddac8ea5b0c4788dc2ad202f3ccb2887742f?s=96&d=wp_user_avatar&r=g","url":"https:\/\/secure.gravatar.com\/avatar\/71f2fa71737ad68a84fea94bc708ddac8ea5b0c4788dc2ad202f3ccb2887742f?s=96&d=wp_user_avatar&r=g","contentUrl":"https:\/\/secure.gravatar.com\/avatar\/71f2fa71737ad68a84fea94bc708ddac8ea5b0c4788dc2ad202f3ccb2887742f?s=96&d=wp_user_avatar&r=g","caption":"Reda\u00e7\u00e3o JO"},"url":"https:\/\/jornaldasoficinas.com\/pt\/author\/joredacao\/"}]}},"_links":{"self":[{"href":"https:\/\/jornaldasoficinas.com\/pt\/wp-json\/wp\/v2\/posts\/84537","targetHints":{"allow":["GET"]}}],"collection":[{"href":"https:\/\/jornaldasoficinas.com\/pt\/wp-json\/wp\/v2\/posts"}],"about":[{"href":"https:\/\/jornaldasoficinas.com\/pt\/wp-json\/wp\/v2\/types\/post"}],"author":[{"embeddable":true,"href":"https:\/\/jornaldasoficinas.com\/pt\/wp-json\/wp\/v2\/users\/15"}],"replies":[{"embeddable":true,"href":"https:\/\/jornaldasoficinas.com\/pt\/wp-json\/wp\/v2\/comments?post=84537"}],"version-history":[{"count":0,"href":"https:\/\/jornaldasoficinas.com\/pt\/wp-json\/wp\/v2\/posts\/84537\/revisions"}],"wp:featuredmedia":[{"embeddable":true,"href":"https:\/\/jornaldasoficinas.com\/pt\/wp-json\/wp\/v2\/media\/84545"}],"wp:attachment":[{"href":"https:\/\/jornaldasoficinas.com\/pt\/wp-json\/wp\/v2\/media?parent=84537"}],"wp:term":[{"taxonomy":"category","embeddable":true,"href":"https:\/\/jornaldasoficinas.com\/pt\/wp-json\/wp\/v2\/categories?post=84537"},{"taxonomy":"post_tag","embeddable":true,"href":"https:\/\/jornaldasoficinas.com\/pt\/wp-json\/wp\/v2\/tags?post=84537"}],"curies":[{"name":"wp","href":"https:\/\/api.w.org\/{rel}","templated":true}]}}