{"id":84739,"date":"2024-05-14T18:00:45","date_gmt":"2024-05-14T17:00:45","guid":{"rendered":"https:\/\/jornaldasoficinas.com\/pt\/?p=84739"},"modified":"2024-05-14T18:05:08","modified_gmt":"2024-05-14T17:05:08","slug":"grupo-santogal-estabelece-parceria-com-a-ceme-e-evio","status":"publish","type":"post","link":"https:\/\/jornaldasoficinas.com\/pt\/grupo-santogal-estabelece-parceria-com-a-ceme-e-evio\/","title":{"rendered":"Grupo Santogal estabelece parceria com a CEME e EVIO"},"content":{"rendered":"<p><strong><img loading=\"lazy\" decoding=\"async\" class=\"alignnone size-full wp-image-84749\" src=\"https:\/\/jornaldasoficinas.com\/pt\/wp-content\/uploads\/2024\/05\/Grupo-Santogal-lanca-servico-de-consultoria-em-mobilidade-eletrica-1.jpg\" alt=\"05 - Grupo Santogal lanca servico de consultoria em mobilidade eletrica 1\" width=\"1024\" height=\"581\" srcset=\"https:\/\/jornaldasoficinas.com\/pt\/wp-content\/uploads\/2024\/05\/Grupo-Santogal-lanca-servico-de-consultoria-em-mobilidade-eletrica-1.jpg 1024w, https:\/\/jornaldasoficinas.com\/pt\/wp-content\/uploads\/2024\/05\/Grupo-Santogal-lanca-servico-de-consultoria-em-mobilidade-eletrica-1-300x170.jpg 300w, https:\/\/jornaldasoficinas.com\/pt\/wp-content\/uploads\/2024\/05\/Grupo-Santogal-lanca-servico-de-consultoria-em-mobilidade-eletrica-1-150x85.jpg 150w, https:\/\/jornaldasoficinas.com\/pt\/wp-content\/uploads\/2024\/05\/Grupo-Santogal-lanca-servico-de-consultoria-em-mobilidade-eletrica-1-768x436.jpg 768w\" sizes=\"auto, (max-width: 1024px) 100vw, 1024px\" \/><\/strong><\/p>\n<p><strong>O <a href=\"https:\/\/www.santogal.pt\/\" target=\"_blank\" rel=\"noopener\">Grupo Santogal<\/a> celebrou parcerias estrat\u00e9gicas com a <a href=\"https:\/\/www.cme.pt\/\" target=\"_blank\" rel=\"noopener\">CEME<\/a> e com a <a href=\"https:\/\/evio.pt\/\" target=\"_blank\" rel=\"noopener\">EVIO<\/a> para instalar e aceder a todos pontos de carregamento el\u00e9trico do pa\u00eds<\/strong><\/p>\n<p>O Grupo Santogal, o maior grupo de retalho autom\u00f3vel na \u00c1rea Metropolitana de Lisboa (AML), disponibiliza a partir de agora um novo servi\u00e7o de consultoria em mobilidade el\u00e9trica. Vocacionado para o cliente particular, personalizado e ajustado ao perfil e \u00e0s necessidades de cada um, este servi\u00e7o ser\u00e1 prestado por uma equipa composta por consultores do Grupo Santogal especializados em mobilidade el\u00e9trica que participaram em mais de mil horas de forma\u00e7\u00e3o.<\/p>\n<p>Concretamente, o servi\u00e7o de consultoria em mobilidade el\u00e9trica visa primeiramente fazer o diagn\u00f3stico do perfil dos clientes e aferir a sua adequa\u00e7\u00e3o \u00e0 mobilidade el\u00e9trica e a todos os modelos de autom\u00f3veis h\u00edbridos e 100% el\u00e9tricos existentes no mercado.<\/p>\n<p>Depois do diagn\u00f3stico, e caso o cliente pretenda trocar para um autom\u00f3vel h\u00edbrido ou 100% el\u00e9trico, o servi\u00e7o de consultoria abrange a instala\u00e7\u00e3o de um posto de carregamento individual e o acesso a qualquer ponto de carregamento do pa\u00eds no \u00e2mbito das parcerias estrat\u00e9gicas celebradas entre o Grupo Santogal, a CME e o comercializador de energia para mobilidade el\u00e9trica (CEME), EVIO.<\/p>\n<p>Para Lu\u00eds Pessanha, administrador executivo do Grupo Santogal, &#8220;este servi\u00e7o de consultoria em mobilidade el\u00e9trica colmata uma lacuna do mercado porque n\u00e3o havia nenhuma entidade que prestasse um conjunto alargado de servi\u00e7os autom\u00f3veis e que inclu\u00edsse um aconselhamento sobre a mobilidade el\u00e9trica numa l\u00f3gica one stop shop. Queremos ajudar os nossos clientes a perceber se a mobilidade el\u00e9trica se ajusta ao seu perfil de condu\u00e7\u00e3o e ao seu estilo de vida. Al\u00e9m disso, com as nossas parcerias estrat\u00e9gicas com a CME e a EVIO, conseguimos dar todo o apoio necess\u00e1rio para os ajudar na sua transi\u00e7\u00e3o para a mobilidade el\u00e9trica&#8221;.<\/p>\n<p>O servi\u00e7o de diagn\u00f3stico, inteiramente gratuito, est\u00e1 dispon\u00edvel em qualquer um dos 109 stands do Grupo Santogal na AML e atrav\u00e9s dos canais de atendimento da empresa, digitais ou telef\u00f3nicos, seis dias por semana.<\/p>\n<p>Com esta aposta estrat\u00e9gica, o Grupo Santogal refor\u00e7a o leque de servi\u00e7os que coloca \u00e0 disposi\u00e7\u00e3o dos seus clientes e que incluem, al\u00e9m da compra e venda de autom\u00f3veis, novos e usados, a manuten\u00e7\u00e3o e assist\u00eancia, a assist\u00eancia em viagem, a media\u00e7\u00e3o de seguros, a contrata\u00e7\u00e3o de financiamento, o recondicionamento, e o aconselhamento na gest\u00e3o de frota, entre outros.<\/p>\n","protected":false},"excerpt":{"rendered":"<p>O Grupo Santogal celebrou parcerias estrat\u00e9gicas&#8230;<\/p>\n","protected":false},"author":15,"featured_media":84749,"comment_status":"closed","ping_status":"closed","sticky":false,"template":"","format":"standard","meta":{"footnotes":""},"categories":[29],"tags":[3220,9061,2586,9054,1421,9056,3717,9057],"class_list":["post-84739","post","type-post","status-publish","format-standard","has-post-thumbnail","hentry","category-empresas","tag-carregamento-eletrico","tag-ceme","tag-evio","tag-grupo-santogal","tag-mobilidade-eletrica","tag-parcerias-estrategicas","tag-pontos-de-carregamento","tag-servico-de-consultoria"],"yoast_head":"<!-- This site is optimized with the Yoast SEO plugin v27.4 - https:\/\/yoast.com\/product\/yoast-seo-wordpress\/ -->\n<title>Grupo Santogal estabelece parceria com a CEME e EVIO - Jornal das Oficinas<\/title>\n<meta name=\"description\" content=\"O Grupo Santogal celebrou parcerias estrat\u00e9gicas com a CEME e com a EVIO para instalar e aceder a todos os pontos de carregamento do pa\u00eds\" \/>\n<meta name=\"robots\" content=\"index, follow, max-snippet:-1, max-image-preview:large, max-video-preview:-1\" \/>\n<link rel=\"canonical\" href=\"https:\/\/jornaldasoficinas.com\/pt\/grupo-santogal-estabelece-parceria-com-a-ceme-e-evio\/\" \/>\n<meta property=\"og:locale\" content=\"pt_PT\" \/>\n<meta property=\"og:type\" content=\"article\" \/>\n<meta property=\"og:title\" content=\"Grupo Santogal estabelece parceria com a CEME e EVIO - Jornal das Oficinas\" \/>\n<meta property=\"og:description\" content=\"O Grupo Santogal celebrou parcerias estrat\u00e9gicas com a CEME e com a EVIO para instalar e aceder a todos os pontos de carregamento do pa\u00eds\" \/>\n<meta property=\"og:url\" content=\"https:\/\/jornaldasoficinas.com\/pt\/grupo-santogal-estabelece-parceria-com-a-ceme-e-evio\/\" \/>\n<meta property=\"og:site_name\" content=\"Jornal das Oficinas\" \/>\n<meta property=\"article:publisher\" content=\"https:\/\/www.facebook.com\/jornaloficinas\" \/>\n<meta property=\"article:published_time\" content=\"2024-05-14T17:00:45+00:00\" \/>\n<meta property=\"article:modified_time\" content=\"2024-05-14T17:05:08+00:00\" \/>\n<meta property=\"og:image\" content=\"https:\/\/jornaldasoficinas.com\/pt\/wp-content\/uploads\/2024\/05\/Grupo-Santogal-lanca-servico-de-consultoria-em-mobilidade-eletrica-1.jpg\" \/>\n\t<meta property=\"og:image:width\" content=\"1024\" \/>\n\t<meta property=\"og:image:height\" content=\"581\" \/>\n\t<meta property=\"og:image:type\" content=\"image\/jpeg\" \/>\n<meta name=\"author\" content=\"Reda\u00e7\u00e3o JO\" \/>\n<meta name=\"twitter:card\" content=\"summary_large_image\" \/>\n<meta name=\"twitter:creator\" content=\"@jornaloficinas\" \/>\n<meta name=\"twitter:site\" content=\"@jornaloficinas\" \/>\n<meta name=\"twitter:label1\" content=\"Escrito por\" \/>\n\t<meta name=\"twitter:data1\" content=\"Reda\u00e7\u00e3o JO\" \/>\n\t<meta name=\"twitter:label2\" content=\"Tempo estimado de leitura\" \/>\n\t<meta name=\"twitter:data2\" content=\"3 minutos\" \/>\n<script type=\"application\/ld+json\" class=\"yoast-schema-graph\">{\"@context\":\"https:\\\/\\\/schema.org\",\"@graph\":[{\"@type\":\"Article\",\"@id\":\"https:\\\/\\\/jornaldasoficinas.com\\\/pt\\\/grupo-santogal-estabelece-parceria-com-a-ceme-e-evio\\\/#article\",\"isPartOf\":{\"@id\":\"https:\\\/\\\/jornaldasoficinas.com\\\/pt\\\/grupo-santogal-estabelece-parceria-com-a-ceme-e-evio\\\/\"},\"author\":{\"name\":\"Reda\u00e7\u00e3o JO\",\"@id\":\"https:\\\/\\\/jornaldasoficinas.com\\\/pt\\\/#\\\/schema\\\/person\\\/a38eef5de2c41d9e7c9ac10141afddf3\"},\"headline\":\"Grupo Santogal estabelece parceria com a CEME e EVIO\",\"datePublished\":\"2024-05-14T17:00:45+00:00\",\"dateModified\":\"2024-05-14T17:05:08+00:00\",\"mainEntityOfPage\":{\"@id\":\"https:\\\/\\\/jornaldasoficinas.com\\\/pt\\\/grupo-santogal-estabelece-parceria-com-a-ceme-e-evio\\\/\"},\"wordCount\":451,\"publisher\":{\"@id\":\"https:\\\/\\\/jornaldasoficinas.com\\\/pt\\\/#organization\"},\"image\":{\"@id\":\"https:\\\/\\\/jornaldasoficinas.com\\\/pt\\\/grupo-santogal-estabelece-parceria-com-a-ceme-e-evio\\\/#primaryimage\"},\"thumbnailUrl\":\"https:\\\/\\\/jornaldasoficinas.com\\\/pt\\\/wp-content\\\/uploads\\\/2024\\\/05\\\/Grupo-Santogal-lanca-servico-de-consultoria-em-mobilidade-eletrica-1.jpg\",\"keywords\":[\"carregamento el\u00e9trico\",\"CEME\",\"EVIO\",\"Grupo Santogal\",\"Mobilidade el\u00e9trica\",\"parcerias estrat\u00e9gicas\",\"pontos de carregamento\",\"servi\u00e7o de consultoria\"],\"articleSection\":[\"Empresas\"],\"inLanguage\":\"pt-PT\"},{\"@type\":\"WebPage\",\"@id\":\"https:\\\/\\\/jornaldasoficinas.com\\\/pt\\\/grupo-santogal-estabelece-parceria-com-a-ceme-e-evio\\\/\",\"url\":\"https:\\\/\\\/jornaldasoficinas.com\\\/pt\\\/grupo-santogal-estabelece-parceria-com-a-ceme-e-evio\\\/\",\"name\":\"Grupo Santogal estabelece parceria com a CEME e EVIO - Jornal das Oficinas\",\"isPartOf\":{\"@id\":\"https:\\\/\\\/jornaldasoficinas.com\\\/pt\\\/#website\"},\"primaryImageOfPage\":{\"@id\":\"https:\\\/\\\/jornaldasoficinas.com\\\/pt\\\/grupo-santogal-estabelece-parceria-com-a-ceme-e-evio\\\/#primaryimage\"},\"image\":{\"@id\":\"https:\\\/\\\/jornaldasoficinas.com\\\/pt\\\/grupo-santogal-estabelece-parceria-com-a-ceme-e-evio\\\/#primaryimage\"},\"thumbnailUrl\":\"https:\\\/\\\/jornaldasoficinas.com\\\/pt\\\/wp-content\\\/uploads\\\/2024\\\/05\\\/Grupo-Santogal-lanca-servico-de-consultoria-em-mobilidade-eletrica-1.jpg\",\"datePublished\":\"2024-05-14T17:00:45+00:00\",\"dateModified\":\"2024-05-14T17:05:08+00:00\",\"description\":\"O Grupo Santogal celebrou parcerias estrat\u00e9gicas com a CEME e com a EVIO para instalar e aceder a todos os pontos de carregamento do pa\u00eds\",\"breadcrumb\":{\"@id\":\"https:\\\/\\\/jornaldasoficinas.com\\\/pt\\\/grupo-santogal-estabelece-parceria-com-a-ceme-e-evio\\\/#breadcrumb\"},\"inLanguage\":\"pt-PT\",\"potentialAction\":[{\"@type\":\"ReadAction\",\"target\":[\"https:\\\/\\\/jornaldasoficinas.com\\\/pt\\\/grupo-santogal-estabelece-parceria-com-a-ceme-e-evio\\\/\"]}]},{\"@type\":\"ImageObject\",\"inLanguage\":\"pt-PT\",\"@id\":\"https:\\\/\\\/jornaldasoficinas.com\\\/pt\\\/grupo-santogal-estabelece-parceria-com-a-ceme-e-evio\\\/#primaryimage\",\"url\":\"https:\\\/\\\/jornaldasoficinas.com\\\/pt\\\/wp-content\\\/uploads\\\/2024\\\/05\\\/Grupo-Santogal-lanca-servico-de-consultoria-em-mobilidade-eletrica-1.jpg\",\"contentUrl\":\"https:\\\/\\\/jornaldasoficinas.com\\\/pt\\\/wp-content\\\/uploads\\\/2024\\\/05\\\/Grupo-Santogal-lanca-servico-de-consultoria-em-mobilidade-eletrica-1.jpg\",\"width\":1024,\"height\":581,\"caption\":\"05 - Grupo Santogal lanca servico de consultoria em mobilidade eletrica 1\"},{\"@type\":\"BreadcrumbList\",\"@id\":\"https:\\\/\\\/jornaldasoficinas.com\\\/pt\\\/grupo-santogal-estabelece-parceria-com-a-ceme-e-evio\\\/#breadcrumb\",\"itemListElement\":[{\"@type\":\"ListItem\",\"position\":1,\"name\":\"In\u00edcio\",\"item\":\"https:\\\/\\\/jornaldasoficinas.com\\\/pt\\\/\"},{\"@type\":\"ListItem\",\"position\":2,\"name\":\"Grupo Santogal estabelece parceria com a CEME e EVIO\"}]},{\"@type\":\"WebSite\",\"@id\":\"https:\\\/\\\/jornaldasoficinas.com\\\/pt\\\/#website\",\"url\":\"https:\\\/\\\/jornaldasoficinas.com\\\/pt\\\/\",\"name\":\"Jornal das Oficinas\",\"description\":\"Jornal independente do Aftermarket Autom\u00f3vel em Portugal\",\"publisher\":{\"@id\":\"https:\\\/\\\/jornaldasoficinas.com\\\/pt\\\/#organization\"},\"potentialAction\":[{\"@type\":\"SearchAction\",\"target\":{\"@type\":\"EntryPoint\",\"urlTemplate\":\"https:\\\/\\\/jornaldasoficinas.com\\\/pt\\\/?s={search_term_string}\"},\"query-input\":{\"@type\":\"PropertyValueSpecification\",\"valueRequired\":true,\"valueName\":\"search_term_string\"}}],\"inLanguage\":\"pt-PT\"},{\"@type\":\"Organization\",\"@id\":\"https:\\\/\\\/jornaldasoficinas.com\\\/pt\\\/#organization\",\"name\":\"Jornal das Oficinas\",\"url\":\"https:\\\/\\\/jornaldasoficinas.com\\\/pt\\\/\",\"logo\":{\"@type\":\"ImageObject\",\"inLanguage\":\"pt-PT\",\"@id\":\"https:\\\/\\\/jornaldasoficinas.com\\\/pt\\\/#\\\/schema\\\/logo\\\/image\\\/\",\"url\":\"https:\\\/\\\/jornaldasoficinas.com\\\/pt\\\/wp-content\\\/uploads\\\/logoJO-SEO.png\",\"contentUrl\":\"https:\\\/\\\/jornaldasoficinas.com\\\/pt\\\/wp-content\\\/uploads\\\/logoJO-SEO.png\",\"width\":285,\"height\":450,\"caption\":\"Jornal das Oficinas\"},\"image\":{\"@id\":\"https:\\\/\\\/jornaldasoficinas.com\\\/pt\\\/#\\\/schema\\\/logo\\\/image\\\/\"},\"sameAs\":[\"https:\\\/\\\/www.facebook.com\\\/jornaloficinas\",\"https:\\\/\\\/x.com\\\/jornaloficinas\",\"https:\\\/\\\/www.instagram.com\\\/jornal_oficinas\\\/\",\"https:\\\/\\\/www.linkedin.com\\\/company\\\/jornal-das-oficinas\\\/\",\"https:\\\/\\\/www.youtube.com\\\/channel\\\/UCbQZBqtcvV-oSQrr7RzINGg\"]},{\"@type\":\"Person\",\"@id\":\"https:\\\/\\\/jornaldasoficinas.com\\\/pt\\\/#\\\/schema\\\/person\\\/a38eef5de2c41d9e7c9ac10141afddf3\",\"name\":\"Reda\u00e7\u00e3o JO\",\"image\":{\"@type\":\"ImageObject\",\"inLanguage\":\"pt-PT\",\"@id\":\"https:\\\/\\\/secure.gravatar.com\\\/avatar\\\/71f2fa71737ad68a84fea94bc708ddac8ea5b0c4788dc2ad202f3ccb2887742f?s=96&d=wp_user_avatar&r=g\",\"url\":\"https:\\\/\\\/secure.gravatar.com\\\/avatar\\\/71f2fa71737ad68a84fea94bc708ddac8ea5b0c4788dc2ad202f3ccb2887742f?s=96&d=wp_user_avatar&r=g\",\"contentUrl\":\"https:\\\/\\\/secure.gravatar.com\\\/avatar\\\/71f2fa71737ad68a84fea94bc708ddac8ea5b0c4788dc2ad202f3ccb2887742f?s=96&d=wp_user_avatar&r=g\",\"caption\":\"Reda\u00e7\u00e3o JO\"},\"url\":\"https:\\\/\\\/jornaldasoficinas.com\\\/pt\\\/author\\\/joredacao\\\/\"}]}<\/script>\n<!-- \/ Yoast SEO plugin. -->","yoast_head_json":{"title":"Grupo Santogal estabelece parceria com a CEME e EVIO - Jornal das Oficinas","description":"O Grupo Santogal celebrou parcerias estrat\u00e9gicas com a CEME e com a EVIO para instalar e aceder a todos os pontos de carregamento do pa\u00eds","robots":{"index":"index","follow":"follow","max-snippet":"max-snippet:-1","max-image-preview":"max-image-preview:large","max-video-preview":"max-video-preview:-1"},"canonical":"https:\/\/jornaldasoficinas.com\/pt\/grupo-santogal-estabelece-parceria-com-a-ceme-e-evio\/","og_locale":"pt_PT","og_type":"article","og_title":"Grupo Santogal estabelece parceria com a CEME e EVIO - Jornal das Oficinas","og_description":"O Grupo Santogal celebrou parcerias estrat\u00e9gicas com a CEME e com a EVIO para instalar e aceder a todos os pontos de carregamento do pa\u00eds","og_url":"https:\/\/jornaldasoficinas.com\/pt\/grupo-santogal-estabelece-parceria-com-a-ceme-e-evio\/","og_site_name":"Jornal das Oficinas","article_publisher":"https:\/\/www.facebook.com\/jornaloficinas","article_published_time":"2024-05-14T17:00:45+00:00","article_modified_time":"2024-05-14T17:05:08+00:00","og_image":[{"width":1024,"height":581,"url":"https:\/\/jornaldasoficinas.com\/pt\/wp-content\/uploads\/2024\/05\/Grupo-Santogal-lanca-servico-de-consultoria-em-mobilidade-eletrica-1.jpg","type":"image\/jpeg"}],"author":"Reda\u00e7\u00e3o JO","twitter_card":"summary_large_image","twitter_creator":"@jornaloficinas","twitter_site":"@jornaloficinas","twitter_misc":{"Escrito por":"Reda\u00e7\u00e3o JO","Tempo estimado de leitura":"3 minutos"},"schema":{"@context":"https:\/\/schema.org","@graph":[{"@type":"Article","@id":"https:\/\/jornaldasoficinas.com\/pt\/grupo-santogal-estabelece-parceria-com-a-ceme-e-evio\/#article","isPartOf":{"@id":"https:\/\/jornaldasoficinas.com\/pt\/grupo-santogal-estabelece-parceria-com-a-ceme-e-evio\/"},"author":{"name":"Reda\u00e7\u00e3o JO","@id":"https:\/\/jornaldasoficinas.com\/pt\/#\/schema\/person\/a38eef5de2c41d9e7c9ac10141afddf3"},"headline":"Grupo Santogal estabelece parceria com a CEME e EVIO","datePublished":"2024-05-14T17:00:45+00:00","dateModified":"2024-05-14T17:05:08+00:00","mainEntityOfPage":{"@id":"https:\/\/jornaldasoficinas.com\/pt\/grupo-santogal-estabelece-parceria-com-a-ceme-e-evio\/"},"wordCount":451,"publisher":{"@id":"https:\/\/jornaldasoficinas.com\/pt\/#organization"},"image":{"@id":"https:\/\/jornaldasoficinas.com\/pt\/grupo-santogal-estabelece-parceria-com-a-ceme-e-evio\/#primaryimage"},"thumbnailUrl":"https:\/\/jornaldasoficinas.com\/pt\/wp-content\/uploads\/2024\/05\/Grupo-Santogal-lanca-servico-de-consultoria-em-mobilidade-eletrica-1.jpg","keywords":["carregamento el\u00e9trico","CEME","EVIO","Grupo Santogal","Mobilidade el\u00e9trica","parcerias estrat\u00e9gicas","pontos de carregamento","servi\u00e7o de consultoria"],"articleSection":["Empresas"],"inLanguage":"pt-PT"},{"@type":"WebPage","@id":"https:\/\/jornaldasoficinas.com\/pt\/grupo-santogal-estabelece-parceria-com-a-ceme-e-evio\/","url":"https:\/\/jornaldasoficinas.com\/pt\/grupo-santogal-estabelece-parceria-com-a-ceme-e-evio\/","name":"Grupo Santogal estabelece parceria com a CEME e EVIO - Jornal das Oficinas","isPartOf":{"@id":"https:\/\/jornaldasoficinas.com\/pt\/#website"},"primaryImageOfPage":{"@id":"https:\/\/jornaldasoficinas.com\/pt\/grupo-santogal-estabelece-parceria-com-a-ceme-e-evio\/#primaryimage"},"image":{"@id":"https:\/\/jornaldasoficinas.com\/pt\/grupo-santogal-estabelece-parceria-com-a-ceme-e-evio\/#primaryimage"},"thumbnailUrl":"https:\/\/jornaldasoficinas.com\/pt\/wp-content\/uploads\/2024\/05\/Grupo-Santogal-lanca-servico-de-consultoria-em-mobilidade-eletrica-1.jpg","datePublished":"2024-05-14T17:00:45+00:00","dateModified":"2024-05-14T17:05:08+00:00","description":"O Grupo Santogal celebrou parcerias estrat\u00e9gicas com a CEME e com a EVIO para instalar e aceder a todos os pontos de carregamento do pa\u00eds","breadcrumb":{"@id":"https:\/\/jornaldasoficinas.com\/pt\/grupo-santogal-estabelece-parceria-com-a-ceme-e-evio\/#breadcrumb"},"inLanguage":"pt-PT","potentialAction":[{"@type":"ReadAction","target":["https:\/\/jornaldasoficinas.com\/pt\/grupo-santogal-estabelece-parceria-com-a-ceme-e-evio\/"]}]},{"@type":"ImageObject","inLanguage":"pt-PT","@id":"https:\/\/jornaldasoficinas.com\/pt\/grupo-santogal-estabelece-parceria-com-a-ceme-e-evio\/#primaryimage","url":"https:\/\/jornaldasoficinas.com\/pt\/wp-content\/uploads\/2024\/05\/Grupo-Santogal-lanca-servico-de-consultoria-em-mobilidade-eletrica-1.jpg","contentUrl":"https:\/\/jornaldasoficinas.com\/pt\/wp-content\/uploads\/2024\/05\/Grupo-Santogal-lanca-servico-de-consultoria-em-mobilidade-eletrica-1.jpg","width":1024,"height":581,"caption":"05 - Grupo Santogal lanca servico de consultoria em mobilidade eletrica 1"},{"@type":"BreadcrumbList","@id":"https:\/\/jornaldasoficinas.com\/pt\/grupo-santogal-estabelece-parceria-com-a-ceme-e-evio\/#breadcrumb","itemListElement":[{"@type":"ListItem","position":1,"name":"In\u00edcio","item":"https:\/\/jornaldasoficinas.com\/pt\/"},{"@type":"ListItem","position":2,"name":"Grupo Santogal estabelece parceria com a CEME e EVIO"}]},{"@type":"WebSite","@id":"https:\/\/jornaldasoficinas.com\/pt\/#website","url":"https:\/\/jornaldasoficinas.com\/pt\/","name":"Jornal das Oficinas","description":"Jornal independente do Aftermarket Autom\u00f3vel em Portugal","publisher":{"@id":"https:\/\/jornaldasoficinas.com\/pt\/#organization"},"potentialAction":[{"@type":"SearchAction","target":{"@type":"EntryPoint","urlTemplate":"https:\/\/jornaldasoficinas.com\/pt\/?s={search_term_string}"},"query-input":{"@type":"PropertyValueSpecification","valueRequired":true,"valueName":"search_term_string"}}],"inLanguage":"pt-PT"},{"@type":"Organization","@id":"https:\/\/jornaldasoficinas.com\/pt\/#organization","name":"Jornal das Oficinas","url":"https:\/\/jornaldasoficinas.com\/pt\/","logo":{"@type":"ImageObject","inLanguage":"pt-PT","@id":"https:\/\/jornaldasoficinas.com\/pt\/#\/schema\/logo\/image\/","url":"https:\/\/jornaldasoficinas.com\/pt\/wp-content\/uploads\/logoJO-SEO.png","contentUrl":"https:\/\/jornaldasoficinas.com\/pt\/wp-content\/uploads\/logoJO-SEO.png","width":285,"height":450,"caption":"Jornal das Oficinas"},"image":{"@id":"https:\/\/jornaldasoficinas.com\/pt\/#\/schema\/logo\/image\/"},"sameAs":["https:\/\/www.facebook.com\/jornaloficinas","https:\/\/x.com\/jornaloficinas","https:\/\/www.instagram.com\/jornal_oficinas\/","https:\/\/www.linkedin.com\/company\/jornal-das-oficinas\/","https:\/\/www.youtube.com\/channel\/UCbQZBqtcvV-oSQrr7RzINGg"]},{"@type":"Person","@id":"https:\/\/jornaldasoficinas.com\/pt\/#\/schema\/person\/a38eef5de2c41d9e7c9ac10141afddf3","name":"Reda\u00e7\u00e3o JO","image":{"@type":"ImageObject","inLanguage":"pt-PT","@id":"https:\/\/secure.gravatar.com\/avatar\/71f2fa71737ad68a84fea94bc708ddac8ea5b0c4788dc2ad202f3ccb2887742f?s=96&d=wp_user_avatar&r=g","url":"https:\/\/secure.gravatar.com\/avatar\/71f2fa71737ad68a84fea94bc708ddac8ea5b0c4788dc2ad202f3ccb2887742f?s=96&d=wp_user_avatar&r=g","contentUrl":"https:\/\/secure.gravatar.com\/avatar\/71f2fa71737ad68a84fea94bc708ddac8ea5b0c4788dc2ad202f3ccb2887742f?s=96&d=wp_user_avatar&r=g","caption":"Reda\u00e7\u00e3o JO"},"url":"https:\/\/jornaldasoficinas.com\/pt\/author\/joredacao\/"}]}},"_links":{"self":[{"href":"https:\/\/jornaldasoficinas.com\/pt\/wp-json\/wp\/v2\/posts\/84739","targetHints":{"allow":["GET"]}}],"collection":[{"href":"https:\/\/jornaldasoficinas.com\/pt\/wp-json\/wp\/v2\/posts"}],"about":[{"href":"https:\/\/jornaldasoficinas.com\/pt\/wp-json\/wp\/v2\/types\/post"}],"author":[{"embeddable":true,"href":"https:\/\/jornaldasoficinas.com\/pt\/wp-json\/wp\/v2\/users\/15"}],"replies":[{"embeddable":true,"href":"https:\/\/jornaldasoficinas.com\/pt\/wp-json\/wp\/v2\/comments?post=84739"}],"version-history":[{"count":0,"href":"https:\/\/jornaldasoficinas.com\/pt\/wp-json\/wp\/v2\/posts\/84739\/revisions"}],"wp:featuredmedia":[{"embeddable":true,"href":"https:\/\/jornaldasoficinas.com\/pt\/wp-json\/wp\/v2\/media\/84749"}],"wp:attachment":[{"href":"https:\/\/jornaldasoficinas.com\/pt\/wp-json\/wp\/v2\/media?parent=84739"}],"wp:term":[{"taxonomy":"category","embeddable":true,"href":"https:\/\/jornaldasoficinas.com\/pt\/wp-json\/wp\/v2\/categories?post=84739"},{"taxonomy":"post_tag","embeddable":true,"href":"https:\/\/jornaldasoficinas.com\/pt\/wp-json\/wp\/v2\/tags?post=84739"}],"curies":[{"name":"wp","href":"https:\/\/api.w.org\/{rel}","templated":true}]}}