{"id":84778,"date":"2024-05-15T12:30:24","date_gmt":"2024-05-15T11:30:24","guid":{"rendered":"https:\/\/jornaldasoficinas.com\/pt\/?p=84778"},"modified":"2024-05-15T11:28:40","modified_gmt":"2024-05-15T10:28:40","slug":"lumileds-lanca-nova-lampada-led-para-capot","status":"publish","type":"post","link":"https:\/\/jornaldasoficinas.com\/pt\/lumileds-lanca-nova-lampada-led-para-capot\/","title":{"rendered":"Lumileds lan\u00e7a nova l\u00e2mpada LED para capot"},"content":{"rendered":"<p><img loading=\"lazy\" decoding=\"async\" class=\"alignnone size-full wp-image-84781\" src=\"https:\/\/jornaldasoficinas.com\/pt\/wp-content\/uploads\/2024\/05\/Limileds-lanca-nova-lampada-LED-para-capot.jpeg\" alt=\"05 - Limileds lanca nova lampada LED para capot\" width=\"1024\" height=\"581\" srcset=\"https:\/\/jornaldasoficinas.com\/pt\/wp-content\/uploads\/2024\/05\/Limileds-lanca-nova-lampada-LED-para-capot.jpeg 1024w, https:\/\/jornaldasoficinas.com\/pt\/wp-content\/uploads\/2024\/05\/Limileds-lanca-nova-lampada-LED-para-capot-300x170.jpeg 300w, https:\/\/jornaldasoficinas.com\/pt\/wp-content\/uploads\/2024\/05\/Limileds-lanca-nova-lampada-LED-para-capot-150x85.jpeg 150w, https:\/\/jornaldasoficinas.com\/pt\/wp-content\/uploads\/2024\/05\/Limileds-lanca-nova-lampada-LED-para-capot-768x436.jpeg 768w\" sizes=\"auto, (max-width: 1024px) 100vw, 1024px\" \/><\/p>\n<p><strong>A nova l\u00e2mpada LED para capot <a href=\"https:\/\/www.philips.pt\/\">Philips<\/a> Xperion 6100, da <a href=\"https:\/\/lumileds.com\/\" target=\"_blank\" rel=\"noopener\">Lumileds<\/a>, proporciona um maior n\u00edvel de brilho e flexibilidade<\/strong><\/p>\n<p>A mais recente adi\u00e7\u00e3o \u00e0 gama de luzes de trabalho profissionais Philips Xperion 6000 foi concebida para iluminar uma grande \u00e1rea e oferecer versatilidade com o seu suporte telesc\u00f3pico e sistema de dobragem.<\/p>\n<p>&#8220;Tudo isto faz com que a nossa nova l\u00e2mpada para capot Philips seja a ferramenta de trabalho mais potente, duradoura e eficiente&#8221;, afirmou a empresa.<\/p>\n<p><strong>Cobertura definitiva quando se trabalha com sistemas autom\u00f3veis<\/strong><br \/>\nA luz LED para capot Philips Xperion 6100 oferece at\u00e9 2400 l\u00famenes de luz, ajudando todos os profissionais a detetar at\u00e9 os mais pequenos detalhes. Um bot\u00e3o rotativo permite regular ou aumentar a luminosidade at\u00e9 ao n\u00edvel ideal para a tarefa, o ambiente e para preservar a vida \u00fatil da bateria.<\/p>\n<p>&#8220;A nossa nova l\u00e2mpada LED para capot da Philips tem dois ganchos telesc\u00f3picos integrados e extens\u00edveis, um em cada extremidade, que podem rodar 360\u00b0. Os ganchos t\u00eam aberturas mais largas e s\u00e3o revestidos com borracha macia para uma fixa\u00e7\u00e3o f\u00e1cil ao capot do ve\u00edculo sem riscar a pintura&#8221;, explicou.<\/p>\n<p>Com um comprimento total que varia entre 1,10 e 2,08 metros, a l\u00e2mpada LED para capot Philips Xperion 6100 pode ser utilizada numa variedade de locais. Esta l\u00e2mpada oferece uma grande flexibilidade no interior do capot, o tejadilho ou da porta traseira de qualquer autom\u00f3vel, carrinha ou cami\u00e3o. Quando o trabalho est\u00e1 conclu\u00eddo, a l\u00e2mpada LED para cap\u00f4 Philips Xperion 6100 dobra-se ao meio, ficando com uns compactos 58 cm, para facilitar a arruma\u00e7\u00e3o ou o transporte.<\/p>\n<p><strong>Desempenho de longa dura\u00e7\u00e3o<\/strong><br \/>\nPara uma ilumina\u00e7\u00e3o cont\u00ednua, a l\u00e2mpada LED Philips Xperion 6100 est\u00e1 equipada com um cabo longo e robusto de 5 metros (100-240 V). O cabo, tal como a l\u00e2mpada, foi concebido para resistir a ambientes de oficina exigentes, bem como a diversos tipos de produtos qu\u00edmicos, como hidrocarbonetos.<\/p>\n<p>Para m\u00e1xima portabilidade, os profissionais podem simplesmente desligar o cabo. A bateria de longa dura\u00e7\u00e3o de 5200 mAh proporciona 3 horas de utiliza\u00e7\u00e3o cont\u00ednua a 1400 l\u00famenes e at\u00e9 12 horas no modo Eco. A lanterna possui um indicador do estado da bateria que mostra a carga restante, para que os profissionais nunca fiquem sem luz a meio de um trabalho.<\/p>\n<p><strong>Grau profissional<\/strong><br \/>\nA utiliza\u00e7\u00e3o numa oficina autom\u00f3vel exp\u00f5e as ferramentas a choques e arranh\u00f5es. As ferramentas caem, os l\u00edquidos derramam-se e transbordam, pelo que o material de trabalho deve ser duradouro. Com a sua robusta caixa de alum\u00ednio, a l\u00e2mpada de cap\u00f4 Philips Xperion 6100 oferece prote\u00e7\u00e3o contra impactos IK07 e resist\u00eancia a salpicos e poeiras IP54. Para tranquilidade profissional, tamb\u00e9m inclui uma garantia Philips de dois anos, que pode ser alargada por mais um ano.<\/p>\n","protected":false},"excerpt":{"rendered":"<p>A nova l\u00e2mpada LED para capot&#8230;<\/p>\n","protected":false},"author":15,"featured_media":84781,"comment_status":"closed","ping_status":"closed","sticky":false,"template":"","format":"standard","meta":{"footnotes":""},"categories":[6],"tags":[9065,9067,9064,262,7465,9066],"class_list":["post-84778","post","type-post","status-publish","format-standard","has-post-thumbnail","hentry","category-equipamentos","tag-capot","tag-gama-de-luzes-de-trabalho","tag-lampada-led","tag-lumileds","tag-novidade","tag-philips-xperion-6100"],"yoast_head":"<!-- This site is optimized with the Yoast SEO plugin v27.4 - https:\/\/yoast.com\/product\/yoast-seo-wordpress\/ -->\n<title>Lumileds lan\u00e7a nova l\u00e2mpada LED para capot - Jornal das Oficinas<\/title>\n<meta name=\"description\" content=\"A nova l\u00e2mpada LED para capot Philips Xperion 6100, da Lumileds, proporciona um maior n\u00edvel de brilho e flexibilidade\" \/>\n<meta name=\"robots\" content=\"index, follow, max-snippet:-1, max-image-preview:large, max-video-preview:-1\" \/>\n<link rel=\"canonical\" href=\"https:\/\/jornaldasoficinas.com\/pt\/lumileds-lanca-nova-lampada-led-para-capot\/\" \/>\n<meta property=\"og:locale\" content=\"pt_PT\" \/>\n<meta property=\"og:type\" content=\"article\" \/>\n<meta property=\"og:title\" content=\"Lumileds lan\u00e7a nova l\u00e2mpada LED para capot - Jornal das Oficinas\" \/>\n<meta property=\"og:description\" content=\"A nova l\u00e2mpada LED para capot Philips Xperion 6100, da Lumileds, proporciona um maior n\u00edvel de brilho e flexibilidade\" \/>\n<meta property=\"og:url\" content=\"https:\/\/jornaldasoficinas.com\/pt\/lumileds-lanca-nova-lampada-led-para-capot\/\" \/>\n<meta property=\"og:site_name\" content=\"Jornal das Oficinas\" \/>\n<meta property=\"article:publisher\" content=\"https:\/\/www.facebook.com\/jornaloficinas\" \/>\n<meta property=\"article:published_time\" content=\"2024-05-15T11:30:24+00:00\" \/>\n<meta property=\"og:image\" content=\"https:\/\/jornaldasoficinas.com\/pt\/wp-content\/uploads\/2024\/05\/Limileds-lanca-nova-lampada-LED-para-capot.jpeg\" \/>\n\t<meta property=\"og:image:width\" content=\"1024\" \/>\n\t<meta property=\"og:image:height\" content=\"581\" \/>\n\t<meta property=\"og:image:type\" content=\"image\/jpeg\" \/>\n<meta name=\"author\" content=\"Reda\u00e7\u00e3o JO\" \/>\n<meta name=\"twitter:card\" content=\"summary_large_image\" \/>\n<meta name=\"twitter:creator\" content=\"@jornaloficinas\" \/>\n<meta name=\"twitter:site\" content=\"@jornaloficinas\" \/>\n<meta name=\"twitter:label1\" content=\"Escrito por\" \/>\n\t<meta name=\"twitter:data1\" content=\"Reda\u00e7\u00e3o JO\" \/>\n\t<meta name=\"twitter:label2\" content=\"Tempo estimado de leitura\" \/>\n\t<meta name=\"twitter:data2\" content=\"3 minutos\" \/>\n<script type=\"application\/ld+json\" class=\"yoast-schema-graph\">{\"@context\":\"https:\\\/\\\/schema.org\",\"@graph\":[{\"@type\":\"Article\",\"@id\":\"https:\\\/\\\/jornaldasoficinas.com\\\/pt\\\/lumileds-lanca-nova-lampada-led-para-capot\\\/#article\",\"isPartOf\":{\"@id\":\"https:\\\/\\\/jornaldasoficinas.com\\\/pt\\\/lumileds-lanca-nova-lampada-led-para-capot\\\/\"},\"author\":{\"name\":\"Reda\u00e7\u00e3o JO\",\"@id\":\"https:\\\/\\\/jornaldasoficinas.com\\\/pt\\\/#\\\/schema\\\/person\\\/a38eef5de2c41d9e7c9ac10141afddf3\"},\"headline\":\"Lumileds lan\u00e7a nova l\u00e2mpada LED para capot\",\"datePublished\":\"2024-05-15T11:30:24+00:00\",\"mainEntityOfPage\":{\"@id\":\"https:\\\/\\\/jornaldasoficinas.com\\\/pt\\\/lumileds-lanca-nova-lampada-led-para-capot\\\/\"},\"wordCount\":487,\"publisher\":{\"@id\":\"https:\\\/\\\/jornaldasoficinas.com\\\/pt\\\/#organization\"},\"image\":{\"@id\":\"https:\\\/\\\/jornaldasoficinas.com\\\/pt\\\/lumileds-lanca-nova-lampada-led-para-capot\\\/#primaryimage\"},\"thumbnailUrl\":\"https:\\\/\\\/jornaldasoficinas.com\\\/pt\\\/wp-content\\\/uploads\\\/2024\\\/05\\\/Limileds-lanca-nova-lampada-LED-para-capot.jpeg\",\"keywords\":[\"capot\",\"gama de luzes de trabalho\",\"l\u00e2mpada LED\",\"Lumileds\",\"novidade\",\"Philips Xperion 6100\"],\"articleSection\":[\"Equipamentos\"],\"inLanguage\":\"pt-PT\"},{\"@type\":\"WebPage\",\"@id\":\"https:\\\/\\\/jornaldasoficinas.com\\\/pt\\\/lumileds-lanca-nova-lampada-led-para-capot\\\/\",\"url\":\"https:\\\/\\\/jornaldasoficinas.com\\\/pt\\\/lumileds-lanca-nova-lampada-led-para-capot\\\/\",\"name\":\"Lumileds lan\u00e7a nova l\u00e2mpada LED para capot - Jornal das Oficinas\",\"isPartOf\":{\"@id\":\"https:\\\/\\\/jornaldasoficinas.com\\\/pt\\\/#website\"},\"primaryImageOfPage\":{\"@id\":\"https:\\\/\\\/jornaldasoficinas.com\\\/pt\\\/lumileds-lanca-nova-lampada-led-para-capot\\\/#primaryimage\"},\"image\":{\"@id\":\"https:\\\/\\\/jornaldasoficinas.com\\\/pt\\\/lumileds-lanca-nova-lampada-led-para-capot\\\/#primaryimage\"},\"thumbnailUrl\":\"https:\\\/\\\/jornaldasoficinas.com\\\/pt\\\/wp-content\\\/uploads\\\/2024\\\/05\\\/Limileds-lanca-nova-lampada-LED-para-capot.jpeg\",\"datePublished\":\"2024-05-15T11:30:24+00:00\",\"description\":\"A nova l\u00e2mpada LED para capot Philips Xperion 6100, da Lumileds, proporciona um maior n\u00edvel de brilho e flexibilidade\",\"breadcrumb\":{\"@id\":\"https:\\\/\\\/jornaldasoficinas.com\\\/pt\\\/lumileds-lanca-nova-lampada-led-para-capot\\\/#breadcrumb\"},\"inLanguage\":\"pt-PT\",\"potentialAction\":[{\"@type\":\"ReadAction\",\"target\":[\"https:\\\/\\\/jornaldasoficinas.com\\\/pt\\\/lumileds-lanca-nova-lampada-led-para-capot\\\/\"]}]},{\"@type\":\"ImageObject\",\"inLanguage\":\"pt-PT\",\"@id\":\"https:\\\/\\\/jornaldasoficinas.com\\\/pt\\\/lumileds-lanca-nova-lampada-led-para-capot\\\/#primaryimage\",\"url\":\"https:\\\/\\\/jornaldasoficinas.com\\\/pt\\\/wp-content\\\/uploads\\\/2024\\\/05\\\/Limileds-lanca-nova-lampada-LED-para-capot.jpeg\",\"contentUrl\":\"https:\\\/\\\/jornaldasoficinas.com\\\/pt\\\/wp-content\\\/uploads\\\/2024\\\/05\\\/Limileds-lanca-nova-lampada-LED-para-capot.jpeg\",\"width\":1024,\"height\":581,\"caption\":\"05 - Limileds lanca nova lampada LED para capot\"},{\"@type\":\"BreadcrumbList\",\"@id\":\"https:\\\/\\\/jornaldasoficinas.com\\\/pt\\\/lumileds-lanca-nova-lampada-led-para-capot\\\/#breadcrumb\",\"itemListElement\":[{\"@type\":\"ListItem\",\"position\":1,\"name\":\"In\u00edcio\",\"item\":\"https:\\\/\\\/jornaldasoficinas.com\\\/pt\\\/\"},{\"@type\":\"ListItem\",\"position\":2,\"name\":\"Lumileds lan\u00e7a nova l\u00e2mpada LED para capot\"}]},{\"@type\":\"WebSite\",\"@id\":\"https:\\\/\\\/jornaldasoficinas.com\\\/pt\\\/#website\",\"url\":\"https:\\\/\\\/jornaldasoficinas.com\\\/pt\\\/\",\"name\":\"Jornal das Oficinas\",\"description\":\"Jornal independente do Aftermarket Autom\u00f3vel em Portugal\",\"publisher\":{\"@id\":\"https:\\\/\\\/jornaldasoficinas.com\\\/pt\\\/#organization\"},\"potentialAction\":[{\"@type\":\"SearchAction\",\"target\":{\"@type\":\"EntryPoint\",\"urlTemplate\":\"https:\\\/\\\/jornaldasoficinas.com\\\/pt\\\/?s={search_term_string}\"},\"query-input\":{\"@type\":\"PropertyValueSpecification\",\"valueRequired\":true,\"valueName\":\"search_term_string\"}}],\"inLanguage\":\"pt-PT\"},{\"@type\":\"Organization\",\"@id\":\"https:\\\/\\\/jornaldasoficinas.com\\\/pt\\\/#organization\",\"name\":\"Jornal das Oficinas\",\"url\":\"https:\\\/\\\/jornaldasoficinas.com\\\/pt\\\/\",\"logo\":{\"@type\":\"ImageObject\",\"inLanguage\":\"pt-PT\",\"@id\":\"https:\\\/\\\/jornaldasoficinas.com\\\/pt\\\/#\\\/schema\\\/logo\\\/image\\\/\",\"url\":\"https:\\\/\\\/jornaldasoficinas.com\\\/pt\\\/wp-content\\\/uploads\\\/logoJO-SEO.png\",\"contentUrl\":\"https:\\\/\\\/jornaldasoficinas.com\\\/pt\\\/wp-content\\\/uploads\\\/logoJO-SEO.png\",\"width\":285,\"height\":450,\"caption\":\"Jornal das Oficinas\"},\"image\":{\"@id\":\"https:\\\/\\\/jornaldasoficinas.com\\\/pt\\\/#\\\/schema\\\/logo\\\/image\\\/\"},\"sameAs\":[\"https:\\\/\\\/www.facebook.com\\\/jornaloficinas\",\"https:\\\/\\\/x.com\\\/jornaloficinas\",\"https:\\\/\\\/www.instagram.com\\\/jornal_oficinas\\\/\",\"https:\\\/\\\/www.linkedin.com\\\/company\\\/jornal-das-oficinas\\\/\",\"https:\\\/\\\/www.youtube.com\\\/channel\\\/UCbQZBqtcvV-oSQrr7RzINGg\"]},{\"@type\":\"Person\",\"@id\":\"https:\\\/\\\/jornaldasoficinas.com\\\/pt\\\/#\\\/schema\\\/person\\\/a38eef5de2c41d9e7c9ac10141afddf3\",\"name\":\"Reda\u00e7\u00e3o JO\",\"image\":{\"@type\":\"ImageObject\",\"inLanguage\":\"pt-PT\",\"@id\":\"https:\\\/\\\/secure.gravatar.com\\\/avatar\\\/71f2fa71737ad68a84fea94bc708ddac8ea5b0c4788dc2ad202f3ccb2887742f?s=96&d=wp_user_avatar&r=g\",\"url\":\"https:\\\/\\\/secure.gravatar.com\\\/avatar\\\/71f2fa71737ad68a84fea94bc708ddac8ea5b0c4788dc2ad202f3ccb2887742f?s=96&d=wp_user_avatar&r=g\",\"contentUrl\":\"https:\\\/\\\/secure.gravatar.com\\\/avatar\\\/71f2fa71737ad68a84fea94bc708ddac8ea5b0c4788dc2ad202f3ccb2887742f?s=96&d=wp_user_avatar&r=g\",\"caption\":\"Reda\u00e7\u00e3o JO\"},\"url\":\"https:\\\/\\\/jornaldasoficinas.com\\\/pt\\\/author\\\/joredacao\\\/\"}]}<\/script>\n<!-- \/ Yoast SEO plugin. -->","yoast_head_json":{"title":"Lumileds lan\u00e7a nova l\u00e2mpada LED para capot - Jornal das Oficinas","description":"A nova l\u00e2mpada LED para capot Philips Xperion 6100, da Lumileds, proporciona um maior n\u00edvel de brilho e flexibilidade","robots":{"index":"index","follow":"follow","max-snippet":"max-snippet:-1","max-image-preview":"max-image-preview:large","max-video-preview":"max-video-preview:-1"},"canonical":"https:\/\/jornaldasoficinas.com\/pt\/lumileds-lanca-nova-lampada-led-para-capot\/","og_locale":"pt_PT","og_type":"article","og_title":"Lumileds lan\u00e7a nova l\u00e2mpada LED para capot - Jornal das Oficinas","og_description":"A nova l\u00e2mpada LED para capot Philips Xperion 6100, da Lumileds, proporciona um maior n\u00edvel de brilho e flexibilidade","og_url":"https:\/\/jornaldasoficinas.com\/pt\/lumileds-lanca-nova-lampada-led-para-capot\/","og_site_name":"Jornal das Oficinas","article_publisher":"https:\/\/www.facebook.com\/jornaloficinas","article_published_time":"2024-05-15T11:30:24+00:00","og_image":[{"width":1024,"height":581,"url":"https:\/\/jornaldasoficinas.com\/pt\/wp-content\/uploads\/2024\/05\/Limileds-lanca-nova-lampada-LED-para-capot.jpeg","type":"image\/jpeg"}],"author":"Reda\u00e7\u00e3o JO","twitter_card":"summary_large_image","twitter_creator":"@jornaloficinas","twitter_site":"@jornaloficinas","twitter_misc":{"Escrito por":"Reda\u00e7\u00e3o JO","Tempo estimado de leitura":"3 minutos"},"schema":{"@context":"https:\/\/schema.org","@graph":[{"@type":"Article","@id":"https:\/\/jornaldasoficinas.com\/pt\/lumileds-lanca-nova-lampada-led-para-capot\/#article","isPartOf":{"@id":"https:\/\/jornaldasoficinas.com\/pt\/lumileds-lanca-nova-lampada-led-para-capot\/"},"author":{"name":"Reda\u00e7\u00e3o JO","@id":"https:\/\/jornaldasoficinas.com\/pt\/#\/schema\/person\/a38eef5de2c41d9e7c9ac10141afddf3"},"headline":"Lumileds lan\u00e7a nova l\u00e2mpada LED para capot","datePublished":"2024-05-15T11:30:24+00:00","mainEntityOfPage":{"@id":"https:\/\/jornaldasoficinas.com\/pt\/lumileds-lanca-nova-lampada-led-para-capot\/"},"wordCount":487,"publisher":{"@id":"https:\/\/jornaldasoficinas.com\/pt\/#organization"},"image":{"@id":"https:\/\/jornaldasoficinas.com\/pt\/lumileds-lanca-nova-lampada-led-para-capot\/#primaryimage"},"thumbnailUrl":"https:\/\/jornaldasoficinas.com\/pt\/wp-content\/uploads\/2024\/05\/Limileds-lanca-nova-lampada-LED-para-capot.jpeg","keywords":["capot","gama de luzes de trabalho","l\u00e2mpada LED","Lumileds","novidade","Philips Xperion 6100"],"articleSection":["Equipamentos"],"inLanguage":"pt-PT"},{"@type":"WebPage","@id":"https:\/\/jornaldasoficinas.com\/pt\/lumileds-lanca-nova-lampada-led-para-capot\/","url":"https:\/\/jornaldasoficinas.com\/pt\/lumileds-lanca-nova-lampada-led-para-capot\/","name":"Lumileds lan\u00e7a nova l\u00e2mpada LED para capot - Jornal das Oficinas","isPartOf":{"@id":"https:\/\/jornaldasoficinas.com\/pt\/#website"},"primaryImageOfPage":{"@id":"https:\/\/jornaldasoficinas.com\/pt\/lumileds-lanca-nova-lampada-led-para-capot\/#primaryimage"},"image":{"@id":"https:\/\/jornaldasoficinas.com\/pt\/lumileds-lanca-nova-lampada-led-para-capot\/#primaryimage"},"thumbnailUrl":"https:\/\/jornaldasoficinas.com\/pt\/wp-content\/uploads\/2024\/05\/Limileds-lanca-nova-lampada-LED-para-capot.jpeg","datePublished":"2024-05-15T11:30:24+00:00","description":"A nova l\u00e2mpada LED para capot Philips Xperion 6100, da Lumileds, proporciona um maior n\u00edvel de brilho e flexibilidade","breadcrumb":{"@id":"https:\/\/jornaldasoficinas.com\/pt\/lumileds-lanca-nova-lampada-led-para-capot\/#breadcrumb"},"inLanguage":"pt-PT","potentialAction":[{"@type":"ReadAction","target":["https:\/\/jornaldasoficinas.com\/pt\/lumileds-lanca-nova-lampada-led-para-capot\/"]}]},{"@type":"ImageObject","inLanguage":"pt-PT","@id":"https:\/\/jornaldasoficinas.com\/pt\/lumileds-lanca-nova-lampada-led-para-capot\/#primaryimage","url":"https:\/\/jornaldasoficinas.com\/pt\/wp-content\/uploads\/2024\/05\/Limileds-lanca-nova-lampada-LED-para-capot.jpeg","contentUrl":"https:\/\/jornaldasoficinas.com\/pt\/wp-content\/uploads\/2024\/05\/Limileds-lanca-nova-lampada-LED-para-capot.jpeg","width":1024,"height":581,"caption":"05 - Limileds lanca nova lampada LED para capot"},{"@type":"BreadcrumbList","@id":"https:\/\/jornaldasoficinas.com\/pt\/lumileds-lanca-nova-lampada-led-para-capot\/#breadcrumb","itemListElement":[{"@type":"ListItem","position":1,"name":"In\u00edcio","item":"https:\/\/jornaldasoficinas.com\/pt\/"},{"@type":"ListItem","position":2,"name":"Lumileds lan\u00e7a nova l\u00e2mpada LED para capot"}]},{"@type":"WebSite","@id":"https:\/\/jornaldasoficinas.com\/pt\/#website","url":"https:\/\/jornaldasoficinas.com\/pt\/","name":"Jornal das Oficinas","description":"Jornal independente do Aftermarket Autom\u00f3vel em Portugal","publisher":{"@id":"https:\/\/jornaldasoficinas.com\/pt\/#organization"},"potentialAction":[{"@type":"SearchAction","target":{"@type":"EntryPoint","urlTemplate":"https:\/\/jornaldasoficinas.com\/pt\/?s={search_term_string}"},"query-input":{"@type":"PropertyValueSpecification","valueRequired":true,"valueName":"search_term_string"}}],"inLanguage":"pt-PT"},{"@type":"Organization","@id":"https:\/\/jornaldasoficinas.com\/pt\/#organization","name":"Jornal das Oficinas","url":"https:\/\/jornaldasoficinas.com\/pt\/","logo":{"@type":"ImageObject","inLanguage":"pt-PT","@id":"https:\/\/jornaldasoficinas.com\/pt\/#\/schema\/logo\/image\/","url":"https:\/\/jornaldasoficinas.com\/pt\/wp-content\/uploads\/logoJO-SEO.png","contentUrl":"https:\/\/jornaldasoficinas.com\/pt\/wp-content\/uploads\/logoJO-SEO.png","width":285,"height":450,"caption":"Jornal das Oficinas"},"image":{"@id":"https:\/\/jornaldasoficinas.com\/pt\/#\/schema\/logo\/image\/"},"sameAs":["https:\/\/www.facebook.com\/jornaloficinas","https:\/\/x.com\/jornaloficinas","https:\/\/www.instagram.com\/jornal_oficinas\/","https:\/\/www.linkedin.com\/company\/jornal-das-oficinas\/","https:\/\/www.youtube.com\/channel\/UCbQZBqtcvV-oSQrr7RzINGg"]},{"@type":"Person","@id":"https:\/\/jornaldasoficinas.com\/pt\/#\/schema\/person\/a38eef5de2c41d9e7c9ac10141afddf3","name":"Reda\u00e7\u00e3o JO","image":{"@type":"ImageObject","inLanguage":"pt-PT","@id":"https:\/\/secure.gravatar.com\/avatar\/71f2fa71737ad68a84fea94bc708ddac8ea5b0c4788dc2ad202f3ccb2887742f?s=96&d=wp_user_avatar&r=g","url":"https:\/\/secure.gravatar.com\/avatar\/71f2fa71737ad68a84fea94bc708ddac8ea5b0c4788dc2ad202f3ccb2887742f?s=96&d=wp_user_avatar&r=g","contentUrl":"https:\/\/secure.gravatar.com\/avatar\/71f2fa71737ad68a84fea94bc708ddac8ea5b0c4788dc2ad202f3ccb2887742f?s=96&d=wp_user_avatar&r=g","caption":"Reda\u00e7\u00e3o JO"},"url":"https:\/\/jornaldasoficinas.com\/pt\/author\/joredacao\/"}]}},"_links":{"self":[{"href":"https:\/\/jornaldasoficinas.com\/pt\/wp-json\/wp\/v2\/posts\/84778","targetHints":{"allow":["GET"]}}],"collection":[{"href":"https:\/\/jornaldasoficinas.com\/pt\/wp-json\/wp\/v2\/posts"}],"about":[{"href":"https:\/\/jornaldasoficinas.com\/pt\/wp-json\/wp\/v2\/types\/post"}],"author":[{"embeddable":true,"href":"https:\/\/jornaldasoficinas.com\/pt\/wp-json\/wp\/v2\/users\/15"}],"replies":[{"embeddable":true,"href":"https:\/\/jornaldasoficinas.com\/pt\/wp-json\/wp\/v2\/comments?post=84778"}],"version-history":[{"count":0,"href":"https:\/\/jornaldasoficinas.com\/pt\/wp-json\/wp\/v2\/posts\/84778\/revisions"}],"wp:featuredmedia":[{"embeddable":true,"href":"https:\/\/jornaldasoficinas.com\/pt\/wp-json\/wp\/v2\/media\/84781"}],"wp:attachment":[{"href":"https:\/\/jornaldasoficinas.com\/pt\/wp-json\/wp\/v2\/media?parent=84778"}],"wp:term":[{"taxonomy":"category","embeddable":true,"href":"https:\/\/jornaldasoficinas.com\/pt\/wp-json\/wp\/v2\/categories?post=84778"},{"taxonomy":"post_tag","embeddable":true,"href":"https:\/\/jornaldasoficinas.com\/pt\/wp-json\/wp\/v2\/tags?post=84778"}],"curies":[{"name":"wp","href":"https:\/\/api.w.org\/{rel}","templated":true}]}}