{"id":84838,"date":"2024-05-16T08:00:21","date_gmt":"2024-05-16T07:00:21","guid":{"rendered":"https:\/\/jornaldasoficinas.com\/pt\/?p=84838"},"modified":"2024-05-15T16:03:22","modified_gmt":"2024-05-15T15:03:22","slug":"ufi-filters-anuncia-inclusao-do-multitube-no-aftermarket","status":"publish","type":"post","link":"https:\/\/jornaldasoficinas.com\/pt\/ufi-filters-anuncia-inclusao-do-multitube-no-aftermarket\/","title":{"rendered":"UFI Filters anuncia inclus\u00e3o do MULTITUBE no aftermarket"},"content":{"rendered":"<p><img loading=\"lazy\" decoding=\"async\" class=\"alignnone size-full wp-image-84844\" src=\"https:\/\/jornaldasoficinas.com\/pt\/wp-content\/uploads\/2024\/05\/UFI-Filters-anuncia-a-inclusao-do-MULTITUBE-no-aftermarket.jpg\" alt=\"05 - UFI Filters anuncia a inclusao do MULTITUBE no aftermarket\" width=\"1024\" height=\"581\" srcset=\"https:\/\/jornaldasoficinas.com\/pt\/wp-content\/uploads\/2024\/05\/UFI-Filters-anuncia-a-inclusao-do-MULTITUBE-no-aftermarket.jpg 1024w, https:\/\/jornaldasoficinas.com\/pt\/wp-content\/uploads\/2024\/05\/UFI-Filters-anuncia-a-inclusao-do-MULTITUBE-no-aftermarket-300x170.jpg 300w, https:\/\/jornaldasoficinas.com\/pt\/wp-content\/uploads\/2024\/05\/UFI-Filters-anuncia-a-inclusao-do-MULTITUBE-no-aftermarket-150x85.jpg 150w, https:\/\/jornaldasoficinas.com\/pt\/wp-content\/uploads\/2024\/05\/UFI-Filters-anuncia-a-inclusao-do-MULTITUBE-no-aftermarket-768x436.jpg 768w\" sizes=\"auto, (max-width: 1024px) 100vw, 1024px\" \/><\/p>\n<p><strong>O premiado <a href=\"https:\/\/www.multitube.com\/en\/\" target=\"_blank\" rel=\"noopener\">MULTITUBE<\/a> vai passar agora a estar dispon\u00edvel nos cat\u00e1logos <a href=\"https:\/\/www.ufifilters.com\/en\/\" target=\"_blank\" rel=\"noopener\">UFI<\/a> e <a href=\"https:\/\/sofima-aftermarket.com\/EU\/pt-pt\/\" target=\"_blank\" rel=\"noopener\">SOFIMA aftermarket<\/a> para o FIAT 500 Hybrid<\/strong><\/p>\n<p>A UFI Filters, uma empresa especialista em filtra\u00e7\u00e3o, gest\u00e3o t\u00e9rmica e tecnologias para o desenvolvimento da mobilidade a hidrog\u00e9nio, anunciou recentemente a inclus\u00e3o do MULTITUBE para o FIAT 500 Hybrid nos cat\u00e1logos aftermarket UFI e SOFIMA.<\/p>\n<p>Dispon\u00edvel com o c\u00f3digo UFI 27.TUB.01 e SOFIMA S 1TUB A nos respetivos cat\u00e1logos de pe\u00e7as, o MULTITUBE para o FIAT 500 Hybrid provou ser uma inova\u00e7\u00e3o tecnol\u00f3gica na filtra\u00e7\u00e3o do ar do motor, tendo tamb\u00e9m recebido v\u00e1rios pr\u00e9mios desde o seu lan\u00e7amento devido ao seu desempenho e caracter\u00edsticas distintivas.<\/p>\n<p>Em primeiro lugar, a redu\u00e7\u00e3o do peso do cartucho em at\u00e9 50%, consistindo numa dupla estrutura tubular que substitui o painel de ar tradicional. A melhor fluidodin\u00e2mica, com o consequente aumento da disponibilidade de pot\u00eancia para o motor, uma vez que o fluxo de ar permite conter resist\u00eancias e perdas de press\u00e3o e energia para o sistema de inje\u00e7\u00e3o. A dupla estrutura tubular tamb\u00e9m \u00e9 equipada com um encaixe patenteado para evitar a entrada de ar sujo no motor.<\/p>\n<p>Inovador \u00e9 tamb\u00e9m o material filtrante FormulaUFI.Extreme, em tecido n\u00e3o tecido composto por fibras sint\u00e9ticas hidrof\u00f3bicas estruturadas segundo um gradiente espec\u00edfico de distribui\u00e7\u00e3o de di\u00e2metro e porosidade, para manter a funcionalidade constante durante todo o ciclo de vida do produto. Diferentemente das meias filtrantes em celulosa dos filtros tradicionais, o MULTITUBE promete a completa separa\u00e7\u00e3o da \u00e1gua no circuito de aspira\u00e7\u00e3o, evitando problemas no motor.<\/p>\n<p>A insuper\u00e1vel resist\u00eancia \u00e0s chamas, o material filtrante do UFI e SOFIMA MULTITUBE passou no teste ISO DIN 53438, que determina o grau de combust\u00e3o dos materiais comerciais, recebendo a classifica\u00e7\u00e3o m\u00e1xima. O material filtrante oferece uma efici\u00eancia de filtra\u00e7\u00e3o superior a 99,5%, garantindo um fluxo de ar constante e limpo para o motor.<\/p>\n<p>Eduardo Mart\u00ed, Diretor Geral da UFI Filters Ib\u00e9rica, comentou: &#8220;Com UFI e SOFIMA MULTITUBE, a gama p\u00f3svenda \u00e9 enriquecida com um produto de ponta, que s\u00f3 o Grupo UFI Filters pode ostentar no seu portf\u00f3lio tecnol\u00f3gico. Por isso, foi tamb\u00e9m desenvolvida uma embalagem ad hoc para distingui-lo do restante da gama. O MULTITUBE \u00e9 uma inova\u00e7\u00e3o inicialmente escolhida para equipamento original em ve\u00edculos de grande cilindrada, que agora demonstra a sua versatilidade para as necessidades das citycars, tra\u00e7ando o caminho para futuros desenvolvimentos em outras aplica\u00e7\u00f5es no mercado. A tecnologia MULTITUBE, com as suas vantagens, estende-se ao mundo das pe\u00e7as de reposi\u00e7\u00e3o automotivas, oferecendo a todos a oportunidade de experimentar o melhor em termos de filtra\u00e7\u00e3o do ar do motor&#8221;.<\/p>\n<p>Giorgio Girondi, Presidente do Grupo UFI Filters, acrescenta: &#8220;Estou orgulhoso de que uma das muitas novas patentes do Grupo UFI Filters esteja finalmente dispon\u00edvel no mercado. Uma tecnologia revolucion\u00e1ria agora para todas as oficinas&#8221;.<\/p>\n","protected":false},"excerpt":{"rendered":"<p>O premiado MULTITUBE vai passar agora&#8230;<\/p>\n","protected":false},"author":15,"featured_media":84844,"comment_status":"closed","ping_status":"closed","sticky":false,"template":"","format":"standard","meta":{"footnotes":""},"categories":[29],"tags":[3195,9085,1687,9086,9084,9082,9083,546],"class_list":["post-84838","post","type-post","status-publish","format-standard","has-post-thumbnail","hentry","category-empresas","tag-aftermarket","tag-eduardo-marti","tag-fiat-500-hybrid","tag-giorgio-girondi","tag-inovacao-tecnologica","tag-multitube","tag-sofima-aftermarket","tag-ufi-filters"],"yoast_head":"<!-- This site is optimized with the Yoast SEO plugin v27.4 - https:\/\/yoast.com\/product\/yoast-seo-wordpress\/ -->\n<title>UFI Filters anuncia inclus\u00e3o do MULTITUBE no aftermarket - Jornal das Oficinas<\/title>\n<meta name=\"description\" content=\"O premiado MULTITUBE vai passar agora a estar dispon\u00edvel nos cat\u00e1logos UFI e SOFIMA aftermarket para o FIAT 500 Hybrid\" \/>\n<meta name=\"robots\" content=\"index, follow, max-snippet:-1, max-image-preview:large, max-video-preview:-1\" \/>\n<link rel=\"canonical\" href=\"https:\/\/jornaldasoficinas.com\/pt\/ufi-filters-anuncia-inclusao-do-multitube-no-aftermarket\/\" \/>\n<meta property=\"og:locale\" content=\"pt_PT\" \/>\n<meta property=\"og:type\" content=\"article\" \/>\n<meta property=\"og:title\" content=\"UFI Filters anuncia inclus\u00e3o do MULTITUBE no aftermarket - Jornal das Oficinas\" \/>\n<meta property=\"og:description\" content=\"O premiado MULTITUBE vai passar agora a estar dispon\u00edvel nos cat\u00e1logos UFI e SOFIMA aftermarket para o FIAT 500 Hybrid\" \/>\n<meta property=\"og:url\" content=\"https:\/\/jornaldasoficinas.com\/pt\/ufi-filters-anuncia-inclusao-do-multitube-no-aftermarket\/\" \/>\n<meta property=\"og:site_name\" content=\"Jornal das Oficinas\" \/>\n<meta property=\"article:publisher\" content=\"https:\/\/www.facebook.com\/jornaloficinas\" \/>\n<meta property=\"article:published_time\" content=\"2024-05-16T07:00:21+00:00\" \/>\n<meta property=\"og:image\" content=\"https:\/\/jornaldasoficinas.com\/pt\/wp-content\/uploads\/2024\/05\/UFI-Filters-anuncia-a-inclusao-do-MULTITUBE-no-aftermarket.jpg\" \/>\n\t<meta property=\"og:image:width\" content=\"1024\" \/>\n\t<meta property=\"og:image:height\" content=\"581\" \/>\n\t<meta property=\"og:image:type\" content=\"image\/jpeg\" \/>\n<meta name=\"author\" content=\"Reda\u00e7\u00e3o JO\" \/>\n<meta name=\"twitter:card\" content=\"summary_large_image\" \/>\n<meta name=\"twitter:creator\" content=\"@jornaloficinas\" \/>\n<meta name=\"twitter:site\" content=\"@jornaloficinas\" \/>\n<meta name=\"twitter:label1\" content=\"Escrito por\" \/>\n\t<meta name=\"twitter:data1\" content=\"Reda\u00e7\u00e3o JO\" \/>\n\t<meta name=\"twitter:label2\" content=\"Tempo estimado de leitura\" \/>\n\t<meta name=\"twitter:data2\" content=\"3 minutos\" \/>\n<script type=\"application\/ld+json\" class=\"yoast-schema-graph\">{\"@context\":\"https:\\\/\\\/schema.org\",\"@graph\":[{\"@type\":\"Article\",\"@id\":\"https:\\\/\\\/jornaldasoficinas.com\\\/pt\\\/ufi-filters-anuncia-inclusao-do-multitube-no-aftermarket\\\/#article\",\"isPartOf\":{\"@id\":\"https:\\\/\\\/jornaldasoficinas.com\\\/pt\\\/ufi-filters-anuncia-inclusao-do-multitube-no-aftermarket\\\/\"},\"author\":{\"name\":\"Reda\u00e7\u00e3o JO\",\"@id\":\"https:\\\/\\\/jornaldasoficinas.com\\\/pt\\\/#\\\/schema\\\/person\\\/a38eef5de2c41d9e7c9ac10141afddf3\"},\"headline\":\"UFI Filters anuncia inclus\u00e3o do MULTITUBE no aftermarket\",\"datePublished\":\"2024-05-16T07:00:21+00:00\",\"mainEntityOfPage\":{\"@id\":\"https:\\\/\\\/jornaldasoficinas.com\\\/pt\\\/ufi-filters-anuncia-inclusao-do-multitube-no-aftermarket\\\/\"},\"wordCount\":515,\"publisher\":{\"@id\":\"https:\\\/\\\/jornaldasoficinas.com\\\/pt\\\/#organization\"},\"image\":{\"@id\":\"https:\\\/\\\/jornaldasoficinas.com\\\/pt\\\/ufi-filters-anuncia-inclusao-do-multitube-no-aftermarket\\\/#primaryimage\"},\"thumbnailUrl\":\"https:\\\/\\\/jornaldasoficinas.com\\\/pt\\\/wp-content\\\/uploads\\\/2024\\\/05\\\/UFI-Filters-anuncia-a-inclusao-do-MULTITUBE-no-aftermarket.jpg\",\"keywords\":[\"Aftermarket\",\"Eduardo Mart\u00ed\",\"FIAT 500 Hybrid\",\"Giorgio Girondi\",\"inova\u00e7\u00e3o tecnol\u00f3gica\",\"MULTITUBE\",\"SOFIMA aftermarket\",\"UFI Filters\"],\"articleSection\":[\"Empresas\"],\"inLanguage\":\"pt-PT\"},{\"@type\":\"WebPage\",\"@id\":\"https:\\\/\\\/jornaldasoficinas.com\\\/pt\\\/ufi-filters-anuncia-inclusao-do-multitube-no-aftermarket\\\/\",\"url\":\"https:\\\/\\\/jornaldasoficinas.com\\\/pt\\\/ufi-filters-anuncia-inclusao-do-multitube-no-aftermarket\\\/\",\"name\":\"UFI Filters anuncia inclus\u00e3o do MULTITUBE no aftermarket - Jornal das Oficinas\",\"isPartOf\":{\"@id\":\"https:\\\/\\\/jornaldasoficinas.com\\\/pt\\\/#website\"},\"primaryImageOfPage\":{\"@id\":\"https:\\\/\\\/jornaldasoficinas.com\\\/pt\\\/ufi-filters-anuncia-inclusao-do-multitube-no-aftermarket\\\/#primaryimage\"},\"image\":{\"@id\":\"https:\\\/\\\/jornaldasoficinas.com\\\/pt\\\/ufi-filters-anuncia-inclusao-do-multitube-no-aftermarket\\\/#primaryimage\"},\"thumbnailUrl\":\"https:\\\/\\\/jornaldasoficinas.com\\\/pt\\\/wp-content\\\/uploads\\\/2024\\\/05\\\/UFI-Filters-anuncia-a-inclusao-do-MULTITUBE-no-aftermarket.jpg\",\"datePublished\":\"2024-05-16T07:00:21+00:00\",\"description\":\"O premiado MULTITUBE vai passar agora a estar dispon\u00edvel nos cat\u00e1logos UFI e SOFIMA aftermarket para o FIAT 500 Hybrid\",\"breadcrumb\":{\"@id\":\"https:\\\/\\\/jornaldasoficinas.com\\\/pt\\\/ufi-filters-anuncia-inclusao-do-multitube-no-aftermarket\\\/#breadcrumb\"},\"inLanguage\":\"pt-PT\",\"potentialAction\":[{\"@type\":\"ReadAction\",\"target\":[\"https:\\\/\\\/jornaldasoficinas.com\\\/pt\\\/ufi-filters-anuncia-inclusao-do-multitube-no-aftermarket\\\/\"]}]},{\"@type\":\"ImageObject\",\"inLanguage\":\"pt-PT\",\"@id\":\"https:\\\/\\\/jornaldasoficinas.com\\\/pt\\\/ufi-filters-anuncia-inclusao-do-multitube-no-aftermarket\\\/#primaryimage\",\"url\":\"https:\\\/\\\/jornaldasoficinas.com\\\/pt\\\/wp-content\\\/uploads\\\/2024\\\/05\\\/UFI-Filters-anuncia-a-inclusao-do-MULTITUBE-no-aftermarket.jpg\",\"contentUrl\":\"https:\\\/\\\/jornaldasoficinas.com\\\/pt\\\/wp-content\\\/uploads\\\/2024\\\/05\\\/UFI-Filters-anuncia-a-inclusao-do-MULTITUBE-no-aftermarket.jpg\",\"width\":1024,\"height\":581,\"caption\":\"05 - UFI Filters anuncia a inclusao do MULTITUBE no aftermarket\"},{\"@type\":\"BreadcrumbList\",\"@id\":\"https:\\\/\\\/jornaldasoficinas.com\\\/pt\\\/ufi-filters-anuncia-inclusao-do-multitube-no-aftermarket\\\/#breadcrumb\",\"itemListElement\":[{\"@type\":\"ListItem\",\"position\":1,\"name\":\"In\u00edcio\",\"item\":\"https:\\\/\\\/jornaldasoficinas.com\\\/pt\\\/\"},{\"@type\":\"ListItem\",\"position\":2,\"name\":\"UFI Filters anuncia inclus\u00e3o do MULTITUBE no aftermarket\"}]},{\"@type\":\"WebSite\",\"@id\":\"https:\\\/\\\/jornaldasoficinas.com\\\/pt\\\/#website\",\"url\":\"https:\\\/\\\/jornaldasoficinas.com\\\/pt\\\/\",\"name\":\"Jornal das Oficinas\",\"description\":\"Jornal independente do Aftermarket Autom\u00f3vel em Portugal\",\"publisher\":{\"@id\":\"https:\\\/\\\/jornaldasoficinas.com\\\/pt\\\/#organization\"},\"potentialAction\":[{\"@type\":\"SearchAction\",\"target\":{\"@type\":\"EntryPoint\",\"urlTemplate\":\"https:\\\/\\\/jornaldasoficinas.com\\\/pt\\\/?s={search_term_string}\"},\"query-input\":{\"@type\":\"PropertyValueSpecification\",\"valueRequired\":true,\"valueName\":\"search_term_string\"}}],\"inLanguage\":\"pt-PT\"},{\"@type\":\"Organization\",\"@id\":\"https:\\\/\\\/jornaldasoficinas.com\\\/pt\\\/#organization\",\"name\":\"Jornal das Oficinas\",\"url\":\"https:\\\/\\\/jornaldasoficinas.com\\\/pt\\\/\",\"logo\":{\"@type\":\"ImageObject\",\"inLanguage\":\"pt-PT\",\"@id\":\"https:\\\/\\\/jornaldasoficinas.com\\\/pt\\\/#\\\/schema\\\/logo\\\/image\\\/\",\"url\":\"https:\\\/\\\/jornaldasoficinas.com\\\/pt\\\/wp-content\\\/uploads\\\/logoJO-SEO.png\",\"contentUrl\":\"https:\\\/\\\/jornaldasoficinas.com\\\/pt\\\/wp-content\\\/uploads\\\/logoJO-SEO.png\",\"width\":285,\"height\":450,\"caption\":\"Jornal das Oficinas\"},\"image\":{\"@id\":\"https:\\\/\\\/jornaldasoficinas.com\\\/pt\\\/#\\\/schema\\\/logo\\\/image\\\/\"},\"sameAs\":[\"https:\\\/\\\/www.facebook.com\\\/jornaloficinas\",\"https:\\\/\\\/x.com\\\/jornaloficinas\",\"https:\\\/\\\/www.instagram.com\\\/jornal_oficinas\\\/\",\"https:\\\/\\\/www.linkedin.com\\\/company\\\/jornal-das-oficinas\\\/\",\"https:\\\/\\\/www.youtube.com\\\/channel\\\/UCbQZBqtcvV-oSQrr7RzINGg\"]},{\"@type\":\"Person\",\"@id\":\"https:\\\/\\\/jornaldasoficinas.com\\\/pt\\\/#\\\/schema\\\/person\\\/a38eef5de2c41d9e7c9ac10141afddf3\",\"name\":\"Reda\u00e7\u00e3o JO\",\"image\":{\"@type\":\"ImageObject\",\"inLanguage\":\"pt-PT\",\"@id\":\"https:\\\/\\\/secure.gravatar.com\\\/avatar\\\/71f2fa71737ad68a84fea94bc708ddac8ea5b0c4788dc2ad202f3ccb2887742f?s=96&d=wp_user_avatar&r=g\",\"url\":\"https:\\\/\\\/secure.gravatar.com\\\/avatar\\\/71f2fa71737ad68a84fea94bc708ddac8ea5b0c4788dc2ad202f3ccb2887742f?s=96&d=wp_user_avatar&r=g\",\"contentUrl\":\"https:\\\/\\\/secure.gravatar.com\\\/avatar\\\/71f2fa71737ad68a84fea94bc708ddac8ea5b0c4788dc2ad202f3ccb2887742f?s=96&d=wp_user_avatar&r=g\",\"caption\":\"Reda\u00e7\u00e3o JO\"},\"url\":\"https:\\\/\\\/jornaldasoficinas.com\\\/pt\\\/author\\\/joredacao\\\/\"}]}<\/script>\n<!-- \/ Yoast SEO plugin. -->","yoast_head_json":{"title":"UFI Filters anuncia inclus\u00e3o do MULTITUBE no aftermarket - Jornal das Oficinas","description":"O premiado MULTITUBE vai passar agora a estar dispon\u00edvel nos cat\u00e1logos UFI e SOFIMA aftermarket para o FIAT 500 Hybrid","robots":{"index":"index","follow":"follow","max-snippet":"max-snippet:-1","max-image-preview":"max-image-preview:large","max-video-preview":"max-video-preview:-1"},"canonical":"https:\/\/jornaldasoficinas.com\/pt\/ufi-filters-anuncia-inclusao-do-multitube-no-aftermarket\/","og_locale":"pt_PT","og_type":"article","og_title":"UFI Filters anuncia inclus\u00e3o do MULTITUBE no aftermarket - Jornal das Oficinas","og_description":"O premiado MULTITUBE vai passar agora a estar dispon\u00edvel nos cat\u00e1logos UFI e SOFIMA aftermarket para o FIAT 500 Hybrid","og_url":"https:\/\/jornaldasoficinas.com\/pt\/ufi-filters-anuncia-inclusao-do-multitube-no-aftermarket\/","og_site_name":"Jornal das Oficinas","article_publisher":"https:\/\/www.facebook.com\/jornaloficinas","article_published_time":"2024-05-16T07:00:21+00:00","og_image":[{"width":1024,"height":581,"url":"https:\/\/jornaldasoficinas.com\/pt\/wp-content\/uploads\/2024\/05\/UFI-Filters-anuncia-a-inclusao-do-MULTITUBE-no-aftermarket.jpg","type":"image\/jpeg"}],"author":"Reda\u00e7\u00e3o JO","twitter_card":"summary_large_image","twitter_creator":"@jornaloficinas","twitter_site":"@jornaloficinas","twitter_misc":{"Escrito por":"Reda\u00e7\u00e3o JO","Tempo estimado de leitura":"3 minutos"},"schema":{"@context":"https:\/\/schema.org","@graph":[{"@type":"Article","@id":"https:\/\/jornaldasoficinas.com\/pt\/ufi-filters-anuncia-inclusao-do-multitube-no-aftermarket\/#article","isPartOf":{"@id":"https:\/\/jornaldasoficinas.com\/pt\/ufi-filters-anuncia-inclusao-do-multitube-no-aftermarket\/"},"author":{"name":"Reda\u00e7\u00e3o JO","@id":"https:\/\/jornaldasoficinas.com\/pt\/#\/schema\/person\/a38eef5de2c41d9e7c9ac10141afddf3"},"headline":"UFI Filters anuncia inclus\u00e3o do MULTITUBE no aftermarket","datePublished":"2024-05-16T07:00:21+00:00","mainEntityOfPage":{"@id":"https:\/\/jornaldasoficinas.com\/pt\/ufi-filters-anuncia-inclusao-do-multitube-no-aftermarket\/"},"wordCount":515,"publisher":{"@id":"https:\/\/jornaldasoficinas.com\/pt\/#organization"},"image":{"@id":"https:\/\/jornaldasoficinas.com\/pt\/ufi-filters-anuncia-inclusao-do-multitube-no-aftermarket\/#primaryimage"},"thumbnailUrl":"https:\/\/jornaldasoficinas.com\/pt\/wp-content\/uploads\/2024\/05\/UFI-Filters-anuncia-a-inclusao-do-MULTITUBE-no-aftermarket.jpg","keywords":["Aftermarket","Eduardo Mart\u00ed","FIAT 500 Hybrid","Giorgio Girondi","inova\u00e7\u00e3o tecnol\u00f3gica","MULTITUBE","SOFIMA aftermarket","UFI Filters"],"articleSection":["Empresas"],"inLanguage":"pt-PT"},{"@type":"WebPage","@id":"https:\/\/jornaldasoficinas.com\/pt\/ufi-filters-anuncia-inclusao-do-multitube-no-aftermarket\/","url":"https:\/\/jornaldasoficinas.com\/pt\/ufi-filters-anuncia-inclusao-do-multitube-no-aftermarket\/","name":"UFI Filters anuncia inclus\u00e3o do MULTITUBE no aftermarket - Jornal das Oficinas","isPartOf":{"@id":"https:\/\/jornaldasoficinas.com\/pt\/#website"},"primaryImageOfPage":{"@id":"https:\/\/jornaldasoficinas.com\/pt\/ufi-filters-anuncia-inclusao-do-multitube-no-aftermarket\/#primaryimage"},"image":{"@id":"https:\/\/jornaldasoficinas.com\/pt\/ufi-filters-anuncia-inclusao-do-multitube-no-aftermarket\/#primaryimage"},"thumbnailUrl":"https:\/\/jornaldasoficinas.com\/pt\/wp-content\/uploads\/2024\/05\/UFI-Filters-anuncia-a-inclusao-do-MULTITUBE-no-aftermarket.jpg","datePublished":"2024-05-16T07:00:21+00:00","description":"O premiado MULTITUBE vai passar agora a estar dispon\u00edvel nos cat\u00e1logos UFI e SOFIMA aftermarket para o FIAT 500 Hybrid","breadcrumb":{"@id":"https:\/\/jornaldasoficinas.com\/pt\/ufi-filters-anuncia-inclusao-do-multitube-no-aftermarket\/#breadcrumb"},"inLanguage":"pt-PT","potentialAction":[{"@type":"ReadAction","target":["https:\/\/jornaldasoficinas.com\/pt\/ufi-filters-anuncia-inclusao-do-multitube-no-aftermarket\/"]}]},{"@type":"ImageObject","inLanguage":"pt-PT","@id":"https:\/\/jornaldasoficinas.com\/pt\/ufi-filters-anuncia-inclusao-do-multitube-no-aftermarket\/#primaryimage","url":"https:\/\/jornaldasoficinas.com\/pt\/wp-content\/uploads\/2024\/05\/UFI-Filters-anuncia-a-inclusao-do-MULTITUBE-no-aftermarket.jpg","contentUrl":"https:\/\/jornaldasoficinas.com\/pt\/wp-content\/uploads\/2024\/05\/UFI-Filters-anuncia-a-inclusao-do-MULTITUBE-no-aftermarket.jpg","width":1024,"height":581,"caption":"05 - UFI Filters anuncia a inclusao do MULTITUBE no aftermarket"},{"@type":"BreadcrumbList","@id":"https:\/\/jornaldasoficinas.com\/pt\/ufi-filters-anuncia-inclusao-do-multitube-no-aftermarket\/#breadcrumb","itemListElement":[{"@type":"ListItem","position":1,"name":"In\u00edcio","item":"https:\/\/jornaldasoficinas.com\/pt\/"},{"@type":"ListItem","position":2,"name":"UFI Filters anuncia inclus\u00e3o do MULTITUBE no aftermarket"}]},{"@type":"WebSite","@id":"https:\/\/jornaldasoficinas.com\/pt\/#website","url":"https:\/\/jornaldasoficinas.com\/pt\/","name":"Jornal das Oficinas","description":"Jornal independente do Aftermarket Autom\u00f3vel em Portugal","publisher":{"@id":"https:\/\/jornaldasoficinas.com\/pt\/#organization"},"potentialAction":[{"@type":"SearchAction","target":{"@type":"EntryPoint","urlTemplate":"https:\/\/jornaldasoficinas.com\/pt\/?s={search_term_string}"},"query-input":{"@type":"PropertyValueSpecification","valueRequired":true,"valueName":"search_term_string"}}],"inLanguage":"pt-PT"},{"@type":"Organization","@id":"https:\/\/jornaldasoficinas.com\/pt\/#organization","name":"Jornal das Oficinas","url":"https:\/\/jornaldasoficinas.com\/pt\/","logo":{"@type":"ImageObject","inLanguage":"pt-PT","@id":"https:\/\/jornaldasoficinas.com\/pt\/#\/schema\/logo\/image\/","url":"https:\/\/jornaldasoficinas.com\/pt\/wp-content\/uploads\/logoJO-SEO.png","contentUrl":"https:\/\/jornaldasoficinas.com\/pt\/wp-content\/uploads\/logoJO-SEO.png","width":285,"height":450,"caption":"Jornal das Oficinas"},"image":{"@id":"https:\/\/jornaldasoficinas.com\/pt\/#\/schema\/logo\/image\/"},"sameAs":["https:\/\/www.facebook.com\/jornaloficinas","https:\/\/x.com\/jornaloficinas","https:\/\/www.instagram.com\/jornal_oficinas\/","https:\/\/www.linkedin.com\/company\/jornal-das-oficinas\/","https:\/\/www.youtube.com\/channel\/UCbQZBqtcvV-oSQrr7RzINGg"]},{"@type":"Person","@id":"https:\/\/jornaldasoficinas.com\/pt\/#\/schema\/person\/a38eef5de2c41d9e7c9ac10141afddf3","name":"Reda\u00e7\u00e3o JO","image":{"@type":"ImageObject","inLanguage":"pt-PT","@id":"https:\/\/secure.gravatar.com\/avatar\/71f2fa71737ad68a84fea94bc708ddac8ea5b0c4788dc2ad202f3ccb2887742f?s=96&d=wp_user_avatar&r=g","url":"https:\/\/secure.gravatar.com\/avatar\/71f2fa71737ad68a84fea94bc708ddac8ea5b0c4788dc2ad202f3ccb2887742f?s=96&d=wp_user_avatar&r=g","contentUrl":"https:\/\/secure.gravatar.com\/avatar\/71f2fa71737ad68a84fea94bc708ddac8ea5b0c4788dc2ad202f3ccb2887742f?s=96&d=wp_user_avatar&r=g","caption":"Reda\u00e7\u00e3o JO"},"url":"https:\/\/jornaldasoficinas.com\/pt\/author\/joredacao\/"}]}},"_links":{"self":[{"href":"https:\/\/jornaldasoficinas.com\/pt\/wp-json\/wp\/v2\/posts\/84838","targetHints":{"allow":["GET"]}}],"collection":[{"href":"https:\/\/jornaldasoficinas.com\/pt\/wp-json\/wp\/v2\/posts"}],"about":[{"href":"https:\/\/jornaldasoficinas.com\/pt\/wp-json\/wp\/v2\/types\/post"}],"author":[{"embeddable":true,"href":"https:\/\/jornaldasoficinas.com\/pt\/wp-json\/wp\/v2\/users\/15"}],"replies":[{"embeddable":true,"href":"https:\/\/jornaldasoficinas.com\/pt\/wp-json\/wp\/v2\/comments?post=84838"}],"version-history":[{"count":0,"href":"https:\/\/jornaldasoficinas.com\/pt\/wp-json\/wp\/v2\/posts\/84838\/revisions"}],"wp:featuredmedia":[{"embeddable":true,"href":"https:\/\/jornaldasoficinas.com\/pt\/wp-json\/wp\/v2\/media\/84844"}],"wp:attachment":[{"href":"https:\/\/jornaldasoficinas.com\/pt\/wp-json\/wp\/v2\/media?parent=84838"}],"wp:term":[{"taxonomy":"category","embeddable":true,"href":"https:\/\/jornaldasoficinas.com\/pt\/wp-json\/wp\/v2\/categories?post=84838"},{"taxonomy":"post_tag","embeddable":true,"href":"https:\/\/jornaldasoficinas.com\/pt\/wp-json\/wp\/v2\/tags?post=84838"}],"curies":[{"name":"wp","href":"https:\/\/api.w.org\/{rel}","templated":true}]}}