{"id":84853,"date":"2024-05-16T10:00:33","date_gmt":"2024-05-16T09:00:33","guid":{"rendered":"https:\/\/jornaldasoficinas.com\/pt\/?p=84853"},"modified":"2024-05-15T16:11:26","modified_gmt":"2024-05-15T15:11:26","slug":"bosch-ventures-faz-novo-investimento-em-tecnologia-limpa","status":"publish","type":"post","link":"https:\/\/jornaldasoficinas.com\/pt\/bosch-ventures-faz-novo-investimento-em-tecnologia-limpa\/","title":{"rendered":"Bosch Ventures faz novo investimento em tecnologia limpa"},"content":{"rendered":"<p><img loading=\"lazy\" decoding=\"async\" class=\"alignnone size-full wp-image-84858\" src=\"https:\/\/jornaldasoficinas.com\/pt\/wp-content\/uploads\/2024\/05\/Bosch-Ventures-aposta-em-tecnologia-limpa-com-novo-investimento.jpg\" alt=\"05 - Bosch Ventures aposta em tecnologia limpa com novo investimento\" width=\"1024\" height=\"581\" srcset=\"https:\/\/jornaldasoficinas.com\/pt\/wp-content\/uploads\/2024\/05\/Bosch-Ventures-aposta-em-tecnologia-limpa-com-novo-investimento.jpg 1024w, https:\/\/jornaldasoficinas.com\/pt\/wp-content\/uploads\/2024\/05\/Bosch-Ventures-aposta-em-tecnologia-limpa-com-novo-investimento-300x170.jpg 300w, https:\/\/jornaldasoficinas.com\/pt\/wp-content\/uploads\/2024\/05\/Bosch-Ventures-aposta-em-tecnologia-limpa-com-novo-investimento-150x85.jpg 150w, https:\/\/jornaldasoficinas.com\/pt\/wp-content\/uploads\/2024\/05\/Bosch-Ventures-aposta-em-tecnologia-limpa-com-novo-investimento-768x436.jpg 768w\" sizes=\"auto, (max-width: 1024px) 100vw, 1024px\" \/><\/p>\n<p><strong>A <a href=\"https:\/\/bosch.ventures\/\" target=\"_blank\" rel=\"noopener\">Bosch Ventures<\/a> decidiu ampliar o seu compromisso com a tecnologia limpa atrav\u00e9s de dois investimentos no setor da reciclagem de baterias<\/strong><\/p>\n<p>A Bosch Ventures, a unidade de capital de risco corporativo do Grupo Bosch, anunciou dois investimentos significativos no setor de reciclagem de baterias, dando um passo significativo em dire\u00e7\u00e3o ao desenvolvimento tecnol\u00f3gico sustent\u00e1vel.<\/p>\n<p>&#8220;Num mundo eletrificado, a reciclagem de baterias contribui significativamente para a conserva\u00e7\u00e3o dos recursos naturais&#8221;, explicou Ingo Ramesohl, diretor geral da Bosch Ventures.<\/p>\n<p>&#8220;Com os nossos investimentos, podemos ajudar as Cylib e Li Industries a escalar a sua produ\u00e7\u00e3o&#8221;, acrescentou.<\/p>\n<p><strong>Alem\u00e3 <a href=\"https:\/\/www.cylib.de\/\" target=\"_blank\" rel=\"noopener\">Cylib<\/a> arrecada 55 milh\u00f5es de euros menos de 24 meses ap\u00f3s o in\u00edcio das opera\u00e7\u00f5es<\/strong><\/p>\n<p>Fundada em 2022, a empresa oferece tecnologia propriet\u00e1ria l\u00edder de mercado para reciclagem end-to-end de baterias de \u00edons de l\u00edtio, j\u00e1 tendo inclusive entregue uma linha piloto de sucesso e concluiu projetos com as principais OEMs autom\u00f3veis, bem como com fabricantes de baterias. O processo da cylib \u00e9 caracterizado por uma recupera\u00e7\u00e3o de mat\u00e9rias-primas eficiente, favor\u00e1vel aos recursos e ao clima, incluindo l\u00edtio, grafite, n\u00edquel, cobalto e mangan\u00eas de baterias, massa negra ou restos de produ\u00e7\u00e3o.<\/p>\n<p>Segundo Lilian Schwich, CEO da cylib: &#8220;a ronda de financiamento que anunciada ir\u00e1 capacitar-nos para embarcar na nossa pr\u00f3xima fase de expans\u00e3o e aprofundar as colabora\u00e7\u00f5es existentes, \u00e0 medida que aumentamos a nossa reciclagem de baterias de pr\u00f3xima gera\u00e7\u00e3o em escala industrial&#8221;.<\/p>\n<p>A Bosch Ventures juntou-se \u00e0 ronda de subscri\u00e7\u00f5es da cylib para se tornar o principal reciclador de baterias da Europa. Esta ronda de financiamento hist\u00f3rica assinala a primeira vez na Europa em que importantes investidores dos setores clim\u00e1tico e de tecnologia avan\u00e7ada, empresas do setor autom\u00f3vel e industrial, bem como fundos de investimento p\u00fablicos, formaram um cons\u00f3rcio para apoiar uma empresa de reciclagem de baterias. Esta situa\u00e7\u00e3o reflete a amplitude de partes interessadas significativas agora dedicadas \u00e0 constru\u00e7\u00e3o de uma infraestrutura de bateria resiliente e sustent\u00e1vel tamb\u00e9m na Europa.<\/p>\n<p><strong>Mercado em r\u00e1pido crescimento com grande interesse local<\/strong><\/p>\n<p>Com o r\u00e1pido crescimento dos ve\u00edculos el\u00e9tricos movidos a bateria, bicicletas el\u00e9tricas, ferramentas el\u00e9tricas e eletrodom\u00e9sticos, a procura pela reciclagem de baterias est\u00e1 a aumentar. Tal como nos EUA, a UE j\u00e1 classificou os materiais contidos nas baterias dos ve\u00edculos el\u00e9tricos como mat\u00e9rias-primas estrat\u00e9gicas cr\u00edticas e definiu os seus mais recentes e rigorosos regulamentos de reciclagem de baterias em conformidade. O processo da cylib l\u00edder de mercado permite que produtores de baterias, OEMs automotivos e todas as empresas que operam na cadeia de valor de baterias reciclem elementos localmente e superem esses requisitos.<\/p>\n<p>&#8220;Os nossos investimentos em startups de reciclagem de baterias de ponta sublinham o nosso compromisso com tecnologias pioneiras que n\u00e3o s\u00f3 prometem um crescimento substancial do mercado, mas tamb\u00e9m oferecem solu\u00e7\u00f5es para um dos desafios ambientais mais prementes do nosso tempo&#8221;, salientou Ingo Ramesohl, diretor executivo da Bosch Ventures.<\/p>\n<p>&#8220;Estamos entusiasmados por estar na vanguarda desta ind\u00fastria vital e orgulhosos por apoiar e ligar v\u00e1rias empresas de diferentes geografias neste espa\u00e7o&#8221;, destacou.<\/p>\n<p>O investimento da UE surge pouco tempo depois de a Bosch Ventures liderar a ronda de investimento de 36 milh\u00f5es de d\u00f3lares na recicladora direta dos EUA, Li Industries.<\/p>\n<p><strong>Bosch Ventures liderou ronda de investimentos de 36 milh\u00f5es de d\u00f3lares na Li Industries<\/strong><\/p>\n<p>O investimento na <a href=\"https:\/\/www.li-ind.com\/\" target=\"_blank\" rel=\"noopener\">Li Industries<\/a> foi conclu\u00eddo na semana passada. A Li Industries est\u00e1 preparada para enfrentar desafios significativos na cadeia circular de abastecimento de baterias de Li-ion com solu\u00e7\u00f5es inovadoras e escal\u00e1veis.<\/p>\n<p>&#8220;A Li Industries \u00e9 a primeira e \u00fanica empresa nos EUA capaz de reciclar economicamente e de forma sustent\u00e1vel baterias de baixo ou nenhum cobalto, como as de Fosfato de Ferro de L\u00edtio (LFPs), em grande escala, utilizando a sua tecnologia exclusiva de reciclagem direta E2ETM&#8221;, afirmou Ramesohl.<\/p>\n<p>A Bosch Ventures co-liderou a ronda de financiamento da S\u00e9rie B de 36 milh\u00f5es de d\u00f3lares, juntamente com Khosla Ventures e LG Tech Ventures.<\/p>\n<p>&#8220;Estamos entusiasmados por contar com o apoio de um grupo t\u00e3o forte de investidores&#8221;, concluiu Zheng Li, co-fundador e CEO da Li Industries.<\/p>\n","protected":false},"excerpt":{"rendered":"<p>A Bosch Ventures decidiu ampliar o&#8230;<\/p>\n","protected":false},"author":15,"featured_media":84858,"comment_status":"closed","ping_status":"closed","sticky":false,"template":"","format":"standard","meta":{"footnotes":""},"categories":[29],"tags":[9087,9090,9089,1769,9091,9093,9092,5343,9088,9094],"class_list":["post-84853","post","type-post","status-publish","format-standard","has-post-thumbnail","hentry","category-empresas","tag-bosch-ventures","tag-cylib","tag-dois-investimentos","tag-grupo-bosch","tag-ingo-ramesohl","tag-li-industries","tag-lilian-schwich","tag-reciclagem-de-baterias","tag-tecnologia-limpa","tag-zheng-li"],"yoast_head":"<!-- This site is optimized with the Yoast SEO plugin v27.4 - https:\/\/yoast.com\/product\/yoast-seo-wordpress\/ -->\n<title>Bosch Ventures faz novo investimento em tecnologia limpa - Jornal das Oficinas<\/title>\n<meta name=\"description\" content=\"A Bosch Ventures decidiu ampliar o seu compromisso com a tecnologia limpa atrav\u00e9s de dois investimentos no setor da reciclagem de baterias\" \/>\n<meta name=\"robots\" content=\"index, follow, max-snippet:-1, max-image-preview:large, max-video-preview:-1\" \/>\n<link rel=\"canonical\" href=\"https:\/\/jornaldasoficinas.com\/pt\/bosch-ventures-faz-novo-investimento-em-tecnologia-limpa\/\" \/>\n<meta property=\"og:locale\" content=\"pt_PT\" \/>\n<meta property=\"og:type\" content=\"article\" \/>\n<meta property=\"og:title\" content=\"Bosch Ventures faz novo investimento em tecnologia limpa - Jornal das Oficinas\" \/>\n<meta property=\"og:description\" content=\"A Bosch Ventures decidiu ampliar o seu compromisso com a tecnologia limpa atrav\u00e9s de dois investimentos no setor da reciclagem de baterias\" \/>\n<meta property=\"og:url\" content=\"https:\/\/jornaldasoficinas.com\/pt\/bosch-ventures-faz-novo-investimento-em-tecnologia-limpa\/\" \/>\n<meta property=\"og:site_name\" content=\"Jornal das Oficinas\" \/>\n<meta property=\"article:publisher\" content=\"https:\/\/www.facebook.com\/jornaloficinas\" \/>\n<meta property=\"article:published_time\" content=\"2024-05-16T09:00:33+00:00\" \/>\n<meta property=\"og:image\" content=\"https:\/\/jornaldasoficinas.com\/pt\/wp-content\/uploads\/2024\/05\/Bosch-Ventures-aposta-em-tecnologia-limpa-com-novo-investimento.jpg\" \/>\n\t<meta property=\"og:image:width\" content=\"1024\" \/>\n\t<meta property=\"og:image:height\" content=\"581\" \/>\n\t<meta property=\"og:image:type\" content=\"image\/jpeg\" \/>\n<meta name=\"author\" content=\"Reda\u00e7\u00e3o JO\" \/>\n<meta name=\"twitter:card\" content=\"summary_large_image\" \/>\n<meta name=\"twitter:creator\" content=\"@jornaloficinas\" \/>\n<meta name=\"twitter:site\" content=\"@jornaloficinas\" \/>\n<meta name=\"twitter:label1\" content=\"Escrito por\" \/>\n\t<meta name=\"twitter:data1\" content=\"Reda\u00e7\u00e3o JO\" \/>\n\t<meta name=\"twitter:label2\" content=\"Tempo estimado de leitura\" \/>\n\t<meta name=\"twitter:data2\" content=\"5 minutos\" \/>\n<script type=\"application\/ld+json\" class=\"yoast-schema-graph\">{\"@context\":\"https:\\\/\\\/schema.org\",\"@graph\":[{\"@type\":\"Article\",\"@id\":\"https:\\\/\\\/jornaldasoficinas.com\\\/pt\\\/bosch-ventures-faz-novo-investimento-em-tecnologia-limpa\\\/#article\",\"isPartOf\":{\"@id\":\"https:\\\/\\\/jornaldasoficinas.com\\\/pt\\\/bosch-ventures-faz-novo-investimento-em-tecnologia-limpa\\\/\"},\"author\":{\"name\":\"Reda\u00e7\u00e3o JO\",\"@id\":\"https:\\\/\\\/jornaldasoficinas.com\\\/pt\\\/#\\\/schema\\\/person\\\/a38eef5de2c41d9e7c9ac10141afddf3\"},\"headline\":\"Bosch Ventures faz novo investimento em tecnologia limpa\",\"datePublished\":\"2024-05-16T09:00:33+00:00\",\"mainEntityOfPage\":{\"@id\":\"https:\\\/\\\/jornaldasoficinas.com\\\/pt\\\/bosch-ventures-faz-novo-investimento-em-tecnologia-limpa\\\/\"},\"wordCount\":729,\"publisher\":{\"@id\":\"https:\\\/\\\/jornaldasoficinas.com\\\/pt\\\/#organization\"},\"image\":{\"@id\":\"https:\\\/\\\/jornaldasoficinas.com\\\/pt\\\/bosch-ventures-faz-novo-investimento-em-tecnologia-limpa\\\/#primaryimage\"},\"thumbnailUrl\":\"https:\\\/\\\/jornaldasoficinas.com\\\/pt\\\/wp-content\\\/uploads\\\/2024\\\/05\\\/Bosch-Ventures-aposta-em-tecnologia-limpa-com-novo-investimento.jpg\",\"keywords\":[\"Bosch Ventures\",\"Cylib\",\"dois investimentos\",\"Grupo Bosch\",\"Ingo Ramesohl\",\"Li Industries\",\"Lilian Schwich\",\"reciclagem de baterias\",\"tecnologia limpa\",\"Zheng Li\"],\"articleSection\":[\"Empresas\"],\"inLanguage\":\"pt-PT\"},{\"@type\":\"WebPage\",\"@id\":\"https:\\\/\\\/jornaldasoficinas.com\\\/pt\\\/bosch-ventures-faz-novo-investimento-em-tecnologia-limpa\\\/\",\"url\":\"https:\\\/\\\/jornaldasoficinas.com\\\/pt\\\/bosch-ventures-faz-novo-investimento-em-tecnologia-limpa\\\/\",\"name\":\"Bosch Ventures faz novo investimento em tecnologia limpa - Jornal das Oficinas\",\"isPartOf\":{\"@id\":\"https:\\\/\\\/jornaldasoficinas.com\\\/pt\\\/#website\"},\"primaryImageOfPage\":{\"@id\":\"https:\\\/\\\/jornaldasoficinas.com\\\/pt\\\/bosch-ventures-faz-novo-investimento-em-tecnologia-limpa\\\/#primaryimage\"},\"image\":{\"@id\":\"https:\\\/\\\/jornaldasoficinas.com\\\/pt\\\/bosch-ventures-faz-novo-investimento-em-tecnologia-limpa\\\/#primaryimage\"},\"thumbnailUrl\":\"https:\\\/\\\/jornaldasoficinas.com\\\/pt\\\/wp-content\\\/uploads\\\/2024\\\/05\\\/Bosch-Ventures-aposta-em-tecnologia-limpa-com-novo-investimento.jpg\",\"datePublished\":\"2024-05-16T09:00:33+00:00\",\"description\":\"A Bosch Ventures decidiu ampliar o seu compromisso com a tecnologia limpa atrav\u00e9s de dois investimentos no setor da reciclagem de baterias\",\"breadcrumb\":{\"@id\":\"https:\\\/\\\/jornaldasoficinas.com\\\/pt\\\/bosch-ventures-faz-novo-investimento-em-tecnologia-limpa\\\/#breadcrumb\"},\"inLanguage\":\"pt-PT\",\"potentialAction\":[{\"@type\":\"ReadAction\",\"target\":[\"https:\\\/\\\/jornaldasoficinas.com\\\/pt\\\/bosch-ventures-faz-novo-investimento-em-tecnologia-limpa\\\/\"]}]},{\"@type\":\"ImageObject\",\"inLanguage\":\"pt-PT\",\"@id\":\"https:\\\/\\\/jornaldasoficinas.com\\\/pt\\\/bosch-ventures-faz-novo-investimento-em-tecnologia-limpa\\\/#primaryimage\",\"url\":\"https:\\\/\\\/jornaldasoficinas.com\\\/pt\\\/wp-content\\\/uploads\\\/2024\\\/05\\\/Bosch-Ventures-aposta-em-tecnologia-limpa-com-novo-investimento.jpg\",\"contentUrl\":\"https:\\\/\\\/jornaldasoficinas.com\\\/pt\\\/wp-content\\\/uploads\\\/2024\\\/05\\\/Bosch-Ventures-aposta-em-tecnologia-limpa-com-novo-investimento.jpg\",\"width\":1024,\"height\":581,\"caption\":\"05 - Bosch Ventures aposta em tecnologia limpa com novo investimento\"},{\"@type\":\"BreadcrumbList\",\"@id\":\"https:\\\/\\\/jornaldasoficinas.com\\\/pt\\\/bosch-ventures-faz-novo-investimento-em-tecnologia-limpa\\\/#breadcrumb\",\"itemListElement\":[{\"@type\":\"ListItem\",\"position\":1,\"name\":\"In\u00edcio\",\"item\":\"https:\\\/\\\/jornaldasoficinas.com\\\/pt\\\/\"},{\"@type\":\"ListItem\",\"position\":2,\"name\":\"Bosch Ventures faz novo investimento em tecnologia limpa\"}]},{\"@type\":\"WebSite\",\"@id\":\"https:\\\/\\\/jornaldasoficinas.com\\\/pt\\\/#website\",\"url\":\"https:\\\/\\\/jornaldasoficinas.com\\\/pt\\\/\",\"name\":\"Jornal das Oficinas\",\"description\":\"Jornal independente do Aftermarket Autom\u00f3vel em Portugal\",\"publisher\":{\"@id\":\"https:\\\/\\\/jornaldasoficinas.com\\\/pt\\\/#organization\"},\"potentialAction\":[{\"@type\":\"SearchAction\",\"target\":{\"@type\":\"EntryPoint\",\"urlTemplate\":\"https:\\\/\\\/jornaldasoficinas.com\\\/pt\\\/?s={search_term_string}\"},\"query-input\":{\"@type\":\"PropertyValueSpecification\",\"valueRequired\":true,\"valueName\":\"search_term_string\"}}],\"inLanguage\":\"pt-PT\"},{\"@type\":\"Organization\",\"@id\":\"https:\\\/\\\/jornaldasoficinas.com\\\/pt\\\/#organization\",\"name\":\"Jornal das Oficinas\",\"url\":\"https:\\\/\\\/jornaldasoficinas.com\\\/pt\\\/\",\"logo\":{\"@type\":\"ImageObject\",\"inLanguage\":\"pt-PT\",\"@id\":\"https:\\\/\\\/jornaldasoficinas.com\\\/pt\\\/#\\\/schema\\\/logo\\\/image\\\/\",\"url\":\"https:\\\/\\\/jornaldasoficinas.com\\\/pt\\\/wp-content\\\/uploads\\\/logoJO-SEO.png\",\"contentUrl\":\"https:\\\/\\\/jornaldasoficinas.com\\\/pt\\\/wp-content\\\/uploads\\\/logoJO-SEO.png\",\"width\":285,\"height\":450,\"caption\":\"Jornal das Oficinas\"},\"image\":{\"@id\":\"https:\\\/\\\/jornaldasoficinas.com\\\/pt\\\/#\\\/schema\\\/logo\\\/image\\\/\"},\"sameAs\":[\"https:\\\/\\\/www.facebook.com\\\/jornaloficinas\",\"https:\\\/\\\/x.com\\\/jornaloficinas\",\"https:\\\/\\\/www.instagram.com\\\/jornal_oficinas\\\/\",\"https:\\\/\\\/www.linkedin.com\\\/company\\\/jornal-das-oficinas\\\/\",\"https:\\\/\\\/www.youtube.com\\\/channel\\\/UCbQZBqtcvV-oSQrr7RzINGg\"]},{\"@type\":\"Person\",\"@id\":\"https:\\\/\\\/jornaldasoficinas.com\\\/pt\\\/#\\\/schema\\\/person\\\/a38eef5de2c41d9e7c9ac10141afddf3\",\"name\":\"Reda\u00e7\u00e3o JO\",\"image\":{\"@type\":\"ImageObject\",\"inLanguage\":\"pt-PT\",\"@id\":\"https:\\\/\\\/secure.gravatar.com\\\/avatar\\\/71f2fa71737ad68a84fea94bc708ddac8ea5b0c4788dc2ad202f3ccb2887742f?s=96&d=wp_user_avatar&r=g\",\"url\":\"https:\\\/\\\/secure.gravatar.com\\\/avatar\\\/71f2fa71737ad68a84fea94bc708ddac8ea5b0c4788dc2ad202f3ccb2887742f?s=96&d=wp_user_avatar&r=g\",\"contentUrl\":\"https:\\\/\\\/secure.gravatar.com\\\/avatar\\\/71f2fa71737ad68a84fea94bc708ddac8ea5b0c4788dc2ad202f3ccb2887742f?s=96&d=wp_user_avatar&r=g\",\"caption\":\"Reda\u00e7\u00e3o JO\"},\"url\":\"https:\\\/\\\/jornaldasoficinas.com\\\/pt\\\/author\\\/joredacao\\\/\"}]}<\/script>\n<!-- \/ Yoast SEO plugin. -->","yoast_head_json":{"title":"Bosch Ventures faz novo investimento em tecnologia limpa - Jornal das Oficinas","description":"A Bosch Ventures decidiu ampliar o seu compromisso com a tecnologia limpa atrav\u00e9s de dois investimentos no setor da reciclagem de baterias","robots":{"index":"index","follow":"follow","max-snippet":"max-snippet:-1","max-image-preview":"max-image-preview:large","max-video-preview":"max-video-preview:-1"},"canonical":"https:\/\/jornaldasoficinas.com\/pt\/bosch-ventures-faz-novo-investimento-em-tecnologia-limpa\/","og_locale":"pt_PT","og_type":"article","og_title":"Bosch Ventures faz novo investimento em tecnologia limpa - Jornal das Oficinas","og_description":"A Bosch Ventures decidiu ampliar o seu compromisso com a tecnologia limpa atrav\u00e9s de dois investimentos no setor da reciclagem de baterias","og_url":"https:\/\/jornaldasoficinas.com\/pt\/bosch-ventures-faz-novo-investimento-em-tecnologia-limpa\/","og_site_name":"Jornal das Oficinas","article_publisher":"https:\/\/www.facebook.com\/jornaloficinas","article_published_time":"2024-05-16T09:00:33+00:00","og_image":[{"width":1024,"height":581,"url":"https:\/\/jornaldasoficinas.com\/pt\/wp-content\/uploads\/2024\/05\/Bosch-Ventures-aposta-em-tecnologia-limpa-com-novo-investimento.jpg","type":"image\/jpeg"}],"author":"Reda\u00e7\u00e3o JO","twitter_card":"summary_large_image","twitter_creator":"@jornaloficinas","twitter_site":"@jornaloficinas","twitter_misc":{"Escrito por":"Reda\u00e7\u00e3o JO","Tempo estimado de leitura":"5 minutos"},"schema":{"@context":"https:\/\/schema.org","@graph":[{"@type":"Article","@id":"https:\/\/jornaldasoficinas.com\/pt\/bosch-ventures-faz-novo-investimento-em-tecnologia-limpa\/#article","isPartOf":{"@id":"https:\/\/jornaldasoficinas.com\/pt\/bosch-ventures-faz-novo-investimento-em-tecnologia-limpa\/"},"author":{"name":"Reda\u00e7\u00e3o JO","@id":"https:\/\/jornaldasoficinas.com\/pt\/#\/schema\/person\/a38eef5de2c41d9e7c9ac10141afddf3"},"headline":"Bosch Ventures faz novo investimento em tecnologia limpa","datePublished":"2024-05-16T09:00:33+00:00","mainEntityOfPage":{"@id":"https:\/\/jornaldasoficinas.com\/pt\/bosch-ventures-faz-novo-investimento-em-tecnologia-limpa\/"},"wordCount":729,"publisher":{"@id":"https:\/\/jornaldasoficinas.com\/pt\/#organization"},"image":{"@id":"https:\/\/jornaldasoficinas.com\/pt\/bosch-ventures-faz-novo-investimento-em-tecnologia-limpa\/#primaryimage"},"thumbnailUrl":"https:\/\/jornaldasoficinas.com\/pt\/wp-content\/uploads\/2024\/05\/Bosch-Ventures-aposta-em-tecnologia-limpa-com-novo-investimento.jpg","keywords":["Bosch Ventures","Cylib","dois investimentos","Grupo Bosch","Ingo Ramesohl","Li Industries","Lilian Schwich","reciclagem de baterias","tecnologia limpa","Zheng Li"],"articleSection":["Empresas"],"inLanguage":"pt-PT"},{"@type":"WebPage","@id":"https:\/\/jornaldasoficinas.com\/pt\/bosch-ventures-faz-novo-investimento-em-tecnologia-limpa\/","url":"https:\/\/jornaldasoficinas.com\/pt\/bosch-ventures-faz-novo-investimento-em-tecnologia-limpa\/","name":"Bosch Ventures faz novo investimento em tecnologia limpa - Jornal das Oficinas","isPartOf":{"@id":"https:\/\/jornaldasoficinas.com\/pt\/#website"},"primaryImageOfPage":{"@id":"https:\/\/jornaldasoficinas.com\/pt\/bosch-ventures-faz-novo-investimento-em-tecnologia-limpa\/#primaryimage"},"image":{"@id":"https:\/\/jornaldasoficinas.com\/pt\/bosch-ventures-faz-novo-investimento-em-tecnologia-limpa\/#primaryimage"},"thumbnailUrl":"https:\/\/jornaldasoficinas.com\/pt\/wp-content\/uploads\/2024\/05\/Bosch-Ventures-aposta-em-tecnologia-limpa-com-novo-investimento.jpg","datePublished":"2024-05-16T09:00:33+00:00","description":"A Bosch Ventures decidiu ampliar o seu compromisso com a tecnologia limpa atrav\u00e9s de dois investimentos no setor da reciclagem de baterias","breadcrumb":{"@id":"https:\/\/jornaldasoficinas.com\/pt\/bosch-ventures-faz-novo-investimento-em-tecnologia-limpa\/#breadcrumb"},"inLanguage":"pt-PT","potentialAction":[{"@type":"ReadAction","target":["https:\/\/jornaldasoficinas.com\/pt\/bosch-ventures-faz-novo-investimento-em-tecnologia-limpa\/"]}]},{"@type":"ImageObject","inLanguage":"pt-PT","@id":"https:\/\/jornaldasoficinas.com\/pt\/bosch-ventures-faz-novo-investimento-em-tecnologia-limpa\/#primaryimage","url":"https:\/\/jornaldasoficinas.com\/pt\/wp-content\/uploads\/2024\/05\/Bosch-Ventures-aposta-em-tecnologia-limpa-com-novo-investimento.jpg","contentUrl":"https:\/\/jornaldasoficinas.com\/pt\/wp-content\/uploads\/2024\/05\/Bosch-Ventures-aposta-em-tecnologia-limpa-com-novo-investimento.jpg","width":1024,"height":581,"caption":"05 - Bosch Ventures aposta em tecnologia limpa com novo investimento"},{"@type":"BreadcrumbList","@id":"https:\/\/jornaldasoficinas.com\/pt\/bosch-ventures-faz-novo-investimento-em-tecnologia-limpa\/#breadcrumb","itemListElement":[{"@type":"ListItem","position":1,"name":"In\u00edcio","item":"https:\/\/jornaldasoficinas.com\/pt\/"},{"@type":"ListItem","position":2,"name":"Bosch Ventures faz novo investimento em tecnologia limpa"}]},{"@type":"WebSite","@id":"https:\/\/jornaldasoficinas.com\/pt\/#website","url":"https:\/\/jornaldasoficinas.com\/pt\/","name":"Jornal das Oficinas","description":"Jornal independente do Aftermarket Autom\u00f3vel em Portugal","publisher":{"@id":"https:\/\/jornaldasoficinas.com\/pt\/#organization"},"potentialAction":[{"@type":"SearchAction","target":{"@type":"EntryPoint","urlTemplate":"https:\/\/jornaldasoficinas.com\/pt\/?s={search_term_string}"},"query-input":{"@type":"PropertyValueSpecification","valueRequired":true,"valueName":"search_term_string"}}],"inLanguage":"pt-PT"},{"@type":"Organization","@id":"https:\/\/jornaldasoficinas.com\/pt\/#organization","name":"Jornal das Oficinas","url":"https:\/\/jornaldasoficinas.com\/pt\/","logo":{"@type":"ImageObject","inLanguage":"pt-PT","@id":"https:\/\/jornaldasoficinas.com\/pt\/#\/schema\/logo\/image\/","url":"https:\/\/jornaldasoficinas.com\/pt\/wp-content\/uploads\/logoJO-SEO.png","contentUrl":"https:\/\/jornaldasoficinas.com\/pt\/wp-content\/uploads\/logoJO-SEO.png","width":285,"height":450,"caption":"Jornal das Oficinas"},"image":{"@id":"https:\/\/jornaldasoficinas.com\/pt\/#\/schema\/logo\/image\/"},"sameAs":["https:\/\/www.facebook.com\/jornaloficinas","https:\/\/x.com\/jornaloficinas","https:\/\/www.instagram.com\/jornal_oficinas\/","https:\/\/www.linkedin.com\/company\/jornal-das-oficinas\/","https:\/\/www.youtube.com\/channel\/UCbQZBqtcvV-oSQrr7RzINGg"]},{"@type":"Person","@id":"https:\/\/jornaldasoficinas.com\/pt\/#\/schema\/person\/a38eef5de2c41d9e7c9ac10141afddf3","name":"Reda\u00e7\u00e3o JO","image":{"@type":"ImageObject","inLanguage":"pt-PT","@id":"https:\/\/secure.gravatar.com\/avatar\/71f2fa71737ad68a84fea94bc708ddac8ea5b0c4788dc2ad202f3ccb2887742f?s=96&d=wp_user_avatar&r=g","url":"https:\/\/secure.gravatar.com\/avatar\/71f2fa71737ad68a84fea94bc708ddac8ea5b0c4788dc2ad202f3ccb2887742f?s=96&d=wp_user_avatar&r=g","contentUrl":"https:\/\/secure.gravatar.com\/avatar\/71f2fa71737ad68a84fea94bc708ddac8ea5b0c4788dc2ad202f3ccb2887742f?s=96&d=wp_user_avatar&r=g","caption":"Reda\u00e7\u00e3o JO"},"url":"https:\/\/jornaldasoficinas.com\/pt\/author\/joredacao\/"}]}},"_links":{"self":[{"href":"https:\/\/jornaldasoficinas.com\/pt\/wp-json\/wp\/v2\/posts\/84853","targetHints":{"allow":["GET"]}}],"collection":[{"href":"https:\/\/jornaldasoficinas.com\/pt\/wp-json\/wp\/v2\/posts"}],"about":[{"href":"https:\/\/jornaldasoficinas.com\/pt\/wp-json\/wp\/v2\/types\/post"}],"author":[{"embeddable":true,"href":"https:\/\/jornaldasoficinas.com\/pt\/wp-json\/wp\/v2\/users\/15"}],"replies":[{"embeddable":true,"href":"https:\/\/jornaldasoficinas.com\/pt\/wp-json\/wp\/v2\/comments?post=84853"}],"version-history":[{"count":0,"href":"https:\/\/jornaldasoficinas.com\/pt\/wp-json\/wp\/v2\/posts\/84853\/revisions"}],"wp:featuredmedia":[{"embeddable":true,"href":"https:\/\/jornaldasoficinas.com\/pt\/wp-json\/wp\/v2\/media\/84858"}],"wp:attachment":[{"href":"https:\/\/jornaldasoficinas.com\/pt\/wp-json\/wp\/v2\/media?parent=84853"}],"wp:term":[{"taxonomy":"category","embeddable":true,"href":"https:\/\/jornaldasoficinas.com\/pt\/wp-json\/wp\/v2\/categories?post=84853"},{"taxonomy":"post_tag","embeddable":true,"href":"https:\/\/jornaldasoficinas.com\/pt\/wp-json\/wp\/v2\/tags?post=84853"}],"curies":[{"name":"wp","href":"https:\/\/api.w.org\/{rel}","templated":true}]}}