{"id":84902,"date":"2024-05-16T18:00:44","date_gmt":"2024-05-16T17:00:44","guid":{"rendered":"https:\/\/jornaldasoficinas.com\/pt\/?p=84902"},"modified":"2024-05-16T10:51:29","modified_gmt":"2024-05-16T09:51:29","slug":"repsol-defende-aposta-na-industria-para-maior-competitividade","status":"publish","type":"post","link":"https:\/\/jornaldasoficinas.com\/pt\/repsol-defende-aposta-na-industria-para-maior-competitividade\/","title":{"rendered":"Repsol defende aposta na ind\u00fastria para maior competitividade"},"content":{"rendered":"<p><img loading=\"lazy\" decoding=\"async\" class=\"alignnone size-full wp-image-84904\" src=\"https:\/\/jornaldasoficinas.com\/pt\/wp-content\/uploads\/2024\/05\/Repsol-defende-aposta-na-industria-para-maior-competitividade.jpg\" alt=\"05 - Repsol defende aposta na industria para maior competitividade\" width=\"1024\" height=\"581\" srcset=\"https:\/\/jornaldasoficinas.com\/pt\/wp-content\/uploads\/2024\/05\/Repsol-defende-aposta-na-industria-para-maior-competitividade.jpg 1024w, https:\/\/jornaldasoficinas.com\/pt\/wp-content\/uploads\/2024\/05\/Repsol-defende-aposta-na-industria-para-maior-competitividade-300x170.jpg 300w, https:\/\/jornaldasoficinas.com\/pt\/wp-content\/uploads\/2024\/05\/Repsol-defende-aposta-na-industria-para-maior-competitividade-150x85.jpg 150w, https:\/\/jornaldasoficinas.com\/pt\/wp-content\/uploads\/2024\/05\/Repsol-defende-aposta-na-industria-para-maior-competitividade-768x436.jpg 768w\" sizes=\"auto, (max-width: 1024px) 100vw, 1024px\" \/><\/p>\n<p><strong>O Presidente da <a href=\"https:\/\/www.repsol.pt\/particulares\/\" target=\"_blank\" rel=\"noopener\">Repsol<\/a>, Antonio Brufau, destacou no seu discurso na Assembleia Geral de Acionistas da empresa a necessidade de introduzir mudan\u00e7as para que a Europa possa competir nas mesmas condi\u00e7\u00f5es dos Estados Unidos e da China<\/strong><\/p>\n<p>O Presidente da Repsol, Antonio Brufau, defendeu na Assembleia Geral de Acionistas da empresa, a necessidade de fazer mudan\u00e7as e repensar as pol\u00edticas europeias, com o objetivo de alcan\u00e7ar uma Europa competitiva e em p\u00e9 de igualdade com os Estados Unidos e a China.<\/p>\n<p>Antonio Brufau apelou para que a Europa reaja \u00e0 perda do seu peso industrial. Em 2023, o PIB industrial da Uni\u00e3o Europeia situa-se em 17,5%, longe do objetivo de 20% fixado para 2020, enquanto nos Estados Unidos e na China est\u00e1 a crescer.<\/p>\n<p>&#8220;A ind\u00fastria \u00e9 um motor fundamental da prosperidade econ\u00f3mica e do bem-estar social da Europa. Este setor estrat\u00e9gico lidera o desenvolvimento tecnol\u00f3gico e a inova\u00e7\u00e3o, mas tamb\u00e9m se destaca pela sua capacidade de criar empregos de qualidade, pelo seu efeito de atra\u00e7\u00e3o sobre outras \u00e1reas da economia e pelo impacto positivo na balan\u00e7a comercial&#8221;, afirmou Antonio Brufau.<\/p>\n<p>Na sua interven\u00e7\u00e3o, o Presidente da Repsol explicou que a perda de peso industrial se deve a um excesso de regulamenta\u00e7\u00e3o complexa e a uma \u00eanfase excessiva na sustentabilidade, sem ter em conta outros aspetos essenciais, como a garantia de abastecimento. Por outro lado, a China e os Estados Unidos promovem, protegem e incentivam as suas ind\u00fastrias.<\/p>\n<p>O Presidente da Repsol considerou que a Uni\u00e3o Europeia deve continuar a liderar o processo de transi\u00e7\u00e3o energ\u00e9tica, mas colocando as pol\u00edticas industriais na primeira linha das suas prioridades estrat\u00e9gicas: &#8220;O equil\u00edbrio entre a seguran\u00e7a do aprovisionamento energ\u00e9tico, a competitividade e a sustentabilidade, o trilema energ\u00e9tico, \u00e9 fundamental para o desenvolvimento e a prosperidade da nossa regi\u00e3o&#8221;. Como exemplo, apontou os pre\u00e7os da energia: em 2023, o pre\u00e7o da eletricidade para a ind\u00fastria na Europa era 2,6 vezes mais caro do que nos Estados Unidos, e o pre\u00e7o do g\u00e1s natural era 5,8 vezes mais elevado.<\/p>\n<p>Antonio Brufau reconheceu que j\u00e1 h\u00e1 sinais de mudan\u00e7a no Continente e que o novo mandato da Uni\u00e3o Europeia vai reativar as pol\u00edticas para recuperar a competitividade da economia europeia em rela\u00e7\u00e3o a outras regi\u00f5es e reduzir o decl\u00ednio industrial. Caso contr\u00e1rio, o tecido industrial continuar\u00e1 a perder-se e as emiss\u00f5es continuar\u00e3o a ser exportadas para outras regi\u00f5es.<\/p>\n<p>&#8220;Nos pr\u00f3ximos anos, veremos se a Europa continua a ser um mero recreio para a concorr\u00eancia de outros atores ou se relan\u00e7amos a nossa presen\u00e7a, revitalizando a nossa ind\u00fastria e criando um verdadeiro mercado \u00fanico. A transi\u00e7\u00e3o para uma economia de baixo carbono n\u00e3o ser\u00e1 f\u00e1cil nem barata, mas \u00e9 essencial&#8221;, salientou.<\/p>\n<p>O Presidente da Repsol acrescentou que, para o conseguir, &#8220;\u00e9 necess\u00e1rio um compromisso pol\u00edtico a longo prazo para reindustrializar a Europa e poder competir em condi\u00e7\u00f5es de igualdade com outras regi\u00f5es, mas sempre no \u00e2mbito de uma transi\u00e7\u00e3o energ\u00e9tica que obtenha resultados efetivos na luta contra as altera\u00e7\u00f5es clim\u00e1ticas&#8221;.<\/p>\n<p><strong>Aposta na transi\u00e7\u00e3o energ\u00e9tica<\/strong><\/p>\n<p>Por sua vez, o CEO da Repsol, Josu Jon Imaz, no seu discurso aos acionistas, analisou o desempenho operacional e financeiro da empresa em 2023 e entrou na Atualiza\u00e7\u00e3o Estrat\u00e9gica 2024-2027, apresentada em fevereiro passado, depois de ter alcan\u00e7ado, dois anos antes do previsto, a maioria dos objetivos comprometidos no Plano Estrat\u00e9gico 2021-2025.<\/p>\n<p>Josu Jon Imaz recordou que a atual estrat\u00e9gia estabelece um novo quadro de aloca\u00e7\u00e3o de capital com tr\u00eas prioridades principais: melhorar a remunera\u00e7\u00e3o dos acionistas, manter a atual nota\u00e7\u00e3o de cr\u00e9dito e um balan\u00e7o s\u00f3lido, e implementar um plano de investimento l\u00edquido entre 16.000 e 19.000 milh\u00f5es de euros at\u00e9 2027, dos quais mais de 35% ser\u00e3o afetados a iniciativas de baixo carbono.<\/p>\n<p>O CEO da Repsol sublinhou que a pol\u00edtica de remunera\u00e7\u00f5es da empresa &#8211; com o compromisso de destinar entre 25% e 35% do cash flow das opera\u00e7\u00f5es &#8211; continua a ser uma das mais atrativas da bolsa espanhola e do setor. A Repsol distribuir\u00e1 4.600 milh\u00f5es em dinheiro no per\u00edodo 2024-2027, uma remunera\u00e7\u00e3o que ser\u00e1 completada com a recompra de a\u00e7\u00f5es at\u00e9 5.400 milh\u00f5es de euros.<\/p>\n<p>Josu Jon Imaz passou em revista a estrat\u00e9gia que marcar\u00e1 o futuro dos neg\u00f3cios da empresa, destacando a import\u00e2ncia da \u00e1rea Industrial, onde est\u00e3o a ser lan\u00e7adas as bases para transformar os seus complexos industriais em hubs multienerg\u00e9ticos, desenvolvendo plataformas de combust\u00edveis renov\u00e1veis e outras energias de baixo carbono. Na refinaria de Cartagena, a empresa come\u00e7ou a produzir combust\u00edveis 100% renov\u00e1veis em grande escala, com um investimento de 250 milh\u00f5es de euros e uma capacidade de produ\u00e7\u00e3o de 250.000 toneladas por ano.<\/p>\n<p>Neste sentido, Josu Jon Imaz afirmou que o imposto sobre as empresas energ\u00e9ticas, que &#8220;foi concebido como tempor\u00e1rio e extraordin\u00e1rio&#8221;, penaliza o esfor\u00e7o necess\u00e1rio para transformar os complexos industriais em p\u00f3los multienerg\u00e9ticos e progressivamente mais descarbonizados. Al\u00e9m disso, &#8220;penaliza as empresas que, como a Repsol, investem em ativos industriais, geram emprego e garantem a independ\u00eancia energ\u00e9tica do pa\u00eds&#8221;. No entanto, sublinhou o compromisso da empresa com o desenvolvimento industrial, o emprego de qualidade e as tecnologias de ponta.<\/p>\n<p>O CEO da Repsol enumerou as prioridades de todas as \u00e1reas de neg\u00f3cio da empresa. Na \u00e1rea de Explora\u00e7\u00e3o e Produ\u00e7\u00e3o, o foco est\u00e1 na melhoria do portef\u00f3lio para conseguir um neg\u00f3cio mais descarbonizado e com maior potencial de cria\u00e7\u00e3o de valor. O neg\u00f3cio de Clientes continuar\u00e1 a crescer em utilizadores de eletricidade e g\u00e1s e atingir\u00e1 os 11 milh\u00f5es de clientes digitais. E no neg\u00f3cio de Gera\u00e7\u00e3o de Baixo Carbono, ser\u00e3o atingidos entre 9.000 MW e 10.000 MW de capacidade instalada at\u00e9 2027.<\/p>\n<p>&#8220;Temos uma oferta multienerg\u00e9tica digital e sustent\u00e1vel para os nossos clientes. Temos uma proposta de valor \u00fanica, algo que n\u00e3o \u00e9 facilmente igualado por outros concorrentes&#8221;, afirmou o respons\u00e1vel.<\/p>\n<p>&#8220;Continuaremos a oferecer todas as formas de energia de que a sociedade necessita, sendo o \u00fanico limite a tecnologia e n\u00e3o a ideologia. Continuaremos a faz\u00ea-lo de forma competitiva e cada vez mais sustent\u00e1vel e descarbonizada. A nossa Atualiza\u00e7\u00e3o Estrat\u00e9gica 2024-2027 far\u00e1 com que o tecido industrial da Pen\u00ednsula Ib\u00e9rica evolua para um tecido mais sustent\u00e1vel e circular&#8221;, concluiu o CEO da Repsol.<\/p>\n<p><strong>Delibera\u00e7\u00f5es da Assembleia Geral de Acionistas<\/strong><\/p>\n<p>Os acionistas, que aprovaram a gest\u00e3o da empresa em 2023, aprovaram igualmente a proposta de um dividendo final de 0,5 euros brutos por a\u00e7\u00e3o &#8211; imputado aos lucros do exerc\u00edcio de 2023 &#8211; a pagar em 8 de julho e que ser\u00e1 adicionado \u00e0 remunera\u00e7\u00e3o paga em janeiro deste ano. O dividendo em dinheiro ser\u00e1 assim aumentado em 29%, para 0,90 euros brutos por a\u00e7\u00e3o, em compara\u00e7\u00e3o com o ano anterior.<\/p>\n<p>Os acionistas aprovaram igualmente a distribui\u00e7\u00e3o de um montante adicional de 0,45 euros brutos por a\u00e7\u00e3o a partir das reservas livres, que dever\u00e1 ser distribu\u00eddo em janeiro de 2025, em data a determinar pelo Conselho de Administra\u00e7\u00e3o. A Assembleia Geral de Acionistas deu igualmente luz verde a uma redu\u00e7\u00e3o do capital social atrav\u00e9s do resgate de 40 milh\u00f5es de a\u00e7\u00f5es pr\u00f3prias e \u00e0 delega\u00e7\u00e3o no Conselho de Administra\u00e7\u00e3o do poder de proceder a redu\u00e7\u00f5es adicionais de capital at\u00e9 um m\u00e1ximo de 121.739.605 a\u00e7\u00f5es pr\u00f3prias, equivalentes a 10% do capital social, a fim de dispor de maior flexibilidade no resgate de a\u00e7\u00f5es.<\/p>\n<p>A estrat\u00e9gia de transi\u00e7\u00e3o energ\u00e9tica da empresa, submetida \u00e0 Assembleia Geral a t\u00edtulo consultivo e centrada na obten\u00e7\u00e3o de emiss\u00f5es l\u00edquidas nulas at\u00e9 2050, foi igualmente aprovada pelos acionistas.<\/p>\n<p>&nbsp;<\/p>\n","protected":false},"excerpt":{"rendered":"<p>O Presidente da Repsol, Antonio Brufau,&#8230;<\/p>\n","protected":false},"author":15,"featured_media":84904,"comment_status":"closed","ping_status":"closed","sticky":false,"template":"","format":"standard","meta":{"footnotes":""},"categories":[29],"tags":[9106,9105,9107,9108,9104,46,1030],"class_list":["post-84902","post","type-post","status-publish","format-standard","has-post-thumbnail","hentry","category-empresas","tag-antonio-brufau","tag-aposta-na-industria","tag-assembleia-geral-de-acionistas","tag-introducao-de-mudancas","tag-maior-competitividade","tag-repsol","tag-transicao-energetica"],"yoast_head":"<!-- This site is optimized with the Yoast SEO plugin v27.5 - https:\/\/yoast.com\/product\/yoast-seo-wordpress\/ -->\n<title>Repsol defende aposta na ind\u00fastria para maior competitividade - Jornal das Oficinas<\/title>\n<meta name=\"description\" content=\"O Presidente da Repsol, Antonio Brufau, destacou na Assembleia Geral de Acionistas da empresa a necessidade de introduzir mudan\u00e7as\" \/>\n<meta name=\"robots\" content=\"index, follow, max-snippet:-1, max-image-preview:large, max-video-preview:-1\" \/>\n<link rel=\"canonical\" href=\"https:\/\/jornaldasoficinas.com\/pt\/repsol-defende-aposta-na-industria-para-maior-competitividade\/\" \/>\n<meta property=\"og:locale\" content=\"pt_PT\" \/>\n<meta property=\"og:type\" content=\"article\" \/>\n<meta property=\"og:title\" content=\"Repsol defende aposta na ind\u00fastria para maior competitividade - Jornal das Oficinas\" \/>\n<meta property=\"og:description\" content=\"O Presidente da Repsol, Antonio Brufau, destacou na Assembleia Geral de Acionistas da empresa a necessidade de introduzir mudan\u00e7as\" \/>\n<meta property=\"og:url\" content=\"https:\/\/jornaldasoficinas.com\/pt\/repsol-defende-aposta-na-industria-para-maior-competitividade\/\" \/>\n<meta property=\"og:site_name\" content=\"Jornal das Oficinas\" \/>\n<meta property=\"article:publisher\" content=\"https:\/\/www.facebook.com\/jornaloficinas\" \/>\n<meta property=\"article:published_time\" content=\"2024-05-16T17:00:44+00:00\" \/>\n<meta property=\"og:image\" content=\"https:\/\/jornaldasoficinas.com\/pt\/wp-content\/uploads\/2024\/05\/Repsol-defende-aposta-na-industria-para-maior-competitividade.jpg\" \/>\n\t<meta property=\"og:image:width\" content=\"1024\" \/>\n\t<meta property=\"og:image:height\" content=\"581\" \/>\n\t<meta property=\"og:image:type\" content=\"image\/jpeg\" \/>\n<meta name=\"author\" content=\"Reda\u00e7\u00e3o JO\" \/>\n<meta name=\"twitter:card\" content=\"summary_large_image\" \/>\n<meta name=\"twitter:creator\" content=\"@jornaloficinas\" \/>\n<meta name=\"twitter:site\" content=\"@jornaloficinas\" \/>\n<meta name=\"twitter:label1\" content=\"Escrito por\" \/>\n\t<meta name=\"twitter:data1\" content=\"Reda\u00e7\u00e3o JO\" \/>\n\t<meta name=\"twitter:label2\" content=\"Tempo estimado de leitura\" \/>\n\t<meta name=\"twitter:data2\" content=\"8 minutos\" \/>\n<script type=\"application\/ld+json\" class=\"yoast-schema-graph\">{\"@context\":\"https:\\\/\\\/schema.org\",\"@graph\":[{\"@type\":\"Article\",\"@id\":\"https:\\\/\\\/jornaldasoficinas.com\\\/pt\\\/repsol-defende-aposta-na-industria-para-maior-competitividade\\\/#article\",\"isPartOf\":{\"@id\":\"https:\\\/\\\/jornaldasoficinas.com\\\/pt\\\/repsol-defende-aposta-na-industria-para-maior-competitividade\\\/\"},\"author\":{\"name\":\"Reda\u00e7\u00e3o JO\",\"@id\":\"https:\\\/\\\/jornaldasoficinas.com\\\/pt\\\/#\\\/schema\\\/person\\\/a38eef5de2c41d9e7c9ac10141afddf3\"},\"headline\":\"Repsol defende aposta na ind\u00fastria para maior competitividade\",\"datePublished\":\"2024-05-16T17:00:44+00:00\",\"mainEntityOfPage\":{\"@id\":\"https:\\\/\\\/jornaldasoficinas.com\\\/pt\\\/repsol-defende-aposta-na-industria-para-maior-competitividade\\\/\"},\"wordCount\":1349,\"publisher\":{\"@id\":\"https:\\\/\\\/jornaldasoficinas.com\\\/pt\\\/#organization\"},\"image\":{\"@id\":\"https:\\\/\\\/jornaldasoficinas.com\\\/pt\\\/repsol-defende-aposta-na-industria-para-maior-competitividade\\\/#primaryimage\"},\"thumbnailUrl\":\"https:\\\/\\\/jornaldasoficinas.com\\\/pt\\\/wp-content\\\/uploads\\\/2024\\\/05\\\/Repsol-defende-aposta-na-industria-para-maior-competitividade.jpg\",\"keywords\":[\"Antonio Brufau\",\"aposta na ind\u00fastria\",\"Assembleia Geral de Acionistas\",\"introdu\u00e7\u00e3o de mudan\u00e7as\",\"maior competitividade\",\"Repsol\",\"transi\u00e7\u00e3o energ\u00e9tica\"],\"articleSection\":[\"Empresas\"],\"inLanguage\":\"pt-PT\"},{\"@type\":\"WebPage\",\"@id\":\"https:\\\/\\\/jornaldasoficinas.com\\\/pt\\\/repsol-defende-aposta-na-industria-para-maior-competitividade\\\/\",\"url\":\"https:\\\/\\\/jornaldasoficinas.com\\\/pt\\\/repsol-defende-aposta-na-industria-para-maior-competitividade\\\/\",\"name\":\"Repsol defende aposta na ind\u00fastria para maior competitividade - Jornal das Oficinas\",\"isPartOf\":{\"@id\":\"https:\\\/\\\/jornaldasoficinas.com\\\/pt\\\/#website\"},\"primaryImageOfPage\":{\"@id\":\"https:\\\/\\\/jornaldasoficinas.com\\\/pt\\\/repsol-defende-aposta-na-industria-para-maior-competitividade\\\/#primaryimage\"},\"image\":{\"@id\":\"https:\\\/\\\/jornaldasoficinas.com\\\/pt\\\/repsol-defende-aposta-na-industria-para-maior-competitividade\\\/#primaryimage\"},\"thumbnailUrl\":\"https:\\\/\\\/jornaldasoficinas.com\\\/pt\\\/wp-content\\\/uploads\\\/2024\\\/05\\\/Repsol-defende-aposta-na-industria-para-maior-competitividade.jpg\",\"datePublished\":\"2024-05-16T17:00:44+00:00\",\"description\":\"O Presidente da Repsol, Antonio Brufau, destacou na Assembleia Geral de Acionistas da empresa a necessidade de introduzir mudan\u00e7as\",\"breadcrumb\":{\"@id\":\"https:\\\/\\\/jornaldasoficinas.com\\\/pt\\\/repsol-defende-aposta-na-industria-para-maior-competitividade\\\/#breadcrumb\"},\"inLanguage\":\"pt-PT\",\"potentialAction\":[{\"@type\":\"ReadAction\",\"target\":[\"https:\\\/\\\/jornaldasoficinas.com\\\/pt\\\/repsol-defende-aposta-na-industria-para-maior-competitividade\\\/\"]}]},{\"@type\":\"ImageObject\",\"inLanguage\":\"pt-PT\",\"@id\":\"https:\\\/\\\/jornaldasoficinas.com\\\/pt\\\/repsol-defende-aposta-na-industria-para-maior-competitividade\\\/#primaryimage\",\"url\":\"https:\\\/\\\/jornaldasoficinas.com\\\/pt\\\/wp-content\\\/uploads\\\/2024\\\/05\\\/Repsol-defende-aposta-na-industria-para-maior-competitividade.jpg\",\"contentUrl\":\"https:\\\/\\\/jornaldasoficinas.com\\\/pt\\\/wp-content\\\/uploads\\\/2024\\\/05\\\/Repsol-defende-aposta-na-industria-para-maior-competitividade.jpg\",\"width\":1024,\"height\":581,\"caption\":\"05 - Repsol defende aposta na industria para maior competitividade\"},{\"@type\":\"BreadcrumbList\",\"@id\":\"https:\\\/\\\/jornaldasoficinas.com\\\/pt\\\/repsol-defende-aposta-na-industria-para-maior-competitividade\\\/#breadcrumb\",\"itemListElement\":[{\"@type\":\"ListItem\",\"position\":1,\"name\":\"In\u00edcio\",\"item\":\"https:\\\/\\\/jornaldasoficinas.com\\\/pt\\\/\"},{\"@type\":\"ListItem\",\"position\":2,\"name\":\"Repsol defende aposta na ind\u00fastria para maior competitividade\"}]},{\"@type\":\"WebSite\",\"@id\":\"https:\\\/\\\/jornaldasoficinas.com\\\/pt\\\/#website\",\"url\":\"https:\\\/\\\/jornaldasoficinas.com\\\/pt\\\/\",\"name\":\"Jornal das Oficinas\",\"description\":\"Jornal independente do Aftermarket Autom\u00f3vel em Portugal\",\"publisher\":{\"@id\":\"https:\\\/\\\/jornaldasoficinas.com\\\/pt\\\/#organization\"},\"potentialAction\":[{\"@type\":\"SearchAction\",\"target\":{\"@type\":\"EntryPoint\",\"urlTemplate\":\"https:\\\/\\\/jornaldasoficinas.com\\\/pt\\\/?s={search_term_string}\"},\"query-input\":{\"@type\":\"PropertyValueSpecification\",\"valueRequired\":true,\"valueName\":\"search_term_string\"}}],\"inLanguage\":\"pt-PT\"},{\"@type\":\"Organization\",\"@id\":\"https:\\\/\\\/jornaldasoficinas.com\\\/pt\\\/#organization\",\"name\":\"Jornal das Oficinas\",\"url\":\"https:\\\/\\\/jornaldasoficinas.com\\\/pt\\\/\",\"logo\":{\"@type\":\"ImageObject\",\"inLanguage\":\"pt-PT\",\"@id\":\"https:\\\/\\\/jornaldasoficinas.com\\\/pt\\\/#\\\/schema\\\/logo\\\/image\\\/\",\"url\":\"https:\\\/\\\/jornaldasoficinas.com\\\/pt\\\/wp-content\\\/uploads\\\/logoJO-SEO.png\",\"contentUrl\":\"https:\\\/\\\/jornaldasoficinas.com\\\/pt\\\/wp-content\\\/uploads\\\/logoJO-SEO.png\",\"width\":285,\"height\":450,\"caption\":\"Jornal das Oficinas\"},\"image\":{\"@id\":\"https:\\\/\\\/jornaldasoficinas.com\\\/pt\\\/#\\\/schema\\\/logo\\\/image\\\/\"},\"sameAs\":[\"https:\\\/\\\/www.facebook.com\\\/jornaloficinas\",\"https:\\\/\\\/x.com\\\/jornaloficinas\",\"https:\\\/\\\/www.instagram.com\\\/jornal_oficinas\\\/\",\"https:\\\/\\\/www.linkedin.com\\\/company\\\/jornal-das-oficinas\\\/\",\"https:\\\/\\\/www.youtube.com\\\/channel\\\/UCbQZBqtcvV-oSQrr7RzINGg\"]},{\"@type\":\"Person\",\"@id\":\"https:\\\/\\\/jornaldasoficinas.com\\\/pt\\\/#\\\/schema\\\/person\\\/a38eef5de2c41d9e7c9ac10141afddf3\",\"name\":\"Reda\u00e7\u00e3o JO\",\"image\":{\"@type\":\"ImageObject\",\"inLanguage\":\"pt-PT\",\"@id\":\"https:\\\/\\\/secure.gravatar.com\\\/avatar\\\/71f2fa71737ad68a84fea94bc708ddac8ea5b0c4788dc2ad202f3ccb2887742f?s=96&d=wp_user_avatar&r=g\",\"url\":\"https:\\\/\\\/secure.gravatar.com\\\/avatar\\\/71f2fa71737ad68a84fea94bc708ddac8ea5b0c4788dc2ad202f3ccb2887742f?s=96&d=wp_user_avatar&r=g\",\"contentUrl\":\"https:\\\/\\\/secure.gravatar.com\\\/avatar\\\/71f2fa71737ad68a84fea94bc708ddac8ea5b0c4788dc2ad202f3ccb2887742f?s=96&d=wp_user_avatar&r=g\",\"caption\":\"Reda\u00e7\u00e3o JO\"},\"url\":\"https:\\\/\\\/jornaldasoficinas.com\\\/pt\\\/author\\\/joredacao\\\/\"}]}<\/script>\n<!-- \/ Yoast SEO plugin. -->","yoast_head_json":{"title":"Repsol defende aposta na ind\u00fastria para maior competitividade - Jornal das Oficinas","description":"O Presidente da Repsol, Antonio Brufau, destacou na Assembleia Geral de Acionistas da empresa a necessidade de introduzir mudan\u00e7as","robots":{"index":"index","follow":"follow","max-snippet":"max-snippet:-1","max-image-preview":"max-image-preview:large","max-video-preview":"max-video-preview:-1"},"canonical":"https:\/\/jornaldasoficinas.com\/pt\/repsol-defende-aposta-na-industria-para-maior-competitividade\/","og_locale":"pt_PT","og_type":"article","og_title":"Repsol defende aposta na ind\u00fastria para maior competitividade - Jornal das Oficinas","og_description":"O Presidente da Repsol, Antonio Brufau, destacou na Assembleia Geral de Acionistas da empresa a necessidade de introduzir mudan\u00e7as","og_url":"https:\/\/jornaldasoficinas.com\/pt\/repsol-defende-aposta-na-industria-para-maior-competitividade\/","og_site_name":"Jornal das Oficinas","article_publisher":"https:\/\/www.facebook.com\/jornaloficinas","article_published_time":"2024-05-16T17:00:44+00:00","og_image":[{"width":1024,"height":581,"url":"https:\/\/jornaldasoficinas.com\/pt\/wp-content\/uploads\/2024\/05\/Repsol-defende-aposta-na-industria-para-maior-competitividade.jpg","type":"image\/jpeg"}],"author":"Reda\u00e7\u00e3o JO","twitter_card":"summary_large_image","twitter_creator":"@jornaloficinas","twitter_site":"@jornaloficinas","twitter_misc":{"Escrito por":"Reda\u00e7\u00e3o JO","Tempo estimado de leitura":"8 minutos"},"schema":{"@context":"https:\/\/schema.org","@graph":[{"@type":"Article","@id":"https:\/\/jornaldasoficinas.com\/pt\/repsol-defende-aposta-na-industria-para-maior-competitividade\/#article","isPartOf":{"@id":"https:\/\/jornaldasoficinas.com\/pt\/repsol-defende-aposta-na-industria-para-maior-competitividade\/"},"author":{"name":"Reda\u00e7\u00e3o JO","@id":"https:\/\/jornaldasoficinas.com\/pt\/#\/schema\/person\/a38eef5de2c41d9e7c9ac10141afddf3"},"headline":"Repsol defende aposta na ind\u00fastria para maior competitividade","datePublished":"2024-05-16T17:00:44+00:00","mainEntityOfPage":{"@id":"https:\/\/jornaldasoficinas.com\/pt\/repsol-defende-aposta-na-industria-para-maior-competitividade\/"},"wordCount":1349,"publisher":{"@id":"https:\/\/jornaldasoficinas.com\/pt\/#organization"},"image":{"@id":"https:\/\/jornaldasoficinas.com\/pt\/repsol-defende-aposta-na-industria-para-maior-competitividade\/#primaryimage"},"thumbnailUrl":"https:\/\/jornaldasoficinas.com\/pt\/wp-content\/uploads\/2024\/05\/Repsol-defende-aposta-na-industria-para-maior-competitividade.jpg","keywords":["Antonio Brufau","aposta na ind\u00fastria","Assembleia Geral de Acionistas","introdu\u00e7\u00e3o de mudan\u00e7as","maior competitividade","Repsol","transi\u00e7\u00e3o energ\u00e9tica"],"articleSection":["Empresas"],"inLanguage":"pt-PT"},{"@type":"WebPage","@id":"https:\/\/jornaldasoficinas.com\/pt\/repsol-defende-aposta-na-industria-para-maior-competitividade\/","url":"https:\/\/jornaldasoficinas.com\/pt\/repsol-defende-aposta-na-industria-para-maior-competitividade\/","name":"Repsol defende aposta na ind\u00fastria para maior competitividade - Jornal das Oficinas","isPartOf":{"@id":"https:\/\/jornaldasoficinas.com\/pt\/#website"},"primaryImageOfPage":{"@id":"https:\/\/jornaldasoficinas.com\/pt\/repsol-defende-aposta-na-industria-para-maior-competitividade\/#primaryimage"},"image":{"@id":"https:\/\/jornaldasoficinas.com\/pt\/repsol-defende-aposta-na-industria-para-maior-competitividade\/#primaryimage"},"thumbnailUrl":"https:\/\/jornaldasoficinas.com\/pt\/wp-content\/uploads\/2024\/05\/Repsol-defende-aposta-na-industria-para-maior-competitividade.jpg","datePublished":"2024-05-16T17:00:44+00:00","description":"O Presidente da Repsol, Antonio Brufau, destacou na Assembleia Geral de Acionistas da empresa a necessidade de introduzir mudan\u00e7as","breadcrumb":{"@id":"https:\/\/jornaldasoficinas.com\/pt\/repsol-defende-aposta-na-industria-para-maior-competitividade\/#breadcrumb"},"inLanguage":"pt-PT","potentialAction":[{"@type":"ReadAction","target":["https:\/\/jornaldasoficinas.com\/pt\/repsol-defende-aposta-na-industria-para-maior-competitividade\/"]}]},{"@type":"ImageObject","inLanguage":"pt-PT","@id":"https:\/\/jornaldasoficinas.com\/pt\/repsol-defende-aposta-na-industria-para-maior-competitividade\/#primaryimage","url":"https:\/\/jornaldasoficinas.com\/pt\/wp-content\/uploads\/2024\/05\/Repsol-defende-aposta-na-industria-para-maior-competitividade.jpg","contentUrl":"https:\/\/jornaldasoficinas.com\/pt\/wp-content\/uploads\/2024\/05\/Repsol-defende-aposta-na-industria-para-maior-competitividade.jpg","width":1024,"height":581,"caption":"05 - Repsol defende aposta na industria para maior competitividade"},{"@type":"BreadcrumbList","@id":"https:\/\/jornaldasoficinas.com\/pt\/repsol-defende-aposta-na-industria-para-maior-competitividade\/#breadcrumb","itemListElement":[{"@type":"ListItem","position":1,"name":"In\u00edcio","item":"https:\/\/jornaldasoficinas.com\/pt\/"},{"@type":"ListItem","position":2,"name":"Repsol defende aposta na ind\u00fastria para maior competitividade"}]},{"@type":"WebSite","@id":"https:\/\/jornaldasoficinas.com\/pt\/#website","url":"https:\/\/jornaldasoficinas.com\/pt\/","name":"Jornal das Oficinas","description":"Jornal independente do Aftermarket Autom\u00f3vel em Portugal","publisher":{"@id":"https:\/\/jornaldasoficinas.com\/pt\/#organization"},"potentialAction":[{"@type":"SearchAction","target":{"@type":"EntryPoint","urlTemplate":"https:\/\/jornaldasoficinas.com\/pt\/?s={search_term_string}"},"query-input":{"@type":"PropertyValueSpecification","valueRequired":true,"valueName":"search_term_string"}}],"inLanguage":"pt-PT"},{"@type":"Organization","@id":"https:\/\/jornaldasoficinas.com\/pt\/#organization","name":"Jornal das Oficinas","url":"https:\/\/jornaldasoficinas.com\/pt\/","logo":{"@type":"ImageObject","inLanguage":"pt-PT","@id":"https:\/\/jornaldasoficinas.com\/pt\/#\/schema\/logo\/image\/","url":"https:\/\/jornaldasoficinas.com\/pt\/wp-content\/uploads\/logoJO-SEO.png","contentUrl":"https:\/\/jornaldasoficinas.com\/pt\/wp-content\/uploads\/logoJO-SEO.png","width":285,"height":450,"caption":"Jornal das Oficinas"},"image":{"@id":"https:\/\/jornaldasoficinas.com\/pt\/#\/schema\/logo\/image\/"},"sameAs":["https:\/\/www.facebook.com\/jornaloficinas","https:\/\/x.com\/jornaloficinas","https:\/\/www.instagram.com\/jornal_oficinas\/","https:\/\/www.linkedin.com\/company\/jornal-das-oficinas\/","https:\/\/www.youtube.com\/channel\/UCbQZBqtcvV-oSQrr7RzINGg"]},{"@type":"Person","@id":"https:\/\/jornaldasoficinas.com\/pt\/#\/schema\/person\/a38eef5de2c41d9e7c9ac10141afddf3","name":"Reda\u00e7\u00e3o JO","image":{"@type":"ImageObject","inLanguage":"pt-PT","@id":"https:\/\/secure.gravatar.com\/avatar\/71f2fa71737ad68a84fea94bc708ddac8ea5b0c4788dc2ad202f3ccb2887742f?s=96&d=wp_user_avatar&r=g","url":"https:\/\/secure.gravatar.com\/avatar\/71f2fa71737ad68a84fea94bc708ddac8ea5b0c4788dc2ad202f3ccb2887742f?s=96&d=wp_user_avatar&r=g","contentUrl":"https:\/\/secure.gravatar.com\/avatar\/71f2fa71737ad68a84fea94bc708ddac8ea5b0c4788dc2ad202f3ccb2887742f?s=96&d=wp_user_avatar&r=g","caption":"Reda\u00e7\u00e3o JO"},"url":"https:\/\/jornaldasoficinas.com\/pt\/author\/joredacao\/"}]}},"_links":{"self":[{"href":"https:\/\/jornaldasoficinas.com\/pt\/wp-json\/wp\/v2\/posts\/84902","targetHints":{"allow":["GET"]}}],"collection":[{"href":"https:\/\/jornaldasoficinas.com\/pt\/wp-json\/wp\/v2\/posts"}],"about":[{"href":"https:\/\/jornaldasoficinas.com\/pt\/wp-json\/wp\/v2\/types\/post"}],"author":[{"embeddable":true,"href":"https:\/\/jornaldasoficinas.com\/pt\/wp-json\/wp\/v2\/users\/15"}],"replies":[{"embeddable":true,"href":"https:\/\/jornaldasoficinas.com\/pt\/wp-json\/wp\/v2\/comments?post=84902"}],"version-history":[{"count":0,"href":"https:\/\/jornaldasoficinas.com\/pt\/wp-json\/wp\/v2\/posts\/84902\/revisions"}],"wp:featuredmedia":[{"embeddable":true,"href":"https:\/\/jornaldasoficinas.com\/pt\/wp-json\/wp\/v2\/media\/84904"}],"wp:attachment":[{"href":"https:\/\/jornaldasoficinas.com\/pt\/wp-json\/wp\/v2\/media?parent=84902"}],"wp:term":[{"taxonomy":"category","embeddable":true,"href":"https:\/\/jornaldasoficinas.com\/pt\/wp-json\/wp\/v2\/categories?post=84902"},{"taxonomy":"post_tag","embeddable":true,"href":"https:\/\/jornaldasoficinas.com\/pt\/wp-json\/wp\/v2\/tags?post=84902"}],"curies":[{"name":"wp","href":"https:\/\/api.w.org\/{rel}","templated":true}]}}