{"id":85090,"date":"2024-05-21T10:00:25","date_gmt":"2024-05-21T09:00:25","guid":{"rendered":"https:\/\/jornaldasoficinas.com\/pt\/?p=85090"},"modified":"2024-05-20T16:14:26","modified_gmt":"2024-05-20T15:14:26","slug":"ctw-talk-debate-integracao-da-conducao-autonoma","status":"publish","type":"post","link":"https:\/\/jornaldasoficinas.com\/pt\/ctw-talk-debate-integracao-da-conducao-autonoma\/","title":{"rendered":"CTW Talk debate integra\u00e7\u00e3o da condu\u00e7\u00e3o aut\u00f3noma"},"content":{"rendered":"<p><strong><img loading=\"lazy\" decoding=\"async\" class=\"alignnone size-full wp-image-85096\" src=\"https:\/\/jornaldasoficinas.com\/pt\/wp-content\/uploads\/2024\/05\/CTW-Talk-debate-integracao-da-conducao-autonoma.jpg\" alt=\"05 - CTW Talk debate integracao da conducao autonoma\" width=\"1024\" height=\"581\" srcset=\"https:\/\/jornaldasoficinas.com\/pt\/wp-content\/uploads\/2024\/05\/CTW-Talk-debate-integracao-da-conducao-autonoma.jpg 1024w, https:\/\/jornaldasoficinas.com\/pt\/wp-content\/uploads\/2024\/05\/CTW-Talk-debate-integracao-da-conducao-autonoma-300x170.jpg 300w, https:\/\/jornaldasoficinas.com\/pt\/wp-content\/uploads\/2024\/05\/CTW-Talk-debate-integracao-da-conducao-autonoma-150x85.jpg 150w, https:\/\/jornaldasoficinas.com\/pt\/wp-content\/uploads\/2024\/05\/CTW-Talk-debate-integracao-da-conducao-autonoma-768x436.jpg 768w\" sizes=\"auto, (max-width: 1024px) 100vw, 1024px\" \/><\/strong><\/p>\n<p><strong>A integra\u00e7\u00e3o da condu\u00e7\u00e3o aut\u00f3noma em contexto urbano e o estado de evolu\u00e7\u00e3o desta tecnologia em ve\u00edculos foram os principais temas em debate na primeira <a href=\"https:\/\/www.criticaltechworks.com\/\">CTW Talk<\/a>, organizada pela tecnol\u00f3gica <a href=\"https:\/\/www.criticaltechworks.com\/\">Critical TechWorks<\/a><\/strong><\/p>\n<p>Jo\u00e3o Esteves, Chief Technical Titan na Critical TechWorks, juntaram-se no painel Fernando Rosa, Chefe da Divis\u00e3o de Estudos e Planeamento da Dire\u00e7\u00e3o Municipal da Mobilidade da <a href=\"https:\/\/www.lisboa.pt\/\">C\u00e2mara Municipal de Lisboa<\/a> (CML), Rui Cardoso, Diretor da \u00e1rea de Cross-Domain Computing Solutions and ADAS System na <a href=\"https:\/\/www.boschaftermarket.com\/pt\/pt\/\">Bosch<\/a>, e ainda Pedro Braga, C++ Architect na<a href=\"https:\/\/intellias.com\/\"> Intellias<\/a>.<\/p>\n<p>O painel abriu com uma reflex\u00e3o sobre a evolu\u00e7\u00e3o da condu\u00e7\u00e3o aut\u00f3noma nos \u00faltimos anos, a cargo do orador\u00a0da Critical TechWorks, Jo\u00e3o Esteves, que destacou\u00a0que \u201centr\u00e1mos numa fase que se pode chamar de \u201cp\u00f3s-hype\u201d. O entusiasmo inicial \u00e9 agora visto com maior pragmatismo e realismo, em que a introdu\u00e7\u00e3o de tecnologia nos ve\u00edculos vai ao encontro dos desafios enfrentados no desenvolvimento do carro do futuro\u201d.\u00a0<strong>\u00a0<\/strong><\/p>\n<p>O tema seguinte em discuss\u00e3o teve como foco o impacto da condu\u00e7\u00e3o aut\u00f3noma na mobilidade urbana, em que<strong>\u00a0<\/strong>Fernando Rosa, da CML, referiu que\u00a0\u201cneste momento estamos numa fase de testes e continuaremos neste processo. \u00c9 necess\u00e1rio testar a tecnologia e retirar ila\u00e7\u00f5es, sendo que a utilidade da tecnologia para a gest\u00e3o de tr\u00e1fego depende do n\u00edvel de automa\u00e7\u00e3o e da sua maturidade\u201d. O\u00a0especialista de mobilidade urbana indicou ainda<strong>\u00a0<\/strong>\u201cque a automa\u00e7\u00e3o s\u00f3 estar\u00e1 conclu\u00edda no fim do s\u00e9culo, e que o processo de regulamenta\u00e7\u00e3o ser\u00e1 t\u00e3o longo quanto o de inova\u00e7\u00e3o. Por exemplo, no caso do sistema de transportes poderemos demorar cerca 20 anos a equacionar uma resposta de condu\u00e7\u00e3o aut\u00f3noma\u201d.<\/p>\n<p>J\u00e1\u00a0Rui Cardoso, especialista da Bosch, deu a sua vis\u00e3o sobre o uso dos sistemas de condu\u00e7\u00e3o aut\u00f3noma e a import\u00e2ncia da conectividade em contexto urbano, em que afirma que \u201co ambiente urbano neste contexto \u00e9 o maior desafio do ponto de vista tecnol\u00f3gico e, no futuro, os ve\u00edculos ir\u00e3o necessariamente comunicar entre si e a infraestrutura\u201d.\u00a0Noutra perspetiva, afirmou ainda que\u00a0\u201cprecisamos de introduzir sistemas de automa\u00e7\u00e3o de ajuda ao condutor de uma forma gradual, de forma a conseguirmos ganhar confian\u00e7a num ambiente urbano\u201d.<\/p>\n<p>No \u00faltimo tema de conversa da primeira CTW Talk, relativamente \u00e0s quest\u00f5es de seguran\u00e7a com introdu\u00e7\u00e3o da condu\u00e7\u00e3o aut\u00f3noma,\u00a0Pedro Braga, C++ Architect na Intellias, sublinhou que\u00a0\u201cos desafios de seguran\u00e7a s\u00e3o altamente exigentes, e para isso \u00e9 necess\u00e1rio gerar dados com qualidade para serem usados com precis\u00e3o e tomar as decis\u00f5es corretas. Por outro lado, temos as quest\u00f5es legais e \u00e9ticas, que v\u00e3o ter de ser consideradas cuidadosamente para garantir a seguran\u00e7a e a aceita\u00e7\u00e3o social destas tecnologias\u201d.<\/p>\n<p>A Critical TechWorks \u00e9 a joint-venture entre a <a href=\"https:\/\/criticalsoftware.com\/\">Critical Software<\/a> e o <a href=\"https:\/\/www.bmwgroup.com\/en.html\">BMW Group<\/a> e foi fundada em setembro de 2018 com o objetivo de apoiar a marca alem\u00e3 na transforma\u00e7\u00e3o digital da sua atividade e da experi\u00eancia dos condutores e passageiros dos seus ve\u00edculos, entre outros projetos para o BMW Group. Atualmente, a empresa conta com mais de 2400 colaboradores, prevendo contratar mais 500 pessoas em 2024, distribu\u00eddos pelos tr\u00eas escrit\u00f3rios de Lisboa, Porto e Braga.<\/p>\n<p>&nbsp;<\/p>\n<p>&nbsp;<\/p>\n","protected":false},"excerpt":{"rendered":"<p>A integra\u00e7\u00e3o da condu\u00e7\u00e3o aut\u00f3noma em&#8230;<\/p>\n","protected":false},"author":15,"featured_media":85096,"comment_status":"closed","ping_status":"closed","sticky":false,"template":"","format":"standard","meta":{"footnotes":""},"categories":[37],"tags":[9148,123,1850,832,9146,9147,9149,6261,5905,3198],"class_list":["post-85090","post","type-post","status-publish","format-standard","has-post-thumbnail","hentry","category-mercado","tag-adas-system","tag-bosch","tag-camara-municipal-de-lisboa","tag-conducao-autonoma","tag-critical-techworks","tag-ctw-talk","tag-intellias","tag-mobilidade-urbana","tag-tecnologia","tag-veiculos-conectados"],"yoast_head":"<!-- This site is optimized with the Yoast SEO plugin v27.5 - https:\/\/yoast.com\/product\/yoast-seo-wordpress\/ -->\n<title>CTW Talk debate integra\u00e7\u00e3o da condu\u00e7\u00e3o aut\u00f3noma - Jornal das Oficinas<\/title>\n<meta name=\"description\" content=\"A integra\u00e7\u00e3o da condu\u00e7\u00e3o aut\u00f3noma em contexto urbano e o estado de evolu\u00e7\u00e3o desta tecnologia em ve\u00edculos foram debatidos na primeira CTW Talk\" \/>\n<meta name=\"robots\" content=\"index, follow, max-snippet:-1, max-image-preview:large, max-video-preview:-1\" \/>\n<link rel=\"canonical\" href=\"https:\/\/jornaldasoficinas.com\/pt\/ctw-talk-debate-integracao-da-conducao-autonoma\/\" \/>\n<meta property=\"og:locale\" content=\"pt_PT\" \/>\n<meta property=\"og:type\" content=\"article\" \/>\n<meta property=\"og:title\" content=\"CTW Talk debate integra\u00e7\u00e3o da condu\u00e7\u00e3o aut\u00f3noma - Jornal das Oficinas\" \/>\n<meta property=\"og:description\" content=\"A integra\u00e7\u00e3o da condu\u00e7\u00e3o aut\u00f3noma em contexto urbano e o estado de evolu\u00e7\u00e3o desta tecnologia em ve\u00edculos foram debatidos na primeira CTW Talk\" \/>\n<meta property=\"og:url\" content=\"https:\/\/jornaldasoficinas.com\/pt\/ctw-talk-debate-integracao-da-conducao-autonoma\/\" \/>\n<meta property=\"og:site_name\" content=\"Jornal das Oficinas\" \/>\n<meta property=\"article:publisher\" content=\"https:\/\/www.facebook.com\/jornaloficinas\" \/>\n<meta property=\"article:published_time\" content=\"2024-05-21T09:00:25+00:00\" \/>\n<meta property=\"og:image\" content=\"https:\/\/jornaldasoficinas.com\/pt\/wp-content\/uploads\/2024\/05\/CTW-Talk-debate-integracao-da-conducao-autonoma.jpg\" \/>\n\t<meta property=\"og:image:width\" content=\"1024\" \/>\n\t<meta property=\"og:image:height\" content=\"581\" \/>\n\t<meta property=\"og:image:type\" content=\"image\/jpeg\" \/>\n<meta name=\"author\" content=\"Reda\u00e7\u00e3o JO\" \/>\n<meta name=\"twitter:card\" content=\"summary_large_image\" \/>\n<meta name=\"twitter:creator\" content=\"@jornaloficinas\" \/>\n<meta name=\"twitter:site\" content=\"@jornaloficinas\" \/>\n<meta name=\"twitter:label1\" content=\"Escrito por\" \/>\n\t<meta name=\"twitter:data1\" content=\"Reda\u00e7\u00e3o JO\" \/>\n\t<meta name=\"twitter:label2\" content=\"Tempo estimado de leitura\" \/>\n\t<meta name=\"twitter:data2\" content=\"3 minutos\" \/>\n<script type=\"application\/ld+json\" class=\"yoast-schema-graph\">{\"@context\":\"https:\\\/\\\/schema.org\",\"@graph\":[{\"@type\":\"Article\",\"@id\":\"https:\\\/\\\/jornaldasoficinas.com\\\/pt\\\/ctw-talk-debate-integracao-da-conducao-autonoma\\\/#article\",\"isPartOf\":{\"@id\":\"https:\\\/\\\/jornaldasoficinas.com\\\/pt\\\/ctw-talk-debate-integracao-da-conducao-autonoma\\\/\"},\"author\":{\"name\":\"Reda\u00e7\u00e3o JO\",\"@id\":\"https:\\\/\\\/jornaldasoficinas.com\\\/pt\\\/#\\\/schema\\\/person\\\/a38eef5de2c41d9e7c9ac10141afddf3\"},\"headline\":\"CTW Talk debate integra\u00e7\u00e3o da condu\u00e7\u00e3o aut\u00f3noma\",\"datePublished\":\"2024-05-21T09:00:25+00:00\",\"mainEntityOfPage\":{\"@id\":\"https:\\\/\\\/jornaldasoficinas.com\\\/pt\\\/ctw-talk-debate-integracao-da-conducao-autonoma\\\/\"},\"wordCount\":573,\"publisher\":{\"@id\":\"https:\\\/\\\/jornaldasoficinas.com\\\/pt\\\/#organization\"},\"image\":{\"@id\":\"https:\\\/\\\/jornaldasoficinas.com\\\/pt\\\/ctw-talk-debate-integracao-da-conducao-autonoma\\\/#primaryimage\"},\"thumbnailUrl\":\"https:\\\/\\\/jornaldasoficinas.com\\\/pt\\\/wp-content\\\/uploads\\\/2024\\\/05\\\/CTW-Talk-debate-integracao-da-conducao-autonoma.jpg\",\"keywords\":[\"ADAS System\",\"Bosch\",\"C\u00e2mara Municipal de Lisboa\",\"Condu\u00e7\u00e3o aut\u00f3noma\",\"Critical TechWorks\",\"CTW Talk\",\"Intellias\",\"mobilidade urbana\",\"Tecnologia\",\"Ve\u00edculos conectados\"],\"articleSection\":[\"Mercado\"],\"inLanguage\":\"pt-PT\"},{\"@type\":\"WebPage\",\"@id\":\"https:\\\/\\\/jornaldasoficinas.com\\\/pt\\\/ctw-talk-debate-integracao-da-conducao-autonoma\\\/\",\"url\":\"https:\\\/\\\/jornaldasoficinas.com\\\/pt\\\/ctw-talk-debate-integracao-da-conducao-autonoma\\\/\",\"name\":\"CTW Talk debate integra\u00e7\u00e3o da condu\u00e7\u00e3o aut\u00f3noma - Jornal das Oficinas\",\"isPartOf\":{\"@id\":\"https:\\\/\\\/jornaldasoficinas.com\\\/pt\\\/#website\"},\"primaryImageOfPage\":{\"@id\":\"https:\\\/\\\/jornaldasoficinas.com\\\/pt\\\/ctw-talk-debate-integracao-da-conducao-autonoma\\\/#primaryimage\"},\"image\":{\"@id\":\"https:\\\/\\\/jornaldasoficinas.com\\\/pt\\\/ctw-talk-debate-integracao-da-conducao-autonoma\\\/#primaryimage\"},\"thumbnailUrl\":\"https:\\\/\\\/jornaldasoficinas.com\\\/pt\\\/wp-content\\\/uploads\\\/2024\\\/05\\\/CTW-Talk-debate-integracao-da-conducao-autonoma.jpg\",\"datePublished\":\"2024-05-21T09:00:25+00:00\",\"description\":\"A integra\u00e7\u00e3o da condu\u00e7\u00e3o aut\u00f3noma em contexto urbano e o estado de evolu\u00e7\u00e3o desta tecnologia em ve\u00edculos foram debatidos na primeira CTW Talk\",\"breadcrumb\":{\"@id\":\"https:\\\/\\\/jornaldasoficinas.com\\\/pt\\\/ctw-talk-debate-integracao-da-conducao-autonoma\\\/#breadcrumb\"},\"inLanguage\":\"pt-PT\",\"potentialAction\":[{\"@type\":\"ReadAction\",\"target\":[\"https:\\\/\\\/jornaldasoficinas.com\\\/pt\\\/ctw-talk-debate-integracao-da-conducao-autonoma\\\/\"]}]},{\"@type\":\"ImageObject\",\"inLanguage\":\"pt-PT\",\"@id\":\"https:\\\/\\\/jornaldasoficinas.com\\\/pt\\\/ctw-talk-debate-integracao-da-conducao-autonoma\\\/#primaryimage\",\"url\":\"https:\\\/\\\/jornaldasoficinas.com\\\/pt\\\/wp-content\\\/uploads\\\/2024\\\/05\\\/CTW-Talk-debate-integracao-da-conducao-autonoma.jpg\",\"contentUrl\":\"https:\\\/\\\/jornaldasoficinas.com\\\/pt\\\/wp-content\\\/uploads\\\/2024\\\/05\\\/CTW-Talk-debate-integracao-da-conducao-autonoma.jpg\",\"width\":1024,\"height\":581,\"caption\":\"05 - CTW Talk debate integracao da conducao autonoma\"},{\"@type\":\"BreadcrumbList\",\"@id\":\"https:\\\/\\\/jornaldasoficinas.com\\\/pt\\\/ctw-talk-debate-integracao-da-conducao-autonoma\\\/#breadcrumb\",\"itemListElement\":[{\"@type\":\"ListItem\",\"position\":1,\"name\":\"In\u00edcio\",\"item\":\"https:\\\/\\\/jornaldasoficinas.com\\\/pt\\\/\"},{\"@type\":\"ListItem\",\"position\":2,\"name\":\"CTW Talk debate integra\u00e7\u00e3o da condu\u00e7\u00e3o aut\u00f3noma\"}]},{\"@type\":\"WebSite\",\"@id\":\"https:\\\/\\\/jornaldasoficinas.com\\\/pt\\\/#website\",\"url\":\"https:\\\/\\\/jornaldasoficinas.com\\\/pt\\\/\",\"name\":\"Jornal das Oficinas\",\"description\":\"Jornal independente do Aftermarket Autom\u00f3vel em Portugal\",\"publisher\":{\"@id\":\"https:\\\/\\\/jornaldasoficinas.com\\\/pt\\\/#organization\"},\"potentialAction\":[{\"@type\":\"SearchAction\",\"target\":{\"@type\":\"EntryPoint\",\"urlTemplate\":\"https:\\\/\\\/jornaldasoficinas.com\\\/pt\\\/?s={search_term_string}\"},\"query-input\":{\"@type\":\"PropertyValueSpecification\",\"valueRequired\":true,\"valueName\":\"search_term_string\"}}],\"inLanguage\":\"pt-PT\"},{\"@type\":\"Organization\",\"@id\":\"https:\\\/\\\/jornaldasoficinas.com\\\/pt\\\/#organization\",\"name\":\"Jornal das Oficinas\",\"url\":\"https:\\\/\\\/jornaldasoficinas.com\\\/pt\\\/\",\"logo\":{\"@type\":\"ImageObject\",\"inLanguage\":\"pt-PT\",\"@id\":\"https:\\\/\\\/jornaldasoficinas.com\\\/pt\\\/#\\\/schema\\\/logo\\\/image\\\/\",\"url\":\"https:\\\/\\\/jornaldasoficinas.com\\\/pt\\\/wp-content\\\/uploads\\\/logoJO-SEO.png\",\"contentUrl\":\"https:\\\/\\\/jornaldasoficinas.com\\\/pt\\\/wp-content\\\/uploads\\\/logoJO-SEO.png\",\"width\":285,\"height\":450,\"caption\":\"Jornal das Oficinas\"},\"image\":{\"@id\":\"https:\\\/\\\/jornaldasoficinas.com\\\/pt\\\/#\\\/schema\\\/logo\\\/image\\\/\"},\"sameAs\":[\"https:\\\/\\\/www.facebook.com\\\/jornaloficinas\",\"https:\\\/\\\/x.com\\\/jornaloficinas\",\"https:\\\/\\\/www.instagram.com\\\/jornal_oficinas\\\/\",\"https:\\\/\\\/www.linkedin.com\\\/company\\\/jornal-das-oficinas\\\/\",\"https:\\\/\\\/www.youtube.com\\\/channel\\\/UCbQZBqtcvV-oSQrr7RzINGg\"]},{\"@type\":\"Person\",\"@id\":\"https:\\\/\\\/jornaldasoficinas.com\\\/pt\\\/#\\\/schema\\\/person\\\/a38eef5de2c41d9e7c9ac10141afddf3\",\"name\":\"Reda\u00e7\u00e3o JO\",\"image\":{\"@type\":\"ImageObject\",\"inLanguage\":\"pt-PT\",\"@id\":\"https:\\\/\\\/secure.gravatar.com\\\/avatar\\\/71f2fa71737ad68a84fea94bc708ddac8ea5b0c4788dc2ad202f3ccb2887742f?s=96&d=wp_user_avatar&r=g\",\"url\":\"https:\\\/\\\/secure.gravatar.com\\\/avatar\\\/71f2fa71737ad68a84fea94bc708ddac8ea5b0c4788dc2ad202f3ccb2887742f?s=96&d=wp_user_avatar&r=g\",\"contentUrl\":\"https:\\\/\\\/secure.gravatar.com\\\/avatar\\\/71f2fa71737ad68a84fea94bc708ddac8ea5b0c4788dc2ad202f3ccb2887742f?s=96&d=wp_user_avatar&r=g\",\"caption\":\"Reda\u00e7\u00e3o JO\"},\"url\":\"https:\\\/\\\/jornaldasoficinas.com\\\/pt\\\/author\\\/joredacao\\\/\"}]}<\/script>\n<!-- \/ Yoast SEO plugin. -->","yoast_head_json":{"title":"CTW Talk debate integra\u00e7\u00e3o da condu\u00e7\u00e3o aut\u00f3noma - Jornal das Oficinas","description":"A integra\u00e7\u00e3o da condu\u00e7\u00e3o aut\u00f3noma em contexto urbano e o estado de evolu\u00e7\u00e3o desta tecnologia em ve\u00edculos foram debatidos na primeira CTW Talk","robots":{"index":"index","follow":"follow","max-snippet":"max-snippet:-1","max-image-preview":"max-image-preview:large","max-video-preview":"max-video-preview:-1"},"canonical":"https:\/\/jornaldasoficinas.com\/pt\/ctw-talk-debate-integracao-da-conducao-autonoma\/","og_locale":"pt_PT","og_type":"article","og_title":"CTW Talk debate integra\u00e7\u00e3o da condu\u00e7\u00e3o aut\u00f3noma - Jornal das Oficinas","og_description":"A integra\u00e7\u00e3o da condu\u00e7\u00e3o aut\u00f3noma em contexto urbano e o estado de evolu\u00e7\u00e3o desta tecnologia em ve\u00edculos foram debatidos na primeira CTW Talk","og_url":"https:\/\/jornaldasoficinas.com\/pt\/ctw-talk-debate-integracao-da-conducao-autonoma\/","og_site_name":"Jornal das Oficinas","article_publisher":"https:\/\/www.facebook.com\/jornaloficinas","article_published_time":"2024-05-21T09:00:25+00:00","og_image":[{"width":1024,"height":581,"url":"https:\/\/jornaldasoficinas.com\/pt\/wp-content\/uploads\/2024\/05\/CTW-Talk-debate-integracao-da-conducao-autonoma.jpg","type":"image\/jpeg"}],"author":"Reda\u00e7\u00e3o JO","twitter_card":"summary_large_image","twitter_creator":"@jornaloficinas","twitter_site":"@jornaloficinas","twitter_misc":{"Escrito por":"Reda\u00e7\u00e3o JO","Tempo estimado de leitura":"3 minutos"},"schema":{"@context":"https:\/\/schema.org","@graph":[{"@type":"Article","@id":"https:\/\/jornaldasoficinas.com\/pt\/ctw-talk-debate-integracao-da-conducao-autonoma\/#article","isPartOf":{"@id":"https:\/\/jornaldasoficinas.com\/pt\/ctw-talk-debate-integracao-da-conducao-autonoma\/"},"author":{"name":"Reda\u00e7\u00e3o JO","@id":"https:\/\/jornaldasoficinas.com\/pt\/#\/schema\/person\/a38eef5de2c41d9e7c9ac10141afddf3"},"headline":"CTW Talk debate integra\u00e7\u00e3o da condu\u00e7\u00e3o aut\u00f3noma","datePublished":"2024-05-21T09:00:25+00:00","mainEntityOfPage":{"@id":"https:\/\/jornaldasoficinas.com\/pt\/ctw-talk-debate-integracao-da-conducao-autonoma\/"},"wordCount":573,"publisher":{"@id":"https:\/\/jornaldasoficinas.com\/pt\/#organization"},"image":{"@id":"https:\/\/jornaldasoficinas.com\/pt\/ctw-talk-debate-integracao-da-conducao-autonoma\/#primaryimage"},"thumbnailUrl":"https:\/\/jornaldasoficinas.com\/pt\/wp-content\/uploads\/2024\/05\/CTW-Talk-debate-integracao-da-conducao-autonoma.jpg","keywords":["ADAS System","Bosch","C\u00e2mara Municipal de Lisboa","Condu\u00e7\u00e3o aut\u00f3noma","Critical TechWorks","CTW Talk","Intellias","mobilidade urbana","Tecnologia","Ve\u00edculos conectados"],"articleSection":["Mercado"],"inLanguage":"pt-PT"},{"@type":"WebPage","@id":"https:\/\/jornaldasoficinas.com\/pt\/ctw-talk-debate-integracao-da-conducao-autonoma\/","url":"https:\/\/jornaldasoficinas.com\/pt\/ctw-talk-debate-integracao-da-conducao-autonoma\/","name":"CTW Talk debate integra\u00e7\u00e3o da condu\u00e7\u00e3o aut\u00f3noma - Jornal das Oficinas","isPartOf":{"@id":"https:\/\/jornaldasoficinas.com\/pt\/#website"},"primaryImageOfPage":{"@id":"https:\/\/jornaldasoficinas.com\/pt\/ctw-talk-debate-integracao-da-conducao-autonoma\/#primaryimage"},"image":{"@id":"https:\/\/jornaldasoficinas.com\/pt\/ctw-talk-debate-integracao-da-conducao-autonoma\/#primaryimage"},"thumbnailUrl":"https:\/\/jornaldasoficinas.com\/pt\/wp-content\/uploads\/2024\/05\/CTW-Talk-debate-integracao-da-conducao-autonoma.jpg","datePublished":"2024-05-21T09:00:25+00:00","description":"A integra\u00e7\u00e3o da condu\u00e7\u00e3o aut\u00f3noma em contexto urbano e o estado de evolu\u00e7\u00e3o desta tecnologia em ve\u00edculos foram debatidos na primeira CTW Talk","breadcrumb":{"@id":"https:\/\/jornaldasoficinas.com\/pt\/ctw-talk-debate-integracao-da-conducao-autonoma\/#breadcrumb"},"inLanguage":"pt-PT","potentialAction":[{"@type":"ReadAction","target":["https:\/\/jornaldasoficinas.com\/pt\/ctw-talk-debate-integracao-da-conducao-autonoma\/"]}]},{"@type":"ImageObject","inLanguage":"pt-PT","@id":"https:\/\/jornaldasoficinas.com\/pt\/ctw-talk-debate-integracao-da-conducao-autonoma\/#primaryimage","url":"https:\/\/jornaldasoficinas.com\/pt\/wp-content\/uploads\/2024\/05\/CTW-Talk-debate-integracao-da-conducao-autonoma.jpg","contentUrl":"https:\/\/jornaldasoficinas.com\/pt\/wp-content\/uploads\/2024\/05\/CTW-Talk-debate-integracao-da-conducao-autonoma.jpg","width":1024,"height":581,"caption":"05 - CTW Talk debate integracao da conducao autonoma"},{"@type":"BreadcrumbList","@id":"https:\/\/jornaldasoficinas.com\/pt\/ctw-talk-debate-integracao-da-conducao-autonoma\/#breadcrumb","itemListElement":[{"@type":"ListItem","position":1,"name":"In\u00edcio","item":"https:\/\/jornaldasoficinas.com\/pt\/"},{"@type":"ListItem","position":2,"name":"CTW Talk debate integra\u00e7\u00e3o da condu\u00e7\u00e3o aut\u00f3noma"}]},{"@type":"WebSite","@id":"https:\/\/jornaldasoficinas.com\/pt\/#website","url":"https:\/\/jornaldasoficinas.com\/pt\/","name":"Jornal das Oficinas","description":"Jornal independente do Aftermarket Autom\u00f3vel em Portugal","publisher":{"@id":"https:\/\/jornaldasoficinas.com\/pt\/#organization"},"potentialAction":[{"@type":"SearchAction","target":{"@type":"EntryPoint","urlTemplate":"https:\/\/jornaldasoficinas.com\/pt\/?s={search_term_string}"},"query-input":{"@type":"PropertyValueSpecification","valueRequired":true,"valueName":"search_term_string"}}],"inLanguage":"pt-PT"},{"@type":"Organization","@id":"https:\/\/jornaldasoficinas.com\/pt\/#organization","name":"Jornal das Oficinas","url":"https:\/\/jornaldasoficinas.com\/pt\/","logo":{"@type":"ImageObject","inLanguage":"pt-PT","@id":"https:\/\/jornaldasoficinas.com\/pt\/#\/schema\/logo\/image\/","url":"https:\/\/jornaldasoficinas.com\/pt\/wp-content\/uploads\/logoJO-SEO.png","contentUrl":"https:\/\/jornaldasoficinas.com\/pt\/wp-content\/uploads\/logoJO-SEO.png","width":285,"height":450,"caption":"Jornal das Oficinas"},"image":{"@id":"https:\/\/jornaldasoficinas.com\/pt\/#\/schema\/logo\/image\/"},"sameAs":["https:\/\/www.facebook.com\/jornaloficinas","https:\/\/x.com\/jornaloficinas","https:\/\/www.instagram.com\/jornal_oficinas\/","https:\/\/www.linkedin.com\/company\/jornal-das-oficinas\/","https:\/\/www.youtube.com\/channel\/UCbQZBqtcvV-oSQrr7RzINGg"]},{"@type":"Person","@id":"https:\/\/jornaldasoficinas.com\/pt\/#\/schema\/person\/a38eef5de2c41d9e7c9ac10141afddf3","name":"Reda\u00e7\u00e3o JO","image":{"@type":"ImageObject","inLanguage":"pt-PT","@id":"https:\/\/secure.gravatar.com\/avatar\/71f2fa71737ad68a84fea94bc708ddac8ea5b0c4788dc2ad202f3ccb2887742f?s=96&d=wp_user_avatar&r=g","url":"https:\/\/secure.gravatar.com\/avatar\/71f2fa71737ad68a84fea94bc708ddac8ea5b0c4788dc2ad202f3ccb2887742f?s=96&d=wp_user_avatar&r=g","contentUrl":"https:\/\/secure.gravatar.com\/avatar\/71f2fa71737ad68a84fea94bc708ddac8ea5b0c4788dc2ad202f3ccb2887742f?s=96&d=wp_user_avatar&r=g","caption":"Reda\u00e7\u00e3o JO"},"url":"https:\/\/jornaldasoficinas.com\/pt\/author\/joredacao\/"}]}},"_links":{"self":[{"href":"https:\/\/jornaldasoficinas.com\/pt\/wp-json\/wp\/v2\/posts\/85090","targetHints":{"allow":["GET"]}}],"collection":[{"href":"https:\/\/jornaldasoficinas.com\/pt\/wp-json\/wp\/v2\/posts"}],"about":[{"href":"https:\/\/jornaldasoficinas.com\/pt\/wp-json\/wp\/v2\/types\/post"}],"author":[{"embeddable":true,"href":"https:\/\/jornaldasoficinas.com\/pt\/wp-json\/wp\/v2\/users\/15"}],"replies":[{"embeddable":true,"href":"https:\/\/jornaldasoficinas.com\/pt\/wp-json\/wp\/v2\/comments?post=85090"}],"version-history":[{"count":0,"href":"https:\/\/jornaldasoficinas.com\/pt\/wp-json\/wp\/v2\/posts\/85090\/revisions"}],"wp:featuredmedia":[{"embeddable":true,"href":"https:\/\/jornaldasoficinas.com\/pt\/wp-json\/wp\/v2\/media\/85096"}],"wp:attachment":[{"href":"https:\/\/jornaldasoficinas.com\/pt\/wp-json\/wp\/v2\/media?parent=85090"}],"wp:term":[{"taxonomy":"category","embeddable":true,"href":"https:\/\/jornaldasoficinas.com\/pt\/wp-json\/wp\/v2\/categories?post=85090"},{"taxonomy":"post_tag","embeddable":true,"href":"https:\/\/jornaldasoficinas.com\/pt\/wp-json\/wp\/v2\/tags?post=85090"}],"curies":[{"name":"wp","href":"https:\/\/api.w.org\/{rel}","templated":true}]}}