{"id":85193,"date":"2024-05-23T10:00:32","date_gmt":"2024-05-23T09:00:32","guid":{"rendered":"https:\/\/jornaldasoficinas.com\/pt\/?p=85193"},"modified":"2024-05-22T16:06:26","modified_gmt":"2024-05-22T15:06:26","slug":"varta-promotive-agm-ajuda-na-poupanca-de-combustivel","status":"publish","type":"post","link":"https:\/\/jornaldasoficinas.com\/pt\/varta-promotive-agm-ajuda-na-poupanca-de-combustivel\/","title":{"rendered":"VARTA ProMotive AGM ajuda na poupan\u00e7a de combust\u00edvel"},"content":{"rendered":"<p><strong><img loading=\"lazy\" decoding=\"async\" class=\"alignnone size-full wp-image-85200\" src=\"https:\/\/jornaldasoficinas.com\/pt\/wp-content\/uploads\/2024\/05\/A-marca-VARTA-pertencente-ao-principal-fabricante-de-baterias-Clarios-pode-contribuir-significativamente-para-a-poupanca-de-combustivel-com-a-bateria-de-camiao-VARTA-ProMotive-AGM.jpg\" alt=\"05 - A marca VARTA pertencente ao principal fabricante de baterias Clarios pode contribuir significativamente para a poupanca de combustivel com a bateria de camiao VARTA ProMotive AGM\" width=\"1024\" height=\"581\" srcset=\"https:\/\/jornaldasoficinas.com\/pt\/wp-content\/uploads\/2024\/05\/A-marca-VARTA-pertencente-ao-principal-fabricante-de-baterias-Clarios-pode-contribuir-significativamente-para-a-poupanca-de-combustivel-com-a-bateria-de-camiao-VARTA-ProMotive-AGM.jpg 1024w, https:\/\/jornaldasoficinas.com\/pt\/wp-content\/uploads\/2024\/05\/A-marca-VARTA-pertencente-ao-principal-fabricante-de-baterias-Clarios-pode-contribuir-significativamente-para-a-poupanca-de-combustivel-com-a-bateria-de-camiao-VARTA-ProMotive-AGM-300x170.jpg 300w, https:\/\/jornaldasoficinas.com\/pt\/wp-content\/uploads\/2024\/05\/A-marca-VARTA-pertencente-ao-principal-fabricante-de-baterias-Clarios-pode-contribuir-significativamente-para-a-poupanca-de-combustivel-com-a-bateria-de-camiao-VARTA-ProMotive-AGM-150x85.jpg 150w, https:\/\/jornaldasoficinas.com\/pt\/wp-content\/uploads\/2024\/05\/A-marca-VARTA-pertencente-ao-principal-fabricante-de-baterias-Clarios-pode-contribuir-significativamente-para-a-poupanca-de-combustivel-com-a-bateria-de-camiao-VARTA-ProMotive-AGM-768x436.jpg 768w\" sizes=\"auto, (max-width: 1024px) 100vw, 1024px\" \/><\/strong><\/p>\n<p><strong>A marca <a href=\"https:\/\/www.varta-automotive.pt\/pt-pt\">VARTA\u00ae<\/a>, pertencente ao principal fabricante de baterias <a href=\"https:\/\/www.clarios.com\/\">Clarios<\/a>, pode contribuir significativamente para a poupan\u00e7a de combust\u00edvel com a bateria de cami\u00e3o VARTA ProMotive AGM<\/strong><\/p>\n<p>Isto foi confirmado pela organiza\u00e7\u00e3o alem\u00e3 de auditoria, avalia\u00e7\u00e3o, valida\u00e7\u00e3o e certifica\u00e7\u00e3o <a href=\"https:\/\/www.tuev-nord.de\/en\/\">T\u00dcV Nord<\/a>. Para validar o potencial de poupan\u00e7a, a T\u00dcV comparou uma VARTA ProMotive AGM com uma ProMotive SHD convencional e simulou os per\u00edodos de descanso semanais. O resultado revela que as empresas de log\u00edstica podem alcan\u00e7ar poupan\u00e7as significativas e reduzir consideravelmente o seu impacto ambiental com o uso da bateria AGM.<\/p>\n<p>Os condutores de cami\u00f5es que realizam viagens de longa dist\u00e2ncia passam uma quantidade consider\u00e1vel de tempo dentro das cabines dos seus ve\u00edculos.<\/p>\n<p>Durante estas horas prolongadas, as baterias de arranque fornecem a energia necess\u00e1ria para o funcionamento de v\u00e1rios dispositivos, desde o sistema de ar condicionado at\u00e9 \u00e0 ilumina\u00e7\u00e3o do interior do cami\u00e3o.<\/p>\n<p>No entanto, devido ao facto das baterias convencionais perderem pot\u00eancia quando descarregadas profundamente, o motor deve ser ligado repetidamente para recarregar a bateria.<\/p>\n<p>A T\u00dcV Nord avaliou que um motor com uma bateria convencional tem de funcionar, em m\u00e9dia, durante tr\u00eas horas e 40 minutos durante um descanso de 48 horas. Isto consome mais de onze litros de gasolina e produz mais de 28 quilogramas de equivalentes de \u00a0CO\u2082.<\/p>\n<p>Por outro lado, com a bateria VARTA ProMotive AGM, o motor s\u00f3 precisa de funcionar por uma hora. Isso resulta em uma economia de 14,42\u20ac em custos de combust\u00edvel e uma redu\u00e7\u00e3o de 20,83 quilogramas de CO\u2082, de acordo com a valida\u00e7\u00e3o da T\u00dcV. Com um consumo m\u00e9dio de tr\u00eas litros, isso representa um potencial de poupan\u00e7a de at\u00e9 400 litros de combust\u00edvel e a redu\u00e7\u00e3o de 1 tonelada de CO\u2082 emitida ao longo de 50 semanas (1 ano) para um cami\u00e3o de longa dist\u00e2ncia.<\/p>\n","protected":false},"excerpt":{"rendered":"<p>A marca VARTA\u00ae, pertencente ao principal&#8230;<\/p>\n","protected":false},"author":15,"featured_media":85200,"comment_status":"closed","ping_status":"closed","sticky":false,"template":"","format":"standard","meta":{"footnotes":""},"categories":[29],"tags":[9192,512,9191,514,9194,9193,728,3894],"class_list":["post-85193","post","type-post","status-publish","format-standard","has-post-thumbnail","hentry","category-empresas","tag-bateria-de-camiao","tag-baterias","tag-baterias-varta","tag-clarios","tag-poupanca-de-combustivel","tag-tuv-nord","tag-varta","tag-varta-promotive-agm"],"yoast_head":"<!-- This site is optimized with the Yoast SEO plugin v27.4 - https:\/\/yoast.com\/product\/yoast-seo-wordpress\/ -->\n<title>VARTA ProMotive AGM ajuda na poupan\u00e7a de combust\u00edvel - Jornal das Oficinas<\/title>\n<meta name=\"description\" content=\"A marca VARTA\u00ae, pode contribuir significativamente para a poupan\u00e7a de combust\u00edvel com a bateria de cami\u00e3o VARTA ProMotive AGM\" \/>\n<meta name=\"robots\" content=\"index, follow, max-snippet:-1, max-image-preview:large, max-video-preview:-1\" \/>\n<link rel=\"canonical\" href=\"https:\/\/jornaldasoficinas.com\/pt\/varta-promotive-agm-ajuda-na-poupanca-de-combustivel\/\" \/>\n<meta property=\"og:locale\" content=\"pt_PT\" \/>\n<meta property=\"og:type\" content=\"article\" \/>\n<meta property=\"og:title\" content=\"VARTA ProMotive AGM ajuda na poupan\u00e7a de combust\u00edvel - Jornal das Oficinas\" \/>\n<meta property=\"og:description\" content=\"A marca VARTA\u00ae, pode contribuir significativamente para a poupan\u00e7a de combust\u00edvel com a bateria de cami\u00e3o VARTA ProMotive AGM\" \/>\n<meta property=\"og:url\" content=\"https:\/\/jornaldasoficinas.com\/pt\/varta-promotive-agm-ajuda-na-poupanca-de-combustivel\/\" \/>\n<meta property=\"og:site_name\" content=\"Jornal das Oficinas\" \/>\n<meta property=\"article:publisher\" content=\"https:\/\/www.facebook.com\/jornaloficinas\" \/>\n<meta property=\"article:published_time\" content=\"2024-05-23T09:00:32+00:00\" \/>\n<meta property=\"og:image\" content=\"https:\/\/jornaldasoficinas.com\/pt\/wp-content\/uploads\/2024\/05\/A-marca-VARTA-pertencente-ao-principal-fabricante-de-baterias-Clarios-pode-contribuir-significativamente-para-a-poupanca-de-combustivel-com-a-bateria-de-camiao-VARTA-ProMotive-AGM.jpg\" \/>\n\t<meta property=\"og:image:width\" content=\"1024\" \/>\n\t<meta property=\"og:image:height\" content=\"581\" \/>\n\t<meta property=\"og:image:type\" content=\"image\/jpeg\" \/>\n<meta name=\"author\" content=\"Reda\u00e7\u00e3o JO\" \/>\n<meta name=\"twitter:card\" content=\"summary_large_image\" \/>\n<meta name=\"twitter:creator\" content=\"@jornaloficinas\" \/>\n<meta name=\"twitter:site\" content=\"@jornaloficinas\" \/>\n<meta name=\"twitter:label1\" content=\"Escrito por\" \/>\n\t<meta name=\"twitter:data1\" content=\"Reda\u00e7\u00e3o JO\" \/>\n\t<meta name=\"twitter:label2\" content=\"Tempo estimado de leitura\" \/>\n\t<meta name=\"twitter:data2\" content=\"2 minutos\" \/>\n<script type=\"application\/ld+json\" class=\"yoast-schema-graph\">{\"@context\":\"https:\\\/\\\/schema.org\",\"@graph\":[{\"@type\":\"Article\",\"@id\":\"https:\\\/\\\/jornaldasoficinas.com\\\/pt\\\/varta-promotive-agm-ajuda-na-poupanca-de-combustivel\\\/#article\",\"isPartOf\":{\"@id\":\"https:\\\/\\\/jornaldasoficinas.com\\\/pt\\\/varta-promotive-agm-ajuda-na-poupanca-de-combustivel\\\/\"},\"author\":{\"name\":\"Reda\u00e7\u00e3o JO\",\"@id\":\"https:\\\/\\\/jornaldasoficinas.com\\\/pt\\\/#\\\/schema\\\/person\\\/a38eef5de2c41d9e7c9ac10141afddf3\"},\"headline\":\"VARTA ProMotive AGM ajuda na poupan\u00e7a de combust\u00edvel\",\"datePublished\":\"2024-05-23T09:00:32+00:00\",\"mainEntityOfPage\":{\"@id\":\"https:\\\/\\\/jornaldasoficinas.com\\\/pt\\\/varta-promotive-agm-ajuda-na-poupanca-de-combustivel\\\/\"},\"wordCount\":334,\"publisher\":{\"@id\":\"https:\\\/\\\/jornaldasoficinas.com\\\/pt\\\/#organization\"},\"image\":{\"@id\":\"https:\\\/\\\/jornaldasoficinas.com\\\/pt\\\/varta-promotive-agm-ajuda-na-poupanca-de-combustivel\\\/#primaryimage\"},\"thumbnailUrl\":\"https:\\\/\\\/jornaldasoficinas.com\\\/pt\\\/wp-content\\\/uploads\\\/2024\\\/05\\\/A-marca-VARTA-pertencente-ao-principal-fabricante-de-baterias-Clarios-pode-contribuir-significativamente-para-a-poupanca-de-combustivel-com-a-bateria-de-camiao-VARTA-ProMotive-AGM.jpg\",\"keywords\":[\"bateria de cami\u00e3o\",\"Baterias\",\"baterias VARTA\",\"Clarios\",\"poupan\u00e7a de combust\u00edvel\",\"T\u00dcV Nord\",\"VARTA\",\"VARTA ProMotive AGM\"],\"articleSection\":[\"Empresas\"],\"inLanguage\":\"pt-PT\"},{\"@type\":\"WebPage\",\"@id\":\"https:\\\/\\\/jornaldasoficinas.com\\\/pt\\\/varta-promotive-agm-ajuda-na-poupanca-de-combustivel\\\/\",\"url\":\"https:\\\/\\\/jornaldasoficinas.com\\\/pt\\\/varta-promotive-agm-ajuda-na-poupanca-de-combustivel\\\/\",\"name\":\"VARTA ProMotive AGM ajuda na poupan\u00e7a de combust\u00edvel - Jornal das Oficinas\",\"isPartOf\":{\"@id\":\"https:\\\/\\\/jornaldasoficinas.com\\\/pt\\\/#website\"},\"primaryImageOfPage\":{\"@id\":\"https:\\\/\\\/jornaldasoficinas.com\\\/pt\\\/varta-promotive-agm-ajuda-na-poupanca-de-combustivel\\\/#primaryimage\"},\"image\":{\"@id\":\"https:\\\/\\\/jornaldasoficinas.com\\\/pt\\\/varta-promotive-agm-ajuda-na-poupanca-de-combustivel\\\/#primaryimage\"},\"thumbnailUrl\":\"https:\\\/\\\/jornaldasoficinas.com\\\/pt\\\/wp-content\\\/uploads\\\/2024\\\/05\\\/A-marca-VARTA-pertencente-ao-principal-fabricante-de-baterias-Clarios-pode-contribuir-significativamente-para-a-poupanca-de-combustivel-com-a-bateria-de-camiao-VARTA-ProMotive-AGM.jpg\",\"datePublished\":\"2024-05-23T09:00:32+00:00\",\"description\":\"A marca VARTA\u00ae, pode contribuir significativamente para a poupan\u00e7a de combust\u00edvel com a bateria de cami\u00e3o VARTA ProMotive AGM\",\"breadcrumb\":{\"@id\":\"https:\\\/\\\/jornaldasoficinas.com\\\/pt\\\/varta-promotive-agm-ajuda-na-poupanca-de-combustivel\\\/#breadcrumb\"},\"inLanguage\":\"pt-PT\",\"potentialAction\":[{\"@type\":\"ReadAction\",\"target\":[\"https:\\\/\\\/jornaldasoficinas.com\\\/pt\\\/varta-promotive-agm-ajuda-na-poupanca-de-combustivel\\\/\"]}]},{\"@type\":\"ImageObject\",\"inLanguage\":\"pt-PT\",\"@id\":\"https:\\\/\\\/jornaldasoficinas.com\\\/pt\\\/varta-promotive-agm-ajuda-na-poupanca-de-combustivel\\\/#primaryimage\",\"url\":\"https:\\\/\\\/jornaldasoficinas.com\\\/pt\\\/wp-content\\\/uploads\\\/2024\\\/05\\\/A-marca-VARTA-pertencente-ao-principal-fabricante-de-baterias-Clarios-pode-contribuir-significativamente-para-a-poupanca-de-combustivel-com-a-bateria-de-camiao-VARTA-ProMotive-AGM.jpg\",\"contentUrl\":\"https:\\\/\\\/jornaldasoficinas.com\\\/pt\\\/wp-content\\\/uploads\\\/2024\\\/05\\\/A-marca-VARTA-pertencente-ao-principal-fabricante-de-baterias-Clarios-pode-contribuir-significativamente-para-a-poupanca-de-combustivel-com-a-bateria-de-camiao-VARTA-ProMotive-AGM.jpg\",\"width\":1024,\"height\":581,\"caption\":\"05 - A marca VARTA pertencente ao principal fabricante de baterias Clarios pode contribuir significativamente para a poupanca de combustivel com a bateria de camiao VARTA ProMotive AGM\"},{\"@type\":\"BreadcrumbList\",\"@id\":\"https:\\\/\\\/jornaldasoficinas.com\\\/pt\\\/varta-promotive-agm-ajuda-na-poupanca-de-combustivel\\\/#breadcrumb\",\"itemListElement\":[{\"@type\":\"ListItem\",\"position\":1,\"name\":\"In\u00edcio\",\"item\":\"https:\\\/\\\/jornaldasoficinas.com\\\/pt\\\/\"},{\"@type\":\"ListItem\",\"position\":2,\"name\":\"VARTA ProMotive AGM ajuda na poupan\u00e7a de combust\u00edvel\"}]},{\"@type\":\"WebSite\",\"@id\":\"https:\\\/\\\/jornaldasoficinas.com\\\/pt\\\/#website\",\"url\":\"https:\\\/\\\/jornaldasoficinas.com\\\/pt\\\/\",\"name\":\"Jornal das Oficinas\",\"description\":\"Jornal independente do Aftermarket Autom\u00f3vel em Portugal\",\"publisher\":{\"@id\":\"https:\\\/\\\/jornaldasoficinas.com\\\/pt\\\/#organization\"},\"potentialAction\":[{\"@type\":\"SearchAction\",\"target\":{\"@type\":\"EntryPoint\",\"urlTemplate\":\"https:\\\/\\\/jornaldasoficinas.com\\\/pt\\\/?s={search_term_string}\"},\"query-input\":{\"@type\":\"PropertyValueSpecification\",\"valueRequired\":true,\"valueName\":\"search_term_string\"}}],\"inLanguage\":\"pt-PT\"},{\"@type\":\"Organization\",\"@id\":\"https:\\\/\\\/jornaldasoficinas.com\\\/pt\\\/#organization\",\"name\":\"Jornal das Oficinas\",\"url\":\"https:\\\/\\\/jornaldasoficinas.com\\\/pt\\\/\",\"logo\":{\"@type\":\"ImageObject\",\"inLanguage\":\"pt-PT\",\"@id\":\"https:\\\/\\\/jornaldasoficinas.com\\\/pt\\\/#\\\/schema\\\/logo\\\/image\\\/\",\"url\":\"https:\\\/\\\/jornaldasoficinas.com\\\/pt\\\/wp-content\\\/uploads\\\/logoJO-SEO.png\",\"contentUrl\":\"https:\\\/\\\/jornaldasoficinas.com\\\/pt\\\/wp-content\\\/uploads\\\/logoJO-SEO.png\",\"width\":285,\"height\":450,\"caption\":\"Jornal das Oficinas\"},\"image\":{\"@id\":\"https:\\\/\\\/jornaldasoficinas.com\\\/pt\\\/#\\\/schema\\\/logo\\\/image\\\/\"},\"sameAs\":[\"https:\\\/\\\/www.facebook.com\\\/jornaloficinas\",\"https:\\\/\\\/x.com\\\/jornaloficinas\",\"https:\\\/\\\/www.instagram.com\\\/jornal_oficinas\\\/\",\"https:\\\/\\\/www.linkedin.com\\\/company\\\/jornal-das-oficinas\\\/\",\"https:\\\/\\\/www.youtube.com\\\/channel\\\/UCbQZBqtcvV-oSQrr7RzINGg\"]},{\"@type\":\"Person\",\"@id\":\"https:\\\/\\\/jornaldasoficinas.com\\\/pt\\\/#\\\/schema\\\/person\\\/a38eef5de2c41d9e7c9ac10141afddf3\",\"name\":\"Reda\u00e7\u00e3o JO\",\"image\":{\"@type\":\"ImageObject\",\"inLanguage\":\"pt-PT\",\"@id\":\"https:\\\/\\\/secure.gravatar.com\\\/avatar\\\/71f2fa71737ad68a84fea94bc708ddac8ea5b0c4788dc2ad202f3ccb2887742f?s=96&d=wp_user_avatar&r=g\",\"url\":\"https:\\\/\\\/secure.gravatar.com\\\/avatar\\\/71f2fa71737ad68a84fea94bc708ddac8ea5b0c4788dc2ad202f3ccb2887742f?s=96&d=wp_user_avatar&r=g\",\"contentUrl\":\"https:\\\/\\\/secure.gravatar.com\\\/avatar\\\/71f2fa71737ad68a84fea94bc708ddac8ea5b0c4788dc2ad202f3ccb2887742f?s=96&d=wp_user_avatar&r=g\",\"caption\":\"Reda\u00e7\u00e3o JO\"},\"url\":\"https:\\\/\\\/jornaldasoficinas.com\\\/pt\\\/author\\\/joredacao\\\/\"}]}<\/script>\n<!-- \/ Yoast SEO plugin. -->","yoast_head_json":{"title":"VARTA ProMotive AGM ajuda na poupan\u00e7a de combust\u00edvel - Jornal das Oficinas","description":"A marca VARTA\u00ae, pode contribuir significativamente para a poupan\u00e7a de combust\u00edvel com a bateria de cami\u00e3o VARTA ProMotive AGM","robots":{"index":"index","follow":"follow","max-snippet":"max-snippet:-1","max-image-preview":"max-image-preview:large","max-video-preview":"max-video-preview:-1"},"canonical":"https:\/\/jornaldasoficinas.com\/pt\/varta-promotive-agm-ajuda-na-poupanca-de-combustivel\/","og_locale":"pt_PT","og_type":"article","og_title":"VARTA ProMotive AGM ajuda na poupan\u00e7a de combust\u00edvel - Jornal das Oficinas","og_description":"A marca VARTA\u00ae, pode contribuir significativamente para a poupan\u00e7a de combust\u00edvel com a bateria de cami\u00e3o VARTA ProMotive AGM","og_url":"https:\/\/jornaldasoficinas.com\/pt\/varta-promotive-agm-ajuda-na-poupanca-de-combustivel\/","og_site_name":"Jornal das Oficinas","article_publisher":"https:\/\/www.facebook.com\/jornaloficinas","article_published_time":"2024-05-23T09:00:32+00:00","og_image":[{"width":1024,"height":581,"url":"https:\/\/jornaldasoficinas.com\/pt\/wp-content\/uploads\/2024\/05\/A-marca-VARTA-pertencente-ao-principal-fabricante-de-baterias-Clarios-pode-contribuir-significativamente-para-a-poupanca-de-combustivel-com-a-bateria-de-camiao-VARTA-ProMotive-AGM.jpg","type":"image\/jpeg"}],"author":"Reda\u00e7\u00e3o JO","twitter_card":"summary_large_image","twitter_creator":"@jornaloficinas","twitter_site":"@jornaloficinas","twitter_misc":{"Escrito por":"Reda\u00e7\u00e3o JO","Tempo estimado de leitura":"2 minutos"},"schema":{"@context":"https:\/\/schema.org","@graph":[{"@type":"Article","@id":"https:\/\/jornaldasoficinas.com\/pt\/varta-promotive-agm-ajuda-na-poupanca-de-combustivel\/#article","isPartOf":{"@id":"https:\/\/jornaldasoficinas.com\/pt\/varta-promotive-agm-ajuda-na-poupanca-de-combustivel\/"},"author":{"name":"Reda\u00e7\u00e3o JO","@id":"https:\/\/jornaldasoficinas.com\/pt\/#\/schema\/person\/a38eef5de2c41d9e7c9ac10141afddf3"},"headline":"VARTA ProMotive AGM ajuda na poupan\u00e7a de combust\u00edvel","datePublished":"2024-05-23T09:00:32+00:00","mainEntityOfPage":{"@id":"https:\/\/jornaldasoficinas.com\/pt\/varta-promotive-agm-ajuda-na-poupanca-de-combustivel\/"},"wordCount":334,"publisher":{"@id":"https:\/\/jornaldasoficinas.com\/pt\/#organization"},"image":{"@id":"https:\/\/jornaldasoficinas.com\/pt\/varta-promotive-agm-ajuda-na-poupanca-de-combustivel\/#primaryimage"},"thumbnailUrl":"https:\/\/jornaldasoficinas.com\/pt\/wp-content\/uploads\/2024\/05\/A-marca-VARTA-pertencente-ao-principal-fabricante-de-baterias-Clarios-pode-contribuir-significativamente-para-a-poupanca-de-combustivel-com-a-bateria-de-camiao-VARTA-ProMotive-AGM.jpg","keywords":["bateria de cami\u00e3o","Baterias","baterias VARTA","Clarios","poupan\u00e7a de combust\u00edvel","T\u00dcV Nord","VARTA","VARTA ProMotive AGM"],"articleSection":["Empresas"],"inLanguage":"pt-PT"},{"@type":"WebPage","@id":"https:\/\/jornaldasoficinas.com\/pt\/varta-promotive-agm-ajuda-na-poupanca-de-combustivel\/","url":"https:\/\/jornaldasoficinas.com\/pt\/varta-promotive-agm-ajuda-na-poupanca-de-combustivel\/","name":"VARTA ProMotive AGM ajuda na poupan\u00e7a de combust\u00edvel - Jornal das Oficinas","isPartOf":{"@id":"https:\/\/jornaldasoficinas.com\/pt\/#website"},"primaryImageOfPage":{"@id":"https:\/\/jornaldasoficinas.com\/pt\/varta-promotive-agm-ajuda-na-poupanca-de-combustivel\/#primaryimage"},"image":{"@id":"https:\/\/jornaldasoficinas.com\/pt\/varta-promotive-agm-ajuda-na-poupanca-de-combustivel\/#primaryimage"},"thumbnailUrl":"https:\/\/jornaldasoficinas.com\/pt\/wp-content\/uploads\/2024\/05\/A-marca-VARTA-pertencente-ao-principal-fabricante-de-baterias-Clarios-pode-contribuir-significativamente-para-a-poupanca-de-combustivel-com-a-bateria-de-camiao-VARTA-ProMotive-AGM.jpg","datePublished":"2024-05-23T09:00:32+00:00","description":"A marca VARTA\u00ae, pode contribuir significativamente para a poupan\u00e7a de combust\u00edvel com a bateria de cami\u00e3o VARTA ProMotive AGM","breadcrumb":{"@id":"https:\/\/jornaldasoficinas.com\/pt\/varta-promotive-agm-ajuda-na-poupanca-de-combustivel\/#breadcrumb"},"inLanguage":"pt-PT","potentialAction":[{"@type":"ReadAction","target":["https:\/\/jornaldasoficinas.com\/pt\/varta-promotive-agm-ajuda-na-poupanca-de-combustivel\/"]}]},{"@type":"ImageObject","inLanguage":"pt-PT","@id":"https:\/\/jornaldasoficinas.com\/pt\/varta-promotive-agm-ajuda-na-poupanca-de-combustivel\/#primaryimage","url":"https:\/\/jornaldasoficinas.com\/pt\/wp-content\/uploads\/2024\/05\/A-marca-VARTA-pertencente-ao-principal-fabricante-de-baterias-Clarios-pode-contribuir-significativamente-para-a-poupanca-de-combustivel-com-a-bateria-de-camiao-VARTA-ProMotive-AGM.jpg","contentUrl":"https:\/\/jornaldasoficinas.com\/pt\/wp-content\/uploads\/2024\/05\/A-marca-VARTA-pertencente-ao-principal-fabricante-de-baterias-Clarios-pode-contribuir-significativamente-para-a-poupanca-de-combustivel-com-a-bateria-de-camiao-VARTA-ProMotive-AGM.jpg","width":1024,"height":581,"caption":"05 - A marca VARTA pertencente ao principal fabricante de baterias Clarios pode contribuir significativamente para a poupanca de combustivel com a bateria de camiao VARTA ProMotive AGM"},{"@type":"BreadcrumbList","@id":"https:\/\/jornaldasoficinas.com\/pt\/varta-promotive-agm-ajuda-na-poupanca-de-combustivel\/#breadcrumb","itemListElement":[{"@type":"ListItem","position":1,"name":"In\u00edcio","item":"https:\/\/jornaldasoficinas.com\/pt\/"},{"@type":"ListItem","position":2,"name":"VARTA ProMotive AGM ajuda na poupan\u00e7a de combust\u00edvel"}]},{"@type":"WebSite","@id":"https:\/\/jornaldasoficinas.com\/pt\/#website","url":"https:\/\/jornaldasoficinas.com\/pt\/","name":"Jornal das Oficinas","description":"Jornal independente do Aftermarket Autom\u00f3vel em Portugal","publisher":{"@id":"https:\/\/jornaldasoficinas.com\/pt\/#organization"},"potentialAction":[{"@type":"SearchAction","target":{"@type":"EntryPoint","urlTemplate":"https:\/\/jornaldasoficinas.com\/pt\/?s={search_term_string}"},"query-input":{"@type":"PropertyValueSpecification","valueRequired":true,"valueName":"search_term_string"}}],"inLanguage":"pt-PT"},{"@type":"Organization","@id":"https:\/\/jornaldasoficinas.com\/pt\/#organization","name":"Jornal das Oficinas","url":"https:\/\/jornaldasoficinas.com\/pt\/","logo":{"@type":"ImageObject","inLanguage":"pt-PT","@id":"https:\/\/jornaldasoficinas.com\/pt\/#\/schema\/logo\/image\/","url":"https:\/\/jornaldasoficinas.com\/pt\/wp-content\/uploads\/logoJO-SEO.png","contentUrl":"https:\/\/jornaldasoficinas.com\/pt\/wp-content\/uploads\/logoJO-SEO.png","width":285,"height":450,"caption":"Jornal das Oficinas"},"image":{"@id":"https:\/\/jornaldasoficinas.com\/pt\/#\/schema\/logo\/image\/"},"sameAs":["https:\/\/www.facebook.com\/jornaloficinas","https:\/\/x.com\/jornaloficinas","https:\/\/www.instagram.com\/jornal_oficinas\/","https:\/\/www.linkedin.com\/company\/jornal-das-oficinas\/","https:\/\/www.youtube.com\/channel\/UCbQZBqtcvV-oSQrr7RzINGg"]},{"@type":"Person","@id":"https:\/\/jornaldasoficinas.com\/pt\/#\/schema\/person\/a38eef5de2c41d9e7c9ac10141afddf3","name":"Reda\u00e7\u00e3o JO","image":{"@type":"ImageObject","inLanguage":"pt-PT","@id":"https:\/\/secure.gravatar.com\/avatar\/71f2fa71737ad68a84fea94bc708ddac8ea5b0c4788dc2ad202f3ccb2887742f?s=96&d=wp_user_avatar&r=g","url":"https:\/\/secure.gravatar.com\/avatar\/71f2fa71737ad68a84fea94bc708ddac8ea5b0c4788dc2ad202f3ccb2887742f?s=96&d=wp_user_avatar&r=g","contentUrl":"https:\/\/secure.gravatar.com\/avatar\/71f2fa71737ad68a84fea94bc708ddac8ea5b0c4788dc2ad202f3ccb2887742f?s=96&d=wp_user_avatar&r=g","caption":"Reda\u00e7\u00e3o JO"},"url":"https:\/\/jornaldasoficinas.com\/pt\/author\/joredacao\/"}]}},"_links":{"self":[{"href":"https:\/\/jornaldasoficinas.com\/pt\/wp-json\/wp\/v2\/posts\/85193","targetHints":{"allow":["GET"]}}],"collection":[{"href":"https:\/\/jornaldasoficinas.com\/pt\/wp-json\/wp\/v2\/posts"}],"about":[{"href":"https:\/\/jornaldasoficinas.com\/pt\/wp-json\/wp\/v2\/types\/post"}],"author":[{"embeddable":true,"href":"https:\/\/jornaldasoficinas.com\/pt\/wp-json\/wp\/v2\/users\/15"}],"replies":[{"embeddable":true,"href":"https:\/\/jornaldasoficinas.com\/pt\/wp-json\/wp\/v2\/comments?post=85193"}],"version-history":[{"count":0,"href":"https:\/\/jornaldasoficinas.com\/pt\/wp-json\/wp\/v2\/posts\/85193\/revisions"}],"wp:featuredmedia":[{"embeddable":true,"href":"https:\/\/jornaldasoficinas.com\/pt\/wp-json\/wp\/v2\/media\/85200"}],"wp:attachment":[{"href":"https:\/\/jornaldasoficinas.com\/pt\/wp-json\/wp\/v2\/media?parent=85193"}],"wp:term":[{"taxonomy":"category","embeddable":true,"href":"https:\/\/jornaldasoficinas.com\/pt\/wp-json\/wp\/v2\/categories?post=85193"},{"taxonomy":"post_tag","embeddable":true,"href":"https:\/\/jornaldasoficinas.com\/pt\/wp-json\/wp\/v2\/tags?post=85193"}],"curies":[{"name":"wp","href":"https:\/\/api.w.org\/{rel}","templated":true}]}}