{"id":85208,"date":"2024-05-23T14:00:07","date_gmt":"2024-05-23T13:00:07","guid":{"rendered":"https:\/\/jornaldasoficinas.com\/pt\/?p=85208"},"modified":"2024-05-24T17:29:43","modified_gmt":"2024-05-24T16:29:43","slug":"valeo-ambiciona-duplicar-volume-de-pecas-remanufaturadas-ate-2030","status":"publish","type":"post","link":"https:\/\/jornaldasoficinas.com\/pt\/valeo-ambiciona-duplicar-volume-de-pecas-remanufaturadas-ate-2030\/","title":{"rendered":"Valeo ambiciona duplicar volume de pe\u00e7as remanufaturadas at\u00e9 2030"},"content":{"rendered":"<p><img loading=\"lazy\" decoding=\"async\" class=\"alignnone size-full wp-image-85266\" src=\"https:\/\/jornaldasoficinas.com\/pt\/wp-content\/uploads\/2024\/05\/C3201520228IMG0199_HD.jpg\" alt=\"05 - C3201520228IMG0199_HD\" width=\"1024\" height=\"581\" srcset=\"https:\/\/jornaldasoficinas.com\/pt\/wp-content\/uploads\/2024\/05\/C3201520228IMG0199_HD.jpg 1024w, https:\/\/jornaldasoficinas.com\/pt\/wp-content\/uploads\/2024\/05\/C3201520228IMG0199_HD-300x170.jpg 300w, https:\/\/jornaldasoficinas.com\/pt\/wp-content\/uploads\/2024\/05\/C3201520228IMG0199_HD-150x85.jpg 150w, https:\/\/jornaldasoficinas.com\/pt\/wp-content\/uploads\/2024\/05\/C3201520228IMG0199_HD-768x436.jpg 768w\" sizes=\"auto, (max-width: 1024px) 100vw, 1024px\" \/><\/p>\n<p><strong>O Jornal das Oficinas esteve em Chechowice-Dziedzice, na Pol\u00f3nia, para visitar a f\u00e1brica da <a href=\"https:\/\/www.valeoservice.pt\/pt-pt\" target=\"_blank\" rel=\"noopener\">Valeo<\/a> e ficar a conhecer ao detalhe o seu plano estrat\u00e9gico global que promete ir al\u00e9m do setor autom\u00f3vel<\/strong><\/p>\n<p>A cada ano, a Valeo tem vindo a remanufaturar, aproximadamente, 1 milh\u00e3o de pe\u00e7as e oferece um cat\u00e1logo com mais de 8 mil refer\u00eancias em todo o mundo. Durante a confer\u00eancia de imprensa e visita \u00e0 f\u00e1brica em Chechowice-Dziedzice, na Pol\u00f3nia, os respons\u00e1veis destacaram que, sendo a economia circular uma &#8220;pedra angular&#8221; da sua estrat\u00e9gia, o objetivo \u00e9 duplicar esses n\u00fameros at\u00e9 2030.<\/p>\n<p>Para a concretiza\u00e7\u00e3o deste objetivo, o elemento chave ser\u00e1 a expans\u00e3o, atrav\u00e9s do refor\u00e7o do portf\u00f3lio atual e da diversifica\u00e7\u00e3o para outras formas de mobilidade.<\/p>\n<p>Com o crescente aumento dos ve\u00edculos eletrificados e dos sistemas avan\u00e7ados de assist\u00eancia ao condutor (ADAS), a expans\u00e3o do portf\u00f3lio permitir\u00e1 atender ao desenvolvimento deste mercado. A t\u00edtulo de exemplo, em 2023, a Valeo lan\u00e7ou a primeira c\u00e2mara frontal remanufaturada do mundo em parceria com a Stellantis.<\/p>\n<p><img loading=\"lazy\" decoding=\"async\" class=\"alignnone size-full wp-image-85246\" src=\"https:\/\/jornaldasoficinas.com\/pt\/wp-content\/uploads\/2024\/05\/1716465719894.jpg\" alt=\"05 - 1716465719894\" width=\"1024\" height=\"581\" srcset=\"https:\/\/jornaldasoficinas.com\/pt\/wp-content\/uploads\/2024\/05\/1716465719894.jpg 1024w, https:\/\/jornaldasoficinas.com\/pt\/wp-content\/uploads\/2024\/05\/1716465719894-300x170.jpg 300w, https:\/\/jornaldasoficinas.com\/pt\/wp-content\/uploads\/2024\/05\/1716465719894-150x85.jpg 150w, https:\/\/jornaldasoficinas.com\/pt\/wp-content\/uploads\/2024\/05\/1716465719894-768x436.jpg 768w\" sizes=\"auto, (max-width: 1024px) 100vw, 1024px\" \/><\/p>\n<p><strong>Parceria com a Smovengo<\/strong><\/p>\n<p>O investimento em motores e baterias para frotas de bicicletas tamb\u00e9m ir\u00e1 contribuir para este prop\u00f3sito. A Valeo anunciou uma colabora\u00e7\u00e3o com a Smovengo para a repara\u00e7\u00e3o de baterias no &#8220;Laborat\u00f3rio de Eletr\u00f4nica Circular&#8221; em Nevers (Fran\u00e7a) e a remanufatura de motores na &#8220;F\u00e1brica de Inova\u00e7\u00e3o Circular&#8221; em Czechowice (Pol\u00f4nia). Sendo a \u00faltima especializada no fabrico de uma ampla variedade de produtos, que incluem motores, amortecedores de ar e v\u00e1lvulas, sistemas de recircula\u00e7\u00e3o de gases de escape (EGR) e sistemas de alta voltagem para ve\u00edculos h\u00edbridos e el\u00e9tricos a bateria (BEVs).<\/p>\n<p>As instala\u00e7\u00f5es da f\u00e1brica apresentam duas unidades de produ\u00e7\u00e3o e um armaz\u00e9m, com uma \u00e1rea de cerca de 83 mil metros quadrados.<\/p>\n<p>&#8220;Para ir mais al\u00e9m na repara\u00e7\u00e3o de pe\u00e7as mais complexas, como motores, foi necess\u00e1rio um conhecimento especializado espec\u00edfico, assim como a capacidade de industrializa\u00e7\u00e3o. A Valeo, especialista global na revaloriza\u00e7\u00e3o de pe\u00e7as autom\u00f3veis, foi a resposta certa para a nossa necessidade industrial atual&#8221;, destacou Jacques Greiveldinger, CEO da Smovengo, sobre a sua parceria com a Valeo.<\/p>\n<p><strong>Mais de 8 mil refer\u00eancias no cat\u00e1logo<\/strong><\/p>\n<p>A empresa francesa, com 40 anos de experi\u00eancia, incorporou desde cedo a remanufactura na sua estrat\u00e9gia de neg\u00f3cio com o objetivo de mitigar as emiss\u00f5es de CO2 e maximizar a efici\u00eancia na utiliza\u00e7\u00e3o de recursos. Atualmente, apresenta um portf\u00f3lio completo e singular que abrange todas as marcas, que inclui:<\/p>\n<p>\u2022 Sistemas de Dire\u00e7\u00e3o para ve\u00edculos de passageiros: Caixas de dire\u00e7\u00e3o e bombas hidr\u00e1ulicas;<br \/>\n\u2022 Componentes de Arrefecimento: Radiadores e condensadores;<br \/>\n\u2022 Sistemas de Climatiza\u00e7\u00e3o: Compressores e evaporadores;<br \/>\n\u2022 Componentes El\u00e9tricos: Alternadores e motores de partida;<br \/>\n\u2022 Sistemas de Transmiss\u00e3o: Conversores de torque e embraiagens.<\/p>\n<p><img loading=\"lazy\" decoding=\"async\" class=\"alignnone size-full wp-image-85248\" src=\"https:\/\/jornaldasoficinas.com\/pt\/wp-content\/uploads\/2024\/05\/C3201520228IMG0047_HD.jpg\" alt=\"05 - C3201520228IMG0047_HD\" width=\"1024\" height=\"581\" srcset=\"https:\/\/jornaldasoficinas.com\/pt\/wp-content\/uploads\/2024\/05\/C3201520228IMG0047_HD.jpg 1024w, https:\/\/jornaldasoficinas.com\/pt\/wp-content\/uploads\/2024\/05\/C3201520228IMG0047_HD-300x170.jpg 300w, https:\/\/jornaldasoficinas.com\/pt\/wp-content\/uploads\/2024\/05\/C3201520228IMG0047_HD-150x85.jpg 150w, https:\/\/jornaldasoficinas.com\/pt\/wp-content\/uploads\/2024\/05\/C3201520228IMG0047_HD-768x436.jpg 768w\" sizes=\"auto, (max-width: 1024px) 100vw, 1024px\" \/><\/p>\n<p><strong>Nova linha de produtos remanufaturados<\/strong><\/p>\n<p>A Valeo tamb\u00e9m est\u00e1 comprometida em ampliar o seu portf\u00f3lio dentro do segmento dos componentes el\u00e9tricos, como parte da sua estrat\u00e9gia &#8220;REMAN 2.0&#8221;. Esta nova linha de produtos remanufaturados ser\u00e1 direcionada para sistemas ADAS, al\u00e9m de produtos eletr\u00f3nicos, como displays e far\u00f3is.<\/p>\n<p>A crescente procura por ve\u00edculos el\u00e9tricos, com previs\u00e3o de representar 25% do parque automobil\u00edstico mundial, totalizando mais de 400 milh\u00f5es de ve\u00edculos at\u00e9 2030, exige novas abordagens para acompanhar as tend\u00eancias do mercado. Neste sentido, a Valeo pretende contribuir com solu\u00e7\u00f5es sustent\u00e1veis e eficientes para os sistemas de transporte, de forma a garantir que os recursos sejam utilizados de forma mais inteligente e respons\u00e1vel.<\/p>\n<p>Entre elas, est\u00e3o os produtos relacionados com o motor el\u00e9trico (o cora\u00e7\u00e3o do powertrain), os inversores (que transformam a corrente e controlam o motor el\u00e9trico), o redutor (equivalente \u00e0 caixa de velocidades de um carro tradicional), o carregador de bordo e os conversores de energia (que alimentam de forma segura e eficiente a bateria de alta voltagem e a eletricidade a bordo).<\/p>\n<p>Outro componente-chave de um ve\u00edculo el\u00e9trico \u00e9 o compressor acionado eletricamente (EDC). Este componente tem o papel de gerenciar o resfriamento do habit\u00e1culo, bem como a gest\u00e3o t\u00e9rmica das baterias. Estas pe\u00e7as s\u00e3o caras e complexas, exigindo uma alternativa para economizar recursos. Para enfrentar este desafio, a Valeo lan\u00e7ou em 2023 um Laborat\u00f3rio de Prot\u00f3tipos de Alta Voltagem, em Czechowice. Esta nova unidade veio cruzar o know-how dos equipamentos originais com a excel\u00eancia no processo de remanufactura e repara\u00e7\u00e3o. At\u00e9 ent\u00e3o, foram feitos v\u00e1rios testes com a proposta de implementar solu\u00e7\u00f5es &#8220;e-Reman&#8221; a partir de 2025, por toda a Europa.<\/p>\n<div class=\"wonderplugingallery-container\" id=\"wonderplugingallery-container-200\" style=\"max-width:960px;margin:0 auto;\"><div class=\"wonderplugingallery\" id=\"wonderplugingallery-200\" data-galleryid=\"200\" data-width=\"960\" data-height=\"540\" data-skin=\"gallery\" data-playsinline=\"false\" data-mutevideo=\"false\" data-random=\"false\" data-autoslide=\"false\" data-autoplayvideo=\"false\" data-schemamarkup=\"false\" data-stopallplaying=\"false\" data-reloadonvideoend=\"false\" data-donotuseposter=\"false\" data-enabletabindex=\"false\" data-loadnextonvideoend=\"false\" data-hidetitlewhenvideoisplaying=\"false\" data-disablehovereventontouch=\"false\" data-autoslideandplayafterfirstplayed=\"false\" data-html5player=\"true\" data-responsive=\"true\" data-fullwidth=\"false\" data-showtitle=\"true\" data-showdescription=\"true\" data-showplaybutton=\"true\" data-showfullscreenbutton=\"true\" data-showtimer=\"true\" data-showcarousel=\"true\" data-galleryshadow=\"false\" data-slideshadow=\"true\" data-thumbshowtitle=\"false\" data-thumbshowimage=\"true\" data-thumbshadow=\"true\" data-lightboxshowtitle=\"true\" data-lightboxshowdescription=\"true\" data-specifyid=\"true\" data-donotinit=\"false\" data-addinitscript=\"false\" data-triggerresize=\"false\" data-thumbcolumnsresponsive=\"false\" data-thumbverticalmiddle=\"true\" data-removeinlinecss=\"true\" data-switchonmouseover=\"false\" data-showcategory=\"true\" data-carouselpagination=\"false\" data-showimgtitle=\"false\" data-titlesmallscreen=\"false\" data-initsocial=\"true\" data-showsocial=\"false\" data-showemail=\"false\" data-showfacebook=\"true\" data-showtwitter=\"true\" data-showpinterest=\"true\" data-socialrotateeffect=\"true\" data-doshortcodeontext=\"false\" data-loop=\"0\" data-duration=\"1500\" data-slideduration=\"1000\" data-slideshowinterval=\"6000\" data-googleanalyticsaccount=\"\" data-ga4account=\"\" data-resizemode=\"fill\" data-imagetoolboxmode=\"mouseover\" data-effect=\"fade\" data-padding=\"12\" data-bgcolor=\"\" data-bgimage=\"\" data-thumbwidth=\"120\" data-thumbheight=\"60\" data-thumbgap=\"8\" data-thumbrowgap=\"16\" data-lightboxtextheight=\"72\" data-lightboxtitlecss=\"{color:#333333; font:bold 12px Arial,Helvetica,sans-serif; overflow:hidden; white-space:normal; line-height:18px;}\" data-lightboxdescriptioncss=\"{color:#333333; font:normal 12px Arial,Helvetica,sans-serif; overflow:hidden; white-space:normal; line-height:14px;}\" data-titlecss=\"{color:#ffffff; font-size:14px; font-family:Armata, sans-serif, Arial; overflow:hidden; text-align:left; padding:10px 0px 10px 10px; background:rgb(102, 102, 102) transparent; background:rgba(102, 102, 102, 0.6);}\" data-descriptioncss=\"{color:#ffffff; font-size:13px; font-family:Armata, sans-serif, Arial; overflow:hidden; text-align:left; padding:0px 0px 10px 10px; background:rgb(102, 102, 102) transparent; background:rgba(102, 102, 102, 0.6);}\" data-titleheight=\"72\" data-titlesmallscreenwidth=\"640\" data-titleheightsmallscreen=\"148\" data-socialmode=\"mouseover\" data-socialposition=\"position:absolute;top:8px;right:8px;\" data-socialpositionlightbox=\"position:absolute;top:8px;right:8px;\" data-socialdirection=\"horizontal\" data-socialbuttonsize=\"32\" data-socialbuttonfontsize=\"18\" data-defaultvideovolume=\"1\" data-thumbtitleheight=\"24\" data-thumbmediumtitleheight=\"48\" data-thumbsmalltitleheight=\"72\" data-categoryheight=\"48\" data-categorydefault=\"all\" data-triggerresizedelay=\"100\" data-thumbmediumsize=\"800\" data-thumbsmallsize=\"480\" data-thumbmediumwidth=\"64\" data-thumbmediumheight=\"64\" data-thumbsmallwidth=\"48\" data-thumbsmallheight=\"48\" data-imgtitle=\"title\" data-carouselpaginationrow=\"3\" data-categorystyle=\"dropdown\" data-categorylist=\"[{&quot;slug&quot;:&quot;all&quot;,&quot;caption&quot;:&quot;Show All&quot;}]\" data-jsfolder=\"https:\/\/jornaldasoficinas.com\/pt\/wp-content\/plugins\/wonderplugin-gallery\/engine\/\" style=\"display:none;\" ><a class=\"html5galleryimglink\" href=\"https:\/\/jornaldasoficinas.com\/pt\/wp-content\/uploads\/2024\/05\/galeria-Valeo-Polonia\/C3201520228IMG0023_HD.jpg\" data-mediatype=1><img decoding=\"async\" class=\"html5galleryimg html5gallery-tn-image\" src=\"https:\/\/jornaldasoficinas.com\/pt\/wp-content\/uploads\/2024\/05\/galeria-Valeo-Polonia\/C3201520228IMG0023_HD.jpg\" alt=\"\"><\/a><div class=\"html5gallery-info\"><\/div><a class=\"html5galleryimglink\" href=\"https:\/\/jornaldasoficinas.com\/pt\/wp-content\/uploads\/2024\/05\/galeria-Valeo-Polonia\/C3201520228IMG0034_HD.jpg\" data-mediatype=1><img decoding=\"async\" class=\"html5galleryimg html5gallery-tn-image\" src=\"https:\/\/jornaldasoficinas.com\/pt\/wp-content\/uploads\/2024\/05\/galeria-Valeo-Polonia\/C3201520228IMG0034_HD.jpg\" alt=\"\"><\/a><div class=\"html5gallery-info\"><\/div><a class=\"html5galleryimglink\" href=\"https:\/\/jornaldasoficinas.com\/pt\/wp-content\/uploads\/2024\/05\/galeria-Valeo-Polonia\/C3201520228IMG0086_HD.jpg\" data-mediatype=1><img decoding=\"async\" class=\"html5galleryimg html5gallery-tn-image\" src=\"https:\/\/jornaldasoficinas.com\/pt\/wp-content\/uploads\/2024\/05\/galeria-Valeo-Polonia\/C3201520228IMG0086_HD.jpg\" alt=\"\"><\/a><div class=\"html5gallery-info\"><\/div><a class=\"html5galleryimglink\" href=\"https:\/\/jornaldasoficinas.com\/pt\/wp-content\/uploads\/2024\/05\/galeria-Valeo-Polonia\/C3201520228IMG0151_HD.jpg\" data-mediatype=1><img decoding=\"async\" class=\"html5galleryimg html5gallery-tn-image\" src=\"https:\/\/jornaldasoficinas.com\/pt\/wp-content\/uploads\/2024\/05\/galeria-Valeo-Polonia\/C3201520228IMG0151_HD.jpg\" alt=\"\"><\/a><div class=\"html5gallery-info\"><\/div><a class=\"html5galleryimglink\" href=\"https:\/\/jornaldasoficinas.com\/pt\/wp-content\/uploads\/2024\/05\/galeria-Valeo-Polonia\/C3201520228IMG0178_HD.jpg\" data-mediatype=1><img decoding=\"async\" class=\"html5galleryimg html5gallery-tn-image\" src=\"https:\/\/jornaldasoficinas.com\/pt\/wp-content\/uploads\/2024\/05\/galeria-Valeo-Polonia\/C3201520228IMG0178_HD.jpg\" alt=\"\"><\/a><div class=\"html5gallery-info\"><\/div><a class=\"html5galleryimglink\" href=\"https:\/\/jornaldasoficinas.com\/pt\/wp-content\/uploads\/2024\/05\/galeria-Valeo-Polonia\/C3201520228IMG0189_HD.jpg\" data-mediatype=1><img decoding=\"async\" class=\"html5galleryimg html5gallery-tn-image\" src=\"https:\/\/jornaldasoficinas.com\/pt\/wp-content\/uploads\/2024\/05\/galeria-Valeo-Polonia\/C3201520228IMG0189_HD.jpg\" alt=\"\"><\/a><div class=\"html5gallery-info\"><\/div><a class=\"html5galleryimglink\" href=\"https:\/\/jornaldasoficinas.com\/pt\/wp-content\/uploads\/2024\/05\/galeria-Valeo-Polonia\/C3201520228IMG0221_HD.jpg\" data-mediatype=1><img decoding=\"async\" class=\"html5galleryimg html5gallery-tn-image\" src=\"https:\/\/jornaldasoficinas.com\/pt\/wp-content\/uploads\/2024\/05\/galeria-Valeo-Polonia\/C3201520228IMG0221_HD.jpg\" alt=\"\"><\/a><div class=\"html5gallery-info\"><\/div><a class=\"html5galleryimglink\" href=\"https:\/\/jornaldasoficinas.com\/pt\/wp-content\/uploads\/2024\/05\/galeria-Valeo-Polonia\/IMG_7729.jpg\" data-mediatype=1><img decoding=\"async\" class=\"html5galleryimg html5gallery-tn-image\" src=\"https:\/\/jornaldasoficinas.com\/pt\/wp-content\/uploads\/2024\/05\/galeria-Valeo-Polonia\/IMG_7729.jpg\" alt=\"\"><\/a><div class=\"html5gallery-info\"><\/div><a class=\"html5galleryimglink\" href=\"https:\/\/jornaldasoficinas.com\/pt\/wp-content\/uploads\/2024\/05\/galeria-Valeo-Polonia\/IMG_7738.jpg\" data-mediatype=1><img decoding=\"async\" class=\"html5galleryimg html5gallery-tn-image\" src=\"https:\/\/jornaldasoficinas.com\/pt\/wp-content\/uploads\/2024\/05\/galeria-Valeo-Polonia\/IMG_7738.jpg\" alt=\"\"><\/a><div class=\"html5gallery-info\"><\/div><a class=\"html5galleryimglink\" href=\"https:\/\/jornaldasoficinas.com\/pt\/wp-content\/uploads\/2024\/05\/galeria-Valeo-Polonia\/IMG_7749.jpg\" data-mediatype=1><img decoding=\"async\" class=\"html5galleryimg html5gallery-tn-image\" src=\"https:\/\/jornaldasoficinas.com\/pt\/wp-content\/uploads\/2024\/05\/galeria-Valeo-Polonia\/IMG_7749.jpg\" alt=\"\"><\/a><div class=\"html5gallery-info\"><\/div><\/div><\/div><script>function wondergallery_200_appendcss(csscode) {var head=document.head || document.getElementsByTagName(\"head\")[0];var style=document.createElement(\"style\");head.appendChild(style);style.type=\"text\/css\";if (style.styleSheet){style.styleSheet.cssText=csscode;} else {style.appendChild(document.createTextNode(csscode));}};wondergallery_200_appendcss(\"#wonderplugingallery-200 .html5gallery-cat-selection-200 { \tbox-sizing: border-box; \ttext-align: center; }  #wonderplugingallery-200 .html5gallery-cat-selection-200 select { \tbox-sizing: border-box; \tmargin: 4px auto; }\");<\/script>\n","protected":false},"excerpt":{"rendered":"<p>O Jornal das Oficinas esteve em&#8230;<\/p>\n","protected":false},"author":15,"featured_media":85266,"comment_status":"closed","ping_status":"closed","sticky":false,"template":"","format":"standard","meta":{"footnotes":""},"categories":[29],"tags":[387,9213,9211,9212,9196,9195,7420,9210,917],"class_list":["post-85208","post","type-post","status-publish","format-standard","has-post-thumbnail","hentry","category-empresas","tag-economia-circular","tag-fabrica-valeo","tag-mais-de-8-mil-referencias","tag-nova-linha-de-produtos","tag-objetivo-ate-2030","tag-pecas-remanufaturadas","tag-plano-estrategico","tag-smovengo","tag-valeo"],"yoast_head":"<!-- This site is optimized with the Yoast SEO plugin v27.4 - https:\/\/yoast.com\/product\/yoast-seo-wordpress\/ -->\n<title>Valeo ambiciona duplicar volume de pe\u00e7as remanufaturadas at\u00e9 2030 - Jornal das Oficinas<\/title>\n<meta name=\"description\" content=\"O JO esteve em Chechowice-Dziedzice, Pol\u00f3nia, para visitar a f\u00e1brica da Valeo e conhecer ao detalhe o plano estrat\u00e9gico de economia circular\" \/>\n<meta name=\"robots\" content=\"index, follow, max-snippet:-1, max-image-preview:large, max-video-preview:-1\" \/>\n<link rel=\"canonical\" href=\"https:\/\/jornaldasoficinas.com\/pt\/valeo-ambiciona-duplicar-volume-de-pecas-remanufaturadas-ate-2030\/\" \/>\n<meta property=\"og:locale\" content=\"pt_PT\" \/>\n<meta property=\"og:type\" content=\"article\" \/>\n<meta property=\"og:title\" content=\"Valeo ambiciona duplicar volume de pe\u00e7as remanufaturadas at\u00e9 2030 - Jornal das Oficinas\" \/>\n<meta property=\"og:description\" content=\"O JO esteve em Chechowice-Dziedzice, Pol\u00f3nia, para visitar a f\u00e1brica da Valeo e conhecer ao detalhe o plano estrat\u00e9gico de economia circular\" \/>\n<meta property=\"og:url\" content=\"https:\/\/jornaldasoficinas.com\/pt\/valeo-ambiciona-duplicar-volume-de-pecas-remanufaturadas-ate-2030\/\" \/>\n<meta property=\"og:site_name\" content=\"Jornal das Oficinas\" \/>\n<meta property=\"article:publisher\" content=\"https:\/\/www.facebook.com\/jornaloficinas\" \/>\n<meta property=\"article:published_time\" content=\"2024-05-23T13:00:07+00:00\" \/>\n<meta property=\"article:modified_time\" content=\"2024-05-24T16:29:43+00:00\" \/>\n<meta property=\"og:image\" content=\"https:\/\/jornaldasoficinas.com\/pt\/wp-content\/uploads\/2024\/05\/C3201520228IMG0199_HD.jpg\" \/>\n\t<meta property=\"og:image:width\" content=\"1024\" \/>\n\t<meta property=\"og:image:height\" content=\"581\" \/>\n\t<meta property=\"og:image:type\" content=\"image\/jpeg\" \/>\n<meta name=\"author\" content=\"Reda\u00e7\u00e3o JO\" \/>\n<meta name=\"twitter:card\" content=\"summary_large_image\" \/>\n<meta name=\"twitter:creator\" content=\"@jornaloficinas\" \/>\n<meta name=\"twitter:site\" content=\"@jornaloficinas\" \/>\n<meta name=\"twitter:label1\" content=\"Escrito por\" \/>\n\t<meta name=\"twitter:data1\" content=\"Reda\u00e7\u00e3o JO\" \/>\n\t<meta name=\"twitter:label2\" content=\"Tempo estimado de leitura\" \/>\n\t<meta name=\"twitter:data2\" content=\"5 minutos\" \/>\n<script type=\"application\/ld+json\" class=\"yoast-schema-graph\">{\"@context\":\"https:\\\/\\\/schema.org\",\"@graph\":[{\"@type\":\"Article\",\"@id\":\"https:\\\/\\\/jornaldasoficinas.com\\\/pt\\\/valeo-ambiciona-duplicar-volume-de-pecas-remanufaturadas-ate-2030\\\/#article\",\"isPartOf\":{\"@id\":\"https:\\\/\\\/jornaldasoficinas.com\\\/pt\\\/valeo-ambiciona-duplicar-volume-de-pecas-remanufaturadas-ate-2030\\\/\"},\"author\":{\"name\":\"Reda\u00e7\u00e3o JO\",\"@id\":\"https:\\\/\\\/jornaldasoficinas.com\\\/pt\\\/#\\\/schema\\\/person\\\/a38eef5de2c41d9e7c9ac10141afddf3\"},\"headline\":\"Valeo ambiciona duplicar volume de pe\u00e7as remanufaturadas at\u00e9 2030\",\"datePublished\":\"2024-05-23T13:00:07+00:00\",\"dateModified\":\"2024-05-24T16:29:43+00:00\",\"mainEntityOfPage\":{\"@id\":\"https:\\\/\\\/jornaldasoficinas.com\\\/pt\\\/valeo-ambiciona-duplicar-volume-de-pecas-remanufaturadas-ate-2030\\\/\"},\"wordCount\":814,\"publisher\":{\"@id\":\"https:\\\/\\\/jornaldasoficinas.com\\\/pt\\\/#organization\"},\"image\":{\"@id\":\"https:\\\/\\\/jornaldasoficinas.com\\\/pt\\\/valeo-ambiciona-duplicar-volume-de-pecas-remanufaturadas-ate-2030\\\/#primaryimage\"},\"thumbnailUrl\":\"https:\\\/\\\/jornaldasoficinas.com\\\/pt\\\/wp-content\\\/uploads\\\/2024\\\/05\\\/C3201520228IMG0199_HD.jpg\",\"keywords\":[\"Economia Circular\",\"f\u00e1brica Valeo\",\"mais de 8 mil refer\u00eancias\",\"nova linha de produtos\",\"objetivo at\u00e9 2030\",\"pe\u00e7as remanufaturadas\",\"plano estrat\u00e9gico\",\"Smovengo\",\"Valeo\"],\"articleSection\":[\"Empresas\"],\"inLanguage\":\"pt-PT\"},{\"@type\":\"WebPage\",\"@id\":\"https:\\\/\\\/jornaldasoficinas.com\\\/pt\\\/valeo-ambiciona-duplicar-volume-de-pecas-remanufaturadas-ate-2030\\\/\",\"url\":\"https:\\\/\\\/jornaldasoficinas.com\\\/pt\\\/valeo-ambiciona-duplicar-volume-de-pecas-remanufaturadas-ate-2030\\\/\",\"name\":\"Valeo ambiciona duplicar volume de pe\u00e7as remanufaturadas at\u00e9 2030 - Jornal das Oficinas\",\"isPartOf\":{\"@id\":\"https:\\\/\\\/jornaldasoficinas.com\\\/pt\\\/#website\"},\"primaryImageOfPage\":{\"@id\":\"https:\\\/\\\/jornaldasoficinas.com\\\/pt\\\/valeo-ambiciona-duplicar-volume-de-pecas-remanufaturadas-ate-2030\\\/#primaryimage\"},\"image\":{\"@id\":\"https:\\\/\\\/jornaldasoficinas.com\\\/pt\\\/valeo-ambiciona-duplicar-volume-de-pecas-remanufaturadas-ate-2030\\\/#primaryimage\"},\"thumbnailUrl\":\"https:\\\/\\\/jornaldasoficinas.com\\\/pt\\\/wp-content\\\/uploads\\\/2024\\\/05\\\/C3201520228IMG0199_HD.jpg\",\"datePublished\":\"2024-05-23T13:00:07+00:00\",\"dateModified\":\"2024-05-24T16:29:43+00:00\",\"description\":\"O JO esteve em Chechowice-Dziedzice, Pol\u00f3nia, para visitar a f\u00e1brica da Valeo e conhecer ao detalhe o plano estrat\u00e9gico de economia circular\",\"breadcrumb\":{\"@id\":\"https:\\\/\\\/jornaldasoficinas.com\\\/pt\\\/valeo-ambiciona-duplicar-volume-de-pecas-remanufaturadas-ate-2030\\\/#breadcrumb\"},\"inLanguage\":\"pt-PT\",\"potentialAction\":[{\"@type\":\"ReadAction\",\"target\":[\"https:\\\/\\\/jornaldasoficinas.com\\\/pt\\\/valeo-ambiciona-duplicar-volume-de-pecas-remanufaturadas-ate-2030\\\/\"]}]},{\"@type\":\"ImageObject\",\"inLanguage\":\"pt-PT\",\"@id\":\"https:\\\/\\\/jornaldasoficinas.com\\\/pt\\\/valeo-ambiciona-duplicar-volume-de-pecas-remanufaturadas-ate-2030\\\/#primaryimage\",\"url\":\"https:\\\/\\\/jornaldasoficinas.com\\\/pt\\\/wp-content\\\/uploads\\\/2024\\\/05\\\/C3201520228IMG0199_HD.jpg\",\"contentUrl\":\"https:\\\/\\\/jornaldasoficinas.com\\\/pt\\\/wp-content\\\/uploads\\\/2024\\\/05\\\/C3201520228IMG0199_HD.jpg\",\"width\":1024,\"height\":581,\"caption\":\"05 - C3201520228IMG0199_HD\"},{\"@type\":\"BreadcrumbList\",\"@id\":\"https:\\\/\\\/jornaldasoficinas.com\\\/pt\\\/valeo-ambiciona-duplicar-volume-de-pecas-remanufaturadas-ate-2030\\\/#breadcrumb\",\"itemListElement\":[{\"@type\":\"ListItem\",\"position\":1,\"name\":\"In\u00edcio\",\"item\":\"https:\\\/\\\/jornaldasoficinas.com\\\/pt\\\/\"},{\"@type\":\"ListItem\",\"position\":2,\"name\":\"Valeo ambiciona duplicar volume de pe\u00e7as remanufaturadas at\u00e9 2030\"}]},{\"@type\":\"WebSite\",\"@id\":\"https:\\\/\\\/jornaldasoficinas.com\\\/pt\\\/#website\",\"url\":\"https:\\\/\\\/jornaldasoficinas.com\\\/pt\\\/\",\"name\":\"Jornal das Oficinas\",\"description\":\"Jornal independente do Aftermarket Autom\u00f3vel em Portugal\",\"publisher\":{\"@id\":\"https:\\\/\\\/jornaldasoficinas.com\\\/pt\\\/#organization\"},\"potentialAction\":[{\"@type\":\"SearchAction\",\"target\":{\"@type\":\"EntryPoint\",\"urlTemplate\":\"https:\\\/\\\/jornaldasoficinas.com\\\/pt\\\/?s={search_term_string}\"},\"query-input\":{\"@type\":\"PropertyValueSpecification\",\"valueRequired\":true,\"valueName\":\"search_term_string\"}}],\"inLanguage\":\"pt-PT\"},{\"@type\":\"Organization\",\"@id\":\"https:\\\/\\\/jornaldasoficinas.com\\\/pt\\\/#organization\",\"name\":\"Jornal das Oficinas\",\"url\":\"https:\\\/\\\/jornaldasoficinas.com\\\/pt\\\/\",\"logo\":{\"@type\":\"ImageObject\",\"inLanguage\":\"pt-PT\",\"@id\":\"https:\\\/\\\/jornaldasoficinas.com\\\/pt\\\/#\\\/schema\\\/logo\\\/image\\\/\",\"url\":\"https:\\\/\\\/jornaldasoficinas.com\\\/pt\\\/wp-content\\\/uploads\\\/logoJO-SEO.png\",\"contentUrl\":\"https:\\\/\\\/jornaldasoficinas.com\\\/pt\\\/wp-content\\\/uploads\\\/logoJO-SEO.png\",\"width\":285,\"height\":450,\"caption\":\"Jornal das Oficinas\"},\"image\":{\"@id\":\"https:\\\/\\\/jornaldasoficinas.com\\\/pt\\\/#\\\/schema\\\/logo\\\/image\\\/\"},\"sameAs\":[\"https:\\\/\\\/www.facebook.com\\\/jornaloficinas\",\"https:\\\/\\\/x.com\\\/jornaloficinas\",\"https:\\\/\\\/www.instagram.com\\\/jornal_oficinas\\\/\",\"https:\\\/\\\/www.linkedin.com\\\/company\\\/jornal-das-oficinas\\\/\",\"https:\\\/\\\/www.youtube.com\\\/channel\\\/UCbQZBqtcvV-oSQrr7RzINGg\"]},{\"@type\":\"Person\",\"@id\":\"https:\\\/\\\/jornaldasoficinas.com\\\/pt\\\/#\\\/schema\\\/person\\\/a38eef5de2c41d9e7c9ac10141afddf3\",\"name\":\"Reda\u00e7\u00e3o JO\",\"image\":{\"@type\":\"ImageObject\",\"inLanguage\":\"pt-PT\",\"@id\":\"https:\\\/\\\/secure.gravatar.com\\\/avatar\\\/71f2fa71737ad68a84fea94bc708ddac8ea5b0c4788dc2ad202f3ccb2887742f?s=96&d=wp_user_avatar&r=g\",\"url\":\"https:\\\/\\\/secure.gravatar.com\\\/avatar\\\/71f2fa71737ad68a84fea94bc708ddac8ea5b0c4788dc2ad202f3ccb2887742f?s=96&d=wp_user_avatar&r=g\",\"contentUrl\":\"https:\\\/\\\/secure.gravatar.com\\\/avatar\\\/71f2fa71737ad68a84fea94bc708ddac8ea5b0c4788dc2ad202f3ccb2887742f?s=96&d=wp_user_avatar&r=g\",\"caption\":\"Reda\u00e7\u00e3o JO\"},\"url\":\"https:\\\/\\\/jornaldasoficinas.com\\\/pt\\\/author\\\/joredacao\\\/\"}]}<\/script>\n<!-- \/ Yoast SEO plugin. -->","yoast_head_json":{"title":"Valeo ambiciona duplicar volume de pe\u00e7as remanufaturadas at\u00e9 2030 - Jornal das Oficinas","description":"O JO esteve em Chechowice-Dziedzice, Pol\u00f3nia, para visitar a f\u00e1brica da Valeo e conhecer ao detalhe o plano estrat\u00e9gico de economia circular","robots":{"index":"index","follow":"follow","max-snippet":"max-snippet:-1","max-image-preview":"max-image-preview:large","max-video-preview":"max-video-preview:-1"},"canonical":"https:\/\/jornaldasoficinas.com\/pt\/valeo-ambiciona-duplicar-volume-de-pecas-remanufaturadas-ate-2030\/","og_locale":"pt_PT","og_type":"article","og_title":"Valeo ambiciona duplicar volume de pe\u00e7as remanufaturadas at\u00e9 2030 - Jornal das Oficinas","og_description":"O JO esteve em Chechowice-Dziedzice, Pol\u00f3nia, para visitar a f\u00e1brica da Valeo e conhecer ao detalhe o plano estrat\u00e9gico de economia circular","og_url":"https:\/\/jornaldasoficinas.com\/pt\/valeo-ambiciona-duplicar-volume-de-pecas-remanufaturadas-ate-2030\/","og_site_name":"Jornal das Oficinas","article_publisher":"https:\/\/www.facebook.com\/jornaloficinas","article_published_time":"2024-05-23T13:00:07+00:00","article_modified_time":"2024-05-24T16:29:43+00:00","og_image":[{"width":1024,"height":581,"url":"https:\/\/jornaldasoficinas.com\/pt\/wp-content\/uploads\/2024\/05\/C3201520228IMG0199_HD.jpg","type":"image\/jpeg"}],"author":"Reda\u00e7\u00e3o JO","twitter_card":"summary_large_image","twitter_creator":"@jornaloficinas","twitter_site":"@jornaloficinas","twitter_misc":{"Escrito por":"Reda\u00e7\u00e3o JO","Tempo estimado de leitura":"5 minutos"},"schema":{"@context":"https:\/\/schema.org","@graph":[{"@type":"Article","@id":"https:\/\/jornaldasoficinas.com\/pt\/valeo-ambiciona-duplicar-volume-de-pecas-remanufaturadas-ate-2030\/#article","isPartOf":{"@id":"https:\/\/jornaldasoficinas.com\/pt\/valeo-ambiciona-duplicar-volume-de-pecas-remanufaturadas-ate-2030\/"},"author":{"name":"Reda\u00e7\u00e3o JO","@id":"https:\/\/jornaldasoficinas.com\/pt\/#\/schema\/person\/a38eef5de2c41d9e7c9ac10141afddf3"},"headline":"Valeo ambiciona duplicar volume de pe\u00e7as remanufaturadas at\u00e9 2030","datePublished":"2024-05-23T13:00:07+00:00","dateModified":"2024-05-24T16:29:43+00:00","mainEntityOfPage":{"@id":"https:\/\/jornaldasoficinas.com\/pt\/valeo-ambiciona-duplicar-volume-de-pecas-remanufaturadas-ate-2030\/"},"wordCount":814,"publisher":{"@id":"https:\/\/jornaldasoficinas.com\/pt\/#organization"},"image":{"@id":"https:\/\/jornaldasoficinas.com\/pt\/valeo-ambiciona-duplicar-volume-de-pecas-remanufaturadas-ate-2030\/#primaryimage"},"thumbnailUrl":"https:\/\/jornaldasoficinas.com\/pt\/wp-content\/uploads\/2024\/05\/C3201520228IMG0199_HD.jpg","keywords":["Economia Circular","f\u00e1brica Valeo","mais de 8 mil refer\u00eancias","nova linha de produtos","objetivo at\u00e9 2030","pe\u00e7as remanufaturadas","plano estrat\u00e9gico","Smovengo","Valeo"],"articleSection":["Empresas"],"inLanguage":"pt-PT"},{"@type":"WebPage","@id":"https:\/\/jornaldasoficinas.com\/pt\/valeo-ambiciona-duplicar-volume-de-pecas-remanufaturadas-ate-2030\/","url":"https:\/\/jornaldasoficinas.com\/pt\/valeo-ambiciona-duplicar-volume-de-pecas-remanufaturadas-ate-2030\/","name":"Valeo ambiciona duplicar volume de pe\u00e7as remanufaturadas at\u00e9 2030 - Jornal das Oficinas","isPartOf":{"@id":"https:\/\/jornaldasoficinas.com\/pt\/#website"},"primaryImageOfPage":{"@id":"https:\/\/jornaldasoficinas.com\/pt\/valeo-ambiciona-duplicar-volume-de-pecas-remanufaturadas-ate-2030\/#primaryimage"},"image":{"@id":"https:\/\/jornaldasoficinas.com\/pt\/valeo-ambiciona-duplicar-volume-de-pecas-remanufaturadas-ate-2030\/#primaryimage"},"thumbnailUrl":"https:\/\/jornaldasoficinas.com\/pt\/wp-content\/uploads\/2024\/05\/C3201520228IMG0199_HD.jpg","datePublished":"2024-05-23T13:00:07+00:00","dateModified":"2024-05-24T16:29:43+00:00","description":"O JO esteve em Chechowice-Dziedzice, Pol\u00f3nia, para visitar a f\u00e1brica da Valeo e conhecer ao detalhe o plano estrat\u00e9gico de economia circular","breadcrumb":{"@id":"https:\/\/jornaldasoficinas.com\/pt\/valeo-ambiciona-duplicar-volume-de-pecas-remanufaturadas-ate-2030\/#breadcrumb"},"inLanguage":"pt-PT","potentialAction":[{"@type":"ReadAction","target":["https:\/\/jornaldasoficinas.com\/pt\/valeo-ambiciona-duplicar-volume-de-pecas-remanufaturadas-ate-2030\/"]}]},{"@type":"ImageObject","inLanguage":"pt-PT","@id":"https:\/\/jornaldasoficinas.com\/pt\/valeo-ambiciona-duplicar-volume-de-pecas-remanufaturadas-ate-2030\/#primaryimage","url":"https:\/\/jornaldasoficinas.com\/pt\/wp-content\/uploads\/2024\/05\/C3201520228IMG0199_HD.jpg","contentUrl":"https:\/\/jornaldasoficinas.com\/pt\/wp-content\/uploads\/2024\/05\/C3201520228IMG0199_HD.jpg","width":1024,"height":581,"caption":"05 - C3201520228IMG0199_HD"},{"@type":"BreadcrumbList","@id":"https:\/\/jornaldasoficinas.com\/pt\/valeo-ambiciona-duplicar-volume-de-pecas-remanufaturadas-ate-2030\/#breadcrumb","itemListElement":[{"@type":"ListItem","position":1,"name":"In\u00edcio","item":"https:\/\/jornaldasoficinas.com\/pt\/"},{"@type":"ListItem","position":2,"name":"Valeo ambiciona duplicar volume de pe\u00e7as remanufaturadas at\u00e9 2030"}]},{"@type":"WebSite","@id":"https:\/\/jornaldasoficinas.com\/pt\/#website","url":"https:\/\/jornaldasoficinas.com\/pt\/","name":"Jornal das Oficinas","description":"Jornal independente do Aftermarket Autom\u00f3vel em Portugal","publisher":{"@id":"https:\/\/jornaldasoficinas.com\/pt\/#organization"},"potentialAction":[{"@type":"SearchAction","target":{"@type":"EntryPoint","urlTemplate":"https:\/\/jornaldasoficinas.com\/pt\/?s={search_term_string}"},"query-input":{"@type":"PropertyValueSpecification","valueRequired":true,"valueName":"search_term_string"}}],"inLanguage":"pt-PT"},{"@type":"Organization","@id":"https:\/\/jornaldasoficinas.com\/pt\/#organization","name":"Jornal das Oficinas","url":"https:\/\/jornaldasoficinas.com\/pt\/","logo":{"@type":"ImageObject","inLanguage":"pt-PT","@id":"https:\/\/jornaldasoficinas.com\/pt\/#\/schema\/logo\/image\/","url":"https:\/\/jornaldasoficinas.com\/pt\/wp-content\/uploads\/logoJO-SEO.png","contentUrl":"https:\/\/jornaldasoficinas.com\/pt\/wp-content\/uploads\/logoJO-SEO.png","width":285,"height":450,"caption":"Jornal das Oficinas"},"image":{"@id":"https:\/\/jornaldasoficinas.com\/pt\/#\/schema\/logo\/image\/"},"sameAs":["https:\/\/www.facebook.com\/jornaloficinas","https:\/\/x.com\/jornaloficinas","https:\/\/www.instagram.com\/jornal_oficinas\/","https:\/\/www.linkedin.com\/company\/jornal-das-oficinas\/","https:\/\/www.youtube.com\/channel\/UCbQZBqtcvV-oSQrr7RzINGg"]},{"@type":"Person","@id":"https:\/\/jornaldasoficinas.com\/pt\/#\/schema\/person\/a38eef5de2c41d9e7c9ac10141afddf3","name":"Reda\u00e7\u00e3o JO","image":{"@type":"ImageObject","inLanguage":"pt-PT","@id":"https:\/\/secure.gravatar.com\/avatar\/71f2fa71737ad68a84fea94bc708ddac8ea5b0c4788dc2ad202f3ccb2887742f?s=96&d=wp_user_avatar&r=g","url":"https:\/\/secure.gravatar.com\/avatar\/71f2fa71737ad68a84fea94bc708ddac8ea5b0c4788dc2ad202f3ccb2887742f?s=96&d=wp_user_avatar&r=g","contentUrl":"https:\/\/secure.gravatar.com\/avatar\/71f2fa71737ad68a84fea94bc708ddac8ea5b0c4788dc2ad202f3ccb2887742f?s=96&d=wp_user_avatar&r=g","caption":"Reda\u00e7\u00e3o JO"},"url":"https:\/\/jornaldasoficinas.com\/pt\/author\/joredacao\/"}]}},"_links":{"self":[{"href":"https:\/\/jornaldasoficinas.com\/pt\/wp-json\/wp\/v2\/posts\/85208","targetHints":{"allow":["GET"]}}],"collection":[{"href":"https:\/\/jornaldasoficinas.com\/pt\/wp-json\/wp\/v2\/posts"}],"about":[{"href":"https:\/\/jornaldasoficinas.com\/pt\/wp-json\/wp\/v2\/types\/post"}],"author":[{"embeddable":true,"href":"https:\/\/jornaldasoficinas.com\/pt\/wp-json\/wp\/v2\/users\/15"}],"replies":[{"embeddable":true,"href":"https:\/\/jornaldasoficinas.com\/pt\/wp-json\/wp\/v2\/comments?post=85208"}],"version-history":[{"count":0,"href":"https:\/\/jornaldasoficinas.com\/pt\/wp-json\/wp\/v2\/posts\/85208\/revisions"}],"wp:featuredmedia":[{"embeddable":true,"href":"https:\/\/jornaldasoficinas.com\/pt\/wp-json\/wp\/v2\/media\/85266"}],"wp:attachment":[{"href":"https:\/\/jornaldasoficinas.com\/pt\/wp-json\/wp\/v2\/media?parent=85208"}],"wp:term":[{"taxonomy":"category","embeddable":true,"href":"https:\/\/jornaldasoficinas.com\/pt\/wp-json\/wp\/v2\/categories?post=85208"},{"taxonomy":"post_tag","embeddable":true,"href":"https:\/\/jornaldasoficinas.com\/pt\/wp-json\/wp\/v2\/tags?post=85208"}],"curies":[{"name":"wp","href":"https:\/\/api.w.org\/{rel}","templated":true}]}}