{"id":85225,"date":"2024-05-23T12:30:33","date_gmt":"2024-05-23T11:30:33","guid":{"rendered":"https:\/\/jornaldasoficinas.com\/pt\/?p=85225"},"modified":"2024-05-23T10:23:06","modified_gmt":"2024-05-23T09:23:06","slug":"bosch-fatura-21-mil-milhoes-de-euros-em-portugal","status":"publish","type":"post","link":"https:\/\/jornaldasoficinas.com\/pt\/bosch-fatura-21-mil-milhoes-de-euros-em-portugal\/","title":{"rendered":"Bosch fatura 2,1 mil milh\u00f5es de euros em Portugal"},"content":{"rendered":"<p><strong><img loading=\"lazy\" decoding=\"async\" class=\"alignnone size-full wp-image-85228\" src=\"https:\/\/jornaldasoficinas.com\/pt\/wp-content\/uploads\/2024\/05\/Bosch-fatura-21-mil-milhoes-de-euros-em-Portugal.jpg\" alt=\"05 - Bosch fatura 21 mil milhoes de euros em Portugal\" width=\"1024\" height=\"581\" srcset=\"https:\/\/jornaldasoficinas.com\/pt\/wp-content\/uploads\/2024\/05\/Bosch-fatura-21-mil-milhoes-de-euros-em-Portugal.jpg 1024w, https:\/\/jornaldasoficinas.com\/pt\/wp-content\/uploads\/2024\/05\/Bosch-fatura-21-mil-milhoes-de-euros-em-Portugal-300x170.jpg 300w, https:\/\/jornaldasoficinas.com\/pt\/wp-content\/uploads\/2024\/05\/Bosch-fatura-21-mil-milhoes-de-euros-em-Portugal-150x85.jpg 150w, https:\/\/jornaldasoficinas.com\/pt\/wp-content\/uploads\/2024\/05\/Bosch-fatura-21-mil-milhoes-de-euros-em-Portugal-768x436.jpg 768w\" sizes=\"auto, (max-width: 1024px) 100vw, 1024px\" \/><\/strong><\/p>\n<p><strong>A <a href=\"https:\/\/www.bosch.pt\/\">Bosch<\/a>, terminou o ano fiscal de 2023 com vendas no valor de 2,1 mil milh\u00f5es de euros em Portugal, incluindo vendas e servi\u00e7os a empresas do Grupo Bosch. A empresa registou um ligeiro crescimento de 1,7 por cento relativamente ao ano anterior. No mercado local, a Bosch registou vendas consolidadas de 383 milh\u00f5es de euros, 5,2 por cento acima do n\u00edvel de 2022<\/strong><\/p>\n<p>\u201cApesar de estarmos a viver um ambiente global desafiante e de alguma incerteza, 2023 foi um ano positivo para a Bosch em Portugal. Para este ano, estamos alinhados com as perspetivas gerais da Bosch, e por isso as nossas previs\u00f5es s\u00e3o moderadas, tendo em conta o atual cen\u00e1rio econ\u00f3mico e tamb\u00e9m a transforma\u00e7\u00e3o do neg\u00f3cio que a empresa est\u00e1 a realizar a n\u00edvel global\u201d, afirmou Javier Gonz\u00e1lez Pareja, Presidente do Grupo Bosch em Portugal e Espanha.<\/p>\n<p>Os resultados alcan\u00e7ados em 2023 mant\u00eam a Bosch como um dos maiores exportadores do pa\u00eds, com um n\u00edvel de exporta\u00e7\u00e3o superior a 97 por cento, com mais de 50 pa\u00edses em todo o mundo a importar solu\u00e7\u00f5es produzidas em Aveiro, Braga e Ovar, e servi\u00e7os prestados a partir de Lisboa para o mundo. Estes n\u00fameros refor\u00e7am a import\u00e2ncia da Bosch no total de exporta\u00e7\u00f5es do pa\u00eds (cerca 1,7 por cento), traduzindo-se num impacto de cerca de 1% por centro do PIB de Portugal.<\/p>\n<p>Tamb\u00e9m no que ao n\u00famero de colaboradores diz respeito, a Bosch continua nos lugares cimeiros dos maiores empregadores do pa\u00eds. A 31 dezembro de 2023, a empresa contava com pouco mais de 7.000 colaboradores em Portugal, um aumento significativo em rela\u00e7\u00e3o ao ano anterior (cerca de 8 por cento).<\/p>\n<p>\u201cAo longo dos anos, temos vindo a assistir a um crescimento sustentado da Bosch em Portugal, que s\u00f3 poss\u00edvel gra\u00e7as \u00e0 dedica\u00e7\u00e3o e ao profissionalismo dos nossos colaboradores. \u00c9 nesse caminho que nos queremos manter, conscientes de que o futuro j\u00e1 est\u00e1 a trazer desafios para o neg\u00f3cio da Bosch\u201d, afirmou Carlos Ribas, respons\u00e1vel da Bosch em Portugal e Diretor T\u00e9cnico da Bosch em Braga.<\/p>\n<p>Relativamente \u00e0s perspetivas para o corrente ano, a Bosch espera uma ligeira evolu\u00e7\u00e3o positiva em Portugal, tanto a n\u00edvel de volume de neg\u00f3cios como de colaboradores. \u201cApesar de um ambiente econ\u00f3mico e social que se mant\u00e9m exigente, as nossas expetativas para 2024 s\u00e3o de um ligeiro crescimento das vendas em todas as localiza\u00e7\u00f5es em Portugal\u201d, explicou Carlos Ribas.<\/p>\n<p><strong>Desenvolvimento das \u00e1reas de neg\u00f3cio em Portugal<\/strong><\/p>\n<p>No setor da Mobilidade, a Bosch est\u00e1 a avan\u00e7ar com decis\u00f5es estrat\u00e9gicas globais que visam o crescimento futuro deste neg\u00f3cio. \u201cA Bosch definiu a mobilidade sustent\u00e1vel como uma das suas \u00e1reas de crescimento, com especial foco para a condu\u00e7\u00e3o eletrificada e automatizada. Esta estrat\u00e9gia implica uma nova organiza\u00e7\u00e3o no setor empresarial da mobilidade na Bosch a n\u00edvel global, com a aposta em novas tecnologias e solu\u00e7\u00f5es e refor\u00e7o de algumas tecnologias nas quais j\u00e1 v\u00ednhamos a trabalhar. Esta transforma\u00e7\u00e3o ter\u00e1 o seu impacto no portf\u00f3lio de produtos e, consequentemente, no neg\u00f3cio da unidade em Braga\u201d, explicou o respons\u00e1vel da Bosch em Portugal.<\/p>\n<p>No caso da unidade de Braga, a reorganiza\u00e7\u00e3o da mobilidade na Bosch ir\u00e1 traduzir-se numa transforma\u00e7\u00e3o do portf\u00f3lio de produtos, que passar\u00e1 gradualmente dos sistemas de infotainment para solu\u00e7\u00f5es como computadores de bordo, c\u00e2maras e sensores. \u201cA Bosch est\u00e1 a focar os seus esfor\u00e7os de desenvolvimento e produ\u00e7\u00e3o de tecnologias essenciais para as necessidades atuais e futuras dos ve\u00edculos, que ir\u00e3o contribuir para uma mobilidade mais segura, confort\u00e1vel e sustent\u00e1vel. A Bosch em Braga est\u00e1 a receber algumas dessas tecnologias e continuar\u00e1 a desempenhar um papel importante o futuro da mobilidade tanto a n\u00edvel de desenvolvimento como de produ\u00e7\u00e3o.<\/p>\n<p>Mais do que nunca, as inova\u00e7\u00f5es na \u00e1rea autom\u00f3vel acontecem por atrav\u00e9s de bits e bytes. Os ve\u00edculos definidos por software oferecem duas vantagens not\u00e1veis. A primeira \u00e9 a velocidade de desenvolvimento: em vez de levar anos, a implementa\u00e7\u00e3o de novas fun\u00e7\u00f5es em sistemas existentes ser\u00e1, no futuro, apenas uma quest\u00e3o de dias. A segunda \u00e9 a dissocia\u00e7\u00e3o do desenvolvimento de software e hardware, o que significa que os autom\u00f3veis v\u00e3o parecer novos por mais tempo gra\u00e7as \u00e0s atualiza\u00e7\u00f5es de software. A Bosch est\u00e1 com esta transforma\u00e7\u00e3o a responder a essa tend\u00eancia de engenharia automotiva baseada em software. Al\u00e9m disso, a empresa estima que impulsionado por esta tend\u00eancia, o mercado do software autom\u00f3vel dever\u00e1 atingir um volume significativamente superior a 200 mil milh\u00f5es de euros at\u00e9 2030, o que significa tr\u00eas vezes mais do que em 2020.<\/p>\n<p>A \u00e1rea de neg\u00f3cios de Energia e Tecnologia de Edif\u00edcios, na qual est\u00e3o inseridas as atividades das unidades de Aveiro e de Ovar, atravessam momentos diferentes no \u00e2mbito da estrat\u00e9gia global da Bosch.<\/p>\n<p>O ano de 2023 foi de grande import\u00e2ncia para a unidade da Bosch em Aveiro, que refor\u00e7ou a sua posi\u00e7\u00e3o enquanto localiza\u00e7\u00e3o estrat\u00e9gica para a produ\u00e7\u00e3o e desenvolvimento de bombas de calor dentro do Grupo.<\/p>\n<p>Para 2024, as expetativas s\u00e3o cautelosamente positivas, nomeadamente com o aval por parte da casa-m\u00e3e para avan\u00e7ar com a instala\u00e7\u00e3o da segunda linha de produ\u00e7\u00e3o de bombas de calor. \u201cPara a Bosch, as bombas de calor s\u00e3o um componente fundamental de edif\u00edcios neutros em carbono. Embora o mercado tenha estagnado em toda a Europa em 2023, a Bosch conseguiu fazer crescer o seu neg\u00f3cio em quase 50 por cento e prev\u00ea continuar a crescer mais r\u00e1pido do que o mercado neste segmento. Nesse sentido, a previs\u00e3o \u00e9 de continuar a investir n\u00e3o apenas na capacidade de produ\u00e7\u00e3o, mas tamb\u00e9m na expans\u00e3o do nosso portf\u00f3lio de produtos, nomeadamente com bombas de calor que n\u00e3o s\u00e3o apenas silenciosas e eficientes, mas tamb\u00e9m econ\u00f3micas\u201d, explicou Carlos Ribas.<\/p>\n<p>No caso da unidade de Ovar, conforme j\u00e1 anunciado, a empresa decidiu realinhar a sua divis\u00e3o Building Technologies com a venda da maior parte do neg\u00f3cio de produtos desta divis\u00e3o. Isso inclui as unidades de neg\u00f3cios de V\u00eddeo, Acesso e Intrus\u00e3o e Comunica\u00e7\u00e3o, que tamb\u00e9m ir\u00e1 afetar esta localiza\u00e7\u00e3o. \u201cA Bosch Portugal est\u00e1 empenhada em refor\u00e7ar as suas atividades noutras \u00e1reas estrat\u00e9gicas, como solu\u00e7\u00f5es de mobilidade e bombas de calor, e em atingir os seus objetivos de neg\u00f3cio, apesar da venda planeada e do impacto esperado no nosso volume de neg\u00f3cios local\u201d, explicou Carlos Ribas.<\/p>\n<p>Na sua unidade em Lisboa a Bosch mant\u00e9m a aposta na amplia\u00e7\u00e3o do seu portf\u00f3lio de servi\u00e7os, na diversifica\u00e7\u00e3o das suas \u00e1reas de neg\u00f3cios, com novas \u00e1reas de compet\u00eancia em fun\u00e7\u00f5es de administra\u00e7\u00e3o, e tamb\u00e9m no potencial aumento das suas equipas multiculturais que colaboram em diferentes projetos internacionais do Grupo Bosch, perfazendo atualmente um total de 39 diferentes nacionalidades, e que refor\u00e7am a posi\u00e7\u00e3o de Lisboa como um hub para presta\u00e7\u00e3o de servi\u00e7os a n\u00edvel global. Dentro desta unidade, est\u00e1 tamb\u00e9m a equipa da Service Solutions, dedicada \u00e0 presta\u00e7\u00e3o de servi\u00e7os nas \u00e1reas de experi\u00eancia de cliente, mobilidade, monitoriza\u00e7\u00e3o e processos de neg\u00f3cio, que tem vindo ainda a contribuir fortemente para o crescimento da Bosch em Portugal.<\/p>\n<p>Por fim, a \u00e1rea de Bens de Consumo, que engloba os eletrodom\u00e9sticos e as ferramentas el\u00e9tricas, embora tenha passado por alguma restrutura\u00e7\u00e3o a n\u00edvel do Grupo, em Portugal a sua atividade e estrutura manteve-se est\u00e1vel contribuindo, igualmente, para os resultados positivos no pa\u00eds.<\/p>\n","protected":false},"excerpt":{"rendered":"<p>A Bosch, terminou o ano fiscal&#8230;<\/p>\n","protected":false},"author":15,"featured_media":85228,"comment_status":"closed","ping_status":"closed","sticky":false,"template":"","format":"standard","meta":{"footnotes":""},"categories":[29],"tags":[9200,9202,9198,123,2781,1769,9197,9199,9201],"class_list":["post-85225","post","type-post","status-publish","format-standard","has-post-thumbnail","hentry","category-empresas","tag-2-1-mil-milhoes","tag-383-milhoes-de-euros","tag-ano-fiscal-2023","tag-bosch","tag-crescimento","tag-grupo-bosch","tag-negocio-portugues","tag-vendas","tag-vendas-e-servicos"],"yoast_head":"<!-- This site is optimized with the Yoast SEO plugin v27.4 - https:\/\/yoast.com\/product\/yoast-seo-wordpress\/ -->\n<title>Bosch fatura 2,1 mil milh\u00f5es de euros em Portugal - Jornal das Oficinas<\/title>\n<meta name=\"description\" content=\"A Bosch, terminou o ano fiscal de 2023 com vendas no valor de 2,1 mil milh\u00f5es de euros em Portugal, incluindo vendas e servi\u00e7os ao Grupo\" \/>\n<meta name=\"robots\" content=\"index, follow, max-snippet:-1, max-image-preview:large, max-video-preview:-1\" \/>\n<link rel=\"canonical\" href=\"https:\/\/jornaldasoficinas.com\/pt\/bosch-fatura-21-mil-milhoes-de-euros-em-portugal\/\" \/>\n<meta property=\"og:locale\" content=\"pt_PT\" \/>\n<meta property=\"og:type\" content=\"article\" \/>\n<meta property=\"og:title\" content=\"Bosch fatura 2,1 mil milh\u00f5es de euros em Portugal - Jornal das Oficinas\" \/>\n<meta property=\"og:description\" content=\"A Bosch, terminou o ano fiscal de 2023 com vendas no valor de 2,1 mil milh\u00f5es de euros em Portugal, incluindo vendas e servi\u00e7os ao Grupo\" \/>\n<meta property=\"og:url\" content=\"https:\/\/jornaldasoficinas.com\/pt\/bosch-fatura-21-mil-milhoes-de-euros-em-portugal\/\" \/>\n<meta property=\"og:site_name\" content=\"Jornal das Oficinas\" \/>\n<meta property=\"article:publisher\" content=\"https:\/\/www.facebook.com\/jornaloficinas\" \/>\n<meta property=\"article:published_time\" content=\"2024-05-23T11:30:33+00:00\" \/>\n<meta property=\"og:image\" content=\"https:\/\/jornaldasoficinas.com\/pt\/wp-content\/uploads\/2024\/05\/Bosch-fatura-21-mil-milhoes-de-euros-em-Portugal.jpg\" \/>\n\t<meta property=\"og:image:width\" content=\"1024\" \/>\n\t<meta property=\"og:image:height\" content=\"581\" \/>\n\t<meta property=\"og:image:type\" content=\"image\/jpeg\" \/>\n<meta name=\"author\" content=\"Reda\u00e7\u00e3o JO\" \/>\n<meta name=\"twitter:card\" content=\"summary_large_image\" \/>\n<meta name=\"twitter:creator\" content=\"@jornaloficinas\" \/>\n<meta name=\"twitter:site\" content=\"@jornaloficinas\" \/>\n<meta name=\"twitter:label1\" content=\"Escrito por\" \/>\n\t<meta name=\"twitter:data1\" content=\"Reda\u00e7\u00e3o JO\" \/>\n\t<meta name=\"twitter:label2\" content=\"Tempo estimado de leitura\" \/>\n\t<meta name=\"twitter:data2\" content=\"7 minutos\" \/>\n<script type=\"application\/ld+json\" class=\"yoast-schema-graph\">{\"@context\":\"https:\\\/\\\/schema.org\",\"@graph\":[{\"@type\":\"Article\",\"@id\":\"https:\\\/\\\/jornaldasoficinas.com\\\/pt\\\/bosch-fatura-21-mil-milhoes-de-euros-em-portugal\\\/#article\",\"isPartOf\":{\"@id\":\"https:\\\/\\\/jornaldasoficinas.com\\\/pt\\\/bosch-fatura-21-mil-milhoes-de-euros-em-portugal\\\/\"},\"author\":{\"name\":\"Reda\u00e7\u00e3o JO\",\"@id\":\"https:\\\/\\\/jornaldasoficinas.com\\\/pt\\\/#\\\/schema\\\/person\\\/a38eef5de2c41d9e7c9ac10141afddf3\"},\"headline\":\"Bosch fatura 2,1 mil milh\u00f5es de euros em Portugal\",\"datePublished\":\"2024-05-23T11:30:33+00:00\",\"mainEntityOfPage\":{\"@id\":\"https:\\\/\\\/jornaldasoficinas.com\\\/pt\\\/bosch-fatura-21-mil-milhoes-de-euros-em-portugal\\\/\"},\"wordCount\":1328,\"publisher\":{\"@id\":\"https:\\\/\\\/jornaldasoficinas.com\\\/pt\\\/#organization\"},\"image\":{\"@id\":\"https:\\\/\\\/jornaldasoficinas.com\\\/pt\\\/bosch-fatura-21-mil-milhoes-de-euros-em-portugal\\\/#primaryimage\"},\"thumbnailUrl\":\"https:\\\/\\\/jornaldasoficinas.com\\\/pt\\\/wp-content\\\/uploads\\\/2024\\\/05\\\/Bosch-fatura-21-mil-milhoes-de-euros-em-Portugal.jpg\",\"keywords\":[\"2.1 mil milh\u00f5es\",\"383 milh\u00f5es de euros\",\"ano fiscal 2023\",\"Bosch\",\"Crescimento\",\"Grupo Bosch\",\"neg\u00f3cio portugu\u00eas\",\"vendas\",\"vendas e servi\u00e7os\"],\"articleSection\":[\"Empresas\"],\"inLanguage\":\"pt-PT\"},{\"@type\":\"WebPage\",\"@id\":\"https:\\\/\\\/jornaldasoficinas.com\\\/pt\\\/bosch-fatura-21-mil-milhoes-de-euros-em-portugal\\\/\",\"url\":\"https:\\\/\\\/jornaldasoficinas.com\\\/pt\\\/bosch-fatura-21-mil-milhoes-de-euros-em-portugal\\\/\",\"name\":\"Bosch fatura 2,1 mil milh\u00f5es de euros em Portugal - Jornal das Oficinas\",\"isPartOf\":{\"@id\":\"https:\\\/\\\/jornaldasoficinas.com\\\/pt\\\/#website\"},\"primaryImageOfPage\":{\"@id\":\"https:\\\/\\\/jornaldasoficinas.com\\\/pt\\\/bosch-fatura-21-mil-milhoes-de-euros-em-portugal\\\/#primaryimage\"},\"image\":{\"@id\":\"https:\\\/\\\/jornaldasoficinas.com\\\/pt\\\/bosch-fatura-21-mil-milhoes-de-euros-em-portugal\\\/#primaryimage\"},\"thumbnailUrl\":\"https:\\\/\\\/jornaldasoficinas.com\\\/pt\\\/wp-content\\\/uploads\\\/2024\\\/05\\\/Bosch-fatura-21-mil-milhoes-de-euros-em-Portugal.jpg\",\"datePublished\":\"2024-05-23T11:30:33+00:00\",\"description\":\"A Bosch, terminou o ano fiscal de 2023 com vendas no valor de 2,1 mil milh\u00f5es de euros em Portugal, incluindo vendas e servi\u00e7os ao Grupo\",\"breadcrumb\":{\"@id\":\"https:\\\/\\\/jornaldasoficinas.com\\\/pt\\\/bosch-fatura-21-mil-milhoes-de-euros-em-portugal\\\/#breadcrumb\"},\"inLanguage\":\"pt-PT\",\"potentialAction\":[{\"@type\":\"ReadAction\",\"target\":[\"https:\\\/\\\/jornaldasoficinas.com\\\/pt\\\/bosch-fatura-21-mil-milhoes-de-euros-em-portugal\\\/\"]}]},{\"@type\":\"ImageObject\",\"inLanguage\":\"pt-PT\",\"@id\":\"https:\\\/\\\/jornaldasoficinas.com\\\/pt\\\/bosch-fatura-21-mil-milhoes-de-euros-em-portugal\\\/#primaryimage\",\"url\":\"https:\\\/\\\/jornaldasoficinas.com\\\/pt\\\/wp-content\\\/uploads\\\/2024\\\/05\\\/Bosch-fatura-21-mil-milhoes-de-euros-em-Portugal.jpg\",\"contentUrl\":\"https:\\\/\\\/jornaldasoficinas.com\\\/pt\\\/wp-content\\\/uploads\\\/2024\\\/05\\\/Bosch-fatura-21-mil-milhoes-de-euros-em-Portugal.jpg\",\"width\":1024,\"height\":581,\"caption\":\"\"},{\"@type\":\"BreadcrumbList\",\"@id\":\"https:\\\/\\\/jornaldasoficinas.com\\\/pt\\\/bosch-fatura-21-mil-milhoes-de-euros-em-portugal\\\/#breadcrumb\",\"itemListElement\":[{\"@type\":\"ListItem\",\"position\":1,\"name\":\"In\u00edcio\",\"item\":\"https:\\\/\\\/jornaldasoficinas.com\\\/pt\\\/\"},{\"@type\":\"ListItem\",\"position\":2,\"name\":\"Bosch fatura 2,1 mil milh\u00f5es de euros em Portugal\"}]},{\"@type\":\"WebSite\",\"@id\":\"https:\\\/\\\/jornaldasoficinas.com\\\/pt\\\/#website\",\"url\":\"https:\\\/\\\/jornaldasoficinas.com\\\/pt\\\/\",\"name\":\"Jornal das Oficinas\",\"description\":\"Jornal independente do Aftermarket Autom\u00f3vel em Portugal\",\"publisher\":{\"@id\":\"https:\\\/\\\/jornaldasoficinas.com\\\/pt\\\/#organization\"},\"potentialAction\":[{\"@type\":\"SearchAction\",\"target\":{\"@type\":\"EntryPoint\",\"urlTemplate\":\"https:\\\/\\\/jornaldasoficinas.com\\\/pt\\\/?s={search_term_string}\"},\"query-input\":{\"@type\":\"PropertyValueSpecification\",\"valueRequired\":true,\"valueName\":\"search_term_string\"}}],\"inLanguage\":\"pt-PT\"},{\"@type\":\"Organization\",\"@id\":\"https:\\\/\\\/jornaldasoficinas.com\\\/pt\\\/#organization\",\"name\":\"Jornal das Oficinas\",\"url\":\"https:\\\/\\\/jornaldasoficinas.com\\\/pt\\\/\",\"logo\":{\"@type\":\"ImageObject\",\"inLanguage\":\"pt-PT\",\"@id\":\"https:\\\/\\\/jornaldasoficinas.com\\\/pt\\\/#\\\/schema\\\/logo\\\/image\\\/\",\"url\":\"https:\\\/\\\/jornaldasoficinas.com\\\/pt\\\/wp-content\\\/uploads\\\/logoJO-SEO.png\",\"contentUrl\":\"https:\\\/\\\/jornaldasoficinas.com\\\/pt\\\/wp-content\\\/uploads\\\/logoJO-SEO.png\",\"width\":285,\"height\":450,\"caption\":\"Jornal das Oficinas\"},\"image\":{\"@id\":\"https:\\\/\\\/jornaldasoficinas.com\\\/pt\\\/#\\\/schema\\\/logo\\\/image\\\/\"},\"sameAs\":[\"https:\\\/\\\/www.facebook.com\\\/jornaloficinas\",\"https:\\\/\\\/x.com\\\/jornaloficinas\",\"https:\\\/\\\/www.instagram.com\\\/jornal_oficinas\\\/\",\"https:\\\/\\\/www.linkedin.com\\\/company\\\/jornal-das-oficinas\\\/\",\"https:\\\/\\\/www.youtube.com\\\/channel\\\/UCbQZBqtcvV-oSQrr7RzINGg\"]},{\"@type\":\"Person\",\"@id\":\"https:\\\/\\\/jornaldasoficinas.com\\\/pt\\\/#\\\/schema\\\/person\\\/a38eef5de2c41d9e7c9ac10141afddf3\",\"name\":\"Reda\u00e7\u00e3o JO\",\"image\":{\"@type\":\"ImageObject\",\"inLanguage\":\"pt-PT\",\"@id\":\"https:\\\/\\\/secure.gravatar.com\\\/avatar\\\/71f2fa71737ad68a84fea94bc708ddac8ea5b0c4788dc2ad202f3ccb2887742f?s=96&d=wp_user_avatar&r=g\",\"url\":\"https:\\\/\\\/secure.gravatar.com\\\/avatar\\\/71f2fa71737ad68a84fea94bc708ddac8ea5b0c4788dc2ad202f3ccb2887742f?s=96&d=wp_user_avatar&r=g\",\"contentUrl\":\"https:\\\/\\\/secure.gravatar.com\\\/avatar\\\/71f2fa71737ad68a84fea94bc708ddac8ea5b0c4788dc2ad202f3ccb2887742f?s=96&d=wp_user_avatar&r=g\",\"caption\":\"Reda\u00e7\u00e3o JO\"},\"url\":\"https:\\\/\\\/jornaldasoficinas.com\\\/pt\\\/author\\\/joredacao\\\/\"}]}<\/script>\n<!-- \/ Yoast SEO plugin. -->","yoast_head_json":{"title":"Bosch fatura 2,1 mil milh\u00f5es de euros em Portugal - Jornal das Oficinas","description":"A Bosch, terminou o ano fiscal de 2023 com vendas no valor de 2,1 mil milh\u00f5es de euros em Portugal, incluindo vendas e servi\u00e7os ao Grupo","robots":{"index":"index","follow":"follow","max-snippet":"max-snippet:-1","max-image-preview":"max-image-preview:large","max-video-preview":"max-video-preview:-1"},"canonical":"https:\/\/jornaldasoficinas.com\/pt\/bosch-fatura-21-mil-milhoes-de-euros-em-portugal\/","og_locale":"pt_PT","og_type":"article","og_title":"Bosch fatura 2,1 mil milh\u00f5es de euros em Portugal - Jornal das Oficinas","og_description":"A Bosch, terminou o ano fiscal de 2023 com vendas no valor de 2,1 mil milh\u00f5es de euros em Portugal, incluindo vendas e servi\u00e7os ao Grupo","og_url":"https:\/\/jornaldasoficinas.com\/pt\/bosch-fatura-21-mil-milhoes-de-euros-em-portugal\/","og_site_name":"Jornal das Oficinas","article_publisher":"https:\/\/www.facebook.com\/jornaloficinas","article_published_time":"2024-05-23T11:30:33+00:00","og_image":[{"width":1024,"height":581,"url":"https:\/\/jornaldasoficinas.com\/pt\/wp-content\/uploads\/2024\/05\/Bosch-fatura-21-mil-milhoes-de-euros-em-Portugal.jpg","type":"image\/jpeg"}],"author":"Reda\u00e7\u00e3o JO","twitter_card":"summary_large_image","twitter_creator":"@jornaloficinas","twitter_site":"@jornaloficinas","twitter_misc":{"Escrito por":"Reda\u00e7\u00e3o JO","Tempo estimado de leitura":"7 minutos"},"schema":{"@context":"https:\/\/schema.org","@graph":[{"@type":"Article","@id":"https:\/\/jornaldasoficinas.com\/pt\/bosch-fatura-21-mil-milhoes-de-euros-em-portugal\/#article","isPartOf":{"@id":"https:\/\/jornaldasoficinas.com\/pt\/bosch-fatura-21-mil-milhoes-de-euros-em-portugal\/"},"author":{"name":"Reda\u00e7\u00e3o JO","@id":"https:\/\/jornaldasoficinas.com\/pt\/#\/schema\/person\/a38eef5de2c41d9e7c9ac10141afddf3"},"headline":"Bosch fatura 2,1 mil milh\u00f5es de euros em Portugal","datePublished":"2024-05-23T11:30:33+00:00","mainEntityOfPage":{"@id":"https:\/\/jornaldasoficinas.com\/pt\/bosch-fatura-21-mil-milhoes-de-euros-em-portugal\/"},"wordCount":1328,"publisher":{"@id":"https:\/\/jornaldasoficinas.com\/pt\/#organization"},"image":{"@id":"https:\/\/jornaldasoficinas.com\/pt\/bosch-fatura-21-mil-milhoes-de-euros-em-portugal\/#primaryimage"},"thumbnailUrl":"https:\/\/jornaldasoficinas.com\/pt\/wp-content\/uploads\/2024\/05\/Bosch-fatura-21-mil-milhoes-de-euros-em-Portugal.jpg","keywords":["2.1 mil milh\u00f5es","383 milh\u00f5es de euros","ano fiscal 2023","Bosch","Crescimento","Grupo Bosch","neg\u00f3cio portugu\u00eas","vendas","vendas e servi\u00e7os"],"articleSection":["Empresas"],"inLanguage":"pt-PT"},{"@type":"WebPage","@id":"https:\/\/jornaldasoficinas.com\/pt\/bosch-fatura-21-mil-milhoes-de-euros-em-portugal\/","url":"https:\/\/jornaldasoficinas.com\/pt\/bosch-fatura-21-mil-milhoes-de-euros-em-portugal\/","name":"Bosch fatura 2,1 mil milh\u00f5es de euros em Portugal - Jornal das Oficinas","isPartOf":{"@id":"https:\/\/jornaldasoficinas.com\/pt\/#website"},"primaryImageOfPage":{"@id":"https:\/\/jornaldasoficinas.com\/pt\/bosch-fatura-21-mil-milhoes-de-euros-em-portugal\/#primaryimage"},"image":{"@id":"https:\/\/jornaldasoficinas.com\/pt\/bosch-fatura-21-mil-milhoes-de-euros-em-portugal\/#primaryimage"},"thumbnailUrl":"https:\/\/jornaldasoficinas.com\/pt\/wp-content\/uploads\/2024\/05\/Bosch-fatura-21-mil-milhoes-de-euros-em-Portugal.jpg","datePublished":"2024-05-23T11:30:33+00:00","description":"A Bosch, terminou o ano fiscal de 2023 com vendas no valor de 2,1 mil milh\u00f5es de euros em Portugal, incluindo vendas e servi\u00e7os ao Grupo","breadcrumb":{"@id":"https:\/\/jornaldasoficinas.com\/pt\/bosch-fatura-21-mil-milhoes-de-euros-em-portugal\/#breadcrumb"},"inLanguage":"pt-PT","potentialAction":[{"@type":"ReadAction","target":["https:\/\/jornaldasoficinas.com\/pt\/bosch-fatura-21-mil-milhoes-de-euros-em-portugal\/"]}]},{"@type":"ImageObject","inLanguage":"pt-PT","@id":"https:\/\/jornaldasoficinas.com\/pt\/bosch-fatura-21-mil-milhoes-de-euros-em-portugal\/#primaryimage","url":"https:\/\/jornaldasoficinas.com\/pt\/wp-content\/uploads\/2024\/05\/Bosch-fatura-21-mil-milhoes-de-euros-em-Portugal.jpg","contentUrl":"https:\/\/jornaldasoficinas.com\/pt\/wp-content\/uploads\/2024\/05\/Bosch-fatura-21-mil-milhoes-de-euros-em-Portugal.jpg","width":1024,"height":581,"caption":""},{"@type":"BreadcrumbList","@id":"https:\/\/jornaldasoficinas.com\/pt\/bosch-fatura-21-mil-milhoes-de-euros-em-portugal\/#breadcrumb","itemListElement":[{"@type":"ListItem","position":1,"name":"In\u00edcio","item":"https:\/\/jornaldasoficinas.com\/pt\/"},{"@type":"ListItem","position":2,"name":"Bosch fatura 2,1 mil milh\u00f5es de euros em Portugal"}]},{"@type":"WebSite","@id":"https:\/\/jornaldasoficinas.com\/pt\/#website","url":"https:\/\/jornaldasoficinas.com\/pt\/","name":"Jornal das Oficinas","description":"Jornal independente do Aftermarket Autom\u00f3vel em Portugal","publisher":{"@id":"https:\/\/jornaldasoficinas.com\/pt\/#organization"},"potentialAction":[{"@type":"SearchAction","target":{"@type":"EntryPoint","urlTemplate":"https:\/\/jornaldasoficinas.com\/pt\/?s={search_term_string}"},"query-input":{"@type":"PropertyValueSpecification","valueRequired":true,"valueName":"search_term_string"}}],"inLanguage":"pt-PT"},{"@type":"Organization","@id":"https:\/\/jornaldasoficinas.com\/pt\/#organization","name":"Jornal das Oficinas","url":"https:\/\/jornaldasoficinas.com\/pt\/","logo":{"@type":"ImageObject","inLanguage":"pt-PT","@id":"https:\/\/jornaldasoficinas.com\/pt\/#\/schema\/logo\/image\/","url":"https:\/\/jornaldasoficinas.com\/pt\/wp-content\/uploads\/logoJO-SEO.png","contentUrl":"https:\/\/jornaldasoficinas.com\/pt\/wp-content\/uploads\/logoJO-SEO.png","width":285,"height":450,"caption":"Jornal das Oficinas"},"image":{"@id":"https:\/\/jornaldasoficinas.com\/pt\/#\/schema\/logo\/image\/"},"sameAs":["https:\/\/www.facebook.com\/jornaloficinas","https:\/\/x.com\/jornaloficinas","https:\/\/www.instagram.com\/jornal_oficinas\/","https:\/\/www.linkedin.com\/company\/jornal-das-oficinas\/","https:\/\/www.youtube.com\/channel\/UCbQZBqtcvV-oSQrr7RzINGg"]},{"@type":"Person","@id":"https:\/\/jornaldasoficinas.com\/pt\/#\/schema\/person\/a38eef5de2c41d9e7c9ac10141afddf3","name":"Reda\u00e7\u00e3o JO","image":{"@type":"ImageObject","inLanguage":"pt-PT","@id":"https:\/\/secure.gravatar.com\/avatar\/71f2fa71737ad68a84fea94bc708ddac8ea5b0c4788dc2ad202f3ccb2887742f?s=96&d=wp_user_avatar&r=g","url":"https:\/\/secure.gravatar.com\/avatar\/71f2fa71737ad68a84fea94bc708ddac8ea5b0c4788dc2ad202f3ccb2887742f?s=96&d=wp_user_avatar&r=g","contentUrl":"https:\/\/secure.gravatar.com\/avatar\/71f2fa71737ad68a84fea94bc708ddac8ea5b0c4788dc2ad202f3ccb2887742f?s=96&d=wp_user_avatar&r=g","caption":"Reda\u00e7\u00e3o JO"},"url":"https:\/\/jornaldasoficinas.com\/pt\/author\/joredacao\/"}]}},"_links":{"self":[{"href":"https:\/\/jornaldasoficinas.com\/pt\/wp-json\/wp\/v2\/posts\/85225","targetHints":{"allow":["GET"]}}],"collection":[{"href":"https:\/\/jornaldasoficinas.com\/pt\/wp-json\/wp\/v2\/posts"}],"about":[{"href":"https:\/\/jornaldasoficinas.com\/pt\/wp-json\/wp\/v2\/types\/post"}],"author":[{"embeddable":true,"href":"https:\/\/jornaldasoficinas.com\/pt\/wp-json\/wp\/v2\/users\/15"}],"replies":[{"embeddable":true,"href":"https:\/\/jornaldasoficinas.com\/pt\/wp-json\/wp\/v2\/comments?post=85225"}],"version-history":[{"count":0,"href":"https:\/\/jornaldasoficinas.com\/pt\/wp-json\/wp\/v2\/posts\/85225\/revisions"}],"wp:featuredmedia":[{"embeddable":true,"href":"https:\/\/jornaldasoficinas.com\/pt\/wp-json\/wp\/v2\/media\/85228"}],"wp:attachment":[{"href":"https:\/\/jornaldasoficinas.com\/pt\/wp-json\/wp\/v2\/media?parent=85225"}],"wp:term":[{"taxonomy":"category","embeddable":true,"href":"https:\/\/jornaldasoficinas.com\/pt\/wp-json\/wp\/v2\/categories?post=85225"},{"taxonomy":"post_tag","embeddable":true,"href":"https:\/\/jornaldasoficinas.com\/pt\/wp-json\/wp\/v2\/tags?post=85225"}],"curies":[{"name":"wp","href":"https:\/\/api.w.org\/{rel}","templated":true}]}}