{"id":85284,"date":"2024-05-24T08:00:31","date_gmt":"2024-05-24T07:00:31","guid":{"rendered":"https:\/\/jornaldasoficinas.com\/pt\/?p=85284"},"modified":"2024-05-23T14:46:51","modified_gmt":"2024-05-23T13:46:51","slug":"midas-chega-ao-parque-das-nacoes","status":"publish","type":"post","link":"https:\/\/jornaldasoficinas.com\/pt\/midas-chega-ao-parque-das-nacoes\/","title":{"rendered":"MIDAS chega ao Parque das Na\u00e7\u00f5es"},"content":{"rendered":"<p><strong><img loading=\"lazy\" decoding=\"async\" class=\"alignnone size-full wp-image-85286\" src=\"https:\/\/jornaldasoficinas.com\/pt\/wp-content\/uploads\/2024\/05\/MIDAS-chega-ao-Parque-das-Nacoes.jpg\" alt=\"05 - MIDAS chega ao Parque das Nacoes\" width=\"1024\" height=\"581\" srcset=\"https:\/\/jornaldasoficinas.com\/pt\/wp-content\/uploads\/2024\/05\/MIDAS-chega-ao-Parque-das-Nacoes.jpg 1024w, https:\/\/jornaldasoficinas.com\/pt\/wp-content\/uploads\/2024\/05\/MIDAS-chega-ao-Parque-das-Nacoes-300x170.jpg 300w, https:\/\/jornaldasoficinas.com\/pt\/wp-content\/uploads\/2024\/05\/MIDAS-chega-ao-Parque-das-Nacoes-150x85.jpg 150w, https:\/\/jornaldasoficinas.com\/pt\/wp-content\/uploads\/2024\/05\/MIDAS-chega-ao-Parque-das-Nacoes-768x436.jpg 768w\" sizes=\"auto, (max-width: 1024px) 100vw, 1024px\" \/><\/strong><\/p>\n<p><strong>A <a href=\"https:\/\/www.googleadservices.com\/pagead\/aclk?sa=L&amp;ai=DChcSEwjRjaLj8qOGAxXHjFAGHTuQD-QYABAAGgJkZw&amp;ase=2&amp;gclid=Cj0KCQjw0ruyBhDuARIsANSZ3wrJF1RCqGWVqEpLcgm9GgY1UsrEMBpQDagoPbpmoRaEVKVOsE4ULm0aAoJKEALw_wcB&amp;ohost=www.google.com&amp;cid=CAESVuD26MEXfDFY1_IX6X8Y7_Li9v86qcKDZAYtf4Wg39IJ6cmEnWP1wwHqHi2JyWjCkQTmkx_Mjbop4-VzduLEVNqQ_5VSrM14yhYSOEpHQh71bwc5cBbD&amp;sig=AOD64_18KZxsE_gIKQeZejTMEP_ImAz2kg&amp;q&amp;nis=4&amp;adurl&amp;ved=2ahUKEwiHq5jj8qOGAxV7-AIHHUOEAxkQ0Qx6BAgLEAE\">MIDAS<\/a> abriu as portas da sua 24\u00aa oficina em territ\u00f3rio nacional, desta vez situada na din\u00e2mica zona do Parque das Na\u00e7\u00f5es, em Lisboa<\/strong><\/p>\n<p>A nova MIDAS Lisboa &#8211; Parque das Na\u00e7\u00f5es refor\u00e7a a presen\u00e7a da marca na capital, proporcionando maior conveni\u00eancia e servi\u00e7os de qualidade superior aos condutores lisboetas.<\/p>\n<p>Fiel \u00e0 sua estrat\u00e9gia de proximidade aos clientes, a MIDAS selecionou um local privilegiado e de f\u00e1cil acesso, na zona do Parque das Na\u00e7\u00f5es. Esta nova oficina orgulha-se ainda de oferecer aos seus clientes um espa\u00e7o amplo e apelativo, com equipamento de topo e uma equipa de t\u00e9cnicos especializados.<\/p>\n<p>Para comemorar a abertura, a MIDAS Lisboa \u2013 Parque das Na\u00e7\u00f5es oferece aos condutores da cidade um diagn\u00f3stico completo em 80 pontos e 20% de desconto em todas as Revis\u00f5es.<\/p>\n<p>&nbsp;<\/p>\n","protected":false},"excerpt":{"rendered":"<p>A MIDAS abriu as portas da&#8230;<\/p>\n","protected":false},"author":15,"featured_media":85286,"comment_status":"closed","ping_status":"closed","sticky":false,"template":"","format":"standard","meta":{"footnotes":""},"categories":[29],"tags":[9214,4215,939,386,4880,8287],"class_list":["post-85284","post","type-post","status-publish","format-standard","has-post-thumbnail","hentry","category-empresas","tag-24a-oficina","tag-abertura","tag-midas","tag-oficinas","tag-parque-das-nacoes","tag-revisoes"],"yoast_head":"<!-- This site is optimized with the Yoast SEO plugin v27.5 - https:\/\/yoast.com\/product\/yoast-seo-wordpress\/ -->\n<title>MIDAS chega ao Parque das Na\u00e7\u00f5es - Jornal das Oficinas<\/title>\n<meta name=\"description\" content=\"No passado dia 20 de maio, a MIDAS abriu as portas da sua 24\u00aa oficina em territ\u00f3rio nacional, desta vez no Parque das Na\u00e7\u00f5es, em Lisboa\" \/>\n<meta name=\"robots\" content=\"index, follow, max-snippet:-1, max-image-preview:large, max-video-preview:-1\" \/>\n<link rel=\"canonical\" href=\"https:\/\/jornaldasoficinas.com\/pt\/midas-chega-ao-parque-das-nacoes\/\" \/>\n<meta property=\"og:locale\" content=\"pt_PT\" \/>\n<meta property=\"og:type\" content=\"article\" \/>\n<meta property=\"og:title\" content=\"MIDAS chega ao Parque das Na\u00e7\u00f5es - Jornal das Oficinas\" \/>\n<meta property=\"og:description\" content=\"No passado dia 20 de maio, a MIDAS abriu as portas da sua 24\u00aa oficina em territ\u00f3rio nacional, desta vez no Parque das Na\u00e7\u00f5es, em Lisboa\" \/>\n<meta property=\"og:url\" content=\"https:\/\/jornaldasoficinas.com\/pt\/midas-chega-ao-parque-das-nacoes\/\" \/>\n<meta property=\"og:site_name\" content=\"Jornal das Oficinas\" \/>\n<meta property=\"article:publisher\" content=\"https:\/\/www.facebook.com\/jornaloficinas\" \/>\n<meta property=\"article:published_time\" content=\"2024-05-24T07:00:31+00:00\" \/>\n<meta property=\"og:image\" content=\"https:\/\/jornaldasoficinas.com\/pt\/wp-content\/uploads\/2024\/05\/MIDAS-chega-ao-Parque-das-Nacoes.jpg\" \/>\n\t<meta property=\"og:image:width\" content=\"1024\" \/>\n\t<meta property=\"og:image:height\" content=\"581\" \/>\n\t<meta property=\"og:image:type\" content=\"image\/jpeg\" \/>\n<meta name=\"author\" content=\"Reda\u00e7\u00e3o JO\" \/>\n<meta name=\"twitter:card\" content=\"summary_large_image\" \/>\n<meta name=\"twitter:creator\" content=\"@jornaloficinas\" \/>\n<meta name=\"twitter:site\" content=\"@jornaloficinas\" \/>\n<meta name=\"twitter:label1\" content=\"Escrito por\" \/>\n\t<meta name=\"twitter:data1\" content=\"Reda\u00e7\u00e3o JO\" \/>\n\t<meta name=\"twitter:label2\" content=\"Tempo estimado de leitura\" \/>\n\t<meta name=\"twitter:data2\" content=\"2 minutos\" \/>\n<script type=\"application\/ld+json\" class=\"yoast-schema-graph\">{\"@context\":\"https:\\\/\\\/schema.org\",\"@graph\":[{\"@type\":\"Article\",\"@id\":\"https:\\\/\\\/jornaldasoficinas.com\\\/pt\\\/midas-chega-ao-parque-das-nacoes\\\/#article\",\"isPartOf\":{\"@id\":\"https:\\\/\\\/jornaldasoficinas.com\\\/pt\\\/midas-chega-ao-parque-das-nacoes\\\/\"},\"author\":{\"name\":\"Reda\u00e7\u00e3o JO\",\"@id\":\"https:\\\/\\\/jornaldasoficinas.com\\\/pt\\\/#\\\/schema\\\/person\\\/a38eef5de2c41d9e7c9ac10141afddf3\"},\"headline\":\"MIDAS chega ao Parque das Na\u00e7\u00f5es\",\"datePublished\":\"2024-05-24T07:00:31+00:00\",\"mainEntityOfPage\":{\"@id\":\"https:\\\/\\\/jornaldasoficinas.com\\\/pt\\\/midas-chega-ao-parque-das-nacoes\\\/\"},\"wordCount\":148,\"publisher\":{\"@id\":\"https:\\\/\\\/jornaldasoficinas.com\\\/pt\\\/#organization\"},\"image\":{\"@id\":\"https:\\\/\\\/jornaldasoficinas.com\\\/pt\\\/midas-chega-ao-parque-das-nacoes\\\/#primaryimage\"},\"thumbnailUrl\":\"https:\\\/\\\/jornaldasoficinas.com\\\/pt\\\/wp-content\\\/uploads\\\/2024\\\/05\\\/MIDAS-chega-ao-Parque-das-Nacoes.jpg\",\"keywords\":[\"24\u00aa oficina\",\"abertura\",\"Midas\",\"Oficinas\",\"Parque das Na\u00e7\u00f5es\",\"revis\u00f5es\"],\"articleSection\":[\"Empresas\"],\"inLanguage\":\"pt-PT\"},{\"@type\":\"WebPage\",\"@id\":\"https:\\\/\\\/jornaldasoficinas.com\\\/pt\\\/midas-chega-ao-parque-das-nacoes\\\/\",\"url\":\"https:\\\/\\\/jornaldasoficinas.com\\\/pt\\\/midas-chega-ao-parque-das-nacoes\\\/\",\"name\":\"MIDAS chega ao Parque das Na\u00e7\u00f5es - Jornal das Oficinas\",\"isPartOf\":{\"@id\":\"https:\\\/\\\/jornaldasoficinas.com\\\/pt\\\/#website\"},\"primaryImageOfPage\":{\"@id\":\"https:\\\/\\\/jornaldasoficinas.com\\\/pt\\\/midas-chega-ao-parque-das-nacoes\\\/#primaryimage\"},\"image\":{\"@id\":\"https:\\\/\\\/jornaldasoficinas.com\\\/pt\\\/midas-chega-ao-parque-das-nacoes\\\/#primaryimage\"},\"thumbnailUrl\":\"https:\\\/\\\/jornaldasoficinas.com\\\/pt\\\/wp-content\\\/uploads\\\/2024\\\/05\\\/MIDAS-chega-ao-Parque-das-Nacoes.jpg\",\"datePublished\":\"2024-05-24T07:00:31+00:00\",\"description\":\"No passado dia 20 de maio, a MIDAS abriu as portas da sua 24\u00aa oficina em territ\u00f3rio nacional, desta vez no Parque das Na\u00e7\u00f5es, em Lisboa\",\"breadcrumb\":{\"@id\":\"https:\\\/\\\/jornaldasoficinas.com\\\/pt\\\/midas-chega-ao-parque-das-nacoes\\\/#breadcrumb\"},\"inLanguage\":\"pt-PT\",\"potentialAction\":[{\"@type\":\"ReadAction\",\"target\":[\"https:\\\/\\\/jornaldasoficinas.com\\\/pt\\\/midas-chega-ao-parque-das-nacoes\\\/\"]}]},{\"@type\":\"ImageObject\",\"inLanguage\":\"pt-PT\",\"@id\":\"https:\\\/\\\/jornaldasoficinas.com\\\/pt\\\/midas-chega-ao-parque-das-nacoes\\\/#primaryimage\",\"url\":\"https:\\\/\\\/jornaldasoficinas.com\\\/pt\\\/wp-content\\\/uploads\\\/2024\\\/05\\\/MIDAS-chega-ao-Parque-das-Nacoes.jpg\",\"contentUrl\":\"https:\\\/\\\/jornaldasoficinas.com\\\/pt\\\/wp-content\\\/uploads\\\/2024\\\/05\\\/MIDAS-chega-ao-Parque-das-Nacoes.jpg\",\"width\":1024,\"height\":581,\"caption\":\"05 - MIDAS chega ao Parque das Nacoes\"},{\"@type\":\"BreadcrumbList\",\"@id\":\"https:\\\/\\\/jornaldasoficinas.com\\\/pt\\\/midas-chega-ao-parque-das-nacoes\\\/#breadcrumb\",\"itemListElement\":[{\"@type\":\"ListItem\",\"position\":1,\"name\":\"In\u00edcio\",\"item\":\"https:\\\/\\\/jornaldasoficinas.com\\\/pt\\\/\"},{\"@type\":\"ListItem\",\"position\":2,\"name\":\"MIDAS chega ao Parque das Na\u00e7\u00f5es\"}]},{\"@type\":\"WebSite\",\"@id\":\"https:\\\/\\\/jornaldasoficinas.com\\\/pt\\\/#website\",\"url\":\"https:\\\/\\\/jornaldasoficinas.com\\\/pt\\\/\",\"name\":\"Jornal das Oficinas\",\"description\":\"Jornal independente do Aftermarket Autom\u00f3vel em Portugal\",\"publisher\":{\"@id\":\"https:\\\/\\\/jornaldasoficinas.com\\\/pt\\\/#organization\"},\"potentialAction\":[{\"@type\":\"SearchAction\",\"target\":{\"@type\":\"EntryPoint\",\"urlTemplate\":\"https:\\\/\\\/jornaldasoficinas.com\\\/pt\\\/?s={search_term_string}\"},\"query-input\":{\"@type\":\"PropertyValueSpecification\",\"valueRequired\":true,\"valueName\":\"search_term_string\"}}],\"inLanguage\":\"pt-PT\"},{\"@type\":\"Organization\",\"@id\":\"https:\\\/\\\/jornaldasoficinas.com\\\/pt\\\/#organization\",\"name\":\"Jornal das Oficinas\",\"url\":\"https:\\\/\\\/jornaldasoficinas.com\\\/pt\\\/\",\"logo\":{\"@type\":\"ImageObject\",\"inLanguage\":\"pt-PT\",\"@id\":\"https:\\\/\\\/jornaldasoficinas.com\\\/pt\\\/#\\\/schema\\\/logo\\\/image\\\/\",\"url\":\"https:\\\/\\\/jornaldasoficinas.com\\\/pt\\\/wp-content\\\/uploads\\\/logoJO-SEO.png\",\"contentUrl\":\"https:\\\/\\\/jornaldasoficinas.com\\\/pt\\\/wp-content\\\/uploads\\\/logoJO-SEO.png\",\"width\":285,\"height\":450,\"caption\":\"Jornal das Oficinas\"},\"image\":{\"@id\":\"https:\\\/\\\/jornaldasoficinas.com\\\/pt\\\/#\\\/schema\\\/logo\\\/image\\\/\"},\"sameAs\":[\"https:\\\/\\\/www.facebook.com\\\/jornaloficinas\",\"https:\\\/\\\/x.com\\\/jornaloficinas\",\"https:\\\/\\\/www.instagram.com\\\/jornal_oficinas\\\/\",\"https:\\\/\\\/www.linkedin.com\\\/company\\\/jornal-das-oficinas\\\/\",\"https:\\\/\\\/www.youtube.com\\\/channel\\\/UCbQZBqtcvV-oSQrr7RzINGg\"]},{\"@type\":\"Person\",\"@id\":\"https:\\\/\\\/jornaldasoficinas.com\\\/pt\\\/#\\\/schema\\\/person\\\/a38eef5de2c41d9e7c9ac10141afddf3\",\"name\":\"Reda\u00e7\u00e3o JO\",\"image\":{\"@type\":\"ImageObject\",\"inLanguage\":\"pt-PT\",\"@id\":\"https:\\\/\\\/secure.gravatar.com\\\/avatar\\\/71f2fa71737ad68a84fea94bc708ddac8ea5b0c4788dc2ad202f3ccb2887742f?s=96&d=wp_user_avatar&r=g\",\"url\":\"https:\\\/\\\/secure.gravatar.com\\\/avatar\\\/71f2fa71737ad68a84fea94bc708ddac8ea5b0c4788dc2ad202f3ccb2887742f?s=96&d=wp_user_avatar&r=g\",\"contentUrl\":\"https:\\\/\\\/secure.gravatar.com\\\/avatar\\\/71f2fa71737ad68a84fea94bc708ddac8ea5b0c4788dc2ad202f3ccb2887742f?s=96&d=wp_user_avatar&r=g\",\"caption\":\"Reda\u00e7\u00e3o JO\"},\"url\":\"https:\\\/\\\/jornaldasoficinas.com\\\/pt\\\/author\\\/joredacao\\\/\"}]}<\/script>\n<!-- \/ Yoast SEO plugin. -->","yoast_head_json":{"title":"MIDAS chega ao Parque das Na\u00e7\u00f5es - Jornal das Oficinas","description":"No passado dia 20 de maio, a MIDAS abriu as portas da sua 24\u00aa oficina em territ\u00f3rio nacional, desta vez no Parque das Na\u00e7\u00f5es, em Lisboa","robots":{"index":"index","follow":"follow","max-snippet":"max-snippet:-1","max-image-preview":"max-image-preview:large","max-video-preview":"max-video-preview:-1"},"canonical":"https:\/\/jornaldasoficinas.com\/pt\/midas-chega-ao-parque-das-nacoes\/","og_locale":"pt_PT","og_type":"article","og_title":"MIDAS chega ao Parque das Na\u00e7\u00f5es - Jornal das Oficinas","og_description":"No passado dia 20 de maio, a MIDAS abriu as portas da sua 24\u00aa oficina em territ\u00f3rio nacional, desta vez no Parque das Na\u00e7\u00f5es, em Lisboa","og_url":"https:\/\/jornaldasoficinas.com\/pt\/midas-chega-ao-parque-das-nacoes\/","og_site_name":"Jornal das Oficinas","article_publisher":"https:\/\/www.facebook.com\/jornaloficinas","article_published_time":"2024-05-24T07:00:31+00:00","og_image":[{"width":1024,"height":581,"url":"https:\/\/jornaldasoficinas.com\/pt\/wp-content\/uploads\/2024\/05\/MIDAS-chega-ao-Parque-das-Nacoes.jpg","type":"image\/jpeg"}],"author":"Reda\u00e7\u00e3o JO","twitter_card":"summary_large_image","twitter_creator":"@jornaloficinas","twitter_site":"@jornaloficinas","twitter_misc":{"Escrito por":"Reda\u00e7\u00e3o JO","Tempo estimado de leitura":"2 minutos"},"schema":{"@context":"https:\/\/schema.org","@graph":[{"@type":"Article","@id":"https:\/\/jornaldasoficinas.com\/pt\/midas-chega-ao-parque-das-nacoes\/#article","isPartOf":{"@id":"https:\/\/jornaldasoficinas.com\/pt\/midas-chega-ao-parque-das-nacoes\/"},"author":{"name":"Reda\u00e7\u00e3o JO","@id":"https:\/\/jornaldasoficinas.com\/pt\/#\/schema\/person\/a38eef5de2c41d9e7c9ac10141afddf3"},"headline":"MIDAS chega ao Parque das Na\u00e7\u00f5es","datePublished":"2024-05-24T07:00:31+00:00","mainEntityOfPage":{"@id":"https:\/\/jornaldasoficinas.com\/pt\/midas-chega-ao-parque-das-nacoes\/"},"wordCount":148,"publisher":{"@id":"https:\/\/jornaldasoficinas.com\/pt\/#organization"},"image":{"@id":"https:\/\/jornaldasoficinas.com\/pt\/midas-chega-ao-parque-das-nacoes\/#primaryimage"},"thumbnailUrl":"https:\/\/jornaldasoficinas.com\/pt\/wp-content\/uploads\/2024\/05\/MIDAS-chega-ao-Parque-das-Nacoes.jpg","keywords":["24\u00aa oficina","abertura","Midas","Oficinas","Parque das Na\u00e7\u00f5es","revis\u00f5es"],"articleSection":["Empresas"],"inLanguage":"pt-PT"},{"@type":"WebPage","@id":"https:\/\/jornaldasoficinas.com\/pt\/midas-chega-ao-parque-das-nacoes\/","url":"https:\/\/jornaldasoficinas.com\/pt\/midas-chega-ao-parque-das-nacoes\/","name":"MIDAS chega ao Parque das Na\u00e7\u00f5es - Jornal das Oficinas","isPartOf":{"@id":"https:\/\/jornaldasoficinas.com\/pt\/#website"},"primaryImageOfPage":{"@id":"https:\/\/jornaldasoficinas.com\/pt\/midas-chega-ao-parque-das-nacoes\/#primaryimage"},"image":{"@id":"https:\/\/jornaldasoficinas.com\/pt\/midas-chega-ao-parque-das-nacoes\/#primaryimage"},"thumbnailUrl":"https:\/\/jornaldasoficinas.com\/pt\/wp-content\/uploads\/2024\/05\/MIDAS-chega-ao-Parque-das-Nacoes.jpg","datePublished":"2024-05-24T07:00:31+00:00","description":"No passado dia 20 de maio, a MIDAS abriu as portas da sua 24\u00aa oficina em territ\u00f3rio nacional, desta vez no Parque das Na\u00e7\u00f5es, em Lisboa","breadcrumb":{"@id":"https:\/\/jornaldasoficinas.com\/pt\/midas-chega-ao-parque-das-nacoes\/#breadcrumb"},"inLanguage":"pt-PT","potentialAction":[{"@type":"ReadAction","target":["https:\/\/jornaldasoficinas.com\/pt\/midas-chega-ao-parque-das-nacoes\/"]}]},{"@type":"ImageObject","inLanguage":"pt-PT","@id":"https:\/\/jornaldasoficinas.com\/pt\/midas-chega-ao-parque-das-nacoes\/#primaryimage","url":"https:\/\/jornaldasoficinas.com\/pt\/wp-content\/uploads\/2024\/05\/MIDAS-chega-ao-Parque-das-Nacoes.jpg","contentUrl":"https:\/\/jornaldasoficinas.com\/pt\/wp-content\/uploads\/2024\/05\/MIDAS-chega-ao-Parque-das-Nacoes.jpg","width":1024,"height":581,"caption":"05 - MIDAS chega ao Parque das Nacoes"},{"@type":"BreadcrumbList","@id":"https:\/\/jornaldasoficinas.com\/pt\/midas-chega-ao-parque-das-nacoes\/#breadcrumb","itemListElement":[{"@type":"ListItem","position":1,"name":"In\u00edcio","item":"https:\/\/jornaldasoficinas.com\/pt\/"},{"@type":"ListItem","position":2,"name":"MIDAS chega ao Parque das Na\u00e7\u00f5es"}]},{"@type":"WebSite","@id":"https:\/\/jornaldasoficinas.com\/pt\/#website","url":"https:\/\/jornaldasoficinas.com\/pt\/","name":"Jornal das Oficinas","description":"Jornal independente do Aftermarket Autom\u00f3vel em Portugal","publisher":{"@id":"https:\/\/jornaldasoficinas.com\/pt\/#organization"},"potentialAction":[{"@type":"SearchAction","target":{"@type":"EntryPoint","urlTemplate":"https:\/\/jornaldasoficinas.com\/pt\/?s={search_term_string}"},"query-input":{"@type":"PropertyValueSpecification","valueRequired":true,"valueName":"search_term_string"}}],"inLanguage":"pt-PT"},{"@type":"Organization","@id":"https:\/\/jornaldasoficinas.com\/pt\/#organization","name":"Jornal das Oficinas","url":"https:\/\/jornaldasoficinas.com\/pt\/","logo":{"@type":"ImageObject","inLanguage":"pt-PT","@id":"https:\/\/jornaldasoficinas.com\/pt\/#\/schema\/logo\/image\/","url":"https:\/\/jornaldasoficinas.com\/pt\/wp-content\/uploads\/logoJO-SEO.png","contentUrl":"https:\/\/jornaldasoficinas.com\/pt\/wp-content\/uploads\/logoJO-SEO.png","width":285,"height":450,"caption":"Jornal das Oficinas"},"image":{"@id":"https:\/\/jornaldasoficinas.com\/pt\/#\/schema\/logo\/image\/"},"sameAs":["https:\/\/www.facebook.com\/jornaloficinas","https:\/\/x.com\/jornaloficinas","https:\/\/www.instagram.com\/jornal_oficinas\/","https:\/\/www.linkedin.com\/company\/jornal-das-oficinas\/","https:\/\/www.youtube.com\/channel\/UCbQZBqtcvV-oSQrr7RzINGg"]},{"@type":"Person","@id":"https:\/\/jornaldasoficinas.com\/pt\/#\/schema\/person\/a38eef5de2c41d9e7c9ac10141afddf3","name":"Reda\u00e7\u00e3o JO","image":{"@type":"ImageObject","inLanguage":"pt-PT","@id":"https:\/\/secure.gravatar.com\/avatar\/71f2fa71737ad68a84fea94bc708ddac8ea5b0c4788dc2ad202f3ccb2887742f?s=96&d=wp_user_avatar&r=g","url":"https:\/\/secure.gravatar.com\/avatar\/71f2fa71737ad68a84fea94bc708ddac8ea5b0c4788dc2ad202f3ccb2887742f?s=96&d=wp_user_avatar&r=g","contentUrl":"https:\/\/secure.gravatar.com\/avatar\/71f2fa71737ad68a84fea94bc708ddac8ea5b0c4788dc2ad202f3ccb2887742f?s=96&d=wp_user_avatar&r=g","caption":"Reda\u00e7\u00e3o JO"},"url":"https:\/\/jornaldasoficinas.com\/pt\/author\/joredacao\/"}]}},"_links":{"self":[{"href":"https:\/\/jornaldasoficinas.com\/pt\/wp-json\/wp\/v2\/posts\/85284","targetHints":{"allow":["GET"]}}],"collection":[{"href":"https:\/\/jornaldasoficinas.com\/pt\/wp-json\/wp\/v2\/posts"}],"about":[{"href":"https:\/\/jornaldasoficinas.com\/pt\/wp-json\/wp\/v2\/types\/post"}],"author":[{"embeddable":true,"href":"https:\/\/jornaldasoficinas.com\/pt\/wp-json\/wp\/v2\/users\/15"}],"replies":[{"embeddable":true,"href":"https:\/\/jornaldasoficinas.com\/pt\/wp-json\/wp\/v2\/comments?post=85284"}],"version-history":[{"count":0,"href":"https:\/\/jornaldasoficinas.com\/pt\/wp-json\/wp\/v2\/posts\/85284\/revisions"}],"wp:featuredmedia":[{"embeddable":true,"href":"https:\/\/jornaldasoficinas.com\/pt\/wp-json\/wp\/v2\/media\/85286"}],"wp:attachment":[{"href":"https:\/\/jornaldasoficinas.com\/pt\/wp-json\/wp\/v2\/media?parent=85284"}],"wp:term":[{"taxonomy":"category","embeddable":true,"href":"https:\/\/jornaldasoficinas.com\/pt\/wp-json\/wp\/v2\/categories?post=85284"},{"taxonomy":"post_tag","embeddable":true,"href":"https:\/\/jornaldasoficinas.com\/pt\/wp-json\/wp\/v2\/tags?post=85284"}],"curies":[{"name":"wp","href":"https:\/\/api.w.org\/{rel}","templated":true}]}}